{"id":10084,"date":"2018-11-28T18:22:26","date_gmt":"2018-11-28T18:22:26","guid":{"rendered":"http:\/\/www.batxilleratgranes.com\/?p=10084"},"modified":"2018-11-29T09:31:47","modified_gmt":"2018-11-29T09:31:47","slug":"exit-de-lesmorzar-solidari-per-a-la-marato-2","status":"publish","type":"post","link":"https:\/\/www.batxilleratgranes.com\/es\/exit-de-lesmorzar-solidari-per-a-la-marato-2\/","title":{"rendered":"\u00c8xit de l&#8217;esmorzar solidari per a La Marat\u00f3"},"content":{"rendered":"<p style=\"text-align: justify;\">Un any m\u00e9s, i gr\u00e0cies a la col\u00b7laboraci\u00f3 dels nostres alumnes, l&#8217;<strong>Esmorzar Solidari<\/strong> per recaptar diners per a <strong>La Marat\u00f3<\/strong> ha sigut un \u00e8xit. En forma de <em>brownie, <\/em>entrep\u00e0 o magdalena, la <strong>xocolata<\/strong> ha sigut l&#8217;ingredient estrella entre els pastissos i creacions culin\u00e0ries que han elaborat els nostres alumnes. Tamb\u00e9 hem pogut assaborir originals propostes com una empanada de verdures en forma d&#8217;avet o fins i tot unes singulars palmeres amb pesto.<\/p>\n<p style=\"text-align: justify;\"><a href=\"http:\/\/www.batxilleratgranes.com\/wp-content\/uploads\/2018\/11\/12.jpg\"><img loading=\"lazy\" decoding=\"async\" width=\"862\" height=\"535\" class=\"size-full wp-image-10094 aligncenter\" src=\"http:\/\/www.batxilleratgranes.com\/wp-content\/uploads\/2018\/11\/12.jpg\" alt=\"Emorzar solidari\" srcset=\"https:\/\/www.batxilleratgranes.com\/wp-content\/uploads\/2018\/11\/12.jpg 862w, https:\/\/www.batxilleratgranes.com\/wp-content\/uploads\/2018\/11\/12-300x186.jpg 300w, https:\/\/www.batxilleratgranes.com\/wp-content\/uploads\/2018\/11\/12-768x477.jpg 768w, https:\/\/www.batxilleratgranes.com\/wp-content\/uploads\/2018\/11\/12-650x403.jpg 650w, https:\/\/www.batxilleratgranes.com\/wp-content\/uploads\/2018\/11\/12-256x160.jpg 256w, https:\/\/www.batxilleratgranes.com\/wp-content\/uploads\/2018\/11\/12-320x200.jpg 320w\" sizes=\"(max-width: 862px) 100vw, 862px\" \/><\/a><\/p>\n<p style=\"text-align: justify;\">Molts alumnes es van acostar ahir al pati de l&#8217;escola per assaborir algun d&#8217;aquests productes. I com ja es tradici\u00f3, es va realitzar un concurs per triar <strong>el millor esmorzar solidari<\/strong>. Els alumnes que van tastar els diferents pastissos i productes van poder votar tamb\u00e9 el seu esmorzar preferit. Ben aviat coneixerem quin va ser el m\u00e9s votat!<\/p>\n<p><a href=\"http:\/\/www.batxilleratgranes.com\/wp-content\/uploads\/2018\/11\/0.jpg\"><img loading=\"lazy\" decoding=\"async\" class=\"aligncenter wp-image-10093 size-large\" src=\"http:\/\/www.batxilleratgranes.com\/wp-content\/uploads\/2018\/11\/0-1024x1024.jpg\" alt=\"Esmorzar Solidari\" width=\"650\" height=\"650\" srcset=\"https:\/\/www.batxilleratgranes.com\/wp-content\/uploads\/2018\/11\/0-1024x1024.jpg 1024w, https:\/\/www.batxilleratgranes.com\/wp-content\/uploads\/2018\/11\/0-150x150.jpg 150w, https:\/\/www.batxilleratgranes.com\/wp-content\/uploads\/2018\/11\/0-300x300.jpg 300w, https:\/\/www.batxilleratgranes.com\/wp-content\/uploads\/2018\/11\/0-768x768.jpg 768w, https:\/\/www.batxilleratgranes.com\/wp-content\/uploads\/2018\/11\/0-650x650.jpg 650w, https:\/\/www.batxilleratgranes.com\/wp-content\/uploads\/2018\/11\/0-60x60.jpg 60w, https:\/\/www.batxilleratgranes.com\/wp-content\/uploads\/2018\/11\/0-75x75.jpg 75w, https:\/\/www.batxilleratgranes.com\/wp-content\/uploads\/2018\/11\/0-960x960.jpg 960w, https:\/\/www.batxilleratgranes.com\/wp-content\/uploads\/2018\/11\/0-1000x1000.jpg 1000w, https:\/\/www.batxilleratgranes.com\/wp-content\/uploads\/2018\/11\/0.jpg 1200w\" sizes=\"(max-width: 650px) 100vw, 650px\" \/><\/a><\/p>\n<p style=\"text-align: justify;\">La iniciativa de l&#8217;<strong>Esmorzar Solid\u00e0ria<\/strong> s&#8217;acull dins d&#8217;<strong>Els Patis Solid\u00e0ris de la Gran\u00e9s<\/strong>. En aquestes jornades que es celebren aquesta setmana durant la mitja hora de pati es realitzen diferents activitats que tenen com a objectiu la recollida de donatius per col\u00b7laborar amb <strong>La Marat\u00f3 de TV3<\/strong>. Com ja sabeu, aquest any La Marat\u00f3 es centra en la investigaci\u00f3 sobre el c\u00e0ncer.<\/p>\n<p><a href=\"http:\/\/www.batxilleratgranes.com\/wp-content\/uploads\/2018\/11\/FotoJet-2.jpg\"><img loading=\"lazy\" decoding=\"async\" class=\"aligncenter wp-image-10095 size-large\" src=\"http:\/\/www.batxilleratgranes.com\/wp-content\/uploads\/2018\/11\/FotoJet-2-1024x1024.jpg\" alt=\"Esmorzar solidari\" width=\"650\" height=\"650\" srcset=\"https:\/\/www.batxilleratgranes.com\/wp-content\/uploads\/2018\/11\/FotoJet-2-1024x1024.jpg 1024w, https:\/\/www.batxilleratgranes.com\/wp-content\/uploads\/2018\/11\/FotoJet-2-150x150.jpg 150w, https:\/\/www.batxilleratgranes.com\/wp-content\/uploads\/2018\/11\/FotoJet-2-300x300.jpg 300w, https:\/\/www.batxilleratgranes.com\/wp-content\/uploads\/2018\/11\/FotoJet-2-768x768.jpg 768w, https:\/\/www.batxilleratgranes.com\/wp-content\/uploads\/2018\/11\/FotoJet-2-650x650.jpg 650w, https:\/\/www.batxilleratgranes.com\/wp-content\/uploads\/2018\/11\/FotoJet-2-60x60.jpg 60w, https:\/\/www.batxilleratgranes.com\/wp-content\/uploads\/2018\/11\/FotoJet-2-75x75.jpg 75w, https:\/\/www.batxilleratgranes.com\/wp-content\/uploads\/2018\/11\/FotoJet-2-960x960.jpg 960w, https:\/\/www.batxilleratgranes.com\/wp-content\/uploads\/2018\/11\/FotoJet-2-1000x1000.jpg 1000w, https:\/\/www.batxilleratgranes.com\/wp-content\/uploads\/2018\/11\/FotoJet-2.jpg 1200w\" sizes=\"(max-width: 650px) 100vw, 650px\" \/><\/a><\/p>\n<p><a href=\"http:\/\/www.batxilleratgranes.com\/wp-content\/uploads\/2018\/11\/1-3.jpg\"><img loading=\"lazy\" decoding=\"async\" class=\"aligncenter wp-image-10096 size-full\" src=\"http:\/\/www.batxilleratgranes.com\/wp-content\/uploads\/2018\/11\/1-3.jpg\" alt=\"Esmorzar solidari\" width=\"482\" height=\"645\" srcset=\"https:\/\/www.batxilleratgranes.com\/wp-content\/uploads\/2018\/11\/1-3.jpg 482w, https:\/\/www.batxilleratgranes.com\/wp-content\/uploads\/2018\/11\/1-3-224x300.jpg 224w\" sizes=\"(max-width: 482px) 100vw, 482px\" \/><\/a><\/p>\n<p><a href=\"http:\/\/www.batxilleratgranes.com\/wp-content\/uploads\/2018\/11\/10.jpg\"><img loading=\"lazy\" decoding=\"async\" class=\"aligncenter wp-image-10097 size-full\" src=\"http:\/\/www.batxilleratgranes.com\/wp-content\/uploads\/2018\/11\/10.jpg\" alt=\"Esmorzar solidari\" width=\"489\" height=\"648\" srcset=\"https:\/\/www.batxilleratgranes.com\/wp-content\/uploads\/2018\/11\/10.jpg 489w, https:\/\/www.batxilleratgranes.com\/wp-content\/uploads\/2018\/11\/10-226x300.jpg 226w\" sizes=\"(max-width: 489px) 100vw, 489px\" \/><\/a><\/p>\n<p><span style=\"text-decoration: underline;\"><strong>Arracades solid\u00e0ries<\/strong><\/span><\/p>\n<p style=\"text-align: justify;\">A m\u00e9s, com a novetat aquest any, vam comptar amb la col\u00b7laboraci\u00f3 de la J\u00falia F., alumna de 2n de batxillerat. Sota el nom de <strong>Ram&#8217;s Liitle Stuff<\/strong> realitza arracades ben originals de forma artesanal. Ahir els seus companys les van poder comprar a un preu solidari de 3 euros per contribuir tamb\u00e9 amb La Marat\u00f3 de TV3.<\/p>\n<p><a href=\"http:\/\/www.batxilleratgranes.com\/wp-content\/uploads\/2018\/11\/14.jpg\"><img loading=\"lazy\" decoding=\"async\" width=\"818\" height=\"613\" class=\"size-full wp-image-10098 aligncenter\" src=\"http:\/\/www.batxilleratgranes.com\/wp-content\/uploads\/2018\/11\/14.jpg\" alt=\"Esmorzar solidari\" srcset=\"https:\/\/www.batxilleratgranes.com\/wp-content\/uploads\/2018\/11\/14.jpg 818w, https:\/\/www.batxilleratgranes.com\/wp-content\/uploads\/2018\/11\/14-300x225.jpg 300w, https:\/\/www.batxilleratgranes.com\/wp-content\/uploads\/2018\/11\/14-768x576.jpg 768w, https:\/\/www.batxilleratgranes.com\/wp-content\/uploads\/2018\/11\/14-650x487.jpg 650w\" sizes=\"(max-width: 818px) 100vw, 818px\" \/><\/a><\/p>\n","protected":false},"excerpt":{"rendered":"<p>Un any m\u00e9s, i gr\u00e0cies a la col\u00b7laboraci\u00f3 dels nostres alumnes, l&#8217;Esmorzar Solidari per recaptar diners per a La Marat\u00f3 ha sigut un \u00e8xit. En forma de brownie, entrep\u00e0 o magdalena, la xocolata ha sigut l&#8217;ingredient estrella entre els pastissos i creacions culin\u00e0ries que han elaborat els nostres alumnes. Tamb\u00e9 hem pogut assaborir originals propostes&hellip;&nbsp;<a href=\"https:\/\/www.batxilleratgranes.com\/es\/exit-de-lesmorzar-solidari-per-a-la-marato-2\/\" class=\"\" rel=\"bookmark\">Read More &raquo;<span class=\"screen-reader-text\">\u00c8xit de l&#8217;esmorzar solidari per a La Marat\u00f3<\/span><\/a><\/p>\n","protected":false},"author":5,"featured_media":10094,"comment_status":"open","ping_status":"open","sticky":false,"template":"","format":"standard","meta":{"neve_meta_sidebar":"","neve_meta_container":"","neve_meta_enable_content_width":"","neve_meta_content_width":0,"neve_meta_title_alignment":"","neve_meta_author_avatar":"","neve_post_elements_order":"","neve_meta_disable_header":"","neve_meta_disable_footer":"","neve_meta_disable_title":"","footnotes":""},"categories":[7],"tags":[694,461,104,687,453],"class_list":["post-10084","post","type-post","status-publish","format-standard","has-post-thumbnail","hentry","category-centre-batxillerat-granes","tag-arracades-solidaries","tag-els-patis-solidaris-de-la-granes","tag-esmorzar-solidari","tag-jornades-de-solidaritat","tag-la-marato-de-tv3"],"yoast_head":"<!-- This site is optimized with the Yoast SEO plugin v23.4 - https:\/\/yoast.com\/wordpress\/plugins\/seo\/ -->\n<title>\u00c8xit de l&#039;esmorzar solidari per a La Marat\u00f3 - Gran\u00e9s Batxillerat - Escuela especializada en Bachillerato en Barcelona<\/title>\n<meta name=\"robots\" content=\"index, follow, max-snippet:-1, max-image-preview:large, max-video-preview:-1\" \/>\n<link rel=\"canonical\" href=\"https:\/\/www.batxilleratgranes.com\/es\/exit-de-lesmorzar-solidari-per-a-la-marato-2\/\" \/>\n<meta property=\"og:locale\" content=\"es_ES\" \/>\n<meta property=\"og:type\" content=\"article\" \/>\n<meta property=\"og:title\" content=\"\u00c8xit de l&#039;esmorzar solidari per a La Marat\u00f3 - Gran\u00e9s Batxillerat - Escuela especializada en Bachillerato en Barcelona\" \/>\n<meta property=\"og:description\" content=\"Un any m\u00e9s, i gr\u00e0cies a la col\u00b7laboraci\u00f3 dels nostres alumnes, l&#8217;Esmorzar Solidari per recaptar diners per a La Marat\u00f3 ha sigut un \u00e8xit. En forma de brownie, entrep\u00e0 o magdalena, la xocolata ha sigut l&#8217;ingredient estrella entre els pastissos i creacions culin\u00e0ries que han elaborat els nostres alumnes. Tamb\u00e9 hem pogut assaborir originals propostes&hellip;&nbsp;Read More &raquo;\u00c8xit de l&#8217;esmorzar solidari per a La Marat\u00f3\" \/>\n<meta property=\"og:url\" content=\"https:\/\/www.batxilleratgranes.com\/es\/exit-de-lesmorzar-solidari-per-a-la-marato-2\/\" \/>\n<meta property=\"og:site_name\" content=\"Gran\u00e9s Batxillerat - Escuela especializada en Bachillerato en Barcelona\" \/>\n<meta property=\"article:published_time\" content=\"2018-11-28T18:22:26+00:00\" \/>\n<meta property=\"article:modified_time\" content=\"2018-11-29T09:31:47+00:00\" \/>\n<meta property=\"og:image\" content=\"https:\/\/www.batxilleratgranes.com\/wp-content\/uploads\/2018\/11\/12.jpg\" \/>\n\t<meta property=\"og:image:width\" content=\"862\" \/>\n\t<meta property=\"og:image:height\" content=\"535\" \/>\n\t<meta property=\"og:image:type\" content=\"image\/jpeg\" \/>\n<meta name=\"author\" content=\"mireia.martinez\" \/>\n<meta name=\"twitter:card\" content=\"summary_large_image\" \/>\n<meta name=\"twitter:label1\" content=\"Written by\" \/>\n\t<meta name=\"twitter:data1\" content=\"mireia.martinez\" \/>\n\t<meta name=\"twitter:label2\" content=\"Est. reading time\" \/>\n\t<meta name=\"twitter:data2\" content=\"1 minute\" \/>\n<script type=\"application\/ld+json\" class=\"yoast-schema-graph\">{\"@context\":\"https:\/\/schema.org\",\"@graph\":[{\"@type\":\"Article\",\"@id\":\"https:\/\/www.batxilleratgranes.com\/es\/exit-de-lesmorzar-solidari-per-a-la-marato-2\/#article\",\"isPartOf\":{\"@id\":\"https:\/\/www.batxilleratgranes.com\/es\/exit-de-lesmorzar-solidari-per-a-la-marato-2\/\"},\"author\":{\"name\":\"mireia.martinez\",\"@id\":\"https:\/\/www.batxilleratgranes.com\/es\/#\/schema\/person\/4e10f231f79e8e2d24629e02b8283201\"},\"headline\":\"\u00c8xit de l&#8217;esmorzar solidari per a La Marat\u00f3\",\"datePublished\":\"2018-11-28T18:22:26+00:00\",\"dateModified\":\"2018-11-29T09:31:47+00:00\",\"mainEntityOfPage\":{\"@id\":\"https:\/\/www.batxilleratgranes.com\/es\/exit-de-lesmorzar-solidari-per-a-la-marato-2\/\"},\"wordCount\":283,\"commentCount\":0,\"publisher\":{\"@id\":\"https:\/\/www.batxilleratgranes.com\/es\/#organization\"},\"image\":{\"@id\":\"https:\/\/www.batxilleratgranes.com\/es\/exit-de-lesmorzar-solidari-per-a-la-marato-2\/#primaryimage\"},\"thumbnailUrl\":\"https:\/\/www.batxilleratgranes.com\/wp-content\/uploads\/2018\/11\/12.jpg\",\"keywords\":[\"Arracades solid\u00e0ries\",\"Els Patis Solidaris de la Gran\u00e9s\",\"Esmorzar Solidari\",\"Jornades de Solidaritat\",\"La Marat\u00f3 de TV3\"],\"articleSection\":[\"Activitats Gran\u00e9s\"],\"inLanguage\":\"es\",\"potentialAction\":[{\"@type\":\"CommentAction\",\"name\":\"Comment\",\"target\":[\"https:\/\/www.batxilleratgranes.com\/es\/exit-de-lesmorzar-solidari-per-a-la-marato-2\/#respond\"]}]},{\"@type\":\"WebPage\",\"@id\":\"https:\/\/www.batxilleratgranes.com\/es\/exit-de-lesmorzar-solidari-per-a-la-marato-2\/\",\"url\":\"https:\/\/www.batxilleratgranes.com\/es\/exit-de-lesmorzar-solidari-per-a-la-marato-2\/\",\"name\":\"\u00c8xit de l'esmorzar solidari per a La Marat\u00f3 - Gran\u00e9s Batxillerat - Escuela especializada en Bachillerato en Barcelona\",\"isPartOf\":{\"@id\":\"https:\/\/www.batxilleratgranes.com\/es\/#website\"},\"primaryImageOfPage\":{\"@id\":\"https:\/\/www.batxilleratgranes.com\/es\/exit-de-lesmorzar-solidari-per-a-la-marato-2\/#primaryimage\"},\"image\":{\"@id\":\"https:\/\/www.batxilleratgranes.com\/es\/exit-de-lesmorzar-solidari-per-a-la-marato-2\/#primaryimage\"},\"thumbnailUrl\":\"https:\/\/www.batxilleratgranes.com\/wp-content\/uploads\/2018\/11\/12.jpg\",\"datePublished\":\"2018-11-28T18:22:26+00:00\",\"dateModified\":\"2018-11-29T09:31:47+00:00\",\"breadcrumb\":{\"@id\":\"https:\/\/www.batxilleratgranes.com\/es\/exit-de-lesmorzar-solidari-per-a-la-marato-2\/#breadcrumb\"},\"inLanguage\":\"es\",\"potentialAction\":[{\"@type\":\"ReadAction\",\"target\":[\"https:\/\/www.batxilleratgranes.com\/es\/exit-de-lesmorzar-solidari-per-a-la-marato-2\/\"]}]},{\"@type\":\"ImageObject\",\"inLanguage\":\"es\",\"@id\":\"https:\/\/www.batxilleratgranes.com\/es\/exit-de-lesmorzar-solidari-per-a-la-marato-2\/#primaryimage\",\"url\":\"https:\/\/www.batxilleratgranes.com\/wp-content\/uploads\/2018\/11\/12.jpg\",\"contentUrl\":\"https:\/\/www.batxilleratgranes.com\/wp-content\/uploads\/2018\/11\/12.jpg\",\"width\":862,\"height\":535,\"caption\":\"Emorzar solidari\"},{\"@type\":\"BreadcrumbList\",\"@id\":\"https:\/\/www.batxilleratgranes.com\/es\/exit-de-lesmorzar-solidari-per-a-la-marato-2\/#breadcrumb\",\"itemListElement\":[{\"@type\":\"ListItem\",\"position\":1,\"name\":\"Inici\",\"item\":\"https:\/\/www.batxilleratgranes.com\/es\/\"},{\"@type\":\"ListItem\",\"position\":2,\"name\":\"\u00c8xit de l&#8217;esmorzar solidari per a La Marat\u00f3\"}]},{\"@type\":\"WebSite\",\"@id\":\"https:\/\/www.batxilleratgranes.com\/es\/#website\",\"url\":\"https:\/\/www.batxilleratgranes.com\/es\/\",\"name\":\"Gran\u00e9s Batxillerat - Escuela especializada en Bachillerato en Barcelona\",\"description\":\"Escola especialitzada en Batxillerat a Barcelona\",\"publisher\":{\"@id\":\"https:\/\/www.batxilleratgranes.com\/es\/#organization\"},\"potentialAction\":[{\"@type\":\"SearchAction\",\"target\":{\"@type\":\"EntryPoint\",\"urlTemplate\":\"https:\/\/www.batxilleratgranes.com\/es\/?s={search_term_string}\"},\"query-input\":{\"@type\":\"PropertyValueSpecification\",\"valueRequired\":true,\"valueName\":\"search_term_string\"}}],\"inLanguage\":\"es\"},{\"@type\":\"Organization\",\"@id\":\"https:\/\/www.batxilleratgranes.com\/es\/#organization\",\"name\":\"Gran\u00e9s Batxillerat - Escuela especializada en Bachillerato en Barcelona\",\"url\":\"https:\/\/www.batxilleratgranes.com\/es\/\",\"logo\":{\"@type\":\"ImageObject\",\"inLanguage\":\"es\",\"@id\":\"https:\/\/www.batxilleratgranes.com\/es\/#\/schema\/logo\/image\/\",\"url\":\"https:\/\/www.batxilleratgranes.com\/wp-content\/uploads\/2013\/01\/granes1.png\",\"contentUrl\":\"https:\/\/www.batxilleratgranes.com\/wp-content\/uploads\/2013\/01\/granes1.png\",\"width\":292,\"height\":85,\"caption\":\"Gran\u00e9s Batxillerat - Escuela especializada en Bachillerato en Barcelona\"},\"image\":{\"@id\":\"https:\/\/www.batxilleratgranes.com\/es\/#\/schema\/logo\/image\/\"}},{\"@type\":\"Person\",\"@id\":\"https:\/\/www.batxilleratgranes.com\/es\/#\/schema\/person\/4e10f231f79e8e2d24629e02b8283201\",\"name\":\"mireia.martinez\",\"image\":{\"@type\":\"ImageObject\",\"inLanguage\":\"es\",\"@id\":\"https:\/\/www.batxilleratgranes.com\/es\/#\/schema\/person\/image\/\",\"url\":\"https:\/\/secure.gravatar.com\/avatar\/8c952e346979fb1eaf89bbc4dfda29f0?s=96&d=mm&r=g\",\"contentUrl\":\"https:\/\/secure.gravatar.com\/avatar\/8c952e346979fb1eaf89bbc4dfda29f0?s=96&d=mm&r=g\",\"caption\":\"mireia.martinez\"},\"url\":\"https:\/\/www.batxilleratgranes.com\/es\/author\/mireia-martinez\/\"}]}<\/script>\n<!-- \/ Yoast SEO plugin. -->","yoast_head_json":{"title":"\u00c8xit de l'esmorzar solidari per a La Marat\u00f3 - Gran\u00e9s Batxillerat - Escuela especializada en Bachillerato en Barcelona","robots":{"index":"index","follow":"follow","max-snippet":"max-snippet:-1","max-image-preview":"max-image-preview:large","max-video-preview":"max-video-preview:-1"},"canonical":"https:\/\/www.batxilleratgranes.com\/es\/exit-de-lesmorzar-solidari-per-a-la-marato-2\/","og_locale":"es_ES","og_type":"article","og_title":"\u00c8xit de l'esmorzar solidari per a La Marat\u00f3 - Gran\u00e9s Batxillerat - Escuela especializada en Bachillerato en Barcelona","og_description":"Un any m\u00e9s, i gr\u00e0cies a la col\u00b7laboraci\u00f3 dels nostres alumnes, l&#8217;Esmorzar Solidari per recaptar diners per a La Marat\u00f3 ha sigut un \u00e8xit. En forma de brownie, entrep\u00e0 o magdalena, la xocolata ha sigut l&#8217;ingredient estrella entre els pastissos i creacions culin\u00e0ries que han elaborat els nostres alumnes. Tamb\u00e9 hem pogut assaborir originals propostes&hellip;&nbsp;Read More &raquo;\u00c8xit de l&#8217;esmorzar solidari per a La Marat\u00f3","og_url":"https:\/\/www.batxilleratgranes.com\/es\/exit-de-lesmorzar-solidari-per-a-la-marato-2\/","og_site_name":"Gran\u00e9s Batxillerat - Escuela especializada en Bachillerato en Barcelona","article_published_time":"2018-11-28T18:22:26+00:00","article_modified_time":"2018-11-29T09:31:47+00:00","og_image":[{"width":862,"height":535,"url":"https:\/\/www.batxilleratgranes.com\/wp-content\/uploads\/2018\/11\/12.jpg","type":"image\/jpeg"}],"author":"mireia.martinez","twitter_card":"summary_large_image","twitter_misc":{"Written by":"mireia.martinez","Est. reading time":"1 minute"},"schema":{"@context":"https:\/\/schema.org","@graph":[{"@type":"Article","@id":"https:\/\/www.batxilleratgranes.com\/es\/exit-de-lesmorzar-solidari-per-a-la-marato-2\/#article","isPartOf":{"@id":"https:\/\/www.batxilleratgranes.com\/es\/exit-de-lesmorzar-solidari-per-a-la-marato-2\/"},"author":{"name":"mireia.martinez","@id":"https:\/\/www.batxilleratgranes.com\/es\/#\/schema\/person\/4e10f231f79e8e2d24629e02b8283201"},"headline":"\u00c8xit de l&#8217;esmorzar solidari per a La Marat\u00f3","datePublished":"2018-11-28T18:22:26+00:00","dateModified":"2018-11-29T09:31:47+00:00","mainEntityOfPage":{"@id":"https:\/\/www.batxilleratgranes.com\/es\/exit-de-lesmorzar-solidari-per-a-la-marato-2\/"},"wordCount":283,"commentCount":0,"publisher":{"@id":"https:\/\/www.batxilleratgranes.com\/es\/#organization"},"image":{"@id":"https:\/\/www.batxilleratgranes.com\/es\/exit-de-lesmorzar-solidari-per-a-la-marato-2\/#primaryimage"},"thumbnailUrl":"https:\/\/www.batxilleratgranes.com\/wp-content\/uploads\/2018\/11\/12.jpg","keywords":["Arracades solid\u00e0ries","Els Patis Solidaris de la Gran\u00e9s","Esmorzar Solidari","Jornades de Solidaritat","La Marat\u00f3 de TV3"],"articleSection":["Activitats Gran\u00e9s"],"inLanguage":"es","potentialAction":[{"@type":"CommentAction","name":"Comment","target":["https:\/\/www.batxilleratgranes.com\/es\/exit-de-lesmorzar-solidari-per-a-la-marato-2\/#respond"]}]},{"@type":"WebPage","@id":"https:\/\/www.batxilleratgranes.com\/es\/exit-de-lesmorzar-solidari-per-a-la-marato-2\/","url":"https:\/\/www.batxilleratgranes.com\/es\/exit-de-lesmorzar-solidari-per-a-la-marato-2\/","name":"\u00c8xit de l'esmorzar solidari per a La Marat\u00f3 - Gran\u00e9s Batxillerat - Escuela especializada en Bachillerato en Barcelona","isPartOf":{"@id":"https:\/\/www.batxilleratgranes.com\/es\/#website"},"primaryImageOfPage":{"@id":"https:\/\/www.batxilleratgranes.com\/es\/exit-de-lesmorzar-solidari-per-a-la-marato-2\/#primaryimage"},"image":{"@id":"https:\/\/www.batxilleratgranes.com\/es\/exit-de-lesmorzar-solidari-per-a-la-marato-2\/#primaryimage"},"thumbnailUrl":"https:\/\/www.batxilleratgranes.com\/wp-content\/uploads\/2018\/11\/12.jpg","datePublished":"2018-11-28T18:22:26+00:00","dateModified":"2018-11-29T09:31:47+00:00","breadcrumb":{"@id":"https:\/\/www.batxilleratgranes.com\/es\/exit-de-lesmorzar-solidari-per-a-la-marato-2\/#breadcrumb"},"inLanguage":"es","potentialAction":[{"@type":"ReadAction","target":["https:\/\/www.batxilleratgranes.com\/es\/exit-de-lesmorzar-solidari-per-a-la-marato-2\/"]}]},{"@type":"ImageObject","inLanguage":"es","@id":"https:\/\/www.batxilleratgranes.com\/es\/exit-de-lesmorzar-solidari-per-a-la-marato-2\/#primaryimage","url":"https:\/\/www.batxilleratgranes.com\/wp-content\/uploads\/2018\/11\/12.jpg","contentUrl":"https:\/\/www.batxilleratgranes.com\/wp-content\/uploads\/2018\/11\/12.jpg","width":862,"height":535,"caption":"Emorzar solidari"},{"@type":"BreadcrumbList","@id":"https:\/\/www.batxilleratgranes.com\/es\/exit-de-lesmorzar-solidari-per-a-la-marato-2\/#breadcrumb","itemListElement":[{"@type":"ListItem","position":1,"name":"Inici","item":"https:\/\/www.batxilleratgranes.com\/es\/"},{"@type":"ListItem","position":2,"name":"\u00c8xit de l&#8217;esmorzar solidari per a La Marat\u00f3"}]},{"@type":"WebSite","@id":"https:\/\/www.batxilleratgranes.com\/es\/#website","url":"https:\/\/www.batxilleratgranes.com\/es\/","name":"Gran\u00e9s Batxillerat - Escuela especializada en Bachillerato en Barcelona","description":"Escola especialitzada en Batxillerat a Barcelona","publisher":{"@id":"https:\/\/www.batxilleratgranes.com\/es\/#organization"},"potentialAction":[{"@type":"SearchAction","target":{"@type":"EntryPoint","urlTemplate":"https:\/\/www.batxilleratgranes.com\/es\/?s={search_term_string}"},"query-input":{"@type":"PropertyValueSpecification","valueRequired":true,"valueName":"search_term_string"}}],"inLanguage":"es"},{"@type":"Organization","@id":"https:\/\/www.batxilleratgranes.com\/es\/#organization","name":"Gran\u00e9s Batxillerat - Escuela especializada en Bachillerato en Barcelona","url":"https:\/\/www.batxilleratgranes.com\/es\/","logo":{"@type":"ImageObject","inLanguage":"es","@id":"https:\/\/www.batxilleratgranes.com\/es\/#\/schema\/logo\/image\/","url":"https:\/\/www.batxilleratgranes.com\/wp-content\/uploads\/2013\/01\/granes1.png","contentUrl":"https:\/\/www.batxilleratgranes.com\/wp-content\/uploads\/2013\/01\/granes1.png","width":292,"height":85,"caption":"Gran\u00e9s Batxillerat - Escuela especializada en Bachillerato en Barcelona"},"image":{"@id":"https:\/\/www.batxilleratgranes.com\/es\/#\/schema\/logo\/image\/"}},{"@type":"Person","@id":"https:\/\/www.batxilleratgranes.com\/es\/#\/schema\/person\/4e10f231f79e8e2d24629e02b8283201","name":"mireia.martinez","image":{"@type":"ImageObject","inLanguage":"es","@id":"https:\/\/www.batxilleratgranes.com\/es\/#\/schema\/person\/image\/","url":"https:\/\/secure.gravatar.com\/avatar\/8c952e346979fb1eaf89bbc4dfda29f0?s=96&d=mm&r=g","contentUrl":"https:\/\/secure.gravatar.com\/avatar\/8c952e346979fb1eaf89bbc4dfda29f0?s=96&d=mm&r=g","caption":"mireia.martinez"},"url":"https:\/\/www.batxilleratgranes.com\/es\/author\/mireia-martinez\/"}]}},"_links":{"self":[{"href":"https:\/\/www.batxilleratgranes.com\/es\/wp-json\/wp\/v2\/posts\/10084"}],"collection":[{"href":"https:\/\/www.batxilleratgranes.com\/es\/wp-json\/wp\/v2\/posts"}],"about":[{"href":"https:\/\/www.batxilleratgranes.com\/es\/wp-json\/wp\/v2\/types\/post"}],"author":[{"embeddable":true,"href":"https:\/\/www.batxilleratgranes.com\/es\/wp-json\/wp\/v2\/users\/5"}],"replies":[{"embeddable":true,"href":"https:\/\/www.batxilleratgranes.com\/es\/wp-json\/wp\/v2\/comments?post=10084"}],"version-history":[{"count":9,"href":"https:\/\/www.batxilleratgranes.com\/es\/wp-json\/wp\/v2\/posts\/10084\/revisions"}],"predecessor-version":[{"id":10104,"href":"https:\/\/www.batxilleratgranes.com\/es\/wp-json\/wp\/v2\/posts\/10084\/revisions\/10104"}],"wp:featuredmedia":[{"embeddable":true,"href":"https:\/\/www.batxilleratgranes.com\/es\/wp-json\/wp\/v2\/media\/10094"}],"wp:attachment":[{"href":"https:\/\/www.batxilleratgranes.com\/es\/wp-json\/wp\/v2\/media?parent=10084"}],"wp:term":[{"taxonomy":"category","embeddable":true,"href":"https:\/\/www.batxilleratgranes.com\/es\/wp-json\/wp\/v2\/categories?post=10084"},{"taxonomy":"post_tag","embeddable":true,"href":"https:\/\/www.batxilleratgranes.com\/es\/wp-json\/wp\/v2\/tags?post=10084"}],"curies":[{"name":"wp","href":"https:\/\/api.w.org\/{rel}","templated":true}]}}