{"id":10174,"date":"2018-11-22T12:13:50","date_gmt":"2018-11-22T12:13:50","guid":{"rendered":"http:\/\/www.batxilleratgranes.com\/?p=10174"},"modified":"2018-12-04T12:17:50","modified_gmt":"2018-12-04T12:17:50","slug":"taller-de-creacio-de-logotips-i-pagines-web-a-blanquerna","status":"publish","type":"post","link":"https:\/\/www.batxilleratgranes.com\/es\/taller-de-creacio-de-logotips-i-pagines-web-a-blanquerna\/","title":{"rendered":"Taller de creaci\u00f3 de logotips i p\u00e0gines web a Blanquerna"},"content":{"rendered":"<p style=\"text-align: justify;\">Seguint amb el seu projecte <strong>Aloha Barcelona!<\/strong>, els alumnes de l&#8217;<strong>itinerari en Comunicaci\u00f3 i Periodisme<\/strong> van visitar durant dues jornades la <strong>Facultat de Comunicaci\u00f3 i Relacions Internacionals Blanquerna<\/strong>. Aqu\u00ed van realitzar un interessant <strong>taller<\/strong> sobre <strong>edici\u00f3 de textos i imatges<\/strong>, de la m\u00e0 de Josep Rom, doctor en Publicitat i Relacions P\u00fabliques a la Facultat\u00a0<span class=\"il\">Blanquerna<\/span>.<\/p>\n<p style=\"text-align: justify;\">Com b\u00e9 sabeu, el projecte Aloha Barcelona! es centra en el creixement urb\u00e0 de Barcelona a partir de l\u2019enderrocament de les seves muralles el 1854. Un dels objectius d&#8217;aquest \u00e9s la creaci\u00f3 d&#8217;una exposici\u00f3 f\u00edsica i un web amb els continguts generats arran de la recerca i les visites efectuades durant els mesos del projecte.<\/p>\n<p><a href=\"http:\/\/www.batxilleratgranes.com\/wp-content\/uploads\/2018\/12\/Blanquerna-2.jpg\"><img loading=\"lazy\" decoding=\"async\" width=\"1002\" height=\"546\" class=\"size-full wp-image-10212 aligncenter\" src=\"http:\/\/www.batxilleratgranes.com\/wp-content\/uploads\/2018\/12\/Blanquerna-2.jpg\" alt=\"Taller creaci\u00f3 de logotips i p\u00e0gines web Blanquerna\" srcset=\"https:\/\/www.batxilleratgranes.com\/wp-content\/uploads\/2018\/12\/Blanquerna-2.jpg 1002w, https:\/\/www.batxilleratgranes.com\/wp-content\/uploads\/2018\/12\/Blanquerna-2-300x163.jpg 300w, https:\/\/www.batxilleratgranes.com\/wp-content\/uploads\/2018\/12\/Blanquerna-2-768x418.jpg 768w, https:\/\/www.batxilleratgranes.com\/wp-content\/uploads\/2018\/12\/Blanquerna-2-650x354.jpg 650w, https:\/\/www.batxilleratgranes.com\/wp-content\/uploads\/2018\/12\/Blanquerna-2-80x43.jpg 80w, https:\/\/www.batxilleratgranes.com\/wp-content\/uploads\/2018\/12\/Blanquerna-2-120x64.jpg 120w, https:\/\/www.batxilleratgranes.com\/wp-content\/uploads\/2018\/12\/Blanquerna-2-960x523.jpg 960w, https:\/\/www.batxilleratgranes.com\/wp-content\/uploads\/2018\/12\/Blanquerna-2-1000x545.jpg 1000w\" sizes=\"(max-width: 1002px) 100vw, 1002px\" \/><\/a><\/p>\n<p style=\"text-align: justify;\">Aix\u00ed doncs, la primera sessi\u00f3 a Blanquerna, dedicada al <strong>logotip<\/strong>, va servir per generar idees sobre el logotip que havia de representar el projecte. El nom de l&#8217;exposici\u00f3 l&#8217;havien decidit els alumnes dies abans: &#8220;<em>De Vella a Bella: la transformaci\u00f3 de Barcelona durant el s.XIX<\/em>&#8220;. Josep Rom va explicar als nostres alumnes el funcionament del programa d&#8217;edici\u00f3 d&#8217;imatges Photoshop. I el resultat va ser aquest:<\/p>\n<p><a href=\"http:\/\/www.batxilleratgranes.com\/wp-content\/uploads\/2018\/12\/barcelona-bella.jpg\"><img loading=\"lazy\" decoding=\"async\" width=\"1063\" height=\"535\" class=\"size-full wp-image-10211 aligncenter\" src=\"http:\/\/www.batxilleratgranes.com\/wp-content\/uploads\/2018\/12\/barcelona-bella.jpg\" alt=\"Taller de creaci\u00f3 de logotip i p\u00e0gina web a Blanquerna\" srcset=\"https:\/\/www.batxilleratgranes.com\/wp-content\/uploads\/2018\/12\/barcelona-bella.jpg 1063w, https:\/\/www.batxilleratgranes.com\/wp-content\/uploads\/2018\/12\/barcelona-bella-300x151.jpg 300w, https:\/\/www.batxilleratgranes.com\/wp-content\/uploads\/2018\/12\/barcelona-bella-768x387.jpg 768w, https:\/\/www.batxilleratgranes.com\/wp-content\/uploads\/2018\/12\/barcelona-bella-1024x515.jpg 1024w, https:\/\/www.batxilleratgranes.com\/wp-content\/uploads\/2018\/12\/barcelona-bella-650x327.jpg 650w, https:\/\/www.batxilleratgranes.com\/wp-content\/uploads\/2018\/12\/barcelona-bella-960x483.jpg 960w, https:\/\/www.batxilleratgranes.com\/wp-content\/uploads\/2018\/12\/barcelona-bella-1000x503.jpg 1000w\" sizes=\"(max-width: 1063px) 100vw, 1063px\" \/><\/a><\/p>\n<div style=\"text-align: justify;\">A la segona sessi\u00f3, realitzada l&#8217;endem\u00e0, Rom els va explicar als nostres alumnes<strong> com realitzar una p\u00e0gina web<\/strong> a trav\u00e9s de la plataforma Wix. El resultat tamb\u00e9 el podreu veure ben aviat en aquest blog!<\/div>\n<p>&nbsp;<\/p>\n<p>&nbsp;<\/p>\n","protected":false},"excerpt":{"rendered":"<p>Seguint amb el seu projecte Aloha Barcelona!, els alumnes de l&#8217;itinerari en Comunicaci\u00f3 i Periodisme van visitar durant dues jornades la Facultat de Comunicaci\u00f3 i Relacions Internacionals Blanquerna. Aqu\u00ed van realitzar un interessant taller sobre edici\u00f3 de textos i imatges, de la m\u00e0 de Josep Rom, doctor en Publicitat i Relacions P\u00fabliques a la Facultat\u00a0Blanquerna.&hellip;&nbsp;<a href=\"https:\/\/www.batxilleratgranes.com\/es\/taller-de-creacio-de-logotips-i-pagines-web-a-blanquerna\/\" class=\"\" rel=\"bookmark\">Read More &raquo;<span class=\"screen-reader-text\">Taller de creaci\u00f3 de logotips i p\u00e0gines web a Blanquerna<\/span><\/a><\/p>\n","protected":false},"author":5,"featured_media":10213,"comment_status":"open","ping_status":"open","sticky":false,"template":"","format":"standard","meta":{"neve_meta_sidebar":"","neve_meta_container":"","neve_meta_enable_content_width":"","neve_meta_content_width":0,"neve_meta_title_alignment":"","neve_meta_author_avatar":"","neve_post_elements_order":"","neve_meta_disable_header":"","neve_meta_disable_footer":"","neve_meta_disable_title":"","footnotes":""},"categories":[7],"tags":[440,701,36,495,322,700,702,400],"class_list":["post-10174","post","type-post","status-publish","format-standard","has-post-thumbnail","hentry","category-centre-batxillerat-granes","tag-1r-batxillerat","tag-aloha-barcelona","tag-barcelona","tag-blanquerna","tag-comunicacio-i-periodisme","tag-creacio-duna-exposicio","tag-de-vella-a-bella","tag-tallers"],"yoast_head":"<!-- This site is optimized with the Yoast SEO plugin v23.4 - https:\/\/yoast.com\/wordpress\/plugins\/seo\/ -->\n<title>Taller de creaci\u00f3 de logotips i p\u00e0gines web a Blanquerna - Gran\u00e9s Batxillerat - Escuela especializada en Bachillerato en Barcelona<\/title>\n<meta name=\"robots\" content=\"index, follow, max-snippet:-1, max-image-preview:large, max-video-preview:-1\" \/>\n<link rel=\"canonical\" href=\"https:\/\/www.batxilleratgranes.com\/es\/taller-de-creacio-de-logotips-i-pagines-web-a-blanquerna\/\" \/>\n<meta property=\"og:locale\" content=\"es_ES\" \/>\n<meta property=\"og:type\" content=\"article\" \/>\n<meta property=\"og:title\" content=\"Taller de creaci\u00f3 de logotips i p\u00e0gines web a Blanquerna - Gran\u00e9s Batxillerat - Escuela especializada en Bachillerato en Barcelona\" \/>\n<meta property=\"og:description\" content=\"Seguint amb el seu projecte Aloha Barcelona!, els alumnes de l&#8217;itinerari en Comunicaci\u00f3 i Periodisme van visitar durant dues jornades la Facultat de Comunicaci\u00f3 i Relacions Internacionals Blanquerna. Aqu\u00ed van realitzar un interessant taller sobre edici\u00f3 de textos i imatges, de la m\u00e0 de Josep Rom, doctor en Publicitat i Relacions P\u00fabliques a la Facultat\u00a0Blanquerna.&hellip;&nbsp;Read More &raquo;Taller de creaci\u00f3 de logotips i p\u00e0gines web a Blanquerna\" \/>\n<meta property=\"og:url\" content=\"https:\/\/www.batxilleratgranes.com\/es\/taller-de-creacio-de-logotips-i-pagines-web-a-blanquerna\/\" \/>\n<meta property=\"og:site_name\" content=\"Gran\u00e9s Batxillerat - Escuela especializada en Bachillerato en Barcelona\" \/>\n<meta property=\"article:published_time\" content=\"2018-11-22T12:13:50+00:00\" \/>\n<meta property=\"article:modified_time\" content=\"2018-12-04T12:17:50+00:00\" \/>\n<meta property=\"og:image\" content=\"https:\/\/www.batxilleratgranes.com\/wp-content\/uploads\/2018\/12\/Blanquerna.jpg\" \/>\n\t<meta property=\"og:image:width\" content=\"998\" \/>\n\t<meta property=\"og:image:height\" content=\"559\" \/>\n\t<meta property=\"og:image:type\" content=\"image\/jpeg\" \/>\n<meta name=\"author\" content=\"mireia.martinez\" \/>\n<meta name=\"twitter:card\" content=\"summary_large_image\" \/>\n<meta name=\"twitter:label1\" content=\"Written by\" \/>\n\t<meta name=\"twitter:data1\" content=\"mireia.martinez\" \/>\n\t<meta name=\"twitter:label2\" content=\"Est. reading time\" \/>\n\t<meta name=\"twitter:data2\" content=\"1 minute\" \/>\n<script type=\"application\/ld+json\" class=\"yoast-schema-graph\">{\"@context\":\"https:\/\/schema.org\",\"@graph\":[{\"@type\":\"Article\",\"@id\":\"https:\/\/www.batxilleratgranes.com\/es\/taller-de-creacio-de-logotips-i-pagines-web-a-blanquerna\/#article\",\"isPartOf\":{\"@id\":\"https:\/\/www.batxilleratgranes.com\/es\/taller-de-creacio-de-logotips-i-pagines-web-a-blanquerna\/\"},\"author\":{\"name\":\"mireia.martinez\",\"@id\":\"https:\/\/www.batxilleratgranes.com\/es\/#\/schema\/person\/4e10f231f79e8e2d24629e02b8283201\"},\"headline\":\"Taller de creaci\u00f3 de logotips i p\u00e0gines web a Blanquerna\",\"datePublished\":\"2018-11-22T12:13:50+00:00\",\"dateModified\":\"2018-12-04T12:17:50+00:00\",\"mainEntityOfPage\":{\"@id\":\"https:\/\/www.batxilleratgranes.com\/es\/taller-de-creacio-de-logotips-i-pagines-web-a-blanquerna\/\"},\"wordCount\":237,\"commentCount\":0,\"publisher\":{\"@id\":\"https:\/\/www.batxilleratgranes.com\/es\/#organization\"},\"image\":{\"@id\":\"https:\/\/www.batxilleratgranes.com\/es\/taller-de-creacio-de-logotips-i-pagines-web-a-blanquerna\/#primaryimage\"},\"thumbnailUrl\":\"https:\/\/www.batxilleratgranes.com\/wp-content\/uploads\/2018\/12\/Blanquerna.jpg\",\"keywords\":[\"1r Batxillerat\",\"Aloha Barcelona!\",\"Barcelona\",\"Blanquerna\",\"Comunicaci\u00f3 i Periodisme\",\"Creaci\u00f3 d'una exposici\u00f3\",\"De Vella a Bella\",\"Tallers\"],\"articleSection\":[\"Activitats Gran\u00e9s\"],\"inLanguage\":\"es\",\"potentialAction\":[{\"@type\":\"CommentAction\",\"name\":\"Comment\",\"target\":[\"https:\/\/www.batxilleratgranes.com\/es\/taller-de-creacio-de-logotips-i-pagines-web-a-blanquerna\/#respond\"]}]},{\"@type\":\"WebPage\",\"@id\":\"https:\/\/www.batxilleratgranes.com\/es\/taller-de-creacio-de-logotips-i-pagines-web-a-blanquerna\/\",\"url\":\"https:\/\/www.batxilleratgranes.com\/es\/taller-de-creacio-de-logotips-i-pagines-web-a-blanquerna\/\",\"name\":\"Taller de creaci\u00f3 de logotips i p\u00e0gines web a Blanquerna - Gran\u00e9s Batxillerat - Escuela especializada en Bachillerato en Barcelona\",\"isPartOf\":{\"@id\":\"https:\/\/www.batxilleratgranes.com\/es\/#website\"},\"primaryImageOfPage\":{\"@id\":\"https:\/\/www.batxilleratgranes.com\/es\/taller-de-creacio-de-logotips-i-pagines-web-a-blanquerna\/#primaryimage\"},\"image\":{\"@id\":\"https:\/\/www.batxilleratgranes.com\/es\/taller-de-creacio-de-logotips-i-pagines-web-a-blanquerna\/#primaryimage\"},\"thumbnailUrl\":\"https:\/\/www.batxilleratgranes.com\/wp-content\/uploads\/2018\/12\/Blanquerna.jpg\",\"datePublished\":\"2018-11-22T12:13:50+00:00\",\"dateModified\":\"2018-12-04T12:17:50+00:00\",\"breadcrumb\":{\"@id\":\"https:\/\/www.batxilleratgranes.com\/es\/taller-de-creacio-de-logotips-i-pagines-web-a-blanquerna\/#breadcrumb\"},\"inLanguage\":\"es\",\"potentialAction\":[{\"@type\":\"ReadAction\",\"target\":[\"https:\/\/www.batxilleratgranes.com\/es\/taller-de-creacio-de-logotips-i-pagines-web-a-blanquerna\/\"]}]},{\"@type\":\"ImageObject\",\"inLanguage\":\"es\",\"@id\":\"https:\/\/www.batxilleratgranes.com\/es\/taller-de-creacio-de-logotips-i-pagines-web-a-blanquerna\/#primaryimage\",\"url\":\"https:\/\/www.batxilleratgranes.com\/wp-content\/uploads\/2018\/12\/Blanquerna.jpg\",\"contentUrl\":\"https:\/\/www.batxilleratgranes.com\/wp-content\/uploads\/2018\/12\/Blanquerna.jpg\",\"width\":998,\"height\":559,\"caption\":\"Taller creaci\u00f3 de logotips i p\u00e0gines web Blanquerna\"},{\"@type\":\"BreadcrumbList\",\"@id\":\"https:\/\/www.batxilleratgranes.com\/es\/taller-de-creacio-de-logotips-i-pagines-web-a-blanquerna\/#breadcrumb\",\"itemListElement\":[{\"@type\":\"ListItem\",\"position\":1,\"name\":\"Inici\",\"item\":\"https:\/\/www.batxilleratgranes.com\/es\/\"},{\"@type\":\"ListItem\",\"position\":2,\"name\":\"Taller de creaci\u00f3 de logotips i p\u00e0gines web a Blanquerna\"}]},{\"@type\":\"WebSite\",\"@id\":\"https:\/\/www.batxilleratgranes.com\/es\/#website\",\"url\":\"https:\/\/www.batxilleratgranes.com\/es\/\",\"name\":\"Gran\u00e9s Batxillerat - Escuela especializada en Bachillerato en Barcelona\",\"description\":\"Escola especialitzada en Batxillerat a Barcelona\",\"publisher\":{\"@id\":\"https:\/\/www.batxilleratgranes.com\/es\/#organization\"},\"potentialAction\":[{\"@type\":\"SearchAction\",\"target\":{\"@type\":\"EntryPoint\",\"urlTemplate\":\"https:\/\/www.batxilleratgranes.com\/es\/?s={search_term_string}\"},\"query-input\":{\"@type\":\"PropertyValueSpecification\",\"valueRequired\":true,\"valueName\":\"search_term_string\"}}],\"inLanguage\":\"es\"},{\"@type\":\"Organization\",\"@id\":\"https:\/\/www.batxilleratgranes.com\/es\/#organization\",\"name\":\"Gran\u00e9s Batxillerat - Escuela especializada en Bachillerato en Barcelona\",\"url\":\"https:\/\/www.batxilleratgranes.com\/es\/\",\"logo\":{\"@type\":\"ImageObject\",\"inLanguage\":\"es\",\"@id\":\"https:\/\/www.batxilleratgranes.com\/es\/#\/schema\/logo\/image\/\",\"url\":\"https:\/\/www.batxilleratgranes.com\/wp-content\/uploads\/2013\/01\/granes1.png\",\"contentUrl\":\"https:\/\/www.batxilleratgranes.com\/wp-content\/uploads\/2013\/01\/granes1.png\",\"width\":292,\"height\":85,\"caption\":\"Gran\u00e9s Batxillerat - Escuela especializada en Bachillerato en Barcelona\"},\"image\":{\"@id\":\"https:\/\/www.batxilleratgranes.com\/es\/#\/schema\/logo\/image\/\"}},{\"@type\":\"Person\",\"@id\":\"https:\/\/www.batxilleratgranes.com\/es\/#\/schema\/person\/4e10f231f79e8e2d24629e02b8283201\",\"name\":\"mireia.martinez\",\"image\":{\"@type\":\"ImageObject\",\"inLanguage\":\"es\",\"@id\":\"https:\/\/www.batxilleratgranes.com\/es\/#\/schema\/person\/image\/\",\"url\":\"https:\/\/secure.gravatar.com\/avatar\/8c952e346979fb1eaf89bbc4dfda29f0?s=96&d=mm&r=g\",\"contentUrl\":\"https:\/\/secure.gravatar.com\/avatar\/8c952e346979fb1eaf89bbc4dfda29f0?s=96&d=mm&r=g\",\"caption\":\"mireia.martinez\"},\"url\":\"https:\/\/www.batxilleratgranes.com\/es\/author\/mireia-martinez\/\"}]}<\/script>\n<!-- \/ Yoast SEO plugin. -->","yoast_head_json":{"title":"Taller de creaci\u00f3 de logotips i p\u00e0gines web a Blanquerna - Gran\u00e9s Batxillerat - Escuela especializada en Bachillerato en Barcelona","robots":{"index":"index","follow":"follow","max-snippet":"max-snippet:-1","max-image-preview":"max-image-preview:large","max-video-preview":"max-video-preview:-1"},"canonical":"https:\/\/www.batxilleratgranes.com\/es\/taller-de-creacio-de-logotips-i-pagines-web-a-blanquerna\/","og_locale":"es_ES","og_type":"article","og_title":"Taller de creaci\u00f3 de logotips i p\u00e0gines web a Blanquerna - Gran\u00e9s Batxillerat - Escuela especializada en Bachillerato en Barcelona","og_description":"Seguint amb el seu projecte Aloha Barcelona!, els alumnes de l&#8217;itinerari en Comunicaci\u00f3 i Periodisme van visitar durant dues jornades la Facultat de Comunicaci\u00f3 i Relacions Internacionals Blanquerna. Aqu\u00ed van realitzar un interessant taller sobre edici\u00f3 de textos i imatges, de la m\u00e0 de Josep Rom, doctor en Publicitat i Relacions P\u00fabliques a la Facultat\u00a0Blanquerna.&hellip;&nbsp;Read More &raquo;Taller de creaci\u00f3 de logotips i p\u00e0gines web a Blanquerna","og_url":"https:\/\/www.batxilleratgranes.com\/es\/taller-de-creacio-de-logotips-i-pagines-web-a-blanquerna\/","og_site_name":"Gran\u00e9s Batxillerat - Escuela especializada en Bachillerato en Barcelona","article_published_time":"2018-11-22T12:13:50+00:00","article_modified_time":"2018-12-04T12:17:50+00:00","og_image":[{"width":998,"height":559,"url":"https:\/\/www.batxilleratgranes.com\/wp-content\/uploads\/2018\/12\/Blanquerna.jpg","type":"image\/jpeg"}],"author":"mireia.martinez","twitter_card":"summary_large_image","twitter_misc":{"Written by":"mireia.martinez","Est. reading time":"1 minute"},"schema":{"@context":"https:\/\/schema.org","@graph":[{"@type":"Article","@id":"https:\/\/www.batxilleratgranes.com\/es\/taller-de-creacio-de-logotips-i-pagines-web-a-blanquerna\/#article","isPartOf":{"@id":"https:\/\/www.batxilleratgranes.com\/es\/taller-de-creacio-de-logotips-i-pagines-web-a-blanquerna\/"},"author":{"name":"mireia.martinez","@id":"https:\/\/www.batxilleratgranes.com\/es\/#\/schema\/person\/4e10f231f79e8e2d24629e02b8283201"},"headline":"Taller de creaci\u00f3 de logotips i p\u00e0gines web a Blanquerna","datePublished":"2018-11-22T12:13:50+00:00","dateModified":"2018-12-04T12:17:50+00:00","mainEntityOfPage":{"@id":"https:\/\/www.batxilleratgranes.com\/es\/taller-de-creacio-de-logotips-i-pagines-web-a-blanquerna\/"},"wordCount":237,"commentCount":0,"publisher":{"@id":"https:\/\/www.batxilleratgranes.com\/es\/#organization"},"image":{"@id":"https:\/\/www.batxilleratgranes.com\/es\/taller-de-creacio-de-logotips-i-pagines-web-a-blanquerna\/#primaryimage"},"thumbnailUrl":"https:\/\/www.batxilleratgranes.com\/wp-content\/uploads\/2018\/12\/Blanquerna.jpg","keywords":["1r Batxillerat","Aloha Barcelona!","Barcelona","Blanquerna","Comunicaci\u00f3 i Periodisme","Creaci\u00f3 d'una exposici\u00f3","De Vella a Bella","Tallers"],"articleSection":["Activitats Gran\u00e9s"],"inLanguage":"es","potentialAction":[{"@type":"CommentAction","name":"Comment","target":["https:\/\/www.batxilleratgranes.com\/es\/taller-de-creacio-de-logotips-i-pagines-web-a-blanquerna\/#respond"]}]},{"@type":"WebPage","@id":"https:\/\/www.batxilleratgranes.com\/es\/taller-de-creacio-de-logotips-i-pagines-web-a-blanquerna\/","url":"https:\/\/www.batxilleratgranes.com\/es\/taller-de-creacio-de-logotips-i-pagines-web-a-blanquerna\/","name":"Taller de creaci\u00f3 de logotips i p\u00e0gines web a Blanquerna - Gran\u00e9s Batxillerat - Escuela especializada en Bachillerato en Barcelona","isPartOf":{"@id":"https:\/\/www.batxilleratgranes.com\/es\/#website"},"primaryImageOfPage":{"@id":"https:\/\/www.batxilleratgranes.com\/es\/taller-de-creacio-de-logotips-i-pagines-web-a-blanquerna\/#primaryimage"},"image":{"@id":"https:\/\/www.batxilleratgranes.com\/es\/taller-de-creacio-de-logotips-i-pagines-web-a-blanquerna\/#primaryimage"},"thumbnailUrl":"https:\/\/www.batxilleratgranes.com\/wp-content\/uploads\/2018\/12\/Blanquerna.jpg","datePublished":"2018-11-22T12:13:50+00:00","dateModified":"2018-12-04T12:17:50+00:00","breadcrumb":{"@id":"https:\/\/www.batxilleratgranes.com\/es\/taller-de-creacio-de-logotips-i-pagines-web-a-blanquerna\/#breadcrumb"},"inLanguage":"es","potentialAction":[{"@type":"ReadAction","target":["https:\/\/www.batxilleratgranes.com\/es\/taller-de-creacio-de-logotips-i-pagines-web-a-blanquerna\/"]}]},{"@type":"ImageObject","inLanguage":"es","@id":"https:\/\/www.batxilleratgranes.com\/es\/taller-de-creacio-de-logotips-i-pagines-web-a-blanquerna\/#primaryimage","url":"https:\/\/www.batxilleratgranes.com\/wp-content\/uploads\/2018\/12\/Blanquerna.jpg","contentUrl":"https:\/\/www.batxilleratgranes.com\/wp-content\/uploads\/2018\/12\/Blanquerna.jpg","width":998,"height":559,"caption":"Taller creaci\u00f3 de logotips i p\u00e0gines web Blanquerna"},{"@type":"BreadcrumbList","@id":"https:\/\/www.batxilleratgranes.com\/es\/taller-de-creacio-de-logotips-i-pagines-web-a-blanquerna\/#breadcrumb","itemListElement":[{"@type":"ListItem","position":1,"name":"Inici","item":"https:\/\/www.batxilleratgranes.com\/es\/"},{"@type":"ListItem","position":2,"name":"Taller de creaci\u00f3 de logotips i p\u00e0gines web a Blanquerna"}]},{"@type":"WebSite","@id":"https:\/\/www.batxilleratgranes.com\/es\/#website","url":"https:\/\/www.batxilleratgranes.com\/es\/","name":"Gran\u00e9s Batxillerat - Escuela especializada en Bachillerato en Barcelona","description":"Escola especialitzada en Batxillerat a Barcelona","publisher":{"@id":"https:\/\/www.batxilleratgranes.com\/es\/#organization"},"potentialAction":[{"@type":"SearchAction","target":{"@type":"EntryPoint","urlTemplate":"https:\/\/www.batxilleratgranes.com\/es\/?s={search_term_string}"},"query-input":{"@type":"PropertyValueSpecification","valueRequired":true,"valueName":"search_term_string"}}],"inLanguage":"es"},{"@type":"Organization","@id":"https:\/\/www.batxilleratgranes.com\/es\/#organization","name":"Gran\u00e9s Batxillerat - Escuela especializada en Bachillerato en Barcelona","url":"https:\/\/www.batxilleratgranes.com\/es\/","logo":{"@type":"ImageObject","inLanguage":"es","@id":"https:\/\/www.batxilleratgranes.com\/es\/#\/schema\/logo\/image\/","url":"https:\/\/www.batxilleratgranes.com\/wp-content\/uploads\/2013\/01\/granes1.png","contentUrl":"https:\/\/www.batxilleratgranes.com\/wp-content\/uploads\/2013\/01\/granes1.png","width":292,"height":85,"caption":"Gran\u00e9s Batxillerat - Escuela especializada en Bachillerato en Barcelona"},"image":{"@id":"https:\/\/www.batxilleratgranes.com\/es\/#\/schema\/logo\/image\/"}},{"@type":"Person","@id":"https:\/\/www.batxilleratgranes.com\/es\/#\/schema\/person\/4e10f231f79e8e2d24629e02b8283201","name":"mireia.martinez","image":{"@type":"ImageObject","inLanguage":"es","@id":"https:\/\/www.batxilleratgranes.com\/es\/#\/schema\/person\/image\/","url":"https:\/\/secure.gravatar.com\/avatar\/8c952e346979fb1eaf89bbc4dfda29f0?s=96&d=mm&r=g","contentUrl":"https:\/\/secure.gravatar.com\/avatar\/8c952e346979fb1eaf89bbc4dfda29f0?s=96&d=mm&r=g","caption":"mireia.martinez"},"url":"https:\/\/www.batxilleratgranes.com\/es\/author\/mireia-martinez\/"}]}},"_links":{"self":[{"href":"https:\/\/www.batxilleratgranes.com\/es\/wp-json\/wp\/v2\/posts\/10174"}],"collection":[{"href":"https:\/\/www.batxilleratgranes.com\/es\/wp-json\/wp\/v2\/posts"}],"about":[{"href":"https:\/\/www.batxilleratgranes.com\/es\/wp-json\/wp\/v2\/types\/post"}],"author":[{"embeddable":true,"href":"https:\/\/www.batxilleratgranes.com\/es\/wp-json\/wp\/v2\/users\/5"}],"replies":[{"embeddable":true,"href":"https:\/\/www.batxilleratgranes.com\/es\/wp-json\/wp\/v2\/comments?post=10174"}],"version-history":[{"count":5,"href":"https:\/\/www.batxilleratgranes.com\/es\/wp-json\/wp\/v2\/posts\/10174\/revisions"}],"predecessor-version":[{"id":10217,"href":"https:\/\/www.batxilleratgranes.com\/es\/wp-json\/wp\/v2\/posts\/10174\/revisions\/10217"}],"wp:featuredmedia":[{"embeddable":true,"href":"https:\/\/www.batxilleratgranes.com\/es\/wp-json\/wp\/v2\/media\/10213"}],"wp:attachment":[{"href":"https:\/\/www.batxilleratgranes.com\/es\/wp-json\/wp\/v2\/media?parent=10174"}],"wp:term":[{"taxonomy":"category","embeddable":true,"href":"https:\/\/www.batxilleratgranes.com\/es\/wp-json\/wp\/v2\/categories?post=10174"},{"taxonomy":"post_tag","embeddable":true,"href":"https:\/\/www.batxilleratgranes.com\/es\/wp-json\/wp\/v2\/tags?post=10174"}],"curies":[{"name":"wp","href":"https:\/\/api.w.org\/{rel}","templated":true}]}}