{"id":10179,"date":"2018-11-27T08:14:16","date_gmt":"2018-11-27T08:14:16","guid":{"rendered":"http:\/\/www.batxilleratgranes.com\/?p=10179"},"modified":"2019-01-24T08:54:29","modified_gmt":"2019-01-24T08:54:29","slug":"taller-de-dietetica-i-nutricio-a-blanquerna","status":"publish","type":"post","link":"https:\/\/www.batxilleratgranes.com\/es\/taller-de-dietetica-i-nutricio-a-blanquerna\/","title":{"rendered":"Taller de diet\u00e8tica i nutrici\u00f3 a Blanquerna"},"content":{"rendered":"\n<p><\/p>\n\n\n<p style=\"text-align: justify;\">Les alumnes de 1r de batxillerat que cursen l\u2019itinerari en <strong><a href=\"https:\/\/www.batxilleratgranes.com\/batxillerat-ciencies-salut\">Ci\u00e8ncies de la Salut <\/a><\/strong>van realitzar ahir una interessant sortida a la <strong><a href=\"https:\/\/www.blanquerna.edu\/ca\/fcs\">Facultat de Ci\u00e8ncies de la Salut Blanquerna.<\/a><\/strong> Van posar-s&#8217;hi de valent a la cuina per eleborar un men\u00fa ben especial.<a href=\"https:\/\/www.batxilleratgranes.com\/wp-content\/uploads\/2019\/01\/IMG_2522.jpg\"><img loading=\"lazy\" decoding=\"async\" width=\"1080\" height=\"815\" class=\"size-full wp-image-11633 aligncenter\" src=\"https:\/\/www.batxilleratgranes.com\/wp-content\/uploads\/2019\/01\/IMG_2522.jpg\" alt=\"Taller Blanquerna- Diet\u00e8tica i  Salut\" srcset=\"https:\/\/www.batxilleratgranes.com\/wp-content\/uploads\/2019\/01\/IMG_2522.jpg 1080w, https:\/\/www.batxilleratgranes.com\/wp-content\/uploads\/2019\/01\/IMG_2522-300x226.jpg 300w, https:\/\/www.batxilleratgranes.com\/wp-content\/uploads\/2019\/01\/IMG_2522-768x580.jpg 768w, https:\/\/www.batxilleratgranes.com\/wp-content\/uploads\/2019\/01\/IMG_2522-1024x773.jpg 1024w, https:\/\/www.batxilleratgranes.com\/wp-content\/uploads\/2019\/01\/IMG_2522-650x491.jpg 650w, https:\/\/www.batxilleratgranes.com\/wp-content\/uploads\/2019\/01\/IMG_2522-960x724.jpg 960w, https:\/\/www.batxilleratgranes.com\/wp-content\/uploads\/2019\/01\/IMG_2522-1000x755.jpg 1000w\" sizes=\"(max-width: 1080px) 100vw, 1080px\" \/><\/a><a href=\"https:\/\/www.batxilleratgranes.com\/wp-content\/uploads\/2019\/01\/IMG_2523.jpg\"><img loading=\"lazy\" decoding=\"async\" width=\"1080\" height=\"815\" class=\"size-full wp-image-11634 aligncenter\" src=\"https:\/\/www.batxilleratgranes.com\/wp-content\/uploads\/2019\/01\/IMG_2523.jpg\" alt=\"Taller Blanquerna- Diet\u00e8tica i  Salut\" srcset=\"https:\/\/www.batxilleratgranes.com\/wp-content\/uploads\/2019\/01\/IMG_2523.jpg 1080w, https:\/\/www.batxilleratgranes.com\/wp-content\/uploads\/2019\/01\/IMG_2523-300x226.jpg 300w, https:\/\/www.batxilleratgranes.com\/wp-content\/uploads\/2019\/01\/IMG_2523-768x580.jpg 768w, https:\/\/www.batxilleratgranes.com\/wp-content\/uploads\/2019\/01\/IMG_2523-1024x773.jpg 1024w, https:\/\/www.batxilleratgranes.com\/wp-content\/uploads\/2019\/01\/IMG_2523-650x491.jpg 650w, https:\/\/www.batxilleratgranes.com\/wp-content\/uploads\/2019\/01\/IMG_2523-960x724.jpg 960w, https:\/\/www.batxilleratgranes.com\/wp-content\/uploads\/2019\/01\/IMG_2523-1000x755.jpg 1000w\" sizes=\"(max-width: 1080px) 100vw, 1080px\" \/><\/a><\/p>\n<p style=\"text-align: justify;\">En aquesta sortida, emmarcada dins el <strong>projecte<\/strong> que realitzen aquests alumnes sobre la malaltia de la <strong>fibrosi qu\u00edstica<\/strong>, van portar a terme un <strong>taller de diet\u00e8tica i nutrici\u00f3<\/strong> relacionat amb les dificultats que es troben aquests pacients. Durant la sessi\u00f3, van con\u00e8ixer quins eren els aliments que contribu\u00efen a millorar la qualitat de vida d&#8217;aquests malalts.<\/p>\n<p><a href=\"https:\/\/www.batxilleratgranes.com\/wp-content\/uploads\/2019\/01\/IMG_2520.jpg\"><img loading=\"lazy\" decoding=\"async\" width=\"1080\" height=\"809\" class=\"size-full wp-image-11632 aligncenter\" src=\"https:\/\/www.batxilleratgranes.com\/wp-content\/uploads\/2019\/01\/IMG_2520.jpg\" alt=\"Taller diet\u00e8tica i nutrici\u00f3 Blanquerna\" srcset=\"https:\/\/www.batxilleratgranes.com\/wp-content\/uploads\/2019\/01\/IMG_2520.jpg 1080w, https:\/\/www.batxilleratgranes.com\/wp-content\/uploads\/2019\/01\/IMG_2520-300x225.jpg 300w, https:\/\/www.batxilleratgranes.com\/wp-content\/uploads\/2019\/01\/IMG_2520-768x575.jpg 768w, https:\/\/www.batxilleratgranes.com\/wp-content\/uploads\/2019\/01\/IMG_2520-1024x767.jpg 1024w, https:\/\/www.batxilleratgranes.com\/wp-content\/uploads\/2019\/01\/IMG_2520-650x487.jpg 650w, https:\/\/www.batxilleratgranes.com\/wp-content\/uploads\/2019\/01\/IMG_2520-960x719.jpg 960w, https:\/\/www.batxilleratgranes.com\/wp-content\/uploads\/2019\/01\/IMG_2520-1000x749.jpg 1000w\" sizes=\"(max-width: 1080px) 100vw, 1080px\" \/><\/a><a href=\"https:\/\/www.batxilleratgranes.com\/wp-content\/uploads\/2019\/01\/EDTF3416.jpg\"><img loading=\"lazy\" decoding=\"async\" width=\"900\" height=\"1200\" class=\"size-full wp-image-11630 aligncenter\" src=\"https:\/\/www.batxilleratgranes.com\/wp-content\/uploads\/2019\/01\/EDTF3416.jpg\" alt=\"Taller Blanquerna- Diet\u00e8tica i  Salut\" srcset=\"https:\/\/www.batxilleratgranes.com\/wp-content\/uploads\/2019\/01\/EDTF3416.jpg 900w, https:\/\/www.batxilleratgranes.com\/wp-content\/uploads\/2019\/01\/EDTF3416-225x300.jpg 225w, https:\/\/www.batxilleratgranes.com\/wp-content\/uploads\/2019\/01\/EDTF3416-768x1024.jpg 768w, https:\/\/www.batxilleratgranes.com\/wp-content\/uploads\/2019\/01\/EDTF3416-650x867.jpg 650w\" sizes=\"(max-width: 900px) 100vw, 900px\" \/><\/a><\/p>","protected":false},"excerpt":{"rendered":"<p>Les alumnes de 1r de batxillerat que cursen l\u2019itinerari en Ci\u00e8ncies de la Salut van realitzar ahir una interessant sortida a la Facultat de Ci\u00e8ncies de la Salut Blanquerna. Van posar-s&#8217;hi de valent a la cuina per eleborar un men\u00fa ben especial. En aquesta sortida, emmarcada dins el projecte que realitzen aquests alumnes sobre la&hellip;&nbsp;<a href=\"https:\/\/www.batxilleratgranes.com\/es\/taller-de-dietetica-i-nutricio-a-blanquerna\/\" class=\"\" rel=\"bookmark\">Read More &raquo;<span class=\"screen-reader-text\">Taller de diet\u00e8tica i nutrici\u00f3 a Blanquerna<\/span><\/a><\/p>\n","protected":false},"author":5,"featured_media":11635,"comment_status":"open","ping_status":"open","sticky":false,"template":"","format":"standard","meta":{"neve_meta_sidebar":"","neve_meta_container":"","neve_meta_enable_content_width":"","neve_meta_content_width":0,"neve_meta_title_alignment":"","neve_meta_author_avatar":"","neve_post_elements_order":"","neve_meta_disable_header":"","neve_meta_disable_footer":"","neve_meta_disable_title":"","footnotes":""},"categories":[7],"tags":[495,510,735,682,736],"class_list":["post-10179","post","type-post","status-publish","format-standard","has-post-thumbnail","hentry","category-centre-batxillerat-granes","tag-blanquerna","tag-ciencies-de-la-salut","tag-dietetica-i-nutricio","tag-fibrosi-quistica","tag-projecte"],"yoast_head":"<!-- This site is optimized with the Yoast SEO plugin v23.4 - https:\/\/yoast.com\/wordpress\/plugins\/seo\/ -->\n<title>Taller de diet\u00e8tica i nutrici\u00f3 a Blanquerna - Gran\u00e9s Batxillerat - Escuela especializada en Bachillerato en Barcelona<\/title>\n<meta name=\"robots\" content=\"index, follow, max-snippet:-1, max-image-preview:large, max-video-preview:-1\" \/>\n<link rel=\"canonical\" href=\"https:\/\/www.batxilleratgranes.com\/es\/taller-de-dietetica-i-nutricio-a-blanquerna\/\" \/>\n<meta property=\"og:locale\" content=\"es_ES\" \/>\n<meta property=\"og:type\" content=\"article\" \/>\n<meta property=\"og:title\" content=\"Taller de diet\u00e8tica i nutrici\u00f3 a Blanquerna - Gran\u00e9s Batxillerat - Escuela especializada en Bachillerato en Barcelona\" \/>\n<meta property=\"og:description\" content=\"Les alumnes de 1r de batxillerat que cursen l\u2019itinerari en Ci\u00e8ncies de la Salut van realitzar ahir una interessant sortida a la Facultat de Ci\u00e8ncies de la Salut Blanquerna. Van posar-s&#8217;hi de valent a la cuina per eleborar un men\u00fa ben especial. En aquesta sortida, emmarcada dins el projecte que realitzen aquests alumnes sobre la&hellip;&nbsp;Read More &raquo;Taller de diet\u00e8tica i nutrici\u00f3 a Blanquerna\" \/>\n<meta property=\"og:url\" content=\"https:\/\/www.batxilleratgranes.com\/es\/taller-de-dietetica-i-nutricio-a-blanquerna\/\" \/>\n<meta property=\"og:site_name\" content=\"Gran\u00e9s Batxillerat - Escuela especializada en Bachillerato en Barcelona\" \/>\n<meta property=\"article:published_time\" content=\"2018-11-27T08:14:16+00:00\" \/>\n<meta property=\"article:modified_time\" content=\"2019-01-24T08:54:29+00:00\" \/>\n<meta property=\"og:image\" content=\"https:\/\/www.batxilleratgranes.com\/wp-content\/uploads\/2019\/01\/IMG_2519-1.jpg\" \/>\n\t<meta property=\"og:image:width\" content=\"1080\" \/>\n\t<meta property=\"og:image:height\" content=\"815\" \/>\n\t<meta property=\"og:image:type\" content=\"image\/jpeg\" \/>\n<meta name=\"author\" content=\"mireia.martinez\" \/>\n<meta name=\"twitter:card\" content=\"summary_large_image\" \/>\n<meta name=\"twitter:label1\" content=\"Written by\" \/>\n\t<meta name=\"twitter:data1\" content=\"mireia.martinez\" \/>\n\t<meta name=\"twitter:label2\" content=\"Est. reading time\" \/>\n\t<meta name=\"twitter:data2\" content=\"1 minute\" \/>\n<script type=\"application\/ld+json\" class=\"yoast-schema-graph\">{\"@context\":\"https:\/\/schema.org\",\"@graph\":[{\"@type\":\"Article\",\"@id\":\"https:\/\/www.batxilleratgranes.com\/es\/taller-de-dietetica-i-nutricio-a-blanquerna\/#article\",\"isPartOf\":{\"@id\":\"https:\/\/www.batxilleratgranes.com\/es\/taller-de-dietetica-i-nutricio-a-blanquerna\/\"},\"author\":{\"name\":\"mireia.martinez\",\"@id\":\"https:\/\/www.batxilleratgranes.com\/es\/#\/schema\/person\/4e10f231f79e8e2d24629e02b8283201\"},\"headline\":\"Taller de diet\u00e8tica i nutrici\u00f3 a Blanquerna\",\"datePublished\":\"2018-11-27T08:14:16+00:00\",\"dateModified\":\"2019-01-24T08:54:29+00:00\",\"mainEntityOfPage\":{\"@id\":\"https:\/\/www.batxilleratgranes.com\/es\/taller-de-dietetica-i-nutricio-a-blanquerna\/\"},\"wordCount\":115,\"commentCount\":0,\"publisher\":{\"@id\":\"https:\/\/www.batxilleratgranes.com\/es\/#organization\"},\"image\":{\"@id\":\"https:\/\/www.batxilleratgranes.com\/es\/taller-de-dietetica-i-nutricio-a-blanquerna\/#primaryimage\"},\"thumbnailUrl\":\"https:\/\/www.batxilleratgranes.com\/wp-content\/uploads\/2019\/01\/IMG_2519-1.jpg\",\"keywords\":[\"Blanquerna\",\"Ci\u00e8ncies de la Salut\",\"Diet\u00e8tica i nutrici\u00f3\",\"Fibrosi Qu\u00edstica\",\"Projecte\"],\"articleSection\":[\"Activitats Gran\u00e9s\"],\"inLanguage\":\"es\",\"potentialAction\":[{\"@type\":\"CommentAction\",\"name\":\"Comment\",\"target\":[\"https:\/\/www.batxilleratgranes.com\/es\/taller-de-dietetica-i-nutricio-a-blanquerna\/#respond\"]}]},{\"@type\":\"WebPage\",\"@id\":\"https:\/\/www.batxilleratgranes.com\/es\/taller-de-dietetica-i-nutricio-a-blanquerna\/\",\"url\":\"https:\/\/www.batxilleratgranes.com\/es\/taller-de-dietetica-i-nutricio-a-blanquerna\/\",\"name\":\"Taller de diet\u00e8tica i nutrici\u00f3 a Blanquerna - Gran\u00e9s Batxillerat - Escuela especializada en Bachillerato en Barcelona\",\"isPartOf\":{\"@id\":\"https:\/\/www.batxilleratgranes.com\/es\/#website\"},\"primaryImageOfPage\":{\"@id\":\"https:\/\/www.batxilleratgranes.com\/es\/taller-de-dietetica-i-nutricio-a-blanquerna\/#primaryimage\"},\"image\":{\"@id\":\"https:\/\/www.batxilleratgranes.com\/es\/taller-de-dietetica-i-nutricio-a-blanquerna\/#primaryimage\"},\"thumbnailUrl\":\"https:\/\/www.batxilleratgranes.com\/wp-content\/uploads\/2019\/01\/IMG_2519-1.jpg\",\"datePublished\":\"2018-11-27T08:14:16+00:00\",\"dateModified\":\"2019-01-24T08:54:29+00:00\",\"breadcrumb\":{\"@id\":\"https:\/\/www.batxilleratgranes.com\/es\/taller-de-dietetica-i-nutricio-a-blanquerna\/#breadcrumb\"},\"inLanguage\":\"es\",\"potentialAction\":[{\"@type\":\"ReadAction\",\"target\":[\"https:\/\/www.batxilleratgranes.com\/es\/taller-de-dietetica-i-nutricio-a-blanquerna\/\"]}]},{\"@type\":\"ImageObject\",\"inLanguage\":\"es\",\"@id\":\"https:\/\/www.batxilleratgranes.com\/es\/taller-de-dietetica-i-nutricio-a-blanquerna\/#primaryimage\",\"url\":\"https:\/\/www.batxilleratgranes.com\/wp-content\/uploads\/2019\/01\/IMG_2519-1.jpg\",\"contentUrl\":\"https:\/\/www.batxilleratgranes.com\/wp-content\/uploads\/2019\/01\/IMG_2519-1.jpg\",\"width\":1080,\"height\":815},{\"@type\":\"BreadcrumbList\",\"@id\":\"https:\/\/www.batxilleratgranes.com\/es\/taller-de-dietetica-i-nutricio-a-blanquerna\/#breadcrumb\",\"itemListElement\":[{\"@type\":\"ListItem\",\"position\":1,\"name\":\"Inici\",\"item\":\"https:\/\/www.batxilleratgranes.com\/es\/\"},{\"@type\":\"ListItem\",\"position\":2,\"name\":\"Taller de diet\u00e8tica i nutrici\u00f3 a Blanquerna\"}]},{\"@type\":\"WebSite\",\"@id\":\"https:\/\/www.batxilleratgranes.com\/es\/#website\",\"url\":\"https:\/\/www.batxilleratgranes.com\/es\/\",\"name\":\"Gran\u00e9s Batxillerat - Escuela especializada en Bachillerato en Barcelona\",\"description\":\"Escola especialitzada en Batxillerat a Barcelona\",\"publisher\":{\"@id\":\"https:\/\/www.batxilleratgranes.com\/es\/#organization\"},\"potentialAction\":[{\"@type\":\"SearchAction\",\"target\":{\"@type\":\"EntryPoint\",\"urlTemplate\":\"https:\/\/www.batxilleratgranes.com\/es\/?s={search_term_string}\"},\"query-input\":{\"@type\":\"PropertyValueSpecification\",\"valueRequired\":true,\"valueName\":\"search_term_string\"}}],\"inLanguage\":\"es\"},{\"@type\":\"Organization\",\"@id\":\"https:\/\/www.batxilleratgranes.com\/es\/#organization\",\"name\":\"Gran\u00e9s Batxillerat - Escuela especializada en Bachillerato en Barcelona\",\"url\":\"https:\/\/www.batxilleratgranes.com\/es\/\",\"logo\":{\"@type\":\"ImageObject\",\"inLanguage\":\"es\",\"@id\":\"https:\/\/www.batxilleratgranes.com\/es\/#\/schema\/logo\/image\/\",\"url\":\"https:\/\/www.batxilleratgranes.com\/wp-content\/uploads\/2013\/01\/granes1.png\",\"contentUrl\":\"https:\/\/www.batxilleratgranes.com\/wp-content\/uploads\/2013\/01\/granes1.png\",\"width\":292,\"height\":85,\"caption\":\"Gran\u00e9s Batxillerat - Escuela especializada en Bachillerato en Barcelona\"},\"image\":{\"@id\":\"https:\/\/www.batxilleratgranes.com\/es\/#\/schema\/logo\/image\/\"}},{\"@type\":\"Person\",\"@id\":\"https:\/\/www.batxilleratgranes.com\/es\/#\/schema\/person\/4e10f231f79e8e2d24629e02b8283201\",\"name\":\"mireia.martinez\",\"image\":{\"@type\":\"ImageObject\",\"inLanguage\":\"es\",\"@id\":\"https:\/\/www.batxilleratgranes.com\/es\/#\/schema\/person\/image\/\",\"url\":\"https:\/\/secure.gravatar.com\/avatar\/8c952e346979fb1eaf89bbc4dfda29f0?s=96&d=mm&r=g\",\"contentUrl\":\"https:\/\/secure.gravatar.com\/avatar\/8c952e346979fb1eaf89bbc4dfda29f0?s=96&d=mm&r=g\",\"caption\":\"mireia.martinez\"},\"url\":\"https:\/\/www.batxilleratgranes.com\/es\/author\/mireia-martinez\/\"}]}<\/script>\n<!-- \/ Yoast SEO plugin. -->","yoast_head_json":{"title":"Taller de diet\u00e8tica i nutrici\u00f3 a Blanquerna - Gran\u00e9s Batxillerat - Escuela especializada en Bachillerato en Barcelona","robots":{"index":"index","follow":"follow","max-snippet":"max-snippet:-1","max-image-preview":"max-image-preview:large","max-video-preview":"max-video-preview:-1"},"canonical":"https:\/\/www.batxilleratgranes.com\/es\/taller-de-dietetica-i-nutricio-a-blanquerna\/","og_locale":"es_ES","og_type":"article","og_title":"Taller de diet\u00e8tica i nutrici\u00f3 a Blanquerna - Gran\u00e9s Batxillerat - Escuela especializada en Bachillerato en Barcelona","og_description":"Les alumnes de 1r de batxillerat que cursen l\u2019itinerari en Ci\u00e8ncies de la Salut van realitzar ahir una interessant sortida a la Facultat de Ci\u00e8ncies de la Salut Blanquerna. Van posar-s&#8217;hi de valent a la cuina per eleborar un men\u00fa ben especial. En aquesta sortida, emmarcada dins el projecte que realitzen aquests alumnes sobre la&hellip;&nbsp;Read More &raquo;Taller de diet\u00e8tica i nutrici\u00f3 a Blanquerna","og_url":"https:\/\/www.batxilleratgranes.com\/es\/taller-de-dietetica-i-nutricio-a-blanquerna\/","og_site_name":"Gran\u00e9s Batxillerat - Escuela especializada en Bachillerato en Barcelona","article_published_time":"2018-11-27T08:14:16+00:00","article_modified_time":"2019-01-24T08:54:29+00:00","og_image":[{"width":1080,"height":815,"url":"https:\/\/www.batxilleratgranes.com\/wp-content\/uploads\/2019\/01\/IMG_2519-1.jpg","type":"image\/jpeg"}],"author":"mireia.martinez","twitter_card":"summary_large_image","twitter_misc":{"Written by":"mireia.martinez","Est. reading time":"1 minute"},"schema":{"@context":"https:\/\/schema.org","@graph":[{"@type":"Article","@id":"https:\/\/www.batxilleratgranes.com\/es\/taller-de-dietetica-i-nutricio-a-blanquerna\/#article","isPartOf":{"@id":"https:\/\/www.batxilleratgranes.com\/es\/taller-de-dietetica-i-nutricio-a-blanquerna\/"},"author":{"name":"mireia.martinez","@id":"https:\/\/www.batxilleratgranes.com\/es\/#\/schema\/person\/4e10f231f79e8e2d24629e02b8283201"},"headline":"Taller de diet\u00e8tica i nutrici\u00f3 a Blanquerna","datePublished":"2018-11-27T08:14:16+00:00","dateModified":"2019-01-24T08:54:29+00:00","mainEntityOfPage":{"@id":"https:\/\/www.batxilleratgranes.com\/es\/taller-de-dietetica-i-nutricio-a-blanquerna\/"},"wordCount":115,"commentCount":0,"publisher":{"@id":"https:\/\/www.batxilleratgranes.com\/es\/#organization"},"image":{"@id":"https:\/\/www.batxilleratgranes.com\/es\/taller-de-dietetica-i-nutricio-a-blanquerna\/#primaryimage"},"thumbnailUrl":"https:\/\/www.batxilleratgranes.com\/wp-content\/uploads\/2019\/01\/IMG_2519-1.jpg","keywords":["Blanquerna","Ci\u00e8ncies de la Salut","Diet\u00e8tica i nutrici\u00f3","Fibrosi Qu\u00edstica","Projecte"],"articleSection":["Activitats Gran\u00e9s"],"inLanguage":"es","potentialAction":[{"@type":"CommentAction","name":"Comment","target":["https:\/\/www.batxilleratgranes.com\/es\/taller-de-dietetica-i-nutricio-a-blanquerna\/#respond"]}]},{"@type":"WebPage","@id":"https:\/\/www.batxilleratgranes.com\/es\/taller-de-dietetica-i-nutricio-a-blanquerna\/","url":"https:\/\/www.batxilleratgranes.com\/es\/taller-de-dietetica-i-nutricio-a-blanquerna\/","name":"Taller de diet\u00e8tica i nutrici\u00f3 a Blanquerna - Gran\u00e9s Batxillerat - Escuela especializada en Bachillerato en Barcelona","isPartOf":{"@id":"https:\/\/www.batxilleratgranes.com\/es\/#website"},"primaryImageOfPage":{"@id":"https:\/\/www.batxilleratgranes.com\/es\/taller-de-dietetica-i-nutricio-a-blanquerna\/#primaryimage"},"image":{"@id":"https:\/\/www.batxilleratgranes.com\/es\/taller-de-dietetica-i-nutricio-a-blanquerna\/#primaryimage"},"thumbnailUrl":"https:\/\/www.batxilleratgranes.com\/wp-content\/uploads\/2019\/01\/IMG_2519-1.jpg","datePublished":"2018-11-27T08:14:16+00:00","dateModified":"2019-01-24T08:54:29+00:00","breadcrumb":{"@id":"https:\/\/www.batxilleratgranes.com\/es\/taller-de-dietetica-i-nutricio-a-blanquerna\/#breadcrumb"},"inLanguage":"es","potentialAction":[{"@type":"ReadAction","target":["https:\/\/www.batxilleratgranes.com\/es\/taller-de-dietetica-i-nutricio-a-blanquerna\/"]}]},{"@type":"ImageObject","inLanguage":"es","@id":"https:\/\/www.batxilleratgranes.com\/es\/taller-de-dietetica-i-nutricio-a-blanquerna\/#primaryimage","url":"https:\/\/www.batxilleratgranes.com\/wp-content\/uploads\/2019\/01\/IMG_2519-1.jpg","contentUrl":"https:\/\/www.batxilleratgranes.com\/wp-content\/uploads\/2019\/01\/IMG_2519-1.jpg","width":1080,"height":815},{"@type":"BreadcrumbList","@id":"https:\/\/www.batxilleratgranes.com\/es\/taller-de-dietetica-i-nutricio-a-blanquerna\/#breadcrumb","itemListElement":[{"@type":"ListItem","position":1,"name":"Inici","item":"https:\/\/www.batxilleratgranes.com\/es\/"},{"@type":"ListItem","position":2,"name":"Taller de diet\u00e8tica i nutrici\u00f3 a Blanquerna"}]},{"@type":"WebSite","@id":"https:\/\/www.batxilleratgranes.com\/es\/#website","url":"https:\/\/www.batxilleratgranes.com\/es\/","name":"Gran\u00e9s Batxillerat - Escuela especializada en Bachillerato en Barcelona","description":"Escola especialitzada en Batxillerat a Barcelona","publisher":{"@id":"https:\/\/www.batxilleratgranes.com\/es\/#organization"},"potentialAction":[{"@type":"SearchAction","target":{"@type":"EntryPoint","urlTemplate":"https:\/\/www.batxilleratgranes.com\/es\/?s={search_term_string}"},"query-input":{"@type":"PropertyValueSpecification","valueRequired":true,"valueName":"search_term_string"}}],"inLanguage":"es"},{"@type":"Organization","@id":"https:\/\/www.batxilleratgranes.com\/es\/#organization","name":"Gran\u00e9s Batxillerat - Escuela especializada en Bachillerato en Barcelona","url":"https:\/\/www.batxilleratgranes.com\/es\/","logo":{"@type":"ImageObject","inLanguage":"es","@id":"https:\/\/www.batxilleratgranes.com\/es\/#\/schema\/logo\/image\/","url":"https:\/\/www.batxilleratgranes.com\/wp-content\/uploads\/2013\/01\/granes1.png","contentUrl":"https:\/\/www.batxilleratgranes.com\/wp-content\/uploads\/2013\/01\/granes1.png","width":292,"height":85,"caption":"Gran\u00e9s Batxillerat - Escuela especializada en Bachillerato en Barcelona"},"image":{"@id":"https:\/\/www.batxilleratgranes.com\/es\/#\/schema\/logo\/image\/"}},{"@type":"Person","@id":"https:\/\/www.batxilleratgranes.com\/es\/#\/schema\/person\/4e10f231f79e8e2d24629e02b8283201","name":"mireia.martinez","image":{"@type":"ImageObject","inLanguage":"es","@id":"https:\/\/www.batxilleratgranes.com\/es\/#\/schema\/person\/image\/","url":"https:\/\/secure.gravatar.com\/avatar\/8c952e346979fb1eaf89bbc4dfda29f0?s=96&d=mm&r=g","contentUrl":"https:\/\/secure.gravatar.com\/avatar\/8c952e346979fb1eaf89bbc4dfda29f0?s=96&d=mm&r=g","caption":"mireia.martinez"},"url":"https:\/\/www.batxilleratgranes.com\/es\/author\/mireia-martinez\/"}]}},"_links":{"self":[{"href":"https:\/\/www.batxilleratgranes.com\/es\/wp-json\/wp\/v2\/posts\/10179"}],"collection":[{"href":"https:\/\/www.batxilleratgranes.com\/es\/wp-json\/wp\/v2\/posts"}],"about":[{"href":"https:\/\/www.batxilleratgranes.com\/es\/wp-json\/wp\/v2\/types\/post"}],"author":[{"embeddable":true,"href":"https:\/\/www.batxilleratgranes.com\/es\/wp-json\/wp\/v2\/users\/5"}],"replies":[{"embeddable":true,"href":"https:\/\/www.batxilleratgranes.com\/es\/wp-json\/wp\/v2\/comments?post=10179"}],"version-history":[{"count":13,"href":"https:\/\/www.batxilleratgranes.com\/es\/wp-json\/wp\/v2\/posts\/10179\/revisions"}],"predecessor-version":[{"id":11660,"href":"https:\/\/www.batxilleratgranes.com\/es\/wp-json\/wp\/v2\/posts\/10179\/revisions\/11660"}],"wp:featuredmedia":[{"embeddable":true,"href":"https:\/\/www.batxilleratgranes.com\/es\/wp-json\/wp\/v2\/media\/11635"}],"wp:attachment":[{"href":"https:\/\/www.batxilleratgranes.com\/es\/wp-json\/wp\/v2\/media?parent=10179"}],"wp:term":[{"taxonomy":"category","embeddable":true,"href":"https:\/\/www.batxilleratgranes.com\/es\/wp-json\/wp\/v2\/categories?post=10179"},{"taxonomy":"post_tag","embeddable":true,"href":"https:\/\/www.batxilleratgranes.com\/es\/wp-json\/wp\/v2\/tags?post=10179"}],"curies":[{"name":"wp","href":"https:\/\/api.w.org\/{rel}","templated":true}]}}