{"id":10467,"date":"2018-12-18T06:09:48","date_gmt":"2018-12-18T06:09:48","guid":{"rendered":"http:\/\/www.batxilleratgranes.com\/?p=10467"},"modified":"2018-12-18T06:16:32","modified_gmt":"2018-12-18T06:16:32","slug":"moltes-gracies-per-la-vostra-solidaritat-3","status":"publish","type":"post","link":"https:\/\/www.batxilleratgranes.com\/es\/moltes-gracies-per-la-vostra-solidaritat-3\/","title":{"rendered":"Moltes gr\u00e0cies per la vostra solidaritat!"},"content":{"rendered":"<p style=\"text-align: justify;\">Ja hem fet recompte dels <strong>quilos <\/strong>que hem aconseguit <strong>recaptar<\/strong> a les <strong>Jornades de Solidaritat<\/strong> que hem\u00a0organitzat aquests dies a <a href=\"http:\/\/www.batxilleratgranes.com\"><span class=\"hiddenSpellError\">Gran\u00e9s<\/span> Batxillera<\/a>t.\u00a0Estem molt contents perqu\u00e8, gr\u00e0cies a la vostra col\u00b7laboraci\u00f3, hem aconseguit recollir\u00a0<b>147 quilos de productes alimentaris <\/b><span style=\"font-weight: 400;\">(pasta, oli d\u2019oliva, llegums&#8230; )<\/span><b> i d\u2019higiene <\/b><span style=\"font-weight: 400;\">per a les entitats <strong>Fundaci\u00f3 Banc dels Aliments<\/strong> i <strong>Avism\u00f3n.<\/strong>\u00a0<\/span><\/p>\n<p><a href=\"http:\/\/www.batxilleratgranes.com\/wp-content\/uploads\/2018\/12\/IMG_3090.jpg\"><img loading=\"lazy\" decoding=\"async\" class=\"aligncenter wp-image-10525 size-large\" src=\"http:\/\/www.batxilleratgranes.com\/wp-content\/uploads\/2018\/12\/IMG_3090-1024x768.jpg\" alt=\"Recollida d'Aliments\" width=\"650\" height=\"488\" srcset=\"https:\/\/www.batxilleratgranes.com\/wp-content\/uploads\/2018\/12\/IMG_3090-1024x768.jpg 1024w, https:\/\/www.batxilleratgranes.com\/wp-content\/uploads\/2018\/12\/IMG_3090-300x225.jpg 300w, https:\/\/www.batxilleratgranes.com\/wp-content\/uploads\/2018\/12\/IMG_3090-768x576.jpg 768w, https:\/\/www.batxilleratgranes.com\/wp-content\/uploads\/2018\/12\/IMG_3090-650x488.jpg 650w, https:\/\/www.batxilleratgranes.com\/wp-content\/uploads\/2018\/12\/IMG_3090-960x720.jpg 960w, https:\/\/www.batxilleratgranes.com\/wp-content\/uploads\/2018\/12\/IMG_3090-1000x750.jpg 1000w, https:\/\/www.batxilleratgranes.com\/wp-content\/uploads\/2018\/12\/IMG_3090.jpg 1200w\" sizes=\"(max-width: 650px) 100vw, 650px\" \/><\/a><\/p>\n<p>Com b\u00e9 sabeu, a m\u00e9s de la recollida d&#8217;aliments, en aquestes Jornades de Solidaritat s&#8217;han realitzat a l&#8217;escola altres activitats per recaptar diners per a La Marat\u00f3 de TV3.<\/p>\n<p><span style=\"text-decoration: underline;\"><strong>Esmorzar i Patis Solidaris per a La Marat\u00f3<\/strong><\/span><\/p>\n<p style=\"text-align: justify;\"><span style=\"font-weight: 400;\">Hem aconseguit <\/span><b>263,90\u00a0euros <\/b><span style=\"font-weight: 400;\">gr\u00e0cies a la venda de pastissos i altres productes dol\u00e7os i salats que van fer els nostres alumnes, aix\u00ed com a les activitats organitzades a <strong>Els Patis Solidaris de la Gran\u00e9s<\/strong>: venda d\u2019<strong>arracades solid\u00e0ries<\/strong>, <strong>espectacle de m\u00e0gia<\/strong> i <strong>cantada al carrer dels alumnes d\u2019Arts Esc\u00e8niques<\/strong>. Tots aquests diners han estat destinats \u00edntegrament a col\u00b7laborar amb La Marat\u00f3 de TV3, que enguany s\u2019ha centrat en el c\u00e0ncer.<\/span><\/p>\n<p style=\"text-align: justify;\"><a href=\"http:\/\/www.batxilleratgranes.com\/wp-content\/uploads\/2018\/12\/14.jpg\"><img loading=\"lazy\" decoding=\"async\" class=\"aligncenter wp-image-10528\" src=\"http:\/\/www.batxilleratgranes.com\/wp-content\/uploads\/2018\/12\/14.jpg\" alt=\"Moltes gr\u00e0cies per la vostra col\u00b7laboraci\u00f3!\" width=\"650\" height=\"487\" srcset=\"https:\/\/www.batxilleratgranes.com\/wp-content\/uploads\/2018\/12\/14.jpg 818w, https:\/\/www.batxilleratgranes.com\/wp-content\/uploads\/2018\/12\/14-300x225.jpg 300w, https:\/\/www.batxilleratgranes.com\/wp-content\/uploads\/2018\/12\/14-768x576.jpg 768w, https:\/\/www.batxilleratgranes.com\/wp-content\/uploads\/2018\/12\/14-650x487.jpg 650w\" sizes=\"(max-width: 650px) 100vw, 650px\" \/><\/a><\/p>\n<p><a href=\"http:\/\/www.batxilleratgranes.com\/wp-content\/uploads\/2018\/12\/IMG_2635.jpg\"><img loading=\"lazy\" decoding=\"async\" class=\"aligncenter wp-image-10529 size-large\" src=\"http:\/\/www.batxilleratgranes.com\/wp-content\/uploads\/2018\/12\/IMG_2635-1024x768.jpg\" alt=\"Moltes gr\u00e0cies per la vostra col\u00b7laboraci\u00f3!\" width=\"650\" height=\"488\" srcset=\"https:\/\/www.batxilleratgranes.com\/wp-content\/uploads\/2018\/12\/IMG_2635-1024x768.jpg 1024w, https:\/\/www.batxilleratgranes.com\/wp-content\/uploads\/2018\/12\/IMG_2635-300x225.jpg 300w, https:\/\/www.batxilleratgranes.com\/wp-content\/uploads\/2018\/12\/IMG_2635-768x576.jpg 768w, https:\/\/www.batxilleratgranes.com\/wp-content\/uploads\/2018\/12\/IMG_2635-650x488.jpg 650w, https:\/\/www.batxilleratgranes.com\/wp-content\/uploads\/2018\/12\/IMG_2635-960x720.jpg 960w, https:\/\/www.batxilleratgranes.com\/wp-content\/uploads\/2018\/12\/IMG_2635-1000x750.jpg 1000w, https:\/\/www.batxilleratgranes.com\/wp-content\/uploads\/2018\/12\/IMG_2635.jpg 1200w\" sizes=\"(max-width: 650px) 100vw, 650px\" \/><\/a><\/p>\n<p><a href=\"http:\/\/www.batxilleratgranes.com\/wp-content\/uploads\/2018\/12\/PHOTO-2018-11-30-12-45-52.jpg\"><img loading=\"lazy\" decoding=\"async\" class=\"aligncenter wp-image-10530 size-large\" src=\"http:\/\/www.batxilleratgranes.com\/wp-content\/uploads\/2018\/12\/PHOTO-2018-11-30-12-45-52-1024x768.jpg\" alt=\"Moltes gr\u00e0cies per la vostra col\u00b7laboraci\u00f3!\" width=\"650\" height=\"488\" srcset=\"https:\/\/www.batxilleratgranes.com\/wp-content\/uploads\/2018\/12\/PHOTO-2018-11-30-12-45-52-1024x768.jpg 1024w, https:\/\/www.batxilleratgranes.com\/wp-content\/uploads\/2018\/12\/PHOTO-2018-11-30-12-45-52-300x225.jpg 300w, https:\/\/www.batxilleratgranes.com\/wp-content\/uploads\/2018\/12\/PHOTO-2018-11-30-12-45-52-768x576.jpg 768w, https:\/\/www.batxilleratgranes.com\/wp-content\/uploads\/2018\/12\/PHOTO-2018-11-30-12-45-52-650x488.jpg 650w, https:\/\/www.batxilleratgranes.com\/wp-content\/uploads\/2018\/12\/PHOTO-2018-11-30-12-45-52-960x720.jpg 960w, https:\/\/www.batxilleratgranes.com\/wp-content\/uploads\/2018\/12\/PHOTO-2018-11-30-12-45-52-1000x750.jpg 1000w, https:\/\/www.batxilleratgranes.com\/wp-content\/uploads\/2018\/12\/PHOTO-2018-11-30-12-45-52.jpg 1200w\" sizes=\"(max-width: 650px) 100vw, 650px\" \/><\/a><\/p>\n<p style=\"text-align: justify;\"><span style=\"font-weight: 400;\">Per cert, que ja tenim <strong>guanyador al millor esmorzar solidari<\/strong>: Jan S., de 1r de Batxillerat. El seu arbre de Nadal farcit amb verduretes va recollir el nombre m\u00e9s gran de vots.<\/span><span style=\"font-weight: 400;\"> El seu premi consisteix en un taller al<strong> Museu de la Xocolata<\/strong> perqu\u00e8 segueixi fent cr\u00e9ixer les seves habilitats culin\u00e0ries.<\/span><\/p>\n<p><a href=\"http:\/\/www.batxilleratgranes.com\/wp-content\/uploads\/2018\/12\/2.jpg\"><img loading=\"lazy\" decoding=\"async\" class=\"aligncenter wp-image-10531 size-large\" src=\"http:\/\/www.batxilleratgranes.com\/wp-content\/uploads\/2018\/12\/2-768x1024.jpg\" alt=\"Moltes gr\u00e0cies per la vostra col\u00b7laboraci\u00f3!\" width=\"650\" height=\"867\" srcset=\"https:\/\/www.batxilleratgranes.com\/wp-content\/uploads\/2018\/12\/2-768x1024.jpg 768w, https:\/\/www.batxilleratgranes.com\/wp-content\/uploads\/2018\/12\/2-225x300.jpg 225w, https:\/\/www.batxilleratgranes.com\/wp-content\/uploads\/2018\/12\/2-650x867.jpg 650w, https:\/\/www.batxilleratgranes.com\/wp-content\/uploads\/2018\/12\/2.jpg 900w\" sizes=\"(max-width: 650px) 100vw, 650px\" \/><\/a><\/p>\n<p style=\"text-align: justify;\">Diumenge, <strong>La Marat\u00f3<\/strong> va tancar el marcador amb <strong>10.715.430 \u20ac<\/strong> que aniran destinats a projectes d\u2019investigaci\u00f3 cient\u00edfica sobre\u00a0el c\u00e0ncer. I Gran\u00e9s Batxillerat va aportar el seu granet de sorra.<\/p>\n<h3 style=\"text-align: center;\"><strong>Moltes gr\u00e0cies a tots per fer-ho possible!<\/strong><\/h3>\n<p style=\"font-weight: 400;\">\n","protected":false},"excerpt":{"rendered":"<p>Ja hem fet recompte dels quilos que hem aconseguit recaptar a les Jornades de Solidaritat que hem\u00a0organitzat aquests dies a Gran\u00e9s Batxillerat.\u00a0Estem molt contents perqu\u00e8, gr\u00e0cies a la vostra col\u00b7laboraci\u00f3, hem aconseguit recollir\u00a0147 quilos de productes alimentaris (pasta, oli d\u2019oliva, llegums&#8230; ) i d\u2019higiene per a les entitats Fundaci\u00f3 Banc dels Aliments i Avism\u00f3n.\u00a0 Com&hellip;&nbsp;<a href=\"https:\/\/www.batxilleratgranes.com\/es\/moltes-gracies-per-la-vostra-solidaritat-3\/\" class=\"\" rel=\"bookmark\">Read More &raquo;<span class=\"screen-reader-text\">Moltes gr\u00e0cies per la vostra solidaritat!<\/span><\/a><\/p>\n","protected":false},"author":5,"featured_media":10524,"comment_status":"open","ping_status":"open","sticky":false,"template":"","format":"standard","meta":{"neve_meta_sidebar":"","neve_meta_container":"","neve_meta_enable_content_width":"","neve_meta_content_width":0,"neve_meta_title_alignment":"","neve_meta_author_avatar":"","neve_post_elements_order":"","neve_meta_disable_header":"","neve_meta_disable_footer":"","neve_meta_disable_title":"","footnotes":""},"categories":[7],"tags":[92,703,94,687,453,688,90],"class_list":["post-10467","post","type-post","status-publish","format-standard","has-post-thumbnail","hentry","category-centre-batxillerat-granes","tag-avismon","tag-cancer","tag-fundacio-banc-dels-aliments","tag-jornades-de-solidaritat","tag-la-marato-de-tv3","tag-recollida-daliments","tag-solidaritat"],"yoast_head":"<!-- This site is optimized with the Yoast SEO plugin v23.4 - https:\/\/yoast.com\/wordpress\/plugins\/seo\/ -->\n<title>Moltes gr\u00e0cies per la vostra solidaritat! - Gran\u00e9s Batxillerat - Escuela especializada en Bachillerato en Barcelona<\/title>\n<meta name=\"robots\" content=\"index, follow, max-snippet:-1, max-image-preview:large, max-video-preview:-1\" \/>\n<link rel=\"canonical\" href=\"https:\/\/www.batxilleratgranes.com\/es\/moltes-gracies-per-la-vostra-solidaritat-3\/\" \/>\n<meta property=\"og:locale\" content=\"es_ES\" \/>\n<meta property=\"og:type\" content=\"article\" \/>\n<meta property=\"og:title\" content=\"Moltes gr\u00e0cies per la vostra solidaritat! - Gran\u00e9s Batxillerat - Escuela especializada en Bachillerato en Barcelona\" \/>\n<meta property=\"og:description\" content=\"Ja hem fet recompte dels quilos que hem aconseguit recaptar a les Jornades de Solidaritat que hem\u00a0organitzat aquests dies a Gran\u00e9s Batxillerat.\u00a0Estem molt contents perqu\u00e8, gr\u00e0cies a la vostra col\u00b7laboraci\u00f3, hem aconseguit recollir\u00a0147 quilos de productes alimentaris (pasta, oli d\u2019oliva, llegums&#8230; ) i d\u2019higiene per a les entitats Fundaci\u00f3 Banc dels Aliments i Avism\u00f3n.\u00a0 Com&hellip;&nbsp;Read More &raquo;Moltes gr\u00e0cies per la vostra solidaritat!\" \/>\n<meta property=\"og:url\" content=\"https:\/\/www.batxilleratgranes.com\/es\/moltes-gracies-per-la-vostra-solidaritat-3\/\" \/>\n<meta property=\"og:site_name\" content=\"Gran\u00e9s Batxillerat - Escuela especializada en Bachillerato en Barcelona\" \/>\n<meta property=\"article:published_time\" content=\"2018-12-18T06:09:48+00:00\" \/>\n<meta property=\"article:modified_time\" content=\"2018-12-18T06:16:32+00:00\" \/>\n<meta property=\"og:image\" content=\"https:\/\/www.batxilleratgranes.com\/wp-content\/uploads\/2018\/12\/IMG_3085.jpg\" \/>\n\t<meta property=\"og:image:width\" content=\"1200\" \/>\n\t<meta property=\"og:image:height\" content=\"900\" \/>\n\t<meta property=\"og:image:type\" content=\"image\/jpeg\" \/>\n<meta name=\"author\" content=\"mireia.martinez\" \/>\n<meta name=\"twitter:card\" content=\"summary_large_image\" \/>\n<meta name=\"twitter:label1\" content=\"Written by\" \/>\n\t<meta name=\"twitter:data1\" content=\"mireia.martinez\" \/>\n\t<meta name=\"twitter:label2\" content=\"Est. reading time\" \/>\n\t<meta name=\"twitter:data2\" content=\"1 minute\" \/>\n<script type=\"application\/ld+json\" class=\"yoast-schema-graph\">{\"@context\":\"https:\/\/schema.org\",\"@graph\":[{\"@type\":\"Article\",\"@id\":\"https:\/\/www.batxilleratgranes.com\/es\/moltes-gracies-per-la-vostra-solidaritat-3\/#article\",\"isPartOf\":{\"@id\":\"https:\/\/www.batxilleratgranes.com\/es\/moltes-gracies-per-la-vostra-solidaritat-3\/\"},\"author\":{\"name\":\"mireia.martinez\",\"@id\":\"https:\/\/www.batxilleratgranes.com\/es\/#\/schema\/person\/4e10f231f79e8e2d24629e02b8283201\"},\"headline\":\"Moltes gr\u00e0cies per la vostra solidaritat!\",\"datePublished\":\"2018-12-18T06:09:48+00:00\",\"dateModified\":\"2018-12-18T06:16:32+00:00\",\"mainEntityOfPage\":{\"@id\":\"https:\/\/www.batxilleratgranes.com\/es\/moltes-gracies-per-la-vostra-solidaritat-3\/\"},\"wordCount\":284,\"commentCount\":0,\"publisher\":{\"@id\":\"https:\/\/www.batxilleratgranes.com\/es\/#organization\"},\"image\":{\"@id\":\"https:\/\/www.batxilleratgranes.com\/es\/moltes-gracies-per-la-vostra-solidaritat-3\/#primaryimage\"},\"thumbnailUrl\":\"https:\/\/www.batxilleratgranes.com\/wp-content\/uploads\/2018\/12\/IMG_3085.jpg\",\"keywords\":[\"Avism\u00f3n\",\"c\u00e0ncer\",\"Fundaci\u00f3 Banc dels Aliments\",\"Jornades de Solidaritat\",\"La Marat\u00f3 de TV3\",\"recollida d'aliments\",\"Solidaritat\"],\"articleSection\":[\"Activitats Gran\u00e9s\"],\"inLanguage\":\"es\",\"potentialAction\":[{\"@type\":\"CommentAction\",\"name\":\"Comment\",\"target\":[\"https:\/\/www.batxilleratgranes.com\/es\/moltes-gracies-per-la-vostra-solidaritat-3\/#respond\"]}]},{\"@type\":\"WebPage\",\"@id\":\"https:\/\/www.batxilleratgranes.com\/es\/moltes-gracies-per-la-vostra-solidaritat-3\/\",\"url\":\"https:\/\/www.batxilleratgranes.com\/es\/moltes-gracies-per-la-vostra-solidaritat-3\/\",\"name\":\"Moltes gr\u00e0cies per la vostra solidaritat! - Gran\u00e9s Batxillerat - Escuela especializada en Bachillerato en Barcelona\",\"isPartOf\":{\"@id\":\"https:\/\/www.batxilleratgranes.com\/es\/#website\"},\"primaryImageOfPage\":{\"@id\":\"https:\/\/www.batxilleratgranes.com\/es\/moltes-gracies-per-la-vostra-solidaritat-3\/#primaryimage\"},\"image\":{\"@id\":\"https:\/\/www.batxilleratgranes.com\/es\/moltes-gracies-per-la-vostra-solidaritat-3\/#primaryimage\"},\"thumbnailUrl\":\"https:\/\/www.batxilleratgranes.com\/wp-content\/uploads\/2018\/12\/IMG_3085.jpg\",\"datePublished\":\"2018-12-18T06:09:48+00:00\",\"dateModified\":\"2018-12-18T06:16:32+00:00\",\"breadcrumb\":{\"@id\":\"https:\/\/www.batxilleratgranes.com\/es\/moltes-gracies-per-la-vostra-solidaritat-3\/#breadcrumb\"},\"inLanguage\":\"es\",\"potentialAction\":[{\"@type\":\"ReadAction\",\"target\":[\"https:\/\/www.batxilleratgranes.com\/es\/moltes-gracies-per-la-vostra-solidaritat-3\/\"]}]},{\"@type\":\"ImageObject\",\"inLanguage\":\"es\",\"@id\":\"https:\/\/www.batxilleratgranes.com\/es\/moltes-gracies-per-la-vostra-solidaritat-3\/#primaryimage\",\"url\":\"https:\/\/www.batxilleratgranes.com\/wp-content\/uploads\/2018\/12\/IMG_3085.jpg\",\"contentUrl\":\"https:\/\/www.batxilleratgranes.com\/wp-content\/uploads\/2018\/12\/IMG_3085.jpg\",\"width\":1200,\"height\":900,\"caption\":\"Recollida d'aliments\"},{\"@type\":\"BreadcrumbList\",\"@id\":\"https:\/\/www.batxilleratgranes.com\/es\/moltes-gracies-per-la-vostra-solidaritat-3\/#breadcrumb\",\"itemListElement\":[{\"@type\":\"ListItem\",\"position\":1,\"name\":\"Inici\",\"item\":\"https:\/\/www.batxilleratgranes.com\/es\/\"},{\"@type\":\"ListItem\",\"position\":2,\"name\":\"Moltes gr\u00e0cies per la vostra solidaritat!\"}]},{\"@type\":\"WebSite\",\"@id\":\"https:\/\/www.batxilleratgranes.com\/es\/#website\",\"url\":\"https:\/\/www.batxilleratgranes.com\/es\/\",\"name\":\"Gran\u00e9s Batxillerat - Escuela especializada en Bachillerato en Barcelona\",\"description\":\"Escola especialitzada en Batxillerat a Barcelona\",\"publisher\":{\"@id\":\"https:\/\/www.batxilleratgranes.com\/es\/#organization\"},\"potentialAction\":[{\"@type\":\"SearchAction\",\"target\":{\"@type\":\"EntryPoint\",\"urlTemplate\":\"https:\/\/www.batxilleratgranes.com\/es\/?s={search_term_string}\"},\"query-input\":{\"@type\":\"PropertyValueSpecification\",\"valueRequired\":true,\"valueName\":\"search_term_string\"}}],\"inLanguage\":\"es\"},{\"@type\":\"Organization\",\"@id\":\"https:\/\/www.batxilleratgranes.com\/es\/#organization\",\"name\":\"Gran\u00e9s Batxillerat - Escuela especializada en Bachillerato en Barcelona\",\"url\":\"https:\/\/www.batxilleratgranes.com\/es\/\",\"logo\":{\"@type\":\"ImageObject\",\"inLanguage\":\"es\",\"@id\":\"https:\/\/www.batxilleratgranes.com\/es\/#\/schema\/logo\/image\/\",\"url\":\"https:\/\/www.batxilleratgranes.com\/wp-content\/uploads\/2013\/01\/granes1.png\",\"contentUrl\":\"https:\/\/www.batxilleratgranes.com\/wp-content\/uploads\/2013\/01\/granes1.png\",\"width\":292,\"height\":85,\"caption\":\"Gran\u00e9s Batxillerat - Escuela especializada en Bachillerato en Barcelona\"},\"image\":{\"@id\":\"https:\/\/www.batxilleratgranes.com\/es\/#\/schema\/logo\/image\/\"}},{\"@type\":\"Person\",\"@id\":\"https:\/\/www.batxilleratgranes.com\/es\/#\/schema\/person\/4e10f231f79e8e2d24629e02b8283201\",\"name\":\"mireia.martinez\",\"image\":{\"@type\":\"ImageObject\",\"inLanguage\":\"es\",\"@id\":\"https:\/\/www.batxilleratgranes.com\/es\/#\/schema\/person\/image\/\",\"url\":\"https:\/\/secure.gravatar.com\/avatar\/8c952e346979fb1eaf89bbc4dfda29f0?s=96&d=mm&r=g\",\"contentUrl\":\"https:\/\/secure.gravatar.com\/avatar\/8c952e346979fb1eaf89bbc4dfda29f0?s=96&d=mm&r=g\",\"caption\":\"mireia.martinez\"},\"url\":\"https:\/\/www.batxilleratgranes.com\/es\/author\/mireia-martinez\/\"}]}<\/script>\n<!-- \/ Yoast SEO plugin. -->","yoast_head_json":{"title":"Moltes gr\u00e0cies per la vostra solidaritat! - Gran\u00e9s Batxillerat - Escuela especializada en Bachillerato en Barcelona","robots":{"index":"index","follow":"follow","max-snippet":"max-snippet:-1","max-image-preview":"max-image-preview:large","max-video-preview":"max-video-preview:-1"},"canonical":"https:\/\/www.batxilleratgranes.com\/es\/moltes-gracies-per-la-vostra-solidaritat-3\/","og_locale":"es_ES","og_type":"article","og_title":"Moltes gr\u00e0cies per la vostra solidaritat! - Gran\u00e9s Batxillerat - Escuela especializada en Bachillerato en Barcelona","og_description":"Ja hem fet recompte dels quilos que hem aconseguit recaptar a les Jornades de Solidaritat que hem\u00a0organitzat aquests dies a Gran\u00e9s Batxillerat.\u00a0Estem molt contents perqu\u00e8, gr\u00e0cies a la vostra col\u00b7laboraci\u00f3, hem aconseguit recollir\u00a0147 quilos de productes alimentaris (pasta, oli d\u2019oliva, llegums&#8230; ) i d\u2019higiene per a les entitats Fundaci\u00f3 Banc dels Aliments i Avism\u00f3n.\u00a0 Com&hellip;&nbsp;Read More &raquo;Moltes gr\u00e0cies per la vostra solidaritat!","og_url":"https:\/\/www.batxilleratgranes.com\/es\/moltes-gracies-per-la-vostra-solidaritat-3\/","og_site_name":"Gran\u00e9s Batxillerat - Escuela especializada en Bachillerato en Barcelona","article_published_time":"2018-12-18T06:09:48+00:00","article_modified_time":"2018-12-18T06:16:32+00:00","og_image":[{"width":1200,"height":900,"url":"https:\/\/www.batxilleratgranes.com\/wp-content\/uploads\/2018\/12\/IMG_3085.jpg","type":"image\/jpeg"}],"author":"mireia.martinez","twitter_card":"summary_large_image","twitter_misc":{"Written by":"mireia.martinez","Est. reading time":"1 minute"},"schema":{"@context":"https:\/\/schema.org","@graph":[{"@type":"Article","@id":"https:\/\/www.batxilleratgranes.com\/es\/moltes-gracies-per-la-vostra-solidaritat-3\/#article","isPartOf":{"@id":"https:\/\/www.batxilleratgranes.com\/es\/moltes-gracies-per-la-vostra-solidaritat-3\/"},"author":{"name":"mireia.martinez","@id":"https:\/\/www.batxilleratgranes.com\/es\/#\/schema\/person\/4e10f231f79e8e2d24629e02b8283201"},"headline":"Moltes gr\u00e0cies per la vostra solidaritat!","datePublished":"2018-12-18T06:09:48+00:00","dateModified":"2018-12-18T06:16:32+00:00","mainEntityOfPage":{"@id":"https:\/\/www.batxilleratgranes.com\/es\/moltes-gracies-per-la-vostra-solidaritat-3\/"},"wordCount":284,"commentCount":0,"publisher":{"@id":"https:\/\/www.batxilleratgranes.com\/es\/#organization"},"image":{"@id":"https:\/\/www.batxilleratgranes.com\/es\/moltes-gracies-per-la-vostra-solidaritat-3\/#primaryimage"},"thumbnailUrl":"https:\/\/www.batxilleratgranes.com\/wp-content\/uploads\/2018\/12\/IMG_3085.jpg","keywords":["Avism\u00f3n","c\u00e0ncer","Fundaci\u00f3 Banc dels Aliments","Jornades de Solidaritat","La Marat\u00f3 de TV3","recollida d'aliments","Solidaritat"],"articleSection":["Activitats Gran\u00e9s"],"inLanguage":"es","potentialAction":[{"@type":"CommentAction","name":"Comment","target":["https:\/\/www.batxilleratgranes.com\/es\/moltes-gracies-per-la-vostra-solidaritat-3\/#respond"]}]},{"@type":"WebPage","@id":"https:\/\/www.batxilleratgranes.com\/es\/moltes-gracies-per-la-vostra-solidaritat-3\/","url":"https:\/\/www.batxilleratgranes.com\/es\/moltes-gracies-per-la-vostra-solidaritat-3\/","name":"Moltes gr\u00e0cies per la vostra solidaritat! - Gran\u00e9s Batxillerat - Escuela especializada en Bachillerato en Barcelona","isPartOf":{"@id":"https:\/\/www.batxilleratgranes.com\/es\/#website"},"primaryImageOfPage":{"@id":"https:\/\/www.batxilleratgranes.com\/es\/moltes-gracies-per-la-vostra-solidaritat-3\/#primaryimage"},"image":{"@id":"https:\/\/www.batxilleratgranes.com\/es\/moltes-gracies-per-la-vostra-solidaritat-3\/#primaryimage"},"thumbnailUrl":"https:\/\/www.batxilleratgranes.com\/wp-content\/uploads\/2018\/12\/IMG_3085.jpg","datePublished":"2018-12-18T06:09:48+00:00","dateModified":"2018-12-18T06:16:32+00:00","breadcrumb":{"@id":"https:\/\/www.batxilleratgranes.com\/es\/moltes-gracies-per-la-vostra-solidaritat-3\/#breadcrumb"},"inLanguage":"es","potentialAction":[{"@type":"ReadAction","target":["https:\/\/www.batxilleratgranes.com\/es\/moltes-gracies-per-la-vostra-solidaritat-3\/"]}]},{"@type":"ImageObject","inLanguage":"es","@id":"https:\/\/www.batxilleratgranes.com\/es\/moltes-gracies-per-la-vostra-solidaritat-3\/#primaryimage","url":"https:\/\/www.batxilleratgranes.com\/wp-content\/uploads\/2018\/12\/IMG_3085.jpg","contentUrl":"https:\/\/www.batxilleratgranes.com\/wp-content\/uploads\/2018\/12\/IMG_3085.jpg","width":1200,"height":900,"caption":"Recollida d'aliments"},{"@type":"BreadcrumbList","@id":"https:\/\/www.batxilleratgranes.com\/es\/moltes-gracies-per-la-vostra-solidaritat-3\/#breadcrumb","itemListElement":[{"@type":"ListItem","position":1,"name":"Inici","item":"https:\/\/www.batxilleratgranes.com\/es\/"},{"@type":"ListItem","position":2,"name":"Moltes gr\u00e0cies per la vostra solidaritat!"}]},{"@type":"WebSite","@id":"https:\/\/www.batxilleratgranes.com\/es\/#website","url":"https:\/\/www.batxilleratgranes.com\/es\/","name":"Gran\u00e9s Batxillerat - Escuela especializada en Bachillerato en Barcelona","description":"Escola especialitzada en Batxillerat a Barcelona","publisher":{"@id":"https:\/\/www.batxilleratgranes.com\/es\/#organization"},"potentialAction":[{"@type":"SearchAction","target":{"@type":"EntryPoint","urlTemplate":"https:\/\/www.batxilleratgranes.com\/es\/?s={search_term_string}"},"query-input":{"@type":"PropertyValueSpecification","valueRequired":true,"valueName":"search_term_string"}}],"inLanguage":"es"},{"@type":"Organization","@id":"https:\/\/www.batxilleratgranes.com\/es\/#organization","name":"Gran\u00e9s Batxillerat - Escuela especializada en Bachillerato en Barcelona","url":"https:\/\/www.batxilleratgranes.com\/es\/","logo":{"@type":"ImageObject","inLanguage":"es","@id":"https:\/\/www.batxilleratgranes.com\/es\/#\/schema\/logo\/image\/","url":"https:\/\/www.batxilleratgranes.com\/wp-content\/uploads\/2013\/01\/granes1.png","contentUrl":"https:\/\/www.batxilleratgranes.com\/wp-content\/uploads\/2013\/01\/granes1.png","width":292,"height":85,"caption":"Gran\u00e9s Batxillerat - Escuela especializada en Bachillerato en Barcelona"},"image":{"@id":"https:\/\/www.batxilleratgranes.com\/es\/#\/schema\/logo\/image\/"}},{"@type":"Person","@id":"https:\/\/www.batxilleratgranes.com\/es\/#\/schema\/person\/4e10f231f79e8e2d24629e02b8283201","name":"mireia.martinez","image":{"@type":"ImageObject","inLanguage":"es","@id":"https:\/\/www.batxilleratgranes.com\/es\/#\/schema\/person\/image\/","url":"https:\/\/secure.gravatar.com\/avatar\/8c952e346979fb1eaf89bbc4dfda29f0?s=96&d=mm&r=g","contentUrl":"https:\/\/secure.gravatar.com\/avatar\/8c952e346979fb1eaf89bbc4dfda29f0?s=96&d=mm&r=g","caption":"mireia.martinez"},"url":"https:\/\/www.batxilleratgranes.com\/es\/author\/mireia-martinez\/"}]}},"_links":{"self":[{"href":"https:\/\/www.batxilleratgranes.com\/es\/wp-json\/wp\/v2\/posts\/10467"}],"collection":[{"href":"https:\/\/www.batxilleratgranes.com\/es\/wp-json\/wp\/v2\/posts"}],"about":[{"href":"https:\/\/www.batxilleratgranes.com\/es\/wp-json\/wp\/v2\/types\/post"}],"author":[{"embeddable":true,"href":"https:\/\/www.batxilleratgranes.com\/es\/wp-json\/wp\/v2\/users\/5"}],"replies":[{"embeddable":true,"href":"https:\/\/www.batxilleratgranes.com\/es\/wp-json\/wp\/v2\/comments?post=10467"}],"version-history":[{"count":8,"href":"https:\/\/www.batxilleratgranes.com\/es\/wp-json\/wp\/v2\/posts\/10467\/revisions"}],"predecessor-version":[{"id":10539,"href":"https:\/\/www.batxilleratgranes.com\/es\/wp-json\/wp\/v2\/posts\/10467\/revisions\/10539"}],"wp:featuredmedia":[{"embeddable":true,"href":"https:\/\/www.batxilleratgranes.com\/es\/wp-json\/wp\/v2\/media\/10524"}],"wp:attachment":[{"href":"https:\/\/www.batxilleratgranes.com\/es\/wp-json\/wp\/v2\/media?parent=10467"}],"wp:term":[{"taxonomy":"category","embeddable":true,"href":"https:\/\/www.batxilleratgranes.com\/es\/wp-json\/wp\/v2\/categories?post=10467"},{"taxonomy":"post_tag","embeddable":true,"href":"https:\/\/www.batxilleratgranes.com\/es\/wp-json\/wp\/v2\/tags?post=10467"}],"curies":[{"name":"wp","href":"https:\/\/api.w.org\/{rel}","templated":true}]}}