{"id":14618,"date":"2019-05-12T19:50:10","date_gmt":"2019-05-12T19:50:10","guid":{"rendered":"https:\/\/www.batxilleratgranes.com\/?p=14618"},"modified":"2019-05-13T22:18:13","modified_gmt":"2019-05-13T22:18:13","slug":"maquetes-dedificis-singulars-de-lentorn-barceloni","status":"publish","type":"post","link":"https:\/\/www.batxilleratgranes.com\/es\/maquetes-dedificis-singulars-de-lentorn-barceloni\/","title":{"rendered":"Maquetes d&#8217;edificis singulars de l&#8217;entorn barcelon\u00ed"},"content":{"rendered":"\n<p>Com en els darrers anys, els nostres alumnes de 2n de batxillerat de la mat\u00e8ria <strong>Disseny de Producte, Interiorisme i Moda<\/strong> han treballat al llarg del curs sobre un seguit d&#8217;edificis ben singulars de l&#8217;entorn barcelon\u00ed.<\/p>\n\n\n\n<p>A partir de la visita a aquests edificis, l\u2019estudi de les seves <strong>caracter\u00edstiques principals<\/strong>, i l&#8217;observaci\u00f3 dels seus <strong>pl\u00e0nols i fotografies<\/strong>, els nostres estudiants s&#8217;han organitzat en grups per realitzar les maquetes. <\/p>\n\n\n\n<p>Com a novetat, a m\u00e9s, aquest any aquestes maquetes seran presentades en el marc de la iniciativa <strong>Arquitectura a les Aules<\/strong> que organitza el Col\u00b7legi d&#8217;Arquitectes de Catalunya dins la <strong><a href=\"https:\/\/www.batxilleratgranes.com\/granes-batxillerat-amb-la-setmana-darquitectura-2019.html\">Setmana d&#8217;Arquitectura 2019<\/a><\/strong>. En aquest acte de presentaci\u00f3, a m\u00e9s, els alumnes estaran acompanyats pels <strong>destacats arquitectes i estudis d&#8217;arquitectura<\/strong> que han creat aquestes obres.<\/p>\n\n\n\n<p>Aqu\u00ed podeu veure els resultats:<\/p>\n\n\n\n<p>Edifici:\u00a0<strong><a href=\"https:\/\/www.batxilleratgranes.com\/visita-al-canodrom-meridiana.html\">Can\u00f2drom Meridiana<\/a><\/strong> (Barcelona). Arquitectes: Antoni Bonet i Castellana i J.Puig Torn\u00e9. <\/p>\n\n\n\n<div class=\"wp-block-image\"><figure class=\"aligncenter\"><img loading=\"lazy\" decoding=\"async\" width=\"1024\" height=\"724\" src=\"https:\/\/www.batxilleratgranes.com\/wp-content\/uploads\/2019\/05\/IMG_6068-1024x724.jpg\" alt=\"\" class=\"wp-image-14628\" srcset=\"https:\/\/www.batxilleratgranes.com\/wp-content\/uploads\/2019\/05\/IMG_6068-1024x724.jpg 1024w, https:\/\/www.batxilleratgranes.com\/wp-content\/uploads\/2019\/05\/IMG_6068-300x212.jpg 300w, https:\/\/www.batxilleratgranes.com\/wp-content\/uploads\/2019\/05\/IMG_6068-768x543.jpg 768w, https:\/\/www.batxilleratgranes.com\/wp-content\/uploads\/2019\/05\/IMG_6068-650x459.jpg 650w, https:\/\/www.batxilleratgranes.com\/wp-content\/uploads\/2019\/05\/IMG_6068-960x678.jpg 960w, https:\/\/www.batxilleratgranes.com\/wp-content\/uploads\/2019\/05\/IMG_6068-1000x707.jpg 1000w, https:\/\/www.batxilleratgranes.com\/wp-content\/uploads\/2019\/05\/IMG_6068.jpg 1200w\" sizes=\"(max-width: 1024px) 100vw, 1024px\" \/><\/figure><\/div>\n\n\n\n<p>Edifici:\u00a0<strong><a href=\"https:\/\/www.batxilleratgranes.com\/visita-a-lescola-bressol-el-fil.html\">Escola Bressol El Fil<\/a><\/strong>, (Barcelona) . Arquitecte: Estudi de Batlle i Roig.<\/p>\n\n\n\n<div class=\"wp-block-image\"><figure class=\"aligncenter\"><img loading=\"lazy\" decoding=\"async\" width=\"1024\" height=\"724\" src=\"https:\/\/www.batxilleratgranes.com\/wp-content\/uploads\/2019\/05\/IMG_6070-1024x724.jpg\" alt=\"\" class=\"wp-image-14630\" srcset=\"https:\/\/www.batxilleratgranes.com\/wp-content\/uploads\/2019\/05\/IMG_6070-1024x724.jpg 1024w, https:\/\/www.batxilleratgranes.com\/wp-content\/uploads\/2019\/05\/IMG_6070-300x212.jpg 300w, https:\/\/www.batxilleratgranes.com\/wp-content\/uploads\/2019\/05\/IMG_6070-768x543.jpg 768w, https:\/\/www.batxilleratgranes.com\/wp-content\/uploads\/2019\/05\/IMG_6070-650x459.jpg 650w, https:\/\/www.batxilleratgranes.com\/wp-content\/uploads\/2019\/05\/IMG_6070-960x678.jpg 960w, https:\/\/www.batxilleratgranes.com\/wp-content\/uploads\/2019\/05\/IMG_6070-1000x707.jpg 1000w, https:\/\/www.batxilleratgranes.com\/wp-content\/uploads\/2019\/05\/IMG_6070.jpg 1200w\" sizes=\"(max-width: 1024px) 100vw, 1024px\" \/><\/figure><\/div>\n\n\n\n<p> Edifici:<strong><a href=\"https:\/\/www.batxilleratgranes.com\/visita-a-l-escola-massana-centre-dart-i-disseny.html\"> Escola d\u2019arts i oficis La Massana<\/a><\/strong> (Barcelona). Arquitecta: Carme Pin\u00f3s<\/p>\n\n\n\n<div class=\"wp-block-image\"><figure class=\"aligncenter\"><img loading=\"lazy\" decoding=\"async\" width=\"1024\" height=\"724\" src=\"https:\/\/www.batxilleratgranes.com\/wp-content\/uploads\/2019\/05\/IMG_6069-1024x724.jpg\" alt=\"\" class=\"wp-image-14629\" srcset=\"https:\/\/www.batxilleratgranes.com\/wp-content\/uploads\/2019\/05\/IMG_6069-1024x724.jpg 1024w, https:\/\/www.batxilleratgranes.com\/wp-content\/uploads\/2019\/05\/IMG_6069-300x212.jpg 300w, https:\/\/www.batxilleratgranes.com\/wp-content\/uploads\/2019\/05\/IMG_6069-768x543.jpg 768w, https:\/\/www.batxilleratgranes.com\/wp-content\/uploads\/2019\/05\/IMG_6069-650x459.jpg 650w, https:\/\/www.batxilleratgranes.com\/wp-content\/uploads\/2019\/05\/IMG_6069-960x678.jpg 960w, https:\/\/www.batxilleratgranes.com\/wp-content\/uploads\/2019\/05\/IMG_6069-1000x707.jpg 1000w, https:\/\/www.batxilleratgranes.com\/wp-content\/uploads\/2019\/05\/IMG_6069.jpg 1200w\" sizes=\"(max-width: 1024px) 100vw, 1024px\" \/><\/figure><\/div>\n\n\n\n<p>Edifici:\u00a0<strong><a href=\"https:\/\/www.batxilleratgranes.com\/visita-a-lescola-bressol-el-fil.html\">CAP II Cerdanyola-<\/a><a href=\"https:\/\/www.batxilleratgranes.com\/visita-al-cap-ii-cerdanyola-ripollet.html\">Ripollet<\/a><\/strong><a href=\"https:\/\/www.batxilleratgranes.com\/visita-al-cap-ii-cerdanyola-ripollet.html\"> <\/a>(Ripollet). Arquitecte: Josep Llin\u00e0s. <\/p>\n\n\n\n<div class=\"wp-block-image\"><figure class=\"aligncenter\"><img loading=\"lazy\" decoding=\"async\" width=\"1024\" height=\"724\" src=\"https:\/\/www.batxilleratgranes.com\/wp-content\/uploads\/2019\/05\/IMG_6071-1024x724.jpg\" alt=\"\" class=\"wp-image-14631\" srcset=\"https:\/\/www.batxilleratgranes.com\/wp-content\/uploads\/2019\/05\/IMG_6071-1024x724.jpg 1024w, https:\/\/www.batxilleratgranes.com\/wp-content\/uploads\/2019\/05\/IMG_6071-300x212.jpg 300w, https:\/\/www.batxilleratgranes.com\/wp-content\/uploads\/2019\/05\/IMG_6071-768x543.jpg 768w, https:\/\/www.batxilleratgranes.com\/wp-content\/uploads\/2019\/05\/IMG_6071-650x459.jpg 650w, https:\/\/www.batxilleratgranes.com\/wp-content\/uploads\/2019\/05\/IMG_6071-960x678.jpg 960w, https:\/\/www.batxilleratgranes.com\/wp-content\/uploads\/2019\/05\/IMG_6071-1000x707.jpg 1000w, https:\/\/www.batxilleratgranes.com\/wp-content\/uploads\/2019\/05\/IMG_6071.jpg 1200w\" sizes=\"(max-width: 1024px) 100vw, 1024px\" \/><\/figure><\/div>\n","protected":false},"excerpt":{"rendered":"<p>Com en els darrers anys, els nostres alumnes de 2n de batxillerat de la mat\u00e8ria Disseny de Producte, Interiorisme i Moda han treballat al llarg del curs sobre un seguit d&#8217;edificis ben singulars de l&#8217;entorn barcelon\u00ed. A partir de la visita a aquests edificis, l\u2019estudi de les seves caracter\u00edstiques principals, i l&#8217;observaci\u00f3 dels seus pl\u00e0nols&hellip;&nbsp;<a href=\"https:\/\/www.batxilleratgranes.com\/es\/maquetes-dedificis-singulars-de-lentorn-barceloni\/\" class=\"\" rel=\"bookmark\">Read More &raquo;<span class=\"screen-reader-text\">Maquetes d&#8217;edificis singulars de l&#8217;entorn barcelon\u00ed<\/span><\/a><\/p>\n","protected":false},"author":5,"featured_media":14632,"comment_status":"open","ping_status":"open","sticky":false,"template":"","format":"standard","meta":{"neve_meta_sidebar":"","neve_meta_container":"","neve_meta_enable_content_width":"","neve_meta_content_width":0,"neve_meta_title_alignment":"","neve_meta_author_avatar":"","neve_post_elements_order":"","neve_meta_disable_header":"","neve_meta_disable_footer":"","neve_meta_disable_title":"","footnotes":""},"categories":[7],"tags":[112,794,795,397,399,707,398],"class_list":["post-14618","post","type-post","status-publish","format-standard","has-post-thumbnail","hentry","category-centre-batxillerat-granes","tag-arquitectura","tag-arquitectura-a-les-aules","tag-collegi-darquitectes","tag-disseny-de-producte","tag-dpim","tag-edificis-singulars","tag-interiorisme-i-moda"],"yoast_head":"<!-- This site is optimized with the Yoast SEO plugin v23.4 - https:\/\/yoast.com\/wordpress\/plugins\/seo\/ -->\n<title>Maquetes d&#039;edificis singulars de l&#039;entorn barcelon\u00ed - Gran\u00e9s Batxillerat - Escuela especializada en Bachillerato en Barcelona<\/title>\n<meta name=\"robots\" content=\"index, follow, max-snippet:-1, max-image-preview:large, max-video-preview:-1\" \/>\n<link rel=\"canonical\" href=\"https:\/\/www.batxilleratgranes.com\/es\/maquetes-dedificis-singulars-de-lentorn-barceloni\/\" \/>\n<meta property=\"og:locale\" content=\"es_ES\" \/>\n<meta property=\"og:type\" content=\"article\" \/>\n<meta property=\"og:title\" content=\"Maquetes d&#039;edificis singulars de l&#039;entorn barcelon\u00ed - Gran\u00e9s Batxillerat - Escuela especializada en Bachillerato en Barcelona\" \/>\n<meta property=\"og:description\" content=\"Com en els darrers anys, els nostres alumnes de 2n de batxillerat de la mat\u00e8ria Disseny de Producte, Interiorisme i Moda han treballat al llarg del curs sobre un seguit d&#8217;edificis ben singulars de l&#8217;entorn barcelon\u00ed. A partir de la visita a aquests edificis, l\u2019estudi de les seves caracter\u00edstiques principals, i l&#8217;observaci\u00f3 dels seus pl\u00e0nols&hellip;&nbsp;Read More &raquo;Maquetes d&#8217;edificis singulars de l&#8217;entorn barcelon\u00ed\" \/>\n<meta property=\"og:url\" content=\"https:\/\/www.batxilleratgranes.com\/es\/maquetes-dedificis-singulars-de-lentorn-barceloni\/\" \/>\n<meta property=\"og:site_name\" content=\"Gran\u00e9s Batxillerat - Escuela especializada en Bachillerato en Barcelona\" \/>\n<meta property=\"article:published_time\" content=\"2019-05-12T19:50:10+00:00\" \/>\n<meta property=\"article:modified_time\" content=\"2019-05-13T22:18:13+00:00\" \/>\n<meta property=\"og:image\" content=\"https:\/\/www.batxilleratgranes.com\/wp-content\/uploads\/2019\/05\/maquetes-1.png\" \/>\n\t<meta property=\"og:image:width\" content=\"494\" \/>\n\t<meta property=\"og:image:height\" content=\"242\" \/>\n\t<meta property=\"og:image:type\" content=\"image\/png\" \/>\n<meta name=\"author\" content=\"mireia.martinez\" \/>\n<meta name=\"twitter:card\" content=\"summary_large_image\" \/>\n<meta name=\"twitter:label1\" content=\"Written by\" \/>\n\t<meta name=\"twitter:data1\" content=\"mireia.martinez\" \/>\n\t<meta name=\"twitter:label2\" content=\"Est. reading time\" \/>\n\t<meta name=\"twitter:data2\" content=\"1 minute\" \/>\n<script type=\"application\/ld+json\" class=\"yoast-schema-graph\">{\"@context\":\"https:\/\/schema.org\",\"@graph\":[{\"@type\":\"Article\",\"@id\":\"https:\/\/www.batxilleratgranes.com\/es\/maquetes-dedificis-singulars-de-lentorn-barceloni\/#article\",\"isPartOf\":{\"@id\":\"https:\/\/www.batxilleratgranes.com\/es\/maquetes-dedificis-singulars-de-lentorn-barceloni\/\"},\"author\":{\"name\":\"mireia.martinez\",\"@id\":\"https:\/\/www.batxilleratgranes.com\/es\/#\/schema\/person\/4e10f231f79e8e2d24629e02b8283201\"},\"headline\":\"Maquetes d&#8217;edificis singulars de l&#8217;entorn barcelon\u00ed\",\"datePublished\":\"2019-05-12T19:50:10+00:00\",\"dateModified\":\"2019-05-13T22:18:13+00:00\",\"mainEntityOfPage\":{\"@id\":\"https:\/\/www.batxilleratgranes.com\/es\/maquetes-dedificis-singulars-de-lentorn-barceloni\/\"},\"wordCount\":198,\"commentCount\":0,\"publisher\":{\"@id\":\"https:\/\/www.batxilleratgranes.com\/es\/#organization\"},\"image\":{\"@id\":\"https:\/\/www.batxilleratgranes.com\/es\/maquetes-dedificis-singulars-de-lentorn-barceloni\/#primaryimage\"},\"thumbnailUrl\":\"https:\/\/www.batxilleratgranes.com\/wp-content\/uploads\/2019\/05\/maquetes-1.png\",\"keywords\":[\"Arquitectura\",\"Arquitectura a les Aules\",\"Col\u00b7legi d'Arquitectes\",\"Disseny de Producte\",\"DPIM\",\"Edificis singulars\",\"Interiorisme i Moda\"],\"articleSection\":[\"Activitats Gran\u00e9s\"],\"inLanguage\":\"es\",\"potentialAction\":[{\"@type\":\"CommentAction\",\"name\":\"Comment\",\"target\":[\"https:\/\/www.batxilleratgranes.com\/es\/maquetes-dedificis-singulars-de-lentorn-barceloni\/#respond\"]}]},{\"@type\":\"WebPage\",\"@id\":\"https:\/\/www.batxilleratgranes.com\/es\/maquetes-dedificis-singulars-de-lentorn-barceloni\/\",\"url\":\"https:\/\/www.batxilleratgranes.com\/es\/maquetes-dedificis-singulars-de-lentorn-barceloni\/\",\"name\":\"Maquetes d'edificis singulars de l'entorn barcelon\u00ed - Gran\u00e9s Batxillerat - Escuela especializada en Bachillerato en Barcelona\",\"isPartOf\":{\"@id\":\"https:\/\/www.batxilleratgranes.com\/es\/#website\"},\"primaryImageOfPage\":{\"@id\":\"https:\/\/www.batxilleratgranes.com\/es\/maquetes-dedificis-singulars-de-lentorn-barceloni\/#primaryimage\"},\"image\":{\"@id\":\"https:\/\/www.batxilleratgranes.com\/es\/maquetes-dedificis-singulars-de-lentorn-barceloni\/#primaryimage\"},\"thumbnailUrl\":\"https:\/\/www.batxilleratgranes.com\/wp-content\/uploads\/2019\/05\/maquetes-1.png\",\"datePublished\":\"2019-05-12T19:50:10+00:00\",\"dateModified\":\"2019-05-13T22:18:13+00:00\",\"breadcrumb\":{\"@id\":\"https:\/\/www.batxilleratgranes.com\/es\/maquetes-dedificis-singulars-de-lentorn-barceloni\/#breadcrumb\"},\"inLanguage\":\"es\",\"potentialAction\":[{\"@type\":\"ReadAction\",\"target\":[\"https:\/\/www.batxilleratgranes.com\/es\/maquetes-dedificis-singulars-de-lentorn-barceloni\/\"]}]},{\"@type\":\"ImageObject\",\"inLanguage\":\"es\",\"@id\":\"https:\/\/www.batxilleratgranes.com\/es\/maquetes-dedificis-singulars-de-lentorn-barceloni\/#primaryimage\",\"url\":\"https:\/\/www.batxilleratgranes.com\/wp-content\/uploads\/2019\/05\/maquetes-1.png\",\"contentUrl\":\"https:\/\/www.batxilleratgranes.com\/wp-content\/uploads\/2019\/05\/maquetes-1.png\",\"width\":494,\"height\":242,\"caption\":\"Maquetes d'edificis emblem\u00e0tics de l'entorn barcelon\u00ed\"},{\"@type\":\"BreadcrumbList\",\"@id\":\"https:\/\/www.batxilleratgranes.com\/es\/maquetes-dedificis-singulars-de-lentorn-barceloni\/#breadcrumb\",\"itemListElement\":[{\"@type\":\"ListItem\",\"position\":1,\"name\":\"Inici\",\"item\":\"https:\/\/www.batxilleratgranes.com\/es\/\"},{\"@type\":\"ListItem\",\"position\":2,\"name\":\"Maquetes d&#8217;edificis singulars de l&#8217;entorn barcelon\u00ed\"}]},{\"@type\":\"WebSite\",\"@id\":\"https:\/\/www.batxilleratgranes.com\/es\/#website\",\"url\":\"https:\/\/www.batxilleratgranes.com\/es\/\",\"name\":\"Gran\u00e9s Batxillerat - Escuela especializada en Bachillerato en Barcelona\",\"description\":\"Escola especialitzada en Batxillerat a Barcelona\",\"publisher\":{\"@id\":\"https:\/\/www.batxilleratgranes.com\/es\/#organization\"},\"potentialAction\":[{\"@type\":\"SearchAction\",\"target\":{\"@type\":\"EntryPoint\",\"urlTemplate\":\"https:\/\/www.batxilleratgranes.com\/es\/?s={search_term_string}\"},\"query-input\":{\"@type\":\"PropertyValueSpecification\",\"valueRequired\":true,\"valueName\":\"search_term_string\"}}],\"inLanguage\":\"es\"},{\"@type\":\"Organization\",\"@id\":\"https:\/\/www.batxilleratgranes.com\/es\/#organization\",\"name\":\"Gran\u00e9s Batxillerat - Escuela especializada en Bachillerato en Barcelona\",\"url\":\"https:\/\/www.batxilleratgranes.com\/es\/\",\"logo\":{\"@type\":\"ImageObject\",\"inLanguage\":\"es\",\"@id\":\"https:\/\/www.batxilleratgranes.com\/es\/#\/schema\/logo\/image\/\",\"url\":\"https:\/\/www.batxilleratgranes.com\/wp-content\/uploads\/2013\/01\/granes1.png\",\"contentUrl\":\"https:\/\/www.batxilleratgranes.com\/wp-content\/uploads\/2013\/01\/granes1.png\",\"width\":292,\"height\":85,\"caption\":\"Gran\u00e9s Batxillerat - Escuela especializada en Bachillerato en Barcelona\"},\"image\":{\"@id\":\"https:\/\/www.batxilleratgranes.com\/es\/#\/schema\/logo\/image\/\"}},{\"@type\":\"Person\",\"@id\":\"https:\/\/www.batxilleratgranes.com\/es\/#\/schema\/person\/4e10f231f79e8e2d24629e02b8283201\",\"name\":\"mireia.martinez\",\"image\":{\"@type\":\"ImageObject\",\"inLanguage\":\"es\",\"@id\":\"https:\/\/www.batxilleratgranes.com\/es\/#\/schema\/person\/image\/\",\"url\":\"https:\/\/secure.gravatar.com\/avatar\/8c952e346979fb1eaf89bbc4dfda29f0?s=96&d=mm&r=g\",\"contentUrl\":\"https:\/\/secure.gravatar.com\/avatar\/8c952e346979fb1eaf89bbc4dfda29f0?s=96&d=mm&r=g\",\"caption\":\"mireia.martinez\"},\"url\":\"https:\/\/www.batxilleratgranes.com\/es\/author\/mireia-martinez\/\"}]}<\/script>\n<!-- \/ Yoast SEO plugin. -->","yoast_head_json":{"title":"Maquetes d'edificis singulars de l'entorn barcelon\u00ed - Gran\u00e9s Batxillerat - Escuela especializada en Bachillerato en Barcelona","robots":{"index":"index","follow":"follow","max-snippet":"max-snippet:-1","max-image-preview":"max-image-preview:large","max-video-preview":"max-video-preview:-1"},"canonical":"https:\/\/www.batxilleratgranes.com\/es\/maquetes-dedificis-singulars-de-lentorn-barceloni\/","og_locale":"es_ES","og_type":"article","og_title":"Maquetes d'edificis singulars de l'entorn barcelon\u00ed - Gran\u00e9s Batxillerat - Escuela especializada en Bachillerato en Barcelona","og_description":"Com en els darrers anys, els nostres alumnes de 2n de batxillerat de la mat\u00e8ria Disseny de Producte, Interiorisme i Moda han treballat al llarg del curs sobre un seguit d&#8217;edificis ben singulars de l&#8217;entorn barcelon\u00ed. A partir de la visita a aquests edificis, l\u2019estudi de les seves caracter\u00edstiques principals, i l&#8217;observaci\u00f3 dels seus pl\u00e0nols&hellip;&nbsp;Read More &raquo;Maquetes d&#8217;edificis singulars de l&#8217;entorn barcelon\u00ed","og_url":"https:\/\/www.batxilleratgranes.com\/es\/maquetes-dedificis-singulars-de-lentorn-barceloni\/","og_site_name":"Gran\u00e9s Batxillerat - Escuela especializada en Bachillerato en Barcelona","article_published_time":"2019-05-12T19:50:10+00:00","article_modified_time":"2019-05-13T22:18:13+00:00","og_image":[{"width":494,"height":242,"url":"https:\/\/www.batxilleratgranes.com\/wp-content\/uploads\/2019\/05\/maquetes-1.png","type":"image\/png"}],"author":"mireia.martinez","twitter_card":"summary_large_image","twitter_misc":{"Written by":"mireia.martinez","Est. reading time":"1 minute"},"schema":{"@context":"https:\/\/schema.org","@graph":[{"@type":"Article","@id":"https:\/\/www.batxilleratgranes.com\/es\/maquetes-dedificis-singulars-de-lentorn-barceloni\/#article","isPartOf":{"@id":"https:\/\/www.batxilleratgranes.com\/es\/maquetes-dedificis-singulars-de-lentorn-barceloni\/"},"author":{"name":"mireia.martinez","@id":"https:\/\/www.batxilleratgranes.com\/es\/#\/schema\/person\/4e10f231f79e8e2d24629e02b8283201"},"headline":"Maquetes d&#8217;edificis singulars de l&#8217;entorn barcelon\u00ed","datePublished":"2019-05-12T19:50:10+00:00","dateModified":"2019-05-13T22:18:13+00:00","mainEntityOfPage":{"@id":"https:\/\/www.batxilleratgranes.com\/es\/maquetes-dedificis-singulars-de-lentorn-barceloni\/"},"wordCount":198,"commentCount":0,"publisher":{"@id":"https:\/\/www.batxilleratgranes.com\/es\/#organization"},"image":{"@id":"https:\/\/www.batxilleratgranes.com\/es\/maquetes-dedificis-singulars-de-lentorn-barceloni\/#primaryimage"},"thumbnailUrl":"https:\/\/www.batxilleratgranes.com\/wp-content\/uploads\/2019\/05\/maquetes-1.png","keywords":["Arquitectura","Arquitectura a les Aules","Col\u00b7legi d'Arquitectes","Disseny de Producte","DPIM","Edificis singulars","Interiorisme i Moda"],"articleSection":["Activitats Gran\u00e9s"],"inLanguage":"es","potentialAction":[{"@type":"CommentAction","name":"Comment","target":["https:\/\/www.batxilleratgranes.com\/es\/maquetes-dedificis-singulars-de-lentorn-barceloni\/#respond"]}]},{"@type":"WebPage","@id":"https:\/\/www.batxilleratgranes.com\/es\/maquetes-dedificis-singulars-de-lentorn-barceloni\/","url":"https:\/\/www.batxilleratgranes.com\/es\/maquetes-dedificis-singulars-de-lentorn-barceloni\/","name":"Maquetes d'edificis singulars de l'entorn barcelon\u00ed - Gran\u00e9s Batxillerat - Escuela especializada en Bachillerato en Barcelona","isPartOf":{"@id":"https:\/\/www.batxilleratgranes.com\/es\/#website"},"primaryImageOfPage":{"@id":"https:\/\/www.batxilleratgranes.com\/es\/maquetes-dedificis-singulars-de-lentorn-barceloni\/#primaryimage"},"image":{"@id":"https:\/\/www.batxilleratgranes.com\/es\/maquetes-dedificis-singulars-de-lentorn-barceloni\/#primaryimage"},"thumbnailUrl":"https:\/\/www.batxilleratgranes.com\/wp-content\/uploads\/2019\/05\/maquetes-1.png","datePublished":"2019-05-12T19:50:10+00:00","dateModified":"2019-05-13T22:18:13+00:00","breadcrumb":{"@id":"https:\/\/www.batxilleratgranes.com\/es\/maquetes-dedificis-singulars-de-lentorn-barceloni\/#breadcrumb"},"inLanguage":"es","potentialAction":[{"@type":"ReadAction","target":["https:\/\/www.batxilleratgranes.com\/es\/maquetes-dedificis-singulars-de-lentorn-barceloni\/"]}]},{"@type":"ImageObject","inLanguage":"es","@id":"https:\/\/www.batxilleratgranes.com\/es\/maquetes-dedificis-singulars-de-lentorn-barceloni\/#primaryimage","url":"https:\/\/www.batxilleratgranes.com\/wp-content\/uploads\/2019\/05\/maquetes-1.png","contentUrl":"https:\/\/www.batxilleratgranes.com\/wp-content\/uploads\/2019\/05\/maquetes-1.png","width":494,"height":242,"caption":"Maquetes d'edificis emblem\u00e0tics de l'entorn barcelon\u00ed"},{"@type":"BreadcrumbList","@id":"https:\/\/www.batxilleratgranes.com\/es\/maquetes-dedificis-singulars-de-lentorn-barceloni\/#breadcrumb","itemListElement":[{"@type":"ListItem","position":1,"name":"Inici","item":"https:\/\/www.batxilleratgranes.com\/es\/"},{"@type":"ListItem","position":2,"name":"Maquetes d&#8217;edificis singulars de l&#8217;entorn barcelon\u00ed"}]},{"@type":"WebSite","@id":"https:\/\/www.batxilleratgranes.com\/es\/#website","url":"https:\/\/www.batxilleratgranes.com\/es\/","name":"Gran\u00e9s Batxillerat - Escuela especializada en Bachillerato en Barcelona","description":"Escola especialitzada en Batxillerat a Barcelona","publisher":{"@id":"https:\/\/www.batxilleratgranes.com\/es\/#organization"},"potentialAction":[{"@type":"SearchAction","target":{"@type":"EntryPoint","urlTemplate":"https:\/\/www.batxilleratgranes.com\/es\/?s={search_term_string}"},"query-input":{"@type":"PropertyValueSpecification","valueRequired":true,"valueName":"search_term_string"}}],"inLanguage":"es"},{"@type":"Organization","@id":"https:\/\/www.batxilleratgranes.com\/es\/#organization","name":"Gran\u00e9s Batxillerat - Escuela especializada en Bachillerato en Barcelona","url":"https:\/\/www.batxilleratgranes.com\/es\/","logo":{"@type":"ImageObject","inLanguage":"es","@id":"https:\/\/www.batxilleratgranes.com\/es\/#\/schema\/logo\/image\/","url":"https:\/\/www.batxilleratgranes.com\/wp-content\/uploads\/2013\/01\/granes1.png","contentUrl":"https:\/\/www.batxilleratgranes.com\/wp-content\/uploads\/2013\/01\/granes1.png","width":292,"height":85,"caption":"Gran\u00e9s Batxillerat - Escuela especializada en Bachillerato en Barcelona"},"image":{"@id":"https:\/\/www.batxilleratgranes.com\/es\/#\/schema\/logo\/image\/"}},{"@type":"Person","@id":"https:\/\/www.batxilleratgranes.com\/es\/#\/schema\/person\/4e10f231f79e8e2d24629e02b8283201","name":"mireia.martinez","image":{"@type":"ImageObject","inLanguage":"es","@id":"https:\/\/www.batxilleratgranes.com\/es\/#\/schema\/person\/image\/","url":"https:\/\/secure.gravatar.com\/avatar\/8c952e346979fb1eaf89bbc4dfda29f0?s=96&d=mm&r=g","contentUrl":"https:\/\/secure.gravatar.com\/avatar\/8c952e346979fb1eaf89bbc4dfda29f0?s=96&d=mm&r=g","caption":"mireia.martinez"},"url":"https:\/\/www.batxilleratgranes.com\/es\/author\/mireia-martinez\/"}]}},"_links":{"self":[{"href":"https:\/\/www.batxilleratgranes.com\/es\/wp-json\/wp\/v2\/posts\/14618"}],"collection":[{"href":"https:\/\/www.batxilleratgranes.com\/es\/wp-json\/wp\/v2\/posts"}],"about":[{"href":"https:\/\/www.batxilleratgranes.com\/es\/wp-json\/wp\/v2\/types\/post"}],"author":[{"embeddable":true,"href":"https:\/\/www.batxilleratgranes.com\/es\/wp-json\/wp\/v2\/users\/5"}],"replies":[{"embeddable":true,"href":"https:\/\/www.batxilleratgranes.com\/es\/wp-json\/wp\/v2\/comments?post=14618"}],"version-history":[{"count":5,"href":"https:\/\/www.batxilleratgranes.com\/es\/wp-json\/wp\/v2\/posts\/14618\/revisions"}],"predecessor-version":[{"id":14635,"href":"https:\/\/www.batxilleratgranes.com\/es\/wp-json\/wp\/v2\/posts\/14618\/revisions\/14635"}],"wp:featuredmedia":[{"embeddable":true,"href":"https:\/\/www.batxilleratgranes.com\/es\/wp-json\/wp\/v2\/media\/14632"}],"wp:attachment":[{"href":"https:\/\/www.batxilleratgranes.com\/es\/wp-json\/wp\/v2\/media?parent=14618"}],"wp:term":[{"taxonomy":"category","embeddable":true,"href":"https:\/\/www.batxilleratgranes.com\/es\/wp-json\/wp\/v2\/categories?post=14618"},{"taxonomy":"post_tag","embeddable":true,"href":"https:\/\/www.batxilleratgranes.com\/es\/wp-json\/wp\/v2\/tags?post=14618"}],"curies":[{"name":"wp","href":"https:\/\/api.w.org\/{rel}","templated":true}]}}