{"id":18408,"date":"2019-10-28T10:58:19","date_gmt":"2019-10-28T10:58:19","guid":{"rendered":"https:\/\/www.batxilleratgranes.com\/?p=18408"},"modified":"2019-10-28T10:58:23","modified_gmt":"2019-10-28T10:58:23","slug":"les-classes-de-cant-i-interpretacio-a-la-granes-em-van-motivar-per-continuar-formant-me","status":"publish","type":"post","link":"https:\/\/www.batxilleratgranes.com\/es\/les-classes-de-cant-i-interpretacio-a-la-granes-em-van-motivar-per-continuar-formant-me\/","title":{"rendered":"&#8220;Les classes de cant i interpretaci\u00f3 a la Gran\u00e9s em van motivar per continuar formant-me&#8221;"},"content":{"rendered":"\n<h3 class=\"wp-block-heading\">Entrevista a Alexandra Larios Farr\u00e9, estudiant a l&#8217;Escola Nancy Tu\u00f1\u00f3n\u00b7 Jordi Oliver <\/h3>\n\n\n\n<p><strong>Com va anar el primer any a l\u2019Escola Nancy Tu\u00f1\u00f3n\u00b7Jordi Oliver?<\/strong><\/p>\n\n\n\n<p><em>Va ser un bon any. Encara que al principi les meves expectatives van xocar amb la realitat, com acostuma a passar, tot va anar&nbsp;in&nbsp;crescendo&nbsp;i n&#8217;estic molt contenta.<\/em><\/p>\n\n\n\n<p><strong>Qu\u00e8 \u00e9s el que m\u00e9s et va agradar d\u2019aquesta nova etapa?<\/strong><\/p>\n\n\n\n<p><em>Con\u00e8ixer gent nova sempre \u00e9s emocionant, i si a m\u00e9s el motiu i la passi\u00f3 \u00e9s la mateixa, pots arribar a crear vincles molt forts amb els companys. Tamb\u00e9 he treballat amb nous professors i els seus m\u00e8todes, i tot aix\u00f2 m&#8217;ha perm\u00e8s aprendre, explorar i millorar en molts aspectes. Cada vegada conec m\u00e9s a la meva actriu i em vull seguir endinsant. Aix\u00f2, i haver compartit i creat amb gent de la professi\u00f3, ha estat el que m\u00e9s he gaudit d&#8217;aquesta nova etapa.<\/em><\/p>\n\n\n\n<div class=\"wp-block-image\"><figure class=\"aligncenter is-resized\"><img loading=\"lazy\" decoding=\"async\" src=\"https:\/\/www.batxilleratgranes.com\/wp-content\/uploads\/2019\/10\/Alexandra-Larios-5-1024x768.jpg\" alt=\"\" class=\"wp-image-18412\" width=\"768\" height=\"576\" srcset=\"https:\/\/www.batxilleratgranes.com\/wp-content\/uploads\/2019\/10\/Alexandra-Larios-5.jpg 1024w, https:\/\/www.batxilleratgranes.com\/wp-content\/uploads\/2019\/10\/Alexandra-Larios-5-300x225.jpg 300w, https:\/\/www.batxilleratgranes.com\/wp-content\/uploads\/2019\/10\/Alexandra-Larios-5-768x576.jpg 768w, https:\/\/www.batxilleratgranes.com\/wp-content\/uploads\/2019\/10\/Alexandra-Larios-5-650x488.jpg 650w, https:\/\/www.batxilleratgranes.com\/wp-content\/uploads\/2019\/10\/Alexandra-Larios-5-960x720.jpg 960w, https:\/\/www.batxilleratgranes.com\/wp-content\/uploads\/2019\/10\/Alexandra-Larios-5-1000x750.jpg 1000w\" sizes=\"(max-width: 768px) 100vw, 768px\" \/><\/figure><\/div>\n\n\n\n<p><strong> Quins canvis principals destacaries des del teu pas a la Gran\u00e9s? <\/strong><\/p>\n\n\n\n<p><em>Sortir del batxillerat sempre \u00e9s un repte. Els camins es van multiplicant i has de ser conscient que&nbsp;tu&nbsp;decideixes qui vols ser i a qu\u00e8 vols dedicar el teu temps i la teva energia. S&#8217;acaben les obligacions, per\u00f2 tamb\u00e9 s&#8217;acaba la comoditat. Comen\u00e7a la responsabilitat i la llibertat. Tens pr\u00e0cticament el control total de la teva vida, i per a&nbsp;mi&nbsp;aquest ha sigut el canvi m\u00e9s gran des de la Gran\u00e9s: escollir.  <\/em><\/p>\n\n\n\n<p><strong>I qu\u00e8 has escollit?<\/strong><\/p>\n\n\n\n<p><em>He escollit treballar com a actriu, he escollit continuar cantant, he escollit treure&#8217;m el carnet de conduir, he escollit treure&#8217;m el<em>\u00a0First Certificate in English<\/em>, he escollit fer c\u00e0stings, he escollit involucrar-me en un musical, he escollit donar classes de m\u00fasica com a professora, he escollit deixar el viol\u00ed durant un temps, he escollit reprendre les classes de franc\u00e8s, he escollit comen\u00e7ar a ballar<em>\u00a0jazz,<\/em> dansa contempor\u00e0nia i ballet, he escollit fer el grau de Comunicaci\u00f3 i Ind\u00fastries Culturals a la UB, he escollit iniciar-me en l&#8217;\u00f2pera, he escollit fer-me responsable de qu\u00e8 escullo, aprofitar-ho i gaudir-ho. <\/em><\/p>\n\n\n\n<div class=\"wp-block-image\"><figure class=\"aligncenter is-resized\"><img loading=\"lazy\" decoding=\"async\" src=\"https:\/\/www.batxilleratgranes.com\/wp-content\/uploads\/2019\/10\/Alexandra-Larios-2-768x1024.jpg\" alt=\"\" class=\"wp-image-18413\" width=\"576\" height=\"768\" srcset=\"https:\/\/www.batxilleratgranes.com\/wp-content\/uploads\/2019\/10\/Alexandra-Larios-2.jpg 768w, https:\/\/www.batxilleratgranes.com\/wp-content\/uploads\/2019\/10\/Alexandra-Larios-2-225x300.jpg 225w, https:\/\/www.batxilleratgranes.com\/wp-content\/uploads\/2019\/10\/Alexandra-Larios-2-650x867.jpg 650w\" sizes=\"(max-width: 576px) 100vw, 576px\" \/><\/figure><\/div>\n\n\n\n<p><strong>Trobes a faltar alguna cosa de la teva etapa de Batxillerat?<\/strong><\/p>\n\n\n\n<p><em>S\u00f3c una persona for\u00e7a nost\u00e0lgica, aix\u00ed que s\u00ed, sempre trobar\u00e9 a faltar la meva etapa de Batxillerat, tant els companys com el professorat i personal de la Gran\u00e9s, l&#8217;ambient, les aules, les assignatures&#8230; No m&#8217;agrada cr\u00e9ixer i em sento molt lligada a la meva inf\u00e0ncia i adolesc\u00e8ncia, aix\u00ed que ho recordar\u00e9 sempre amb molt&nbsp;afecte.<\/em><\/p>\n\n\n\n<p><strong>Com et van ajudar les classes de Cant i Interpretaci\u00f3 a la Gran\u00e9s per encarar els teus nous estudis?<\/strong><\/p>\n\n\n\n<p><em>A part&nbsp;d&#8217;adquirir m\u00e9s coneixement, les classes de cant i interpretaci\u00f3 a la Gran\u00e9s em van motivar per continuar formant-me.<\/em><\/p>\n\n\n\n<p><strong>Com et veus d\u2019aqu\u00ed a cinc anys?<\/strong><\/p>\n\n\n\n<p><em>No m&#8217;agrada massa pensar en el futur, crec que ens perdem massa pensant-hi, elaborant hip\u00f2tesis sobre possibles escenaris i ens oblidem del moment present, de ser-hi i viure&#8217;l. En aquest sentit simplement m&#8217;agrada encaminar-me, sentir que estic en el cam\u00ed correcte, el que jo he escollit per a&nbsp;mi&nbsp;i&nbsp;cr\u00e9ixer, evolucionar i cometre els &#8220;errors&#8221; que calgui en aquest; \u00e9s aix\u00ed com em veig dintre de cinc anys, en el meu cam\u00ed, m\u00e9s madura, m\u00e9s professional, amb m\u00e9s coneixement i, potser,&nbsp;havent&nbsp;complert&nbsp;alguns dels meus objectius.<\/em><\/p>\n\n\n\n<blockquote class=\"wp-block-quote is-layout-flow wp-block-quote-is-layout-flow\"><p> <br><em>&#8220;Sempre trobar\u00e9 a faltar la meva etapa de Batxillerat, tant els companys com el professorat i personal de la Gran\u00e9s, l&#8217;ambient, les aules, les assignatures&#8230;<\/em> &#8220;<\/p><\/blockquote>\n\n\n\n<p><strong>Tens clar a qu\u00e8 t\u2019agradaria dedicar-te professionalment?<\/strong><\/p>\n\n\n\n<p><em>Mai m&#8217;ha agradat la pressi\u00f3 que comporta respondre aquesta pregunta. Dins meu est\u00e0 clar, s\u00e9 el que m&#8217;omple i seguir\u00e9 treballant perqu\u00e8 m&#8217;hi pugui dedicar, per\u00f2 pas a pas, la vida d\u00f3na moltes voltes.<\/em><\/p>\n\n\n\n<p><strong>Despr\u00e9s del teu pas pel programa de TV3, <\/strong><em><strong>Oh Happy Day<\/strong><\/em><strong>, no et vas plantejar&nbsp; seguir amb la m\u00fasica? <\/strong><\/p>\n\n\n\n<p><em>De fet no he deixat mai de dedicar-me a la m\u00fasica, i despr\u00e9s de l&#8217;Oh Happy Day vaig continuar amb m\u00e9s ganes que mai. Segueixo fent bolos com a cantant, actuant en musicals i formant-me com a m\u00fasic.<\/em><\/p>\n\n\n\n<div class=\"wp-block-image\"><figure class=\"aligncenter is-resized\"><img loading=\"lazy\" decoding=\"async\" src=\"https:\/\/www.batxilleratgranes.com\/wp-content\/uploads\/2019\/10\/Alexandra-Larios-1-1024x683.jpg\" alt=\"\" class=\"wp-image-18411\" width=\"768\" height=\"512\" srcset=\"https:\/\/www.batxilleratgranes.com\/wp-content\/uploads\/2019\/10\/Alexandra-Larios-1.jpg 1024w, https:\/\/www.batxilleratgranes.com\/wp-content\/uploads\/2019\/10\/Alexandra-Larios-1-300x200.jpg 300w, https:\/\/www.batxilleratgranes.com\/wp-content\/uploads\/2019\/10\/Alexandra-Larios-1-768x512.jpg 768w, https:\/\/www.batxilleratgranes.com\/wp-content\/uploads\/2019\/10\/Alexandra-Larios-1-650x434.jpg 650w, https:\/\/www.batxilleratgranes.com\/wp-content\/uploads\/2019\/10\/Alexandra-Larios-1-134x90.jpg 134w, https:\/\/www.batxilleratgranes.com\/wp-content\/uploads\/2019\/10\/Alexandra-Larios-1-960x640.jpg 960w, https:\/\/www.batxilleratgranes.com\/wp-content\/uploads\/2019\/10\/Alexandra-Larios-1-1000x667.jpg 1000w\" sizes=\"(max-width: 768px) 100vw, 768px\" \/><\/figure><\/div>\n\n\n\n<p><strong>Tens algun projecte actual relacionat amb aix\u00f2?<\/strong><\/p>\n\n\n\n<p><em>Fa temps que tinc entre mans la creaci\u00f3 d&#8217;un disc amb temes propis, per\u00f2 la veritat \u00e9s que \u00e9s un proc\u00e9s lent, complicat i a vegades la falta de recursos fa que el projecte s&#8217;encalli. Tot i aix\u00f2 espero poder presentar-lo algun dia. <\/em><\/p>\n\n\n\n<p><strong>Qu\u00e8 recomanaries a algun estudiant que s\u2019est\u00e0 plantejant estudiar el Batxillerat en l&#8217;itinerari d&#8217;Arts Esc\u00e8niques?<\/strong><\/p>\n\n\n\n<p><em>Risc, aprendre des del plaer, autoconeixement, explorar, connexi\u00f3, escolta, energia i viure l&#8217;escena. S\u00f3n algunes de les paraules que se m&#8217;han quedat gravades i considero que s&#8217;han de tenir molt presents. Ser\u00e0 un proc\u00e9s&nbsp;intens, per\u00f2 si de veritat sents que \u00e9s una necessitat, que el cor t&#8217;ho demana, i caus en bones mans,&nbsp;ho&nbsp;gaudir\u00e0s.<\/em><\/p>\n\n\n\n<div class=\"wp-block-image\"><figure class=\"aligncenter is-resized\"><img loading=\"lazy\" decoding=\"async\" src=\"https:\/\/www.batxilleratgranes.com\/wp-content\/uploads\/2019\/10\/Alexandra-Larios-7-768x1024.jpg\" alt=\"\" class=\"wp-image-18417\" width=\"576\" height=\"768\" srcset=\"https:\/\/www.batxilleratgranes.com\/wp-content\/uploads\/2019\/10\/Alexandra-Larios-7-768x1024.jpg 768w, https:\/\/www.batxilleratgranes.com\/wp-content\/uploads\/2019\/10\/Alexandra-Larios-7-225x300.jpg 225w, https:\/\/www.batxilleratgranes.com\/wp-content\/uploads\/2019\/10\/Alexandra-Larios-7-650x867.jpg 650w, https:\/\/www.batxilleratgranes.com\/wp-content\/uploads\/2019\/10\/Alexandra-Larios-7.jpg 900w\" sizes=\"(max-width: 576px) 100vw, 576px\" \/><figcaption>Alexandra assistint al Festival Internacional de Cinema Fant\u00e0stic de Sitges.<\/figcaption><\/figure><\/div>\n","protected":false},"excerpt":{"rendered":"<p>Entrevista a Alexandra Larios Farr\u00e9, estudiant a l&#8217;Escola Nancy Tu\u00f1\u00f3n\u00b7 Jordi Oliver Com va anar el primer any a l\u2019Escola Nancy Tu\u00f1\u00f3n\u00b7Jordi Oliver? Va ser un bon any. Encara que al principi les meves expectatives van xocar amb la realitat, com acostuma a passar, tot va anar&nbsp;in&nbsp;crescendo&nbsp;i n&#8217;estic molt contenta. Qu\u00e8 \u00e9s el que m\u00e9s&hellip;&nbsp;<a href=\"https:\/\/www.batxilleratgranes.com\/es\/les-classes-de-cant-i-interpretacio-a-la-granes-em-van-motivar-per-continuar-formant-me\/\" class=\"\" rel=\"bookmark\">Read More &raquo;<span class=\"screen-reader-text\">&#8220;Les classes de cant i interpretaci\u00f3 a la Gran\u00e9s em van motivar per continuar formant-me&#8221;<\/span><\/a><\/p>\n","protected":false},"author":5,"featured_media":18415,"comment_status":"open","ping_status":"open","sticky":false,"template":"","format":"standard","meta":{"neve_meta_sidebar":"","neve_meta_container":"","neve_meta_enable_content_width":"","neve_meta_content_width":0,"neve_meta_title_alignment":"","neve_meta_author_avatar":"","neve_post_elements_order":"","neve_meta_disable_header":"","neve_meta_disable_footer":"","neve_meta_disable_title":"","footnotes":""},"categories":[65],"tags":[857,323,22,379,169],"class_list":["post-18408","post","type-post","status-publish","format-standard","has-post-thumbnail","hentry","category-anticsalumnes","tag-alexandra-larios","tag-antics-alumnes","tag-batxillerat","tag-batxillerat-arts-esceniques","tag-gent-granes"],"yoast_head":"<!-- This site is optimized with the Yoast SEO plugin v23.4 - https:\/\/yoast.com\/wordpress\/plugins\/seo\/ -->\n<title>&quot;Les classes de cant i interpretaci\u00f3 a la Gran\u00e9s em van motivar per continuar formant-me&quot; - Gran\u00e9s Batxillerat - Escuela especializada en Bachillerato en Barcelona<\/title>\n<meta name=\"robots\" content=\"index, follow, max-snippet:-1, max-image-preview:large, max-video-preview:-1\" \/>\n<link rel=\"canonical\" href=\"https:\/\/www.batxilleratgranes.com\/es\/les-classes-de-cant-i-interpretacio-a-la-granes-em-van-motivar-per-continuar-formant-me\/\" \/>\n<meta property=\"og:locale\" content=\"es_ES\" \/>\n<meta property=\"og:type\" content=\"article\" \/>\n<meta property=\"og:title\" content=\"&quot;Les classes de cant i interpretaci\u00f3 a la Gran\u00e9s em van motivar per continuar formant-me&quot; - Gran\u00e9s Batxillerat - Escuela especializada en Bachillerato en Barcelona\" \/>\n<meta property=\"og:description\" content=\"Entrevista a Alexandra Larios Farr\u00e9, estudiant a l&#8217;Escola Nancy Tu\u00f1\u00f3n\u00b7 Jordi Oliver Com va anar el primer any a l\u2019Escola Nancy Tu\u00f1\u00f3n\u00b7Jordi Oliver? Va ser un bon any. Encara que al principi les meves expectatives van xocar amb la realitat, com acostuma a passar, tot va anar&nbsp;in&nbsp;crescendo&nbsp;i n&#8217;estic molt contenta. Qu\u00e8 \u00e9s el que m\u00e9s&hellip;&nbsp;Read More &raquo;&#8220;Les classes de cant i interpretaci\u00f3 a la Gran\u00e9s em van motivar per continuar formant-me&#8221;\" \/>\n<meta property=\"og:url\" content=\"https:\/\/www.batxilleratgranes.com\/es\/les-classes-de-cant-i-interpretacio-a-la-granes-em-van-motivar-per-continuar-formant-me\/\" \/>\n<meta property=\"og:site_name\" content=\"Gran\u00e9s Batxillerat - Escuela especializada en Bachillerato en Barcelona\" \/>\n<meta property=\"article:published_time\" content=\"2019-10-28T10:58:19+00:00\" \/>\n<meta property=\"article:modified_time\" content=\"2019-10-28T10:58:23+00:00\" \/>\n<meta property=\"og:image\" content=\"https:\/\/www.batxilleratgranes.com\/wp-content\/uploads\/2019\/10\/Alexandra-Larios-4.jpg\" \/>\n\t<meta property=\"og:image:width\" content=\"512\" \/>\n\t<meta property=\"og:image:height\" content=\"341\" \/>\n\t<meta property=\"og:image:type\" content=\"image\/jpeg\" \/>\n<meta name=\"author\" content=\"mireia.martinez\" \/>\n<meta name=\"twitter:card\" content=\"summary_large_image\" \/>\n<meta name=\"twitter:label1\" content=\"Written by\" \/>\n\t<meta name=\"twitter:data1\" content=\"mireia.martinez\" \/>\n\t<meta name=\"twitter:label2\" content=\"Est. reading time\" \/>\n\t<meta name=\"twitter:data2\" content=\"4 minutes\" \/>\n<script type=\"application\/ld+json\" class=\"yoast-schema-graph\">{\"@context\":\"https:\/\/schema.org\",\"@graph\":[{\"@type\":\"Article\",\"@id\":\"https:\/\/www.batxilleratgranes.com\/es\/les-classes-de-cant-i-interpretacio-a-la-granes-em-van-motivar-per-continuar-formant-me\/#article\",\"isPartOf\":{\"@id\":\"https:\/\/www.batxilleratgranes.com\/es\/les-classes-de-cant-i-interpretacio-a-la-granes-em-van-motivar-per-continuar-formant-me\/\"},\"author\":{\"name\":\"mireia.martinez\",\"@id\":\"https:\/\/www.batxilleratgranes.com\/es\/#\/schema\/person\/4e10f231f79e8e2d24629e02b8283201\"},\"headline\":\"&#8220;Les classes de cant i interpretaci\u00f3 a la Gran\u00e9s em van motivar per continuar formant-me&#8221;\",\"datePublished\":\"2019-10-28T10:58:19+00:00\",\"dateModified\":\"2019-10-28T10:58:23+00:00\",\"mainEntityOfPage\":{\"@id\":\"https:\/\/www.batxilleratgranes.com\/es\/les-classes-de-cant-i-interpretacio-a-la-granes-em-van-motivar-per-continuar-formant-me\/\"},\"wordCount\":906,\"commentCount\":0,\"publisher\":{\"@id\":\"https:\/\/www.batxilleratgranes.com\/es\/#organization\"},\"image\":{\"@id\":\"https:\/\/www.batxilleratgranes.com\/es\/les-classes-de-cant-i-interpretacio-a-la-granes-em-van-motivar-per-continuar-formant-me\/#primaryimage\"},\"thumbnailUrl\":\"https:\/\/www.batxilleratgranes.com\/wp-content\/uploads\/2019\/10\/Alexandra-Larios-4.jpg\",\"keywords\":[\"Alexandra Larios\",\"Antics alumnes\",\"Batxillerat\",\"Batxillerat Arts Esc\u00e8niques\",\"Gent Gran\u00e9s\"],\"articleSection\":[\"Antics alumnes\"],\"inLanguage\":\"es\",\"potentialAction\":[{\"@type\":\"CommentAction\",\"name\":\"Comment\",\"target\":[\"https:\/\/www.batxilleratgranes.com\/es\/les-classes-de-cant-i-interpretacio-a-la-granes-em-van-motivar-per-continuar-formant-me\/#respond\"]}]},{\"@type\":\"WebPage\",\"@id\":\"https:\/\/www.batxilleratgranes.com\/es\/les-classes-de-cant-i-interpretacio-a-la-granes-em-van-motivar-per-continuar-formant-me\/\",\"url\":\"https:\/\/www.batxilleratgranes.com\/es\/les-classes-de-cant-i-interpretacio-a-la-granes-em-van-motivar-per-continuar-formant-me\/\",\"name\":\"\\\"Les classes de cant i interpretaci\u00f3 a la Gran\u00e9s em van motivar per continuar formant-me\\\" - Gran\u00e9s Batxillerat - Escuela especializada en Bachillerato en Barcelona\",\"isPartOf\":{\"@id\":\"https:\/\/www.batxilleratgranes.com\/es\/#website\"},\"primaryImageOfPage\":{\"@id\":\"https:\/\/www.batxilleratgranes.com\/es\/les-classes-de-cant-i-interpretacio-a-la-granes-em-van-motivar-per-continuar-formant-me\/#primaryimage\"},\"image\":{\"@id\":\"https:\/\/www.batxilleratgranes.com\/es\/les-classes-de-cant-i-interpretacio-a-la-granes-em-van-motivar-per-continuar-formant-me\/#primaryimage\"},\"thumbnailUrl\":\"https:\/\/www.batxilleratgranes.com\/wp-content\/uploads\/2019\/10\/Alexandra-Larios-4.jpg\",\"datePublished\":\"2019-10-28T10:58:19+00:00\",\"dateModified\":\"2019-10-28T10:58:23+00:00\",\"breadcrumb\":{\"@id\":\"https:\/\/www.batxilleratgranes.com\/es\/les-classes-de-cant-i-interpretacio-a-la-granes-em-van-motivar-per-continuar-formant-me\/#breadcrumb\"},\"inLanguage\":\"es\",\"potentialAction\":[{\"@type\":\"ReadAction\",\"target\":[\"https:\/\/www.batxilleratgranes.com\/es\/les-classes-de-cant-i-interpretacio-a-la-granes-em-van-motivar-per-continuar-formant-me\/\"]}]},{\"@type\":\"ImageObject\",\"inLanguage\":\"es\",\"@id\":\"https:\/\/www.batxilleratgranes.com\/es\/les-classes-de-cant-i-interpretacio-a-la-granes-em-van-motivar-per-continuar-formant-me\/#primaryimage\",\"url\":\"https:\/\/www.batxilleratgranes.com\/wp-content\/uploads\/2019\/10\/Alexandra-Larios-4.jpg\",\"contentUrl\":\"https:\/\/www.batxilleratgranes.com\/wp-content\/uploads\/2019\/10\/Alexandra-Larios-4.jpg\",\"width\":512,\"height\":341,\"caption\":\"Entrevista a Alexandra Larios\"},{\"@type\":\"BreadcrumbList\",\"@id\":\"https:\/\/www.batxilleratgranes.com\/es\/les-classes-de-cant-i-interpretacio-a-la-granes-em-van-motivar-per-continuar-formant-me\/#breadcrumb\",\"itemListElement\":[{\"@type\":\"ListItem\",\"position\":1,\"name\":\"Inici\",\"item\":\"https:\/\/www.batxilleratgranes.com\/es\/\"},{\"@type\":\"ListItem\",\"position\":2,\"name\":\"&#8220;Les classes de cant i interpretaci\u00f3 a la Gran\u00e9s em van motivar per continuar formant-me&#8221;\"}]},{\"@type\":\"WebSite\",\"@id\":\"https:\/\/www.batxilleratgranes.com\/es\/#website\",\"url\":\"https:\/\/www.batxilleratgranes.com\/es\/\",\"name\":\"Gran\u00e9s Batxillerat - Escuela especializada en Bachillerato en Barcelona\",\"description\":\"Escola especialitzada en Batxillerat a Barcelona\",\"publisher\":{\"@id\":\"https:\/\/www.batxilleratgranes.com\/es\/#organization\"},\"potentialAction\":[{\"@type\":\"SearchAction\",\"target\":{\"@type\":\"EntryPoint\",\"urlTemplate\":\"https:\/\/www.batxilleratgranes.com\/es\/?s={search_term_string}\"},\"query-input\":{\"@type\":\"PropertyValueSpecification\",\"valueRequired\":true,\"valueName\":\"search_term_string\"}}],\"inLanguage\":\"es\"},{\"@type\":\"Organization\",\"@id\":\"https:\/\/www.batxilleratgranes.com\/es\/#organization\",\"name\":\"Gran\u00e9s Batxillerat - Escuela especializada en Bachillerato en Barcelona\",\"url\":\"https:\/\/www.batxilleratgranes.com\/es\/\",\"logo\":{\"@type\":\"ImageObject\",\"inLanguage\":\"es\",\"@id\":\"https:\/\/www.batxilleratgranes.com\/es\/#\/schema\/logo\/image\/\",\"url\":\"https:\/\/www.batxilleratgranes.com\/wp-content\/uploads\/2013\/01\/granes1.png\",\"contentUrl\":\"https:\/\/www.batxilleratgranes.com\/wp-content\/uploads\/2013\/01\/granes1.png\",\"width\":292,\"height\":85,\"caption\":\"Gran\u00e9s Batxillerat - Escuela especializada en Bachillerato en Barcelona\"},\"image\":{\"@id\":\"https:\/\/www.batxilleratgranes.com\/es\/#\/schema\/logo\/image\/\"}},{\"@type\":\"Person\",\"@id\":\"https:\/\/www.batxilleratgranes.com\/es\/#\/schema\/person\/4e10f231f79e8e2d24629e02b8283201\",\"name\":\"mireia.martinez\",\"image\":{\"@type\":\"ImageObject\",\"inLanguage\":\"es\",\"@id\":\"https:\/\/www.batxilleratgranes.com\/es\/#\/schema\/person\/image\/\",\"url\":\"https:\/\/secure.gravatar.com\/avatar\/8c952e346979fb1eaf89bbc4dfda29f0?s=96&d=mm&r=g\",\"contentUrl\":\"https:\/\/secure.gravatar.com\/avatar\/8c952e346979fb1eaf89bbc4dfda29f0?s=96&d=mm&r=g\",\"caption\":\"mireia.martinez\"},\"url\":\"https:\/\/www.batxilleratgranes.com\/es\/author\/mireia-martinez\/\"}]}<\/script>\n<!-- \/ Yoast SEO plugin. -->","yoast_head_json":{"title":"\"Les classes de cant i interpretaci\u00f3 a la Gran\u00e9s em van motivar per continuar formant-me\" - Gran\u00e9s Batxillerat - Escuela especializada en Bachillerato en Barcelona","robots":{"index":"index","follow":"follow","max-snippet":"max-snippet:-1","max-image-preview":"max-image-preview:large","max-video-preview":"max-video-preview:-1"},"canonical":"https:\/\/www.batxilleratgranes.com\/es\/les-classes-de-cant-i-interpretacio-a-la-granes-em-van-motivar-per-continuar-formant-me\/","og_locale":"es_ES","og_type":"article","og_title":"\"Les classes de cant i interpretaci\u00f3 a la Gran\u00e9s em van motivar per continuar formant-me\" - Gran\u00e9s Batxillerat - Escuela especializada en Bachillerato en Barcelona","og_description":"Entrevista a Alexandra Larios Farr\u00e9, estudiant a l&#8217;Escola Nancy Tu\u00f1\u00f3n\u00b7 Jordi Oliver Com va anar el primer any a l\u2019Escola Nancy Tu\u00f1\u00f3n\u00b7Jordi Oliver? Va ser un bon any. Encara que al principi les meves expectatives van xocar amb la realitat, com acostuma a passar, tot va anar&nbsp;in&nbsp;crescendo&nbsp;i n&#8217;estic molt contenta. Qu\u00e8 \u00e9s el que m\u00e9s&hellip;&nbsp;Read More &raquo;&#8220;Les classes de cant i interpretaci\u00f3 a la Gran\u00e9s em van motivar per continuar formant-me&#8221;","og_url":"https:\/\/www.batxilleratgranes.com\/es\/les-classes-de-cant-i-interpretacio-a-la-granes-em-van-motivar-per-continuar-formant-me\/","og_site_name":"Gran\u00e9s Batxillerat - Escuela especializada en Bachillerato en Barcelona","article_published_time":"2019-10-28T10:58:19+00:00","article_modified_time":"2019-10-28T10:58:23+00:00","og_image":[{"width":512,"height":341,"url":"https:\/\/www.batxilleratgranes.com\/wp-content\/uploads\/2019\/10\/Alexandra-Larios-4.jpg","type":"image\/jpeg"}],"author":"mireia.martinez","twitter_card":"summary_large_image","twitter_misc":{"Written by":"mireia.martinez","Est. reading time":"4 minutes"},"schema":{"@context":"https:\/\/schema.org","@graph":[{"@type":"Article","@id":"https:\/\/www.batxilleratgranes.com\/es\/les-classes-de-cant-i-interpretacio-a-la-granes-em-van-motivar-per-continuar-formant-me\/#article","isPartOf":{"@id":"https:\/\/www.batxilleratgranes.com\/es\/les-classes-de-cant-i-interpretacio-a-la-granes-em-van-motivar-per-continuar-formant-me\/"},"author":{"name":"mireia.martinez","@id":"https:\/\/www.batxilleratgranes.com\/es\/#\/schema\/person\/4e10f231f79e8e2d24629e02b8283201"},"headline":"&#8220;Les classes de cant i interpretaci\u00f3 a la Gran\u00e9s em van motivar per continuar formant-me&#8221;","datePublished":"2019-10-28T10:58:19+00:00","dateModified":"2019-10-28T10:58:23+00:00","mainEntityOfPage":{"@id":"https:\/\/www.batxilleratgranes.com\/es\/les-classes-de-cant-i-interpretacio-a-la-granes-em-van-motivar-per-continuar-formant-me\/"},"wordCount":906,"commentCount":0,"publisher":{"@id":"https:\/\/www.batxilleratgranes.com\/es\/#organization"},"image":{"@id":"https:\/\/www.batxilleratgranes.com\/es\/les-classes-de-cant-i-interpretacio-a-la-granes-em-van-motivar-per-continuar-formant-me\/#primaryimage"},"thumbnailUrl":"https:\/\/www.batxilleratgranes.com\/wp-content\/uploads\/2019\/10\/Alexandra-Larios-4.jpg","keywords":["Alexandra Larios","Antics alumnes","Batxillerat","Batxillerat Arts Esc\u00e8niques","Gent Gran\u00e9s"],"articleSection":["Antics alumnes"],"inLanguage":"es","potentialAction":[{"@type":"CommentAction","name":"Comment","target":["https:\/\/www.batxilleratgranes.com\/es\/les-classes-de-cant-i-interpretacio-a-la-granes-em-van-motivar-per-continuar-formant-me\/#respond"]}]},{"@type":"WebPage","@id":"https:\/\/www.batxilleratgranes.com\/es\/les-classes-de-cant-i-interpretacio-a-la-granes-em-van-motivar-per-continuar-formant-me\/","url":"https:\/\/www.batxilleratgranes.com\/es\/les-classes-de-cant-i-interpretacio-a-la-granes-em-van-motivar-per-continuar-formant-me\/","name":"\"Les classes de cant i interpretaci\u00f3 a la Gran\u00e9s em van motivar per continuar formant-me\" - Gran\u00e9s Batxillerat - Escuela especializada en Bachillerato en Barcelona","isPartOf":{"@id":"https:\/\/www.batxilleratgranes.com\/es\/#website"},"primaryImageOfPage":{"@id":"https:\/\/www.batxilleratgranes.com\/es\/les-classes-de-cant-i-interpretacio-a-la-granes-em-van-motivar-per-continuar-formant-me\/#primaryimage"},"image":{"@id":"https:\/\/www.batxilleratgranes.com\/es\/les-classes-de-cant-i-interpretacio-a-la-granes-em-van-motivar-per-continuar-formant-me\/#primaryimage"},"thumbnailUrl":"https:\/\/www.batxilleratgranes.com\/wp-content\/uploads\/2019\/10\/Alexandra-Larios-4.jpg","datePublished":"2019-10-28T10:58:19+00:00","dateModified":"2019-10-28T10:58:23+00:00","breadcrumb":{"@id":"https:\/\/www.batxilleratgranes.com\/es\/les-classes-de-cant-i-interpretacio-a-la-granes-em-van-motivar-per-continuar-formant-me\/#breadcrumb"},"inLanguage":"es","potentialAction":[{"@type":"ReadAction","target":["https:\/\/www.batxilleratgranes.com\/es\/les-classes-de-cant-i-interpretacio-a-la-granes-em-van-motivar-per-continuar-formant-me\/"]}]},{"@type":"ImageObject","inLanguage":"es","@id":"https:\/\/www.batxilleratgranes.com\/es\/les-classes-de-cant-i-interpretacio-a-la-granes-em-van-motivar-per-continuar-formant-me\/#primaryimage","url":"https:\/\/www.batxilleratgranes.com\/wp-content\/uploads\/2019\/10\/Alexandra-Larios-4.jpg","contentUrl":"https:\/\/www.batxilleratgranes.com\/wp-content\/uploads\/2019\/10\/Alexandra-Larios-4.jpg","width":512,"height":341,"caption":"Entrevista a Alexandra Larios"},{"@type":"BreadcrumbList","@id":"https:\/\/www.batxilleratgranes.com\/es\/les-classes-de-cant-i-interpretacio-a-la-granes-em-van-motivar-per-continuar-formant-me\/#breadcrumb","itemListElement":[{"@type":"ListItem","position":1,"name":"Inici","item":"https:\/\/www.batxilleratgranes.com\/es\/"},{"@type":"ListItem","position":2,"name":"&#8220;Les classes de cant i interpretaci\u00f3 a la Gran\u00e9s em van motivar per continuar formant-me&#8221;"}]},{"@type":"WebSite","@id":"https:\/\/www.batxilleratgranes.com\/es\/#website","url":"https:\/\/www.batxilleratgranes.com\/es\/","name":"Gran\u00e9s Batxillerat - Escuela especializada en Bachillerato en Barcelona","description":"Escola especialitzada en Batxillerat a Barcelona","publisher":{"@id":"https:\/\/www.batxilleratgranes.com\/es\/#organization"},"potentialAction":[{"@type":"SearchAction","target":{"@type":"EntryPoint","urlTemplate":"https:\/\/www.batxilleratgranes.com\/es\/?s={search_term_string}"},"query-input":{"@type":"PropertyValueSpecification","valueRequired":true,"valueName":"search_term_string"}}],"inLanguage":"es"},{"@type":"Organization","@id":"https:\/\/www.batxilleratgranes.com\/es\/#organization","name":"Gran\u00e9s Batxillerat - Escuela especializada en Bachillerato en Barcelona","url":"https:\/\/www.batxilleratgranes.com\/es\/","logo":{"@type":"ImageObject","inLanguage":"es","@id":"https:\/\/www.batxilleratgranes.com\/es\/#\/schema\/logo\/image\/","url":"https:\/\/www.batxilleratgranes.com\/wp-content\/uploads\/2013\/01\/granes1.png","contentUrl":"https:\/\/www.batxilleratgranes.com\/wp-content\/uploads\/2013\/01\/granes1.png","width":292,"height":85,"caption":"Gran\u00e9s Batxillerat - Escuela especializada en Bachillerato en Barcelona"},"image":{"@id":"https:\/\/www.batxilleratgranes.com\/es\/#\/schema\/logo\/image\/"}},{"@type":"Person","@id":"https:\/\/www.batxilleratgranes.com\/es\/#\/schema\/person\/4e10f231f79e8e2d24629e02b8283201","name":"mireia.martinez","image":{"@type":"ImageObject","inLanguage":"es","@id":"https:\/\/www.batxilleratgranes.com\/es\/#\/schema\/person\/image\/","url":"https:\/\/secure.gravatar.com\/avatar\/8c952e346979fb1eaf89bbc4dfda29f0?s=96&d=mm&r=g","contentUrl":"https:\/\/secure.gravatar.com\/avatar\/8c952e346979fb1eaf89bbc4dfda29f0?s=96&d=mm&r=g","caption":"mireia.martinez"},"url":"https:\/\/www.batxilleratgranes.com\/es\/author\/mireia-martinez\/"}]}},"_links":{"self":[{"href":"https:\/\/www.batxilleratgranes.com\/es\/wp-json\/wp\/v2\/posts\/18408"}],"collection":[{"href":"https:\/\/www.batxilleratgranes.com\/es\/wp-json\/wp\/v2\/posts"}],"about":[{"href":"https:\/\/www.batxilleratgranes.com\/es\/wp-json\/wp\/v2\/types\/post"}],"author":[{"embeddable":true,"href":"https:\/\/www.batxilleratgranes.com\/es\/wp-json\/wp\/v2\/users\/5"}],"replies":[{"embeddable":true,"href":"https:\/\/www.batxilleratgranes.com\/es\/wp-json\/wp\/v2\/comments?post=18408"}],"version-history":[{"count":11,"href":"https:\/\/www.batxilleratgranes.com\/es\/wp-json\/wp\/v2\/posts\/18408\/revisions"}],"predecessor-version":[{"id":18586,"href":"https:\/\/www.batxilleratgranes.com\/es\/wp-json\/wp\/v2\/posts\/18408\/revisions\/18586"}],"wp:featuredmedia":[{"embeddable":true,"href":"https:\/\/www.batxilleratgranes.com\/es\/wp-json\/wp\/v2\/media\/18415"}],"wp:attachment":[{"href":"https:\/\/www.batxilleratgranes.com\/es\/wp-json\/wp\/v2\/media?parent=18408"}],"wp:term":[{"taxonomy":"category","embeddable":true,"href":"https:\/\/www.batxilleratgranes.com\/es\/wp-json\/wp\/v2\/categories?post=18408"},{"taxonomy":"post_tag","embeddable":true,"href":"https:\/\/www.batxilleratgranes.com\/es\/wp-json\/wp\/v2\/tags?post=18408"}],"curies":[{"name":"wp","href":"https:\/\/api.w.org\/{rel}","templated":true}]}}