{"id":18995,"date":"2019-11-25T15:36:51","date_gmt":"2019-11-25T15:36:51","guid":{"rendered":"https:\/\/www.batxilleratgranes.com\/?p=18995"},"modified":"2019-11-29T10:59:42","modified_gmt":"2019-11-29T10:59:42","slug":"taller-a-blanquerna-sobre-tecniques-respiratories-per-a-malalts-de-fibrosi-quistica","status":"publish","type":"post","link":"https:\/\/www.batxilleratgranes.com\/es\/taller-a-blanquerna-sobre-tecniques-respiratories-per-a-malalts-de-fibrosi-quistica\/","title":{"rendered":"Taller a Blanquerna sobre t\u00e8cniques respirat\u00f2ries per a malalts de fibrosi qu\u00edstica"},"content":{"rendered":"\n<p>El passat divendres, els alumnes de Biologia i Salut de primer de Batxillerat van realitzar un taller a les instal\u00b7lacions de la <strong><a href=\"https:\/\/www.blanquerna.edu\/ca\/fcs\">Facultat de Ci\u00e8ncies de la Salut Blanquerna.<\/a><\/strong>  Aquesta activitat s&#8217;emmarca dins del <strong>projecte<\/strong> que realitzen aquests alumnes de l&#8217;itinerari en <a href=\"https:\/\/www.batxilleratgranes.com\/batxillerat-ciencies-salut\"><strong>Ci\u00e8ncies de la Salut<\/strong><\/a> sobre la <strong>fibrosi qu\u00edstica<\/strong>.<\/p>\n\n\n\n<div class=\"wp-block-image\"><figure class=\"aligncenter is-resized\"><img loading=\"lazy\" decoding=\"async\" src=\"https:\/\/www.batxilleratgranes.com\/wp-content\/uploads\/2019\/11\/foto-fibrosi-qu\u00edstica-3.jpg\" alt=\"\" class=\"wp-image-19021\" width=\"530\" height=\"307\" srcset=\"https:\/\/www.batxilleratgranes.com\/wp-content\/uploads\/2019\/11\/foto-fibrosi-qu\u00edstica-3.jpg 706w, https:\/\/www.batxilleratgranes.com\/wp-content\/uploads\/2019\/11\/foto-fibrosi-qu\u00edstica-3-300x174.jpg 300w, https:\/\/www.batxilleratgranes.com\/wp-content\/uploads\/2019\/11\/foto-fibrosi-qu\u00edstica-3-650x377.jpg 650w\" sizes=\"(max-width: 530px) 100vw, 530px\" \/><\/figure><\/div>\n\n\n\n<p>Primer en una aula, la Doctora Victoria Alcaraz, fisioterapeuta i docent a <strong>Blanquerna-URL, <\/strong>va relacionar la malaltia de la fibrosi qu\u00edstica amb l&#8217;aparell respiratori. Aquestes indicacions van resultar molt \u00fatils als nostres alumnes, que van poder ampliar aix\u00ed els continguts que ja havien treballat a classe.<\/p>\n\n\n\n<div class=\"wp-block-image\"><figure class=\"aligncenter is-resized\"><img loading=\"lazy\" decoding=\"async\" src=\"https:\/\/www.batxilleratgranes.com\/wp-content\/uploads\/2019\/11\/IMG-20191122-WA0002-768x1024.jpg\" alt=\"\" class=\"wp-image-19000\" width=\"576\" height=\"768\" srcset=\"https:\/\/www.batxilleratgranes.com\/wp-content\/uploads\/2019\/11\/IMG-20191122-WA0002-768x1024.jpg 768w, https:\/\/www.batxilleratgranes.com\/wp-content\/uploads\/2019\/11\/IMG-20191122-WA0002-225x300.jpg 225w, https:\/\/www.batxilleratgranes.com\/wp-content\/uploads\/2019\/11\/IMG-20191122-WA0002-650x867.jpg 650w, https:\/\/www.batxilleratgranes.com\/wp-content\/uploads\/2019\/11\/IMG-20191122-WA0002.jpg 900w\" sizes=\"(max-width: 576px) 100vw, 576px\" \/><\/figure><\/div>\n\n\n\n<p>Una de les majors dificultats d&#8217;aquests malalts t\u00e9 a veure amb la <strong>densitat del moc<\/strong>, que dificulta la seva respiraci\u00f3, i per aix\u00f2 els alumnes van poder provar diferents<strong> t\u00e8cniques instrumentals<\/strong> per <strong>facilitar el drenatge<\/strong> de les secrecions respirat\u00f2ries. Aquestes t\u00e8cniques contribueixen, doncs, a fer que el moc sigui m\u00e9s fluid. <\/p>\n\n\n\n<figure class=\"wp-block-embed-youtube aligncenter wp-block-embed is-type-video is-provider-youtube wp-embed-aspect-4-3 wp-has-aspect-ratio\"><div class=\"wp-block-embed__wrapper\">\n<div class=\"nv-iframe-embed\"><iframe loading=\"lazy\" title=\"Gran\u00e9s Batxillerat - Taller Blanquerna sobre la fibrosi qu\u00edstica\" width=\"1200\" height=\"675\" src=\"https:\/\/www.youtube.com\/embed\/sbd-wbVBkPU?feature=oembed\" frameborder=\"0\" allow=\"accelerometer; autoplay; clipboard-write; encrypted-media; gyroscope; picture-in-picture\" allowfullscreen><\/iframe><\/div>\n<\/div><\/figure>\n\n\n\n<p>Amb l&#8217;ajuda d&#8217;un estetoscopi, la doctora tamb\u00e9 va ensenyar els alumnes a sentir el soroll de l&#8217;aire en una persona sana. Despr\u00e9s, van poder contrastar aquest soroll amb un \u00e0udio enregistrat on s&#8217;escoltava la respiraci\u00f3 en una persona amb fibrosi qu\u00edstica. <\/p>\n\n\n\n<div class=\"wp-block-image\"><figure class=\"aligncenter is-resized\"><img loading=\"lazy\" decoding=\"async\" src=\"https:\/\/www.batxilleratgranes.com\/wp-content\/uploads\/2019\/11\/foto-3.jpg\" alt=\"\" class=\"wp-image-19004\" width=\"379\" height=\"302\" srcset=\"https:\/\/www.batxilleratgranes.com\/wp-content\/uploads\/2019\/11\/foto-3.jpg 379w, https:\/\/www.batxilleratgranes.com\/wp-content\/uploads\/2019\/11\/foto-3-300x239.jpg 300w\" sizes=\"(max-width: 379px) 100vw, 379px\" \/><\/figure><\/div>\n\n\n\n<p>En aquest taller, els alumnes van poder con\u00e8ixer diferents aparells per facilitar el moviment del moc. Aparells que utilitzen els malalts per fer exercicis respiratoris.<\/p>\n\n\n\n<p><\/p>\n\n\n\n<p><\/p>\n\n\n\n<h1 class=\"wp-block-heading\"><strong>Aula hospital\u00e0ria<\/strong><\/h1>\n\n\n\n<p>A la segona part de la sessi\u00f3, els alumnes es van dirigir a una aula d&#8217;hospital, on van poder treballar la <strong>musculatura respirat\u00f2ria<\/strong>, <strong>el diafragma<\/strong>, i veure com funciona. <\/p>\n\n\n\n<div class=\"wp-block-image\"><figure class=\"aligncenter\"><img loading=\"lazy\" decoding=\"async\" width=\"1024\" height=\"1024\" src=\"https:\/\/www.batxilleratgranes.com\/wp-content\/uploads\/2019\/11\/FotoJet-1024x1024.jpg\" alt=\"\" class=\"wp-image-19005\" srcset=\"https:\/\/www.batxilleratgranes.com\/wp-content\/uploads\/2019\/11\/FotoJet-1024x1024.jpg 1024w, https:\/\/www.batxilleratgranes.com\/wp-content\/uploads\/2019\/11\/FotoJet-150x150.jpg 150w, https:\/\/www.batxilleratgranes.com\/wp-content\/uploads\/2019\/11\/FotoJet-300x300.jpg 300w, https:\/\/www.batxilleratgranes.com\/wp-content\/uploads\/2019\/11\/FotoJet-768x768.jpg 768w, https:\/\/www.batxilleratgranes.com\/wp-content\/uploads\/2019\/11\/FotoJet-650x650.jpg 650w, https:\/\/www.batxilleratgranes.com\/wp-content\/uploads\/2019\/11\/FotoJet-60x60.jpg 60w, https:\/\/www.batxilleratgranes.com\/wp-content\/uploads\/2019\/11\/FotoJet-75x75.jpg 75w, https:\/\/www.batxilleratgranes.com\/wp-content\/uploads\/2019\/11\/FotoJet-960x960.jpg 960w, https:\/\/www.batxilleratgranes.com\/wp-content\/uploads\/2019\/11\/FotoJet-1000x1000.jpg 1000w, https:\/\/www.batxilleratgranes.com\/wp-content\/uploads\/2019\/11\/FotoJet.jpg 1200w\" sizes=\"(max-width: 1024px) 100vw, 1024px\" \/><\/figure><\/div>\n\n\n\n<p> Amb la finalitat de tonificar aquest m\u00fascul, s&#8217;utilitzen diferents aparells que permeten<strong> treballar i refor\u00e7ar<\/strong> tant el moviment  d&#8217;inspiraci\u00f3 com d&#8217;expiraci\u00f3.  <\/p>\n\n\n\n<div class=\"wp-block-image\"><figure class=\"aligncenter is-resized\"><img loading=\"lazy\" decoding=\"async\" src=\"https:\/\/www.batxilleratgranes.com\/wp-content\/uploads\/2019\/11\/IMG-20191122-WA0008-576x1024.jpg\" alt=\"\" class=\"wp-image-19006\" width=\"432\" height=\"768\" srcset=\"https:\/\/www.batxilleratgranes.com\/wp-content\/uploads\/2019\/11\/IMG-20191122-WA0008-576x1024.jpg 576w, https:\/\/www.batxilleratgranes.com\/wp-content\/uploads\/2019\/11\/IMG-20191122-WA0008-169x300.jpg 169w, https:\/\/www.batxilleratgranes.com\/wp-content\/uploads\/2019\/11\/IMG-20191122-WA0008-650x1156.jpg 650w, https:\/\/www.batxilleratgranes.com\/wp-content\/uploads\/2019\/11\/IMG-20191122-WA0008.jpg 675w\" sizes=\"(max-width: 432px) 100vw, 432px\" \/><\/figure><\/div>\n\n\n\n<p>Per \u00faltim, la doctora els va parlar de dos testimonis, malaltes de la fibrosi qu\u00edstica, que han visibilitzat aquesta malaltia i que compten un bon nombre de seguidors a les xarxes socials. En primer lloc, la il\u00b7lustradora Elisa Gonz\u00e1lez Garc\u00eda, que amb el seu projecte <a href=\"https:\/\/www.instagram.com\/crepitantes\/?hl=es\"><strong>Crepitantes<\/strong><\/a><strong> <\/strong>mostra, amb un toc humor, la seva vida quotidiana enganxada sempre a un moc.<\/p>\n\n\n\n<div class=\"wp-block-image\"><figure class=\"aligncenter is-resized\"><img loading=\"lazy\" decoding=\"async\" src=\"https:\/\/www.batxilleratgranes.com\/wp-content\/uploads\/2019\/11\/crepitantes.jpg\" alt=\"\" class=\"wp-image-19007\" width=\"446\" height=\"446\" srcset=\"https:\/\/www.batxilleratgranes.com\/wp-content\/uploads\/2019\/11\/crepitantes.jpg 595w, https:\/\/www.batxilleratgranes.com\/wp-content\/uploads\/2019\/11\/crepitantes-150x150.jpg 150w, https:\/\/www.batxilleratgranes.com\/wp-content\/uploads\/2019\/11\/crepitantes-300x300.jpg 300w, https:\/\/www.batxilleratgranes.com\/wp-content\/uploads\/2019\/11\/crepitantes-60x60.jpg 60w, https:\/\/www.batxilleratgranes.com\/wp-content\/uploads\/2019\/11\/crepitantes-75x75.jpg 75w\" sizes=\"(max-width: 446px) 100vw, 446px\" \/><figcaption>Imatge: @crepitantes<\/figcaption><\/figure><\/div>\n\n\n\n<p>L&#8217;altre exemple que va exposar \u00e9s el de <a href=\"https:\/\/www.instagram.com\/bonolalafq\/\"><strong>Paz Bononato<\/strong><\/a>, <em>coach<\/em> i tamb\u00e9 malalta de fibrosi qu\u00edstica, qui tamb\u00e9 comparteix a les xarxes la seva lluita contra aquesta malaltia.<\/p>\n","protected":false},"excerpt":{"rendered":"<p>El passat divendres, els alumnes de Biologia i Salut de primer de Batxillerat van realitzar un taller a les instal\u00b7lacions de la Facultat de Ci\u00e8ncies de la Salut Blanquerna. Aquesta activitat s&#8217;emmarca dins del projecte que realitzen aquests alumnes de l&#8217;itinerari en Ci\u00e8ncies de la Salut sobre la fibrosi qu\u00edstica. Primer en una aula, la&hellip;&nbsp;<a href=\"https:\/\/www.batxilleratgranes.com\/es\/taller-a-blanquerna-sobre-tecniques-respiratories-per-a-malalts-de-fibrosi-quistica\/\" class=\"\" rel=\"bookmark\">Read More &raquo;<span class=\"screen-reader-text\">Taller a Blanquerna sobre t\u00e8cniques respirat\u00f2ries per a malalts de fibrosi qu\u00edstica<\/span><\/a><\/p>\n","protected":false},"author":5,"featured_media":19030,"comment_status":"open","ping_status":"open","sticky":false,"template":"","format":"standard","meta":{"neve_meta_sidebar":"","neve_meta_container":"","neve_meta_enable_content_width":"","neve_meta_content_width":0,"neve_meta_title_alignment":"","neve_meta_author_avatar":"","neve_post_elements_order":"","neve_meta_disable_header":"","neve_meta_disable_footer":"","neve_meta_disable_title":"","footnotes":""},"categories":[7],"tags":[527,633,495,682],"class_list":["post-18995","post","type-post","status-publish","format-standard","has-post-thumbnail","hentry","category-centre-batxillerat-granes","tag-batxillerat-cientific","tag-batxillerat-per-projectes","tag-blanquerna","tag-fibrosi-quistica"],"yoast_head":"<!-- This site is optimized with the Yoast SEO plugin v23.4 - https:\/\/yoast.com\/wordpress\/plugins\/seo\/ -->\n<title>Taller a Blanquerna sobre t\u00e8cniques respirat\u00f2ries per a malalts de fibrosi qu\u00edstica - Gran\u00e9s Batxillerat - Escuela especializada en Bachillerato en Barcelona<\/title>\n<meta name=\"robots\" content=\"index, follow, max-snippet:-1, max-image-preview:large, max-video-preview:-1\" \/>\n<link rel=\"canonical\" href=\"https:\/\/www.batxilleratgranes.com\/es\/taller-a-blanquerna-sobre-tecniques-respiratories-per-a-malalts-de-fibrosi-quistica\/\" \/>\n<meta property=\"og:locale\" content=\"es_ES\" \/>\n<meta property=\"og:type\" content=\"article\" \/>\n<meta property=\"og:title\" content=\"Taller a Blanquerna sobre t\u00e8cniques respirat\u00f2ries per a malalts de fibrosi qu\u00edstica - Gran\u00e9s Batxillerat - Escuela especializada en Bachillerato en Barcelona\" \/>\n<meta property=\"og:description\" content=\"El passat divendres, els alumnes de Biologia i Salut de primer de Batxillerat van realitzar un taller a les instal\u00b7lacions de la Facultat de Ci\u00e8ncies de la Salut Blanquerna. Aquesta activitat s&#8217;emmarca dins del projecte que realitzen aquests alumnes de l&#8217;itinerari en Ci\u00e8ncies de la Salut sobre la fibrosi qu\u00edstica. Primer en una aula, la&hellip;&nbsp;Read More &raquo;Taller a Blanquerna sobre t\u00e8cniques respirat\u00f2ries per a malalts de fibrosi qu\u00edstica\" \/>\n<meta property=\"og:url\" content=\"https:\/\/www.batxilleratgranes.com\/es\/taller-a-blanquerna-sobre-tecniques-respiratories-per-a-malalts-de-fibrosi-quistica\/\" \/>\n<meta property=\"og:site_name\" content=\"Gran\u00e9s Batxillerat - Escuela especializada en Bachillerato en Barcelona\" \/>\n<meta property=\"article:published_time\" content=\"2019-11-25T15:36:51+00:00\" \/>\n<meta property=\"article:modified_time\" content=\"2019-11-29T10:59:42+00:00\" \/>\n<meta property=\"og:image\" content=\"https:\/\/www.batxilleratgranes.com\/wp-content\/uploads\/2019\/11\/foto-2-1.jpg\" \/>\n\t<meta property=\"og:image:width\" content=\"340\" \/>\n\t<meta property=\"og:image:height\" content=\"289\" \/>\n\t<meta property=\"og:image:type\" content=\"image\/jpeg\" \/>\n<meta name=\"author\" content=\"mireia.martinez\" \/>\n<meta name=\"twitter:card\" content=\"summary_large_image\" \/>\n<meta name=\"twitter:label1\" content=\"Written by\" \/>\n\t<meta name=\"twitter:data1\" content=\"mireia.martinez\" \/>\n\t<meta name=\"twitter:label2\" content=\"Est. reading time\" \/>\n\t<meta name=\"twitter:data2\" content=\"2 minutes\" \/>\n<script type=\"application\/ld+json\" class=\"yoast-schema-graph\">{\"@context\":\"https:\/\/schema.org\",\"@graph\":[{\"@type\":\"Article\",\"@id\":\"https:\/\/www.batxilleratgranes.com\/es\/taller-a-blanquerna-sobre-tecniques-respiratories-per-a-malalts-de-fibrosi-quistica\/#article\",\"isPartOf\":{\"@id\":\"https:\/\/www.batxilleratgranes.com\/es\/taller-a-blanquerna-sobre-tecniques-respiratories-per-a-malalts-de-fibrosi-quistica\/\"},\"author\":{\"name\":\"mireia.martinez\",\"@id\":\"https:\/\/www.batxilleratgranes.com\/es\/#\/schema\/person\/4e10f231f79e8e2d24629e02b8283201\"},\"headline\":\"Taller a Blanquerna sobre t\u00e8cniques respirat\u00f2ries per a malalts de fibrosi qu\u00edstica\",\"datePublished\":\"2019-11-25T15:36:51+00:00\",\"dateModified\":\"2019-11-29T10:59:42+00:00\",\"mainEntityOfPage\":{\"@id\":\"https:\/\/www.batxilleratgranes.com\/es\/taller-a-blanquerna-sobre-tecniques-respiratories-per-a-malalts-de-fibrosi-quistica\/\"},\"wordCount\":409,\"commentCount\":0,\"publisher\":{\"@id\":\"https:\/\/www.batxilleratgranes.com\/es\/#organization\"},\"image\":{\"@id\":\"https:\/\/www.batxilleratgranes.com\/es\/taller-a-blanquerna-sobre-tecniques-respiratories-per-a-malalts-de-fibrosi-quistica\/#primaryimage\"},\"thumbnailUrl\":\"https:\/\/www.batxilleratgranes.com\/wp-content\/uploads\/2019\/11\/foto-2-1.jpg\",\"keywords\":[\"Batxillerat cient\u00edfic\",\"batxillerat per projectes\",\"Blanquerna\",\"Fibrosi Qu\u00edstica\"],\"articleSection\":[\"Activitats Gran\u00e9s\"],\"inLanguage\":\"es\",\"potentialAction\":[{\"@type\":\"CommentAction\",\"name\":\"Comment\",\"target\":[\"https:\/\/www.batxilleratgranes.com\/es\/taller-a-blanquerna-sobre-tecniques-respiratories-per-a-malalts-de-fibrosi-quistica\/#respond\"]}]},{\"@type\":\"WebPage\",\"@id\":\"https:\/\/www.batxilleratgranes.com\/es\/taller-a-blanquerna-sobre-tecniques-respiratories-per-a-malalts-de-fibrosi-quistica\/\",\"url\":\"https:\/\/www.batxilleratgranes.com\/es\/taller-a-blanquerna-sobre-tecniques-respiratories-per-a-malalts-de-fibrosi-quistica\/\",\"name\":\"Taller a Blanquerna sobre t\u00e8cniques respirat\u00f2ries per a malalts de fibrosi qu\u00edstica - Gran\u00e9s Batxillerat - Escuela especializada en Bachillerato en Barcelona\",\"isPartOf\":{\"@id\":\"https:\/\/www.batxilleratgranes.com\/es\/#website\"},\"primaryImageOfPage\":{\"@id\":\"https:\/\/www.batxilleratgranes.com\/es\/taller-a-blanquerna-sobre-tecniques-respiratories-per-a-malalts-de-fibrosi-quistica\/#primaryimage\"},\"image\":{\"@id\":\"https:\/\/www.batxilleratgranes.com\/es\/taller-a-blanquerna-sobre-tecniques-respiratories-per-a-malalts-de-fibrosi-quistica\/#primaryimage\"},\"thumbnailUrl\":\"https:\/\/www.batxilleratgranes.com\/wp-content\/uploads\/2019\/11\/foto-2-1.jpg\",\"datePublished\":\"2019-11-25T15:36:51+00:00\",\"dateModified\":\"2019-11-29T10:59:42+00:00\",\"breadcrumb\":{\"@id\":\"https:\/\/www.batxilleratgranes.com\/es\/taller-a-blanquerna-sobre-tecniques-respiratories-per-a-malalts-de-fibrosi-quistica\/#breadcrumb\"},\"inLanguage\":\"es\",\"potentialAction\":[{\"@type\":\"ReadAction\",\"target\":[\"https:\/\/www.batxilleratgranes.com\/es\/taller-a-blanquerna-sobre-tecniques-respiratories-per-a-malalts-de-fibrosi-quistica\/\"]}]},{\"@type\":\"ImageObject\",\"inLanguage\":\"es\",\"@id\":\"https:\/\/www.batxilleratgranes.com\/es\/taller-a-blanquerna-sobre-tecniques-respiratories-per-a-malalts-de-fibrosi-quistica\/#primaryimage\",\"url\":\"https:\/\/www.batxilleratgranes.com\/wp-content\/uploads\/2019\/11\/foto-2-1.jpg\",\"contentUrl\":\"https:\/\/www.batxilleratgranes.com\/wp-content\/uploads\/2019\/11\/foto-2-1.jpg\",\"width\":340,\"height\":289,\"caption\":\"Taller fibrosi qu\u00edstica Blanquerna\"},{\"@type\":\"BreadcrumbList\",\"@id\":\"https:\/\/www.batxilleratgranes.com\/es\/taller-a-blanquerna-sobre-tecniques-respiratories-per-a-malalts-de-fibrosi-quistica\/#breadcrumb\",\"itemListElement\":[{\"@type\":\"ListItem\",\"position\":1,\"name\":\"Inici\",\"item\":\"https:\/\/www.batxilleratgranes.com\/es\/\"},{\"@type\":\"ListItem\",\"position\":2,\"name\":\"Taller a Blanquerna sobre t\u00e8cniques respirat\u00f2ries per a malalts de fibrosi qu\u00edstica\"}]},{\"@type\":\"WebSite\",\"@id\":\"https:\/\/www.batxilleratgranes.com\/es\/#website\",\"url\":\"https:\/\/www.batxilleratgranes.com\/es\/\",\"name\":\"Gran\u00e9s Batxillerat - Escuela especializada en Bachillerato en Barcelona\",\"description\":\"Escola especialitzada en Batxillerat a Barcelona\",\"publisher\":{\"@id\":\"https:\/\/www.batxilleratgranes.com\/es\/#organization\"},\"potentialAction\":[{\"@type\":\"SearchAction\",\"target\":{\"@type\":\"EntryPoint\",\"urlTemplate\":\"https:\/\/www.batxilleratgranes.com\/es\/?s={search_term_string}\"},\"query-input\":{\"@type\":\"PropertyValueSpecification\",\"valueRequired\":true,\"valueName\":\"search_term_string\"}}],\"inLanguage\":\"es\"},{\"@type\":\"Organization\",\"@id\":\"https:\/\/www.batxilleratgranes.com\/es\/#organization\",\"name\":\"Gran\u00e9s Batxillerat - Escuela especializada en Bachillerato en Barcelona\",\"url\":\"https:\/\/www.batxilleratgranes.com\/es\/\",\"logo\":{\"@type\":\"ImageObject\",\"inLanguage\":\"es\",\"@id\":\"https:\/\/www.batxilleratgranes.com\/es\/#\/schema\/logo\/image\/\",\"url\":\"https:\/\/www.batxilleratgranes.com\/wp-content\/uploads\/2013\/01\/granes1.png\",\"contentUrl\":\"https:\/\/www.batxilleratgranes.com\/wp-content\/uploads\/2013\/01\/granes1.png\",\"width\":292,\"height\":85,\"caption\":\"Gran\u00e9s Batxillerat - Escuela especializada en Bachillerato en Barcelona\"},\"image\":{\"@id\":\"https:\/\/www.batxilleratgranes.com\/es\/#\/schema\/logo\/image\/\"}},{\"@type\":\"Person\",\"@id\":\"https:\/\/www.batxilleratgranes.com\/es\/#\/schema\/person\/4e10f231f79e8e2d24629e02b8283201\",\"name\":\"mireia.martinez\",\"image\":{\"@type\":\"ImageObject\",\"inLanguage\":\"es\",\"@id\":\"https:\/\/www.batxilleratgranes.com\/es\/#\/schema\/person\/image\/\",\"url\":\"https:\/\/secure.gravatar.com\/avatar\/8c952e346979fb1eaf89bbc4dfda29f0?s=96&d=mm&r=g\",\"contentUrl\":\"https:\/\/secure.gravatar.com\/avatar\/8c952e346979fb1eaf89bbc4dfda29f0?s=96&d=mm&r=g\",\"caption\":\"mireia.martinez\"},\"url\":\"https:\/\/www.batxilleratgranes.com\/es\/author\/mireia-martinez\/\"}]}<\/script>\n<!-- \/ Yoast SEO plugin. -->","yoast_head_json":{"title":"Taller a Blanquerna sobre t\u00e8cniques respirat\u00f2ries per a malalts de fibrosi qu\u00edstica - Gran\u00e9s Batxillerat - Escuela especializada en Bachillerato en Barcelona","robots":{"index":"index","follow":"follow","max-snippet":"max-snippet:-1","max-image-preview":"max-image-preview:large","max-video-preview":"max-video-preview:-1"},"canonical":"https:\/\/www.batxilleratgranes.com\/es\/taller-a-blanquerna-sobre-tecniques-respiratories-per-a-malalts-de-fibrosi-quistica\/","og_locale":"es_ES","og_type":"article","og_title":"Taller a Blanquerna sobre t\u00e8cniques respirat\u00f2ries per a malalts de fibrosi qu\u00edstica - Gran\u00e9s Batxillerat - Escuela especializada en Bachillerato en Barcelona","og_description":"El passat divendres, els alumnes de Biologia i Salut de primer de Batxillerat van realitzar un taller a les instal\u00b7lacions de la Facultat de Ci\u00e8ncies de la Salut Blanquerna. Aquesta activitat s&#8217;emmarca dins del projecte que realitzen aquests alumnes de l&#8217;itinerari en Ci\u00e8ncies de la Salut sobre la fibrosi qu\u00edstica. Primer en una aula, la&hellip;&nbsp;Read More &raquo;Taller a Blanquerna sobre t\u00e8cniques respirat\u00f2ries per a malalts de fibrosi qu\u00edstica","og_url":"https:\/\/www.batxilleratgranes.com\/es\/taller-a-blanquerna-sobre-tecniques-respiratories-per-a-malalts-de-fibrosi-quistica\/","og_site_name":"Gran\u00e9s Batxillerat - Escuela especializada en Bachillerato en Barcelona","article_published_time":"2019-11-25T15:36:51+00:00","article_modified_time":"2019-11-29T10:59:42+00:00","og_image":[{"width":340,"height":289,"url":"https:\/\/www.batxilleratgranes.com\/wp-content\/uploads\/2019\/11\/foto-2-1.jpg","type":"image\/jpeg"}],"author":"mireia.martinez","twitter_card":"summary_large_image","twitter_misc":{"Written by":"mireia.martinez","Est. reading time":"2 minutes"},"schema":{"@context":"https:\/\/schema.org","@graph":[{"@type":"Article","@id":"https:\/\/www.batxilleratgranes.com\/es\/taller-a-blanquerna-sobre-tecniques-respiratories-per-a-malalts-de-fibrosi-quistica\/#article","isPartOf":{"@id":"https:\/\/www.batxilleratgranes.com\/es\/taller-a-blanquerna-sobre-tecniques-respiratories-per-a-malalts-de-fibrosi-quistica\/"},"author":{"name":"mireia.martinez","@id":"https:\/\/www.batxilleratgranes.com\/es\/#\/schema\/person\/4e10f231f79e8e2d24629e02b8283201"},"headline":"Taller a Blanquerna sobre t\u00e8cniques respirat\u00f2ries per a malalts de fibrosi qu\u00edstica","datePublished":"2019-11-25T15:36:51+00:00","dateModified":"2019-11-29T10:59:42+00:00","mainEntityOfPage":{"@id":"https:\/\/www.batxilleratgranes.com\/es\/taller-a-blanquerna-sobre-tecniques-respiratories-per-a-malalts-de-fibrosi-quistica\/"},"wordCount":409,"commentCount":0,"publisher":{"@id":"https:\/\/www.batxilleratgranes.com\/es\/#organization"},"image":{"@id":"https:\/\/www.batxilleratgranes.com\/es\/taller-a-blanquerna-sobre-tecniques-respiratories-per-a-malalts-de-fibrosi-quistica\/#primaryimage"},"thumbnailUrl":"https:\/\/www.batxilleratgranes.com\/wp-content\/uploads\/2019\/11\/foto-2-1.jpg","keywords":["Batxillerat cient\u00edfic","batxillerat per projectes","Blanquerna","Fibrosi Qu\u00edstica"],"articleSection":["Activitats Gran\u00e9s"],"inLanguage":"es","potentialAction":[{"@type":"CommentAction","name":"Comment","target":["https:\/\/www.batxilleratgranes.com\/es\/taller-a-blanquerna-sobre-tecniques-respiratories-per-a-malalts-de-fibrosi-quistica\/#respond"]}]},{"@type":"WebPage","@id":"https:\/\/www.batxilleratgranes.com\/es\/taller-a-blanquerna-sobre-tecniques-respiratories-per-a-malalts-de-fibrosi-quistica\/","url":"https:\/\/www.batxilleratgranes.com\/es\/taller-a-blanquerna-sobre-tecniques-respiratories-per-a-malalts-de-fibrosi-quistica\/","name":"Taller a Blanquerna sobre t\u00e8cniques respirat\u00f2ries per a malalts de fibrosi qu\u00edstica - Gran\u00e9s Batxillerat - Escuela especializada en Bachillerato en Barcelona","isPartOf":{"@id":"https:\/\/www.batxilleratgranes.com\/es\/#website"},"primaryImageOfPage":{"@id":"https:\/\/www.batxilleratgranes.com\/es\/taller-a-blanquerna-sobre-tecniques-respiratories-per-a-malalts-de-fibrosi-quistica\/#primaryimage"},"image":{"@id":"https:\/\/www.batxilleratgranes.com\/es\/taller-a-blanquerna-sobre-tecniques-respiratories-per-a-malalts-de-fibrosi-quistica\/#primaryimage"},"thumbnailUrl":"https:\/\/www.batxilleratgranes.com\/wp-content\/uploads\/2019\/11\/foto-2-1.jpg","datePublished":"2019-11-25T15:36:51+00:00","dateModified":"2019-11-29T10:59:42+00:00","breadcrumb":{"@id":"https:\/\/www.batxilleratgranes.com\/es\/taller-a-blanquerna-sobre-tecniques-respiratories-per-a-malalts-de-fibrosi-quistica\/#breadcrumb"},"inLanguage":"es","potentialAction":[{"@type":"ReadAction","target":["https:\/\/www.batxilleratgranes.com\/es\/taller-a-blanquerna-sobre-tecniques-respiratories-per-a-malalts-de-fibrosi-quistica\/"]}]},{"@type":"ImageObject","inLanguage":"es","@id":"https:\/\/www.batxilleratgranes.com\/es\/taller-a-blanquerna-sobre-tecniques-respiratories-per-a-malalts-de-fibrosi-quistica\/#primaryimage","url":"https:\/\/www.batxilleratgranes.com\/wp-content\/uploads\/2019\/11\/foto-2-1.jpg","contentUrl":"https:\/\/www.batxilleratgranes.com\/wp-content\/uploads\/2019\/11\/foto-2-1.jpg","width":340,"height":289,"caption":"Taller fibrosi qu\u00edstica Blanquerna"},{"@type":"BreadcrumbList","@id":"https:\/\/www.batxilleratgranes.com\/es\/taller-a-blanquerna-sobre-tecniques-respiratories-per-a-malalts-de-fibrosi-quistica\/#breadcrumb","itemListElement":[{"@type":"ListItem","position":1,"name":"Inici","item":"https:\/\/www.batxilleratgranes.com\/es\/"},{"@type":"ListItem","position":2,"name":"Taller a Blanquerna sobre t\u00e8cniques respirat\u00f2ries per a malalts de fibrosi qu\u00edstica"}]},{"@type":"WebSite","@id":"https:\/\/www.batxilleratgranes.com\/es\/#website","url":"https:\/\/www.batxilleratgranes.com\/es\/","name":"Gran\u00e9s Batxillerat - Escuela especializada en Bachillerato en Barcelona","description":"Escola especialitzada en Batxillerat a Barcelona","publisher":{"@id":"https:\/\/www.batxilleratgranes.com\/es\/#organization"},"potentialAction":[{"@type":"SearchAction","target":{"@type":"EntryPoint","urlTemplate":"https:\/\/www.batxilleratgranes.com\/es\/?s={search_term_string}"},"query-input":{"@type":"PropertyValueSpecification","valueRequired":true,"valueName":"search_term_string"}}],"inLanguage":"es"},{"@type":"Organization","@id":"https:\/\/www.batxilleratgranes.com\/es\/#organization","name":"Gran\u00e9s Batxillerat - Escuela especializada en Bachillerato en Barcelona","url":"https:\/\/www.batxilleratgranes.com\/es\/","logo":{"@type":"ImageObject","inLanguage":"es","@id":"https:\/\/www.batxilleratgranes.com\/es\/#\/schema\/logo\/image\/","url":"https:\/\/www.batxilleratgranes.com\/wp-content\/uploads\/2013\/01\/granes1.png","contentUrl":"https:\/\/www.batxilleratgranes.com\/wp-content\/uploads\/2013\/01\/granes1.png","width":292,"height":85,"caption":"Gran\u00e9s Batxillerat - Escuela especializada en Bachillerato en Barcelona"},"image":{"@id":"https:\/\/www.batxilleratgranes.com\/es\/#\/schema\/logo\/image\/"}},{"@type":"Person","@id":"https:\/\/www.batxilleratgranes.com\/es\/#\/schema\/person\/4e10f231f79e8e2d24629e02b8283201","name":"mireia.martinez","image":{"@type":"ImageObject","inLanguage":"es","@id":"https:\/\/www.batxilleratgranes.com\/es\/#\/schema\/person\/image\/","url":"https:\/\/secure.gravatar.com\/avatar\/8c952e346979fb1eaf89bbc4dfda29f0?s=96&d=mm&r=g","contentUrl":"https:\/\/secure.gravatar.com\/avatar\/8c952e346979fb1eaf89bbc4dfda29f0?s=96&d=mm&r=g","caption":"mireia.martinez"},"url":"https:\/\/www.batxilleratgranes.com\/es\/author\/mireia-martinez\/"}]}},"_links":{"self":[{"href":"https:\/\/www.batxilleratgranes.com\/es\/wp-json\/wp\/v2\/posts\/18995"}],"collection":[{"href":"https:\/\/www.batxilleratgranes.com\/es\/wp-json\/wp\/v2\/posts"}],"about":[{"href":"https:\/\/www.batxilleratgranes.com\/es\/wp-json\/wp\/v2\/types\/post"}],"author":[{"embeddable":true,"href":"https:\/\/www.batxilleratgranes.com\/es\/wp-json\/wp\/v2\/users\/5"}],"replies":[{"embeddable":true,"href":"https:\/\/www.batxilleratgranes.com\/es\/wp-json\/wp\/v2\/comments?post=18995"}],"version-history":[{"count":9,"href":"https:\/\/www.batxilleratgranes.com\/es\/wp-json\/wp\/v2\/posts\/18995\/revisions"}],"predecessor-version":[{"id":19130,"href":"https:\/\/www.batxilleratgranes.com\/es\/wp-json\/wp\/v2\/posts\/18995\/revisions\/19130"}],"wp:featuredmedia":[{"embeddable":true,"href":"https:\/\/www.batxilleratgranes.com\/es\/wp-json\/wp\/v2\/media\/19030"}],"wp:attachment":[{"href":"https:\/\/www.batxilleratgranes.com\/es\/wp-json\/wp\/v2\/media?parent=18995"}],"wp:term":[{"taxonomy":"category","embeddable":true,"href":"https:\/\/www.batxilleratgranes.com\/es\/wp-json\/wp\/v2\/categories?post=18995"},{"taxonomy":"post_tag","embeddable":true,"href":"https:\/\/www.batxilleratgranes.com\/es\/wp-json\/wp\/v2\/tags?post=18995"}],"curies":[{"name":"wp","href":"https:\/\/api.w.org\/{rel}","templated":true}]}}