{"id":19484,"date":"2019-12-11T12:41:53","date_gmt":"2019-12-11T12:41:53","guid":{"rendered":"https:\/\/www.batxilleratgranes.com\/?p=19484"},"modified":"2019-12-14T14:28:05","modified_gmt":"2019-12-14T14:28:05","slug":"gran-exit-de-lesmorzar-solidari-per-a-la-marato","status":"publish","type":"post","link":"https:\/\/www.batxilleratgranes.com\/es\/gran-exit-de-lesmorzar-solidari-per-a-la-marato\/","title":{"rendered":"Gran \u00e8xit de l&#8217;esmorzar solidari per a La Marat\u00f3"},"content":{"rendered":"\n<p>Un any m\u00e9s, a l&#8217;escola hem celebrat un <strong>esmorzar solidari <\/strong>per recaptar diners per a <strong>La Marat\u00f3<\/strong> <strong>de TV3<\/strong>, que enguany es centra en la investigaci\u00f3 de les <strong>malalties minorit\u00e0ries<\/strong>. I, gr\u00e0cies a la col\u00b7laboraci\u00f3 dels nostres alumnes, aquest ha sigut tot un \u00e8xit!<\/p>\n\n\n\n<div class=\"wp-block-image\"><figure class=\"aligncenter is-resized\"><img loading=\"lazy\" decoding=\"async\" src=\"https:\/\/www.batxilleratgranes.com\/wp-content\/uploads\/2019\/12\/IMG_20191211_110739-2-1024x768.jpg\" alt=\"\" class=\"wp-image-19552\" width=\"768\" height=\"576\" srcset=\"https:\/\/www.batxilleratgranes.com\/wp-content\/uploads\/2019\/12\/IMG_20191211_110739-2-1024x768.jpg 1024w, https:\/\/www.batxilleratgranes.com\/wp-content\/uploads\/2019\/12\/IMG_20191211_110739-2-300x225.jpg 300w, https:\/\/www.batxilleratgranes.com\/wp-content\/uploads\/2019\/12\/IMG_20191211_110739-2-768x576.jpg 768w, https:\/\/www.batxilleratgranes.com\/wp-content\/uploads\/2019\/12\/IMG_20191211_110739-2-650x488.jpg 650w, https:\/\/www.batxilleratgranes.com\/wp-content\/uploads\/2019\/12\/IMG_20191211_110739-2-960x720.jpg 960w, https:\/\/www.batxilleratgranes.com\/wp-content\/uploads\/2019\/12\/IMG_20191211_110739-2-1000x750.jpg 1000w, https:\/\/www.batxilleratgranes.com\/wp-content\/uploads\/2019\/12\/IMG_20191211_110739-2.jpg 1200w\" sizes=\"(max-width: 768px) 100vw, 768px\" \/><\/figure><\/div>\n\n\n\n<p>Des de pastissos dol\u00e7os, amb gran protagonisme de la <strong>xocolata<\/strong>, fins a pizzes casolanes, magdalenes, originals palmeretes de pesto o bombons artesans, hem pogut assaborir una gran varietat de creacions culin\u00e0ries elaborades pels nostres alumnes. I tot s&#8217;ha venut a un preu simb\u00f2lic d&#8217;un euro per contribuir a aquesta causa solid\u00e0ria. <\/p>\n\n\n\n<div class=\"wp-block-image\"><figure class=\"aligncenter is-resized\"><img loading=\"lazy\" decoding=\"async\" src=\"https:\/\/www.batxilleratgranes.com\/wp-content\/uploads\/2019\/12\/Esmorzar-solidari-1024x1024.jpg\" alt=\"\" class=\"wp-image-19531\" width=\"768\" height=\"768\" srcset=\"https:\/\/www.batxilleratgranes.com\/wp-content\/uploads\/2019\/12\/Esmorzar-solidari-1024x1024.jpg 1024w, https:\/\/www.batxilleratgranes.com\/wp-content\/uploads\/2019\/12\/Esmorzar-solidari-150x150.jpg 150w, https:\/\/www.batxilleratgranes.com\/wp-content\/uploads\/2019\/12\/Esmorzar-solidari-300x300.jpg 300w, https:\/\/www.batxilleratgranes.com\/wp-content\/uploads\/2019\/12\/Esmorzar-solidari-768x768.jpg 768w, https:\/\/www.batxilleratgranes.com\/wp-content\/uploads\/2019\/12\/Esmorzar-solidari-650x650.jpg 650w, https:\/\/www.batxilleratgranes.com\/wp-content\/uploads\/2019\/12\/Esmorzar-solidari-60x60.jpg 60w, https:\/\/www.batxilleratgranes.com\/wp-content\/uploads\/2019\/12\/Esmorzar-solidari-75x75.jpg 75w, https:\/\/www.batxilleratgranes.com\/wp-content\/uploads\/2019\/12\/Esmorzar-solidari-960x960.jpg 960w, https:\/\/www.batxilleratgranes.com\/wp-content\/uploads\/2019\/12\/Esmorzar-solidari-1000x1000.jpg 1000w, https:\/\/www.batxilleratgranes.com\/wp-content\/uploads\/2019\/12\/Esmorzar-solidari.jpg 1200w\" sizes=\"(max-width: 768px) 100vw, 768px\" \/><\/figure><\/div>\n\n\n\n<div class=\"wp-block-image\"><figure class=\"aligncenter is-resized\"><img loading=\"lazy\" decoding=\"async\" src=\"https:\/\/www.batxilleratgranes.com\/wp-content\/uploads\/2019\/12\/IMG_20191211_105958-1-768x1024.jpg\" alt=\"\" class=\"wp-image-19541\" width=\"576\" height=\"768\" srcset=\"https:\/\/www.batxilleratgranes.com\/wp-content\/uploads\/2019\/12\/IMG_20191211_105958-1-768x1024.jpg 768w, https:\/\/www.batxilleratgranes.com\/wp-content\/uploads\/2019\/12\/IMG_20191211_105958-1-225x300.jpg 225w, https:\/\/www.batxilleratgranes.com\/wp-content\/uploads\/2019\/12\/IMG_20191211_105958-1-650x867.jpg 650w, https:\/\/www.batxilleratgranes.com\/wp-content\/uploads\/2019\/12\/IMG_20191211_105958-1.jpg 900w\" sizes=\"(max-width: 576px) 100vw, 576px\" \/><\/figure><\/div>\n\n\n\n<div class=\"wp-block-image\"><figure class=\"aligncenter is-resized\"><img loading=\"lazy\" decoding=\"async\" src=\"https:\/\/www.batxilleratgranes.com\/wp-content\/uploads\/2019\/12\/esmorzar-solidari-2-1024x1024.jpg\" alt=\"\" class=\"wp-image-19538\" width=\"768\" height=\"768\" srcset=\"https:\/\/www.batxilleratgranes.com\/wp-content\/uploads\/2019\/12\/esmorzar-solidari-2-1024x1024.jpg 1024w, https:\/\/www.batxilleratgranes.com\/wp-content\/uploads\/2019\/12\/esmorzar-solidari-2-150x150.jpg 150w, https:\/\/www.batxilleratgranes.com\/wp-content\/uploads\/2019\/12\/esmorzar-solidari-2-300x300.jpg 300w, https:\/\/www.batxilleratgranes.com\/wp-content\/uploads\/2019\/12\/esmorzar-solidari-2-768x768.jpg 768w, https:\/\/www.batxilleratgranes.com\/wp-content\/uploads\/2019\/12\/esmorzar-solidari-2-650x650.jpg 650w, https:\/\/www.batxilleratgranes.com\/wp-content\/uploads\/2019\/12\/esmorzar-solidari-2-60x60.jpg 60w, https:\/\/www.batxilleratgranes.com\/wp-content\/uploads\/2019\/12\/esmorzar-solidari-2-75x75.jpg 75w, https:\/\/www.batxilleratgranes.com\/wp-content\/uploads\/2019\/12\/esmorzar-solidari-2-960x960.jpg 960w, https:\/\/www.batxilleratgranes.com\/wp-content\/uploads\/2019\/12\/esmorzar-solidari-2-1000x1000.jpg 1000w, https:\/\/www.batxilleratgranes.com\/wp-content\/uploads\/2019\/12\/esmorzar-solidari-2.jpg 1200w\" sizes=\"(max-width: 768px) 100vw, 768px\" \/><\/figure><\/div>\n\n\n\n<h3 class=\"wp-block-heading\"><strong>Guanyador al millor past\u00eds solidari<\/strong><\/h3>\n\n\n\n<p>Com sabeu, en aquest esmorzar solidari\u00a0es va organitzar un<strong>\u00a0concurs<\/strong>\u00a0per triar el\u00a0<strong>millor past\u00eds. <\/strong>Doncs b\u00e9, el guanyador va ser aquest delici\u00f3s past\u00eds de xocolata i oblea acompanyat de bombons de diferents xocolates elaborat per <strong>Nacho Mart\u00edn<\/strong>, alumne de 1r de batxillerat.<\/p>\n\n\n\n<p> <strong>Enhorabona<\/strong> i esperem que gaudeixis molt del teu <strong>premi<\/strong>: un taller de rebosteria al Museu de la Xocolata de Barcelona.<\/p>\n\n\n\n<div class=\"wp-block-image\"><figure class=\"aligncenter is-resized\"><img loading=\"lazy\" decoding=\"async\" src=\"https:\/\/www.batxilleratgranes.com\/wp-content\/uploads\/2019\/12\/IMG_20191211_104544-768x1024.jpg\" alt=\"\" class=\"wp-image-19532\" width=\"576\" height=\"768\" srcset=\"https:\/\/www.batxilleratgranes.com\/wp-content\/uploads\/2019\/12\/IMG_20191211_104544-768x1024.jpg 768w, https:\/\/www.batxilleratgranes.com\/wp-content\/uploads\/2019\/12\/IMG_20191211_104544-225x300.jpg 225w, https:\/\/www.batxilleratgranes.com\/wp-content\/uploads\/2019\/12\/IMG_20191211_104544-650x867.jpg 650w, https:\/\/www.batxilleratgranes.com\/wp-content\/uploads\/2019\/12\/IMG_20191211_104544.jpg 900w\" sizes=\"(max-width: 576px) 100vw, 576px\" \/><\/figure><\/div>\n\n\n\n<h3 class=\"wp-block-heading\"><strong>Llaminadures per lluitar contra la fibrosi qu\u00edstica<\/strong><\/h3>\n\n\n\n<p>A m\u00e9s, durant l&#8217;esmorzar solidari els alumnes de 1r de batxillerat de <strong><a href=\"https:\/\/www.batxilleratgranes.com\/batxillerat-ciencies-salut\">Ci\u00e8ncies de la Salut <\/a><\/strong> que porten a terme aquest curs un projecte sobre la fibrosi qu\u00edstica van vendre tamb\u00e9 <strong>llaminadures solid\u00e0ries<\/strong> per contribuir a la investigaci\u00f3 d&#8217;aquesta malaltia minorit\u00e0ria. <\/p>\n\n\n\n<div class=\"wp-block-image\"><figure class=\"aligncenter is-resized\"><img loading=\"lazy\" decoding=\"async\" src=\"https:\/\/www.batxilleratgranes.com\/wp-content\/uploads\/2019\/12\/IMG_20191211_111129-1024x768.jpg\" alt=\"\" class=\"wp-image-19536\" width=\"768\" height=\"576\" srcset=\"https:\/\/www.batxilleratgranes.com\/wp-content\/uploads\/2019\/12\/IMG_20191211_111129-1024x768.jpg 1024w, https:\/\/www.batxilleratgranes.com\/wp-content\/uploads\/2019\/12\/IMG_20191211_111129-300x225.jpg 300w, https:\/\/www.batxilleratgranes.com\/wp-content\/uploads\/2019\/12\/IMG_20191211_111129-768x576.jpg 768w, https:\/\/www.batxilleratgranes.com\/wp-content\/uploads\/2019\/12\/IMG_20191211_111129-650x488.jpg 650w, https:\/\/www.batxilleratgranes.com\/wp-content\/uploads\/2019\/12\/IMG_20191211_111129-960x720.jpg 960w, https:\/\/www.batxilleratgranes.com\/wp-content\/uploads\/2019\/12\/IMG_20191211_111129-1000x750.jpg 1000w, https:\/\/www.batxilleratgranes.com\/wp-content\/uploads\/2019\/12\/IMG_20191211_111129.jpg 1200w\" sizes=\"(max-width: 768px) 100vw, 768px\" \/><\/figure><\/div>\n\n\n\n<p>La iniciativa de l\u2019<strong>Esmorzar Solid\u00e0ria<\/strong>\u00a0s\u2019acull dins d\u2019<strong><a href=\"https:\/\/www.batxilleratgranes.com\/els-patis-solidaris-de-la-granes-2.html\">Els Patis Solidaris de la Gran\u00e9s<\/a><\/strong>. Aquestes jornades, que s&#8217;han celebrat aquesta setmana i que culminaran amb l&#8217;actuaci\u00f3 del <strong>mag Loiro<\/strong> el pr\u00f2xim dimarts, omplen els patis amb activitats realitzades pels propis alumnes per recollir donatius per a <strong>La Marat\u00f3 de TV3<\/strong>. <\/p>\n","protected":false},"excerpt":{"rendered":"<p>Un any m\u00e9s, a l&#8217;escola hem celebrat un esmorzar solidari per recaptar diners per a La Marat\u00f3 de TV3, que enguany es centra en la investigaci\u00f3 de les malalties minorit\u00e0ries. I, gr\u00e0cies a la col\u00b7laboraci\u00f3 dels nostres alumnes, aquest ha sigut tot un \u00e8xit! Des de pastissos dol\u00e7os, amb gran protagonisme de la xocolata, fins&hellip;&nbsp;<a href=\"https:\/\/www.batxilleratgranes.com\/es\/gran-exit-de-lesmorzar-solidari-per-a-la-marato\/\" class=\"\" rel=\"bookmark\">Read More &raquo;<span class=\"screen-reader-text\">Gran \u00e8xit de l&#8217;esmorzar solidari per a La Marat\u00f3<\/span><\/a><\/p>\n","protected":false},"author":5,"featured_media":19558,"comment_status":"open","ping_status":"open","sticky":false,"template":"","format":"standard","meta":{"neve_meta_sidebar":"","neve_meta_container":"","neve_meta_enable_content_width":"","neve_meta_content_width":0,"neve_meta_title_alignment":"","neve_meta_author_avatar":"","neve_post_elements_order":"","neve_meta_disable_header":"","neve_meta_disable_footer":"","neve_meta_disable_title":"","footnotes":""},"categories":[7],"tags":[888,896,461,104,687,453,889,106,90],"class_list":["post-19484","post","type-post","status-publish","format-standard","has-post-thumbnail","hentry","category-centre-batxillerat-granes","tag-amb-la-marato-de-tv3","tag-concurs-millor-pastis-solidari","tag-els-patis-solidaris-de-la-granes","tag-esmorzar-solidari","tag-jornades-de-solidaritat","tag-la-marato-de-tv3","tag-malalties-minoritaries","tag-pastissos","tag-solidaritat"],"yoast_head":"<!-- This site is optimized with the Yoast SEO plugin v23.4 - https:\/\/yoast.com\/wordpress\/plugins\/seo\/ -->\n<title>Gran \u00e8xit de l&#039;esmorzar solidari per a La Marat\u00f3 - Gran\u00e9s Batxillerat - Escuela especializada en Bachillerato en Barcelona<\/title>\n<meta name=\"robots\" content=\"index, follow, max-snippet:-1, max-image-preview:large, max-video-preview:-1\" \/>\n<link rel=\"canonical\" href=\"https:\/\/www.batxilleratgranes.com\/es\/gran-exit-de-lesmorzar-solidari-per-a-la-marato\/\" \/>\n<meta property=\"og:locale\" content=\"es_ES\" \/>\n<meta property=\"og:type\" content=\"article\" \/>\n<meta property=\"og:title\" content=\"Gran \u00e8xit de l&#039;esmorzar solidari per a La Marat\u00f3 - Gran\u00e9s Batxillerat - Escuela especializada en Bachillerato en Barcelona\" \/>\n<meta property=\"og:description\" content=\"Un any m\u00e9s, a l&#8217;escola hem celebrat un esmorzar solidari per recaptar diners per a La Marat\u00f3 de TV3, que enguany es centra en la investigaci\u00f3 de les malalties minorit\u00e0ries. I, gr\u00e0cies a la col\u00b7laboraci\u00f3 dels nostres alumnes, aquest ha sigut tot un \u00e8xit! Des de pastissos dol\u00e7os, amb gran protagonisme de la xocolata, fins&hellip;&nbsp;Read More &raquo;Gran \u00e8xit de l&#8217;esmorzar solidari per a La Marat\u00f3\" \/>\n<meta property=\"og:url\" content=\"https:\/\/www.batxilleratgranes.com\/es\/gran-exit-de-lesmorzar-solidari-per-a-la-marato\/\" \/>\n<meta property=\"og:site_name\" content=\"Gran\u00e9s Batxillerat - Escuela especializada en Bachillerato en Barcelona\" \/>\n<meta property=\"article:published_time\" content=\"2019-12-11T12:41:53+00:00\" \/>\n<meta property=\"article:modified_time\" content=\"2019-12-14T14:28:05+00:00\" \/>\n<meta property=\"og:image\" content=\"https:\/\/www.batxilleratgranes.com\/wp-content\/uploads\/2019\/12\/Esmorzar-solidari-0ret.jpg\" \/>\n\t<meta property=\"og:image:width\" content=\"689\" \/>\n\t<meta property=\"og:image:height\" content=\"397\" \/>\n\t<meta property=\"og:image:type\" content=\"image\/jpeg\" \/>\n<meta name=\"author\" content=\"mireia.martinez\" \/>\n<meta name=\"twitter:card\" content=\"summary_large_image\" \/>\n<meta name=\"twitter:label1\" content=\"Written by\" \/>\n\t<meta name=\"twitter:data1\" content=\"mireia.martinez\" \/>\n\t<meta name=\"twitter:label2\" content=\"Est. reading time\" \/>\n\t<meta name=\"twitter:data2\" content=\"1 minute\" \/>\n<script type=\"application\/ld+json\" class=\"yoast-schema-graph\">{\"@context\":\"https:\/\/schema.org\",\"@graph\":[{\"@type\":\"Article\",\"@id\":\"https:\/\/www.batxilleratgranes.com\/es\/gran-exit-de-lesmorzar-solidari-per-a-la-marato\/#article\",\"isPartOf\":{\"@id\":\"https:\/\/www.batxilleratgranes.com\/es\/gran-exit-de-lesmorzar-solidari-per-a-la-marato\/\"},\"author\":{\"name\":\"mireia.martinez\",\"@id\":\"https:\/\/www.batxilleratgranes.com\/es\/#\/schema\/person\/4e10f231f79e8e2d24629e02b8283201\"},\"headline\":\"Gran \u00e8xit de l&#8217;esmorzar solidari per a La Marat\u00f3\",\"datePublished\":\"2019-12-11T12:41:53+00:00\",\"dateModified\":\"2019-12-14T14:28:05+00:00\",\"mainEntityOfPage\":{\"@id\":\"https:\/\/www.batxilleratgranes.com\/es\/gran-exit-de-lesmorzar-solidari-per-a-la-marato\/\"},\"wordCount\":303,\"commentCount\":0,\"publisher\":{\"@id\":\"https:\/\/www.batxilleratgranes.com\/es\/#organization\"},\"image\":{\"@id\":\"https:\/\/www.batxilleratgranes.com\/es\/gran-exit-de-lesmorzar-solidari-per-a-la-marato\/#primaryimage\"},\"thumbnailUrl\":\"https:\/\/www.batxilleratgranes.com\/wp-content\/uploads\/2019\/12\/Esmorzar-solidari-0ret.jpg\",\"keywords\":[\"Amb La Marat\u00f3 de TV3\",\"Concurs millor past\u00eds solidari\",\"Els Patis Solidaris de la Gran\u00e9s\",\"Esmorzar Solidari\",\"Jornades de Solidaritat\",\"La Marat\u00f3 de TV3\",\"Malalties minorit\u00e0ries\",\"Pastissos\",\"Solidaritat\"],\"articleSection\":[\"Activitats Gran\u00e9s\"],\"inLanguage\":\"es\",\"potentialAction\":[{\"@type\":\"CommentAction\",\"name\":\"Comment\",\"target\":[\"https:\/\/www.batxilleratgranes.com\/es\/gran-exit-de-lesmorzar-solidari-per-a-la-marato\/#respond\"]}]},{\"@type\":\"WebPage\",\"@id\":\"https:\/\/www.batxilleratgranes.com\/es\/gran-exit-de-lesmorzar-solidari-per-a-la-marato\/\",\"url\":\"https:\/\/www.batxilleratgranes.com\/es\/gran-exit-de-lesmorzar-solidari-per-a-la-marato\/\",\"name\":\"Gran \u00e8xit de l'esmorzar solidari per a La Marat\u00f3 - Gran\u00e9s Batxillerat - Escuela especializada en Bachillerato en Barcelona\",\"isPartOf\":{\"@id\":\"https:\/\/www.batxilleratgranes.com\/es\/#website\"},\"primaryImageOfPage\":{\"@id\":\"https:\/\/www.batxilleratgranes.com\/es\/gran-exit-de-lesmorzar-solidari-per-a-la-marato\/#primaryimage\"},\"image\":{\"@id\":\"https:\/\/www.batxilleratgranes.com\/es\/gran-exit-de-lesmorzar-solidari-per-a-la-marato\/#primaryimage\"},\"thumbnailUrl\":\"https:\/\/www.batxilleratgranes.com\/wp-content\/uploads\/2019\/12\/Esmorzar-solidari-0ret.jpg\",\"datePublished\":\"2019-12-11T12:41:53+00:00\",\"dateModified\":\"2019-12-14T14:28:05+00:00\",\"breadcrumb\":{\"@id\":\"https:\/\/www.batxilleratgranes.com\/es\/gran-exit-de-lesmorzar-solidari-per-a-la-marato\/#breadcrumb\"},\"inLanguage\":\"es\",\"potentialAction\":[{\"@type\":\"ReadAction\",\"target\":[\"https:\/\/www.batxilleratgranes.com\/es\/gran-exit-de-lesmorzar-solidari-per-a-la-marato\/\"]}]},{\"@type\":\"ImageObject\",\"inLanguage\":\"es\",\"@id\":\"https:\/\/www.batxilleratgranes.com\/es\/gran-exit-de-lesmorzar-solidari-per-a-la-marato\/#primaryimage\",\"url\":\"https:\/\/www.batxilleratgranes.com\/wp-content\/uploads\/2019\/12\/Esmorzar-solidari-0ret.jpg\",\"contentUrl\":\"https:\/\/www.batxilleratgranes.com\/wp-content\/uploads\/2019\/12\/Esmorzar-solidari-0ret.jpg\",\"width\":689,\"height\":397,\"caption\":\"Esmorzar solidari 2019\"},{\"@type\":\"BreadcrumbList\",\"@id\":\"https:\/\/www.batxilleratgranes.com\/es\/gran-exit-de-lesmorzar-solidari-per-a-la-marato\/#breadcrumb\",\"itemListElement\":[{\"@type\":\"ListItem\",\"position\":1,\"name\":\"Inici\",\"item\":\"https:\/\/www.batxilleratgranes.com\/es\/\"},{\"@type\":\"ListItem\",\"position\":2,\"name\":\"Gran \u00e8xit de l&#8217;esmorzar solidari per a La Marat\u00f3\"}]},{\"@type\":\"WebSite\",\"@id\":\"https:\/\/www.batxilleratgranes.com\/es\/#website\",\"url\":\"https:\/\/www.batxilleratgranes.com\/es\/\",\"name\":\"Gran\u00e9s Batxillerat - Escuela especializada en Bachillerato en Barcelona\",\"description\":\"Escola especialitzada en Batxillerat a Barcelona\",\"publisher\":{\"@id\":\"https:\/\/www.batxilleratgranes.com\/es\/#organization\"},\"potentialAction\":[{\"@type\":\"SearchAction\",\"target\":{\"@type\":\"EntryPoint\",\"urlTemplate\":\"https:\/\/www.batxilleratgranes.com\/es\/?s={search_term_string}\"},\"query-input\":{\"@type\":\"PropertyValueSpecification\",\"valueRequired\":true,\"valueName\":\"search_term_string\"}}],\"inLanguage\":\"es\"},{\"@type\":\"Organization\",\"@id\":\"https:\/\/www.batxilleratgranes.com\/es\/#organization\",\"name\":\"Gran\u00e9s Batxillerat - Escuela especializada en Bachillerato en Barcelona\",\"url\":\"https:\/\/www.batxilleratgranes.com\/es\/\",\"logo\":{\"@type\":\"ImageObject\",\"inLanguage\":\"es\",\"@id\":\"https:\/\/www.batxilleratgranes.com\/es\/#\/schema\/logo\/image\/\",\"url\":\"https:\/\/www.batxilleratgranes.com\/wp-content\/uploads\/2013\/01\/granes1.png\",\"contentUrl\":\"https:\/\/www.batxilleratgranes.com\/wp-content\/uploads\/2013\/01\/granes1.png\",\"width\":292,\"height\":85,\"caption\":\"Gran\u00e9s Batxillerat - Escuela especializada en Bachillerato en Barcelona\"},\"image\":{\"@id\":\"https:\/\/www.batxilleratgranes.com\/es\/#\/schema\/logo\/image\/\"}},{\"@type\":\"Person\",\"@id\":\"https:\/\/www.batxilleratgranes.com\/es\/#\/schema\/person\/4e10f231f79e8e2d24629e02b8283201\",\"name\":\"mireia.martinez\",\"image\":{\"@type\":\"ImageObject\",\"inLanguage\":\"es\",\"@id\":\"https:\/\/www.batxilleratgranes.com\/es\/#\/schema\/person\/image\/\",\"url\":\"https:\/\/secure.gravatar.com\/avatar\/8c952e346979fb1eaf89bbc4dfda29f0?s=96&d=mm&r=g\",\"contentUrl\":\"https:\/\/secure.gravatar.com\/avatar\/8c952e346979fb1eaf89bbc4dfda29f0?s=96&d=mm&r=g\",\"caption\":\"mireia.martinez\"},\"url\":\"https:\/\/www.batxilleratgranes.com\/es\/author\/mireia-martinez\/\"}]}<\/script>\n<!-- \/ Yoast SEO plugin. -->","yoast_head_json":{"title":"Gran \u00e8xit de l'esmorzar solidari per a La Marat\u00f3 - Gran\u00e9s Batxillerat - Escuela especializada en Bachillerato en Barcelona","robots":{"index":"index","follow":"follow","max-snippet":"max-snippet:-1","max-image-preview":"max-image-preview:large","max-video-preview":"max-video-preview:-1"},"canonical":"https:\/\/www.batxilleratgranes.com\/es\/gran-exit-de-lesmorzar-solidari-per-a-la-marato\/","og_locale":"es_ES","og_type":"article","og_title":"Gran \u00e8xit de l'esmorzar solidari per a La Marat\u00f3 - Gran\u00e9s Batxillerat - Escuela especializada en Bachillerato en Barcelona","og_description":"Un any m\u00e9s, a l&#8217;escola hem celebrat un esmorzar solidari per recaptar diners per a La Marat\u00f3 de TV3, que enguany es centra en la investigaci\u00f3 de les malalties minorit\u00e0ries. I, gr\u00e0cies a la col\u00b7laboraci\u00f3 dels nostres alumnes, aquest ha sigut tot un \u00e8xit! Des de pastissos dol\u00e7os, amb gran protagonisme de la xocolata, fins&hellip;&nbsp;Read More &raquo;Gran \u00e8xit de l&#8217;esmorzar solidari per a La Marat\u00f3","og_url":"https:\/\/www.batxilleratgranes.com\/es\/gran-exit-de-lesmorzar-solidari-per-a-la-marato\/","og_site_name":"Gran\u00e9s Batxillerat - Escuela especializada en Bachillerato en Barcelona","article_published_time":"2019-12-11T12:41:53+00:00","article_modified_time":"2019-12-14T14:28:05+00:00","og_image":[{"width":689,"height":397,"url":"https:\/\/www.batxilleratgranes.com\/wp-content\/uploads\/2019\/12\/Esmorzar-solidari-0ret.jpg","type":"image\/jpeg"}],"author":"mireia.martinez","twitter_card":"summary_large_image","twitter_misc":{"Written by":"mireia.martinez","Est. reading time":"1 minute"},"schema":{"@context":"https:\/\/schema.org","@graph":[{"@type":"Article","@id":"https:\/\/www.batxilleratgranes.com\/es\/gran-exit-de-lesmorzar-solidari-per-a-la-marato\/#article","isPartOf":{"@id":"https:\/\/www.batxilleratgranes.com\/es\/gran-exit-de-lesmorzar-solidari-per-a-la-marato\/"},"author":{"name":"mireia.martinez","@id":"https:\/\/www.batxilleratgranes.com\/es\/#\/schema\/person\/4e10f231f79e8e2d24629e02b8283201"},"headline":"Gran \u00e8xit de l&#8217;esmorzar solidari per a La Marat\u00f3","datePublished":"2019-12-11T12:41:53+00:00","dateModified":"2019-12-14T14:28:05+00:00","mainEntityOfPage":{"@id":"https:\/\/www.batxilleratgranes.com\/es\/gran-exit-de-lesmorzar-solidari-per-a-la-marato\/"},"wordCount":303,"commentCount":0,"publisher":{"@id":"https:\/\/www.batxilleratgranes.com\/es\/#organization"},"image":{"@id":"https:\/\/www.batxilleratgranes.com\/es\/gran-exit-de-lesmorzar-solidari-per-a-la-marato\/#primaryimage"},"thumbnailUrl":"https:\/\/www.batxilleratgranes.com\/wp-content\/uploads\/2019\/12\/Esmorzar-solidari-0ret.jpg","keywords":["Amb La Marat\u00f3 de TV3","Concurs millor past\u00eds solidari","Els Patis Solidaris de la Gran\u00e9s","Esmorzar Solidari","Jornades de Solidaritat","La Marat\u00f3 de TV3","Malalties minorit\u00e0ries","Pastissos","Solidaritat"],"articleSection":["Activitats Gran\u00e9s"],"inLanguage":"es","potentialAction":[{"@type":"CommentAction","name":"Comment","target":["https:\/\/www.batxilleratgranes.com\/es\/gran-exit-de-lesmorzar-solidari-per-a-la-marato\/#respond"]}]},{"@type":"WebPage","@id":"https:\/\/www.batxilleratgranes.com\/es\/gran-exit-de-lesmorzar-solidari-per-a-la-marato\/","url":"https:\/\/www.batxilleratgranes.com\/es\/gran-exit-de-lesmorzar-solidari-per-a-la-marato\/","name":"Gran \u00e8xit de l'esmorzar solidari per a La Marat\u00f3 - Gran\u00e9s Batxillerat - Escuela especializada en Bachillerato en Barcelona","isPartOf":{"@id":"https:\/\/www.batxilleratgranes.com\/es\/#website"},"primaryImageOfPage":{"@id":"https:\/\/www.batxilleratgranes.com\/es\/gran-exit-de-lesmorzar-solidari-per-a-la-marato\/#primaryimage"},"image":{"@id":"https:\/\/www.batxilleratgranes.com\/es\/gran-exit-de-lesmorzar-solidari-per-a-la-marato\/#primaryimage"},"thumbnailUrl":"https:\/\/www.batxilleratgranes.com\/wp-content\/uploads\/2019\/12\/Esmorzar-solidari-0ret.jpg","datePublished":"2019-12-11T12:41:53+00:00","dateModified":"2019-12-14T14:28:05+00:00","breadcrumb":{"@id":"https:\/\/www.batxilleratgranes.com\/es\/gran-exit-de-lesmorzar-solidari-per-a-la-marato\/#breadcrumb"},"inLanguage":"es","potentialAction":[{"@type":"ReadAction","target":["https:\/\/www.batxilleratgranes.com\/es\/gran-exit-de-lesmorzar-solidari-per-a-la-marato\/"]}]},{"@type":"ImageObject","inLanguage":"es","@id":"https:\/\/www.batxilleratgranes.com\/es\/gran-exit-de-lesmorzar-solidari-per-a-la-marato\/#primaryimage","url":"https:\/\/www.batxilleratgranes.com\/wp-content\/uploads\/2019\/12\/Esmorzar-solidari-0ret.jpg","contentUrl":"https:\/\/www.batxilleratgranes.com\/wp-content\/uploads\/2019\/12\/Esmorzar-solidari-0ret.jpg","width":689,"height":397,"caption":"Esmorzar solidari 2019"},{"@type":"BreadcrumbList","@id":"https:\/\/www.batxilleratgranes.com\/es\/gran-exit-de-lesmorzar-solidari-per-a-la-marato\/#breadcrumb","itemListElement":[{"@type":"ListItem","position":1,"name":"Inici","item":"https:\/\/www.batxilleratgranes.com\/es\/"},{"@type":"ListItem","position":2,"name":"Gran \u00e8xit de l&#8217;esmorzar solidari per a La Marat\u00f3"}]},{"@type":"WebSite","@id":"https:\/\/www.batxilleratgranes.com\/es\/#website","url":"https:\/\/www.batxilleratgranes.com\/es\/","name":"Gran\u00e9s Batxillerat - Escuela especializada en Bachillerato en Barcelona","description":"Escola especialitzada en Batxillerat a Barcelona","publisher":{"@id":"https:\/\/www.batxilleratgranes.com\/es\/#organization"},"potentialAction":[{"@type":"SearchAction","target":{"@type":"EntryPoint","urlTemplate":"https:\/\/www.batxilleratgranes.com\/es\/?s={search_term_string}"},"query-input":{"@type":"PropertyValueSpecification","valueRequired":true,"valueName":"search_term_string"}}],"inLanguage":"es"},{"@type":"Organization","@id":"https:\/\/www.batxilleratgranes.com\/es\/#organization","name":"Gran\u00e9s Batxillerat - Escuela especializada en Bachillerato en Barcelona","url":"https:\/\/www.batxilleratgranes.com\/es\/","logo":{"@type":"ImageObject","inLanguage":"es","@id":"https:\/\/www.batxilleratgranes.com\/es\/#\/schema\/logo\/image\/","url":"https:\/\/www.batxilleratgranes.com\/wp-content\/uploads\/2013\/01\/granes1.png","contentUrl":"https:\/\/www.batxilleratgranes.com\/wp-content\/uploads\/2013\/01\/granes1.png","width":292,"height":85,"caption":"Gran\u00e9s Batxillerat - Escuela especializada en Bachillerato en Barcelona"},"image":{"@id":"https:\/\/www.batxilleratgranes.com\/es\/#\/schema\/logo\/image\/"}},{"@type":"Person","@id":"https:\/\/www.batxilleratgranes.com\/es\/#\/schema\/person\/4e10f231f79e8e2d24629e02b8283201","name":"mireia.martinez","image":{"@type":"ImageObject","inLanguage":"es","@id":"https:\/\/www.batxilleratgranes.com\/es\/#\/schema\/person\/image\/","url":"https:\/\/secure.gravatar.com\/avatar\/8c952e346979fb1eaf89bbc4dfda29f0?s=96&d=mm&r=g","contentUrl":"https:\/\/secure.gravatar.com\/avatar\/8c952e346979fb1eaf89bbc4dfda29f0?s=96&d=mm&r=g","caption":"mireia.martinez"},"url":"https:\/\/www.batxilleratgranes.com\/es\/author\/mireia-martinez\/"}]}},"_links":{"self":[{"href":"https:\/\/www.batxilleratgranes.com\/es\/wp-json\/wp\/v2\/posts\/19484"}],"collection":[{"href":"https:\/\/www.batxilleratgranes.com\/es\/wp-json\/wp\/v2\/posts"}],"about":[{"href":"https:\/\/www.batxilleratgranes.com\/es\/wp-json\/wp\/v2\/types\/post"}],"author":[{"embeddable":true,"href":"https:\/\/www.batxilleratgranes.com\/es\/wp-json\/wp\/v2\/users\/5"}],"replies":[{"embeddable":true,"href":"https:\/\/www.batxilleratgranes.com\/es\/wp-json\/wp\/v2\/comments?post=19484"}],"version-history":[{"count":28,"href":"https:\/\/www.batxilleratgranes.com\/es\/wp-json\/wp\/v2\/posts\/19484\/revisions"}],"predecessor-version":[{"id":19559,"href":"https:\/\/www.batxilleratgranes.com\/es\/wp-json\/wp\/v2\/posts\/19484\/revisions\/19559"}],"wp:featuredmedia":[{"embeddable":true,"href":"https:\/\/www.batxilleratgranes.com\/es\/wp-json\/wp\/v2\/media\/19558"}],"wp:attachment":[{"href":"https:\/\/www.batxilleratgranes.com\/es\/wp-json\/wp\/v2\/media?parent=19484"}],"wp:term":[{"taxonomy":"category","embeddable":true,"href":"https:\/\/www.batxilleratgranes.com\/es\/wp-json\/wp\/v2\/categories?post=19484"},{"taxonomy":"post_tag","embeddable":true,"href":"https:\/\/www.batxilleratgranes.com\/es\/wp-json\/wp\/v2\/tags?post=19484"}],"curies":[{"name":"wp","href":"https:\/\/api.w.org\/{rel}","templated":true}]}}