{"id":19496,"date":"2019-12-13T10:31:15","date_gmt":"2019-12-13T10:31:15","guid":{"rendered":"https:\/\/www.batxilleratgranes.com\/?p=19496"},"modified":"2019-12-14T10:55:17","modified_gmt":"2019-12-14T10:55:17","slug":"taller-de-nutricio-per-a-malalts-de-fibrosi-quistica","status":"publish","type":"post","link":"https:\/\/www.batxilleratgranes.com\/es\/taller-de-nutricio-per-a-malalts-de-fibrosi-quistica\/","title":{"rendered":"Taller de nutrici\u00f3 per a malalts de fibrosi qu\u00edstica"},"content":{"rendered":"\n<p>Dins del seu projecte de curs, els alumnes de 1r de batxillerat de <strong><a href=\"https:\/\/www.batxilleratgranes.com\/batxillerat-ciencies-salut\">Ci\u00e8ncies de la Salut<\/a><\/strong> han realitzat aquest divendres un <strong>taller de nutrici\u00f3 i diet\u00e8tica<\/strong> a la <strong><a href=\"http:\/\/www.blanquerna.edu\/fcs\">Facultat de Ci\u00e8ncies de la Salut Blanquerna-URL<\/a><\/strong>. El taller ha consistit en l&#8217;elaboraci\u00f3 d&#8217;un men\u00fa apropiat per a <strong>malalts de fibrosi qu\u00edstica<\/strong> i van con\u00e8ixer tamb\u00e9 quins s\u00f3n els aliments que permeten millorar la qualitat de vida d&#8217;aquests pacients.<\/p>\n\n\n\n<p>Aquesta proposta de men\u00fa consistia en:<\/p>\n\n\n\n<ul class=\"wp-block-list\"><li><strong>Esmorzar<\/strong>: Iogurt amb fruita amb torrada de pa de pag\u00e8s i pernil cuit.<\/li><\/ul>\n\n\n\n<ul class=\"wp-block-list\"><li><strong>Mig mat\u00ed<\/strong>: Entrep\u00e0 de formatge i fruita<\/li><\/ul>\n\n\n\n<ul class=\"wp-block-list\"><li><strong>Dinar<\/strong>:  1r plat: Mongeta verda amb patata i pernil &#8211; 2n plat: Hamburguesa de pollastre a la planxa amb amanida de guarnici\u00f3.<\/li><\/ul>\n\n\n\n<p>Aix\u00ed, un cop a la cuina, els nostres alumnes es van posar en marxa per preparar tot aquest menjar.<\/p>\n\n\n\n<div class=\"wp-block-image\"><figure class=\"aligncenter is-resized\"><img loading=\"lazy\" decoding=\"async\" src=\"https:\/\/www.batxilleratgranes.com\/wp-content\/uploads\/2019\/12\/IMG-20191213-WA0003-768x1024.jpg\" alt=\"\" class=\"wp-image-19498\" width=\"576\" height=\"768\" srcset=\"https:\/\/www.batxilleratgranes.com\/wp-content\/uploads\/2019\/12\/IMG-20191213-WA0003-768x1024.jpg 768w, https:\/\/www.batxilleratgranes.com\/wp-content\/uploads\/2019\/12\/IMG-20191213-WA0003-225x300.jpg 225w, https:\/\/www.batxilleratgranes.com\/wp-content\/uploads\/2019\/12\/IMG-20191213-WA0003-650x867.jpg 650w, https:\/\/www.batxilleratgranes.com\/wp-content\/uploads\/2019\/12\/IMG-20191213-WA0003.jpg 900w\" sizes=\"(max-width: 576px) 100vw, 576px\" \/><\/figure><\/div>\n\n\n\n<div class=\"wp-block-image\"><figure class=\"aligncenter\"><img loading=\"lazy\" decoding=\"async\" width=\"1024\" height=\"1024\" src=\"https:\/\/www.batxilleratgranes.com\/wp-content\/uploads\/2019\/12\/Iogurt-amb-fruita-1024x1024.jpg\" alt=\"\" class=\"wp-image-19500\" srcset=\"https:\/\/www.batxilleratgranes.com\/wp-content\/uploads\/2019\/12\/Iogurt-amb-fruita-1024x1024.jpg 1024w, https:\/\/www.batxilleratgranes.com\/wp-content\/uploads\/2019\/12\/Iogurt-amb-fruita-150x150.jpg 150w, https:\/\/www.batxilleratgranes.com\/wp-content\/uploads\/2019\/12\/Iogurt-amb-fruita-300x300.jpg 300w, https:\/\/www.batxilleratgranes.com\/wp-content\/uploads\/2019\/12\/Iogurt-amb-fruita-768x768.jpg 768w, https:\/\/www.batxilleratgranes.com\/wp-content\/uploads\/2019\/12\/Iogurt-amb-fruita-650x650.jpg 650w, https:\/\/www.batxilleratgranes.com\/wp-content\/uploads\/2019\/12\/Iogurt-amb-fruita-60x60.jpg 60w, https:\/\/www.batxilleratgranes.com\/wp-content\/uploads\/2019\/12\/Iogurt-amb-fruita-75x75.jpg 75w, https:\/\/www.batxilleratgranes.com\/wp-content\/uploads\/2019\/12\/Iogurt-amb-fruita-960x960.jpg 960w, https:\/\/www.batxilleratgranes.com\/wp-content\/uploads\/2019\/12\/Iogurt-amb-fruita-1000x1000.jpg 1000w, https:\/\/www.batxilleratgranes.com\/wp-content\/uploads\/2019\/12\/Iogurt-amb-fruita.jpg 1200w\" sizes=\"(max-width: 1024px) 100vw, 1024px\" \/><figcaption>Preparant el iogurt amb fruita i el batut de pl\u00e0tan.<\/figcaption><\/figure><\/div>\n\n\n\n<div class=\"wp-block-image\"><figure class=\"aligncenter\"><img loading=\"lazy\" decoding=\"async\" width=\"1024\" height=\"1024\" src=\"https:\/\/www.batxilleratgranes.com\/wp-content\/uploads\/2019\/12\/Hamburgueses-1024x1024.jpg\" alt=\"\" class=\"wp-image-19504\" srcset=\"https:\/\/www.batxilleratgranes.com\/wp-content\/uploads\/2019\/12\/Hamburgueses-1024x1024.jpg 1024w, https:\/\/www.batxilleratgranes.com\/wp-content\/uploads\/2019\/12\/Hamburgueses-150x150.jpg 150w, https:\/\/www.batxilleratgranes.com\/wp-content\/uploads\/2019\/12\/Hamburgueses-300x300.jpg 300w, https:\/\/www.batxilleratgranes.com\/wp-content\/uploads\/2019\/12\/Hamburgueses-768x768.jpg 768w, https:\/\/www.batxilleratgranes.com\/wp-content\/uploads\/2019\/12\/Hamburgueses-650x650.jpg 650w, https:\/\/www.batxilleratgranes.com\/wp-content\/uploads\/2019\/12\/Hamburgueses-60x60.jpg 60w, https:\/\/www.batxilleratgranes.com\/wp-content\/uploads\/2019\/12\/Hamburgueses-75x75.jpg 75w, https:\/\/www.batxilleratgranes.com\/wp-content\/uploads\/2019\/12\/Hamburgueses-960x960.jpg 960w, https:\/\/www.batxilleratgranes.com\/wp-content\/uploads\/2019\/12\/Hamburgueses-1000x1000.jpg 1000w, https:\/\/www.batxilleratgranes.com\/wp-content\/uploads\/2019\/12\/Hamburgueses.jpg 1200w\" sizes=\"(max-width: 1024px) 100vw, 1024px\" \/><figcaption>Cuinant les hamburgueses i la seva guarnici\u00f3.<\/figcaption><\/figure><\/div>\n\n\n\n<p style=\"text-align:center\"><strong>Resultat final<\/strong>: un men\u00fa adaptat a les necessitats dels malalts de fibrosi qu\u00edstica. Bona feina nois!<\/p>\n\n\n\n<div class=\"wp-block-image\"><figure class=\"aligncenter is-resized\"><img loading=\"lazy\" decoding=\"async\" src=\"https:\/\/www.batxilleratgranes.com\/wp-content\/uploads\/2019\/12\/IMG-20191213-WA0009-768x1024.jpg\" alt=\"\" class=\"wp-image-19505\" width=\"576\" height=\"768\" srcset=\"https:\/\/www.batxilleratgranes.com\/wp-content\/uploads\/2019\/12\/IMG-20191213-WA0009-768x1024.jpg 768w, https:\/\/www.batxilleratgranes.com\/wp-content\/uploads\/2019\/12\/IMG-20191213-WA0009-225x300.jpg 225w, https:\/\/www.batxilleratgranes.com\/wp-content\/uploads\/2019\/12\/IMG-20191213-WA0009-650x867.jpg 650w, https:\/\/www.batxilleratgranes.com\/wp-content\/uploads\/2019\/12\/IMG-20191213-WA0009.jpg 900w\" sizes=\"(max-width: 576px) 100vw, 576px\" \/><\/figure><\/div>\n","protected":false},"excerpt":{"rendered":"<p>Dins del seu projecte de curs, els alumnes de 1r de batxillerat de Ci\u00e8ncies de la Salut han realitzat aquest divendres un taller de nutrici\u00f3 i diet\u00e8tica a la Facultat de Ci\u00e8ncies de la Salut Blanquerna-URL. El taller ha consistit en l&#8217;elaboraci\u00f3 d&#8217;un men\u00fa apropiat per a malalts de fibrosi qu\u00edstica i van con\u00e8ixer tamb\u00e9&hellip;&nbsp;<a href=\"https:\/\/www.batxilleratgranes.com\/es\/taller-de-nutricio-per-a-malalts-de-fibrosi-quistica\/\" class=\"\" rel=\"bookmark\">Read More &raquo;<span class=\"screen-reader-text\">Taller de nutrici\u00f3 per a malalts de fibrosi qu\u00edstica<\/span><\/a><\/p>\n","protected":false},"author":5,"featured_media":19509,"comment_status":"open","ping_status":"open","sticky":false,"template":"","format":"standard","meta":{"neve_meta_sidebar":"","neve_meta_container":"","neve_meta_enable_content_width":"","neve_meta_content_width":0,"neve_meta_title_alignment":"","neve_meta_author_avatar":"","neve_post_elements_order":"","neve_meta_disable_header":"","neve_meta_disable_footer":"","neve_meta_disable_title":"","footnotes":""},"categories":[7],"tags":[527,633,495,510,895,894],"class_list":["post-19496","post","type-post","status-publish","format-standard","has-post-thumbnail","hentry","category-centre-batxillerat-granes","tag-batxillerat-cientific","tag-batxillerat-per-projectes","tag-blanquerna","tag-ciencies-de-la-salut","tag-projecte-fibrosi-quistica","tag-taller-nutricio-i-dietetica"],"yoast_head":"<!-- This site is optimized with the Yoast SEO plugin v23.4 - https:\/\/yoast.com\/wordpress\/plugins\/seo\/ -->\n<title>Taller de nutrici\u00f3 per a malalts de fibrosi qu\u00edstica - Gran\u00e9s Batxillerat - Escuela especializada en Bachillerato en Barcelona<\/title>\n<meta name=\"robots\" content=\"index, follow, max-snippet:-1, max-image-preview:large, max-video-preview:-1\" \/>\n<link rel=\"canonical\" href=\"https:\/\/www.batxilleratgranes.com\/es\/taller-de-nutricio-per-a-malalts-de-fibrosi-quistica\/\" \/>\n<meta property=\"og:locale\" content=\"es_ES\" \/>\n<meta property=\"og:type\" content=\"article\" \/>\n<meta property=\"og:title\" content=\"Taller de nutrici\u00f3 per a malalts de fibrosi qu\u00edstica - Gran\u00e9s Batxillerat - Escuela especializada en Bachillerato en Barcelona\" \/>\n<meta property=\"og:description\" content=\"Dins del seu projecte de curs, els alumnes de 1r de batxillerat de Ci\u00e8ncies de la Salut han realitzat aquest divendres un taller de nutrici\u00f3 i diet\u00e8tica a la Facultat de Ci\u00e8ncies de la Salut Blanquerna-URL. El taller ha consistit en l&#8217;elaboraci\u00f3 d&#8217;un men\u00fa apropiat per a malalts de fibrosi qu\u00edstica i van con\u00e8ixer tamb\u00e9&hellip;&nbsp;Read More &raquo;Taller de nutrici\u00f3 per a malalts de fibrosi qu\u00edstica\" \/>\n<meta property=\"og:url\" content=\"https:\/\/www.batxilleratgranes.com\/es\/taller-de-nutricio-per-a-malalts-de-fibrosi-quistica\/\" \/>\n<meta property=\"og:site_name\" content=\"Gran\u00e9s Batxillerat - Escuela especializada en Bachillerato en Barcelona\" \/>\n<meta property=\"article:published_time\" content=\"2019-12-13T10:31:15+00:00\" \/>\n<meta property=\"article:modified_time\" content=\"2019-12-14T10:55:17+00:00\" \/>\n<meta property=\"og:image\" content=\"https:\/\/www.batxilleratgranes.com\/wp-content\/uploads\/2019\/12\/IMG-20191213-WA0009-1.jpg\" \/>\n\t<meta property=\"og:image:width\" content=\"900\" \/>\n\t<meta property=\"og:image:height\" content=\"1200\" \/>\n\t<meta property=\"og:image:type\" content=\"image\/jpeg\" \/>\n<meta name=\"author\" content=\"mireia.martinez\" \/>\n<meta name=\"twitter:card\" content=\"summary_large_image\" \/>\n<meta name=\"twitter:label1\" content=\"Written by\" \/>\n\t<meta name=\"twitter:data1\" content=\"mireia.martinez\" \/>\n\t<meta name=\"twitter:label2\" content=\"Est. reading time\" \/>\n\t<meta name=\"twitter:data2\" content=\"1 minute\" \/>\n<script type=\"application\/ld+json\" class=\"yoast-schema-graph\">{\"@context\":\"https:\/\/schema.org\",\"@graph\":[{\"@type\":\"Article\",\"@id\":\"https:\/\/www.batxilleratgranes.com\/es\/taller-de-nutricio-per-a-malalts-de-fibrosi-quistica\/#article\",\"isPartOf\":{\"@id\":\"https:\/\/www.batxilleratgranes.com\/es\/taller-de-nutricio-per-a-malalts-de-fibrosi-quistica\/\"},\"author\":{\"name\":\"mireia.martinez\",\"@id\":\"https:\/\/www.batxilleratgranes.com\/es\/#\/schema\/person\/4e10f231f79e8e2d24629e02b8283201\"},\"headline\":\"Taller de nutrici\u00f3 per a malalts de fibrosi qu\u00edstica\",\"datePublished\":\"2019-12-13T10:31:15+00:00\",\"dateModified\":\"2019-12-14T10:55:17+00:00\",\"mainEntityOfPage\":{\"@id\":\"https:\/\/www.batxilleratgranes.com\/es\/taller-de-nutricio-per-a-malalts-de-fibrosi-quistica\/\"},\"wordCount\":190,\"commentCount\":0,\"publisher\":{\"@id\":\"https:\/\/www.batxilleratgranes.com\/es\/#organization\"},\"image\":{\"@id\":\"https:\/\/www.batxilleratgranes.com\/es\/taller-de-nutricio-per-a-malalts-de-fibrosi-quistica\/#primaryimage\"},\"thumbnailUrl\":\"https:\/\/www.batxilleratgranes.com\/wp-content\/uploads\/2019\/12\/IMG-20191213-WA0009-1.jpg\",\"keywords\":[\"Batxillerat cient\u00edfic\",\"batxillerat per projectes\",\"Blanquerna\",\"Ci\u00e8ncies de la Salut\",\"Projecte fibrosi qu\u00edstica\",\"Taller nutrici\u00f3 i diet\u00e8tica\"],\"articleSection\":[\"Activitats Gran\u00e9s\"],\"inLanguage\":\"es\",\"potentialAction\":[{\"@type\":\"CommentAction\",\"name\":\"Comment\",\"target\":[\"https:\/\/www.batxilleratgranes.com\/es\/taller-de-nutricio-per-a-malalts-de-fibrosi-quistica\/#respond\"]}]},{\"@type\":\"WebPage\",\"@id\":\"https:\/\/www.batxilleratgranes.com\/es\/taller-de-nutricio-per-a-malalts-de-fibrosi-quistica\/\",\"url\":\"https:\/\/www.batxilleratgranes.com\/es\/taller-de-nutricio-per-a-malalts-de-fibrosi-quistica\/\",\"name\":\"Taller de nutrici\u00f3 per a malalts de fibrosi qu\u00edstica - Gran\u00e9s Batxillerat - Escuela especializada en Bachillerato en Barcelona\",\"isPartOf\":{\"@id\":\"https:\/\/www.batxilleratgranes.com\/es\/#website\"},\"primaryImageOfPage\":{\"@id\":\"https:\/\/www.batxilleratgranes.com\/es\/taller-de-nutricio-per-a-malalts-de-fibrosi-quistica\/#primaryimage\"},\"image\":{\"@id\":\"https:\/\/www.batxilleratgranes.com\/es\/taller-de-nutricio-per-a-malalts-de-fibrosi-quistica\/#primaryimage\"},\"thumbnailUrl\":\"https:\/\/www.batxilleratgranes.com\/wp-content\/uploads\/2019\/12\/IMG-20191213-WA0009-1.jpg\",\"datePublished\":\"2019-12-13T10:31:15+00:00\",\"dateModified\":\"2019-12-14T10:55:17+00:00\",\"breadcrumb\":{\"@id\":\"https:\/\/www.batxilleratgranes.com\/es\/taller-de-nutricio-per-a-malalts-de-fibrosi-quistica\/#breadcrumb\"},\"inLanguage\":\"es\",\"potentialAction\":[{\"@type\":\"ReadAction\",\"target\":[\"https:\/\/www.batxilleratgranes.com\/es\/taller-de-nutricio-per-a-malalts-de-fibrosi-quistica\/\"]}]},{\"@type\":\"ImageObject\",\"inLanguage\":\"es\",\"@id\":\"https:\/\/www.batxilleratgranes.com\/es\/taller-de-nutricio-per-a-malalts-de-fibrosi-quistica\/#primaryimage\",\"url\":\"https:\/\/www.batxilleratgranes.com\/wp-content\/uploads\/2019\/12\/IMG-20191213-WA0009-1.jpg\",\"contentUrl\":\"https:\/\/www.batxilleratgranes.com\/wp-content\/uploads\/2019\/12\/IMG-20191213-WA0009-1.jpg\",\"width\":900,\"height\":1200,\"caption\":\"Taller diet\u00e8tica i nutrici\u00f3\"},{\"@type\":\"BreadcrumbList\",\"@id\":\"https:\/\/www.batxilleratgranes.com\/es\/taller-de-nutricio-per-a-malalts-de-fibrosi-quistica\/#breadcrumb\",\"itemListElement\":[{\"@type\":\"ListItem\",\"position\":1,\"name\":\"Inici\",\"item\":\"https:\/\/www.batxilleratgranes.com\/es\/\"},{\"@type\":\"ListItem\",\"position\":2,\"name\":\"Taller de nutrici\u00f3 per a malalts de fibrosi qu\u00edstica\"}]},{\"@type\":\"WebSite\",\"@id\":\"https:\/\/www.batxilleratgranes.com\/es\/#website\",\"url\":\"https:\/\/www.batxilleratgranes.com\/es\/\",\"name\":\"Gran\u00e9s Batxillerat - Escuela especializada en Bachillerato en Barcelona\",\"description\":\"Escola especialitzada en Batxillerat a Barcelona\",\"publisher\":{\"@id\":\"https:\/\/www.batxilleratgranes.com\/es\/#organization\"},\"potentialAction\":[{\"@type\":\"SearchAction\",\"target\":{\"@type\":\"EntryPoint\",\"urlTemplate\":\"https:\/\/www.batxilleratgranes.com\/es\/?s={search_term_string}\"},\"query-input\":{\"@type\":\"PropertyValueSpecification\",\"valueRequired\":true,\"valueName\":\"search_term_string\"}}],\"inLanguage\":\"es\"},{\"@type\":\"Organization\",\"@id\":\"https:\/\/www.batxilleratgranes.com\/es\/#organization\",\"name\":\"Gran\u00e9s Batxillerat - Escuela especializada en Bachillerato en Barcelona\",\"url\":\"https:\/\/www.batxilleratgranes.com\/es\/\",\"logo\":{\"@type\":\"ImageObject\",\"inLanguage\":\"es\",\"@id\":\"https:\/\/www.batxilleratgranes.com\/es\/#\/schema\/logo\/image\/\",\"url\":\"https:\/\/www.batxilleratgranes.com\/wp-content\/uploads\/2013\/01\/granes1.png\",\"contentUrl\":\"https:\/\/www.batxilleratgranes.com\/wp-content\/uploads\/2013\/01\/granes1.png\",\"width\":292,\"height\":85,\"caption\":\"Gran\u00e9s Batxillerat - Escuela especializada en Bachillerato en Barcelona\"},\"image\":{\"@id\":\"https:\/\/www.batxilleratgranes.com\/es\/#\/schema\/logo\/image\/\"}},{\"@type\":\"Person\",\"@id\":\"https:\/\/www.batxilleratgranes.com\/es\/#\/schema\/person\/4e10f231f79e8e2d24629e02b8283201\",\"name\":\"mireia.martinez\",\"image\":{\"@type\":\"ImageObject\",\"inLanguage\":\"es\",\"@id\":\"https:\/\/www.batxilleratgranes.com\/es\/#\/schema\/person\/image\/\",\"url\":\"https:\/\/secure.gravatar.com\/avatar\/8c952e346979fb1eaf89bbc4dfda29f0?s=96&d=mm&r=g\",\"contentUrl\":\"https:\/\/secure.gravatar.com\/avatar\/8c952e346979fb1eaf89bbc4dfda29f0?s=96&d=mm&r=g\",\"caption\":\"mireia.martinez\"},\"url\":\"https:\/\/www.batxilleratgranes.com\/es\/author\/mireia-martinez\/\"}]}<\/script>\n<!-- \/ Yoast SEO plugin. -->","yoast_head_json":{"title":"Taller de nutrici\u00f3 per a malalts de fibrosi qu\u00edstica - Gran\u00e9s Batxillerat - Escuela especializada en Bachillerato en Barcelona","robots":{"index":"index","follow":"follow","max-snippet":"max-snippet:-1","max-image-preview":"max-image-preview:large","max-video-preview":"max-video-preview:-1"},"canonical":"https:\/\/www.batxilleratgranes.com\/es\/taller-de-nutricio-per-a-malalts-de-fibrosi-quistica\/","og_locale":"es_ES","og_type":"article","og_title":"Taller de nutrici\u00f3 per a malalts de fibrosi qu\u00edstica - Gran\u00e9s Batxillerat - Escuela especializada en Bachillerato en Barcelona","og_description":"Dins del seu projecte de curs, els alumnes de 1r de batxillerat de Ci\u00e8ncies de la Salut han realitzat aquest divendres un taller de nutrici\u00f3 i diet\u00e8tica a la Facultat de Ci\u00e8ncies de la Salut Blanquerna-URL. El taller ha consistit en l&#8217;elaboraci\u00f3 d&#8217;un men\u00fa apropiat per a malalts de fibrosi qu\u00edstica i van con\u00e8ixer tamb\u00e9&hellip;&nbsp;Read More &raquo;Taller de nutrici\u00f3 per a malalts de fibrosi qu\u00edstica","og_url":"https:\/\/www.batxilleratgranes.com\/es\/taller-de-nutricio-per-a-malalts-de-fibrosi-quistica\/","og_site_name":"Gran\u00e9s Batxillerat - Escuela especializada en Bachillerato en Barcelona","article_published_time":"2019-12-13T10:31:15+00:00","article_modified_time":"2019-12-14T10:55:17+00:00","og_image":[{"width":900,"height":1200,"url":"https:\/\/www.batxilleratgranes.com\/wp-content\/uploads\/2019\/12\/IMG-20191213-WA0009-1.jpg","type":"image\/jpeg"}],"author":"mireia.martinez","twitter_card":"summary_large_image","twitter_misc":{"Written by":"mireia.martinez","Est. reading time":"1 minute"},"schema":{"@context":"https:\/\/schema.org","@graph":[{"@type":"Article","@id":"https:\/\/www.batxilleratgranes.com\/es\/taller-de-nutricio-per-a-malalts-de-fibrosi-quistica\/#article","isPartOf":{"@id":"https:\/\/www.batxilleratgranes.com\/es\/taller-de-nutricio-per-a-malalts-de-fibrosi-quistica\/"},"author":{"name":"mireia.martinez","@id":"https:\/\/www.batxilleratgranes.com\/es\/#\/schema\/person\/4e10f231f79e8e2d24629e02b8283201"},"headline":"Taller de nutrici\u00f3 per a malalts de fibrosi qu\u00edstica","datePublished":"2019-12-13T10:31:15+00:00","dateModified":"2019-12-14T10:55:17+00:00","mainEntityOfPage":{"@id":"https:\/\/www.batxilleratgranes.com\/es\/taller-de-nutricio-per-a-malalts-de-fibrosi-quistica\/"},"wordCount":190,"commentCount":0,"publisher":{"@id":"https:\/\/www.batxilleratgranes.com\/es\/#organization"},"image":{"@id":"https:\/\/www.batxilleratgranes.com\/es\/taller-de-nutricio-per-a-malalts-de-fibrosi-quistica\/#primaryimage"},"thumbnailUrl":"https:\/\/www.batxilleratgranes.com\/wp-content\/uploads\/2019\/12\/IMG-20191213-WA0009-1.jpg","keywords":["Batxillerat cient\u00edfic","batxillerat per projectes","Blanquerna","Ci\u00e8ncies de la Salut","Projecte fibrosi qu\u00edstica","Taller nutrici\u00f3 i diet\u00e8tica"],"articleSection":["Activitats Gran\u00e9s"],"inLanguage":"es","potentialAction":[{"@type":"CommentAction","name":"Comment","target":["https:\/\/www.batxilleratgranes.com\/es\/taller-de-nutricio-per-a-malalts-de-fibrosi-quistica\/#respond"]}]},{"@type":"WebPage","@id":"https:\/\/www.batxilleratgranes.com\/es\/taller-de-nutricio-per-a-malalts-de-fibrosi-quistica\/","url":"https:\/\/www.batxilleratgranes.com\/es\/taller-de-nutricio-per-a-malalts-de-fibrosi-quistica\/","name":"Taller de nutrici\u00f3 per a malalts de fibrosi qu\u00edstica - Gran\u00e9s Batxillerat - Escuela especializada en Bachillerato en Barcelona","isPartOf":{"@id":"https:\/\/www.batxilleratgranes.com\/es\/#website"},"primaryImageOfPage":{"@id":"https:\/\/www.batxilleratgranes.com\/es\/taller-de-nutricio-per-a-malalts-de-fibrosi-quistica\/#primaryimage"},"image":{"@id":"https:\/\/www.batxilleratgranes.com\/es\/taller-de-nutricio-per-a-malalts-de-fibrosi-quistica\/#primaryimage"},"thumbnailUrl":"https:\/\/www.batxilleratgranes.com\/wp-content\/uploads\/2019\/12\/IMG-20191213-WA0009-1.jpg","datePublished":"2019-12-13T10:31:15+00:00","dateModified":"2019-12-14T10:55:17+00:00","breadcrumb":{"@id":"https:\/\/www.batxilleratgranes.com\/es\/taller-de-nutricio-per-a-malalts-de-fibrosi-quistica\/#breadcrumb"},"inLanguage":"es","potentialAction":[{"@type":"ReadAction","target":["https:\/\/www.batxilleratgranes.com\/es\/taller-de-nutricio-per-a-malalts-de-fibrosi-quistica\/"]}]},{"@type":"ImageObject","inLanguage":"es","@id":"https:\/\/www.batxilleratgranes.com\/es\/taller-de-nutricio-per-a-malalts-de-fibrosi-quistica\/#primaryimage","url":"https:\/\/www.batxilleratgranes.com\/wp-content\/uploads\/2019\/12\/IMG-20191213-WA0009-1.jpg","contentUrl":"https:\/\/www.batxilleratgranes.com\/wp-content\/uploads\/2019\/12\/IMG-20191213-WA0009-1.jpg","width":900,"height":1200,"caption":"Taller diet\u00e8tica i nutrici\u00f3"},{"@type":"BreadcrumbList","@id":"https:\/\/www.batxilleratgranes.com\/es\/taller-de-nutricio-per-a-malalts-de-fibrosi-quistica\/#breadcrumb","itemListElement":[{"@type":"ListItem","position":1,"name":"Inici","item":"https:\/\/www.batxilleratgranes.com\/es\/"},{"@type":"ListItem","position":2,"name":"Taller de nutrici\u00f3 per a malalts de fibrosi qu\u00edstica"}]},{"@type":"WebSite","@id":"https:\/\/www.batxilleratgranes.com\/es\/#website","url":"https:\/\/www.batxilleratgranes.com\/es\/","name":"Gran\u00e9s Batxillerat - Escuela especializada en Bachillerato en Barcelona","description":"Escola especialitzada en Batxillerat a Barcelona","publisher":{"@id":"https:\/\/www.batxilleratgranes.com\/es\/#organization"},"potentialAction":[{"@type":"SearchAction","target":{"@type":"EntryPoint","urlTemplate":"https:\/\/www.batxilleratgranes.com\/es\/?s={search_term_string}"},"query-input":{"@type":"PropertyValueSpecification","valueRequired":true,"valueName":"search_term_string"}}],"inLanguage":"es"},{"@type":"Organization","@id":"https:\/\/www.batxilleratgranes.com\/es\/#organization","name":"Gran\u00e9s Batxillerat - Escuela especializada en Bachillerato en Barcelona","url":"https:\/\/www.batxilleratgranes.com\/es\/","logo":{"@type":"ImageObject","inLanguage":"es","@id":"https:\/\/www.batxilleratgranes.com\/es\/#\/schema\/logo\/image\/","url":"https:\/\/www.batxilleratgranes.com\/wp-content\/uploads\/2013\/01\/granes1.png","contentUrl":"https:\/\/www.batxilleratgranes.com\/wp-content\/uploads\/2013\/01\/granes1.png","width":292,"height":85,"caption":"Gran\u00e9s Batxillerat - Escuela especializada en Bachillerato en Barcelona"},"image":{"@id":"https:\/\/www.batxilleratgranes.com\/es\/#\/schema\/logo\/image\/"}},{"@type":"Person","@id":"https:\/\/www.batxilleratgranes.com\/es\/#\/schema\/person\/4e10f231f79e8e2d24629e02b8283201","name":"mireia.martinez","image":{"@type":"ImageObject","inLanguage":"es","@id":"https:\/\/www.batxilleratgranes.com\/es\/#\/schema\/person\/image\/","url":"https:\/\/secure.gravatar.com\/avatar\/8c952e346979fb1eaf89bbc4dfda29f0?s=96&d=mm&r=g","contentUrl":"https:\/\/secure.gravatar.com\/avatar\/8c952e346979fb1eaf89bbc4dfda29f0?s=96&d=mm&r=g","caption":"mireia.martinez"},"url":"https:\/\/www.batxilleratgranes.com\/es\/author\/mireia-martinez\/"}]}},"_links":{"self":[{"href":"https:\/\/www.batxilleratgranes.com\/es\/wp-json\/wp\/v2\/posts\/19496"}],"collection":[{"href":"https:\/\/www.batxilleratgranes.com\/es\/wp-json\/wp\/v2\/posts"}],"about":[{"href":"https:\/\/www.batxilleratgranes.com\/es\/wp-json\/wp\/v2\/types\/post"}],"author":[{"embeddable":true,"href":"https:\/\/www.batxilleratgranes.com\/es\/wp-json\/wp\/v2\/users\/5"}],"replies":[{"embeddable":true,"href":"https:\/\/www.batxilleratgranes.com\/es\/wp-json\/wp\/v2\/comments?post=19496"}],"version-history":[{"count":6,"href":"https:\/\/www.batxilleratgranes.com\/es\/wp-json\/wp\/v2\/posts\/19496\/revisions"}],"predecessor-version":[{"id":19513,"href":"https:\/\/www.batxilleratgranes.com\/es\/wp-json\/wp\/v2\/posts\/19496\/revisions\/19513"}],"wp:featuredmedia":[{"embeddable":true,"href":"https:\/\/www.batxilleratgranes.com\/es\/wp-json\/wp\/v2\/media\/19509"}],"wp:attachment":[{"href":"https:\/\/www.batxilleratgranes.com\/es\/wp-json\/wp\/v2\/media?parent=19496"}],"wp:term":[{"taxonomy":"category","embeddable":true,"href":"https:\/\/www.batxilleratgranes.com\/es\/wp-json\/wp\/v2\/categories?post=19496"},{"taxonomy":"post_tag","embeddable":true,"href":"https:\/\/www.batxilleratgranes.com\/es\/wp-json\/wp\/v2\/tags?post=19496"}],"curies":[{"name":"wp","href":"https:\/\/api.w.org\/{rel}","templated":true}]}}