{"id":19560,"date":"2019-12-13T15:58:28","date_gmt":"2019-12-13T15:58:28","guid":{"rendered":"https:\/\/www.batxilleratgranes.com\/?p=19560"},"modified":"2019-12-16T13:02:10","modified_gmt":"2019-12-16T13:02:10","slug":"jornada-de-portes-obertes-a-enti-ub","status":"publish","type":"post","link":"https:\/\/www.batxilleratgranes.com\/es\/jornada-de-portes-obertes-a-enti-ub\/","title":{"rendered":"Jornada de portes obertes a ENTI-UB"},"content":{"rendered":"\n<p>Ahir, els pares dels alumnes de l&#8217;itinerari en <strong><a href=\"https:\/\/www.batxilleratgranes.com\/batxillerat-tecnologia\">Noves Tecnologies Interactives (NTI)<\/a>&nbsp;<\/strong>de primer de Batxillerat van poder gaudir d&#8217;una <strong>classe oberta<\/strong> a les instal\u00b7lacions d&#8217;<strong><a href=\"https:\/\/enti.cat\/\">ENTI-UB,<\/a><\/strong> la Universitat del Videojoc. En aquesta jornada, els familiars van poder observar algunes de les activitats que estan fent els alumnes dins del marc del projecte de col\u00b7laboraci\u00f3 amb aquesta facultat.<\/p>\n\n\n\n<div class=\"wp-block-image\"><figure class=\"aligncenter is-resized\"><img loading=\"lazy\" decoding=\"async\" src=\"https:\/\/www.batxilleratgranes.com\/wp-content\/uploads\/2019\/12\/PC120280-1024x768.jpg\" alt=\"\" class=\"wp-image-19631\" width=\"768\" height=\"576\" srcset=\"https:\/\/www.batxilleratgranes.com\/wp-content\/uploads\/2019\/12\/PC120280-1024x768.jpg 1024w, https:\/\/www.batxilleratgranes.com\/wp-content\/uploads\/2019\/12\/PC120280-300x225.jpg 300w, https:\/\/www.batxilleratgranes.com\/wp-content\/uploads\/2019\/12\/PC120280-768x576.jpg 768w, https:\/\/www.batxilleratgranes.com\/wp-content\/uploads\/2019\/12\/PC120280-650x488.jpg 650w, https:\/\/www.batxilleratgranes.com\/wp-content\/uploads\/2019\/12\/PC120280-960x720.jpg 960w, https:\/\/www.batxilleratgranes.com\/wp-content\/uploads\/2019\/12\/PC120280-1000x750.jpg 1000w, https:\/\/www.batxilleratgranes.com\/wp-content\/uploads\/2019\/12\/PC120280.jpg 1200w\" sizes=\"(max-width: 768px) 100vw, 768px\" \/><\/figure><\/div>\n\n\n\n<div class=\"wp-block-image\"><figure class=\"aligncenter is-resized\"><img loading=\"lazy\" decoding=\"async\" src=\"https:\/\/www.batxilleratgranes.com\/wp-content\/uploads\/2019\/12\/PC120288-1024x768.jpg\" alt=\"\" class=\"wp-image-19633\" width=\"768\" height=\"576\" srcset=\"https:\/\/www.batxilleratgranes.com\/wp-content\/uploads\/2019\/12\/PC120288-1024x768.jpg 1024w, https:\/\/www.batxilleratgranes.com\/wp-content\/uploads\/2019\/12\/PC120288-300x225.jpg 300w, https:\/\/www.batxilleratgranes.com\/wp-content\/uploads\/2019\/12\/PC120288-768x576.jpg 768w, https:\/\/www.batxilleratgranes.com\/wp-content\/uploads\/2019\/12\/PC120288-650x488.jpg 650w, https:\/\/www.batxilleratgranes.com\/wp-content\/uploads\/2019\/12\/PC120288-960x720.jpg 960w, https:\/\/www.batxilleratgranes.com\/wp-content\/uploads\/2019\/12\/PC120288-1000x750.jpg 1000w, https:\/\/www.batxilleratgranes.com\/wp-content\/uploads\/2019\/12\/PC120288.jpg 1200w\" sizes=\"(max-width: 768px) 100vw, 768px\" \/><\/figure><\/div>\n\n\n\n<p>Durant la sessi\u00f3, que va estar condu\u00efda pel professor de la mat\u00e8ria <strong>Eduard Arnau<\/strong>, els alumnes van oferir un tastet dels projectes que estan duent a terme. A partir d&#8217;aquesta base que estan adquirint, durant la segona part de l&#8217;assignatura desenvoluparan un <strong>projecte<\/strong> que exposaran a final de curs.<\/p>\n\n\n\n<div class=\"wp-block-image\"><figure class=\"aligncenter is-resized\"><img loading=\"lazy\" decoding=\"async\" src=\"https:\/\/www.batxilleratgranes.com\/wp-content\/uploads\/2019\/12\/PC120253-1024x768.jpg\" alt=\"\" class=\"wp-image-19632\" width=\"768\" height=\"576\" srcset=\"https:\/\/www.batxilleratgranes.com\/wp-content\/uploads\/2019\/12\/PC120253-1024x768.jpg 1024w, https:\/\/www.batxilleratgranes.com\/wp-content\/uploads\/2019\/12\/PC120253-300x225.jpg 300w, https:\/\/www.batxilleratgranes.com\/wp-content\/uploads\/2019\/12\/PC120253-768x576.jpg 768w, https:\/\/www.batxilleratgranes.com\/wp-content\/uploads\/2019\/12\/PC120253-650x488.jpg 650w, https:\/\/www.batxilleratgranes.com\/wp-content\/uploads\/2019\/12\/PC120253-960x720.jpg 960w, https:\/\/www.batxilleratgranes.com\/wp-content\/uploads\/2019\/12\/PC120253-1000x750.jpg 1000w, https:\/\/www.batxilleratgranes.com\/wp-content\/uploads\/2019\/12\/PC120253.jpg 1200w\" sizes=\"(max-width: 768px) 100vw, 768px\" \/><\/figure><\/div>\n\n\n\n<p style=\"text-align:center\"><strong>Aqu\u00ed podeu veure un petit v\u00eddeo de la jornada.<\/strong><\/p>\n\n\n\n<figure class=\"wp-block-embed-youtube wp-block-embed is-type-video is-provider-youtube wp-embed-aspect-16-9 wp-has-aspect-ratio\"><div class=\"wp-block-embed__wrapper\">\n<div class=\"nv-iframe-embed\"><iframe loading=\"lazy\" title=\"Jornada de portes obertes a ENTI-UB\" width=\"1200\" height=\"675\" src=\"https:\/\/www.youtube.com\/embed\/v0tQ56aE3P0?feature=oembed\" frameborder=\"0\" allow=\"accelerometer; autoplay; clipboard-write; encrypted-media; gyroscope; picture-in-picture\" allowfullscreen><\/iframe><\/div>\n<\/div><\/figure>\n\n\n\n<p><\/p>\n","protected":false},"excerpt":{"rendered":"<p>Ahir, els pares dels alumnes de l&#8217;itinerari en Noves Tecnologies Interactives (NTI)&nbsp;de primer de Batxillerat van poder gaudir d&#8217;una classe oberta a les instal\u00b7lacions d&#8217;ENTI-UB, la Universitat del Videojoc. En aquesta jornada, els familiars van poder observar algunes de les activitats que estan fent els alumnes dins del marc del projecte de col\u00b7laboraci\u00f3 amb aquesta&hellip;&nbsp;<a href=\"https:\/\/www.batxilleratgranes.com\/es\/jornada-de-portes-obertes-a-enti-ub\/\" class=\"\" rel=\"bookmark\">Read More &raquo;<span class=\"screen-reader-text\">Jornada de portes obertes a ENTI-UB<\/span><\/a><\/p>\n","protected":false},"author":5,"featured_media":19634,"comment_status":"open","ping_status":"open","sticky":false,"template":"","format":"standard","meta":{"neve_meta_sidebar":"","neve_meta_container":"","neve_meta_enable_content_width":"","neve_meta_content_width":0,"neve_meta_title_alignment":"","neve_meta_author_avatar":"","neve_post_elements_order":"","neve_meta_disable_header":"","neve_meta_disable_footer":"","neve_meta_disable_title":"","footnotes":""},"categories":[7],"tags":[22,484,899,35,825,898,481],"class_list":["post-19560","post","type-post","status-publish","format-standard","has-post-thumbnail","hentry","category-centre-batxillerat-granes","tag-batxillerat","tag-batxillerat-tecnologic","tag-batxilletat-per-projectes","tag-granes-batxillerat","tag-noves-tecnologies-interactives","tag-portes-obertes-enti-ub","tag-videojocs"],"yoast_head":"<!-- This site is optimized with the Yoast SEO plugin v23.4 - https:\/\/yoast.com\/wordpress\/plugins\/seo\/ -->\n<title>Jornada de portes obertes a ENTI-UB - Gran\u00e9s Batxillerat - Escuela especializada en Bachillerato en Barcelona<\/title>\n<meta name=\"robots\" content=\"index, follow, max-snippet:-1, max-image-preview:large, max-video-preview:-1\" \/>\n<link rel=\"canonical\" href=\"https:\/\/www.batxilleratgranes.com\/es\/jornada-de-portes-obertes-a-enti-ub\/\" \/>\n<meta property=\"og:locale\" content=\"es_ES\" \/>\n<meta property=\"og:type\" content=\"article\" \/>\n<meta property=\"og:title\" content=\"Jornada de portes obertes a ENTI-UB - Gran\u00e9s Batxillerat - Escuela especializada en Bachillerato en Barcelona\" \/>\n<meta property=\"og:description\" content=\"Ahir, els pares dels alumnes de l&#8217;itinerari en Noves Tecnologies Interactives (NTI)&nbsp;de primer de Batxillerat van poder gaudir d&#8217;una classe oberta a les instal\u00b7lacions d&#8217;ENTI-UB, la Universitat del Videojoc. En aquesta jornada, els familiars van poder observar algunes de les activitats que estan fent els alumnes dins del marc del projecte de col\u00b7laboraci\u00f3 amb aquesta&hellip;&nbsp;Read More &raquo;Jornada de portes obertes a ENTI-UB\" \/>\n<meta property=\"og:url\" content=\"https:\/\/www.batxilleratgranes.com\/es\/jornada-de-portes-obertes-a-enti-ub\/\" \/>\n<meta property=\"og:site_name\" content=\"Gran\u00e9s Batxillerat - Escuela especializada en Bachillerato en Barcelona\" \/>\n<meta property=\"article:published_time\" content=\"2019-12-13T15:58:28+00:00\" \/>\n<meta property=\"article:modified_time\" content=\"2019-12-16T13:02:10+00:00\" \/>\n<meta property=\"og:image\" content=\"https:\/\/www.batxilleratgranes.com\/wp-content\/uploads\/2019\/12\/PC120260.jpg\" \/>\n\t<meta property=\"og:image:width\" content=\"1200\" \/>\n\t<meta property=\"og:image:height\" content=\"900\" \/>\n\t<meta property=\"og:image:type\" content=\"image\/jpeg\" \/>\n<meta name=\"author\" content=\"mireia.martinez\" \/>\n<meta name=\"twitter:card\" content=\"summary_large_image\" \/>\n<meta name=\"twitter:label1\" content=\"Written by\" \/>\n\t<meta name=\"twitter:data1\" content=\"mireia.martinez\" \/>\n\t<meta name=\"twitter:label2\" content=\"Est. reading time\" \/>\n\t<meta name=\"twitter:data2\" content=\"1 minute\" \/>\n<script type=\"application\/ld+json\" class=\"yoast-schema-graph\">{\"@context\":\"https:\/\/schema.org\",\"@graph\":[{\"@type\":\"Article\",\"@id\":\"https:\/\/www.batxilleratgranes.com\/es\/jornada-de-portes-obertes-a-enti-ub\/#article\",\"isPartOf\":{\"@id\":\"https:\/\/www.batxilleratgranes.com\/es\/jornada-de-portes-obertes-a-enti-ub\/\"},\"author\":{\"name\":\"mireia.martinez\",\"@id\":\"https:\/\/www.batxilleratgranes.com\/es\/#\/schema\/person\/4e10f231f79e8e2d24629e02b8283201\"},\"headline\":\"Jornada de portes obertes a ENTI-UB\",\"datePublished\":\"2019-12-13T15:58:28+00:00\",\"dateModified\":\"2019-12-16T13:02:10+00:00\",\"mainEntityOfPage\":{\"@id\":\"https:\/\/www.batxilleratgranes.com\/es\/jornada-de-portes-obertes-a-enti-ub\/\"},\"wordCount\":139,\"commentCount\":0,\"publisher\":{\"@id\":\"https:\/\/www.batxilleratgranes.com\/es\/#organization\"},\"image\":{\"@id\":\"https:\/\/www.batxilleratgranes.com\/es\/jornada-de-portes-obertes-a-enti-ub\/#primaryimage\"},\"thumbnailUrl\":\"https:\/\/www.batxilleratgranes.com\/wp-content\/uploads\/2019\/12\/PC120260.jpg\",\"keywords\":[\"Batxillerat\",\"Batxillerat Tecnol\u00f2gic\",\"Batxilletat per projectes\",\"Gran\u00e9s Batxillerat\",\"Noves TEcnologies Interactives\",\"Portes Obertes ENTI-UB\",\"Videojocs\"],\"articleSection\":[\"Activitats Gran\u00e9s\"],\"inLanguage\":\"es\",\"potentialAction\":[{\"@type\":\"CommentAction\",\"name\":\"Comment\",\"target\":[\"https:\/\/www.batxilleratgranes.com\/es\/jornada-de-portes-obertes-a-enti-ub\/#respond\"]}]},{\"@type\":\"WebPage\",\"@id\":\"https:\/\/www.batxilleratgranes.com\/es\/jornada-de-portes-obertes-a-enti-ub\/\",\"url\":\"https:\/\/www.batxilleratgranes.com\/es\/jornada-de-portes-obertes-a-enti-ub\/\",\"name\":\"Jornada de portes obertes a ENTI-UB - Gran\u00e9s Batxillerat - Escuela especializada en Bachillerato en Barcelona\",\"isPartOf\":{\"@id\":\"https:\/\/www.batxilleratgranes.com\/es\/#website\"},\"primaryImageOfPage\":{\"@id\":\"https:\/\/www.batxilleratgranes.com\/es\/jornada-de-portes-obertes-a-enti-ub\/#primaryimage\"},\"image\":{\"@id\":\"https:\/\/www.batxilleratgranes.com\/es\/jornada-de-portes-obertes-a-enti-ub\/#primaryimage\"},\"thumbnailUrl\":\"https:\/\/www.batxilleratgranes.com\/wp-content\/uploads\/2019\/12\/PC120260.jpg\",\"datePublished\":\"2019-12-13T15:58:28+00:00\",\"dateModified\":\"2019-12-16T13:02:10+00:00\",\"breadcrumb\":{\"@id\":\"https:\/\/www.batxilleratgranes.com\/es\/jornada-de-portes-obertes-a-enti-ub\/#breadcrumb\"},\"inLanguage\":\"es\",\"potentialAction\":[{\"@type\":\"ReadAction\",\"target\":[\"https:\/\/www.batxilleratgranes.com\/es\/jornada-de-portes-obertes-a-enti-ub\/\"]}]},{\"@type\":\"ImageObject\",\"inLanguage\":\"es\",\"@id\":\"https:\/\/www.batxilleratgranes.com\/es\/jornada-de-portes-obertes-a-enti-ub\/#primaryimage\",\"url\":\"https:\/\/www.batxilleratgranes.com\/wp-content\/uploads\/2019\/12\/PC120260.jpg\",\"contentUrl\":\"https:\/\/www.batxilleratgranes.com\/wp-content\/uploads\/2019\/12\/PC120260.jpg\",\"width\":1200,\"height\":900,\"caption\":\"Jornada de Portes Obertes a ENTI-UB\"},{\"@type\":\"BreadcrumbList\",\"@id\":\"https:\/\/www.batxilleratgranes.com\/es\/jornada-de-portes-obertes-a-enti-ub\/#breadcrumb\",\"itemListElement\":[{\"@type\":\"ListItem\",\"position\":1,\"name\":\"Inici\",\"item\":\"https:\/\/www.batxilleratgranes.com\/es\/\"},{\"@type\":\"ListItem\",\"position\":2,\"name\":\"Jornada de portes obertes a ENTI-UB\"}]},{\"@type\":\"WebSite\",\"@id\":\"https:\/\/www.batxilleratgranes.com\/es\/#website\",\"url\":\"https:\/\/www.batxilleratgranes.com\/es\/\",\"name\":\"Gran\u00e9s Batxillerat - Escuela especializada en Bachillerato en Barcelona\",\"description\":\"Escola especialitzada en Batxillerat a Barcelona\",\"publisher\":{\"@id\":\"https:\/\/www.batxilleratgranes.com\/es\/#organization\"},\"potentialAction\":[{\"@type\":\"SearchAction\",\"target\":{\"@type\":\"EntryPoint\",\"urlTemplate\":\"https:\/\/www.batxilleratgranes.com\/es\/?s={search_term_string}\"},\"query-input\":{\"@type\":\"PropertyValueSpecification\",\"valueRequired\":true,\"valueName\":\"search_term_string\"}}],\"inLanguage\":\"es\"},{\"@type\":\"Organization\",\"@id\":\"https:\/\/www.batxilleratgranes.com\/es\/#organization\",\"name\":\"Gran\u00e9s Batxillerat - Escuela especializada en Bachillerato en Barcelona\",\"url\":\"https:\/\/www.batxilleratgranes.com\/es\/\",\"logo\":{\"@type\":\"ImageObject\",\"inLanguage\":\"es\",\"@id\":\"https:\/\/www.batxilleratgranes.com\/es\/#\/schema\/logo\/image\/\",\"url\":\"https:\/\/www.batxilleratgranes.com\/wp-content\/uploads\/2013\/01\/granes1.png\",\"contentUrl\":\"https:\/\/www.batxilleratgranes.com\/wp-content\/uploads\/2013\/01\/granes1.png\",\"width\":292,\"height\":85,\"caption\":\"Gran\u00e9s Batxillerat - Escuela especializada en Bachillerato en Barcelona\"},\"image\":{\"@id\":\"https:\/\/www.batxilleratgranes.com\/es\/#\/schema\/logo\/image\/\"}},{\"@type\":\"Person\",\"@id\":\"https:\/\/www.batxilleratgranes.com\/es\/#\/schema\/person\/4e10f231f79e8e2d24629e02b8283201\",\"name\":\"mireia.martinez\",\"image\":{\"@type\":\"ImageObject\",\"inLanguage\":\"es\",\"@id\":\"https:\/\/www.batxilleratgranes.com\/es\/#\/schema\/person\/image\/\",\"url\":\"https:\/\/secure.gravatar.com\/avatar\/8c952e346979fb1eaf89bbc4dfda29f0?s=96&d=mm&r=g\",\"contentUrl\":\"https:\/\/secure.gravatar.com\/avatar\/8c952e346979fb1eaf89bbc4dfda29f0?s=96&d=mm&r=g\",\"caption\":\"mireia.martinez\"},\"url\":\"https:\/\/www.batxilleratgranes.com\/es\/author\/mireia-martinez\/\"}]}<\/script>\n<!-- \/ Yoast SEO plugin. -->","yoast_head_json":{"title":"Jornada de portes obertes a ENTI-UB - Gran\u00e9s Batxillerat - Escuela especializada en Bachillerato en Barcelona","robots":{"index":"index","follow":"follow","max-snippet":"max-snippet:-1","max-image-preview":"max-image-preview:large","max-video-preview":"max-video-preview:-1"},"canonical":"https:\/\/www.batxilleratgranes.com\/es\/jornada-de-portes-obertes-a-enti-ub\/","og_locale":"es_ES","og_type":"article","og_title":"Jornada de portes obertes a ENTI-UB - Gran\u00e9s Batxillerat - Escuela especializada en Bachillerato en Barcelona","og_description":"Ahir, els pares dels alumnes de l&#8217;itinerari en Noves Tecnologies Interactives (NTI)&nbsp;de primer de Batxillerat van poder gaudir d&#8217;una classe oberta a les instal\u00b7lacions d&#8217;ENTI-UB, la Universitat del Videojoc. En aquesta jornada, els familiars van poder observar algunes de les activitats que estan fent els alumnes dins del marc del projecte de col\u00b7laboraci\u00f3 amb aquesta&hellip;&nbsp;Read More &raquo;Jornada de portes obertes a ENTI-UB","og_url":"https:\/\/www.batxilleratgranes.com\/es\/jornada-de-portes-obertes-a-enti-ub\/","og_site_name":"Gran\u00e9s Batxillerat - Escuela especializada en Bachillerato en Barcelona","article_published_time":"2019-12-13T15:58:28+00:00","article_modified_time":"2019-12-16T13:02:10+00:00","og_image":[{"width":1200,"height":900,"url":"https:\/\/www.batxilleratgranes.com\/wp-content\/uploads\/2019\/12\/PC120260.jpg","type":"image\/jpeg"}],"author":"mireia.martinez","twitter_card":"summary_large_image","twitter_misc":{"Written by":"mireia.martinez","Est. reading time":"1 minute"},"schema":{"@context":"https:\/\/schema.org","@graph":[{"@type":"Article","@id":"https:\/\/www.batxilleratgranes.com\/es\/jornada-de-portes-obertes-a-enti-ub\/#article","isPartOf":{"@id":"https:\/\/www.batxilleratgranes.com\/es\/jornada-de-portes-obertes-a-enti-ub\/"},"author":{"name":"mireia.martinez","@id":"https:\/\/www.batxilleratgranes.com\/es\/#\/schema\/person\/4e10f231f79e8e2d24629e02b8283201"},"headline":"Jornada de portes obertes a ENTI-UB","datePublished":"2019-12-13T15:58:28+00:00","dateModified":"2019-12-16T13:02:10+00:00","mainEntityOfPage":{"@id":"https:\/\/www.batxilleratgranes.com\/es\/jornada-de-portes-obertes-a-enti-ub\/"},"wordCount":139,"commentCount":0,"publisher":{"@id":"https:\/\/www.batxilleratgranes.com\/es\/#organization"},"image":{"@id":"https:\/\/www.batxilleratgranes.com\/es\/jornada-de-portes-obertes-a-enti-ub\/#primaryimage"},"thumbnailUrl":"https:\/\/www.batxilleratgranes.com\/wp-content\/uploads\/2019\/12\/PC120260.jpg","keywords":["Batxillerat","Batxillerat Tecnol\u00f2gic","Batxilletat per projectes","Gran\u00e9s Batxillerat","Noves TEcnologies Interactives","Portes Obertes ENTI-UB","Videojocs"],"articleSection":["Activitats Gran\u00e9s"],"inLanguage":"es","potentialAction":[{"@type":"CommentAction","name":"Comment","target":["https:\/\/www.batxilleratgranes.com\/es\/jornada-de-portes-obertes-a-enti-ub\/#respond"]}]},{"@type":"WebPage","@id":"https:\/\/www.batxilleratgranes.com\/es\/jornada-de-portes-obertes-a-enti-ub\/","url":"https:\/\/www.batxilleratgranes.com\/es\/jornada-de-portes-obertes-a-enti-ub\/","name":"Jornada de portes obertes a ENTI-UB - Gran\u00e9s Batxillerat - Escuela especializada en Bachillerato en Barcelona","isPartOf":{"@id":"https:\/\/www.batxilleratgranes.com\/es\/#website"},"primaryImageOfPage":{"@id":"https:\/\/www.batxilleratgranes.com\/es\/jornada-de-portes-obertes-a-enti-ub\/#primaryimage"},"image":{"@id":"https:\/\/www.batxilleratgranes.com\/es\/jornada-de-portes-obertes-a-enti-ub\/#primaryimage"},"thumbnailUrl":"https:\/\/www.batxilleratgranes.com\/wp-content\/uploads\/2019\/12\/PC120260.jpg","datePublished":"2019-12-13T15:58:28+00:00","dateModified":"2019-12-16T13:02:10+00:00","breadcrumb":{"@id":"https:\/\/www.batxilleratgranes.com\/es\/jornada-de-portes-obertes-a-enti-ub\/#breadcrumb"},"inLanguage":"es","potentialAction":[{"@type":"ReadAction","target":["https:\/\/www.batxilleratgranes.com\/es\/jornada-de-portes-obertes-a-enti-ub\/"]}]},{"@type":"ImageObject","inLanguage":"es","@id":"https:\/\/www.batxilleratgranes.com\/es\/jornada-de-portes-obertes-a-enti-ub\/#primaryimage","url":"https:\/\/www.batxilleratgranes.com\/wp-content\/uploads\/2019\/12\/PC120260.jpg","contentUrl":"https:\/\/www.batxilleratgranes.com\/wp-content\/uploads\/2019\/12\/PC120260.jpg","width":1200,"height":900,"caption":"Jornada de Portes Obertes a ENTI-UB"},{"@type":"BreadcrumbList","@id":"https:\/\/www.batxilleratgranes.com\/es\/jornada-de-portes-obertes-a-enti-ub\/#breadcrumb","itemListElement":[{"@type":"ListItem","position":1,"name":"Inici","item":"https:\/\/www.batxilleratgranes.com\/es\/"},{"@type":"ListItem","position":2,"name":"Jornada de portes obertes a ENTI-UB"}]},{"@type":"WebSite","@id":"https:\/\/www.batxilleratgranes.com\/es\/#website","url":"https:\/\/www.batxilleratgranes.com\/es\/","name":"Gran\u00e9s Batxillerat - Escuela especializada en Bachillerato en Barcelona","description":"Escola especialitzada en Batxillerat a Barcelona","publisher":{"@id":"https:\/\/www.batxilleratgranes.com\/es\/#organization"},"potentialAction":[{"@type":"SearchAction","target":{"@type":"EntryPoint","urlTemplate":"https:\/\/www.batxilleratgranes.com\/es\/?s={search_term_string}"},"query-input":{"@type":"PropertyValueSpecification","valueRequired":true,"valueName":"search_term_string"}}],"inLanguage":"es"},{"@type":"Organization","@id":"https:\/\/www.batxilleratgranes.com\/es\/#organization","name":"Gran\u00e9s Batxillerat - Escuela especializada en Bachillerato en Barcelona","url":"https:\/\/www.batxilleratgranes.com\/es\/","logo":{"@type":"ImageObject","inLanguage":"es","@id":"https:\/\/www.batxilleratgranes.com\/es\/#\/schema\/logo\/image\/","url":"https:\/\/www.batxilleratgranes.com\/wp-content\/uploads\/2013\/01\/granes1.png","contentUrl":"https:\/\/www.batxilleratgranes.com\/wp-content\/uploads\/2013\/01\/granes1.png","width":292,"height":85,"caption":"Gran\u00e9s Batxillerat - Escuela especializada en Bachillerato en Barcelona"},"image":{"@id":"https:\/\/www.batxilleratgranes.com\/es\/#\/schema\/logo\/image\/"}},{"@type":"Person","@id":"https:\/\/www.batxilleratgranes.com\/es\/#\/schema\/person\/4e10f231f79e8e2d24629e02b8283201","name":"mireia.martinez","image":{"@type":"ImageObject","inLanguage":"es","@id":"https:\/\/www.batxilleratgranes.com\/es\/#\/schema\/person\/image\/","url":"https:\/\/secure.gravatar.com\/avatar\/8c952e346979fb1eaf89bbc4dfda29f0?s=96&d=mm&r=g","contentUrl":"https:\/\/secure.gravatar.com\/avatar\/8c952e346979fb1eaf89bbc4dfda29f0?s=96&d=mm&r=g","caption":"mireia.martinez"},"url":"https:\/\/www.batxilleratgranes.com\/es\/author\/mireia-martinez\/"}]}},"_links":{"self":[{"href":"https:\/\/www.batxilleratgranes.com\/es\/wp-json\/wp\/v2\/posts\/19560"}],"collection":[{"href":"https:\/\/www.batxilleratgranes.com\/es\/wp-json\/wp\/v2\/posts"}],"about":[{"href":"https:\/\/www.batxilleratgranes.com\/es\/wp-json\/wp\/v2\/types\/post"}],"author":[{"embeddable":true,"href":"https:\/\/www.batxilleratgranes.com\/es\/wp-json\/wp\/v2\/users\/5"}],"replies":[{"embeddable":true,"href":"https:\/\/www.batxilleratgranes.com\/es\/wp-json\/wp\/v2\/comments?post=19560"}],"version-history":[{"count":8,"href":"https:\/\/www.batxilleratgranes.com\/es\/wp-json\/wp\/v2\/posts\/19560\/revisions"}],"predecessor-version":[{"id":19635,"href":"https:\/\/www.batxilleratgranes.com\/es\/wp-json\/wp\/v2\/posts\/19560\/revisions\/19635"}],"wp:featuredmedia":[{"embeddable":true,"href":"https:\/\/www.batxilleratgranes.com\/es\/wp-json\/wp\/v2\/media\/19634"}],"wp:attachment":[{"href":"https:\/\/www.batxilleratgranes.com\/es\/wp-json\/wp\/v2\/media?parent=19560"}],"wp:term":[{"taxonomy":"category","embeddable":true,"href":"https:\/\/www.batxilleratgranes.com\/es\/wp-json\/wp\/v2\/categories?post=19560"},{"taxonomy":"post_tag","embeddable":true,"href":"https:\/\/www.batxilleratgranes.com\/es\/wp-json\/wp\/v2\/tags?post=19560"}],"curies":[{"name":"wp","href":"https:\/\/api.w.org\/{rel}","templated":true}]}}