{"id":21106,"date":"2020-03-26T15:40:27","date_gmt":"2020-03-26T15:40:27","guid":{"rendered":"https:\/\/www.batxilleratgranes.com\/?p=21106"},"modified":"2020-03-30T12:50:20","modified_gmt":"2020-03-30T12:50:20","slug":"no-pots-explicar-una-historia-si-no-tens-formacio-en-humanitats","status":"publish","type":"post","link":"https:\/\/www.batxilleratgranes.com\/es\/no-pots-explicar-una-historia-si-no-tens-formacio-en-humanitats\/","title":{"rendered":"&#8220;No pots explicar una hist\u00f2ria si no tens formaci\u00f3 en humanitats&#8221;"},"content":{"rendered":"\n<h3 class=\"wp-block-heading\">Entrevista a Tolo Moya, Director de Comunicaci\u00f3 i M\u00e0rqueting a la Facultat de Comunicaci\u00f3 i Relacions Internacionals Blanquerna<\/h3>\n\n\n\n<div class=\"wp-block-image\"><figure class=\"aligncenter size-large\"><img loading=\"lazy\" decoding=\"async\" width=\"766\" height=\"485\" src=\"https:\/\/www.batxilleratgranes.com\/wp-content\/uploads\/2020\/03\/Tolo-1.jpg\" alt=\"\" class=\"wp-image-22161\" srcset=\"https:\/\/www.batxilleratgranes.com\/wp-content\/uploads\/2020\/03\/Tolo-1.jpg 766w, https:\/\/www.batxilleratgranes.com\/wp-content\/uploads\/2020\/03\/Tolo-1-300x190.jpg 300w, https:\/\/www.batxilleratgranes.com\/wp-content\/uploads\/2020\/03\/Tolo-1-650x412.jpg 650w\" sizes=\"(max-width: 766px) 100vw, 766px\" \/><\/figure><\/div>\n\n\n\n<p><strong>Fa un temps estava dins de les Ci\u00e8ncies de la Informaci\u00f3 i ara \u00e9s un grau propi, com ha evolucionat la carrera de Comunicaci\u00f3 Audiovisual al llarg dels anys?<\/strong><\/p>\n\n\n\n<p><em>Fins ara, les sortides m\u00e9s cl\u00e0ssiques d&#8217;aquesta carrera eren el cinema o la televisi\u00f3, per\u00f2 ara, amb el m\u00f3n digital, s&#8217;ha obert un ventall molt gran. A m\u00e9s, ara ja no nom\u00e9s es d\u00f3na import\u00e0ncia a la Direcci\u00f3, sin\u00f3 que cada cop \u00e9s m\u00e9s important el gui\u00f3. Es d\u00f3na molt de valor a escriure bons guions. Per aix\u00f2 nosaltres valorem tamb\u00e9 molt les humanitats, saber qu\u00e8 passa al m\u00f3n. No pots explicar una hist\u00f2ria si no tens una formaci\u00f3 en humanitats. Qualsevol persona que escrigui llibres, que faci literatura, t\u00e9 un bon coneixement de les humanitats.<\/em><\/p>\n\n\n\n<p><strong>Vols dir que ara no \u00e9s una formaci\u00f3 tan t\u00e8cnica?<\/strong><\/p>\n\n\n\n<p><em>Potser abans s\u00ed que era m\u00e9s t\u00e8cnica, per\u00f2 ara, com deia, tenen un pes destacat les humanitats. Utilitzar una c\u00e0mera ho pots aprendre despr\u00e9s, per\u00f2 hi ha una part important tamb\u00e9 de saber explicar bones hist\u00f2ries. <\/em><\/p>\n\n\n\n<p><strong>I quines caracter\u00edstiques principals t\u00e9 aquest grau? <\/strong><\/p>\n\n\n\n<p><em>El primer any , els estudiants ho toquen i despr\u00e9s ja poden triar el que m\u00e9s els agrada. A l&#8217;\u00faltim any, \u00e9s quan fas les assignatures que estan m\u00e9s enfocades a Publicitat, Relacions P\u00fabliques o el M\u00e0rqueting, fins i tot.  Nosaltres incloem el cinema tamb\u00e9 dins d&#8217;aquest grau. <\/em> <em>Aix\u00ed, si al final t&#8217;agrada direcci\u00f3 de cine, pots acabar especialitzant-te en aix\u00f2. Per a nosaltres tot \u00e9s comunicaci\u00f3 audiovisual. Fins i tot, si al tercer any t&#8217;interessa la publicitat, pots comen\u00e7ar a fer-ne assignatures d&#8217;aquest tipus. De fet, hi ha una especialitat que \u00e9s Comunicaci\u00f3 Audiovisual enfocada a anuncis. Aix\u00ed, pots fer els quatre anys de Comunicaci\u00f3 Audiovisual i, despr\u00e9s, amb un any m\u00e9s fer Publicitat i tenir dues carreres en cinc anys. No \u00e9s un doble grau, per\u00f2, com moltes assignatures s\u00f3n comunes, ho pots fer.<\/em><\/p>\n\n\n\n<p><strong>S\u00f3n estudis cada cop m\u00e9s transversals doncs&#8230;<\/strong><\/p>\n\n\n\n<p><em>S\u00ed, intentem oferir una carrera que sigui aix\u00ed perqu\u00e8 avui en dia el m\u00f3n ho \u00e9s. Molta gent de Comunicaci\u00f3 Audiovisual ha acabat treballant com a periodista, a blogs, etc\u00e8tera.<\/em>  <\/p>\n\n\n\n<blockquote class=\"wp-block-quote is-layout-flow wp-block-quote-is-layout-flow\"><p> &#8220;<em>Ara ja no nom\u00e9s es d\u00f3na import\u00e0ncia a la direcci\u00f3 sin\u00f3 que cada cop \u00e9s m\u00e9s important el gui\u00f3.<\/em> <em>Per aix\u00f2 nosaltres valorem tamb\u00e9 molt la formaci\u00f3 en humanitats<\/em>.&#8221;<\/p><\/blockquote>\n\n\n\n<p><strong>Quin pes hi tenen les noves tecnologies en aquest grau?<\/strong><\/p>\n\n\n\n<p><em>\u00c9s important que la universitat tingui el material que utilitzar\u00e0s despr\u00e9s en el m\u00f3n laboral. Per\u00f2, a m\u00e9s, nosaltres hem incorporat a la carrera assignatures que t&#8217;ensenyen com utilitzar aquestes eines de comunicaci\u00f3 audiovisual en l&#8217;entorn digital. S&#8217;ha d&#8217;estar molt al dia de les noves tend\u00e8ncies.<\/em><\/p>\n\n\n\n<p><strong>Quines s\u00f3n les sortides professionals?<\/strong><\/p>\n\n\n\n<p><em>El cinema &#8211; i aqu\u00ed no nom\u00e9s parlem de direcci\u00f3, sin\u00f3 tamb\u00e9 de t\u00e8cnic de so, realitzaci\u00f3, televisi\u00f3, gui\u00f3&#8230; S&#8217;est\u00e0 comen\u00e7ant a veure que els guionistes tenen molta import\u00e0ncia en el producte audiovisual final. Pots anar a veure una pel\u00b7l\u00edcula de l&#8217;Spielberg que sigui molt bona i una altra que no en funci\u00f3 de la hist\u00f2ria que hi hagi al darrera, si est\u00e0 ben explicada o no; la direcci\u00f3 no ho \u00e9s tot. Per aix\u00f2, en  aquest grau, apostem per portar als nostres alumnes guionistes destacats i creadors de s\u00e8ries que saben explicar bones hist\u00f2ries.<\/em><\/p>\n\n\n\n<p><strong>Cada vegada hi ha m\u00e9s plataformes de televisi\u00f3 i les s\u00e8ries estan molt de moda&#8230;<\/strong><\/p>\n\n\n\n<p><em>Efectivament, ara s&#8217;est\u00e0 explotant molt aquest n\u00ednxol, i a m\u00e9s, s&#8217; ha de saber com funcionen aquestes plataformes. Netflix, per exemple, sap tot el que mires, quan fas pausa, quan trigues en mirar un cap\u00edtol, quines s\u00e8ries t&#8217;agraden m\u00e9s,&#8230;ho sap tot. Per tant, quan ha de produir una s\u00e8rie o una pel\u00b7l\u00edcula ho fa a trav\u00e9s d&#8217;aquests algoritmes i analitzant tota aquesta informaci\u00f3.<\/em><\/p>\n\n\n\n<blockquote class=\"wp-block-quote is-layout-flow wp-block-quote-is-layout-flow\"><p>&#8220;<em>Aquests s\u00f3n estudis cada cop m\u00e9s transversals  perqu\u00e8 avui en dia el m\u00f3n ho \u00e9s <\/em>.&#8221;<\/p><\/blockquote>\n\n\n\n<p><strong>En poc temps ha canviat molt el consum d&#8217;audiovisuals. Ja no es veu la televisi\u00f3 com abans.<\/strong><\/p>\n\n\n\n<p><em>Correcte, abans la gent mirava el posaven a la televisi\u00f3 i ara \u00e9s l&#8217;espectador qui decideix qu\u00e8 mira. L&#8217;espectador \u00e9s cada vegada m\u00e9s exigent tamb\u00e9. <\/em><\/p>\n\n\n\n<div class=\"wp-block-image\"><figure class=\"aligncenter size-large is-resized\"><img loading=\"lazy\" decoding=\"async\" src=\"https:\/\/www.batxilleratgranes.com\/wp-content\/uploads\/2020\/03\/Tolo-2.jpg\" alt=\"\" class=\"wp-image-22162\" width=\"607\" height=\"398\" srcset=\"https:\/\/www.batxilleratgranes.com\/wp-content\/uploads\/2020\/03\/Tolo-2.jpg 809w, https:\/\/www.batxilleratgranes.com\/wp-content\/uploads\/2020\/03\/Tolo-2-300x197.jpg 300w, https:\/\/www.batxilleratgranes.com\/wp-content\/uploads\/2020\/03\/Tolo-2-768x504.jpg 768w, https:\/\/www.batxilleratgranes.com\/wp-content\/uploads\/2020\/03\/Tolo-2-650x427.jpg 650w\" sizes=\"(max-width: 607px) 100vw, 607px\" \/><\/figure><\/div>\n\n\n\n<p><strong>A la mateixa facultat tamb\u00e9 s&#8217;imparteix el Grau en Publicitat, Relacions P\u00fabliques i M\u00e0rqueting. A quin tipus d&#8217;alumne s&#8217;adre\u00e7a?<\/strong><\/p>\n\n\n\n<p><em>S\u00f3n \u00e0rees interconnectades per\u00f2 a la vegada diferent.<\/em> <em>Amb M\u00e0rqueting pots treballar en una empresa, decidint estrat\u00e8gies de m\u00e0rqueting com ara quin preu tindr\u00e0 el producte, on tindrem les botigues, com seran, quins producte hi haur\u00e0 i quins no, si farem publicitat o no, quina ser\u00e0 la distribuci\u00f3 del producte&#8230; tot aix\u00f2 seran les estrat\u00e8gies de m\u00e0rqueting. Si aquesta empresa decideix fer publicitat haur\u00e0 de contactar amb una ag\u00e8ncia de publicitat externa que ser\u00e0 l&#8217;encarregada de fer la creativitat d&#8217;un anunci. Per cert que no \u00e9s el mateix ser una creatiu que un dissenyador. Un creatiu pot ser dissenyador, per\u00f2 un dissenyador no \u00e9s creatiu. Aix\u00f2 a vegades es confon, si nom\u00e9s fas disseny la teva feina ser\u00e0 la de plasmar sobre paper o ordinador all\u00f2 que et diu el creatiu. <\/em><\/p>\n\n\n\n<p><strong>Han de ser creatius els alumnes per treballar en publicitat?<\/strong><\/p>\n\n\n\n<p><em>No. En una ag\u00e8ncia publicit\u00e0ria hi ha el departament de creativitat, el de comptes i el de mitjans. El de comptes parla amb el client de quant costar\u00e0, el de mitjans decideix on es posar\u00e0 l&#8217;anunci, i el de creativitat, juntament amb el de comptes, decideix de qu\u00e8 anir\u00e0 la creativitat. Al fer la creativitat has de fer un altre proc\u00e9s que pots fer sense ser creatiu, que  \u00e9s l&#8217;estrat\u00e8gia:  mirar qui som, on estem i on volem anar. Despr\u00e9s ja ser\u00e0 el creatiu qui, plasmar\u00e0 en imatges o en el suport m\u00e9s convenient aquesta estrat\u00e8gia.<\/em><\/p>\n\n\n\n<p><strong>I aquest perfil m\u00e9s creatiu imagino que est\u00e0 molt buscat, oi?<\/strong><\/p>\n\n\n\n<p><em>En efecte! No \u00e9s obligatori que ho siguis per dedicar-te a aquest sector, per\u00f2 va molt buscat. <\/em><\/p>\n\n\n\n<p><strong>I es pot treballar?<\/strong><\/p>\n\n\n\n<p><em>I tant! A la nostra formaci\u00f3 hi ha dos seminaris -que s\u00f3n grups redu\u00efts d&#8217;alumnes amb un professor sis hores a la setmana &#8211; per treballar la creativitat. I \u00e9s que hi ha un proc\u00e9s a darrera molt important que et fa despr\u00e9s venir la idea.<\/em><\/p>\n\n\n\n<p><strong>I pel que fa a les Relacions P\u00fabliques?<\/strong><\/p>\n\n\n\n<p><em>El departament de m\u00e0rqueting tamb\u00e9 pot decidir que, enlloc de contactar amb una ag\u00e8ncia de publicitat per fer un anunci, vol fer una acci\u00f3 de Relacions P\u00fabliques i contractar\u00e0 una ag\u00e8ncia especialitzada en aquesta \u00e0rea. Aquesta es dedicar\u00e0 a estudiar quina \u00e9s la imatge que es vol donar de l&#8217;empresa, quin \u00e9s el p\u00fablic o p\u00fablics i, a partir d&#8217;aqu\u00ed, decidir\u00e0 quines accions fa per cadascun d&#8217;aquests. Tamb\u00e9 hi ha empreses que tenen aquest departament integrat a dins l&#8217;empresa com ara Nike o Red Bull, per exemple.<\/em><\/p>\n\n\n\n<blockquote class=\"wp-block-quote is-layout-flow wp-block-quote-is-layout-flow\"><p>&#8221; <em>Per treballar en aquest sector no \u00e9s obligatori ser creatiu, per\u00f2 s\u00ed que \u00e9s un perfil molt buscat .<\/em>&#8220;<\/p><\/blockquote>\n\n\n\n<p><strong>I com s\u00f3n aquests estudis a Blanquerna?<\/strong><\/p>\n\n\n\n<p><em>El primer any i mig estudies tot el que \u00e9s comunicaci\u00f3, teoria, humanitats i, despr\u00e9s, com en el cas del grau en Comunicaci\u00f3 Audiovisual, et vas especialitzant en all\u00f2 que m\u00e9s t&#8217;agrada. <\/em><\/p>\n\n\n\n<p><strong>Qu\u00e8 ha significat incloure el m\u00e0rqueting al grau de Publicitat i Relacions P\u00fabliques?<\/strong><\/p>\n\n\n\n<p><em>Com comentava, la Publicitat i les Relacions P\u00fabliques treballen directament amb el departament de m\u00e0rqueting. Moltes empreses on feien les pr\u00e0ctiques els nostres alumnes ens demanaven que tinguessin tamb\u00e9 formaci\u00f3 en m\u00e0rqueting. Abans tamb\u00e9 tenien aquests continguts dins la carrera, aix\u00ed que simplement hem canviat el nom<\/em>.<\/p>\n\n\n\n<p><strong>Podr\u00edem concloure, doncs, que la comunicaci\u00f3 \u00e9s un sector amb una gran projecci\u00f3 laboral<\/strong>?<\/p>\n\n\n\n<p><em>S\u00ed, pots fer comunicaci\u00f3 en molts \u00e0mbits, comunicaci\u00f3 de moda, comunicaci\u00f3 pol\u00edtica, en l&#8217;\u00e0rea de la salut, en turisme&#8230;. Pots treballar en comunicaci\u00f3 en all\u00f2 que m\u00e9s t&#8217;agradi. I aix\u00f2 crec que aix\u00f2 \u00e9s el m\u00e9s bonic.<\/em><\/p>\n\n\n\n<p> <\/p>\n","protected":false},"excerpt":{"rendered":"<p>Entrevista a Tolo Moya, Director de Comunicaci\u00f3 i M\u00e0rqueting a la Facultat de Comunicaci\u00f3 i Relacions Internacionals Blanquerna Fa un temps estava dins de les Ci\u00e8ncies de la Informaci\u00f3 i ara \u00e9s un grau propi, com ha evolucionat la carrera de Comunicaci\u00f3 Audiovisual al llarg dels anys? Fins ara, les sortides m\u00e9s cl\u00e0ssiques d&#8217;aquesta carrera&hellip;&nbsp;<a href=\"https:\/\/www.batxilleratgranes.com\/es\/no-pots-explicar-una-historia-si-no-tens-formacio-en-humanitats\/\" class=\"\" rel=\"bookmark\">Read More &raquo;<span class=\"screen-reader-text\">&#8220;No pots explicar una hist\u00f2ria si no tens formaci\u00f3 en humanitats&#8221;<\/span><\/a><\/p>\n","protected":false},"author":5,"featured_media":22167,"comment_status":"open","ping_status":"open","sticky":false,"template":"","format":"standard","meta":{"neve_meta_sidebar":"","neve_meta_container":"","neve_meta_enable_content_width":"","neve_meta_content_width":0,"neve_meta_title_alignment":"","neve_meta_author_avatar":"","neve_post_elements_order":"","neve_meta_disable_header":"","neve_meta_disable_footer":"","neve_meta_disable_title":"","footnotes":""},"categories":[7],"tags":[22,495,955,571,498,506,956,364,942],"class_list":["post-21106","post","type-post","status-publish","format-standard","has-post-thumbnail","hentry","category-centre-batxillerat-granes","tag-batxillerat","tag-blanquerna","tag-facultat-de-comunicacio-i-marqueting","tag-graus","tag-marqueting","tag-orientacio-professional","tag-tolo-moya","tag-universitats","tag-url"],"yoast_head":"<!-- This site is optimized with the Yoast SEO plugin v23.4 - https:\/\/yoast.com\/wordpress\/plugins\/seo\/ -->\n<title>&quot;No pots explicar una hist\u00f2ria si no tens formaci\u00f3 en humanitats&quot; - Gran\u00e9s Batxillerat - Escuela especializada en Bachillerato en Barcelona<\/title>\n<meta name=\"robots\" content=\"index, follow, max-snippet:-1, max-image-preview:large, max-video-preview:-1\" \/>\n<link rel=\"canonical\" href=\"https:\/\/www.batxilleratgranes.com\/es\/no-pots-explicar-una-historia-si-no-tens-formacio-en-humanitats\/\" \/>\n<meta property=\"og:locale\" content=\"es_ES\" \/>\n<meta property=\"og:type\" content=\"article\" \/>\n<meta property=\"og:title\" content=\"&quot;No pots explicar una hist\u00f2ria si no tens formaci\u00f3 en humanitats&quot; - Gran\u00e9s Batxillerat - Escuela especializada en Bachillerato en Barcelona\" \/>\n<meta property=\"og:description\" content=\"Entrevista a Tolo Moya, Director de Comunicaci\u00f3 i M\u00e0rqueting a la Facultat de Comunicaci\u00f3 i Relacions Internacionals Blanquerna Fa un temps estava dins de les Ci\u00e8ncies de la Informaci\u00f3 i ara \u00e9s un grau propi, com ha evolucionat la carrera de Comunicaci\u00f3 Audiovisual al llarg dels anys? Fins ara, les sortides m\u00e9s cl\u00e0ssiques d&#8217;aquesta carrera&hellip;&nbsp;Read More &raquo;&#8220;No pots explicar una hist\u00f2ria si no tens formaci\u00f3 en humanitats&#8221;\" \/>\n<meta property=\"og:url\" content=\"https:\/\/www.batxilleratgranes.com\/es\/no-pots-explicar-una-historia-si-no-tens-formacio-en-humanitats\/\" \/>\n<meta property=\"og:site_name\" content=\"Gran\u00e9s Batxillerat - Escuela especializada en Bachillerato en Barcelona\" \/>\n<meta property=\"article:published_time\" content=\"2020-03-26T15:40:27+00:00\" \/>\n<meta property=\"article:modified_time\" content=\"2020-03-30T12:50:20+00:00\" \/>\n<meta property=\"og:image\" content=\"https:\/\/www.batxilleratgranes.com\/wp-content\/uploads\/2020\/03\/Tolo-1-1.jpg\" \/>\n\t<meta property=\"og:image:width\" content=\"766\" \/>\n\t<meta property=\"og:image:height\" content=\"485\" \/>\n\t<meta property=\"og:image:type\" content=\"image\/jpeg\" \/>\n<meta name=\"author\" content=\"mireia.martinez\" \/>\n<meta name=\"twitter:card\" content=\"summary_large_image\" \/>\n<meta name=\"twitter:label1\" content=\"Written by\" \/>\n\t<meta name=\"twitter:data1\" content=\"mireia.martinez\" \/>\n\t<meta name=\"twitter:label2\" content=\"Est. reading time\" \/>\n\t<meta name=\"twitter:data2\" content=\"7 minutes\" \/>\n<script type=\"application\/ld+json\" class=\"yoast-schema-graph\">{\"@context\":\"https:\/\/schema.org\",\"@graph\":[{\"@type\":\"Article\",\"@id\":\"https:\/\/www.batxilleratgranes.com\/es\/no-pots-explicar-una-historia-si-no-tens-formacio-en-humanitats\/#article\",\"isPartOf\":{\"@id\":\"https:\/\/www.batxilleratgranes.com\/es\/no-pots-explicar-una-historia-si-no-tens-formacio-en-humanitats\/\"},\"author\":{\"name\":\"mireia.martinez\",\"@id\":\"https:\/\/www.batxilleratgranes.com\/es\/#\/schema\/person\/4e10f231f79e8e2d24629e02b8283201\"},\"headline\":\"&#8220;No pots explicar una hist\u00f2ria si no tens formaci\u00f3 en humanitats&#8221;\",\"datePublished\":\"2020-03-26T15:40:27+00:00\",\"dateModified\":\"2020-03-30T12:50:20+00:00\",\"mainEntityOfPage\":{\"@id\":\"https:\/\/www.batxilleratgranes.com\/es\/no-pots-explicar-una-historia-si-no-tens-formacio-en-humanitats\/\"},\"wordCount\":1442,\"commentCount\":0,\"publisher\":{\"@id\":\"https:\/\/www.batxilleratgranes.com\/es\/#organization\"},\"image\":{\"@id\":\"https:\/\/www.batxilleratgranes.com\/es\/no-pots-explicar-una-historia-si-no-tens-formacio-en-humanitats\/#primaryimage\"},\"thumbnailUrl\":\"https:\/\/www.batxilleratgranes.com\/wp-content\/uploads\/2020\/03\/Tolo-1-1.jpg\",\"keywords\":[\"Batxillerat\",\"Blanquerna\",\"Facultat de Comunicaci\u00f3 i M\u00e0rqueting\",\"Graus\",\"m\u00e0rqueting\",\"orientaci\u00f3 professional\",\"Tolo Moya\",\"universitats\",\"URL\"],\"articleSection\":[\"Activitats Gran\u00e9s\"],\"inLanguage\":\"es\",\"potentialAction\":[{\"@type\":\"CommentAction\",\"name\":\"Comment\",\"target\":[\"https:\/\/www.batxilleratgranes.com\/es\/no-pots-explicar-una-historia-si-no-tens-formacio-en-humanitats\/#respond\"]}]},{\"@type\":\"WebPage\",\"@id\":\"https:\/\/www.batxilleratgranes.com\/es\/no-pots-explicar-una-historia-si-no-tens-formacio-en-humanitats\/\",\"url\":\"https:\/\/www.batxilleratgranes.com\/es\/no-pots-explicar-una-historia-si-no-tens-formacio-en-humanitats\/\",\"name\":\"\\\"No pots explicar una hist\u00f2ria si no tens formaci\u00f3 en humanitats\\\" - Gran\u00e9s Batxillerat - Escuela especializada en Bachillerato en Barcelona\",\"isPartOf\":{\"@id\":\"https:\/\/www.batxilleratgranes.com\/es\/#website\"},\"primaryImageOfPage\":{\"@id\":\"https:\/\/www.batxilleratgranes.com\/es\/no-pots-explicar-una-historia-si-no-tens-formacio-en-humanitats\/#primaryimage\"},\"image\":{\"@id\":\"https:\/\/www.batxilleratgranes.com\/es\/no-pots-explicar-una-historia-si-no-tens-formacio-en-humanitats\/#primaryimage\"},\"thumbnailUrl\":\"https:\/\/www.batxilleratgranes.com\/wp-content\/uploads\/2020\/03\/Tolo-1-1.jpg\",\"datePublished\":\"2020-03-26T15:40:27+00:00\",\"dateModified\":\"2020-03-30T12:50:20+00:00\",\"breadcrumb\":{\"@id\":\"https:\/\/www.batxilleratgranes.com\/es\/no-pots-explicar-una-historia-si-no-tens-formacio-en-humanitats\/#breadcrumb\"},\"inLanguage\":\"es\",\"potentialAction\":[{\"@type\":\"ReadAction\",\"target\":[\"https:\/\/www.batxilleratgranes.com\/es\/no-pots-explicar-una-historia-si-no-tens-formacio-en-humanitats\/\"]}]},{\"@type\":\"ImageObject\",\"inLanguage\":\"es\",\"@id\":\"https:\/\/www.batxilleratgranes.com\/es\/no-pots-explicar-una-historia-si-no-tens-formacio-en-humanitats\/#primaryimage\",\"url\":\"https:\/\/www.batxilleratgranes.com\/wp-content\/uploads\/2020\/03\/Tolo-1-1.jpg\",\"contentUrl\":\"https:\/\/www.batxilleratgranes.com\/wp-content\/uploads\/2020\/03\/Tolo-1-1.jpg\",\"width\":766,\"height\":485,\"caption\":\"Entrevista a Tolo Moya\"},{\"@type\":\"BreadcrumbList\",\"@id\":\"https:\/\/www.batxilleratgranes.com\/es\/no-pots-explicar-una-historia-si-no-tens-formacio-en-humanitats\/#breadcrumb\",\"itemListElement\":[{\"@type\":\"ListItem\",\"position\":1,\"name\":\"Inici\",\"item\":\"https:\/\/www.batxilleratgranes.com\/es\/\"},{\"@type\":\"ListItem\",\"position\":2,\"name\":\"&#8220;No pots explicar una hist\u00f2ria si no tens formaci\u00f3 en humanitats&#8221;\"}]},{\"@type\":\"WebSite\",\"@id\":\"https:\/\/www.batxilleratgranes.com\/es\/#website\",\"url\":\"https:\/\/www.batxilleratgranes.com\/es\/\",\"name\":\"Gran\u00e9s Batxillerat - Escuela especializada en Bachillerato en Barcelona\",\"description\":\"Escola especialitzada en Batxillerat a Barcelona\",\"publisher\":{\"@id\":\"https:\/\/www.batxilleratgranes.com\/es\/#organization\"},\"potentialAction\":[{\"@type\":\"SearchAction\",\"target\":{\"@type\":\"EntryPoint\",\"urlTemplate\":\"https:\/\/www.batxilleratgranes.com\/es\/?s={search_term_string}\"},\"query-input\":{\"@type\":\"PropertyValueSpecification\",\"valueRequired\":true,\"valueName\":\"search_term_string\"}}],\"inLanguage\":\"es\"},{\"@type\":\"Organization\",\"@id\":\"https:\/\/www.batxilleratgranes.com\/es\/#organization\",\"name\":\"Gran\u00e9s Batxillerat - Escuela especializada en Bachillerato en Barcelona\",\"url\":\"https:\/\/www.batxilleratgranes.com\/es\/\",\"logo\":{\"@type\":\"ImageObject\",\"inLanguage\":\"es\",\"@id\":\"https:\/\/www.batxilleratgranes.com\/es\/#\/schema\/logo\/image\/\",\"url\":\"https:\/\/www.batxilleratgranes.com\/wp-content\/uploads\/2013\/01\/granes1.png\",\"contentUrl\":\"https:\/\/www.batxilleratgranes.com\/wp-content\/uploads\/2013\/01\/granes1.png\",\"width\":292,\"height\":85,\"caption\":\"Gran\u00e9s Batxillerat - Escuela especializada en Bachillerato en Barcelona\"},\"image\":{\"@id\":\"https:\/\/www.batxilleratgranes.com\/es\/#\/schema\/logo\/image\/\"}},{\"@type\":\"Person\",\"@id\":\"https:\/\/www.batxilleratgranes.com\/es\/#\/schema\/person\/4e10f231f79e8e2d24629e02b8283201\",\"name\":\"mireia.martinez\",\"image\":{\"@type\":\"ImageObject\",\"inLanguage\":\"es\",\"@id\":\"https:\/\/www.batxilleratgranes.com\/es\/#\/schema\/person\/image\/\",\"url\":\"https:\/\/secure.gravatar.com\/avatar\/8c952e346979fb1eaf89bbc4dfda29f0?s=96&d=mm&r=g\",\"contentUrl\":\"https:\/\/secure.gravatar.com\/avatar\/8c952e346979fb1eaf89bbc4dfda29f0?s=96&d=mm&r=g\",\"caption\":\"mireia.martinez\"},\"url\":\"https:\/\/www.batxilleratgranes.com\/es\/author\/mireia-martinez\/\"}]}<\/script>\n<!-- \/ Yoast SEO plugin. -->","yoast_head_json":{"title":"\"No pots explicar una hist\u00f2ria si no tens formaci\u00f3 en humanitats\" - Gran\u00e9s Batxillerat - Escuela especializada en Bachillerato en Barcelona","robots":{"index":"index","follow":"follow","max-snippet":"max-snippet:-1","max-image-preview":"max-image-preview:large","max-video-preview":"max-video-preview:-1"},"canonical":"https:\/\/www.batxilleratgranes.com\/es\/no-pots-explicar-una-historia-si-no-tens-formacio-en-humanitats\/","og_locale":"es_ES","og_type":"article","og_title":"\"No pots explicar una hist\u00f2ria si no tens formaci\u00f3 en humanitats\" - Gran\u00e9s Batxillerat - Escuela especializada en Bachillerato en Barcelona","og_description":"Entrevista a Tolo Moya, Director de Comunicaci\u00f3 i M\u00e0rqueting a la Facultat de Comunicaci\u00f3 i Relacions Internacionals Blanquerna Fa un temps estava dins de les Ci\u00e8ncies de la Informaci\u00f3 i ara \u00e9s un grau propi, com ha evolucionat la carrera de Comunicaci\u00f3 Audiovisual al llarg dels anys? Fins ara, les sortides m\u00e9s cl\u00e0ssiques d&#8217;aquesta carrera&hellip;&nbsp;Read More &raquo;&#8220;No pots explicar una hist\u00f2ria si no tens formaci\u00f3 en humanitats&#8221;","og_url":"https:\/\/www.batxilleratgranes.com\/es\/no-pots-explicar-una-historia-si-no-tens-formacio-en-humanitats\/","og_site_name":"Gran\u00e9s Batxillerat - Escuela especializada en Bachillerato en Barcelona","article_published_time":"2020-03-26T15:40:27+00:00","article_modified_time":"2020-03-30T12:50:20+00:00","og_image":[{"width":766,"height":485,"url":"https:\/\/www.batxilleratgranes.com\/wp-content\/uploads\/2020\/03\/Tolo-1-1.jpg","type":"image\/jpeg"}],"author":"mireia.martinez","twitter_card":"summary_large_image","twitter_misc":{"Written by":"mireia.martinez","Est. reading time":"7 minutes"},"schema":{"@context":"https:\/\/schema.org","@graph":[{"@type":"Article","@id":"https:\/\/www.batxilleratgranes.com\/es\/no-pots-explicar-una-historia-si-no-tens-formacio-en-humanitats\/#article","isPartOf":{"@id":"https:\/\/www.batxilleratgranes.com\/es\/no-pots-explicar-una-historia-si-no-tens-formacio-en-humanitats\/"},"author":{"name":"mireia.martinez","@id":"https:\/\/www.batxilleratgranes.com\/es\/#\/schema\/person\/4e10f231f79e8e2d24629e02b8283201"},"headline":"&#8220;No pots explicar una hist\u00f2ria si no tens formaci\u00f3 en humanitats&#8221;","datePublished":"2020-03-26T15:40:27+00:00","dateModified":"2020-03-30T12:50:20+00:00","mainEntityOfPage":{"@id":"https:\/\/www.batxilleratgranes.com\/es\/no-pots-explicar-una-historia-si-no-tens-formacio-en-humanitats\/"},"wordCount":1442,"commentCount":0,"publisher":{"@id":"https:\/\/www.batxilleratgranes.com\/es\/#organization"},"image":{"@id":"https:\/\/www.batxilleratgranes.com\/es\/no-pots-explicar-una-historia-si-no-tens-formacio-en-humanitats\/#primaryimage"},"thumbnailUrl":"https:\/\/www.batxilleratgranes.com\/wp-content\/uploads\/2020\/03\/Tolo-1-1.jpg","keywords":["Batxillerat","Blanquerna","Facultat de Comunicaci\u00f3 i M\u00e0rqueting","Graus","m\u00e0rqueting","orientaci\u00f3 professional","Tolo Moya","universitats","URL"],"articleSection":["Activitats Gran\u00e9s"],"inLanguage":"es","potentialAction":[{"@type":"CommentAction","name":"Comment","target":["https:\/\/www.batxilleratgranes.com\/es\/no-pots-explicar-una-historia-si-no-tens-formacio-en-humanitats\/#respond"]}]},{"@type":"WebPage","@id":"https:\/\/www.batxilleratgranes.com\/es\/no-pots-explicar-una-historia-si-no-tens-formacio-en-humanitats\/","url":"https:\/\/www.batxilleratgranes.com\/es\/no-pots-explicar-una-historia-si-no-tens-formacio-en-humanitats\/","name":"\"No pots explicar una hist\u00f2ria si no tens formaci\u00f3 en humanitats\" - Gran\u00e9s Batxillerat - Escuela especializada en Bachillerato en Barcelona","isPartOf":{"@id":"https:\/\/www.batxilleratgranes.com\/es\/#website"},"primaryImageOfPage":{"@id":"https:\/\/www.batxilleratgranes.com\/es\/no-pots-explicar-una-historia-si-no-tens-formacio-en-humanitats\/#primaryimage"},"image":{"@id":"https:\/\/www.batxilleratgranes.com\/es\/no-pots-explicar-una-historia-si-no-tens-formacio-en-humanitats\/#primaryimage"},"thumbnailUrl":"https:\/\/www.batxilleratgranes.com\/wp-content\/uploads\/2020\/03\/Tolo-1-1.jpg","datePublished":"2020-03-26T15:40:27+00:00","dateModified":"2020-03-30T12:50:20+00:00","breadcrumb":{"@id":"https:\/\/www.batxilleratgranes.com\/es\/no-pots-explicar-una-historia-si-no-tens-formacio-en-humanitats\/#breadcrumb"},"inLanguage":"es","potentialAction":[{"@type":"ReadAction","target":["https:\/\/www.batxilleratgranes.com\/es\/no-pots-explicar-una-historia-si-no-tens-formacio-en-humanitats\/"]}]},{"@type":"ImageObject","inLanguage":"es","@id":"https:\/\/www.batxilleratgranes.com\/es\/no-pots-explicar-una-historia-si-no-tens-formacio-en-humanitats\/#primaryimage","url":"https:\/\/www.batxilleratgranes.com\/wp-content\/uploads\/2020\/03\/Tolo-1-1.jpg","contentUrl":"https:\/\/www.batxilleratgranes.com\/wp-content\/uploads\/2020\/03\/Tolo-1-1.jpg","width":766,"height":485,"caption":"Entrevista a Tolo Moya"},{"@type":"BreadcrumbList","@id":"https:\/\/www.batxilleratgranes.com\/es\/no-pots-explicar-una-historia-si-no-tens-formacio-en-humanitats\/#breadcrumb","itemListElement":[{"@type":"ListItem","position":1,"name":"Inici","item":"https:\/\/www.batxilleratgranes.com\/es\/"},{"@type":"ListItem","position":2,"name":"&#8220;No pots explicar una hist\u00f2ria si no tens formaci\u00f3 en humanitats&#8221;"}]},{"@type":"WebSite","@id":"https:\/\/www.batxilleratgranes.com\/es\/#website","url":"https:\/\/www.batxilleratgranes.com\/es\/","name":"Gran\u00e9s Batxillerat - Escuela especializada en Bachillerato en Barcelona","description":"Escola especialitzada en Batxillerat a Barcelona","publisher":{"@id":"https:\/\/www.batxilleratgranes.com\/es\/#organization"},"potentialAction":[{"@type":"SearchAction","target":{"@type":"EntryPoint","urlTemplate":"https:\/\/www.batxilleratgranes.com\/es\/?s={search_term_string}"},"query-input":{"@type":"PropertyValueSpecification","valueRequired":true,"valueName":"search_term_string"}}],"inLanguage":"es"},{"@type":"Organization","@id":"https:\/\/www.batxilleratgranes.com\/es\/#organization","name":"Gran\u00e9s Batxillerat - Escuela especializada en Bachillerato en Barcelona","url":"https:\/\/www.batxilleratgranes.com\/es\/","logo":{"@type":"ImageObject","inLanguage":"es","@id":"https:\/\/www.batxilleratgranes.com\/es\/#\/schema\/logo\/image\/","url":"https:\/\/www.batxilleratgranes.com\/wp-content\/uploads\/2013\/01\/granes1.png","contentUrl":"https:\/\/www.batxilleratgranes.com\/wp-content\/uploads\/2013\/01\/granes1.png","width":292,"height":85,"caption":"Gran\u00e9s Batxillerat - Escuela especializada en Bachillerato en Barcelona"},"image":{"@id":"https:\/\/www.batxilleratgranes.com\/es\/#\/schema\/logo\/image\/"}},{"@type":"Person","@id":"https:\/\/www.batxilleratgranes.com\/es\/#\/schema\/person\/4e10f231f79e8e2d24629e02b8283201","name":"mireia.martinez","image":{"@type":"ImageObject","inLanguage":"es","@id":"https:\/\/www.batxilleratgranes.com\/es\/#\/schema\/person\/image\/","url":"https:\/\/secure.gravatar.com\/avatar\/8c952e346979fb1eaf89bbc4dfda29f0?s=96&d=mm&r=g","contentUrl":"https:\/\/secure.gravatar.com\/avatar\/8c952e346979fb1eaf89bbc4dfda29f0?s=96&d=mm&r=g","caption":"mireia.martinez"},"url":"https:\/\/www.batxilleratgranes.com\/es\/author\/mireia-martinez\/"}]}},"_links":{"self":[{"href":"https:\/\/www.batxilleratgranes.com\/es\/wp-json\/wp\/v2\/posts\/21106"}],"collection":[{"href":"https:\/\/www.batxilleratgranes.com\/es\/wp-json\/wp\/v2\/posts"}],"about":[{"href":"https:\/\/www.batxilleratgranes.com\/es\/wp-json\/wp\/v2\/types\/post"}],"author":[{"embeddable":true,"href":"https:\/\/www.batxilleratgranes.com\/es\/wp-json\/wp\/v2\/users\/5"}],"replies":[{"embeddable":true,"href":"https:\/\/www.batxilleratgranes.com\/es\/wp-json\/wp\/v2\/comments?post=21106"}],"version-history":[{"count":19,"href":"https:\/\/www.batxilleratgranes.com\/es\/wp-json\/wp\/v2\/posts\/21106\/revisions"}],"predecessor-version":[{"id":23117,"href":"https:\/\/www.batxilleratgranes.com\/es\/wp-json\/wp\/v2\/posts\/21106\/revisions\/23117"}],"wp:featuredmedia":[{"embeddable":true,"href":"https:\/\/www.batxilleratgranes.com\/es\/wp-json\/wp\/v2\/media\/22167"}],"wp:attachment":[{"href":"https:\/\/www.batxilleratgranes.com\/es\/wp-json\/wp\/v2\/media?parent=21106"}],"wp:term":[{"taxonomy":"category","embeddable":true,"href":"https:\/\/www.batxilleratgranes.com\/es\/wp-json\/wp\/v2\/categories?post=21106"},{"taxonomy":"post_tag","embeddable":true,"href":"https:\/\/www.batxilleratgranes.com\/es\/wp-json\/wp\/v2\/tags?post=21106"}],"curies":[{"name":"wp","href":"https:\/\/api.w.org\/{rel}","templated":true}]}}