{"id":21273,"date":"2020-02-28T12:39:51","date_gmt":"2020-02-28T12:39:51","guid":{"rendered":"https:\/\/www.batxilleratgranes.com\/?p=21273"},"modified":"2020-02-28T15:30:26","modified_gmt":"2020-02-28T15:30:26","slug":"he-apres-que-si-vols-pots-fer-ho","status":"publish","type":"post","link":"https:\/\/www.batxilleratgranes.com\/es\/he-apres-que-si-vols-pots-fer-ho\/","title":{"rendered":"&#8220;He apr\u00e8s que si vols, pots fer-ho&#8221;"},"content":{"rendered":"\n<h3 class=\"wp-block-heading\">Entrevista a l&#8217;alumna de 2n de batxillerat d&#8217;Arts Esc\u00e8niques Irene Caballero sobre el seu Treball de Recerca, titulat <strong><em>Efecto Euforia, \u00bfc\u00f3mo se crea una serie web?<\/em><\/strong><\/h3>\n\n\n\n<div class=\"wp-block-media-text alignwide\"><figure class=\"wp-block-media-text__media\"><img loading=\"lazy\" decoding=\"async\" width=\"459\" height=\"611\" src=\"https:\/\/www.batxilleratgranes.com\/wp-content\/uploads\/2020\/02\/Irene-1.jpg\" alt=\"\" class=\"wp-image-21486\" srcset=\"https:\/\/www.batxilleratgranes.com\/wp-content\/uploads\/2020\/02\/Irene-1.jpg 459w, https:\/\/www.batxilleratgranes.com\/wp-content\/uploads\/2020\/02\/Irene-1-225x300.jpg 225w\" sizes=\"(max-width: 459px) 100vw, 459px\" \/><\/figure><div class=\"wp-block-media-text__content\">\n<p class=\"has-large-font-size\"> <strong>D\u2019on va sorgir la idea d\u2019aquest Treball de Recerca?<\/strong> <\/p>\n\n\n\n<p><em>Des que era petita sempre m&#8217;ha agradat el m\u00f3n audiovisual. Li agafava el m\u00f2bil a la meva mare i comen\u00e7ava  a fer v\u00eddeos i a crear hist\u00f2ries. Tenint l&#8217;oportunitat de crear un treball tan extens com aquest, havia de fer alguna cosa que m&#8217;agrad\u00e9s. Ara que s&#8217;est\u00e0 posant tan de moda aix\u00f2 de les web s\u00e8ries, f\u00e0cilment accessibles a Internet, vaig pensar que seria molt interessant fer un treball sobre aix\u00f2. Vaig comen\u00e7ar escrivint el gui\u00f3 i despr\u00e9s va anar sorgint tot.<\/em> <\/p>\n\n\n\n<p> <strong>I com va ser la realitzaci\u00f3 d&#8217;aquest treball?<\/strong> <\/p>\n\n\n\n<p><em>Vaig treure el temps d&#8217;on no n&#8217;hi havia per fer-ho absolutament tot. No nom\u00e9s es tractava de fer el gui\u00f3, sin\u00f3 tamb\u00e9 el c\u00e0sting, el rodatge, la preproducci\u00f3, la postproducci\u00f3, els assajos amb els actors&#8230; El treball que poden fer vint persones, amb especialistes en cada \u00e0rea, ho he assumit tot jo. Ha sigut una mica estressant perqu\u00e8 els actors em preguntaven coses, per\u00f2 a la vegada havia de gravar, controlar la llum, el so&#8230; La part positiva va ser que em va permetre tenir una visi\u00f3 molt \u00e0mplia de tots els processos.<\/em> <\/p>\n<\/div><\/div>\n\n\n\n<p><strong>Et va agradar m\u00e9s alguna tasca que una altra?<\/strong><\/p>\n\n\n\n<p><em>Em va agradar molt la direcci\u00f3 de fotografia, la selecci\u00f3 dels diferents plans, la il\u00b7luminaci\u00f3 de l&#8217;escena&#8230; Quan veus una pel\u00b7l\u00edcula o una s\u00e8rie no pares atenci\u00f3 en tot aix\u00f2, en el fet que cada pla est\u00e0 pensat d&#8217;una manera, que cada cosa, cada moviment, t\u00e9 un significat.<\/em><\/p>\n\n\n\n<p><strong>Suposo que ara ho valores m\u00e9s quan mires una s\u00e8rie o veus una pel\u00b7l\u00edcula&#8230;<\/strong><\/p>\n\n\n\n<p><em>S\u00ed, \u00e9s veritat! Ara, quan miro una s\u00e8rie, estic pendent de mil coses, i aix\u00f2 a vegades pot ser una mica dolent, d&#8217;altra banda, perqu\u00e8 no la gaudeixes tant<\/em>.<\/p>\n\n\n\n<p><strong>Quines s\u00e8ries t&#8217;han inspirat en el teu projecte?<\/strong><\/p>\n\n\n\n<p><em>He vist molt\u00edssimes s\u00e8ries perqu\u00e8 m&#8217;encanten i, a m\u00e9s, ara \u00e9s molt f\u00e0cil amb totes les plataformes que tenim. Les s\u00e8ries que m\u00e9s m&#8217;han inspirat i que m&#8217;han semblat m\u00e9s interessants han sigut &#8220;Sense8&#8221;, &#8220;Orphan Black&#8221; i tamb\u00e9 altres m\u00e9s t\u00edpiques com &#8220;Gossip Girl&#8221;.<\/em><\/p>\n\n\n\n<div class=\"wp-block-image\"><figure class=\"aligncenter size-large is-resized\"><img loading=\"lazy\" decoding=\"async\" src=\"https:\/\/www.batxilleratgranes.com\/wp-content\/uploads\/2020\/02\/6.jpg\" alt=\"\" class=\"wp-image-21503\" width=\"574\" height=\"323\" srcset=\"https:\/\/www.batxilleratgranes.com\/wp-content\/uploads\/2020\/02\/6.jpg 765w, https:\/\/www.batxilleratgranes.com\/wp-content\/uploads\/2020\/02\/6-300x169.jpg 300w, https:\/\/www.batxilleratgranes.com\/wp-content\/uploads\/2020\/02\/6-650x365.jpg 650w\" sizes=\"(max-width: 574px) 100vw, 574px\" \/><figcaption> Fotograma de la webs\u00e8rie &#8220;Efecto Euforia&#8221;, d&#8217;Irene Caballero <\/figcaption><\/figure><\/div>\n\n\n\n<p><strong>Sobre qu\u00e8 tracta <em>Efecto Euforia<\/em>?<\/strong><\/p>\n\n\n\n<p><em>Sobre els diferents problemes que afecten la vida dels adolescents i com s&#8217;enfronta cadasc\u00fa a ells. Igual per a mi un problema \u00e9s molt gran per\u00f2 per a una altra persona no ho \u00e9s tant, segons la import\u00e0ncia que cadasc\u00fa li d\u00f3na.<\/em> <em>Tracta, en definitiva, sobre els problemes personals, les relacions amb la fam\u00edlia, l&#8217;addicci\u00f3 a les drogues&#8230; <\/em><\/p>\n\n\n\n<p><strong>Parties d&#8217;alguna hip\u00f2tesi en iniciar aquest Treball de Recerca?<\/strong><\/p>\n\n\n\n<p><em>La meva hip\u00f2tesi era si podia crear una webs\u00e8rie sobre les relacions t\u00f2xiques, per\u00f2 despr\u00e9s em vaig estendre, com deia abans, a tota la problem\u00e0tica adolescent. Al cap\u00edtol pilot s&#8217;intueixen tots aquests temes per\u00f2 \u00e9s nom\u00e9s una presentaci\u00f3, tot queda obert.<\/em><\/p>\n\n\n\n<p><strong>I el t\u00edtol d&#8217;<em>Efecto Euforia<\/em>, d&#8217;on va sorgir?<\/strong><\/p>\n\n\n\n<p><em>L&#8217;euf\u00f2ria \u00e9s l&#8217;estat que tenim els adolescents sobretot, que estem sempre euf\u00f2rics, per\u00f2 tamb\u00e9 \u00e9s l&#8217;euf\u00f2ria dels efectes de les drogues, l&#8217;alcohol&#8230; En tot aquest \u00e0mbit adolescent, l&#8217;euf\u00f2ria est\u00e0 molt present. I &#8220;efecto&#8221; perqu\u00e8 \u00e9s l&#8217;efecte que produeix. Al principi pensava dir-li nom\u00e9s &#8220;Euforia&#8221;, per\u00f2 ja hi havia una s\u00e8rie americana que s&#8217;estrenava en poc temps que es deia aix\u00ed i que, curiosament, tamb\u00e9 tractava  una tem\u00e0tica similar a la meva s\u00e8rie.<\/em><\/p>\n\n\n\n<p><br><\/p>\n\n\n\n<blockquote class=\"wp-block-quote is-style-large is-layout-flow wp-block-quote-is-layout-flow\"><p>&#8220;Efecto euforia&#8221; tracta s<em>obre els diferents problemes que afecten la vida dels adolescents i com s&#8217;enfronta cadasc\u00fa a ells.<\/em> &#8220;<\/p><\/blockquote>\n\n\n\n<p><\/p>\n\n\n\n<p><\/p>\n\n\n\n<p><strong>Com descriuries el proc\u00e9s de creaci\u00f3 del teu Treball de Recerca?<\/strong><\/p>\n\n\n\n<p><em>Com un proc\u00e9s molt intens, de dedicaci\u00f3 de moltes hores. Un dels problemes que tenia \u00e9s que no confiava que ho pogu\u00e9s fer. Estava for\u00e7a angoixada i no deixava que l&#8217;altra gent m&#8217;ajud\u00e9s; jo volia tenir el control de tot perqu\u00e8 no se m&#8217;escap\u00e9s res. Per\u00f2 he apr\u00e8s que si vols, pots fer-ho. Estic molt orgullosa d&#8217;haver-ho aconseguit jo sola i sense pressupost<\/em>.<\/p>\n\n\n\n<div class=\"wp-block-image\"><figure class=\"aligncenter size-large is-resized\"><img loading=\"lazy\" decoding=\"async\" src=\"https:\/\/www.batxilleratgranes.com\/wp-content\/uploads\/2020\/02\/7.jpg\" alt=\"\" class=\"wp-image-21497\" width=\"572\" height=\"321\" srcset=\"https:\/\/www.batxilleratgranes.com\/wp-content\/uploads\/2020\/02\/7.jpg 762w, https:\/\/www.batxilleratgranes.com\/wp-content\/uploads\/2020\/02\/7-300x169.jpg 300w, https:\/\/www.batxilleratgranes.com\/wp-content\/uploads\/2020\/02\/7-650x365.jpg 650w\" sizes=\"(max-width: 572px) 100vw, 572px\" \/><figcaption> Fotograma de la webs\u00e8rie &#8220;Efecto Euforia&#8221;, d&#8217;Irene Caballero <\/figcaption><\/figure><\/div>\n\n\n\n<p><strong>Quant dura aquest cap\u00edtol pilot?<\/strong><\/p>\n\n\n\n<p><em>22 minuts. Vaig gravar uns 40 minuts i vaig tenir molta feina d&#8217;edici\u00f3. Vaig llogar una c\u00e0mera amb tr\u00edpode i estabilitzadors m\u00e9s o menys professional i vaig editar amb Final Cut Pro. Editar no \u00e9s nom\u00e9s ajuntar trossos, sin\u00f3 controlar el color, que tot quadri&#8230; <\/em><\/p>\n\n\n\n<p> <strong>Quines han sigut les dificultats m\u00e9s grans amb qu\u00e8 t\u2019hi has trobat?<\/strong> <\/p>\n\n\n\n<p><em>El que vaig trobar m\u00e9s dif\u00edcil va ser el control i l&#8217;ajustament del so, a l&#8217;hora de muntar-ho, que quadr\u00e9s i que s&#8217;escolt\u00e9s b\u00e9 tot. El vent, per exemple, va ser un problema. El vaig poder minimitzar una mica amb l&#8217;edici\u00f3, per\u00f2 no va resultar del tot perfecte. El so del micr\u00f2fon, a vegades, no s&#8217;adjuntava exactament al v\u00eddeo i es va haver de col\u00b7locar despr\u00e9s a la postproducci\u00f3.<\/em><\/p>\n\n\n\n<p><strong>Aquest \u00e9s un projecte que vas comen\u00e7ar a primer de batxillerat&#8230;<\/strong><\/p>\n\n\n\n<p><em>S\u00ed, a la Setmana Santa d&#8217;aquell any vaig tenir la idea i la meva germana m&#8217;anava ajudant, em deia aix\u00f2 s\u00ed, aix\u00f2 no&#8230; Despr\u00e9s vaig comen\u00e7ar a escriure el gui\u00f3 i el vaig acabar al juliol. Vaig rodar al novembre durant tres dies. Aquest moment va ser molt estressant perqu\u00e8 jo m&#8217;encarregava de tot, per\u00f2, d&#8217;altra banda, va ser molt interessant perqu\u00e8 vaig poder aprendre molt\u00edssim.<\/em><\/p>\n\n\n\n<p> <strong>Com va ser el seguiment amb el teu tutor, en Toni Vives?<\/strong><\/p>\n\n\n\n<p><em>El que m\u00e9s m&#8217;ha agradat del meu tutor \u00e9s que m&#8217;ha deixat for\u00e7a llibertat i aix\u00f2 m&#8217;ha perm\u00e8s gaudir del meu treball. Ell domina el m\u00f3n audiovisual i em donava resposta a tots els dubtes que tenia, per\u00f2 ha sabut acompanyar-me de la manera que jo necessitava. Ha estat sempre que l&#8217;he necessitat i a la vegada m&#8217;ha donat molta llibertat i aix\u00f2 m&#8217;ha anat molt b\u00e9. <\/em><\/p>\n\n\n\n<p><strong>Havies fet algun treball audiovisual pr\u00e8viament?<\/strong><\/p>\n\n\n\n<p><em>No. Mai havia assistit a un rodatge ni havia fet un c\u00e0sting, aquest era el meu primer projecte audiovisual. <\/em><\/p>\n\n\n\n<div class=\"wp-block-image\"><figure class=\"aligncenter size-large is-resized\"><img loading=\"lazy\" decoding=\"async\" src=\"https:\/\/www.batxilleratgranes.com\/wp-content\/uploads\/2020\/02\/8.jpg\" alt=\"\" class=\"wp-image-21498\" width=\"575\" height=\"323\" srcset=\"https:\/\/www.batxilleratgranes.com\/wp-content\/uploads\/2020\/02\/8.jpg 766w, https:\/\/www.batxilleratgranes.com\/wp-content\/uploads\/2020\/02\/8-300x168.jpg 300w, https:\/\/www.batxilleratgranes.com\/wp-content\/uploads\/2020\/02\/8-650x365.jpg 650w\" sizes=\"(max-width: 575px) 100vw, 575px\" \/><figcaption> Fotograma de la webs\u00e8rie &#8220;Efecto Euforia&#8221;, d&#8217;Irene Caballero <\/figcaption><\/figure><\/div>\n\n\n\n<p><strong>Com va ser aquest c\u00e0sting?<\/strong><\/p>\n\n\n\n<p><em>Vaig fer un cartell on explicava una mica els personatges, l&#8217;edat i els trets que havien de tenir els actors que necessitava i ho vaig penjar a la plataforma Esquirols Actors. Despr\u00e9s vaig reservar un espai a Espai Jove i vaig fer una convocat\u00f2ria. Al final es van presentar unes 30 persones. Com a directora de c\u00e0sting estava molt nerviosa perqu\u00e8 no ho havia fet mai. Per\u00f2 va ser una experi\u00e8ncia molt enriquidora. Per sort, em van acompanyar tres amigues que no tenien cap coneixement del m\u00f3n audiovisual. Em va anar molt b\u00e9 la seva opini\u00f3 perqu\u00e8 qui veu la s\u00e8rie s\u00f3n gent com elles. A m\u00e9s, el Guillem i el Pau s\u00f3n companys de l&#8217;escola que apareixen a la s\u00e8rie,<\/em> <em>i&nbsp;tamb\u00e9 tots els extres s\u00f3n&nbsp;de la Gran\u00e9s. <\/em><\/p>\n\n\n\n<div class=\"wp-block-image\"><figure class=\"aligncenter size-large is-resized\"><img loading=\"lazy\" decoding=\"async\" src=\"https:\/\/www.batxilleratgranes.com\/wp-content\/uploads\/2020\/02\/9.jpg\" alt=\"\" class=\"wp-image-21499\" width=\"573\" height=\"320\" srcset=\"https:\/\/www.batxilleratgranes.com\/wp-content\/uploads\/2020\/02\/9.jpg 764w, https:\/\/www.batxilleratgranes.com\/wp-content\/uploads\/2020\/02\/9-300x168.jpg 300w, https:\/\/www.batxilleratgranes.com\/wp-content\/uploads\/2020\/02\/9-650x363.jpg 650w\" sizes=\"(max-width: 573px) 100vw, 573px\" \/><figcaption> Fotograma de la webs\u00e8rie &#8220;Efecto Euforia&#8221;, d&#8217;Irene Caballero <\/figcaption><\/figure><\/div>\n\n\n\n<p><strong>Els actors han pogut veure el cap\u00edtol pilot?<\/strong><\/p>\n\n\n\n<p><em>S\u00ed, els hi ha agradat<\/em>. <em>Hi ha gent que m&#8217;ha dit que aquest pilot et deixa intrigat i aix\u00f2 m&#8217;agrada molt perqu\u00e8 vol dir que tenen ganes de veure m\u00e9s.<\/em>  <em>Em queda una sensaci\u00f3 que ho he fet b\u00e9, que tot el treball ha tingut una recompensa i aix\u00f2 \u00e9s molt maco.<\/em><\/p>\n\n\n\n<p><\/p>\n\n\n\n<blockquote class=\"wp-block-quote is-style-large is-layout-flow wp-block-quote-is-layout-flow\"><p> &#8220;El meu tutor<em> ha estat sempre que l&#8217;he necessitat i, a la vegada, m&#8217;ha donat molta llibertat<\/em> que ha fet que hagi gaudit del meu treball.&#8221;<\/p><\/blockquote>\n\n\n\n<p><strong>Quines han sigut les conclusions del teu Treball de Recerca?<\/strong><\/p>\n\n\n\n<p><em>Que pots fer-ho. Jo vaig aprendre tots els processos a trav\u00e9s d&#8217;Internet, no vaig fer cap curs. He sigut absolutament autodidacta. Vaig buscar a Internet com es crea una webs\u00e8rie, qu\u00e8 necessites per rodar, com s&#8217;escriu un gui\u00f3&#8230; he vist tota mena de tutorial que m&#8217;han ajudat a fer-ho jo sola des de zero<\/em>.<\/p>\n\n\n\n<p> <strong>T&#8217;has plantejat continuar aquest cap\u00edtol pilot?<\/strong><\/p>\n\n\n\n<p><em>Quan vaig crear el projecte vaig pensar tota la hist\u00f2ria, amb el seu final. A l&#8217;hora d&#8217;escriure el gui\u00f3 s\u00ed que ho vaig fer nom\u00e9s d&#8217;aquest pilot, per\u00f2 tinc idea de continuar amb la resta de cap\u00edtols. He pensat aprofitar la plataforma de Verkami. De fet, abans de comen\u00e7ar a fer-ho em vaig interessar per penjar aqu\u00ed el projecte, per\u00f2 havia de ser major d&#8217;edat. Ara ho tornar\u00e9 a provar, a m\u00e9s ara puc mostra el cap\u00edtol 0.<\/em>  <\/p>\n\n\n\n<div class=\"wp-block-image\"><figure class=\"aligncenter size-large is-resized\"><img loading=\"lazy\" decoding=\"async\" src=\"https:\/\/www.batxilleratgranes.com\/wp-content\/uploads\/2020\/02\/12.jpg\" alt=\"\" class=\"wp-image-21501\" width=\"573\" height=\"321\" srcset=\"https:\/\/www.batxilleratgranes.com\/wp-content\/uploads\/2020\/02\/12.jpg 764w, https:\/\/www.batxilleratgranes.com\/wp-content\/uploads\/2020\/02\/12-300x168.jpg 300w, https:\/\/www.batxilleratgranes.com\/wp-content\/uploads\/2020\/02\/12-650x364.jpg 650w\" sizes=\"(max-width: 573px) 100vw, 573px\" \/><figcaption> Fotograma de la webs\u00e8rie &#8220;Efecto Euforia&#8221;, d&#8217;Irene Caballero <\/figcaption><\/figure><\/div>\n\n\n\n<p><strong>Qu\u00e8 voldries estudiar despr\u00e9s d&#8217;acabar batxillerat?<\/strong><\/p>\n\n\n\n<p><em>M&#8217;estic plantejant estudiar cinema  a l&#8217;estranger, a Los \u00c1ngeles o Nova York. M&#8217;encantaria perqu\u00e8 a m\u00e9s podria aprendre angl\u00e8s i d&#8217;altres cultures&#8230; una experi\u00e8ncia per aprendre en tots els sentits.<\/em><\/p>\n\n\n\n<p><strong>Et planteges dedicar-te professionalment a aquest sector?<\/strong><\/p>\n\n\n\n<p><em>S\u00ed, encara que no s\u00e9 en quina branca. M&#8217;agradaria estudiar cinema per tenir coneixement a l&#8217;hora de triar. Normalment en aquests estudis els dos primers anys fas de tot i despr\u00e9s t&#8217;especialitzes en all\u00f2 que m\u00e9s t&#8217;hagi agradat. Aqu\u00ed a la Gran\u00e9s, al batxillerat d&#8217;Arts Esc\u00e8niques, tamb\u00e9 tens l&#8217;oportunitat de con\u00e8ixer altres coses. Quan vaig arribar, nom\u00e9s tenia al cap que volia ser actriu, i durant el meu pas per la Gran\u00e9s he descobert que hi ha moltes altres coses. Amb tot el coneixement que tens en aquest batxillerat pots tenir m\u00e9s clar qu\u00e8 \u00e9s realment all\u00f2 que t&#8217;agrada o, si m\u00e9s no, descartar algunes coses.<\/em><\/p>\n\n\n\n<p><strong>Finalment, com valores l&#8217;experi\u00e8ncia de crear aquesta web s\u00e8rie?<\/strong><\/p>\n\n\n\n<p><em>Molt enriquidora, per\u00f2 no nom\u00e9s per tot el que he apr\u00e8s de cinema, sin\u00f3 sobretot en l&#8217;\u00e0mbit personal. He apr\u00e8s a gestionar situacions de crisi. Per exemple, el primer dia de gravaci\u00f3 no es va poder aprofitar res perqu\u00e8 feia molt de vent i l&#8217;\u00e0udio no s&#8217;escoltava. A m\u00e9s, era justament el primer dia de rodatge&#8230; Estic orgullosa perqu\u00e8, tot i els contratemps i maldecaps, ho he aconseguit, i crec que el resultat \u00e9s bastant bo.<\/em><\/p>\n\n\n\n<p><\/p>\n\n\n\n<h2 class=\"has-text-align-center wp-block-heading\"><strong>Mira aqu\u00ed el cap\u00edtol pilot! &nbsp;<\/strong><\/h2>\n\n\n\n<div class=\"wp-block-image\"><figure class=\"aligncenter size-large is-resized\"><a href=\"https:\/\/www.efectoeuforia.com\/\"><img loading=\"lazy\" decoding=\"async\" src=\"https:\/\/www.batxilleratgranes.com\/wp-content\/uploads\/2020\/02\/15-1024x452.jpg\" alt=\"\" class=\"wp-image-21483\" width=\"768\" height=\"339\" srcset=\"https:\/\/www.batxilleratgranes.com\/wp-content\/uploads\/2020\/02\/15-1024x452.jpg 1024w, https:\/\/www.batxilleratgranes.com\/wp-content\/uploads\/2020\/02\/15-300x132.jpg 300w, https:\/\/www.batxilleratgranes.com\/wp-content\/uploads\/2020\/02\/15-768x339.jpg 768w, https:\/\/www.batxilleratgranes.com\/wp-content\/uploads\/2020\/02\/15-650x287.jpg 650w, https:\/\/www.batxilleratgranes.com\/wp-content\/uploads\/2020\/02\/15-960x424.jpg 960w, https:\/\/www.batxilleratgranes.com\/wp-content\/uploads\/2020\/02\/15-1000x441.jpg 1000w, https:\/\/www.batxilleratgranes.com\/wp-content\/uploads\/2020\/02\/15.jpg 1144w\" sizes=\"(max-width: 768px) 100vw, 768px\" \/><\/a><\/figure><\/div>\n","protected":false},"excerpt":{"rendered":"<p>Entrevista a l&#8217;alumna de 2n de batxillerat d&#8217;Arts Esc\u00e8niques Irene Caballero sobre el seu Treball de Recerca, titulat Efecto Euforia, \u00bfc\u00f3mo se crea una serie web? D\u2019on va sorgir la idea d\u2019aquest Treball de Recerca? Des que era petita sempre m&#8217;ha agradat el m\u00f3n audiovisual. Li agafava el m\u00f2bil a la meva mare i comen\u00e7ava&hellip;&nbsp;<a href=\"https:\/\/www.batxilleratgranes.com\/es\/he-apres-que-si-vols-pots-fer-ho\/\" class=\"\" rel=\"bookmark\">Read More &raquo;<span class=\"screen-reader-text\">&#8220;He apr\u00e8s que si vols, pots fer-ho&#8221;<\/span><\/a><\/p>\n","protected":false},"author":5,"featured_media":21491,"comment_status":"open","ping_status":"open","sticky":false,"template":"","format":"standard","meta":{"neve_meta_sidebar":"","neve_meta_container":"","neve_meta_enable_content_width":"","neve_meta_content_width":0,"neve_meta_title_alignment":"","neve_meta_author_avatar":"","neve_post_elements_order":"","neve_meta_disable_header":"","neve_meta_disable_footer":"","neve_meta_disable_title":"","footnotes":""},"categories":[65],"tags":[],"class_list":["post-21273","post","type-post","status-publish","format-standard","has-post-thumbnail","hentry","category-anticsalumnes"],"yoast_head":"<!-- This site is optimized with the Yoast SEO plugin v23.4 - https:\/\/yoast.com\/wordpress\/plugins\/seo\/ -->\n<title>&quot;He apr\u00e8s que si vols, pots fer-ho&quot; - Gran\u00e9s Batxillerat - Escuela especializada en Bachillerato en Barcelona<\/title>\n<meta name=\"robots\" content=\"index, follow, max-snippet:-1, max-image-preview:large, max-video-preview:-1\" \/>\n<link rel=\"canonical\" href=\"https:\/\/www.batxilleratgranes.com\/es\/he-apres-que-si-vols-pots-fer-ho\/\" \/>\n<meta property=\"og:locale\" content=\"es_ES\" \/>\n<meta property=\"og:type\" content=\"article\" \/>\n<meta property=\"og:title\" content=\"&quot;He apr\u00e8s que si vols, pots fer-ho&quot; - Gran\u00e9s Batxillerat - Escuela especializada en Bachillerato en Barcelona\" \/>\n<meta property=\"og:description\" content=\"Entrevista a l&#8217;alumna de 2n de batxillerat d&#8217;Arts Esc\u00e8niques Irene Caballero sobre el seu Treball de Recerca, titulat Efecto Euforia, \u00bfc\u00f3mo se crea una serie web? D\u2019on va sorgir la idea d\u2019aquest Treball de Recerca? Des que era petita sempre m&#8217;ha agradat el m\u00f3n audiovisual. Li agafava el m\u00f2bil a la meva mare i comen\u00e7ava&hellip;&nbsp;Read More &raquo;&#8220;He apr\u00e8s que si vols, pots fer-ho&#8221;\" \/>\n<meta property=\"og:url\" content=\"https:\/\/www.batxilleratgranes.com\/es\/he-apres-que-si-vols-pots-fer-ho\/\" \/>\n<meta property=\"og:site_name\" content=\"Gran\u00e9s Batxillerat - Escuela especializada en Bachillerato en Barcelona\" \/>\n<meta property=\"article:published_time\" content=\"2020-02-28T12:39:51+00:00\" \/>\n<meta property=\"article:modified_time\" content=\"2020-02-28T15:30:26+00:00\" \/>\n<meta property=\"og:image\" content=\"https:\/\/www.batxilleratgranes.com\/wp-content\/uploads\/2020\/02\/Irene-5.jpg\" \/>\n\t<meta property=\"og:image:width\" content=\"818\" \/>\n\t<meta property=\"og:image:height\" content=\"612\" \/>\n\t<meta property=\"og:image:type\" content=\"image\/jpeg\" \/>\n<meta name=\"author\" content=\"mireia.martinez\" \/>\n<meta name=\"twitter:card\" content=\"summary_large_image\" \/>\n<meta name=\"twitter:label1\" content=\"Written by\" \/>\n\t<meta name=\"twitter:data1\" content=\"mireia.martinez\" \/>\n\t<meta name=\"twitter:label2\" content=\"Est. reading time\" \/>\n\t<meta name=\"twitter:data2\" content=\"9 minutes\" \/>\n<script type=\"application\/ld+json\" class=\"yoast-schema-graph\">{\"@context\":\"https:\/\/schema.org\",\"@graph\":[{\"@type\":\"Article\",\"@id\":\"https:\/\/www.batxilleratgranes.com\/es\/he-apres-que-si-vols-pots-fer-ho\/#article\",\"isPartOf\":{\"@id\":\"https:\/\/www.batxilleratgranes.com\/es\/he-apres-que-si-vols-pots-fer-ho\/\"},\"author\":{\"name\":\"mireia.martinez\",\"@id\":\"https:\/\/www.batxilleratgranes.com\/es\/#\/schema\/person\/4e10f231f79e8e2d24629e02b8283201\"},\"headline\":\"&#8220;He apr\u00e8s que si vols, pots fer-ho&#8221;\",\"datePublished\":\"2020-02-28T12:39:51+00:00\",\"dateModified\":\"2020-02-28T15:30:26+00:00\",\"mainEntityOfPage\":{\"@id\":\"https:\/\/www.batxilleratgranes.com\/es\/he-apres-que-si-vols-pots-fer-ho\/\"},\"wordCount\":1845,\"commentCount\":0,\"publisher\":{\"@id\":\"https:\/\/www.batxilleratgranes.com\/es\/#organization\"},\"image\":{\"@id\":\"https:\/\/www.batxilleratgranes.com\/es\/he-apres-que-si-vols-pots-fer-ho\/#primaryimage\"},\"thumbnailUrl\":\"https:\/\/www.batxilleratgranes.com\/wp-content\/uploads\/2020\/02\/Irene-5.jpg\",\"articleSection\":[\"Antics alumnes\"],\"inLanguage\":\"es\",\"potentialAction\":[{\"@type\":\"CommentAction\",\"name\":\"Comment\",\"target\":[\"https:\/\/www.batxilleratgranes.com\/es\/he-apres-que-si-vols-pots-fer-ho\/#respond\"]}]},{\"@type\":\"WebPage\",\"@id\":\"https:\/\/www.batxilleratgranes.com\/es\/he-apres-que-si-vols-pots-fer-ho\/\",\"url\":\"https:\/\/www.batxilleratgranes.com\/es\/he-apres-que-si-vols-pots-fer-ho\/\",\"name\":\"\\\"He apr\u00e8s que si vols, pots fer-ho\\\" - Gran\u00e9s Batxillerat - Escuela especializada en Bachillerato en Barcelona\",\"isPartOf\":{\"@id\":\"https:\/\/www.batxilleratgranes.com\/es\/#website\"},\"primaryImageOfPage\":{\"@id\":\"https:\/\/www.batxilleratgranes.com\/es\/he-apres-que-si-vols-pots-fer-ho\/#primaryimage\"},\"image\":{\"@id\":\"https:\/\/www.batxilleratgranes.com\/es\/he-apres-que-si-vols-pots-fer-ho\/#primaryimage\"},\"thumbnailUrl\":\"https:\/\/www.batxilleratgranes.com\/wp-content\/uploads\/2020\/02\/Irene-5.jpg\",\"datePublished\":\"2020-02-28T12:39:51+00:00\",\"dateModified\":\"2020-02-28T15:30:26+00:00\",\"breadcrumb\":{\"@id\":\"https:\/\/www.batxilleratgranes.com\/es\/he-apres-que-si-vols-pots-fer-ho\/#breadcrumb\"},\"inLanguage\":\"es\",\"potentialAction\":[{\"@type\":\"ReadAction\",\"target\":[\"https:\/\/www.batxilleratgranes.com\/es\/he-apres-que-si-vols-pots-fer-ho\/\"]}]},{\"@type\":\"ImageObject\",\"inLanguage\":\"es\",\"@id\":\"https:\/\/www.batxilleratgranes.com\/es\/he-apres-que-si-vols-pots-fer-ho\/#primaryimage\",\"url\":\"https:\/\/www.batxilleratgranes.com\/wp-content\/uploads\/2020\/02\/Irene-5.jpg\",\"contentUrl\":\"https:\/\/www.batxilleratgranes.com\/wp-content\/uploads\/2020\/02\/Irene-5.jpg\",\"width\":818,\"height\":612,\"caption\":\"Entrevista a Irene Caballero\"},{\"@type\":\"BreadcrumbList\",\"@id\":\"https:\/\/www.batxilleratgranes.com\/es\/he-apres-que-si-vols-pots-fer-ho\/#breadcrumb\",\"itemListElement\":[{\"@type\":\"ListItem\",\"position\":1,\"name\":\"Inici\",\"item\":\"https:\/\/www.batxilleratgranes.com\/es\/\"},{\"@type\":\"ListItem\",\"position\":2,\"name\":\"&#8220;He apr\u00e8s que si vols, pots fer-ho&#8221;\"}]},{\"@type\":\"WebSite\",\"@id\":\"https:\/\/www.batxilleratgranes.com\/es\/#website\",\"url\":\"https:\/\/www.batxilleratgranes.com\/es\/\",\"name\":\"Gran\u00e9s Batxillerat - Escuela especializada en Bachillerato en Barcelona\",\"description\":\"Escola especialitzada en Batxillerat a Barcelona\",\"publisher\":{\"@id\":\"https:\/\/www.batxilleratgranes.com\/es\/#organization\"},\"potentialAction\":[{\"@type\":\"SearchAction\",\"target\":{\"@type\":\"EntryPoint\",\"urlTemplate\":\"https:\/\/www.batxilleratgranes.com\/es\/?s={search_term_string}\"},\"query-input\":{\"@type\":\"PropertyValueSpecification\",\"valueRequired\":true,\"valueName\":\"search_term_string\"}}],\"inLanguage\":\"es\"},{\"@type\":\"Organization\",\"@id\":\"https:\/\/www.batxilleratgranes.com\/es\/#organization\",\"name\":\"Gran\u00e9s Batxillerat - Escuela especializada en Bachillerato en Barcelona\",\"url\":\"https:\/\/www.batxilleratgranes.com\/es\/\",\"logo\":{\"@type\":\"ImageObject\",\"inLanguage\":\"es\",\"@id\":\"https:\/\/www.batxilleratgranes.com\/es\/#\/schema\/logo\/image\/\",\"url\":\"https:\/\/www.batxilleratgranes.com\/wp-content\/uploads\/2013\/01\/granes1.png\",\"contentUrl\":\"https:\/\/www.batxilleratgranes.com\/wp-content\/uploads\/2013\/01\/granes1.png\",\"width\":292,\"height\":85,\"caption\":\"Gran\u00e9s Batxillerat - Escuela especializada en Bachillerato en Barcelona\"},\"image\":{\"@id\":\"https:\/\/www.batxilleratgranes.com\/es\/#\/schema\/logo\/image\/\"}},{\"@type\":\"Person\",\"@id\":\"https:\/\/www.batxilleratgranes.com\/es\/#\/schema\/person\/4e10f231f79e8e2d24629e02b8283201\",\"name\":\"mireia.martinez\",\"image\":{\"@type\":\"ImageObject\",\"inLanguage\":\"es\",\"@id\":\"https:\/\/www.batxilleratgranes.com\/es\/#\/schema\/person\/image\/\",\"url\":\"https:\/\/secure.gravatar.com\/avatar\/8c952e346979fb1eaf89bbc4dfda29f0?s=96&d=mm&r=g\",\"contentUrl\":\"https:\/\/secure.gravatar.com\/avatar\/8c952e346979fb1eaf89bbc4dfda29f0?s=96&d=mm&r=g\",\"caption\":\"mireia.martinez\"},\"url\":\"https:\/\/www.batxilleratgranes.com\/es\/author\/mireia-martinez\/\"}]}<\/script>\n<!-- \/ Yoast SEO plugin. -->","yoast_head_json":{"title":"\"He apr\u00e8s que si vols, pots fer-ho\" - Gran\u00e9s Batxillerat - Escuela especializada en Bachillerato en Barcelona","robots":{"index":"index","follow":"follow","max-snippet":"max-snippet:-1","max-image-preview":"max-image-preview:large","max-video-preview":"max-video-preview:-1"},"canonical":"https:\/\/www.batxilleratgranes.com\/es\/he-apres-que-si-vols-pots-fer-ho\/","og_locale":"es_ES","og_type":"article","og_title":"\"He apr\u00e8s que si vols, pots fer-ho\" - Gran\u00e9s Batxillerat - Escuela especializada en Bachillerato en Barcelona","og_description":"Entrevista a l&#8217;alumna de 2n de batxillerat d&#8217;Arts Esc\u00e8niques Irene Caballero sobre el seu Treball de Recerca, titulat Efecto Euforia, \u00bfc\u00f3mo se crea una serie web? D\u2019on va sorgir la idea d\u2019aquest Treball de Recerca? Des que era petita sempre m&#8217;ha agradat el m\u00f3n audiovisual. Li agafava el m\u00f2bil a la meva mare i comen\u00e7ava&hellip;&nbsp;Read More &raquo;&#8220;He apr\u00e8s que si vols, pots fer-ho&#8221;","og_url":"https:\/\/www.batxilleratgranes.com\/es\/he-apres-que-si-vols-pots-fer-ho\/","og_site_name":"Gran\u00e9s Batxillerat - Escuela especializada en Bachillerato en Barcelona","article_published_time":"2020-02-28T12:39:51+00:00","article_modified_time":"2020-02-28T15:30:26+00:00","og_image":[{"width":818,"height":612,"url":"https:\/\/www.batxilleratgranes.com\/wp-content\/uploads\/2020\/02\/Irene-5.jpg","type":"image\/jpeg"}],"author":"mireia.martinez","twitter_card":"summary_large_image","twitter_misc":{"Written by":"mireia.martinez","Est. reading time":"9 minutes"},"schema":{"@context":"https:\/\/schema.org","@graph":[{"@type":"Article","@id":"https:\/\/www.batxilleratgranes.com\/es\/he-apres-que-si-vols-pots-fer-ho\/#article","isPartOf":{"@id":"https:\/\/www.batxilleratgranes.com\/es\/he-apres-que-si-vols-pots-fer-ho\/"},"author":{"name":"mireia.martinez","@id":"https:\/\/www.batxilleratgranes.com\/es\/#\/schema\/person\/4e10f231f79e8e2d24629e02b8283201"},"headline":"&#8220;He apr\u00e8s que si vols, pots fer-ho&#8221;","datePublished":"2020-02-28T12:39:51+00:00","dateModified":"2020-02-28T15:30:26+00:00","mainEntityOfPage":{"@id":"https:\/\/www.batxilleratgranes.com\/es\/he-apres-que-si-vols-pots-fer-ho\/"},"wordCount":1845,"commentCount":0,"publisher":{"@id":"https:\/\/www.batxilleratgranes.com\/es\/#organization"},"image":{"@id":"https:\/\/www.batxilleratgranes.com\/es\/he-apres-que-si-vols-pots-fer-ho\/#primaryimage"},"thumbnailUrl":"https:\/\/www.batxilleratgranes.com\/wp-content\/uploads\/2020\/02\/Irene-5.jpg","articleSection":["Antics alumnes"],"inLanguage":"es","potentialAction":[{"@type":"CommentAction","name":"Comment","target":["https:\/\/www.batxilleratgranes.com\/es\/he-apres-que-si-vols-pots-fer-ho\/#respond"]}]},{"@type":"WebPage","@id":"https:\/\/www.batxilleratgranes.com\/es\/he-apres-que-si-vols-pots-fer-ho\/","url":"https:\/\/www.batxilleratgranes.com\/es\/he-apres-que-si-vols-pots-fer-ho\/","name":"\"He apr\u00e8s que si vols, pots fer-ho\" - Gran\u00e9s Batxillerat - Escuela especializada en Bachillerato en Barcelona","isPartOf":{"@id":"https:\/\/www.batxilleratgranes.com\/es\/#website"},"primaryImageOfPage":{"@id":"https:\/\/www.batxilleratgranes.com\/es\/he-apres-que-si-vols-pots-fer-ho\/#primaryimage"},"image":{"@id":"https:\/\/www.batxilleratgranes.com\/es\/he-apres-que-si-vols-pots-fer-ho\/#primaryimage"},"thumbnailUrl":"https:\/\/www.batxilleratgranes.com\/wp-content\/uploads\/2020\/02\/Irene-5.jpg","datePublished":"2020-02-28T12:39:51+00:00","dateModified":"2020-02-28T15:30:26+00:00","breadcrumb":{"@id":"https:\/\/www.batxilleratgranes.com\/es\/he-apres-que-si-vols-pots-fer-ho\/#breadcrumb"},"inLanguage":"es","potentialAction":[{"@type":"ReadAction","target":["https:\/\/www.batxilleratgranes.com\/es\/he-apres-que-si-vols-pots-fer-ho\/"]}]},{"@type":"ImageObject","inLanguage":"es","@id":"https:\/\/www.batxilleratgranes.com\/es\/he-apres-que-si-vols-pots-fer-ho\/#primaryimage","url":"https:\/\/www.batxilleratgranes.com\/wp-content\/uploads\/2020\/02\/Irene-5.jpg","contentUrl":"https:\/\/www.batxilleratgranes.com\/wp-content\/uploads\/2020\/02\/Irene-5.jpg","width":818,"height":612,"caption":"Entrevista a Irene Caballero"},{"@type":"BreadcrumbList","@id":"https:\/\/www.batxilleratgranes.com\/es\/he-apres-que-si-vols-pots-fer-ho\/#breadcrumb","itemListElement":[{"@type":"ListItem","position":1,"name":"Inici","item":"https:\/\/www.batxilleratgranes.com\/es\/"},{"@type":"ListItem","position":2,"name":"&#8220;He apr\u00e8s que si vols, pots fer-ho&#8221;"}]},{"@type":"WebSite","@id":"https:\/\/www.batxilleratgranes.com\/es\/#website","url":"https:\/\/www.batxilleratgranes.com\/es\/","name":"Gran\u00e9s Batxillerat - Escuela especializada en Bachillerato en Barcelona","description":"Escola especialitzada en Batxillerat a Barcelona","publisher":{"@id":"https:\/\/www.batxilleratgranes.com\/es\/#organization"},"potentialAction":[{"@type":"SearchAction","target":{"@type":"EntryPoint","urlTemplate":"https:\/\/www.batxilleratgranes.com\/es\/?s={search_term_string}"},"query-input":{"@type":"PropertyValueSpecification","valueRequired":true,"valueName":"search_term_string"}}],"inLanguage":"es"},{"@type":"Organization","@id":"https:\/\/www.batxilleratgranes.com\/es\/#organization","name":"Gran\u00e9s Batxillerat - Escuela especializada en Bachillerato en Barcelona","url":"https:\/\/www.batxilleratgranes.com\/es\/","logo":{"@type":"ImageObject","inLanguage":"es","@id":"https:\/\/www.batxilleratgranes.com\/es\/#\/schema\/logo\/image\/","url":"https:\/\/www.batxilleratgranes.com\/wp-content\/uploads\/2013\/01\/granes1.png","contentUrl":"https:\/\/www.batxilleratgranes.com\/wp-content\/uploads\/2013\/01\/granes1.png","width":292,"height":85,"caption":"Gran\u00e9s Batxillerat - Escuela especializada en Bachillerato en Barcelona"},"image":{"@id":"https:\/\/www.batxilleratgranes.com\/es\/#\/schema\/logo\/image\/"}},{"@type":"Person","@id":"https:\/\/www.batxilleratgranes.com\/es\/#\/schema\/person\/4e10f231f79e8e2d24629e02b8283201","name":"mireia.martinez","image":{"@type":"ImageObject","inLanguage":"es","@id":"https:\/\/www.batxilleratgranes.com\/es\/#\/schema\/person\/image\/","url":"https:\/\/secure.gravatar.com\/avatar\/8c952e346979fb1eaf89bbc4dfda29f0?s=96&d=mm&r=g","contentUrl":"https:\/\/secure.gravatar.com\/avatar\/8c952e346979fb1eaf89bbc4dfda29f0?s=96&d=mm&r=g","caption":"mireia.martinez"},"url":"https:\/\/www.batxilleratgranes.com\/es\/author\/mireia-martinez\/"}]}},"_links":{"self":[{"href":"https:\/\/www.batxilleratgranes.com\/es\/wp-json\/wp\/v2\/posts\/21273"}],"collection":[{"href":"https:\/\/www.batxilleratgranes.com\/es\/wp-json\/wp\/v2\/posts"}],"about":[{"href":"https:\/\/www.batxilleratgranes.com\/es\/wp-json\/wp\/v2\/types\/post"}],"author":[{"embeddable":true,"href":"https:\/\/www.batxilleratgranes.com\/es\/wp-json\/wp\/v2\/users\/5"}],"replies":[{"embeddable":true,"href":"https:\/\/www.batxilleratgranes.com\/es\/wp-json\/wp\/v2\/comments?post=21273"}],"version-history":[{"count":52,"href":"https:\/\/www.batxilleratgranes.com\/es\/wp-json\/wp\/v2\/posts\/21273\/revisions"}],"predecessor-version":[{"id":21576,"href":"https:\/\/www.batxilleratgranes.com\/es\/wp-json\/wp\/v2\/posts\/21273\/revisions\/21576"}],"wp:featuredmedia":[{"embeddable":true,"href":"https:\/\/www.batxilleratgranes.com\/es\/wp-json\/wp\/v2\/media\/21491"}],"wp:attachment":[{"href":"https:\/\/www.batxilleratgranes.com\/es\/wp-json\/wp\/v2\/media?parent=21273"}],"wp:term":[{"taxonomy":"category","embeddable":true,"href":"https:\/\/www.batxilleratgranes.com\/es\/wp-json\/wp\/v2\/categories?post=21273"},{"taxonomy":"post_tag","embeddable":true,"href":"https:\/\/www.batxilleratgranes.com\/es\/wp-json\/wp\/v2\/tags?post=21273"}],"curies":[{"name":"wp","href":"https:\/\/api.w.org\/{rel}","templated":true}]}}