{"id":21838,"date":"2020-03-11T14:02:36","date_gmt":"2020-03-11T14:02:36","guid":{"rendered":"https:\/\/www.batxilleratgranes.com\/?p=21838"},"modified":"2020-03-11T14:02:39","modified_gmt":"2020-03-11T14:02:39","slug":"taller-a-blanquerna-sobre-creacio-de-blogs","status":"publish","type":"post","link":"https:\/\/www.batxilleratgranes.com\/es\/taller-a-blanquerna-sobre-creacio-de-blogs\/","title":{"rendered":"Taller a Blanquerna sobre creaci\u00f3 de blogs"},"content":{"rendered":"\n<p>Els alumnes de 1r de batxillerat de l\u2019itinerari en <strong><a href=\"https:\/\/www.batxilleratgranes.com\/batxillerat-comunicacio-periodisme\">Comunicaci\u00f3 i Periodisme<\/a><\/strong> van realitzar ahir una sortida a la <strong>Facultat de Comunicaci\u00f3 i Relacions Internacionals Blanquerna-URL<\/strong>. <\/p>\n\n\n\n<div class=\"wp-block-image\"><figure class=\"aligncenter size-large is-resized\"><img loading=\"lazy\" decoding=\"async\" src=\"https:\/\/www.batxilleratgranes.com\/wp-content\/uploads\/2020\/03\/IMG-20200310-WA0009-1024x576.jpg\" alt=\"\" class=\"wp-image-21847\" width=\"768\" height=\"432\" srcset=\"https:\/\/www.batxilleratgranes.com\/wp-content\/uploads\/2020\/03\/IMG-20200310-WA0009-1024x576.jpg 1024w, https:\/\/www.batxilleratgranes.com\/wp-content\/uploads\/2020\/03\/IMG-20200310-WA0009-300x169.jpg 300w, https:\/\/www.batxilleratgranes.com\/wp-content\/uploads\/2020\/03\/IMG-20200310-WA0009-768x432.jpg 768w, https:\/\/www.batxilleratgranes.com\/wp-content\/uploads\/2020\/03\/IMG-20200310-WA0009-650x366.jpg 650w, https:\/\/www.batxilleratgranes.com\/wp-content\/uploads\/2020\/03\/IMG-20200310-WA0009-960x540.jpg 960w, https:\/\/www.batxilleratgranes.com\/wp-content\/uploads\/2020\/03\/IMG-20200310-WA0009-1000x563.jpg 1000w, https:\/\/www.batxilleratgranes.com\/wp-content\/uploads\/2020\/03\/IMG-20200310-WA0009.jpg 1200w\" sizes=\"(max-width: 768px) 100vw, 768px\" \/><\/figure><\/div>\n\n\n\n<p>En aquesta sortida, emmarcada dins el segon projecte que realitzen els alumnes en aquest curs, van portar a terme una segona sessi\u00f3 d\u2019aprofundiment sobre la <strong>creaci\u00f3 de p\u00e0gines web i blogs<\/strong>. En aquesta ocasi\u00f3, els alumnes van poder con\u00e8ixer la plataforma de gesti\u00f3 de continguts per a la publicaci\u00f3 de blogs i webs a Internet <strong>WordPress<\/strong>.<\/p>\n\n\n\n<div class=\"wp-block-image\"><figure class=\"aligncenter size-large is-resized\"><img loading=\"lazy\" decoding=\"async\" src=\"https:\/\/www.batxilleratgranes.com\/wp-content\/uploads\/2020\/03\/IMG-20200310-WA0007-1024x576.jpg\" alt=\"\" class=\"wp-image-21848\" width=\"768\" height=\"432\" srcset=\"https:\/\/www.batxilleratgranes.com\/wp-content\/uploads\/2020\/03\/IMG-20200310-WA0007-1024x576.jpg 1024w, https:\/\/www.batxilleratgranes.com\/wp-content\/uploads\/2020\/03\/IMG-20200310-WA0007-300x169.jpg 300w, https:\/\/www.batxilleratgranes.com\/wp-content\/uploads\/2020\/03\/IMG-20200310-WA0007-768x432.jpg 768w, https:\/\/www.batxilleratgranes.com\/wp-content\/uploads\/2020\/03\/IMG-20200310-WA0007-650x366.jpg 650w, https:\/\/www.batxilleratgranes.com\/wp-content\/uploads\/2020\/03\/IMG-20200310-WA0007-960x540.jpg 960w, https:\/\/www.batxilleratgranes.com\/wp-content\/uploads\/2020\/03\/IMG-20200310-WA0007-1000x563.jpg 1000w, https:\/\/www.batxilleratgranes.com\/wp-content\/uploads\/2020\/03\/IMG-20200310-WA0007.jpg 1200w\" sizes=\"(max-width: 768px) 100vw, 768px\" \/><\/figure><\/div>\n\n\n\n<p>Durant la sessi\u00f3, els nostres alumnes van poder experimentar de forma pr\u00e0ctica sobre aquest sistema, que els ajudar\u00e0 a posar en marxa el seu projecte de curs.<\/p>\n\n\n\n<div class=\"wp-block-image\"><figure class=\"aligncenter size-large is-resized\"><img loading=\"lazy\" decoding=\"async\" src=\"https:\/\/www.batxilleratgranes.com\/wp-content\/uploads\/2020\/03\/IMG-20200310-WA0008-576x1024.jpg\" alt=\"\" class=\"wp-image-21849\" width=\"432\" height=\"768\" srcset=\"https:\/\/www.batxilleratgranes.com\/wp-content\/uploads\/2020\/03\/IMG-20200310-WA0008-576x1024.jpg 576w, https:\/\/www.batxilleratgranes.com\/wp-content\/uploads\/2020\/03\/IMG-20200310-WA0008-169x300.jpg 169w, https:\/\/www.batxilleratgranes.com\/wp-content\/uploads\/2020\/03\/IMG-20200310-WA0008-650x1156.jpg 650w, https:\/\/www.batxilleratgranes.com\/wp-content\/uploads\/2020\/03\/IMG-20200310-WA0008.jpg 675w\" sizes=\"(max-width: 432px) 100vw, 432px\" \/><\/figure><\/div>\n\n\n\n<h6 class=\"has-text-align-right wp-block-heading\">Fotografies: Dani Jan\u00e9<\/h6>\n","protected":false},"excerpt":{"rendered":"<p>Els alumnes de 1r de batxillerat de l\u2019itinerari en Comunicaci\u00f3 i Periodisme van realitzar ahir una sortida a la Facultat de Comunicaci\u00f3 i Relacions Internacionals Blanquerna-URL. En aquesta sortida, emmarcada dins el segon projecte que realitzen els alumnes en aquest curs, van portar a terme una segona sessi\u00f3 d\u2019aprofundiment sobre la creaci\u00f3 de p\u00e0gines web&hellip;&nbsp;<a href=\"https:\/\/www.batxilleratgranes.com\/es\/taller-a-blanquerna-sobre-creacio-de-blogs\/\" class=\"\" rel=\"bookmark\">Read More &raquo;<span class=\"screen-reader-text\">Taller a Blanquerna sobre creaci\u00f3 de blogs<\/span><\/a><\/p>\n","protected":false},"author":5,"featured_media":21850,"comment_status":"open","ping_status":"open","sticky":false,"template":"","format":"standard","meta":{"neve_meta_sidebar":"","neve_meta_container":"","neve_meta_enable_content_width":"","neve_meta_content_width":0,"neve_meta_title_alignment":"","neve_meta_author_avatar":"","neve_post_elements_order":"","neve_meta_disable_header":"","neve_meta_disable_footer":"","neve_meta_disable_title":"","footnotes":""},"categories":[7],"tags":[495,778,322],"class_list":["post-21838","post","type-post","status-publish","format-standard","has-post-thumbnail","hentry","category-centre-batxillerat-granes","tag-blanquerna","tag-blogs","tag-comunicacio-i-periodisme"],"yoast_head":"<!-- This site is optimized with the Yoast SEO plugin v23.4 - https:\/\/yoast.com\/wordpress\/plugins\/seo\/ -->\n<title>Taller a Blanquerna sobre creaci\u00f3 de blogs - Gran\u00e9s Batxillerat - Escuela especializada en Bachillerato en Barcelona<\/title>\n<meta name=\"robots\" content=\"index, follow, max-snippet:-1, max-image-preview:large, max-video-preview:-1\" \/>\n<link rel=\"canonical\" href=\"https:\/\/www.batxilleratgranes.com\/es\/taller-a-blanquerna-sobre-creacio-de-blogs\/\" \/>\n<meta property=\"og:locale\" content=\"es_ES\" \/>\n<meta property=\"og:type\" content=\"article\" \/>\n<meta property=\"og:title\" content=\"Taller a Blanquerna sobre creaci\u00f3 de blogs - Gran\u00e9s Batxillerat - Escuela especializada en Bachillerato en Barcelona\" \/>\n<meta property=\"og:description\" content=\"Els alumnes de 1r de batxillerat de l\u2019itinerari en Comunicaci\u00f3 i Periodisme van realitzar ahir una sortida a la Facultat de Comunicaci\u00f3 i Relacions Internacionals Blanquerna-URL. En aquesta sortida, emmarcada dins el segon projecte que realitzen els alumnes en aquest curs, van portar a terme una segona sessi\u00f3 d\u2019aprofundiment sobre la creaci\u00f3 de p\u00e0gines web&hellip;&nbsp;Read More &raquo;Taller a Blanquerna sobre creaci\u00f3 de blogs\" \/>\n<meta property=\"og:url\" content=\"https:\/\/www.batxilleratgranes.com\/es\/taller-a-blanquerna-sobre-creacio-de-blogs\/\" \/>\n<meta property=\"og:site_name\" content=\"Gran\u00e9s Batxillerat - Escuela especializada en Bachillerato en Barcelona\" \/>\n<meta property=\"article:published_time\" content=\"2020-03-11T14:02:36+00:00\" \/>\n<meta property=\"article:modified_time\" content=\"2020-03-11T14:02:39+00:00\" \/>\n<meta property=\"og:image\" content=\"https:\/\/www.batxilleratgranes.com\/wp-content\/uploads\/2020\/03\/IMG-20200310-WA0005.jpg\" \/>\n\t<meta property=\"og:image:width\" content=\"1200\" \/>\n\t<meta property=\"og:image:height\" content=\"675\" \/>\n\t<meta property=\"og:image:type\" content=\"image\/jpeg\" \/>\n<meta name=\"author\" content=\"mireia.martinez\" \/>\n<meta name=\"twitter:card\" content=\"summary_large_image\" \/>\n<meta name=\"twitter:label1\" content=\"Written by\" \/>\n\t<meta name=\"twitter:data1\" content=\"mireia.martinez\" \/>\n\t<meta name=\"twitter:label2\" content=\"Est. reading time\" \/>\n\t<meta name=\"twitter:data2\" content=\"1 minute\" \/>\n<script type=\"application\/ld+json\" class=\"yoast-schema-graph\">{\"@context\":\"https:\/\/schema.org\",\"@graph\":[{\"@type\":\"Article\",\"@id\":\"https:\/\/www.batxilleratgranes.com\/es\/taller-a-blanquerna-sobre-creacio-de-blogs\/#article\",\"isPartOf\":{\"@id\":\"https:\/\/www.batxilleratgranes.com\/es\/taller-a-blanquerna-sobre-creacio-de-blogs\/\"},\"author\":{\"name\":\"mireia.martinez\",\"@id\":\"https:\/\/www.batxilleratgranes.com\/es\/#\/schema\/person\/4e10f231f79e8e2d24629e02b8283201\"},\"headline\":\"Taller a Blanquerna sobre creaci\u00f3 de blogs\",\"datePublished\":\"2020-03-11T14:02:36+00:00\",\"dateModified\":\"2020-03-11T14:02:39+00:00\",\"mainEntityOfPage\":{\"@id\":\"https:\/\/www.batxilleratgranes.com\/es\/taller-a-blanquerna-sobre-creacio-de-blogs\/\"},\"wordCount\":124,\"commentCount\":0,\"publisher\":{\"@id\":\"https:\/\/www.batxilleratgranes.com\/es\/#organization\"},\"image\":{\"@id\":\"https:\/\/www.batxilleratgranes.com\/es\/taller-a-blanquerna-sobre-creacio-de-blogs\/#primaryimage\"},\"thumbnailUrl\":\"https:\/\/www.batxilleratgranes.com\/wp-content\/uploads\/2020\/03\/IMG-20200310-WA0005.jpg\",\"keywords\":[\"Blanquerna\",\"Blogs\",\"Comunicaci\u00f3 i Periodisme\"],\"articleSection\":[\"Activitats Gran\u00e9s\"],\"inLanguage\":\"es\",\"potentialAction\":[{\"@type\":\"CommentAction\",\"name\":\"Comment\",\"target\":[\"https:\/\/www.batxilleratgranes.com\/es\/taller-a-blanquerna-sobre-creacio-de-blogs\/#respond\"]}]},{\"@type\":\"WebPage\",\"@id\":\"https:\/\/www.batxilleratgranes.com\/es\/taller-a-blanquerna-sobre-creacio-de-blogs\/\",\"url\":\"https:\/\/www.batxilleratgranes.com\/es\/taller-a-blanquerna-sobre-creacio-de-blogs\/\",\"name\":\"Taller a Blanquerna sobre creaci\u00f3 de blogs - Gran\u00e9s Batxillerat - Escuela especializada en Bachillerato en Barcelona\",\"isPartOf\":{\"@id\":\"https:\/\/www.batxilleratgranes.com\/es\/#website\"},\"primaryImageOfPage\":{\"@id\":\"https:\/\/www.batxilleratgranes.com\/es\/taller-a-blanquerna-sobre-creacio-de-blogs\/#primaryimage\"},\"image\":{\"@id\":\"https:\/\/www.batxilleratgranes.com\/es\/taller-a-blanquerna-sobre-creacio-de-blogs\/#primaryimage\"},\"thumbnailUrl\":\"https:\/\/www.batxilleratgranes.com\/wp-content\/uploads\/2020\/03\/IMG-20200310-WA0005.jpg\",\"datePublished\":\"2020-03-11T14:02:36+00:00\",\"dateModified\":\"2020-03-11T14:02:39+00:00\",\"breadcrumb\":{\"@id\":\"https:\/\/www.batxilleratgranes.com\/es\/taller-a-blanquerna-sobre-creacio-de-blogs\/#breadcrumb\"},\"inLanguage\":\"es\",\"potentialAction\":[{\"@type\":\"ReadAction\",\"target\":[\"https:\/\/www.batxilleratgranes.com\/es\/taller-a-blanquerna-sobre-creacio-de-blogs\/\"]}]},{\"@type\":\"ImageObject\",\"inLanguage\":\"es\",\"@id\":\"https:\/\/www.batxilleratgranes.com\/es\/taller-a-blanquerna-sobre-creacio-de-blogs\/#primaryimage\",\"url\":\"https:\/\/www.batxilleratgranes.com\/wp-content\/uploads\/2020\/03\/IMG-20200310-WA0005.jpg\",\"contentUrl\":\"https:\/\/www.batxilleratgranes.com\/wp-content\/uploads\/2020\/03\/IMG-20200310-WA0005.jpg\",\"width\":1200,\"height\":675,\"caption\":\"Taller a Blanquerna sobre la creaci\u00f3 d'un blog\"},{\"@type\":\"BreadcrumbList\",\"@id\":\"https:\/\/www.batxilleratgranes.com\/es\/taller-a-blanquerna-sobre-creacio-de-blogs\/#breadcrumb\",\"itemListElement\":[{\"@type\":\"ListItem\",\"position\":1,\"name\":\"Inici\",\"item\":\"https:\/\/www.batxilleratgranes.com\/es\/\"},{\"@type\":\"ListItem\",\"position\":2,\"name\":\"Taller a Blanquerna sobre creaci\u00f3 de blogs\"}]},{\"@type\":\"WebSite\",\"@id\":\"https:\/\/www.batxilleratgranes.com\/es\/#website\",\"url\":\"https:\/\/www.batxilleratgranes.com\/es\/\",\"name\":\"Gran\u00e9s Batxillerat - Escuela especializada en Bachillerato en Barcelona\",\"description\":\"Escola especialitzada en Batxillerat a Barcelona\",\"publisher\":{\"@id\":\"https:\/\/www.batxilleratgranes.com\/es\/#organization\"},\"potentialAction\":[{\"@type\":\"SearchAction\",\"target\":{\"@type\":\"EntryPoint\",\"urlTemplate\":\"https:\/\/www.batxilleratgranes.com\/es\/?s={search_term_string}\"},\"query-input\":{\"@type\":\"PropertyValueSpecification\",\"valueRequired\":true,\"valueName\":\"search_term_string\"}}],\"inLanguage\":\"es\"},{\"@type\":\"Organization\",\"@id\":\"https:\/\/www.batxilleratgranes.com\/es\/#organization\",\"name\":\"Gran\u00e9s Batxillerat - Escuela especializada en Bachillerato en Barcelona\",\"url\":\"https:\/\/www.batxilleratgranes.com\/es\/\",\"logo\":{\"@type\":\"ImageObject\",\"inLanguage\":\"es\",\"@id\":\"https:\/\/www.batxilleratgranes.com\/es\/#\/schema\/logo\/image\/\",\"url\":\"https:\/\/www.batxilleratgranes.com\/wp-content\/uploads\/2013\/01\/granes1.png\",\"contentUrl\":\"https:\/\/www.batxilleratgranes.com\/wp-content\/uploads\/2013\/01\/granes1.png\",\"width\":292,\"height\":85,\"caption\":\"Gran\u00e9s Batxillerat - Escuela especializada en Bachillerato en Barcelona\"},\"image\":{\"@id\":\"https:\/\/www.batxilleratgranes.com\/es\/#\/schema\/logo\/image\/\"}},{\"@type\":\"Person\",\"@id\":\"https:\/\/www.batxilleratgranes.com\/es\/#\/schema\/person\/4e10f231f79e8e2d24629e02b8283201\",\"name\":\"mireia.martinez\",\"image\":{\"@type\":\"ImageObject\",\"inLanguage\":\"es\",\"@id\":\"https:\/\/www.batxilleratgranes.com\/es\/#\/schema\/person\/image\/\",\"url\":\"https:\/\/secure.gravatar.com\/avatar\/8c952e346979fb1eaf89bbc4dfda29f0?s=96&d=mm&r=g\",\"contentUrl\":\"https:\/\/secure.gravatar.com\/avatar\/8c952e346979fb1eaf89bbc4dfda29f0?s=96&d=mm&r=g\",\"caption\":\"mireia.martinez\"},\"url\":\"https:\/\/www.batxilleratgranes.com\/es\/author\/mireia-martinez\/\"}]}<\/script>\n<!-- \/ Yoast SEO plugin. -->","yoast_head_json":{"title":"Taller a Blanquerna sobre creaci\u00f3 de blogs - Gran\u00e9s Batxillerat - Escuela especializada en Bachillerato en Barcelona","robots":{"index":"index","follow":"follow","max-snippet":"max-snippet:-1","max-image-preview":"max-image-preview:large","max-video-preview":"max-video-preview:-1"},"canonical":"https:\/\/www.batxilleratgranes.com\/es\/taller-a-blanquerna-sobre-creacio-de-blogs\/","og_locale":"es_ES","og_type":"article","og_title":"Taller a Blanquerna sobre creaci\u00f3 de blogs - Gran\u00e9s Batxillerat - Escuela especializada en Bachillerato en Barcelona","og_description":"Els alumnes de 1r de batxillerat de l\u2019itinerari en Comunicaci\u00f3 i Periodisme van realitzar ahir una sortida a la Facultat de Comunicaci\u00f3 i Relacions Internacionals Blanquerna-URL. En aquesta sortida, emmarcada dins el segon projecte que realitzen els alumnes en aquest curs, van portar a terme una segona sessi\u00f3 d\u2019aprofundiment sobre la creaci\u00f3 de p\u00e0gines web&hellip;&nbsp;Read More &raquo;Taller a Blanquerna sobre creaci\u00f3 de blogs","og_url":"https:\/\/www.batxilleratgranes.com\/es\/taller-a-blanquerna-sobre-creacio-de-blogs\/","og_site_name":"Gran\u00e9s Batxillerat - Escuela especializada en Bachillerato en Barcelona","article_published_time":"2020-03-11T14:02:36+00:00","article_modified_time":"2020-03-11T14:02:39+00:00","og_image":[{"width":1200,"height":675,"url":"https:\/\/www.batxilleratgranes.com\/wp-content\/uploads\/2020\/03\/IMG-20200310-WA0005.jpg","type":"image\/jpeg"}],"author":"mireia.martinez","twitter_card":"summary_large_image","twitter_misc":{"Written by":"mireia.martinez","Est. reading time":"1 minute"},"schema":{"@context":"https:\/\/schema.org","@graph":[{"@type":"Article","@id":"https:\/\/www.batxilleratgranes.com\/es\/taller-a-blanquerna-sobre-creacio-de-blogs\/#article","isPartOf":{"@id":"https:\/\/www.batxilleratgranes.com\/es\/taller-a-blanquerna-sobre-creacio-de-blogs\/"},"author":{"name":"mireia.martinez","@id":"https:\/\/www.batxilleratgranes.com\/es\/#\/schema\/person\/4e10f231f79e8e2d24629e02b8283201"},"headline":"Taller a Blanquerna sobre creaci\u00f3 de blogs","datePublished":"2020-03-11T14:02:36+00:00","dateModified":"2020-03-11T14:02:39+00:00","mainEntityOfPage":{"@id":"https:\/\/www.batxilleratgranes.com\/es\/taller-a-blanquerna-sobre-creacio-de-blogs\/"},"wordCount":124,"commentCount":0,"publisher":{"@id":"https:\/\/www.batxilleratgranes.com\/es\/#organization"},"image":{"@id":"https:\/\/www.batxilleratgranes.com\/es\/taller-a-blanquerna-sobre-creacio-de-blogs\/#primaryimage"},"thumbnailUrl":"https:\/\/www.batxilleratgranes.com\/wp-content\/uploads\/2020\/03\/IMG-20200310-WA0005.jpg","keywords":["Blanquerna","Blogs","Comunicaci\u00f3 i Periodisme"],"articleSection":["Activitats Gran\u00e9s"],"inLanguage":"es","potentialAction":[{"@type":"CommentAction","name":"Comment","target":["https:\/\/www.batxilleratgranes.com\/es\/taller-a-blanquerna-sobre-creacio-de-blogs\/#respond"]}]},{"@type":"WebPage","@id":"https:\/\/www.batxilleratgranes.com\/es\/taller-a-blanquerna-sobre-creacio-de-blogs\/","url":"https:\/\/www.batxilleratgranes.com\/es\/taller-a-blanquerna-sobre-creacio-de-blogs\/","name":"Taller a Blanquerna sobre creaci\u00f3 de blogs - Gran\u00e9s Batxillerat - Escuela especializada en Bachillerato en Barcelona","isPartOf":{"@id":"https:\/\/www.batxilleratgranes.com\/es\/#website"},"primaryImageOfPage":{"@id":"https:\/\/www.batxilleratgranes.com\/es\/taller-a-blanquerna-sobre-creacio-de-blogs\/#primaryimage"},"image":{"@id":"https:\/\/www.batxilleratgranes.com\/es\/taller-a-blanquerna-sobre-creacio-de-blogs\/#primaryimage"},"thumbnailUrl":"https:\/\/www.batxilleratgranes.com\/wp-content\/uploads\/2020\/03\/IMG-20200310-WA0005.jpg","datePublished":"2020-03-11T14:02:36+00:00","dateModified":"2020-03-11T14:02:39+00:00","breadcrumb":{"@id":"https:\/\/www.batxilleratgranes.com\/es\/taller-a-blanquerna-sobre-creacio-de-blogs\/#breadcrumb"},"inLanguage":"es","potentialAction":[{"@type":"ReadAction","target":["https:\/\/www.batxilleratgranes.com\/es\/taller-a-blanquerna-sobre-creacio-de-blogs\/"]}]},{"@type":"ImageObject","inLanguage":"es","@id":"https:\/\/www.batxilleratgranes.com\/es\/taller-a-blanquerna-sobre-creacio-de-blogs\/#primaryimage","url":"https:\/\/www.batxilleratgranes.com\/wp-content\/uploads\/2020\/03\/IMG-20200310-WA0005.jpg","contentUrl":"https:\/\/www.batxilleratgranes.com\/wp-content\/uploads\/2020\/03\/IMG-20200310-WA0005.jpg","width":1200,"height":675,"caption":"Taller a Blanquerna sobre la creaci\u00f3 d'un blog"},{"@type":"BreadcrumbList","@id":"https:\/\/www.batxilleratgranes.com\/es\/taller-a-blanquerna-sobre-creacio-de-blogs\/#breadcrumb","itemListElement":[{"@type":"ListItem","position":1,"name":"Inici","item":"https:\/\/www.batxilleratgranes.com\/es\/"},{"@type":"ListItem","position":2,"name":"Taller a Blanquerna sobre creaci\u00f3 de blogs"}]},{"@type":"WebSite","@id":"https:\/\/www.batxilleratgranes.com\/es\/#website","url":"https:\/\/www.batxilleratgranes.com\/es\/","name":"Gran\u00e9s Batxillerat - Escuela especializada en Bachillerato en Barcelona","description":"Escola especialitzada en Batxillerat a Barcelona","publisher":{"@id":"https:\/\/www.batxilleratgranes.com\/es\/#organization"},"potentialAction":[{"@type":"SearchAction","target":{"@type":"EntryPoint","urlTemplate":"https:\/\/www.batxilleratgranes.com\/es\/?s={search_term_string}"},"query-input":{"@type":"PropertyValueSpecification","valueRequired":true,"valueName":"search_term_string"}}],"inLanguage":"es"},{"@type":"Organization","@id":"https:\/\/www.batxilleratgranes.com\/es\/#organization","name":"Gran\u00e9s Batxillerat - Escuela especializada en Bachillerato en Barcelona","url":"https:\/\/www.batxilleratgranes.com\/es\/","logo":{"@type":"ImageObject","inLanguage":"es","@id":"https:\/\/www.batxilleratgranes.com\/es\/#\/schema\/logo\/image\/","url":"https:\/\/www.batxilleratgranes.com\/wp-content\/uploads\/2013\/01\/granes1.png","contentUrl":"https:\/\/www.batxilleratgranes.com\/wp-content\/uploads\/2013\/01\/granes1.png","width":292,"height":85,"caption":"Gran\u00e9s Batxillerat - Escuela especializada en Bachillerato en Barcelona"},"image":{"@id":"https:\/\/www.batxilleratgranes.com\/es\/#\/schema\/logo\/image\/"}},{"@type":"Person","@id":"https:\/\/www.batxilleratgranes.com\/es\/#\/schema\/person\/4e10f231f79e8e2d24629e02b8283201","name":"mireia.martinez","image":{"@type":"ImageObject","inLanguage":"es","@id":"https:\/\/www.batxilleratgranes.com\/es\/#\/schema\/person\/image\/","url":"https:\/\/secure.gravatar.com\/avatar\/8c952e346979fb1eaf89bbc4dfda29f0?s=96&d=mm&r=g","contentUrl":"https:\/\/secure.gravatar.com\/avatar\/8c952e346979fb1eaf89bbc4dfda29f0?s=96&d=mm&r=g","caption":"mireia.martinez"},"url":"https:\/\/www.batxilleratgranes.com\/es\/author\/mireia-martinez\/"}]}},"_links":{"self":[{"href":"https:\/\/www.batxilleratgranes.com\/es\/wp-json\/wp\/v2\/posts\/21838"}],"collection":[{"href":"https:\/\/www.batxilleratgranes.com\/es\/wp-json\/wp\/v2\/posts"}],"about":[{"href":"https:\/\/www.batxilleratgranes.com\/es\/wp-json\/wp\/v2\/types\/post"}],"author":[{"embeddable":true,"href":"https:\/\/www.batxilleratgranes.com\/es\/wp-json\/wp\/v2\/users\/5"}],"replies":[{"embeddable":true,"href":"https:\/\/www.batxilleratgranes.com\/es\/wp-json\/wp\/v2\/comments?post=21838"}],"version-history":[{"count":4,"href":"https:\/\/www.batxilleratgranes.com\/es\/wp-json\/wp\/v2\/posts\/21838\/revisions"}],"predecessor-version":[{"id":21852,"href":"https:\/\/www.batxilleratgranes.com\/es\/wp-json\/wp\/v2\/posts\/21838\/revisions\/21852"}],"wp:featuredmedia":[{"embeddable":true,"href":"https:\/\/www.batxilleratgranes.com\/es\/wp-json\/wp\/v2\/media\/21850"}],"wp:attachment":[{"href":"https:\/\/www.batxilleratgranes.com\/es\/wp-json\/wp\/v2\/media?parent=21838"}],"wp:term":[{"taxonomy":"category","embeddable":true,"href":"https:\/\/www.batxilleratgranes.com\/es\/wp-json\/wp\/v2\/categories?post=21838"},{"taxonomy":"post_tag","embeddable":true,"href":"https:\/\/www.batxilleratgranes.com\/es\/wp-json\/wp\/v2\/tags?post=21838"}],"curies":[{"name":"wp","href":"https:\/\/api.w.org\/{rel}","templated":true}]}}