{"id":21971,"date":"2020-03-19T15:14:28","date_gmt":"2020-03-19T15:14:28","guid":{"rendered":"https:\/\/www.batxilleratgranes.com\/?p=21971"},"modified":"2020-03-19T15:15:08","modified_gmt":"2020-03-19T15:15:08","slug":"comenca-unifira-graus-alternativa-virtual-al-salo-de-lensenyament","status":"publish","type":"post","link":"https:\/\/www.batxilleratgranes.com\/es\/comenca-unifira-graus-alternativa-virtual-al-salo-de-lensenyament\/","title":{"rendered":"Comen\u00e7a Unifira Graus, l&#8217;alternativa virtual al Sal\u00f3 de l&#8217;Ensenyament"},"content":{"rendered":"\n<p>Tots aquells que ten\u00edeu al cap visitar el Sal\u00f3 de l&#8217;Ensenyament en aquestes dates per acabar d&#8217;esvair els vostres dubtes sobre la tria de la carrera universit\u00e0ria, teniu avui una alternativa virtual que us pot resultar interessant.<\/p>\n\n\n\n<div class=\"wp-block-image\"><figure class=\"aligncenter size-large is-resized\"><img loading=\"lazy\" decoding=\"async\" src=\"https:\/\/www.batxilleratgranes.com\/wp-content\/uploads\/2020\/03\/unifira-3-1024x597.jpg\" alt=\"\" class=\"wp-image-21987\" width=\"768\" height=\"448\" srcset=\"https:\/\/www.batxilleratgranes.com\/wp-content\/uploads\/2020\/03\/unifira-3-1024x597.jpg 1024w, https:\/\/www.batxilleratgranes.com\/wp-content\/uploads\/2020\/03\/unifira-3-300x175.jpg 300w, https:\/\/www.batxilleratgranes.com\/wp-content\/uploads\/2020\/03\/unifira-3-768x448.jpg 768w, https:\/\/www.batxilleratgranes.com\/wp-content\/uploads\/2020\/03\/unifira-3-650x379.jpg 650w, https:\/\/www.batxilleratgranes.com\/wp-content\/uploads\/2020\/03\/unifira-3-960x560.jpg 960w, https:\/\/www.batxilleratgranes.com\/wp-content\/uploads\/2020\/03\/unifira-3-1000x583.jpg 1000w, https:\/\/www.batxilleratgranes.com\/wp-content\/uploads\/2020\/03\/unifira-3.jpg 1046w\" sizes=\"(max-width: 768px) 100vw, 768px\" \/><\/figure><\/div>\n\n\n\n<p>I \u00e9s que avui arrenca <strong><a href=\"http:\/\/www.graus.uniferia.org\">Unifira Graus<\/a><\/strong>, una plataforma virtual impulsada per  les dotze universitats catalanes que pret\u00e9n <strong>informar en l\u00ednia i de forma personalitzada<\/strong> sobre la seva oferta acad\u00e8mica de graus, sistemes d&#8217;acc\u00e9s, beques&#8230;. i tot all\u00f2 que pot interessar a l&#8217;estudiant de batxillerat per poder cursar estudis superiors universitaris. <\/p>\n\n\n\n<p>D&#8217;aquesta manera, els alumnes podran trobar tota aquesta informaci\u00f3 <strong>en un sol lloc<\/strong>: <a href=\"http:\/\/www.graus.uniferia.org\"><strong>www.graus.uniferia.org<\/strong>.<\/a> La plataforma est\u00e0 integrada per la Universitat Ramon Llull, Universitat Aut\u00f2noma de Barcelona, Universitat de Barcelona, Universitat Polit\u00e8cnica de Catalunya, Universitat Oberta de Catalunya, Universitat de Girona, Universitat de Lleida, Universitat Rovira i Virgili, Universitat de Vic-UCC, Universitat Pompeu Fabra, Universitat Internacional de Catalunya i Universitat Abat Oliva CEU.<\/p>\n\n\n\n<p>Aquesta fira virtual  s&#8217;ha organitzat despr\u00e9s que el Sal\u00f3 de l&#8217;Ensenyament s&#8217;hagi ajornat a causa de l&#8217;alerta sanit\u00e0ria pel coronavirus. A la <a href=\"http:\/\/www.graus.uniferia.org\">plataforma<\/a>, s&#8217;hi podr\u00e0 accedir mitjan\u00e7ant un format responsiu i adaptable a dispositius m\u00f2bils.<\/p>\n\n\n\n<div class=\"wp-block-image\"><figure class=\"aligncenter size-large is-resized\"><img loading=\"lazy\" decoding=\"async\" src=\"https:\/\/www.batxilleratgranes.com\/wp-content\/uploads\/2020\/03\/unifira-1.jpg\" alt=\"\" class=\"wp-image-21986\" width=\"692\" height=\"459\" srcset=\"https:\/\/www.batxilleratgranes.com\/wp-content\/uploads\/2020\/03\/unifira-1.jpg 923w, https:\/\/www.batxilleratgranes.com\/wp-content\/uploads\/2020\/03\/unifira-1-300x199.jpg 300w, https:\/\/www.batxilleratgranes.com\/wp-content\/uploads\/2020\/03\/unifira-1-768x509.jpg 768w, https:\/\/www.batxilleratgranes.com\/wp-content\/uploads\/2020\/03\/unifira-1-650x431.jpg 650w, https:\/\/www.batxilleratgranes.com\/wp-content\/uploads\/2020\/03\/unifira-1-134x90.jpg 134w\" sizes=\"(max-width: 692px) 100vw, 692px\" \/><\/figure><\/div>\n\n\n\n<h3 class=\"wp-block-heading\">Xat i orientaci\u00f3 personalitzada <\/h3>\n\n\n\n<p> A m\u00e9s de la informaci\u00f3, <strong>des d&#8217;avui i fins al 21 de mar\u00e7, de 10 h a 14 h i de 15 h a 19 h, <\/strong>es donar\u00e0 atenci\u00f3 i orientaci\u00f3 personalitzada als futurs universitaris a trav\u00e9s dels canals de xat. Aix\u00ed, els alumnes interessats podran fer tota mena de consultes a les diferents universitats. Un cop acabada la fira, la informaci\u00f3 es podr\u00e0 seguir consultant al mateix lloc fins al mes d\u2019octubre. <\/p>\n\n\n\n<p>Us recomanem que no deixeu de visitar aquesta fira virtual que us pot ajudar a resoldre els vostres dubtes de cara a la vostra seg\u00fcent etapa educativa.<\/p>\n\n\n\n<p><\/p>\n\n\n\n<p><\/p>\n","protected":false},"excerpt":{"rendered":"<p>Tots aquells que ten\u00edeu al cap visitar el Sal\u00f3 de l&#8217;Ensenyament en aquestes dates per acabar d&#8217;esvair els vostres dubtes sobre la tria de la carrera universit\u00e0ria, teniu avui una alternativa virtual que us pot resultar interessant. I \u00e9s que avui arrenca Unifira Graus, una plataforma virtual impulsada per les dotze universitats catalanes que pret\u00e9n&hellip;&nbsp;<a href=\"https:\/\/www.batxilleratgranes.com\/es\/comenca-unifira-graus-alternativa-virtual-al-salo-de-lensenyament\/\" class=\"\" rel=\"bookmark\">Read More &raquo;<span class=\"screen-reader-text\">Comen\u00e7a Unifira Graus, l&#8217;alternativa virtual al Sal\u00f3 de l&#8217;Ensenyament<\/span><\/a><\/p>\n","protected":false},"author":5,"featured_media":21989,"comment_status":"open","ping_status":"open","sticky":false,"template":"","format":"standard","meta":{"neve_meta_sidebar":"","neve_meta_container":"","neve_meta_enable_content_width":"","neve_meta_content_width":0,"neve_meta_title_alignment":"","neve_meta_author_avatar":"","neve_post_elements_order":"","neve_meta_disable_header":"","neve_meta_disable_footer":"","neve_meta_disable_title":"","footnotes":""},"categories":[7],"tags":[944,480,943,941,364,942],"class_list":["post-21971","post","type-post","status-publish","format-standard","has-post-thumbnail","hentry","category-centre-batxillerat-granes","tag-fira","tag-orientacio-universitaria","tag-que-estudiar","tag-unifira-graus","tag-universitats","tag-url"],"yoast_head":"<!-- This site is optimized with the Yoast SEO plugin v23.4 - https:\/\/yoast.com\/wordpress\/plugins\/seo\/ -->\n<title>Comen\u00e7a Unifira Graus, l&#039;alternativa virtual al Sal\u00f3 de l&#039;Ensenyament - Gran\u00e9s Batxillerat - Escuela especializada en Bachillerato en Barcelona<\/title>\n<meta name=\"robots\" content=\"index, follow, max-snippet:-1, max-image-preview:large, max-video-preview:-1\" \/>\n<link rel=\"canonical\" href=\"https:\/\/www.batxilleratgranes.com\/es\/comenca-unifira-graus-alternativa-virtual-al-salo-de-lensenyament\/\" \/>\n<meta property=\"og:locale\" content=\"es_ES\" \/>\n<meta property=\"og:type\" content=\"article\" \/>\n<meta property=\"og:title\" content=\"Comen\u00e7a Unifira Graus, l&#039;alternativa virtual al Sal\u00f3 de l&#039;Ensenyament - Gran\u00e9s Batxillerat - Escuela especializada en Bachillerato en Barcelona\" \/>\n<meta property=\"og:description\" content=\"Tots aquells que ten\u00edeu al cap visitar el Sal\u00f3 de l&#8217;Ensenyament en aquestes dates per acabar d&#8217;esvair els vostres dubtes sobre la tria de la carrera universit\u00e0ria, teniu avui una alternativa virtual que us pot resultar interessant. I \u00e9s que avui arrenca Unifira Graus, una plataforma virtual impulsada per les dotze universitats catalanes que pret\u00e9n&hellip;&nbsp;Read More &raquo;Comen\u00e7a Unifira Graus, l&#8217;alternativa virtual al Sal\u00f3 de l&#8217;Ensenyament\" \/>\n<meta property=\"og:url\" content=\"https:\/\/www.batxilleratgranes.com\/es\/comenca-unifira-graus-alternativa-virtual-al-salo-de-lensenyament\/\" \/>\n<meta property=\"og:site_name\" content=\"Gran\u00e9s Batxillerat - Escuela especializada en Bachillerato en Barcelona\" \/>\n<meta property=\"article:published_time\" content=\"2020-03-19T15:14:28+00:00\" \/>\n<meta property=\"article:modified_time\" content=\"2020-03-19T15:15:08+00:00\" \/>\n<meta property=\"og:image\" content=\"https:\/\/www.batxilleratgranes.com\/wp-content\/uploads\/2020\/03\/Unifira.jpg\" \/>\n\t<meta property=\"og:image:width\" content=\"1200\" \/>\n\t<meta property=\"og:image:height\" content=\"556\" \/>\n\t<meta property=\"og:image:type\" content=\"image\/jpeg\" \/>\n<meta name=\"author\" content=\"mireia.martinez\" \/>\n<meta name=\"twitter:card\" content=\"summary_large_image\" \/>\n<meta name=\"twitter:label1\" content=\"Written by\" \/>\n\t<meta name=\"twitter:data1\" content=\"mireia.martinez\" \/>\n\t<meta name=\"twitter:label2\" content=\"Est. reading time\" \/>\n\t<meta name=\"twitter:data2\" content=\"2 minutes\" \/>\n<script type=\"application\/ld+json\" class=\"yoast-schema-graph\">{\"@context\":\"https:\/\/schema.org\",\"@graph\":[{\"@type\":\"Article\",\"@id\":\"https:\/\/www.batxilleratgranes.com\/es\/comenca-unifira-graus-alternativa-virtual-al-salo-de-lensenyament\/#article\",\"isPartOf\":{\"@id\":\"https:\/\/www.batxilleratgranes.com\/es\/comenca-unifira-graus-alternativa-virtual-al-salo-de-lensenyament\/\"},\"author\":{\"name\":\"mireia.martinez\",\"@id\":\"https:\/\/www.batxilleratgranes.com\/es\/#\/schema\/person\/4e10f231f79e8e2d24629e02b8283201\"},\"headline\":\"Comen\u00e7a Unifira Graus, l&#8217;alternativa virtual al Sal\u00f3 de l&#8217;Ensenyament\",\"datePublished\":\"2020-03-19T15:14:28+00:00\",\"dateModified\":\"2020-03-19T15:15:08+00:00\",\"mainEntityOfPage\":{\"@id\":\"https:\/\/www.batxilleratgranes.com\/es\/comenca-unifira-graus-alternativa-virtual-al-salo-de-lensenyament\/\"},\"wordCount\":327,\"commentCount\":0,\"publisher\":{\"@id\":\"https:\/\/www.batxilleratgranes.com\/es\/#organization\"},\"image\":{\"@id\":\"https:\/\/www.batxilleratgranes.com\/es\/comenca-unifira-graus-alternativa-virtual-al-salo-de-lensenyament\/#primaryimage\"},\"thumbnailUrl\":\"https:\/\/www.batxilleratgranes.com\/wp-content\/uploads\/2020\/03\/Unifira.jpg\",\"keywords\":[\"fira\",\"Orientaci\u00f3 Universit\u00e0ria\",\"qu\u00e8 estudiar\",\"unifira graus\",\"universitats\",\"URL\"],\"articleSection\":[\"Activitats Gran\u00e9s\"],\"inLanguage\":\"es\",\"potentialAction\":[{\"@type\":\"CommentAction\",\"name\":\"Comment\",\"target\":[\"https:\/\/www.batxilleratgranes.com\/es\/comenca-unifira-graus-alternativa-virtual-al-salo-de-lensenyament\/#respond\"]}]},{\"@type\":\"WebPage\",\"@id\":\"https:\/\/www.batxilleratgranes.com\/es\/comenca-unifira-graus-alternativa-virtual-al-salo-de-lensenyament\/\",\"url\":\"https:\/\/www.batxilleratgranes.com\/es\/comenca-unifira-graus-alternativa-virtual-al-salo-de-lensenyament\/\",\"name\":\"Comen\u00e7a Unifira Graus, l'alternativa virtual al Sal\u00f3 de l'Ensenyament - Gran\u00e9s Batxillerat - Escuela especializada en Bachillerato en Barcelona\",\"isPartOf\":{\"@id\":\"https:\/\/www.batxilleratgranes.com\/es\/#website\"},\"primaryImageOfPage\":{\"@id\":\"https:\/\/www.batxilleratgranes.com\/es\/comenca-unifira-graus-alternativa-virtual-al-salo-de-lensenyament\/#primaryimage\"},\"image\":{\"@id\":\"https:\/\/www.batxilleratgranes.com\/es\/comenca-unifira-graus-alternativa-virtual-al-salo-de-lensenyament\/#primaryimage\"},\"thumbnailUrl\":\"https:\/\/www.batxilleratgranes.com\/wp-content\/uploads\/2020\/03\/Unifira.jpg\",\"datePublished\":\"2020-03-19T15:14:28+00:00\",\"dateModified\":\"2020-03-19T15:15:08+00:00\",\"breadcrumb\":{\"@id\":\"https:\/\/www.batxilleratgranes.com\/es\/comenca-unifira-graus-alternativa-virtual-al-salo-de-lensenyament\/#breadcrumb\"},\"inLanguage\":\"es\",\"potentialAction\":[{\"@type\":\"ReadAction\",\"target\":[\"https:\/\/www.batxilleratgranes.com\/es\/comenca-unifira-graus-alternativa-virtual-al-salo-de-lensenyament\/\"]}]},{\"@type\":\"ImageObject\",\"inLanguage\":\"es\",\"@id\":\"https:\/\/www.batxilleratgranes.com\/es\/comenca-unifira-graus-alternativa-virtual-al-salo-de-lensenyament\/#primaryimage\",\"url\":\"https:\/\/www.batxilleratgranes.com\/wp-content\/uploads\/2020\/03\/Unifira.jpg\",\"contentUrl\":\"https:\/\/www.batxilleratgranes.com\/wp-content\/uploads\/2020\/03\/Unifira.jpg\",\"width\":1200,\"height\":556,\"caption\":\"Comen\u00e7a Unifira\"},{\"@type\":\"BreadcrumbList\",\"@id\":\"https:\/\/www.batxilleratgranes.com\/es\/comenca-unifira-graus-alternativa-virtual-al-salo-de-lensenyament\/#breadcrumb\",\"itemListElement\":[{\"@type\":\"ListItem\",\"position\":1,\"name\":\"Inici\",\"item\":\"https:\/\/www.batxilleratgranes.com\/es\/\"},{\"@type\":\"ListItem\",\"position\":2,\"name\":\"Comen\u00e7a Unifira Graus, l&#8217;alternativa virtual al Sal\u00f3 de l&#8217;Ensenyament\"}]},{\"@type\":\"WebSite\",\"@id\":\"https:\/\/www.batxilleratgranes.com\/es\/#website\",\"url\":\"https:\/\/www.batxilleratgranes.com\/es\/\",\"name\":\"Gran\u00e9s Batxillerat - Escuela especializada en Bachillerato en Barcelona\",\"description\":\"Escola especialitzada en Batxillerat a Barcelona\",\"publisher\":{\"@id\":\"https:\/\/www.batxilleratgranes.com\/es\/#organization\"},\"potentialAction\":[{\"@type\":\"SearchAction\",\"target\":{\"@type\":\"EntryPoint\",\"urlTemplate\":\"https:\/\/www.batxilleratgranes.com\/es\/?s={search_term_string}\"},\"query-input\":{\"@type\":\"PropertyValueSpecification\",\"valueRequired\":true,\"valueName\":\"search_term_string\"}}],\"inLanguage\":\"es\"},{\"@type\":\"Organization\",\"@id\":\"https:\/\/www.batxilleratgranes.com\/es\/#organization\",\"name\":\"Gran\u00e9s Batxillerat - Escuela especializada en Bachillerato en Barcelona\",\"url\":\"https:\/\/www.batxilleratgranes.com\/es\/\",\"logo\":{\"@type\":\"ImageObject\",\"inLanguage\":\"es\",\"@id\":\"https:\/\/www.batxilleratgranes.com\/es\/#\/schema\/logo\/image\/\",\"url\":\"https:\/\/www.batxilleratgranes.com\/wp-content\/uploads\/2013\/01\/granes1.png\",\"contentUrl\":\"https:\/\/www.batxilleratgranes.com\/wp-content\/uploads\/2013\/01\/granes1.png\",\"width\":292,\"height\":85,\"caption\":\"Gran\u00e9s Batxillerat - Escuela especializada en Bachillerato en Barcelona\"},\"image\":{\"@id\":\"https:\/\/www.batxilleratgranes.com\/es\/#\/schema\/logo\/image\/\"}},{\"@type\":\"Person\",\"@id\":\"https:\/\/www.batxilleratgranes.com\/es\/#\/schema\/person\/4e10f231f79e8e2d24629e02b8283201\",\"name\":\"mireia.martinez\",\"image\":{\"@type\":\"ImageObject\",\"inLanguage\":\"es\",\"@id\":\"https:\/\/www.batxilleratgranes.com\/es\/#\/schema\/person\/image\/\",\"url\":\"https:\/\/secure.gravatar.com\/avatar\/8c952e346979fb1eaf89bbc4dfda29f0?s=96&d=mm&r=g\",\"contentUrl\":\"https:\/\/secure.gravatar.com\/avatar\/8c952e346979fb1eaf89bbc4dfda29f0?s=96&d=mm&r=g\",\"caption\":\"mireia.martinez\"},\"url\":\"https:\/\/www.batxilleratgranes.com\/es\/author\/mireia-martinez\/\"}]}<\/script>\n<!-- \/ Yoast SEO plugin. -->","yoast_head_json":{"title":"Comen\u00e7a Unifira Graus, l'alternativa virtual al Sal\u00f3 de l'Ensenyament - Gran\u00e9s Batxillerat - Escuela especializada en Bachillerato en Barcelona","robots":{"index":"index","follow":"follow","max-snippet":"max-snippet:-1","max-image-preview":"max-image-preview:large","max-video-preview":"max-video-preview:-1"},"canonical":"https:\/\/www.batxilleratgranes.com\/es\/comenca-unifira-graus-alternativa-virtual-al-salo-de-lensenyament\/","og_locale":"es_ES","og_type":"article","og_title":"Comen\u00e7a Unifira Graus, l'alternativa virtual al Sal\u00f3 de l'Ensenyament - Gran\u00e9s Batxillerat - Escuela especializada en Bachillerato en Barcelona","og_description":"Tots aquells que ten\u00edeu al cap visitar el Sal\u00f3 de l&#8217;Ensenyament en aquestes dates per acabar d&#8217;esvair els vostres dubtes sobre la tria de la carrera universit\u00e0ria, teniu avui una alternativa virtual que us pot resultar interessant. I \u00e9s que avui arrenca Unifira Graus, una plataforma virtual impulsada per les dotze universitats catalanes que pret\u00e9n&hellip;&nbsp;Read More &raquo;Comen\u00e7a Unifira Graus, l&#8217;alternativa virtual al Sal\u00f3 de l&#8217;Ensenyament","og_url":"https:\/\/www.batxilleratgranes.com\/es\/comenca-unifira-graus-alternativa-virtual-al-salo-de-lensenyament\/","og_site_name":"Gran\u00e9s Batxillerat - Escuela especializada en Bachillerato en Barcelona","article_published_time":"2020-03-19T15:14:28+00:00","article_modified_time":"2020-03-19T15:15:08+00:00","og_image":[{"width":1200,"height":556,"url":"https:\/\/www.batxilleratgranes.com\/wp-content\/uploads\/2020\/03\/Unifira.jpg","type":"image\/jpeg"}],"author":"mireia.martinez","twitter_card":"summary_large_image","twitter_misc":{"Written by":"mireia.martinez","Est. reading time":"2 minutes"},"schema":{"@context":"https:\/\/schema.org","@graph":[{"@type":"Article","@id":"https:\/\/www.batxilleratgranes.com\/es\/comenca-unifira-graus-alternativa-virtual-al-salo-de-lensenyament\/#article","isPartOf":{"@id":"https:\/\/www.batxilleratgranes.com\/es\/comenca-unifira-graus-alternativa-virtual-al-salo-de-lensenyament\/"},"author":{"name":"mireia.martinez","@id":"https:\/\/www.batxilleratgranes.com\/es\/#\/schema\/person\/4e10f231f79e8e2d24629e02b8283201"},"headline":"Comen\u00e7a Unifira Graus, l&#8217;alternativa virtual al Sal\u00f3 de l&#8217;Ensenyament","datePublished":"2020-03-19T15:14:28+00:00","dateModified":"2020-03-19T15:15:08+00:00","mainEntityOfPage":{"@id":"https:\/\/www.batxilleratgranes.com\/es\/comenca-unifira-graus-alternativa-virtual-al-salo-de-lensenyament\/"},"wordCount":327,"commentCount":0,"publisher":{"@id":"https:\/\/www.batxilleratgranes.com\/es\/#organization"},"image":{"@id":"https:\/\/www.batxilleratgranes.com\/es\/comenca-unifira-graus-alternativa-virtual-al-salo-de-lensenyament\/#primaryimage"},"thumbnailUrl":"https:\/\/www.batxilleratgranes.com\/wp-content\/uploads\/2020\/03\/Unifira.jpg","keywords":["fira","Orientaci\u00f3 Universit\u00e0ria","qu\u00e8 estudiar","unifira graus","universitats","URL"],"articleSection":["Activitats Gran\u00e9s"],"inLanguage":"es","potentialAction":[{"@type":"CommentAction","name":"Comment","target":["https:\/\/www.batxilleratgranes.com\/es\/comenca-unifira-graus-alternativa-virtual-al-salo-de-lensenyament\/#respond"]}]},{"@type":"WebPage","@id":"https:\/\/www.batxilleratgranes.com\/es\/comenca-unifira-graus-alternativa-virtual-al-salo-de-lensenyament\/","url":"https:\/\/www.batxilleratgranes.com\/es\/comenca-unifira-graus-alternativa-virtual-al-salo-de-lensenyament\/","name":"Comen\u00e7a Unifira Graus, l'alternativa virtual al Sal\u00f3 de l'Ensenyament - Gran\u00e9s Batxillerat - Escuela especializada en Bachillerato en Barcelona","isPartOf":{"@id":"https:\/\/www.batxilleratgranes.com\/es\/#website"},"primaryImageOfPage":{"@id":"https:\/\/www.batxilleratgranes.com\/es\/comenca-unifira-graus-alternativa-virtual-al-salo-de-lensenyament\/#primaryimage"},"image":{"@id":"https:\/\/www.batxilleratgranes.com\/es\/comenca-unifira-graus-alternativa-virtual-al-salo-de-lensenyament\/#primaryimage"},"thumbnailUrl":"https:\/\/www.batxilleratgranes.com\/wp-content\/uploads\/2020\/03\/Unifira.jpg","datePublished":"2020-03-19T15:14:28+00:00","dateModified":"2020-03-19T15:15:08+00:00","breadcrumb":{"@id":"https:\/\/www.batxilleratgranes.com\/es\/comenca-unifira-graus-alternativa-virtual-al-salo-de-lensenyament\/#breadcrumb"},"inLanguage":"es","potentialAction":[{"@type":"ReadAction","target":["https:\/\/www.batxilleratgranes.com\/es\/comenca-unifira-graus-alternativa-virtual-al-salo-de-lensenyament\/"]}]},{"@type":"ImageObject","inLanguage":"es","@id":"https:\/\/www.batxilleratgranes.com\/es\/comenca-unifira-graus-alternativa-virtual-al-salo-de-lensenyament\/#primaryimage","url":"https:\/\/www.batxilleratgranes.com\/wp-content\/uploads\/2020\/03\/Unifira.jpg","contentUrl":"https:\/\/www.batxilleratgranes.com\/wp-content\/uploads\/2020\/03\/Unifira.jpg","width":1200,"height":556,"caption":"Comen\u00e7a Unifira"},{"@type":"BreadcrumbList","@id":"https:\/\/www.batxilleratgranes.com\/es\/comenca-unifira-graus-alternativa-virtual-al-salo-de-lensenyament\/#breadcrumb","itemListElement":[{"@type":"ListItem","position":1,"name":"Inici","item":"https:\/\/www.batxilleratgranes.com\/es\/"},{"@type":"ListItem","position":2,"name":"Comen\u00e7a Unifira Graus, l&#8217;alternativa virtual al Sal\u00f3 de l&#8217;Ensenyament"}]},{"@type":"WebSite","@id":"https:\/\/www.batxilleratgranes.com\/es\/#website","url":"https:\/\/www.batxilleratgranes.com\/es\/","name":"Gran\u00e9s Batxillerat - Escuela especializada en Bachillerato en Barcelona","description":"Escola especialitzada en Batxillerat a Barcelona","publisher":{"@id":"https:\/\/www.batxilleratgranes.com\/es\/#organization"},"potentialAction":[{"@type":"SearchAction","target":{"@type":"EntryPoint","urlTemplate":"https:\/\/www.batxilleratgranes.com\/es\/?s={search_term_string}"},"query-input":{"@type":"PropertyValueSpecification","valueRequired":true,"valueName":"search_term_string"}}],"inLanguage":"es"},{"@type":"Organization","@id":"https:\/\/www.batxilleratgranes.com\/es\/#organization","name":"Gran\u00e9s Batxillerat - Escuela especializada en Bachillerato en Barcelona","url":"https:\/\/www.batxilleratgranes.com\/es\/","logo":{"@type":"ImageObject","inLanguage":"es","@id":"https:\/\/www.batxilleratgranes.com\/es\/#\/schema\/logo\/image\/","url":"https:\/\/www.batxilleratgranes.com\/wp-content\/uploads\/2013\/01\/granes1.png","contentUrl":"https:\/\/www.batxilleratgranes.com\/wp-content\/uploads\/2013\/01\/granes1.png","width":292,"height":85,"caption":"Gran\u00e9s Batxillerat - Escuela especializada en Bachillerato en Barcelona"},"image":{"@id":"https:\/\/www.batxilleratgranes.com\/es\/#\/schema\/logo\/image\/"}},{"@type":"Person","@id":"https:\/\/www.batxilleratgranes.com\/es\/#\/schema\/person\/4e10f231f79e8e2d24629e02b8283201","name":"mireia.martinez","image":{"@type":"ImageObject","inLanguage":"es","@id":"https:\/\/www.batxilleratgranes.com\/es\/#\/schema\/person\/image\/","url":"https:\/\/secure.gravatar.com\/avatar\/8c952e346979fb1eaf89bbc4dfda29f0?s=96&d=mm&r=g","contentUrl":"https:\/\/secure.gravatar.com\/avatar\/8c952e346979fb1eaf89bbc4dfda29f0?s=96&d=mm&r=g","caption":"mireia.martinez"},"url":"https:\/\/www.batxilleratgranes.com\/es\/author\/mireia-martinez\/"}]}},"_links":{"self":[{"href":"https:\/\/www.batxilleratgranes.com\/es\/wp-json\/wp\/v2\/posts\/21971"}],"collection":[{"href":"https:\/\/www.batxilleratgranes.com\/es\/wp-json\/wp\/v2\/posts"}],"about":[{"href":"https:\/\/www.batxilleratgranes.com\/es\/wp-json\/wp\/v2\/types\/post"}],"author":[{"embeddable":true,"href":"https:\/\/www.batxilleratgranes.com\/es\/wp-json\/wp\/v2\/users\/5"}],"replies":[{"embeddable":true,"href":"https:\/\/www.batxilleratgranes.com\/es\/wp-json\/wp\/v2\/comments?post=21971"}],"version-history":[{"count":7,"href":"https:\/\/www.batxilleratgranes.com\/es\/wp-json\/wp\/v2\/posts\/21971\/revisions"}],"predecessor-version":[{"id":21992,"href":"https:\/\/www.batxilleratgranes.com\/es\/wp-json\/wp\/v2\/posts\/21971\/revisions\/21992"}],"wp:featuredmedia":[{"embeddable":true,"href":"https:\/\/www.batxilleratgranes.com\/es\/wp-json\/wp\/v2\/media\/21989"}],"wp:attachment":[{"href":"https:\/\/www.batxilleratgranes.com\/es\/wp-json\/wp\/v2\/media?parent=21971"}],"wp:term":[{"taxonomy":"category","embeddable":true,"href":"https:\/\/www.batxilleratgranes.com\/es\/wp-json\/wp\/v2\/categories?post=21971"},{"taxonomy":"post_tag","embeddable":true,"href":"https:\/\/www.batxilleratgranes.com\/es\/wp-json\/wp\/v2\/tags?post=21971"}],"curies":[{"name":"wp","href":"https:\/\/api.w.org\/{rel}","templated":true}]}}