{"id":22332,"date":"2020-04-16T16:34:23","date_gmt":"2020-04-16T16:34:23","guid":{"rendered":"https:\/\/www.batxilleratgranes.com\/?p=22332"},"modified":"2020-04-22T10:21:17","modified_gmt":"2020-04-22T10:21:17","slug":"estaria-be-que-a-la-selectivitat-els-continguts-que-hem-treballat-durant-el-confinament-passessin-a-un-segon-pla","status":"publish","type":"post","link":"https:\/\/www.batxilleratgranes.com\/es\/estaria-be-que-a-la-selectivitat-els-continguts-que-hem-treballat-durant-el-confinament-passessin-a-un-segon-pla\/","title":{"rendered":"&#8220;Estaria b\u00e9 que a la selectivitat els continguts que hem treballat durant el  confinament passessin a un segon pla&#8221;"},"content":{"rendered":"\n<figure class=\"wp-block-image size-large\"><img loading=\"lazy\" decoding=\"async\" width=\"1024\" height=\"497\" src=\"https:\/\/www.batxilleratgranes.com\/wp-content\/uploads\/2020\/04\/Alexandre-Cirici-1024x497.jpg\" alt=\"\" class=\"wp-image-22336\" srcset=\"https:\/\/www.batxilleratgranes.com\/wp-content\/uploads\/2020\/04\/Alexandre-Cirici-1024x497.jpg 1024w, https:\/\/www.batxilleratgranes.com\/wp-content\/uploads\/2020\/04\/Alexandre-Cirici-300x146.jpg 300w, https:\/\/www.batxilleratgranes.com\/wp-content\/uploads\/2020\/04\/Alexandre-Cirici-768x373.jpg 768w, https:\/\/www.batxilleratgranes.com\/wp-content\/uploads\/2020\/04\/Alexandre-Cirici-650x316.jpg 650w, https:\/\/www.batxilleratgranes.com\/wp-content\/uploads\/2020\/04\/Alexandre-Cirici-960x466.jpg 960w, https:\/\/www.batxilleratgranes.com\/wp-content\/uploads\/2020\/04\/Alexandre-Cirici-1000x486.jpg 1000w, https:\/\/www.batxilleratgranes.com\/wp-content\/uploads\/2020\/04\/Alexandre-Cirici.jpg 1200w\" sizes=\"(max-width: 1024px) 100vw, 1024px\" \/><\/figure>\n\n\n\n<h3 class=\"wp-block-heading\">Entrevista a Alexandre Cirici, estudiant de 2n de batxillerat<\/h3>\n\n\n\n<p><strong>Com portes les classes online?<\/strong><\/p>\n\n\n\n<p><em>For\u00e7a b\u00e9! Crec que jugo amb avantatge, ja que el 80% de les classes a l\u2019escola ja les feia amb ordinador, aix\u00ed que el fet d\u2019adaptar-me no m\u2019ha suposat cap mena de problema.&nbsp;<\/em><\/p>\n\n\n\n<p><strong>Qu\u00e8 \u00e9s el que m\u00e9s et costa d\u2019estudiar des de casa?<\/strong><\/p>\n\n\n\n<p><em>La constant tend\u00e8ncia a vaguejar perqu\u00e8 aparentment ning\u00fa et controla. Per\u00f2 \u00e9s aqu\u00ed on has de posar molt d\u2019esfor\u00e7 per part teva, ja que deixar-se anar durant aquests dies de confinament resultaria molt f\u00e0cil per a tothom, per\u00f2 crec que no aprofitar\u00edem gaire aquesta experi\u00e8ncia.&nbsp;&nbsp;<\/em><\/p>\n\n\n\n<p><strong>Quina eina digital et resulta m\u00e9s profitosa? <\/strong><\/p>\n\n\n\n<p><em>La que m\u00e9s s\u2019agraeix a l\u2019hora d\u2019estudiar, i per a mi m\u00e9s profitosa, s\u00f3n els v\u00eddeos que pengen a YouTube alguns professors, ja que \u00e9s el m\u00e9s similar a una classe presencial. El que faig \u00e9s transcriure tot all\u00f2 que diuen i posteriorment faig un resum dels continguts m\u00e9s essencials.&nbsp;<\/em><\/p>\n\n\n\n<p><strong>Quina \u00e9s la teva rutina di\u00e0ria?<\/strong><\/p>\n\n\n\n<p><em>Entre setmana em llevo a les 7:30, esmorzo i entro de pressa a la plataforma del Clickedu. Un cop acabades les classes, a les 14:30 hores, dino i miro una s\u00e8rie. Fins a l\u2019hora de sopar em dedico principalment a llegir, fullejar c\u00f2mics i, sobretot, fer esport (1-2 h di\u00e0ries). Despr\u00e9s de sopar, si no \u00e9s molt tard, miro una pel\u00b7l\u00edcula amb la fam\u00edlia i cap al llit.&nbsp;<\/em><\/p>\n\n\n\n<blockquote class=\"wp-block-quote has-text-align-center is-layout-flow wp-block-quote-is-layout-flow\"><p><em>&#8220;El que m\u00e9s costa d&#8217;estudiar a casa \u00e9s la constant tend\u00e8ncia a vaguejar perqu\u00e8 aparentment ning\u00fa et controla, per\u00f2 \u00e9s aqu\u00ed on has de posar molt d\u2019esfor\u00e7 per part teva&#8221;<\/em><\/p><\/blockquote>\n\n\n\n<p><strong>Us ajuda el seguiment que us fan els professors tamb\u00e9 des de casa?<\/strong><\/p>\n\n\n\n<p><em>Tenint en compte que tots els professors s\u2019han vist afectats amb un notable increment de correccions d\u2019exercicis, crec que el seguiment que ens estan fent des de casa \u00e9s correcte i s\u2019agraeix tot l\u2019esfor\u00e7 que estan fent.&nbsp;<\/em><\/p>\n\n\n\n<p><strong>Qu\u00e8 \u00e9s el que m\u00e9s trobes a faltar de les classes presencials a la Gran\u00e9s?<\/strong><\/p>\n\n\n\n<p><em>Saludar a David Flores, qui et rep amb un somriure d\u2019orella a orella a la porta de l\u2019escola, asseure\u2019t al teu lloc de sempre, conversar amb els companys&#8230;<\/em><\/p>\n\n\n\n<p><strong>Quines altres activitats t\u2019estan ajudant a passar el confinament aquests dies, a m\u00e9s d\u2019estudiar?<\/strong><\/p>\n\n\n\n<p><em>Opino que hi ha dues activitats que s\u00f3n essencials per passar aquest confinament: la lectura i l\u2019esport. Llegir et permet estar tancat per\u00f2 ser lliure, i fer esport et mant\u00e9 viu i de bon humor.&nbsp;<\/em><\/p>\n\n\n\n<p><strong>Et relaciones amb la resta de companys? Com ho fas?<\/strong><\/p>\n\n\n\n<p><em>S\u00ed, principalment amb WhatsApp i Skype. Em serveixen per conservar l\u2019amistat i tamb\u00e9 per resoldre possibles dubtes d\u2019exercicis.&nbsp;<\/em><\/p>\n\n\n\n<blockquote class=\"wp-block-quote has-text-align-center is-layout-flow wp-block-quote-is-layout-flow\"><p> &#8220;<em>El que m\u00e9s s\u2019agraeix s\u00f3n els v\u00eddeos que pengen a YouTube alguns professors, ja que \u00e9s el m\u00e9s similar a una classe presencial&#8221; <\/em> <\/p><\/blockquote>\n\n\n\n<p><strong>Com has viscut l\u2019ajornament de la selectivitat?<\/strong><\/p>\n\n\n\n<p><em>Diria que \u00e9s la cosa que m\u00e9s m\u2019ha empipat, ja que a conseq\u00fc\u00e8ncia d\u2019aquest ajornament l\u2019estiu se\u2019ns far\u00e0 una miqueta m\u00e9s curt, i com estem a segon de batxillerat&#8230; Per\u00f2 s\u00ed que \u00e9s veritat que tamb\u00e9 t\u00e9 una cara positiva, i \u00e9s que tindrem m\u00e9s temps per consolidar els continguts.<\/em><\/p>\n\n\n\n<p><strong>Quins creus que seran els canvis m\u00e9s significatius a les proves d\u2019aquest any?<\/strong><\/p>\n\n\n\n<p><em>Suposo que seran una mica m\u00e9s flexibles a nivell general.  He llegit que deixaran triar entre m\u00e9s models d\u2019examen, per\u00f2 estaria b\u00e9 que els continguts que hem estat treballant durant aquest confinament passessin en un segon pla, \u00e9s a dir, que no aprofundissin gaire.&nbsp;<\/em><\/p>\n\n\n\n<p><strong>Est\u00e0s nervi\u00f3s per la situaci\u00f3 actual?<\/strong><\/p>\n\n\n\n<p><em>Gens ni mica. Opino que s\u2019est\u00e0 fent un gran esfor\u00e7, ja no parlo a nivell local sin\u00f3 tamb\u00e9 mundial i estic ben segur que ho aconseguirem. \u00c9s normal estar nervi\u00f3s, per\u00f2 dep\u00e8n de com canalitzem aquest neguit i aquesta incertesa. Pot ser favorable en diversos aspectes com ara tenir cura a l\u2019hora de sortir de casa per anar a comprar, seguir estrictament les pautes de neteja, etc. Per\u00f2 tamb\u00e9 pot ser perjudicial si es converteix en un malestar personal, el qual pot arribar a ser molt contagi\u00f3s amb les persones amb qui estem tancats a casa.&nbsp;<\/em><\/p>\n\n\n\n<blockquote class=\"wp-block-quote has-text-align-center is-layout-flow wp-block-quote-is-layout-flow\"><p><em>&#8220;Hi ha dues activitats que s\u00f3n essencials per passar aquest confinament: la lectura i l\u2019esport. Llegir et permet estar tancat per\u00f2 ser lliure, i fer esport et mant\u00e9 viu i de bon humor<\/em> &#8220;<\/p><\/blockquote>\n\n\n\n<p><strong>Per \u00faltim, quins aprenentatges creus que t\u2019aportar\u00e0 aquesta situaci\u00f3 que estem vivint ara?<\/strong><\/p>\n\n\n\n<p><em>Primerament, ens pot fer veure si realment som persones aut\u00f2nomes amb un cert ordre vital. Aquesta situaci\u00f3 ens pot ajudar a fomentar aquests valors. A saber si som persones que davant d\u2019una situaci\u00f3 cr\u00edtica reaccionem d\u2019una manera o d\u2019una altra, si ens mantenim dempeus o si, en canvi, ens deixem emportar pel pessimisme.&nbsp; <br><\/em><\/p>\n","protected":false},"excerpt":{"rendered":"<p>Entrevista a Alexandre Cirici, estudiant de 2n de batxillerat Com portes les classes online? For\u00e7a b\u00e9! Crec que jugo amb avantatge, ja que el 80% de les classes a l\u2019escola ja les feia amb ordinador, aix\u00ed que el fet d\u2019adaptar-me no m\u2019ha suposat cap mena de problema.&nbsp; Qu\u00e8 \u00e9s el que m\u00e9s et costa d\u2019estudiar&hellip;&nbsp;<a href=\"https:\/\/www.batxilleratgranes.com\/es\/estaria-be-que-a-la-selectivitat-els-continguts-que-hem-treballat-durant-el-confinament-passessin-a-un-segon-pla\/\" class=\"\" rel=\"bookmark\">Read More &raquo;<span class=\"screen-reader-text\">&#8220;Estaria b\u00e9 que a la selectivitat els continguts que hem treballat durant el  confinament passessin a un segon pla&#8221;<\/span><\/a><\/p>\n","protected":false},"author":5,"featured_media":22337,"comment_status":"open","ping_status":"open","sticky":false,"template":"","format":"standard","meta":{"neve_meta_sidebar":"","neve_meta_container":"","neve_meta_enable_content_width":"","neve_meta_content_width":0,"neve_meta_title_alignment":"","neve_meta_author_avatar":"","neve_post_elements_order":"","neve_meta_disable_header":"","neve_meta_disable_footer":"","neve_meta_disable_title":"","footnotes":""},"categories":[7,65],"tags":[323,22,959,950,953,947,169],"class_list":["post-22332","post","type-post","status-publish","format-standard","has-post-thumbnail","hentry","category-centre-batxillerat-granes","category-anticsalumnes","tag-antics-alumnes","tag-batxillerat","tag-confinament","tag-covid-19","tag-estudiar-a-casa","tag-estudiar-a-distancia","tag-gent-granes"],"yoast_head":"<!-- This site is optimized with the Yoast SEO plugin v23.4 - https:\/\/yoast.com\/wordpress\/plugins\/seo\/ -->\n<title>&quot;Estaria b\u00e9 que a la selectivitat els continguts que hem treballat durant el confinament passessin a un segon pla&quot; - Gran\u00e9s Batxillerat - Escuela especializada en Bachillerato en Barcelona<\/title>\n<meta name=\"robots\" content=\"index, follow, max-snippet:-1, max-image-preview:large, max-video-preview:-1\" \/>\n<link rel=\"canonical\" href=\"https:\/\/www.batxilleratgranes.com\/es\/estaria-be-que-a-la-selectivitat-els-continguts-que-hem-treballat-durant-el-confinament-passessin-a-un-segon-pla\/\" \/>\n<meta property=\"og:locale\" content=\"es_ES\" \/>\n<meta property=\"og:type\" content=\"article\" \/>\n<meta property=\"og:title\" content=\"&quot;Estaria b\u00e9 que a la selectivitat els continguts que hem treballat durant el confinament passessin a un segon pla&quot; - Gran\u00e9s Batxillerat - Escuela especializada en Bachillerato en Barcelona\" \/>\n<meta property=\"og:description\" content=\"Entrevista a Alexandre Cirici, estudiant de 2n de batxillerat Com portes les classes online? For\u00e7a b\u00e9! Crec que jugo amb avantatge, ja que el 80% de les classes a l\u2019escola ja les feia amb ordinador, aix\u00ed que el fet d\u2019adaptar-me no m\u2019ha suposat cap mena de problema.&nbsp; Qu\u00e8 \u00e9s el que m\u00e9s et costa d\u2019estudiar&hellip;&nbsp;Read More &raquo;&#8220;Estaria b\u00e9 que a la selectivitat els continguts que hem treballat durant el confinament passessin a un segon pla&#8221;\" \/>\n<meta property=\"og:url\" content=\"https:\/\/www.batxilleratgranes.com\/es\/estaria-be-que-a-la-selectivitat-els-continguts-que-hem-treballat-durant-el-confinament-passessin-a-un-segon-pla\/\" \/>\n<meta property=\"og:site_name\" content=\"Gran\u00e9s Batxillerat - Escuela especializada en Bachillerato en Barcelona\" \/>\n<meta property=\"article:published_time\" content=\"2020-04-16T16:34:23+00:00\" \/>\n<meta property=\"article:modified_time\" content=\"2020-04-22T10:21:17+00:00\" \/>\n<meta property=\"og:image\" content=\"https:\/\/www.batxilleratgranes.com\/wp-content\/uploads\/2020\/04\/Alexandre-Cirici-1.jpg\" \/>\n\t<meta property=\"og:image:width\" content=\"1200\" \/>\n\t<meta property=\"og:image:height\" content=\"583\" \/>\n\t<meta property=\"og:image:type\" content=\"image\/jpeg\" \/>\n<meta name=\"author\" content=\"mireia.martinez\" \/>\n<meta name=\"twitter:card\" content=\"summary_large_image\" \/>\n<meta name=\"twitter:label1\" content=\"Written by\" \/>\n\t<meta name=\"twitter:data1\" content=\"mireia.martinez\" \/>\n\t<meta name=\"twitter:label2\" content=\"Est. reading time\" \/>\n\t<meta name=\"twitter:data2\" content=\"4 minutes\" \/>\n<script type=\"application\/ld+json\" class=\"yoast-schema-graph\">{\"@context\":\"https:\/\/schema.org\",\"@graph\":[{\"@type\":\"Article\",\"@id\":\"https:\/\/www.batxilleratgranes.com\/es\/estaria-be-que-a-la-selectivitat-els-continguts-que-hem-treballat-durant-el-confinament-passessin-a-un-segon-pla\/#article\",\"isPartOf\":{\"@id\":\"https:\/\/www.batxilleratgranes.com\/es\/estaria-be-que-a-la-selectivitat-els-continguts-que-hem-treballat-durant-el-confinament-passessin-a-un-segon-pla\/\"},\"author\":{\"name\":\"mireia.martinez\",\"@id\":\"https:\/\/www.batxilleratgranes.com\/es\/#\/schema\/person\/4e10f231f79e8e2d24629e02b8283201\"},\"headline\":\"&#8220;Estaria b\u00e9 que a la selectivitat els continguts que hem treballat durant el confinament passessin a un segon pla&#8221;\",\"datePublished\":\"2020-04-16T16:34:23+00:00\",\"dateModified\":\"2020-04-22T10:21:17+00:00\",\"mainEntityOfPage\":{\"@id\":\"https:\/\/www.batxilleratgranes.com\/es\/estaria-be-que-a-la-selectivitat-els-continguts-que-hem-treballat-durant-el-confinament-passessin-a-un-segon-pla\/\"},\"wordCount\":883,\"commentCount\":0,\"publisher\":{\"@id\":\"https:\/\/www.batxilleratgranes.com\/es\/#organization\"},\"image\":{\"@id\":\"https:\/\/www.batxilleratgranes.com\/es\/estaria-be-que-a-la-selectivitat-els-continguts-que-hem-treballat-durant-el-confinament-passessin-a-un-segon-pla\/#primaryimage\"},\"thumbnailUrl\":\"https:\/\/www.batxilleratgranes.com\/wp-content\/uploads\/2020\/04\/Alexandre-Cirici-1.jpg\",\"keywords\":[\"Antics alumnes\",\"Batxillerat\",\"Confinament\",\"COVID-19\",\"Estudiar a casa\",\"Estudiar a dist\u00e0ncia\",\"Gent Gran\u00e9s\"],\"articleSection\":[\"Activitats Gran\u00e9s\",\"Antics alumnes\"],\"inLanguage\":\"es\",\"potentialAction\":[{\"@type\":\"CommentAction\",\"name\":\"Comment\",\"target\":[\"https:\/\/www.batxilleratgranes.com\/es\/estaria-be-que-a-la-selectivitat-els-continguts-que-hem-treballat-durant-el-confinament-passessin-a-un-segon-pla\/#respond\"]}]},{\"@type\":\"WebPage\",\"@id\":\"https:\/\/www.batxilleratgranes.com\/es\/estaria-be-que-a-la-selectivitat-els-continguts-que-hem-treballat-durant-el-confinament-passessin-a-un-segon-pla\/\",\"url\":\"https:\/\/www.batxilleratgranes.com\/es\/estaria-be-que-a-la-selectivitat-els-continguts-que-hem-treballat-durant-el-confinament-passessin-a-un-segon-pla\/\",\"name\":\"\\\"Estaria b\u00e9 que a la selectivitat els continguts que hem treballat durant el confinament passessin a un segon pla\\\" - Gran\u00e9s Batxillerat - Escuela especializada en Bachillerato en Barcelona\",\"isPartOf\":{\"@id\":\"https:\/\/www.batxilleratgranes.com\/es\/#website\"},\"primaryImageOfPage\":{\"@id\":\"https:\/\/www.batxilleratgranes.com\/es\/estaria-be-que-a-la-selectivitat-els-continguts-que-hem-treballat-durant-el-confinament-passessin-a-un-segon-pla\/#primaryimage\"},\"image\":{\"@id\":\"https:\/\/www.batxilleratgranes.com\/es\/estaria-be-que-a-la-selectivitat-els-continguts-que-hem-treballat-durant-el-confinament-passessin-a-un-segon-pla\/#primaryimage\"},\"thumbnailUrl\":\"https:\/\/www.batxilleratgranes.com\/wp-content\/uploads\/2020\/04\/Alexandre-Cirici-1.jpg\",\"datePublished\":\"2020-04-16T16:34:23+00:00\",\"dateModified\":\"2020-04-22T10:21:17+00:00\",\"breadcrumb\":{\"@id\":\"https:\/\/www.batxilleratgranes.com\/es\/estaria-be-que-a-la-selectivitat-els-continguts-que-hem-treballat-durant-el-confinament-passessin-a-un-segon-pla\/#breadcrumb\"},\"inLanguage\":\"es\",\"potentialAction\":[{\"@type\":\"ReadAction\",\"target\":[\"https:\/\/www.batxilleratgranes.com\/es\/estaria-be-que-a-la-selectivitat-els-continguts-que-hem-treballat-durant-el-confinament-passessin-a-un-segon-pla\/\"]}]},{\"@type\":\"ImageObject\",\"inLanguage\":\"es\",\"@id\":\"https:\/\/www.batxilleratgranes.com\/es\/estaria-be-que-a-la-selectivitat-els-continguts-que-hem-treballat-durant-el-confinament-passessin-a-un-segon-pla\/#primaryimage\",\"url\":\"https:\/\/www.batxilleratgranes.com\/wp-content\/uploads\/2020\/04\/Alexandre-Cirici-1.jpg\",\"contentUrl\":\"https:\/\/www.batxilleratgranes.com\/wp-content\/uploads\/2020\/04\/Alexandre-Cirici-1.jpg\",\"width\":1200,\"height\":583},{\"@type\":\"BreadcrumbList\",\"@id\":\"https:\/\/www.batxilleratgranes.com\/es\/estaria-be-que-a-la-selectivitat-els-continguts-que-hem-treballat-durant-el-confinament-passessin-a-un-segon-pla\/#breadcrumb\",\"itemListElement\":[{\"@type\":\"ListItem\",\"position\":1,\"name\":\"Inici\",\"item\":\"https:\/\/www.batxilleratgranes.com\/es\/\"},{\"@type\":\"ListItem\",\"position\":2,\"name\":\"&#8220;Estaria b\u00e9 que a la selectivitat els continguts que hem treballat durant el confinament passessin a un segon pla&#8221;\"}]},{\"@type\":\"WebSite\",\"@id\":\"https:\/\/www.batxilleratgranes.com\/es\/#website\",\"url\":\"https:\/\/www.batxilleratgranes.com\/es\/\",\"name\":\"Gran\u00e9s Batxillerat - Escuela especializada en Bachillerato en Barcelona\",\"description\":\"Escola especialitzada en Batxillerat a Barcelona\",\"publisher\":{\"@id\":\"https:\/\/www.batxilleratgranes.com\/es\/#organization\"},\"potentialAction\":[{\"@type\":\"SearchAction\",\"target\":{\"@type\":\"EntryPoint\",\"urlTemplate\":\"https:\/\/www.batxilleratgranes.com\/es\/?s={search_term_string}\"},\"query-input\":{\"@type\":\"PropertyValueSpecification\",\"valueRequired\":true,\"valueName\":\"search_term_string\"}}],\"inLanguage\":\"es\"},{\"@type\":\"Organization\",\"@id\":\"https:\/\/www.batxilleratgranes.com\/es\/#organization\",\"name\":\"Gran\u00e9s Batxillerat - Escuela especializada en Bachillerato en Barcelona\",\"url\":\"https:\/\/www.batxilleratgranes.com\/es\/\",\"logo\":{\"@type\":\"ImageObject\",\"inLanguage\":\"es\",\"@id\":\"https:\/\/www.batxilleratgranes.com\/es\/#\/schema\/logo\/image\/\",\"url\":\"https:\/\/www.batxilleratgranes.com\/wp-content\/uploads\/2013\/01\/granes1.png\",\"contentUrl\":\"https:\/\/www.batxilleratgranes.com\/wp-content\/uploads\/2013\/01\/granes1.png\",\"width\":292,\"height\":85,\"caption\":\"Gran\u00e9s Batxillerat - Escuela especializada en Bachillerato en Barcelona\"},\"image\":{\"@id\":\"https:\/\/www.batxilleratgranes.com\/es\/#\/schema\/logo\/image\/\"}},{\"@type\":\"Person\",\"@id\":\"https:\/\/www.batxilleratgranes.com\/es\/#\/schema\/person\/4e10f231f79e8e2d24629e02b8283201\",\"name\":\"mireia.martinez\",\"image\":{\"@type\":\"ImageObject\",\"inLanguage\":\"es\",\"@id\":\"https:\/\/www.batxilleratgranes.com\/es\/#\/schema\/person\/image\/\",\"url\":\"https:\/\/secure.gravatar.com\/avatar\/8c952e346979fb1eaf89bbc4dfda29f0?s=96&d=mm&r=g\",\"contentUrl\":\"https:\/\/secure.gravatar.com\/avatar\/8c952e346979fb1eaf89bbc4dfda29f0?s=96&d=mm&r=g\",\"caption\":\"mireia.martinez\"},\"url\":\"https:\/\/www.batxilleratgranes.com\/es\/author\/mireia-martinez\/\"}]}<\/script>\n<!-- \/ Yoast SEO plugin. -->","yoast_head_json":{"title":"\"Estaria b\u00e9 que a la selectivitat els continguts que hem treballat durant el confinament passessin a un segon pla\" - Gran\u00e9s Batxillerat - Escuela especializada en Bachillerato en Barcelona","robots":{"index":"index","follow":"follow","max-snippet":"max-snippet:-1","max-image-preview":"max-image-preview:large","max-video-preview":"max-video-preview:-1"},"canonical":"https:\/\/www.batxilleratgranes.com\/es\/estaria-be-que-a-la-selectivitat-els-continguts-que-hem-treballat-durant-el-confinament-passessin-a-un-segon-pla\/","og_locale":"es_ES","og_type":"article","og_title":"\"Estaria b\u00e9 que a la selectivitat els continguts que hem treballat durant el confinament passessin a un segon pla\" - Gran\u00e9s Batxillerat - Escuela especializada en Bachillerato en Barcelona","og_description":"Entrevista a Alexandre Cirici, estudiant de 2n de batxillerat Com portes les classes online? For\u00e7a b\u00e9! Crec que jugo amb avantatge, ja que el 80% de les classes a l\u2019escola ja les feia amb ordinador, aix\u00ed que el fet d\u2019adaptar-me no m\u2019ha suposat cap mena de problema.&nbsp; Qu\u00e8 \u00e9s el que m\u00e9s et costa d\u2019estudiar&hellip;&nbsp;Read More &raquo;&#8220;Estaria b\u00e9 que a la selectivitat els continguts que hem treballat durant el confinament passessin a un segon pla&#8221;","og_url":"https:\/\/www.batxilleratgranes.com\/es\/estaria-be-que-a-la-selectivitat-els-continguts-que-hem-treballat-durant-el-confinament-passessin-a-un-segon-pla\/","og_site_name":"Gran\u00e9s Batxillerat - Escuela especializada en Bachillerato en Barcelona","article_published_time":"2020-04-16T16:34:23+00:00","article_modified_time":"2020-04-22T10:21:17+00:00","og_image":[{"width":1200,"height":583,"url":"https:\/\/www.batxilleratgranes.com\/wp-content\/uploads\/2020\/04\/Alexandre-Cirici-1.jpg","type":"image\/jpeg"}],"author":"mireia.martinez","twitter_card":"summary_large_image","twitter_misc":{"Written by":"mireia.martinez","Est. reading time":"4 minutes"},"schema":{"@context":"https:\/\/schema.org","@graph":[{"@type":"Article","@id":"https:\/\/www.batxilleratgranes.com\/es\/estaria-be-que-a-la-selectivitat-els-continguts-que-hem-treballat-durant-el-confinament-passessin-a-un-segon-pla\/#article","isPartOf":{"@id":"https:\/\/www.batxilleratgranes.com\/es\/estaria-be-que-a-la-selectivitat-els-continguts-que-hem-treballat-durant-el-confinament-passessin-a-un-segon-pla\/"},"author":{"name":"mireia.martinez","@id":"https:\/\/www.batxilleratgranes.com\/es\/#\/schema\/person\/4e10f231f79e8e2d24629e02b8283201"},"headline":"&#8220;Estaria b\u00e9 que a la selectivitat els continguts que hem treballat durant el confinament passessin a un segon pla&#8221;","datePublished":"2020-04-16T16:34:23+00:00","dateModified":"2020-04-22T10:21:17+00:00","mainEntityOfPage":{"@id":"https:\/\/www.batxilleratgranes.com\/es\/estaria-be-que-a-la-selectivitat-els-continguts-que-hem-treballat-durant-el-confinament-passessin-a-un-segon-pla\/"},"wordCount":883,"commentCount":0,"publisher":{"@id":"https:\/\/www.batxilleratgranes.com\/es\/#organization"},"image":{"@id":"https:\/\/www.batxilleratgranes.com\/es\/estaria-be-que-a-la-selectivitat-els-continguts-que-hem-treballat-durant-el-confinament-passessin-a-un-segon-pla\/#primaryimage"},"thumbnailUrl":"https:\/\/www.batxilleratgranes.com\/wp-content\/uploads\/2020\/04\/Alexandre-Cirici-1.jpg","keywords":["Antics alumnes","Batxillerat","Confinament","COVID-19","Estudiar a casa","Estudiar a dist\u00e0ncia","Gent Gran\u00e9s"],"articleSection":["Activitats Gran\u00e9s","Antics alumnes"],"inLanguage":"es","potentialAction":[{"@type":"CommentAction","name":"Comment","target":["https:\/\/www.batxilleratgranes.com\/es\/estaria-be-que-a-la-selectivitat-els-continguts-que-hem-treballat-durant-el-confinament-passessin-a-un-segon-pla\/#respond"]}]},{"@type":"WebPage","@id":"https:\/\/www.batxilleratgranes.com\/es\/estaria-be-que-a-la-selectivitat-els-continguts-que-hem-treballat-durant-el-confinament-passessin-a-un-segon-pla\/","url":"https:\/\/www.batxilleratgranes.com\/es\/estaria-be-que-a-la-selectivitat-els-continguts-que-hem-treballat-durant-el-confinament-passessin-a-un-segon-pla\/","name":"\"Estaria b\u00e9 que a la selectivitat els continguts que hem treballat durant el confinament passessin a un segon pla\" - Gran\u00e9s Batxillerat - Escuela especializada en Bachillerato en Barcelona","isPartOf":{"@id":"https:\/\/www.batxilleratgranes.com\/es\/#website"},"primaryImageOfPage":{"@id":"https:\/\/www.batxilleratgranes.com\/es\/estaria-be-que-a-la-selectivitat-els-continguts-que-hem-treballat-durant-el-confinament-passessin-a-un-segon-pla\/#primaryimage"},"image":{"@id":"https:\/\/www.batxilleratgranes.com\/es\/estaria-be-que-a-la-selectivitat-els-continguts-que-hem-treballat-durant-el-confinament-passessin-a-un-segon-pla\/#primaryimage"},"thumbnailUrl":"https:\/\/www.batxilleratgranes.com\/wp-content\/uploads\/2020\/04\/Alexandre-Cirici-1.jpg","datePublished":"2020-04-16T16:34:23+00:00","dateModified":"2020-04-22T10:21:17+00:00","breadcrumb":{"@id":"https:\/\/www.batxilleratgranes.com\/es\/estaria-be-que-a-la-selectivitat-els-continguts-que-hem-treballat-durant-el-confinament-passessin-a-un-segon-pla\/#breadcrumb"},"inLanguage":"es","potentialAction":[{"@type":"ReadAction","target":["https:\/\/www.batxilleratgranes.com\/es\/estaria-be-que-a-la-selectivitat-els-continguts-que-hem-treballat-durant-el-confinament-passessin-a-un-segon-pla\/"]}]},{"@type":"ImageObject","inLanguage":"es","@id":"https:\/\/www.batxilleratgranes.com\/es\/estaria-be-que-a-la-selectivitat-els-continguts-que-hem-treballat-durant-el-confinament-passessin-a-un-segon-pla\/#primaryimage","url":"https:\/\/www.batxilleratgranes.com\/wp-content\/uploads\/2020\/04\/Alexandre-Cirici-1.jpg","contentUrl":"https:\/\/www.batxilleratgranes.com\/wp-content\/uploads\/2020\/04\/Alexandre-Cirici-1.jpg","width":1200,"height":583},{"@type":"BreadcrumbList","@id":"https:\/\/www.batxilleratgranes.com\/es\/estaria-be-que-a-la-selectivitat-els-continguts-que-hem-treballat-durant-el-confinament-passessin-a-un-segon-pla\/#breadcrumb","itemListElement":[{"@type":"ListItem","position":1,"name":"Inici","item":"https:\/\/www.batxilleratgranes.com\/es\/"},{"@type":"ListItem","position":2,"name":"&#8220;Estaria b\u00e9 que a la selectivitat els continguts que hem treballat durant el confinament passessin a un segon pla&#8221;"}]},{"@type":"WebSite","@id":"https:\/\/www.batxilleratgranes.com\/es\/#website","url":"https:\/\/www.batxilleratgranes.com\/es\/","name":"Gran\u00e9s Batxillerat - Escuela especializada en Bachillerato en Barcelona","description":"Escola especialitzada en Batxillerat a Barcelona","publisher":{"@id":"https:\/\/www.batxilleratgranes.com\/es\/#organization"},"potentialAction":[{"@type":"SearchAction","target":{"@type":"EntryPoint","urlTemplate":"https:\/\/www.batxilleratgranes.com\/es\/?s={search_term_string}"},"query-input":{"@type":"PropertyValueSpecification","valueRequired":true,"valueName":"search_term_string"}}],"inLanguage":"es"},{"@type":"Organization","@id":"https:\/\/www.batxilleratgranes.com\/es\/#organization","name":"Gran\u00e9s Batxillerat - Escuela especializada en Bachillerato en Barcelona","url":"https:\/\/www.batxilleratgranes.com\/es\/","logo":{"@type":"ImageObject","inLanguage":"es","@id":"https:\/\/www.batxilleratgranes.com\/es\/#\/schema\/logo\/image\/","url":"https:\/\/www.batxilleratgranes.com\/wp-content\/uploads\/2013\/01\/granes1.png","contentUrl":"https:\/\/www.batxilleratgranes.com\/wp-content\/uploads\/2013\/01\/granes1.png","width":292,"height":85,"caption":"Gran\u00e9s Batxillerat - Escuela especializada en Bachillerato en Barcelona"},"image":{"@id":"https:\/\/www.batxilleratgranes.com\/es\/#\/schema\/logo\/image\/"}},{"@type":"Person","@id":"https:\/\/www.batxilleratgranes.com\/es\/#\/schema\/person\/4e10f231f79e8e2d24629e02b8283201","name":"mireia.martinez","image":{"@type":"ImageObject","inLanguage":"es","@id":"https:\/\/www.batxilleratgranes.com\/es\/#\/schema\/person\/image\/","url":"https:\/\/secure.gravatar.com\/avatar\/8c952e346979fb1eaf89bbc4dfda29f0?s=96&d=mm&r=g","contentUrl":"https:\/\/secure.gravatar.com\/avatar\/8c952e346979fb1eaf89bbc4dfda29f0?s=96&d=mm&r=g","caption":"mireia.martinez"},"url":"https:\/\/www.batxilleratgranes.com\/es\/author\/mireia-martinez\/"}]}},"_links":{"self":[{"href":"https:\/\/www.batxilleratgranes.com\/es\/wp-json\/wp\/v2\/posts\/22332"}],"collection":[{"href":"https:\/\/www.batxilleratgranes.com\/es\/wp-json\/wp\/v2\/posts"}],"about":[{"href":"https:\/\/www.batxilleratgranes.com\/es\/wp-json\/wp\/v2\/types\/post"}],"author":[{"embeddable":true,"href":"https:\/\/www.batxilleratgranes.com\/es\/wp-json\/wp\/v2\/users\/5"}],"replies":[{"embeddable":true,"href":"https:\/\/www.batxilleratgranes.com\/es\/wp-json\/wp\/v2\/comments?post=22332"}],"version-history":[{"count":11,"href":"https:\/\/www.batxilleratgranes.com\/es\/wp-json\/wp\/v2\/posts\/22332\/revisions"}],"predecessor-version":[{"id":22659,"href":"https:\/\/www.batxilleratgranes.com\/es\/wp-json\/wp\/v2\/posts\/22332\/revisions\/22659"}],"wp:featuredmedia":[{"embeddable":true,"href":"https:\/\/www.batxilleratgranes.com\/es\/wp-json\/wp\/v2\/media\/22337"}],"wp:attachment":[{"href":"https:\/\/www.batxilleratgranes.com\/es\/wp-json\/wp\/v2\/media?parent=22332"}],"wp:term":[{"taxonomy":"category","embeddable":true,"href":"https:\/\/www.batxilleratgranes.com\/es\/wp-json\/wp\/v2\/categories?post=22332"},{"taxonomy":"post_tag","embeddable":true,"href":"https:\/\/www.batxilleratgranes.com\/es\/wp-json\/wp\/v2\/tags?post=22332"}],"curies":[{"name":"wp","href":"https:\/\/api.w.org\/{rel}","templated":true}]}}