{"id":22767,"date":"2020-04-27T17:20:15","date_gmt":"2020-04-27T17:20:15","guid":{"rendered":"https:\/\/www.batxilleratgranes.com\/?p=22767"},"modified":"2020-04-27T17:23:35","modified_gmt":"2020-04-27T17:23:35","slug":"resolem-tots-els-dubtes-sobre-el-covid-19","status":"publish","type":"post","link":"https:\/\/www.batxilleratgranes.com\/es\/resolem-tots-els-dubtes-sobre-el-covid-19\/","title":{"rendered":"Resolem tots els dubtes sobre la COVID-19"},"content":{"rendered":"\n<p>El passat divendres, els alumnes de 1r i 2n de batxillerat de <strong><a href=\"https:\/\/www.batxilleratgranes.com\/batxillerat-ciencies-salut\">Ci\u00e8ncies de la Salut <\/a><\/strong>van assistir a una <strong>sessi\u00f3 online especial<\/strong> sobre el coronavirus amb la col\u00b7laboraci\u00f3 d&#8217;<strong>Isabel P\u00e9rez<\/strong>, Doctora en Ci\u00e8ncies de la Infermeria, i <strong>Elisabet Vendrell<\/strong>, Llicenciada en Biologia. Les docents de la <strong><a href=\"https:\/\/www.blanquerna.edu\/ca\/fcs?gclid=Cj0KCQjwhZr1BRCLARIsALjRVQPKLWcHIKBV-QaXXqofjpiz4-8oOQfjYgkmPzkpY316nOQgJ1oqirwaAnGwEALw_wcB\">Facultat de Ci\u00e8ncies de la Salut Blanquerna<\/a><\/strong> van oferir als nostres alumnes un classe tem\u00e0tica on van poder con\u00e8ixer en profunditat els aspectes m\u00e9s destacats d&#8217;aquesta pand\u00e8mia i resoldre tots els seus dubtes.<\/p>\n\n\n\n<p>En un primer moment, la Doctora Isabel P\u00e9rez va situar l&#8217;<strong>origen de la malaltia<\/strong> i va destacar el seu impacte mundial i els interrogants que planteja donada la seva desconeixen\u00e7a.<\/p>\n\n\n\n<div class=\"wp-block-image\"><figure class=\"aligncenter size-large is-resized\"><img loading=\"lazy\" decoding=\"async\" src=\"https:\/\/www.batxilleratgranes.com\/wp-content\/uploads\/2020\/04\/3-1024x597.jpg\" alt=\"\" class=\"wp-image-22779\" width=\"768\" height=\"448\" srcset=\"https:\/\/www.batxilleratgranes.com\/wp-content\/uploads\/2020\/04\/3-1024x597.jpg 1024w, https:\/\/www.batxilleratgranes.com\/wp-content\/uploads\/2020\/04\/3-300x175.jpg 300w, https:\/\/www.batxilleratgranes.com\/wp-content\/uploads\/2020\/04\/3-768x448.jpg 768w, https:\/\/www.batxilleratgranes.com\/wp-content\/uploads\/2020\/04\/3-650x379.jpg 650w, https:\/\/www.batxilleratgranes.com\/wp-content\/uploads\/2020\/04\/3-960x560.jpg 960w, https:\/\/www.batxilleratgranes.com\/wp-content\/uploads\/2020\/04\/3-1000x583.jpg 1000w, https:\/\/www.batxilleratgranes.com\/wp-content\/uploads\/2020\/04\/3.jpg 1114w\" sizes=\"(max-width: 768px) 100vw, 768px\" \/><\/figure><\/div>\n\n\n\n<h3 class=\"wp-block-heading\"><strong>Determinants de la salut<\/strong><\/h3>\n\n\n\n<p>P\u00e9rez va explicar als alumnes que hi ha una s\u00e8rie de factors que determinen la salud dels individus:<\/p>\n\n\n\n<ul class=\"wp-block-list\"><li><strong>Biol\u00f2gics<\/strong><\/li><li><strong>Mediambientals<\/strong><\/li><li><strong>D&#8217;estil de vida<\/strong><\/li><li><strong>El sistema sanitari <\/strong><\/li><\/ul>\n\n\n\n<p>L&#8217;Organitzaci\u00f3 Mundial de la Salut (OMS), va comentar P\u00e9rez, valora aquest \u00faltim factor segons la seva <strong>capacitat per reaccionar davant d&#8217;una nova situaci\u00f3 de salut<\/strong>. A m\u00e9s, va afegir, aquest sistema sanitari pot estar influenciat per les decisions pol\u00edtiques de cada pa\u00eds.<\/p>\n\n\n\n<div class=\"wp-block-image\"><figure class=\"aligncenter size-large is-resized\"><img loading=\"lazy\" decoding=\"async\" src=\"https:\/\/www.batxilleratgranes.com\/wp-content\/uploads\/2020\/04\/7a.jpg\" alt=\"\" class=\"wp-image-22781\" width=\"534\" height=\"399\" srcset=\"https:\/\/www.batxilleratgranes.com\/wp-content\/uploads\/2020\/04\/7a.jpg 712w, https:\/\/www.batxilleratgranes.com\/wp-content\/uploads\/2020\/04\/7a-300x224.jpg 300w, https:\/\/www.batxilleratgranes.com\/wp-content\/uploads\/2020\/04\/7a-650x486.jpg 650w\" sizes=\"(max-width: 534px) 100vw, 534px\" \/><figcaption>Imatge de Blanquerna-FCS presentada durant la sessi\u00f3<\/figcaption><\/figure><\/div>\n\n\n\n<h3 class=\"wp-block-heading\"><strong>Persones en risc<\/strong><\/h3>\n\n\n\n<p>Els professionals essencials. La protecci\u00f3 individual sempre d\u00f3na lloc a una protecci\u00f3 comunit\u00e0ria, va recordar l&#8217;Isabel. Quan entrem a un lloc col\u00b7lectiu, entrem en risc de contagi i les que tenen m\u00e9s risc s\u00f3n aquelles que viuen en ciutats m\u00e9s poblades.<\/p>\n\n\n\n<p><br><\/p>\n\n\n\n<h3 class=\"wp-block-heading\"><strong>Part\u00edcula v\u00edrica<\/strong><\/h3>\n\n\n\n<p>Les docents van explicar que un virus no \u00e9s un \u00e9sser viu, sin\u00f3 una part\u00edcula v\u00edrica que funciona com un par\u00e0sit, \u00e9s a dir, que necessita el nostre metabolisme cel\u00b7lular per tal d&#8217;aconseguir c\u00f2pies de si mateixa. Les microgotes de saliva, a trav\u00e9s de les quals viatgen aquestes part\u00edcules, poden arribar d&#8217;1 a 3 metres de dist\u00e0ncia, i per aix\u00f2 hi ha la necessitat de protegir les vies respirat\u00f2ries altes mitjan\u00e7ant barreres f\u00edsiques. <\/p>\n\n\n\n<div class=\"wp-block-image\"><figure class=\"aligncenter size-large is-resized\"><img loading=\"lazy\" decoding=\"async\" src=\"https:\/\/www.batxilleratgranes.com\/wp-content\/uploads\/2020\/04\/10.jpg\" alt=\"\" class=\"wp-image-22782\" width=\"739\" height=\"486\" srcset=\"https:\/\/www.batxilleratgranes.com\/wp-content\/uploads\/2020\/04\/10.jpg 985w, https:\/\/www.batxilleratgranes.com\/wp-content\/uploads\/2020\/04\/10-300x197.jpg 300w, https:\/\/www.batxilleratgranes.com\/wp-content\/uploads\/2020\/04\/10-768x505.jpg 768w, https:\/\/www.batxilleratgranes.com\/wp-content\/uploads\/2020\/04\/10-650x428.jpg 650w, https:\/\/www.batxilleratgranes.com\/wp-content\/uploads\/2020\/04\/10-960x632.jpg 960w\" sizes=\"(max-width: 739px) 100vw, 739px\" \/><\/figure><\/div>\n\n\n\n<p>Durant la sessi\u00f3, l&#8217;Isabel i l&#8217;Elisabet tamb\u00e9 van mostrar als alumnes com funcionaven els <strong>tests PCR<\/strong> per al coronavirus i els marcadors fluorescents que indiquen la pres\u00e8ncia o no del virus.<\/p>\n\n\n\n<div class=\"wp-block-image\"><figure class=\"aligncenter size-large is-resized\"><img loading=\"lazy\" decoding=\"async\" src=\"https:\/\/www.batxilleratgranes.com\/wp-content\/uploads\/2020\/04\/15a.jpg\" alt=\"\" class=\"wp-image-22784\" width=\"559\" height=\"418\" srcset=\"https:\/\/www.batxilleratgranes.com\/wp-content\/uploads\/2020\/04\/15a.jpg 745w, https:\/\/www.batxilleratgranes.com\/wp-content\/uploads\/2020\/04\/15a-300x224.jpg 300w, https:\/\/www.batxilleratgranes.com\/wp-content\/uploads\/2020\/04\/15a-650x486.jpg 650w\" sizes=\"(max-width: 559px) 100vw, 559px\" \/><\/figure><\/div>\n\n\n\n<p>Les dues docents, a m\u00e9s, van donar resposta a algunes de les respostes que van formular els alumnes. Us recollim a continuaci\u00f3 algunes d&#8217;elles:<\/p>\n\n\n\n<p><strong>Quines precaucions s&#8217;estan tenint per si hi ha una recaiguda?<\/strong><\/p>\n\n\n\n<p><em>En funci\u00f3 de com es faci el desconfinament, a l&#8217;estiu podria haver-hi un rebrot. La difer\u00e8ncia llavors ser\u00e0 que hi haur\u00e0 lli\u00e7ons apreses i no faltaran elements de protecci\u00f3, com ha passat ara en qu\u00e8 la situaci\u00f3 ens va agafar desprevinguts.<\/em><\/p>\n\n\n\n<p><strong>A quins \u00f2rgans afecta el coronavirus, a m\u00e9s dels pulmons?<\/strong><\/p>\n\n\n\n<p><em>El coronavirus comen\u00e7a atacant els pulmons, amb una primera dificultat per respirar, per\u00f2 despr\u00e9s hi ha complicacions als ronyons. Les persones amb malalties cr\u00f2niques en aquest \u00f2rgan han tingut pitjor pron\u00f2stic.<\/em><\/p>\n\n\n\n<p><strong>Quin impacte est\u00e0 tenint la malaltia en el medi ambient?<\/strong><\/p>\n\n\n\n<p><em>El que s&#8217;ha vist \u00e9s que el virus sobreviu poc temps fora de les c\u00e8l\u00b7lules humanes, i en superf\u00edcies inerts, nom\u00e9s entre 2-4 dies. D&#8217;altra banda, encara no s&#8217;ha contrastat que pugui estar present en aig\u00fces residuals aix\u00ed que, en aquest sentit, no hi ha afectaci\u00f3 mediambiental directa. Tot i aix\u00f2, el coronavirus s\u00ed que est\u00e0 afectant en &#8220;l&#8217;estil de vida&#8221;, per exemple, en els despla\u00e7aments en cotxe. \u00c9s interessant veure com la contaminaci\u00f3 mediambiental ha disminu\u00eft dr\u00e0sticament durant el confinament. Aix\u00f2, per\u00f2, no ha sigut cap sorpresa. Una disminuci\u00f3 de la concentraci\u00f3 de di\u00f2xid de nitrogen t\u00e9 conseq\u00fc\u00e8ncies directes en la salut de les persones, com ara la disminuci\u00f3 de malalties card\u00edaques, en el desenvolupament neurocognitiu dels infants&#8230;<\/em><\/p>\n\n\n\n<div class=\"wp-block-image\"><figure class=\"aligncenter size-large is-resized\"><img loading=\"lazy\" decoding=\"async\" src=\"https:\/\/www.batxilleratgranes.com\/wp-content\/uploads\/2020\/04\/11.jpg\" alt=\"\" class=\"wp-image-22785\" width=\"740\" height=\"524\" srcset=\"https:\/\/www.batxilleratgranes.com\/wp-content\/uploads\/2020\/04\/11.jpg 987w, https:\/\/www.batxilleratgranes.com\/wp-content\/uploads\/2020\/04\/11-300x212.jpg 300w, https:\/\/www.batxilleratgranes.com\/wp-content\/uploads\/2020\/04\/11-768x544.jpg 768w, https:\/\/www.batxilleratgranes.com\/wp-content\/uploads\/2020\/04\/11-650x460.jpg 650w, https:\/\/www.batxilleratgranes.com\/wp-content\/uploads\/2020\/04\/11-960x680.jpg 960w\" sizes=\"(max-width: 740px) 100vw, 740px\" \/><\/figure><\/div>\n\n\n\n<p><strong>Per qu\u00e8 ha sorgit ara aquest virus?<\/strong><\/p>\n\n\n\n<p><em>S&#8217;han donat tota una s\u00e8rie de circumst\u00e0ncies fruit de la globalitzaci\u00f3 i de la facilitat d&#8217;infecci\u00f3 i de disseminar-se que t\u00e9 la COVID-19. El virus d&#8217;Ebola, per exemple, \u00e9s pitjor en efectes, per\u00f2 t\u00e9 una capacitat de disseminaci\u00f3 m\u00e9s redu\u00efda.<\/em><\/p>\n\n\n\n<p><strong>Quin \u00e9s el per\u00edode d&#8217;incubaci\u00f3?<\/strong><\/p>\n\n\n\n<p><em>Des del tercer o quart dia fins 15 dies despr\u00e9s. \u00c9s el per\u00edode que hi ha d&#8217;haver l&#8217;a\u00efllament si hi ha sospita que es pugui estar contagiat.<\/em><\/p>\n\n\n\n<p><strong>Qu\u00e8 canviar\u00e0 a la llarga al sistema sanitari?<\/strong><\/p>\n\n\n\n<p><em>Haurien de canviar for\u00e7a coses. En primer lloc, la r\u00e0tio de nombre de professionals sanitaris per habitant, que al nostre pa\u00eds \u00e9s dels m\u00e9s baixos. Tamb\u00e9, la protecci\u00f3 d&#8217;aquests professionals i s&#8217;han de refor\u00e7ar tamb\u00e9 els CAP, com a centres d&#8217;atenci\u00f3 prim\u00e0ria. Per \u00faltim, s&#8217;ha d&#8217;incrementar la capacitat de tenir vacunes, CPRs&#8230; El sistema de salut t\u00e9 un repte proper molt important que \u00e9s recol\u00b7locar els altres problemes de salut que han quedat al marge durant la pand\u00e8mia (cirurgies, proves diagn\u00f2stiques, llistes d&#8217;espera&#8230;). Primer de tot s&#8217;ha de pensar quin sistema sanitari tenim i volem, i aqu\u00ed la ciutadania hi t\u00e9 molt a dir.<\/em><\/p>\n\n\n\n<p><strong>Tornarem a l&#8217;escola en uns dies?<\/strong><\/p>\n\n\n\n<p><em>Hi ha tots els indicis perqu\u00e8 aquest curs escolar l&#8217;acabem a casa, per\u00f2 desitgem que al setembre el calendari escolar estigui normalitzat.<\/em><\/p>\n\n\n\n<p><strong>Com podem ajudar nosaltres?<\/strong><\/p>\n\n\n\n<p><em>Hi ha moltes maneres d&#8217;ajudar, i no nom\u00e9s estant a primera l\u00ednia. En primer lloc, no sortint de casa. Despr\u00e9s, tamb\u00e9 podem ajudar als investigadors en els seus estudis, fins i tot emplenant l&#8217;aplicaci\u00f3 de Salut de la Generalitat de Catalunya, per tenir un control de la pand\u00e8mia. Per \u00faltim, tenint cura de la gent gran que est\u00e0 resultant molt afectada perqu\u00e8, amb l&#8217;a\u00efllament, deixen de comunicar-se.<\/em> <em>Tots podem col\u00b7laborar. Tamb\u00e9 els estudiants de 4t d&#8217;Infermeria han anat a ajudar als hotels de salut que s&#8217;han habilitat. L&#8217;esperit de col\u00b7laboraci\u00f3 que es respira aquests dies \u00e9s immens.<\/em><\/p>\n\n\n\n<p><strong>Tot aix\u00f2 tindr\u00e0 tamb\u00e9 un impacte psicol\u00f2gic?<\/strong><\/p>\n\n\n\n<p><em>Evidentment. Hi ha molta gent que no es pot acomiadar dels seus familiars en el seu final de vida i aquest acompanyament psicol\u00f2gic que estan fent els professionals de la sanitat els est\u00e0 sotmetent a una pressi\u00f3 molt alta. D&#8217;altra banda, la mateixa por al contagi, que et pot arribar a paralitzar. Tot aix\u00f2 donar\u00e0 peu a un estr\u00e8s posttraum\u00e0tic que acabar\u00e0 sortint d&#8217;aqu\u00ed a uns mesos. Cada persona respondr\u00e0 de forma diferent, i aqu\u00ed intervindr\u00e0 la capacitat de resili\u00e8ncia de cadasc\u00fa.<\/em><\/p>\n","protected":false},"excerpt":{"rendered":"<p>El passat divendres, els alumnes de 1r i 2n de batxillerat de Ci\u00e8ncies de la Salut van assistir a una sessi\u00f3 online especial sobre el coronavirus amb la col\u00b7laboraci\u00f3 d&#8217;Isabel P\u00e9rez, Doctora en Ci\u00e8ncies de la Infermeria, i Elisabet Vendrell, Llicenciada en Biologia. Les docents de la Facultat de Ci\u00e8ncies de la Salut Blanquerna van&hellip;&nbsp;<a href=\"https:\/\/www.batxilleratgranes.com\/es\/resolem-tots-els-dubtes-sobre-el-covid-19\/\" class=\"\" rel=\"bookmark\">Read More &raquo;<span class=\"screen-reader-text\">Resolem tots els dubtes sobre la COVID-19<\/span><\/a><\/p>\n","protected":false},"author":5,"featured_media":22786,"comment_status":"open","ping_status":"open","sticky":false,"template":"","format":"standard","meta":{"neve_meta_sidebar":"","neve_meta_container":"","neve_meta_enable_content_width":"","neve_meta_content_width":0,"neve_meta_title_alignment":"","neve_meta_author_avatar":"","neve_post_elements_order":"","neve_meta_disable_header":"","neve_meta_disable_footer":"","neve_meta_disable_title":"","footnotes":""},"categories":[7],"tags":[22,495,510,965,950,964,35,966],"class_list":["post-22767","post","type-post","status-publish","format-standard","has-post-thumbnail","hentry","category-centre-batxillerat-granes","tag-batxillerat","tag-blanquerna","tag-ciencies-de-la-salut","tag-coronavirus","tag-covid-19","tag-fcs-blanquerna","tag-granes-batxillerat","tag-pandemia"],"yoast_head":"<!-- This site is optimized with the Yoast SEO plugin v23.4 - https:\/\/yoast.com\/wordpress\/plugins\/seo\/ -->\n<title>Resolem tots els dubtes sobre la COVID-19 - Gran\u00e9s Batxillerat - Escuela especializada en Bachillerato en Barcelona<\/title>\n<meta name=\"robots\" content=\"index, follow, max-snippet:-1, max-image-preview:large, max-video-preview:-1\" \/>\n<link rel=\"canonical\" href=\"https:\/\/www.batxilleratgranes.com\/es\/resolem-tots-els-dubtes-sobre-el-covid-19\/\" \/>\n<meta property=\"og:locale\" content=\"es_ES\" \/>\n<meta property=\"og:type\" content=\"article\" \/>\n<meta property=\"og:title\" content=\"Resolem tots els dubtes sobre la COVID-19 - Gran\u00e9s Batxillerat - Escuela especializada en Bachillerato en Barcelona\" \/>\n<meta property=\"og:description\" content=\"El passat divendres, els alumnes de 1r i 2n de batxillerat de Ci\u00e8ncies de la Salut van assistir a una sessi\u00f3 online especial sobre el coronavirus amb la col\u00b7laboraci\u00f3 d&#8217;Isabel P\u00e9rez, Doctora en Ci\u00e8ncies de la Infermeria, i Elisabet Vendrell, Llicenciada en Biologia. Les docents de la Facultat de Ci\u00e8ncies de la Salut Blanquerna van&hellip;&nbsp;Read More &raquo;Resolem tots els dubtes sobre la COVID-19\" \/>\n<meta property=\"og:url\" content=\"https:\/\/www.batxilleratgranes.com\/es\/resolem-tots-els-dubtes-sobre-el-covid-19\/\" \/>\n<meta property=\"og:site_name\" content=\"Gran\u00e9s Batxillerat - Escuela especializada en Bachillerato en Barcelona\" \/>\n<meta property=\"article:published_time\" content=\"2020-04-27T17:20:15+00:00\" \/>\n<meta property=\"article:modified_time\" content=\"2020-04-27T17:23:35+00:00\" \/>\n<meta property=\"og:image\" content=\"https:\/\/www.batxilleratgranes.com\/wp-content\/uploads\/2020\/04\/4-1.jpg\" \/>\n\t<meta property=\"og:image:width\" content=\"1055\" \/>\n\t<meta property=\"og:image:height\" content=\"705\" \/>\n\t<meta property=\"og:image:type\" content=\"image\/jpeg\" \/>\n<meta name=\"author\" content=\"mireia.martinez\" \/>\n<meta name=\"twitter:card\" content=\"summary_large_image\" \/>\n<meta name=\"twitter:label1\" content=\"Written by\" \/>\n\t<meta name=\"twitter:data1\" content=\"mireia.martinez\" \/>\n\t<meta name=\"twitter:label2\" content=\"Est. reading time\" \/>\n\t<meta name=\"twitter:data2\" content=\"5 minutes\" \/>\n<script type=\"application\/ld+json\" class=\"yoast-schema-graph\">{\"@context\":\"https:\/\/schema.org\",\"@graph\":[{\"@type\":\"Article\",\"@id\":\"https:\/\/www.batxilleratgranes.com\/es\/resolem-tots-els-dubtes-sobre-el-covid-19\/#article\",\"isPartOf\":{\"@id\":\"https:\/\/www.batxilleratgranes.com\/es\/resolem-tots-els-dubtes-sobre-el-covid-19\/\"},\"author\":{\"name\":\"mireia.martinez\",\"@id\":\"https:\/\/www.batxilleratgranes.com\/es\/#\/schema\/person\/4e10f231f79e8e2d24629e02b8283201\"},\"headline\":\"Resolem tots els dubtes sobre la COVID-19\",\"datePublished\":\"2020-04-27T17:20:15+00:00\",\"dateModified\":\"2020-04-27T17:23:35+00:00\",\"mainEntityOfPage\":{\"@id\":\"https:\/\/www.batxilleratgranes.com\/es\/resolem-tots-els-dubtes-sobre-el-covid-19\/\"},\"wordCount\":1124,\"commentCount\":0,\"publisher\":{\"@id\":\"https:\/\/www.batxilleratgranes.com\/es\/#organization\"},\"image\":{\"@id\":\"https:\/\/www.batxilleratgranes.com\/es\/resolem-tots-els-dubtes-sobre-el-covid-19\/#primaryimage\"},\"thumbnailUrl\":\"https:\/\/www.batxilleratgranes.com\/wp-content\/uploads\/2020\/04\/4-1.jpg\",\"keywords\":[\"Batxillerat\",\"Blanquerna\",\"Ci\u00e8ncies de la Salut\",\"Coronavirus\",\"COVID-19\",\"FCS-Blanquerna\",\"Gran\u00e9s Batxillerat\",\"Pand\u00e8mia\"],\"articleSection\":[\"Activitats Gran\u00e9s\"],\"inLanguage\":\"es\",\"potentialAction\":[{\"@type\":\"CommentAction\",\"name\":\"Comment\",\"target\":[\"https:\/\/www.batxilleratgranes.com\/es\/resolem-tots-els-dubtes-sobre-el-covid-19\/#respond\"]}]},{\"@type\":\"WebPage\",\"@id\":\"https:\/\/www.batxilleratgranes.com\/es\/resolem-tots-els-dubtes-sobre-el-covid-19\/\",\"url\":\"https:\/\/www.batxilleratgranes.com\/es\/resolem-tots-els-dubtes-sobre-el-covid-19\/\",\"name\":\"Resolem tots els dubtes sobre la COVID-19 - Gran\u00e9s Batxillerat - Escuela especializada en Bachillerato en Barcelona\",\"isPartOf\":{\"@id\":\"https:\/\/www.batxilleratgranes.com\/es\/#website\"},\"primaryImageOfPage\":{\"@id\":\"https:\/\/www.batxilleratgranes.com\/es\/resolem-tots-els-dubtes-sobre-el-covid-19\/#primaryimage\"},\"image\":{\"@id\":\"https:\/\/www.batxilleratgranes.com\/es\/resolem-tots-els-dubtes-sobre-el-covid-19\/#primaryimage\"},\"thumbnailUrl\":\"https:\/\/www.batxilleratgranes.com\/wp-content\/uploads\/2020\/04\/4-1.jpg\",\"datePublished\":\"2020-04-27T17:20:15+00:00\",\"dateModified\":\"2020-04-27T17:23:35+00:00\",\"breadcrumb\":{\"@id\":\"https:\/\/www.batxilleratgranes.com\/es\/resolem-tots-els-dubtes-sobre-el-covid-19\/#breadcrumb\"},\"inLanguage\":\"es\",\"potentialAction\":[{\"@type\":\"ReadAction\",\"target\":[\"https:\/\/www.batxilleratgranes.com\/es\/resolem-tots-els-dubtes-sobre-el-covid-19\/\"]}]},{\"@type\":\"ImageObject\",\"inLanguage\":\"es\",\"@id\":\"https:\/\/www.batxilleratgranes.com\/es\/resolem-tots-els-dubtes-sobre-el-covid-19\/#primaryimage\",\"url\":\"https:\/\/www.batxilleratgranes.com\/wp-content\/uploads\/2020\/04\/4-1.jpg\",\"contentUrl\":\"https:\/\/www.batxilleratgranes.com\/wp-content\/uploads\/2020\/04\/4-1.jpg\",\"width\":1055,\"height\":705,\"caption\":\"Sessi\u00f3 sobre el coronavirus\"},{\"@type\":\"BreadcrumbList\",\"@id\":\"https:\/\/www.batxilleratgranes.com\/es\/resolem-tots-els-dubtes-sobre-el-covid-19\/#breadcrumb\",\"itemListElement\":[{\"@type\":\"ListItem\",\"position\":1,\"name\":\"Inici\",\"item\":\"https:\/\/www.batxilleratgranes.com\/es\/\"},{\"@type\":\"ListItem\",\"position\":2,\"name\":\"Resolem tots els dubtes sobre la COVID-19\"}]},{\"@type\":\"WebSite\",\"@id\":\"https:\/\/www.batxilleratgranes.com\/es\/#website\",\"url\":\"https:\/\/www.batxilleratgranes.com\/es\/\",\"name\":\"Gran\u00e9s Batxillerat - Escuela especializada en Bachillerato en Barcelona\",\"description\":\"Escola especialitzada en Batxillerat a Barcelona\",\"publisher\":{\"@id\":\"https:\/\/www.batxilleratgranes.com\/es\/#organization\"},\"potentialAction\":[{\"@type\":\"SearchAction\",\"target\":{\"@type\":\"EntryPoint\",\"urlTemplate\":\"https:\/\/www.batxilleratgranes.com\/es\/?s={search_term_string}\"},\"query-input\":{\"@type\":\"PropertyValueSpecification\",\"valueRequired\":true,\"valueName\":\"search_term_string\"}}],\"inLanguage\":\"es\"},{\"@type\":\"Organization\",\"@id\":\"https:\/\/www.batxilleratgranes.com\/es\/#organization\",\"name\":\"Gran\u00e9s Batxillerat - Escuela especializada en Bachillerato en Barcelona\",\"url\":\"https:\/\/www.batxilleratgranes.com\/es\/\",\"logo\":{\"@type\":\"ImageObject\",\"inLanguage\":\"es\",\"@id\":\"https:\/\/www.batxilleratgranes.com\/es\/#\/schema\/logo\/image\/\",\"url\":\"https:\/\/www.batxilleratgranes.com\/wp-content\/uploads\/2013\/01\/granes1.png\",\"contentUrl\":\"https:\/\/www.batxilleratgranes.com\/wp-content\/uploads\/2013\/01\/granes1.png\",\"width\":292,\"height\":85,\"caption\":\"Gran\u00e9s Batxillerat - Escuela especializada en Bachillerato en Barcelona\"},\"image\":{\"@id\":\"https:\/\/www.batxilleratgranes.com\/es\/#\/schema\/logo\/image\/\"}},{\"@type\":\"Person\",\"@id\":\"https:\/\/www.batxilleratgranes.com\/es\/#\/schema\/person\/4e10f231f79e8e2d24629e02b8283201\",\"name\":\"mireia.martinez\",\"image\":{\"@type\":\"ImageObject\",\"inLanguage\":\"es\",\"@id\":\"https:\/\/www.batxilleratgranes.com\/es\/#\/schema\/person\/image\/\",\"url\":\"https:\/\/secure.gravatar.com\/avatar\/8c952e346979fb1eaf89bbc4dfda29f0?s=96&d=mm&r=g\",\"contentUrl\":\"https:\/\/secure.gravatar.com\/avatar\/8c952e346979fb1eaf89bbc4dfda29f0?s=96&d=mm&r=g\",\"caption\":\"mireia.martinez\"},\"url\":\"https:\/\/www.batxilleratgranes.com\/es\/author\/mireia-martinez\/\"}]}<\/script>\n<!-- \/ Yoast SEO plugin. -->","yoast_head_json":{"title":"Resolem tots els dubtes sobre la COVID-19 - Gran\u00e9s Batxillerat - Escuela especializada en Bachillerato en Barcelona","robots":{"index":"index","follow":"follow","max-snippet":"max-snippet:-1","max-image-preview":"max-image-preview:large","max-video-preview":"max-video-preview:-1"},"canonical":"https:\/\/www.batxilleratgranes.com\/es\/resolem-tots-els-dubtes-sobre-el-covid-19\/","og_locale":"es_ES","og_type":"article","og_title":"Resolem tots els dubtes sobre la COVID-19 - Gran\u00e9s Batxillerat - Escuela especializada en Bachillerato en Barcelona","og_description":"El passat divendres, els alumnes de 1r i 2n de batxillerat de Ci\u00e8ncies de la Salut van assistir a una sessi\u00f3 online especial sobre el coronavirus amb la col\u00b7laboraci\u00f3 d&#8217;Isabel P\u00e9rez, Doctora en Ci\u00e8ncies de la Infermeria, i Elisabet Vendrell, Llicenciada en Biologia. Les docents de la Facultat de Ci\u00e8ncies de la Salut Blanquerna van&hellip;&nbsp;Read More &raquo;Resolem tots els dubtes sobre la COVID-19","og_url":"https:\/\/www.batxilleratgranes.com\/es\/resolem-tots-els-dubtes-sobre-el-covid-19\/","og_site_name":"Gran\u00e9s Batxillerat - Escuela especializada en Bachillerato en Barcelona","article_published_time":"2020-04-27T17:20:15+00:00","article_modified_time":"2020-04-27T17:23:35+00:00","og_image":[{"width":1055,"height":705,"url":"https:\/\/www.batxilleratgranes.com\/wp-content\/uploads\/2020\/04\/4-1.jpg","type":"image\/jpeg"}],"author":"mireia.martinez","twitter_card":"summary_large_image","twitter_misc":{"Written by":"mireia.martinez","Est. reading time":"5 minutes"},"schema":{"@context":"https:\/\/schema.org","@graph":[{"@type":"Article","@id":"https:\/\/www.batxilleratgranes.com\/es\/resolem-tots-els-dubtes-sobre-el-covid-19\/#article","isPartOf":{"@id":"https:\/\/www.batxilleratgranes.com\/es\/resolem-tots-els-dubtes-sobre-el-covid-19\/"},"author":{"name":"mireia.martinez","@id":"https:\/\/www.batxilleratgranes.com\/es\/#\/schema\/person\/4e10f231f79e8e2d24629e02b8283201"},"headline":"Resolem tots els dubtes sobre la COVID-19","datePublished":"2020-04-27T17:20:15+00:00","dateModified":"2020-04-27T17:23:35+00:00","mainEntityOfPage":{"@id":"https:\/\/www.batxilleratgranes.com\/es\/resolem-tots-els-dubtes-sobre-el-covid-19\/"},"wordCount":1124,"commentCount":0,"publisher":{"@id":"https:\/\/www.batxilleratgranes.com\/es\/#organization"},"image":{"@id":"https:\/\/www.batxilleratgranes.com\/es\/resolem-tots-els-dubtes-sobre-el-covid-19\/#primaryimage"},"thumbnailUrl":"https:\/\/www.batxilleratgranes.com\/wp-content\/uploads\/2020\/04\/4-1.jpg","keywords":["Batxillerat","Blanquerna","Ci\u00e8ncies de la Salut","Coronavirus","COVID-19","FCS-Blanquerna","Gran\u00e9s Batxillerat","Pand\u00e8mia"],"articleSection":["Activitats Gran\u00e9s"],"inLanguage":"es","potentialAction":[{"@type":"CommentAction","name":"Comment","target":["https:\/\/www.batxilleratgranes.com\/es\/resolem-tots-els-dubtes-sobre-el-covid-19\/#respond"]}]},{"@type":"WebPage","@id":"https:\/\/www.batxilleratgranes.com\/es\/resolem-tots-els-dubtes-sobre-el-covid-19\/","url":"https:\/\/www.batxilleratgranes.com\/es\/resolem-tots-els-dubtes-sobre-el-covid-19\/","name":"Resolem tots els dubtes sobre la COVID-19 - Gran\u00e9s Batxillerat - Escuela especializada en Bachillerato en Barcelona","isPartOf":{"@id":"https:\/\/www.batxilleratgranes.com\/es\/#website"},"primaryImageOfPage":{"@id":"https:\/\/www.batxilleratgranes.com\/es\/resolem-tots-els-dubtes-sobre-el-covid-19\/#primaryimage"},"image":{"@id":"https:\/\/www.batxilleratgranes.com\/es\/resolem-tots-els-dubtes-sobre-el-covid-19\/#primaryimage"},"thumbnailUrl":"https:\/\/www.batxilleratgranes.com\/wp-content\/uploads\/2020\/04\/4-1.jpg","datePublished":"2020-04-27T17:20:15+00:00","dateModified":"2020-04-27T17:23:35+00:00","breadcrumb":{"@id":"https:\/\/www.batxilleratgranes.com\/es\/resolem-tots-els-dubtes-sobre-el-covid-19\/#breadcrumb"},"inLanguage":"es","potentialAction":[{"@type":"ReadAction","target":["https:\/\/www.batxilleratgranes.com\/es\/resolem-tots-els-dubtes-sobre-el-covid-19\/"]}]},{"@type":"ImageObject","inLanguage":"es","@id":"https:\/\/www.batxilleratgranes.com\/es\/resolem-tots-els-dubtes-sobre-el-covid-19\/#primaryimage","url":"https:\/\/www.batxilleratgranes.com\/wp-content\/uploads\/2020\/04\/4-1.jpg","contentUrl":"https:\/\/www.batxilleratgranes.com\/wp-content\/uploads\/2020\/04\/4-1.jpg","width":1055,"height":705,"caption":"Sessi\u00f3 sobre el coronavirus"},{"@type":"BreadcrumbList","@id":"https:\/\/www.batxilleratgranes.com\/es\/resolem-tots-els-dubtes-sobre-el-covid-19\/#breadcrumb","itemListElement":[{"@type":"ListItem","position":1,"name":"Inici","item":"https:\/\/www.batxilleratgranes.com\/es\/"},{"@type":"ListItem","position":2,"name":"Resolem tots els dubtes sobre la COVID-19"}]},{"@type":"WebSite","@id":"https:\/\/www.batxilleratgranes.com\/es\/#website","url":"https:\/\/www.batxilleratgranes.com\/es\/","name":"Gran\u00e9s Batxillerat - Escuela especializada en Bachillerato en Barcelona","description":"Escola especialitzada en Batxillerat a Barcelona","publisher":{"@id":"https:\/\/www.batxilleratgranes.com\/es\/#organization"},"potentialAction":[{"@type":"SearchAction","target":{"@type":"EntryPoint","urlTemplate":"https:\/\/www.batxilleratgranes.com\/es\/?s={search_term_string}"},"query-input":{"@type":"PropertyValueSpecification","valueRequired":true,"valueName":"search_term_string"}}],"inLanguage":"es"},{"@type":"Organization","@id":"https:\/\/www.batxilleratgranes.com\/es\/#organization","name":"Gran\u00e9s Batxillerat - Escuela especializada en Bachillerato en Barcelona","url":"https:\/\/www.batxilleratgranes.com\/es\/","logo":{"@type":"ImageObject","inLanguage":"es","@id":"https:\/\/www.batxilleratgranes.com\/es\/#\/schema\/logo\/image\/","url":"https:\/\/www.batxilleratgranes.com\/wp-content\/uploads\/2013\/01\/granes1.png","contentUrl":"https:\/\/www.batxilleratgranes.com\/wp-content\/uploads\/2013\/01\/granes1.png","width":292,"height":85,"caption":"Gran\u00e9s Batxillerat - Escuela especializada en Bachillerato en Barcelona"},"image":{"@id":"https:\/\/www.batxilleratgranes.com\/es\/#\/schema\/logo\/image\/"}},{"@type":"Person","@id":"https:\/\/www.batxilleratgranes.com\/es\/#\/schema\/person\/4e10f231f79e8e2d24629e02b8283201","name":"mireia.martinez","image":{"@type":"ImageObject","inLanguage":"es","@id":"https:\/\/www.batxilleratgranes.com\/es\/#\/schema\/person\/image\/","url":"https:\/\/secure.gravatar.com\/avatar\/8c952e346979fb1eaf89bbc4dfda29f0?s=96&d=mm&r=g","contentUrl":"https:\/\/secure.gravatar.com\/avatar\/8c952e346979fb1eaf89bbc4dfda29f0?s=96&d=mm&r=g","caption":"mireia.martinez"},"url":"https:\/\/www.batxilleratgranes.com\/es\/author\/mireia-martinez\/"}]}},"_links":{"self":[{"href":"https:\/\/www.batxilleratgranes.com\/es\/wp-json\/wp\/v2\/posts\/22767"}],"collection":[{"href":"https:\/\/www.batxilleratgranes.com\/es\/wp-json\/wp\/v2\/posts"}],"about":[{"href":"https:\/\/www.batxilleratgranes.com\/es\/wp-json\/wp\/v2\/types\/post"}],"author":[{"embeddable":true,"href":"https:\/\/www.batxilleratgranes.com\/es\/wp-json\/wp\/v2\/users\/5"}],"replies":[{"embeddable":true,"href":"https:\/\/www.batxilleratgranes.com\/es\/wp-json\/wp\/v2\/comments?post=22767"}],"version-history":[{"count":8,"href":"https:\/\/www.batxilleratgranes.com\/es\/wp-json\/wp\/v2\/posts\/22767\/revisions"}],"predecessor-version":[{"id":22790,"href":"https:\/\/www.batxilleratgranes.com\/es\/wp-json\/wp\/v2\/posts\/22767\/revisions\/22790"}],"wp:featuredmedia":[{"embeddable":true,"href":"https:\/\/www.batxilleratgranes.com\/es\/wp-json\/wp\/v2\/media\/22786"}],"wp:attachment":[{"href":"https:\/\/www.batxilleratgranes.com\/es\/wp-json\/wp\/v2\/media?parent=22767"}],"wp:term":[{"taxonomy":"category","embeddable":true,"href":"https:\/\/www.batxilleratgranes.com\/es\/wp-json\/wp\/v2\/categories?post=22767"},{"taxonomy":"post_tag","embeddable":true,"href":"https:\/\/www.batxilleratgranes.com\/es\/wp-json\/wp\/v2\/tags?post=22767"}],"curies":[{"name":"wp","href":"https:\/\/api.w.org\/{rel}","templated":true}]}}