{"id":26186,"date":"2020-10-07T17:07:39","date_gmt":"2020-10-07T17:07:39","guid":{"rendered":"https:\/\/www.batxilleratgranes.com\/?p=26186"},"modified":"2021-09-14T09:51:52","modified_gmt":"2021-09-14T09:51:52","slug":"enric-calpena-orienta-els-nostres-alumnes-en-el-seus-projectes-de-comunicacio-i-periodisme","status":"publish","type":"post","link":"https:\/\/www.batxilleratgranes.com\/es\/enric-calpena-orienta-els-nostres-alumnes-en-el-seus-projectes-de-comunicacio-i-periodisme\/","title":{"rendered":"Enric Calpena orienta els nostres alumnes en els seus projectes de Comunicaci\u00f3 i Periodisme"},"content":{"rendered":"\r\n<p>Emmarcada en els primers projectes de curs que realitzen els alumnes de l&#8217;<a href=\"https:\/\/www.batxilleratgranes.com\/batxillerat-comunicacio-periodisme\">itinerari en Comunicaci\u00f3 i Periodisme<\/a>, avui hem rebut una visita molt especial. El periodista i historiador barcelon\u00ed <strong>Enric Calpena<\/strong> ha orientat els nostres alumnes a encarar el treball que hauran de portar a terme els pr\u00f2xims mesos.<\/p>\r\n\r\n\r\n\r\n<p>Durant la primera sessi\u00f3 adre\u00e7ada als alumnes de <strong>1r de Batxillerat<\/strong>, el periodista ha mostrat el seu coneixement en hist\u00f2ria per orientar els alumnes en la seva investigaci\u00f3 centrada en el moviment <strong>Black Lives Matter<\/strong>. Tamb\u00e9 conegut per les segles BLM, \u00e9s un corrent internacional sorgit dins la comunitat afroamericana. En els darreres anys, els seus participants s&#8217;han manifestat per la mort  d&#8217; afroamericans per accions policials, com recentment George Floyd.<\/p>\r\n\r\n\r\n\r\n<div class=\"wp-block-image\"><figure class=\"aligncenter size-large is-resized\"><img loading=\"lazy\" decoding=\"async\" src=\"https:\/\/www.batxilleratgranes.com\/wp-content\/uploads\/2020\/10\/PA060382-1-1024x768.jpg\" alt=\"\" class=\"wp-image-26383\" width=\"768\" height=\"576\" srcset=\"https:\/\/www.batxilleratgranes.com\/wp-content\/uploads\/2020\/10\/PA060382-1-1024x768.jpg 1024w, https:\/\/www.batxilleratgranes.com\/wp-content\/uploads\/2020\/10\/PA060382-1-300x225.jpg 300w, https:\/\/www.batxilleratgranes.com\/wp-content\/uploads\/2020\/10\/PA060382-1-768x576.jpg 768w, https:\/\/www.batxilleratgranes.com\/wp-content\/uploads\/2020\/10\/PA060382-1.jpg 1200w\" sizes=\"(max-width: 768px) 100vw, 768px\" \/><\/figure><\/div>\r\n\r\n\r\n\r\n<p>Calpena, que s&#8217;ha remuntat a l&#8217;esclavisme a Am\u00e8rica i la seva ra\u00f3 econ\u00f2mica, el moviment del racisme i les primeres marxes de la comunitat afroamericana contra la discriminaci\u00f3 de principis de segle XX, ha recomanat als alumnes que. a l&#8217;hora de fer la seva investigaci\u00f3. tinguin en compte aquests <strong>tres cercles<\/strong>: <\/p>\r\n\r\n\r\n\r\n<ul class=\"wp-block-list\"><li><strong>les not\u00edcies<\/strong><\/li><li><strong>d&#8217;on venen les not\u00edcies i<\/strong><\/li><li><strong>els seus antecedents<\/strong><\/li><\/ul>\r\n\r\n\r\n\r\n<p><\/p>\r\n\r\n\r\n\r\n<div class=\"wp-block-image\"><figure class=\"aligncenter size-large is-resized\"><img loading=\"lazy\" decoding=\"async\" src=\"https:\/\/www.batxilleratgranes.com\/wp-content\/uploads\/2020\/10\/IMG_20201006_115111-768x1024.jpg\" alt=\"\" class=\"wp-image-26377\" width=\"576\" height=\"768\" srcset=\"https:\/\/www.batxilleratgranes.com\/wp-content\/uploads\/2020\/10\/IMG_20201006_115111-768x1024.jpg 768w, https:\/\/www.batxilleratgranes.com\/wp-content\/uploads\/2020\/10\/IMG_20201006_115111-225x300.jpg 225w, https:\/\/www.batxilleratgranes.com\/wp-content\/uploads\/2020\/10\/IMG_20201006_115111.jpg 900w\" sizes=\"(max-width: 576px) 100vw, 576px\" \/><\/figure><\/div>\r\n\r\n\r\n\r\n<p>Per la seva banda, els alumnes de 2n de Batxillerat de l&#8217;itinerari en<strong> Comunicaci\u00f3 i Periodisme<\/strong> tenen com a projecte la realitzaci\u00f3 d&#8217;unes <strong><a href=\"https:\/\/www.batxilleratgranes.com\/projecte-descriptura-memories-personals.html\">Mem\u00f2ries familiars<\/a><\/strong>. Calpena ha parlat als alumnes de la t\u00e8cnica de l&#8217;<strong>entrevista<\/strong> i com tractar les <strong>fonts d&#8217;informaci\u00f3<\/strong>. El periodista ha parat atenci\u00f3 tamb\u00e9 en la import\u00e0ncia de reiterar les entrevistes i <strong>trencar el relat<\/strong> dels nostres interlocutors per arribar a extreure informaci\u00f3 valuosa. A l&#8217;hora de cercar en els seves hist\u00f2ries familiars, Calpena va fer refer\u00e8ncia a la gran quantitat de <strong>documentaci\u00f3 digital de fonts oficials<\/strong> que \u00e9s possible trobar aix\u00ed com <strong>hemeroteques<\/strong> de diaris com La Vanguardia o al Memorial Democr\u00e0tic, on cercar informaci\u00f3 corresponent a la Guerra Civil, per exemple.  <\/p>\r\n\r\n\r\n\r\n<div class=\"wp-block-image\"><figure class=\"aligncenter size-large is-resized\"><img loading=\"lazy\" decoding=\"async\" src=\"https:\/\/www.batxilleratgranes.com\/wp-content\/uploads\/2020\/10\/PA060407-1024x768.jpg\" alt=\"\" class=\"wp-image-26379\" width=\"768\" height=\"576\" srcset=\"https:\/\/www.batxilleratgranes.com\/wp-content\/uploads\/2020\/10\/PA060407-1024x768.jpg 1024w, https:\/\/www.batxilleratgranes.com\/wp-content\/uploads\/2020\/10\/PA060407-300x225.jpg 300w, https:\/\/www.batxilleratgranes.com\/wp-content\/uploads\/2020\/10\/PA060407-768x576.jpg 768w, https:\/\/www.batxilleratgranes.com\/wp-content\/uploads\/2020\/10\/PA060407.jpg 1200w\" sizes=\"(max-width: 768px) 100vw, 768px\" \/><\/figure><\/div>\r\n\r\n\r\n\r\n<p class=\"has-text-align-center\"><strong>Moltes gr\u00e0cies Enric per la teva visita i per compartir amb nosaltres aquesta estona!<\/strong><\/p>\r\n","protected":false},"excerpt":{"rendered":"<p>Emmarcada en els primers projectes de curs que realitzen els alumnes de l&#8217;itinerari en Comunicaci\u00f3 i Periodisme, avui hem rebut una visita molt especial. El periodista i historiador barcelon\u00ed Enric Calpena ha orientat els nostres alumnes a encarar el treball que hauran de portar a terme els pr\u00f2xims mesos. Durant la primera sessi\u00f3 adre\u00e7ada als&hellip;&nbsp;<a href=\"https:\/\/www.batxilleratgranes.com\/es\/enric-calpena-orienta-els-nostres-alumnes-en-el-seus-projectes-de-comunicacio-i-periodisme\/\" class=\"\" rel=\"bookmark\">Read More &raquo;<span class=\"screen-reader-text\">Enric Calpena orienta els nostres alumnes en els seus projectes de Comunicaci\u00f3 i Periodisme<\/span><\/a><\/p>\n","protected":false},"author":5,"featured_media":26381,"comment_status":"open","ping_status":"open","sticky":false,"template":"","format":"standard","meta":{"neve_meta_sidebar":"","neve_meta_container":"","neve_meta_enable_content_width":"off","neve_meta_content_width":70,"neve_meta_title_alignment":"","neve_meta_author_avatar":"","neve_post_elements_order":"","neve_meta_disable_header":"","neve_meta_disable_footer":"","neve_meta_disable_title":"","footnotes":""},"categories":[7],"tags":[1035,322,1036,985,804],"class_list":["post-26186","post","type-post","status-publish","format-standard","has-post-thumbnail","hentry","category-centre-batxillerat-granes","tag-black-lives-matter","tag-comunicacio-i-periodisme","tag-enric-calpena","tag-memories-personals","tag-projectes"],"yoast_head":"<!-- This site is optimized with the Yoast SEO plugin v23.4 - https:\/\/yoast.com\/wordpress\/plugins\/seo\/ -->\n<title>Enric Calpena orienta els nostres alumnes en els seus projectes de Comunicaci\u00f3 i Periodisme - Gran\u00e9s Batxillerat - Escuela especializada en Bachillerato en Barcelona<\/title>\n<meta name=\"robots\" content=\"index, follow, max-snippet:-1, max-image-preview:large, max-video-preview:-1\" \/>\n<link rel=\"canonical\" href=\"https:\/\/www.batxilleratgranes.com\/es\/enric-calpena-orienta-els-nostres-alumnes-en-el-seus-projectes-de-comunicacio-i-periodisme\/\" \/>\n<meta property=\"og:locale\" content=\"es_ES\" \/>\n<meta property=\"og:type\" content=\"article\" \/>\n<meta property=\"og:title\" content=\"Enric Calpena orienta els nostres alumnes en els seus projectes de Comunicaci\u00f3 i Periodisme - Gran\u00e9s Batxillerat - Escuela especializada en Bachillerato en Barcelona\" \/>\n<meta property=\"og:description\" content=\"Emmarcada en els primers projectes de curs que realitzen els alumnes de l&#8217;itinerari en Comunicaci\u00f3 i Periodisme, avui hem rebut una visita molt especial. El periodista i historiador barcelon\u00ed Enric Calpena ha orientat els nostres alumnes a encarar el treball que hauran de portar a terme els pr\u00f2xims mesos. Durant la primera sessi\u00f3 adre\u00e7ada als&hellip;&nbsp;Read More &raquo;Enric Calpena orienta els nostres alumnes en els seus projectes de Comunicaci\u00f3 i Periodisme\" \/>\n<meta property=\"og:url\" content=\"https:\/\/www.batxilleratgranes.com\/es\/enric-calpena-orienta-els-nostres-alumnes-en-el-seus-projectes-de-comunicacio-i-periodisme\/\" \/>\n<meta property=\"og:site_name\" content=\"Gran\u00e9s Batxillerat - Escuela especializada en Bachillerato en Barcelona\" \/>\n<meta property=\"article:published_time\" content=\"2020-10-07T17:07:39+00:00\" \/>\n<meta property=\"article:modified_time\" content=\"2021-09-14T09:51:52+00:00\" \/>\n<meta property=\"og:image\" content=\"https:\/\/www.batxilleratgranes.com\/wp-content\/uploads\/2020\/10\/PA060372.jpg\" \/>\n\t<meta property=\"og:image:width\" content=\"1200\" \/>\n\t<meta property=\"og:image:height\" content=\"900\" \/>\n\t<meta property=\"og:image:type\" content=\"image\/jpeg\" \/>\n<meta name=\"author\" content=\"mireia.martinez\" \/>\n<meta name=\"twitter:card\" content=\"summary_large_image\" \/>\n<meta name=\"twitter:label1\" content=\"Written by\" \/>\n\t<meta name=\"twitter:data1\" content=\"mireia.martinez\" \/>\n\t<meta name=\"twitter:label2\" content=\"Est. reading time\" \/>\n\t<meta name=\"twitter:data2\" content=\"2 minutes\" \/>\n<script type=\"application\/ld+json\" class=\"yoast-schema-graph\">{\"@context\":\"https:\/\/schema.org\",\"@graph\":[{\"@type\":\"Article\",\"@id\":\"https:\/\/www.batxilleratgranes.com\/es\/enric-calpena-orienta-els-nostres-alumnes-en-el-seus-projectes-de-comunicacio-i-periodisme\/#article\",\"isPartOf\":{\"@id\":\"https:\/\/www.batxilleratgranes.com\/es\/enric-calpena-orienta-els-nostres-alumnes-en-el-seus-projectes-de-comunicacio-i-periodisme\/\"},\"author\":{\"name\":\"mireia.martinez\",\"@id\":\"https:\/\/www.batxilleratgranes.com\/es\/#\/schema\/person\/4e10f231f79e8e2d24629e02b8283201\"},\"headline\":\"Enric Calpena orienta els nostres alumnes en els seus projectes de Comunicaci\u00f3 i Periodisme\",\"datePublished\":\"2020-10-07T17:07:39+00:00\",\"dateModified\":\"2021-09-14T09:51:52+00:00\",\"mainEntityOfPage\":{\"@id\":\"https:\/\/www.batxilleratgranes.com\/es\/enric-calpena-orienta-els-nostres-alumnes-en-el-seus-projectes-de-comunicacio-i-periodisme\/\"},\"wordCount\":350,\"commentCount\":0,\"publisher\":{\"@id\":\"https:\/\/www.batxilleratgranes.com\/es\/#organization\"},\"image\":{\"@id\":\"https:\/\/www.batxilleratgranes.com\/es\/enric-calpena-orienta-els-nostres-alumnes-en-el-seus-projectes-de-comunicacio-i-periodisme\/#primaryimage\"},\"thumbnailUrl\":\"https:\/\/www.batxilleratgranes.com\/wp-content\/uploads\/2020\/10\/PA060372.jpg\",\"keywords\":[\"Black Lives Matter\",\"Comunicaci\u00f3 i Periodisme\",\"Enric Calpena\",\"Mem\u00f2ries personals\",\"Projectes\"],\"articleSection\":[\"Activitats Gran\u00e9s\"],\"inLanguage\":\"es\",\"potentialAction\":[{\"@type\":\"CommentAction\",\"name\":\"Comment\",\"target\":[\"https:\/\/www.batxilleratgranes.com\/es\/enric-calpena-orienta-els-nostres-alumnes-en-el-seus-projectes-de-comunicacio-i-periodisme\/#respond\"]}]},{\"@type\":\"WebPage\",\"@id\":\"https:\/\/www.batxilleratgranes.com\/es\/enric-calpena-orienta-els-nostres-alumnes-en-el-seus-projectes-de-comunicacio-i-periodisme\/\",\"url\":\"https:\/\/www.batxilleratgranes.com\/es\/enric-calpena-orienta-els-nostres-alumnes-en-el-seus-projectes-de-comunicacio-i-periodisme\/\",\"name\":\"Enric Calpena orienta els nostres alumnes en els seus projectes de Comunicaci\u00f3 i Periodisme - Gran\u00e9s Batxillerat - Escuela especializada en Bachillerato en Barcelona\",\"isPartOf\":{\"@id\":\"https:\/\/www.batxilleratgranes.com\/es\/#website\"},\"primaryImageOfPage\":{\"@id\":\"https:\/\/www.batxilleratgranes.com\/es\/enric-calpena-orienta-els-nostres-alumnes-en-el-seus-projectes-de-comunicacio-i-periodisme\/#primaryimage\"},\"image\":{\"@id\":\"https:\/\/www.batxilleratgranes.com\/es\/enric-calpena-orienta-els-nostres-alumnes-en-el-seus-projectes-de-comunicacio-i-periodisme\/#primaryimage\"},\"thumbnailUrl\":\"https:\/\/www.batxilleratgranes.com\/wp-content\/uploads\/2020\/10\/PA060372.jpg\",\"datePublished\":\"2020-10-07T17:07:39+00:00\",\"dateModified\":\"2021-09-14T09:51:52+00:00\",\"breadcrumb\":{\"@id\":\"https:\/\/www.batxilleratgranes.com\/es\/enric-calpena-orienta-els-nostres-alumnes-en-el-seus-projectes-de-comunicacio-i-periodisme\/#breadcrumb\"},\"inLanguage\":\"es\",\"potentialAction\":[{\"@type\":\"ReadAction\",\"target\":[\"https:\/\/www.batxilleratgranes.com\/es\/enric-calpena-orienta-els-nostres-alumnes-en-el-seus-projectes-de-comunicacio-i-periodisme\/\"]}]},{\"@type\":\"ImageObject\",\"inLanguage\":\"es\",\"@id\":\"https:\/\/www.batxilleratgranes.com\/es\/enric-calpena-orienta-els-nostres-alumnes-en-el-seus-projectes-de-comunicacio-i-periodisme\/#primaryimage\",\"url\":\"https:\/\/www.batxilleratgranes.com\/wp-content\/uploads\/2020\/10\/PA060372.jpg\",\"contentUrl\":\"https:\/\/www.batxilleratgranes.com\/wp-content\/uploads\/2020\/10\/PA060372.jpg\",\"width\":1200,\"height\":900,\"caption\":\"OLYMPUS DIGITAL CAMERA\"},{\"@type\":\"BreadcrumbList\",\"@id\":\"https:\/\/www.batxilleratgranes.com\/es\/enric-calpena-orienta-els-nostres-alumnes-en-el-seus-projectes-de-comunicacio-i-periodisme\/#breadcrumb\",\"itemListElement\":[{\"@type\":\"ListItem\",\"position\":1,\"name\":\"Inici\",\"item\":\"https:\/\/www.batxilleratgranes.com\/es\/\"},{\"@type\":\"ListItem\",\"position\":2,\"name\":\"Enric Calpena orienta els nostres alumnes en els seus projectes de Comunicaci\u00f3 i Periodisme\"}]},{\"@type\":\"WebSite\",\"@id\":\"https:\/\/www.batxilleratgranes.com\/es\/#website\",\"url\":\"https:\/\/www.batxilleratgranes.com\/es\/\",\"name\":\"Gran\u00e9s Batxillerat - Escuela especializada en Bachillerato en Barcelona\",\"description\":\"Escola especialitzada en Batxillerat a Barcelona\",\"publisher\":{\"@id\":\"https:\/\/www.batxilleratgranes.com\/es\/#organization\"},\"potentialAction\":[{\"@type\":\"SearchAction\",\"target\":{\"@type\":\"EntryPoint\",\"urlTemplate\":\"https:\/\/www.batxilleratgranes.com\/es\/?s={search_term_string}\"},\"query-input\":{\"@type\":\"PropertyValueSpecification\",\"valueRequired\":true,\"valueName\":\"search_term_string\"}}],\"inLanguage\":\"es\"},{\"@type\":\"Organization\",\"@id\":\"https:\/\/www.batxilleratgranes.com\/es\/#organization\",\"name\":\"Gran\u00e9s Batxillerat - Escuela especializada en Bachillerato en Barcelona\",\"url\":\"https:\/\/www.batxilleratgranes.com\/es\/\",\"logo\":{\"@type\":\"ImageObject\",\"inLanguage\":\"es\",\"@id\":\"https:\/\/www.batxilleratgranes.com\/es\/#\/schema\/logo\/image\/\",\"url\":\"https:\/\/www.batxilleratgranes.com\/wp-content\/uploads\/2013\/01\/granes1.png\",\"contentUrl\":\"https:\/\/www.batxilleratgranes.com\/wp-content\/uploads\/2013\/01\/granes1.png\",\"width\":292,\"height\":85,\"caption\":\"Gran\u00e9s Batxillerat - Escuela especializada en Bachillerato en Barcelona\"},\"image\":{\"@id\":\"https:\/\/www.batxilleratgranes.com\/es\/#\/schema\/logo\/image\/\"}},{\"@type\":\"Person\",\"@id\":\"https:\/\/www.batxilleratgranes.com\/es\/#\/schema\/person\/4e10f231f79e8e2d24629e02b8283201\",\"name\":\"mireia.martinez\",\"image\":{\"@type\":\"ImageObject\",\"inLanguage\":\"es\",\"@id\":\"https:\/\/www.batxilleratgranes.com\/es\/#\/schema\/person\/image\/\",\"url\":\"https:\/\/secure.gravatar.com\/avatar\/8c952e346979fb1eaf89bbc4dfda29f0?s=96&d=mm&r=g\",\"contentUrl\":\"https:\/\/secure.gravatar.com\/avatar\/8c952e346979fb1eaf89bbc4dfda29f0?s=96&d=mm&r=g\",\"caption\":\"mireia.martinez\"},\"url\":\"https:\/\/www.batxilleratgranes.com\/es\/author\/mireia-martinez\/\"}]}<\/script>\n<!-- \/ Yoast SEO plugin. -->","yoast_head_json":{"title":"Enric Calpena orienta els nostres alumnes en els seus projectes de Comunicaci\u00f3 i Periodisme - Gran\u00e9s Batxillerat - Escuela especializada en Bachillerato en Barcelona","robots":{"index":"index","follow":"follow","max-snippet":"max-snippet:-1","max-image-preview":"max-image-preview:large","max-video-preview":"max-video-preview:-1"},"canonical":"https:\/\/www.batxilleratgranes.com\/es\/enric-calpena-orienta-els-nostres-alumnes-en-el-seus-projectes-de-comunicacio-i-periodisme\/","og_locale":"es_ES","og_type":"article","og_title":"Enric Calpena orienta els nostres alumnes en els seus projectes de Comunicaci\u00f3 i Periodisme - Gran\u00e9s Batxillerat - Escuela especializada en Bachillerato en Barcelona","og_description":"Emmarcada en els primers projectes de curs que realitzen els alumnes de l&#8217;itinerari en Comunicaci\u00f3 i Periodisme, avui hem rebut una visita molt especial. El periodista i historiador barcelon\u00ed Enric Calpena ha orientat els nostres alumnes a encarar el treball que hauran de portar a terme els pr\u00f2xims mesos. Durant la primera sessi\u00f3 adre\u00e7ada als&hellip;&nbsp;Read More &raquo;Enric Calpena orienta els nostres alumnes en els seus projectes de Comunicaci\u00f3 i Periodisme","og_url":"https:\/\/www.batxilleratgranes.com\/es\/enric-calpena-orienta-els-nostres-alumnes-en-el-seus-projectes-de-comunicacio-i-periodisme\/","og_site_name":"Gran\u00e9s Batxillerat - Escuela especializada en Bachillerato en Barcelona","article_published_time":"2020-10-07T17:07:39+00:00","article_modified_time":"2021-09-14T09:51:52+00:00","og_image":[{"width":1200,"height":900,"url":"https:\/\/www.batxilleratgranes.com\/wp-content\/uploads\/2020\/10\/PA060372.jpg","type":"image\/jpeg"}],"author":"mireia.martinez","twitter_card":"summary_large_image","twitter_misc":{"Written by":"mireia.martinez","Est. reading time":"2 minutes"},"schema":{"@context":"https:\/\/schema.org","@graph":[{"@type":"Article","@id":"https:\/\/www.batxilleratgranes.com\/es\/enric-calpena-orienta-els-nostres-alumnes-en-el-seus-projectes-de-comunicacio-i-periodisme\/#article","isPartOf":{"@id":"https:\/\/www.batxilleratgranes.com\/es\/enric-calpena-orienta-els-nostres-alumnes-en-el-seus-projectes-de-comunicacio-i-periodisme\/"},"author":{"name":"mireia.martinez","@id":"https:\/\/www.batxilleratgranes.com\/es\/#\/schema\/person\/4e10f231f79e8e2d24629e02b8283201"},"headline":"Enric Calpena orienta els nostres alumnes en els seus projectes de Comunicaci\u00f3 i Periodisme","datePublished":"2020-10-07T17:07:39+00:00","dateModified":"2021-09-14T09:51:52+00:00","mainEntityOfPage":{"@id":"https:\/\/www.batxilleratgranes.com\/es\/enric-calpena-orienta-els-nostres-alumnes-en-el-seus-projectes-de-comunicacio-i-periodisme\/"},"wordCount":350,"commentCount":0,"publisher":{"@id":"https:\/\/www.batxilleratgranes.com\/es\/#organization"},"image":{"@id":"https:\/\/www.batxilleratgranes.com\/es\/enric-calpena-orienta-els-nostres-alumnes-en-el-seus-projectes-de-comunicacio-i-periodisme\/#primaryimage"},"thumbnailUrl":"https:\/\/www.batxilleratgranes.com\/wp-content\/uploads\/2020\/10\/PA060372.jpg","keywords":["Black Lives Matter","Comunicaci\u00f3 i Periodisme","Enric Calpena","Mem\u00f2ries personals","Projectes"],"articleSection":["Activitats Gran\u00e9s"],"inLanguage":"es","potentialAction":[{"@type":"CommentAction","name":"Comment","target":["https:\/\/www.batxilleratgranes.com\/es\/enric-calpena-orienta-els-nostres-alumnes-en-el-seus-projectes-de-comunicacio-i-periodisme\/#respond"]}]},{"@type":"WebPage","@id":"https:\/\/www.batxilleratgranes.com\/es\/enric-calpena-orienta-els-nostres-alumnes-en-el-seus-projectes-de-comunicacio-i-periodisme\/","url":"https:\/\/www.batxilleratgranes.com\/es\/enric-calpena-orienta-els-nostres-alumnes-en-el-seus-projectes-de-comunicacio-i-periodisme\/","name":"Enric Calpena orienta els nostres alumnes en els seus projectes de Comunicaci\u00f3 i Periodisme - Gran\u00e9s Batxillerat - Escuela especializada en Bachillerato en Barcelona","isPartOf":{"@id":"https:\/\/www.batxilleratgranes.com\/es\/#website"},"primaryImageOfPage":{"@id":"https:\/\/www.batxilleratgranes.com\/es\/enric-calpena-orienta-els-nostres-alumnes-en-el-seus-projectes-de-comunicacio-i-periodisme\/#primaryimage"},"image":{"@id":"https:\/\/www.batxilleratgranes.com\/es\/enric-calpena-orienta-els-nostres-alumnes-en-el-seus-projectes-de-comunicacio-i-periodisme\/#primaryimage"},"thumbnailUrl":"https:\/\/www.batxilleratgranes.com\/wp-content\/uploads\/2020\/10\/PA060372.jpg","datePublished":"2020-10-07T17:07:39+00:00","dateModified":"2021-09-14T09:51:52+00:00","breadcrumb":{"@id":"https:\/\/www.batxilleratgranes.com\/es\/enric-calpena-orienta-els-nostres-alumnes-en-el-seus-projectes-de-comunicacio-i-periodisme\/#breadcrumb"},"inLanguage":"es","potentialAction":[{"@type":"ReadAction","target":["https:\/\/www.batxilleratgranes.com\/es\/enric-calpena-orienta-els-nostres-alumnes-en-el-seus-projectes-de-comunicacio-i-periodisme\/"]}]},{"@type":"ImageObject","inLanguage":"es","@id":"https:\/\/www.batxilleratgranes.com\/es\/enric-calpena-orienta-els-nostres-alumnes-en-el-seus-projectes-de-comunicacio-i-periodisme\/#primaryimage","url":"https:\/\/www.batxilleratgranes.com\/wp-content\/uploads\/2020\/10\/PA060372.jpg","contentUrl":"https:\/\/www.batxilleratgranes.com\/wp-content\/uploads\/2020\/10\/PA060372.jpg","width":1200,"height":900,"caption":"OLYMPUS DIGITAL CAMERA"},{"@type":"BreadcrumbList","@id":"https:\/\/www.batxilleratgranes.com\/es\/enric-calpena-orienta-els-nostres-alumnes-en-el-seus-projectes-de-comunicacio-i-periodisme\/#breadcrumb","itemListElement":[{"@type":"ListItem","position":1,"name":"Inici","item":"https:\/\/www.batxilleratgranes.com\/es\/"},{"@type":"ListItem","position":2,"name":"Enric Calpena orienta els nostres alumnes en els seus projectes de Comunicaci\u00f3 i Periodisme"}]},{"@type":"WebSite","@id":"https:\/\/www.batxilleratgranes.com\/es\/#website","url":"https:\/\/www.batxilleratgranes.com\/es\/","name":"Gran\u00e9s Batxillerat - Escuela especializada en Bachillerato en Barcelona","description":"Escola especialitzada en Batxillerat a Barcelona","publisher":{"@id":"https:\/\/www.batxilleratgranes.com\/es\/#organization"},"potentialAction":[{"@type":"SearchAction","target":{"@type":"EntryPoint","urlTemplate":"https:\/\/www.batxilleratgranes.com\/es\/?s={search_term_string}"},"query-input":{"@type":"PropertyValueSpecification","valueRequired":true,"valueName":"search_term_string"}}],"inLanguage":"es"},{"@type":"Organization","@id":"https:\/\/www.batxilleratgranes.com\/es\/#organization","name":"Gran\u00e9s Batxillerat - Escuela especializada en Bachillerato en Barcelona","url":"https:\/\/www.batxilleratgranes.com\/es\/","logo":{"@type":"ImageObject","inLanguage":"es","@id":"https:\/\/www.batxilleratgranes.com\/es\/#\/schema\/logo\/image\/","url":"https:\/\/www.batxilleratgranes.com\/wp-content\/uploads\/2013\/01\/granes1.png","contentUrl":"https:\/\/www.batxilleratgranes.com\/wp-content\/uploads\/2013\/01\/granes1.png","width":292,"height":85,"caption":"Gran\u00e9s Batxillerat - Escuela especializada en Bachillerato en Barcelona"},"image":{"@id":"https:\/\/www.batxilleratgranes.com\/es\/#\/schema\/logo\/image\/"}},{"@type":"Person","@id":"https:\/\/www.batxilleratgranes.com\/es\/#\/schema\/person\/4e10f231f79e8e2d24629e02b8283201","name":"mireia.martinez","image":{"@type":"ImageObject","inLanguage":"es","@id":"https:\/\/www.batxilleratgranes.com\/es\/#\/schema\/person\/image\/","url":"https:\/\/secure.gravatar.com\/avatar\/8c952e346979fb1eaf89bbc4dfda29f0?s=96&d=mm&r=g","contentUrl":"https:\/\/secure.gravatar.com\/avatar\/8c952e346979fb1eaf89bbc4dfda29f0?s=96&d=mm&r=g","caption":"mireia.martinez"},"url":"https:\/\/www.batxilleratgranes.com\/es\/author\/mireia-martinez\/"}]}},"_links":{"self":[{"href":"https:\/\/www.batxilleratgranes.com\/es\/wp-json\/wp\/v2\/posts\/26186"}],"collection":[{"href":"https:\/\/www.batxilleratgranes.com\/es\/wp-json\/wp\/v2\/posts"}],"about":[{"href":"https:\/\/www.batxilleratgranes.com\/es\/wp-json\/wp\/v2\/types\/post"}],"author":[{"embeddable":true,"href":"https:\/\/www.batxilleratgranes.com\/es\/wp-json\/wp\/v2\/users\/5"}],"replies":[{"embeddable":true,"href":"https:\/\/www.batxilleratgranes.com\/es\/wp-json\/wp\/v2\/comments?post=26186"}],"version-history":[{"count":11,"href":"https:\/\/www.batxilleratgranes.com\/es\/wp-json\/wp\/v2\/posts\/26186\/revisions"}],"predecessor-version":[{"id":26419,"href":"https:\/\/www.batxilleratgranes.com\/es\/wp-json\/wp\/v2\/posts\/26186\/revisions\/26419"}],"wp:featuredmedia":[{"embeddable":true,"href":"https:\/\/www.batxilleratgranes.com\/es\/wp-json\/wp\/v2\/media\/26381"}],"wp:attachment":[{"href":"https:\/\/www.batxilleratgranes.com\/es\/wp-json\/wp\/v2\/media?parent=26186"}],"wp:term":[{"taxonomy":"category","embeddable":true,"href":"https:\/\/www.batxilleratgranes.com\/es\/wp-json\/wp\/v2\/categories?post=26186"},{"taxonomy":"post_tag","embeddable":true,"href":"https:\/\/www.batxilleratgranes.com\/es\/wp-json\/wp\/v2\/tags?post=26186"}],"curies":[{"name":"wp","href":"https:\/\/api.w.org\/{rel}","templated":true}]}}