{"id":27819,"date":"2020-11-17T14:00:40","date_gmt":"2020-11-17T14:00:40","guid":{"rendered":"https:\/\/www.batxilleratgranes.com\/?p=27819"},"modified":"2020-11-19T13:20:13","modified_gmt":"2020-11-19T13:20:13","slug":"que-sabem-de-lalzheimer","status":"publish","type":"post","link":"https:\/\/www.batxilleratgranes.com\/es\/que-sabem-de-lalzheimer\/","title":{"rendered":"Qu\u00e8 sabem de l&#8217;alzheimer?"},"content":{"rendered":"\n<p>Els alumnes de <strong>Biologia i Salut I<\/strong> que treballen el projecte sobre l&#8217;Alzheimer han tingut avui l&#8217;oportunitat d&#8217;aprofundir en aquesta malaltia gr\u00e0cies a una sessi\u00f3 online realitzada per <strong>Cristina Oliv\u00e9<\/strong>, infermera i pedagoga, docent a la <strong>Universitat Ramon Llull- Blanquerna<\/strong>.<\/p>\n\n\n\n<p>En primer lloc, els alumnes van realitzar un primer test sobre l&#8217;Alzheimer de la <strong>Fundaci\u00f3 Pasqual Maragall <\/strong>per veure quins eren els seus coneixements sobre aquesta  malaltia. Oliv\u00e9 ha explicat que aquesta es situa a la intersecci\u00f3 <strong>entre la psiquiatria i la salut mental<\/strong>, entenent que \u00e9s tractada per professionals de la primera per\u00f2 que tamb\u00e9 t\u00e9 a veure amb la prevenci\u00f3 i amb les experi\u00e8ncies vivencials i que, per tant, tamb\u00e9 afecta a l&#8217;\u00e0mbit de la salut mental. <\/p>\n\n\n\n<div class=\"wp-block-image\"><figure class=\"aligncenter size-large is-resized\"><img loading=\"lazy\" decoding=\"async\" src=\"https:\/\/www.batxilleratgranes.com\/wp-content\/uploads\/2020\/11\/IMG_20201117_113802-1024x768.jpg\" alt=\"\" class=\"wp-image-27831\" width=\"768\" height=\"576\" srcset=\"https:\/\/www.batxilleratgranes.com\/wp-content\/uploads\/2020\/11\/IMG_20201117_113802-1024x768.jpg 1024w, https:\/\/www.batxilleratgranes.com\/wp-content\/uploads\/2020\/11\/IMG_20201117_113802-300x225.jpg 300w, https:\/\/www.batxilleratgranes.com\/wp-content\/uploads\/2020\/11\/IMG_20201117_113802-768x576.jpg 768w, https:\/\/www.batxilleratgranes.com\/wp-content\/uploads\/2020\/11\/IMG_20201117_113802.jpg 1200w\" sizes=\"(max-width: 768px) 100vw, 768px\" \/><\/figure><\/div>\n\n\n\n<p><strong>Qu\u00e8 \u00e9s l&#8217;alzheimer?<\/strong><\/p>\n\n\n\n<p>Oliv\u00e9 l&#8217;ha definit com la <strong>dem\u00e8ncia<\/strong> m\u00e9s comuna. Aquesta \u00e9s <strong>incurable, degenerativa i terminal<\/strong>, i va ser descrita pel psiquiatre i neur\u00f2leg alemany <strong>Alois Alzheimer<\/strong>. La dem\u00e8ncia, ha comentat tamb\u00e9, \u00e9s un trastorn cerebral que comporta la p\u00e8rdua del <strong>funcionament cognitiu<\/strong> (pensar, recordar i raonar) i de les <strong>habilitats de comportament<\/strong>, arribant a <strong>afectar greument<\/strong> la capacitat d&#8217;una persona per dur a terme les activitats de la vida diaria de forma aut\u00f2noma. <\/p>\n\n\n\n<p><strong>Per qu\u00e8 apareix?<\/strong><\/p>\n\n\n\n<p>Pel que fa  a la causa de la seva aparici\u00f3, la Cristina ha explicat als alumnes que existeixen diverses hip\u00f2tesis, per\u00f2 l&#8217;aspecte on coincideixen els cient\u00edfics \u00e9s que es produeix una <strong>prote\u00efnopatia<\/strong>, un ac\u00famul de prote\u00efnes al cervell que destrueix el teixit nervi\u00f3s. La Cristina ha explicat als alumnes que no afecta a una zona determinada sino que es produeix en general a tot el cervell. <\/p>\n\n\n\n<p> S\u00ed que s&#8217;han identificat diferents factors de risc, el que dona peu a tenir activitats preventites:<\/p>\n\n\n\n<div class=\"wp-block-image\"><figure class=\"aligncenter size-large is-resized\"><img loading=\"lazy\" decoding=\"async\" src=\"https:\/\/www.batxilleratgranes.com\/wp-content\/uploads\/2020\/11\/image-4.png\" alt=\"\" class=\"wp-image-27824\" width=\"581\" height=\"403\" srcset=\"https:\/\/www.batxilleratgranes.com\/wp-content\/uploads\/2020\/11\/image-4.png 774w, https:\/\/www.batxilleratgranes.com\/wp-content\/uploads\/2020\/11\/image-4-300x208.png 300w, https:\/\/www.batxilleratgranes.com\/wp-content\/uploads\/2020\/11\/image-4-768x533.png 768w\" sizes=\"(max-width: 581px) 100vw, 581px\" \/><figcaption>Imatge d&#8217;un cervell sa i un altre afectat per l&#8217;alzheimer mostrada durant la presentaci\u00f3<\/figcaption><\/figure><\/div>\n\n\n\n<p><\/p>\n\n\n\n<p><strong>Com es manifesta?<\/strong><\/p>\n\n\n\n<p>Entre d&#8217;altres <strong>simptomatologies<\/strong>, la Cristina va destacar:<\/p>\n\n\n\n<ul class=\"wp-block-list\"><li>P\u00e8rdua de mem\u00f2ria<\/li><li>Dificultats per planificar o resoldre problemes<\/li><li>Alteracions en la realitzaci\u00f3 de tasques habituals<\/li><li>Confusi\u00f3 en espai i temps<\/li><li>Problemes de comprensi\u00f3 de la informaci\u00f3 visual, o de comprendre els colors, que no t\u00e9 res a veure amb el daltonisme<\/li><li>Problemes amb el llenguatge, amb la lectura<\/li><li>P\u00e8rdua d&#8217;objectes<\/li><li>Manca de criteri<\/li><li>Abandonament d&#8217;activitats i interacci\u00f3 social<\/li><li>Canvis en l&#8217;estatg d&#8217;anim i la personalitat<\/li><\/ul>\n\n\n\n<p><strong>La import\u00e0ncia e la prevenci\u00f3<\/strong><\/p>\n\n\n\n<p>S\u00ed que s&#8217;han identificat, per\u00f2, diferents <strong>factors de risc<\/strong>, com ara els factors gen\u00e8tics, antecedents patol\u00f2gis o b\u00e9 els h\u00e0bits i estils de vida, el que dona peu a tenir <strong>activitats preventites<\/strong>.<\/p>\n\n\n\n<p>Durant la sessi\u00f3, els alumnes tamb\u00e9 han pogut  fer consultes a la Cristina i resoldre tots els seus interrogants sobr el projecte que estan duent a terme.<\/p>\n\n\n\n<div class=\"wp-block-image\"><figure class=\"aligncenter size-large is-resized\"><img loading=\"lazy\" decoding=\"async\" src=\"https:\/\/www.batxilleratgranes.com\/wp-content\/uploads\/2020\/11\/IMG_20201117_113739-1024x768.jpg\" alt=\"\" class=\"wp-image-27835\" width=\"768\" height=\"576\" srcset=\"https:\/\/www.batxilleratgranes.com\/wp-content\/uploads\/2020\/11\/IMG_20201117_113739-1024x768.jpg 1024w, https:\/\/www.batxilleratgranes.com\/wp-content\/uploads\/2020\/11\/IMG_20201117_113739-300x225.jpg 300w, https:\/\/www.batxilleratgranes.com\/wp-content\/uploads\/2020\/11\/IMG_20201117_113739-768x576.jpg 768w, https:\/\/www.batxilleratgranes.com\/wp-content\/uploads\/2020\/11\/IMG_20201117_113739.jpg 1200w\" sizes=\"(max-width: 768px) 100vw, 768px\" \/><\/figure><\/div>\n","protected":false},"excerpt":{"rendered":"<p>Els alumnes de Biologia i Salut I que treballen el projecte sobre l&#8217;Alzheimer han tingut avui l&#8217;oportunitat d&#8217;aprofundir en aquesta malaltia gr\u00e0cies a una sessi\u00f3 online realitzada per Cristina Oliv\u00e9, infermera i pedagoga, docent a la Universitat Ramon Llull- Blanquerna. En primer lloc, els alumnes van realitzar un primer test sobre l&#8217;Alzheimer de la Fundaci\u00f3&hellip;&nbsp;<a href=\"https:\/\/www.batxilleratgranes.com\/es\/que-sabem-de-lalzheimer\/\" class=\"\" rel=\"bookmark\">Read More &raquo;<span class=\"screen-reader-text\">Qu\u00e8 sabem de l&#8217;alzheimer?<\/span><\/a><\/p>\n","protected":false},"author":5,"featured_media":27837,"comment_status":"open","ping_status":"open","sticky":false,"template":"","format":"standard","meta":{"neve_meta_sidebar":"","neve_meta_container":"","neve_meta_enable_content_width":"","neve_meta_content_width":0,"neve_meta_title_alignment":"","neve_meta_author_avatar":"","neve_post_elements_order":"","neve_meta_disable_header":"","neve_meta_disable_footer":"","neve_meta_disable_title":"","footnotes":""},"categories":[7],"tags":[474,527,633,495,804,942],"class_list":["post-27819","post","type-post","status-publish","format-standard","has-post-thumbnail","hentry","category-centre-batxillerat-granes","tag-alzheimer","tag-batxillerat-cientific","tag-batxillerat-per-projectes","tag-blanquerna","tag-projectes","tag-url"],"yoast_head":"<!-- This site is optimized with the Yoast SEO plugin v23.4 - https:\/\/yoast.com\/wordpress\/plugins\/seo\/ -->\n<title>Qu\u00e8 sabem de l&#039;alzheimer? - Gran\u00e9s Batxillerat - Escuela especializada en Bachillerato en Barcelona<\/title>\n<meta name=\"robots\" content=\"index, follow, max-snippet:-1, max-image-preview:large, max-video-preview:-1\" \/>\n<link rel=\"canonical\" href=\"https:\/\/www.batxilleratgranes.com\/es\/que-sabem-de-lalzheimer\/\" \/>\n<meta property=\"og:locale\" content=\"es_ES\" \/>\n<meta property=\"og:type\" content=\"article\" \/>\n<meta property=\"og:title\" content=\"Qu\u00e8 sabem de l&#039;alzheimer? - Gran\u00e9s Batxillerat - Escuela especializada en Bachillerato en Barcelona\" \/>\n<meta property=\"og:description\" content=\"Els alumnes de Biologia i Salut I que treballen el projecte sobre l&#8217;Alzheimer han tingut avui l&#8217;oportunitat d&#8217;aprofundir en aquesta malaltia gr\u00e0cies a una sessi\u00f3 online realitzada per Cristina Oliv\u00e9, infermera i pedagoga, docent a la Universitat Ramon Llull- Blanquerna. En primer lloc, els alumnes van realitzar un primer test sobre l&#8217;Alzheimer de la Fundaci\u00f3&hellip;&nbsp;Read More &raquo;Qu\u00e8 sabem de l&#8217;alzheimer?\" \/>\n<meta property=\"og:url\" content=\"https:\/\/www.batxilleratgranes.com\/es\/que-sabem-de-lalzheimer\/\" \/>\n<meta property=\"og:site_name\" content=\"Gran\u00e9s Batxillerat - Escuela especializada en Bachillerato en Barcelona\" \/>\n<meta property=\"article:published_time\" content=\"2020-11-17T14:00:40+00:00\" \/>\n<meta property=\"article:modified_time\" content=\"2020-11-19T13:20:13+00:00\" \/>\n<meta property=\"og:image\" content=\"https:\/\/www.batxilleratgranes.com\/wp-content\/uploads\/2020\/11\/IMG_20201117_113833-1.jpg\" \/>\n\t<meta property=\"og:image:width\" content=\"1200\" \/>\n\t<meta property=\"og:image:height\" content=\"900\" \/>\n\t<meta property=\"og:image:type\" content=\"image\/jpeg\" \/>\n<meta name=\"author\" content=\"mireia.martinez\" \/>\n<meta name=\"twitter:card\" content=\"summary_large_image\" \/>\n<meta name=\"twitter:label1\" content=\"Written by\" \/>\n\t<meta name=\"twitter:data1\" content=\"mireia.martinez\" \/>\n\t<meta name=\"twitter:label2\" content=\"Est. reading time\" \/>\n\t<meta name=\"twitter:data2\" content=\"2 minutes\" \/>\n<script type=\"application\/ld+json\" class=\"yoast-schema-graph\">{\"@context\":\"https:\/\/schema.org\",\"@graph\":[{\"@type\":\"Article\",\"@id\":\"https:\/\/www.batxilleratgranes.com\/es\/que-sabem-de-lalzheimer\/#article\",\"isPartOf\":{\"@id\":\"https:\/\/www.batxilleratgranes.com\/es\/que-sabem-de-lalzheimer\/\"},\"author\":{\"name\":\"mireia.martinez\",\"@id\":\"https:\/\/www.batxilleratgranes.com\/es\/#\/schema\/person\/4e10f231f79e8e2d24629e02b8283201\"},\"headline\":\"Qu\u00e8 sabem de l&#8217;alzheimer?\",\"datePublished\":\"2020-11-17T14:00:40+00:00\",\"dateModified\":\"2020-11-19T13:20:13+00:00\",\"mainEntityOfPage\":{\"@id\":\"https:\/\/www.batxilleratgranes.com\/es\/que-sabem-de-lalzheimer\/\"},\"wordCount\":477,\"commentCount\":0,\"publisher\":{\"@id\":\"https:\/\/www.batxilleratgranes.com\/es\/#organization\"},\"image\":{\"@id\":\"https:\/\/www.batxilleratgranes.com\/es\/que-sabem-de-lalzheimer\/#primaryimage\"},\"thumbnailUrl\":\"https:\/\/www.batxilleratgranes.com\/wp-content\/uploads\/2020\/11\/IMG_20201117_113833-1.jpg\",\"keywords\":[\"Alzheimer\",\"Batxillerat cient\u00edfic\",\"batxillerat per projectes\",\"Blanquerna\",\"Projectes\",\"URL\"],\"articleSection\":[\"Activitats Gran\u00e9s\"],\"inLanguage\":\"es\",\"potentialAction\":[{\"@type\":\"CommentAction\",\"name\":\"Comment\",\"target\":[\"https:\/\/www.batxilleratgranes.com\/es\/que-sabem-de-lalzheimer\/#respond\"]}]},{\"@type\":\"WebPage\",\"@id\":\"https:\/\/www.batxilleratgranes.com\/es\/que-sabem-de-lalzheimer\/\",\"url\":\"https:\/\/www.batxilleratgranes.com\/es\/que-sabem-de-lalzheimer\/\",\"name\":\"Qu\u00e8 sabem de l'alzheimer? - Gran\u00e9s Batxillerat - Escuela especializada en Bachillerato en Barcelona\",\"isPartOf\":{\"@id\":\"https:\/\/www.batxilleratgranes.com\/es\/#website\"},\"primaryImageOfPage\":{\"@id\":\"https:\/\/www.batxilleratgranes.com\/es\/que-sabem-de-lalzheimer\/#primaryimage\"},\"image\":{\"@id\":\"https:\/\/www.batxilleratgranes.com\/es\/que-sabem-de-lalzheimer\/#primaryimage\"},\"thumbnailUrl\":\"https:\/\/www.batxilleratgranes.com\/wp-content\/uploads\/2020\/11\/IMG_20201117_113833-1.jpg\",\"datePublished\":\"2020-11-17T14:00:40+00:00\",\"dateModified\":\"2020-11-19T13:20:13+00:00\",\"breadcrumb\":{\"@id\":\"https:\/\/www.batxilleratgranes.com\/es\/que-sabem-de-lalzheimer\/#breadcrumb\"},\"inLanguage\":\"es\",\"potentialAction\":[{\"@type\":\"ReadAction\",\"target\":[\"https:\/\/www.batxilleratgranes.com\/es\/que-sabem-de-lalzheimer\/\"]}]},{\"@type\":\"ImageObject\",\"inLanguage\":\"es\",\"@id\":\"https:\/\/www.batxilleratgranes.com\/es\/que-sabem-de-lalzheimer\/#primaryimage\",\"url\":\"https:\/\/www.batxilleratgranes.com\/wp-content\/uploads\/2020\/11\/IMG_20201117_113833-1.jpg\",\"contentUrl\":\"https:\/\/www.batxilleratgranes.com\/wp-content\/uploads\/2020\/11\/IMG_20201117_113833-1.jpg\",\"width\":1200,\"height\":900},{\"@type\":\"BreadcrumbList\",\"@id\":\"https:\/\/www.batxilleratgranes.com\/es\/que-sabem-de-lalzheimer\/#breadcrumb\",\"itemListElement\":[{\"@type\":\"ListItem\",\"position\":1,\"name\":\"Inici\",\"item\":\"https:\/\/www.batxilleratgranes.com\/es\/\"},{\"@type\":\"ListItem\",\"position\":2,\"name\":\"Qu\u00e8 sabem de l&#8217;alzheimer?\"}]},{\"@type\":\"WebSite\",\"@id\":\"https:\/\/www.batxilleratgranes.com\/es\/#website\",\"url\":\"https:\/\/www.batxilleratgranes.com\/es\/\",\"name\":\"Gran\u00e9s Batxillerat - Escuela especializada en Bachillerato en Barcelona\",\"description\":\"Escola especialitzada en Batxillerat a Barcelona\",\"publisher\":{\"@id\":\"https:\/\/www.batxilleratgranes.com\/es\/#organization\"},\"potentialAction\":[{\"@type\":\"SearchAction\",\"target\":{\"@type\":\"EntryPoint\",\"urlTemplate\":\"https:\/\/www.batxilleratgranes.com\/es\/?s={search_term_string}\"},\"query-input\":{\"@type\":\"PropertyValueSpecification\",\"valueRequired\":true,\"valueName\":\"search_term_string\"}}],\"inLanguage\":\"es\"},{\"@type\":\"Organization\",\"@id\":\"https:\/\/www.batxilleratgranes.com\/es\/#organization\",\"name\":\"Gran\u00e9s Batxillerat - Escuela especializada en Bachillerato en Barcelona\",\"url\":\"https:\/\/www.batxilleratgranes.com\/es\/\",\"logo\":{\"@type\":\"ImageObject\",\"inLanguage\":\"es\",\"@id\":\"https:\/\/www.batxilleratgranes.com\/es\/#\/schema\/logo\/image\/\",\"url\":\"https:\/\/www.batxilleratgranes.com\/wp-content\/uploads\/2013\/01\/granes1.png\",\"contentUrl\":\"https:\/\/www.batxilleratgranes.com\/wp-content\/uploads\/2013\/01\/granes1.png\",\"width\":292,\"height\":85,\"caption\":\"Gran\u00e9s Batxillerat - Escuela especializada en Bachillerato en Barcelona\"},\"image\":{\"@id\":\"https:\/\/www.batxilleratgranes.com\/es\/#\/schema\/logo\/image\/\"}},{\"@type\":\"Person\",\"@id\":\"https:\/\/www.batxilleratgranes.com\/es\/#\/schema\/person\/4e10f231f79e8e2d24629e02b8283201\",\"name\":\"mireia.martinez\",\"image\":{\"@type\":\"ImageObject\",\"inLanguage\":\"es\",\"@id\":\"https:\/\/www.batxilleratgranes.com\/es\/#\/schema\/person\/image\/\",\"url\":\"https:\/\/secure.gravatar.com\/avatar\/8c952e346979fb1eaf89bbc4dfda29f0?s=96&d=mm&r=g\",\"contentUrl\":\"https:\/\/secure.gravatar.com\/avatar\/8c952e346979fb1eaf89bbc4dfda29f0?s=96&d=mm&r=g\",\"caption\":\"mireia.martinez\"},\"url\":\"https:\/\/www.batxilleratgranes.com\/es\/author\/mireia-martinez\/\"}]}<\/script>\n<!-- \/ Yoast SEO plugin. -->","yoast_head_json":{"title":"Qu\u00e8 sabem de l'alzheimer? - Gran\u00e9s Batxillerat - Escuela especializada en Bachillerato en Barcelona","robots":{"index":"index","follow":"follow","max-snippet":"max-snippet:-1","max-image-preview":"max-image-preview:large","max-video-preview":"max-video-preview:-1"},"canonical":"https:\/\/www.batxilleratgranes.com\/es\/que-sabem-de-lalzheimer\/","og_locale":"es_ES","og_type":"article","og_title":"Qu\u00e8 sabem de l'alzheimer? - Gran\u00e9s Batxillerat - Escuela especializada en Bachillerato en Barcelona","og_description":"Els alumnes de Biologia i Salut I que treballen el projecte sobre l&#8217;Alzheimer han tingut avui l&#8217;oportunitat d&#8217;aprofundir en aquesta malaltia gr\u00e0cies a una sessi\u00f3 online realitzada per Cristina Oliv\u00e9, infermera i pedagoga, docent a la Universitat Ramon Llull- Blanquerna. En primer lloc, els alumnes van realitzar un primer test sobre l&#8217;Alzheimer de la Fundaci\u00f3&hellip;&nbsp;Read More &raquo;Qu\u00e8 sabem de l&#8217;alzheimer?","og_url":"https:\/\/www.batxilleratgranes.com\/es\/que-sabem-de-lalzheimer\/","og_site_name":"Gran\u00e9s Batxillerat - Escuela especializada en Bachillerato en Barcelona","article_published_time":"2020-11-17T14:00:40+00:00","article_modified_time":"2020-11-19T13:20:13+00:00","og_image":[{"width":1200,"height":900,"url":"https:\/\/www.batxilleratgranes.com\/wp-content\/uploads\/2020\/11\/IMG_20201117_113833-1.jpg","type":"image\/jpeg"}],"author":"mireia.martinez","twitter_card":"summary_large_image","twitter_misc":{"Written by":"mireia.martinez","Est. reading time":"2 minutes"},"schema":{"@context":"https:\/\/schema.org","@graph":[{"@type":"Article","@id":"https:\/\/www.batxilleratgranes.com\/es\/que-sabem-de-lalzheimer\/#article","isPartOf":{"@id":"https:\/\/www.batxilleratgranes.com\/es\/que-sabem-de-lalzheimer\/"},"author":{"name":"mireia.martinez","@id":"https:\/\/www.batxilleratgranes.com\/es\/#\/schema\/person\/4e10f231f79e8e2d24629e02b8283201"},"headline":"Qu\u00e8 sabem de l&#8217;alzheimer?","datePublished":"2020-11-17T14:00:40+00:00","dateModified":"2020-11-19T13:20:13+00:00","mainEntityOfPage":{"@id":"https:\/\/www.batxilleratgranes.com\/es\/que-sabem-de-lalzheimer\/"},"wordCount":477,"commentCount":0,"publisher":{"@id":"https:\/\/www.batxilleratgranes.com\/es\/#organization"},"image":{"@id":"https:\/\/www.batxilleratgranes.com\/es\/que-sabem-de-lalzheimer\/#primaryimage"},"thumbnailUrl":"https:\/\/www.batxilleratgranes.com\/wp-content\/uploads\/2020\/11\/IMG_20201117_113833-1.jpg","keywords":["Alzheimer","Batxillerat cient\u00edfic","batxillerat per projectes","Blanquerna","Projectes","URL"],"articleSection":["Activitats Gran\u00e9s"],"inLanguage":"es","potentialAction":[{"@type":"CommentAction","name":"Comment","target":["https:\/\/www.batxilleratgranes.com\/es\/que-sabem-de-lalzheimer\/#respond"]}]},{"@type":"WebPage","@id":"https:\/\/www.batxilleratgranes.com\/es\/que-sabem-de-lalzheimer\/","url":"https:\/\/www.batxilleratgranes.com\/es\/que-sabem-de-lalzheimer\/","name":"Qu\u00e8 sabem de l'alzheimer? - Gran\u00e9s Batxillerat - Escuela especializada en Bachillerato en Barcelona","isPartOf":{"@id":"https:\/\/www.batxilleratgranes.com\/es\/#website"},"primaryImageOfPage":{"@id":"https:\/\/www.batxilleratgranes.com\/es\/que-sabem-de-lalzheimer\/#primaryimage"},"image":{"@id":"https:\/\/www.batxilleratgranes.com\/es\/que-sabem-de-lalzheimer\/#primaryimage"},"thumbnailUrl":"https:\/\/www.batxilleratgranes.com\/wp-content\/uploads\/2020\/11\/IMG_20201117_113833-1.jpg","datePublished":"2020-11-17T14:00:40+00:00","dateModified":"2020-11-19T13:20:13+00:00","breadcrumb":{"@id":"https:\/\/www.batxilleratgranes.com\/es\/que-sabem-de-lalzheimer\/#breadcrumb"},"inLanguage":"es","potentialAction":[{"@type":"ReadAction","target":["https:\/\/www.batxilleratgranes.com\/es\/que-sabem-de-lalzheimer\/"]}]},{"@type":"ImageObject","inLanguage":"es","@id":"https:\/\/www.batxilleratgranes.com\/es\/que-sabem-de-lalzheimer\/#primaryimage","url":"https:\/\/www.batxilleratgranes.com\/wp-content\/uploads\/2020\/11\/IMG_20201117_113833-1.jpg","contentUrl":"https:\/\/www.batxilleratgranes.com\/wp-content\/uploads\/2020\/11\/IMG_20201117_113833-1.jpg","width":1200,"height":900},{"@type":"BreadcrumbList","@id":"https:\/\/www.batxilleratgranes.com\/es\/que-sabem-de-lalzheimer\/#breadcrumb","itemListElement":[{"@type":"ListItem","position":1,"name":"Inici","item":"https:\/\/www.batxilleratgranes.com\/es\/"},{"@type":"ListItem","position":2,"name":"Qu\u00e8 sabem de l&#8217;alzheimer?"}]},{"@type":"WebSite","@id":"https:\/\/www.batxilleratgranes.com\/es\/#website","url":"https:\/\/www.batxilleratgranes.com\/es\/","name":"Gran\u00e9s Batxillerat - Escuela especializada en Bachillerato en Barcelona","description":"Escola especialitzada en Batxillerat a Barcelona","publisher":{"@id":"https:\/\/www.batxilleratgranes.com\/es\/#organization"},"potentialAction":[{"@type":"SearchAction","target":{"@type":"EntryPoint","urlTemplate":"https:\/\/www.batxilleratgranes.com\/es\/?s={search_term_string}"},"query-input":{"@type":"PropertyValueSpecification","valueRequired":true,"valueName":"search_term_string"}}],"inLanguage":"es"},{"@type":"Organization","@id":"https:\/\/www.batxilleratgranes.com\/es\/#organization","name":"Gran\u00e9s Batxillerat - Escuela especializada en Bachillerato en Barcelona","url":"https:\/\/www.batxilleratgranes.com\/es\/","logo":{"@type":"ImageObject","inLanguage":"es","@id":"https:\/\/www.batxilleratgranes.com\/es\/#\/schema\/logo\/image\/","url":"https:\/\/www.batxilleratgranes.com\/wp-content\/uploads\/2013\/01\/granes1.png","contentUrl":"https:\/\/www.batxilleratgranes.com\/wp-content\/uploads\/2013\/01\/granes1.png","width":292,"height":85,"caption":"Gran\u00e9s Batxillerat - Escuela especializada en Bachillerato en Barcelona"},"image":{"@id":"https:\/\/www.batxilleratgranes.com\/es\/#\/schema\/logo\/image\/"}},{"@type":"Person","@id":"https:\/\/www.batxilleratgranes.com\/es\/#\/schema\/person\/4e10f231f79e8e2d24629e02b8283201","name":"mireia.martinez","image":{"@type":"ImageObject","inLanguage":"es","@id":"https:\/\/www.batxilleratgranes.com\/es\/#\/schema\/person\/image\/","url":"https:\/\/secure.gravatar.com\/avatar\/8c952e346979fb1eaf89bbc4dfda29f0?s=96&d=mm&r=g","contentUrl":"https:\/\/secure.gravatar.com\/avatar\/8c952e346979fb1eaf89bbc4dfda29f0?s=96&d=mm&r=g","caption":"mireia.martinez"},"url":"https:\/\/www.batxilleratgranes.com\/es\/author\/mireia-martinez\/"}]}},"_links":{"self":[{"href":"https:\/\/www.batxilleratgranes.com\/es\/wp-json\/wp\/v2\/posts\/27819"}],"collection":[{"href":"https:\/\/www.batxilleratgranes.com\/es\/wp-json\/wp\/v2\/posts"}],"about":[{"href":"https:\/\/www.batxilleratgranes.com\/es\/wp-json\/wp\/v2\/types\/post"}],"author":[{"embeddable":true,"href":"https:\/\/www.batxilleratgranes.com\/es\/wp-json\/wp\/v2\/users\/5"}],"replies":[{"embeddable":true,"href":"https:\/\/www.batxilleratgranes.com\/es\/wp-json\/wp\/v2\/comments?post=27819"}],"version-history":[{"count":1,"href":"https:\/\/www.batxilleratgranes.com\/es\/wp-json\/wp\/v2\/posts\/27819\/revisions"}],"predecessor-version":[{"id":27839,"href":"https:\/\/www.batxilleratgranes.com\/es\/wp-json\/wp\/v2\/posts\/27819\/revisions\/27839"}],"wp:featuredmedia":[{"embeddable":true,"href":"https:\/\/www.batxilleratgranes.com\/es\/wp-json\/wp\/v2\/media\/27837"}],"wp:attachment":[{"href":"https:\/\/www.batxilleratgranes.com\/es\/wp-json\/wp\/v2\/media?parent=27819"}],"wp:term":[{"taxonomy":"category","embeddable":true,"href":"https:\/\/www.batxilleratgranes.com\/es\/wp-json\/wp\/v2\/categories?post=27819"},{"taxonomy":"post_tag","embeddable":true,"href":"https:\/\/www.batxilleratgranes.com\/es\/wp-json\/wp\/v2\/tags?post=27819"}],"curies":[{"name":"wp","href":"https:\/\/api.w.org\/{rel}","templated":true}]}}