{"id":27881,"date":"2020-11-20T10:47:00","date_gmt":"2020-11-20T10:47:00","guid":{"rendered":"https:\/\/www.batxilleratgranes.com\/?p=27881"},"modified":"2020-12-11T08:57:29","modified_gmt":"2020-12-11T08:57:29","slug":"projecte-virals","status":"publish","type":"post","link":"https:\/\/www.batxilleratgranes.com\/es\/projecte-virals\/","title":{"rendered":"Projecte Virals"},"content":{"rendered":"\n<p>Iniciativa de la nostra professora d&#8217;Arts Esc\u00e8niques <strong>Mireia Gubianas<\/strong>, avui arrenca &#8220;Virals&#8221;, un projecte pedag\u00f2gic que ofereix als nostres alumnes i exalumnes un<strong> espai de&nbsp;reflexi\u00f3&nbsp;<\/strong>sobre les seves viv\u00e8ncies en temps de&nbsp;<strong>coronavirus<\/strong>. L&#8217;objectiu \u00e9s elaborar un projecte creatiu a partir de les diferents disciplines art\u00edstiques, tant les arts esc\u00e8niques, com la m\u00fasica, l&#8217;escriptura, el dibuix, la pintura, la fotografia o el llenguatge audiovisual.<\/p>\n\n\n\n<p>En el projecte, que compta amb la col\u00b7laboraci\u00f3 de la professora Miren Icazuriaga i la complicitat pedag\u00f2gica del centre, hi participen alumnes de diferents modalitats de batxillerat, amb un clara <strong>voluntat d&#8217;afavorir el di\u00e0leg i d&#8217;intercanviar creativitats<\/strong>. Aix\u00ed mateix, els amants de la fotografia o el llenguatge audiovisual podran documentar tot el proc\u00e9s.<\/p>\n\n\n\n<h3 class=\"wp-block-heading\">Materials personals<\/h3>\n\n\n\n<p>Les sessions s&#8217;organitzaran a partir de petits materials que els participants hauran d&#8217;anar elaborant. Aquests serviran per investigar i jugar a partir de <strong>diferents llenguatges creatius<\/strong>. La intenci\u00f3 final \u00e9s poder mostrar el material resultant, tot i que el seu format s&#8217;anir\u00e0 definint al llarg de les diferents sessions de treball.<\/p>\n\n\n\n<div class=\"wp-block-image\"><figure class=\"aligncenter size-large is-resized\"><img loading=\"lazy\" decoding=\"async\" src=\"https:\/\/www.batxilleratgranes.com\/wp-content\/uploads\/2020\/12\/IMG-20201122-WA0005-1024x768.jpg\" alt=\"\" class=\"wp-image-28341\" width=\"768\" height=\"576\" srcset=\"https:\/\/www.batxilleratgranes.com\/wp-content\/uploads\/2020\/12\/IMG-20201122-WA0005-1024x768.jpg 1024w, https:\/\/www.batxilleratgranes.com\/wp-content\/uploads\/2020\/12\/IMG-20201122-WA0005-300x225.jpg 300w, https:\/\/www.batxilleratgranes.com\/wp-content\/uploads\/2020\/12\/IMG-20201122-WA0005-768x576.jpg 768w, https:\/\/www.batxilleratgranes.com\/wp-content\/uploads\/2020\/12\/IMG-20201122-WA0005.jpg 1200w\" sizes=\"(max-width: 768px) 100vw, 768px\" \/><\/figure><\/div>\n\n\n\n<p>El taller es desenvolupa de forma presencial a l&#8217;escola, donat que el <strong>nombre limitat de participants<\/strong> permet garantir totes les dist\u00e0ncies de seguretat dins l&#8217;aula. Les sessions d&#8217;aquest projecte tindran lloc els dies 19 i 26 de novembre, 3 i 10 de desembre, 14, 21 i 28 de gener, 11, 18 i 25 de febrer i 11, 18 i 25 de mar\u00e7.<\/p>\n","protected":false},"excerpt":{"rendered":"<p>Iniciativa de la nostra professora d&#8217;Arts Esc\u00e8niques Mireia Gubianas, avui arrenca &#8220;Virals&#8221;, un projecte pedag\u00f2gic que ofereix als nostres alumnes i exalumnes un espai de&nbsp;reflexi\u00f3&nbsp;sobre les seves viv\u00e8ncies en temps de&nbsp;coronavirus. L&#8217;objectiu \u00e9s elaborar un projecte creatiu a partir de les diferents disciplines art\u00edstiques, tant les arts esc\u00e8niques, com la m\u00fasica, l&#8217;escriptura, el dibuix, la&hellip;&nbsp;<a href=\"https:\/\/www.batxilleratgranes.com\/es\/projecte-virals\/\" class=\"\" rel=\"bookmark\">Read More &raquo;<span class=\"screen-reader-text\">Projecte Virals<\/span><\/a><\/p>\n","protected":false},"author":5,"featured_media":28341,"comment_status":"open","ping_status":"open","sticky":false,"template":"","format":"standard","meta":{"neve_meta_sidebar":"","neve_meta_container":"","neve_meta_enable_content_width":"","neve_meta_content_width":0,"neve_meta_title_alignment":"","neve_meta_author_avatar":"","neve_post_elements_order":"","neve_meta_disable_header":"","neve_meta_disable_footer":"","neve_meta_disable_title":"","footnotes":""},"categories":[7],"tags":[965,950,915,1064,804,1065],"class_list":["post-27881","post","type-post","status-publish","format-standard","has-post-thumbnail","hentry","category-centre-batxillerat-granes","tag-coronavirus","tag-covid-19","tag-mireia-gubianas","tag-projecte-virals","tag-projectes","tag-reflexio"],"yoast_head":"<!-- This site is optimized with the Yoast SEO plugin v23.4 - https:\/\/yoast.com\/wordpress\/plugins\/seo\/ -->\n<title>Projecte Virals - Gran\u00e9s Batxillerat - Escuela especializada en Bachillerato en Barcelona<\/title>\n<meta name=\"robots\" content=\"index, follow, max-snippet:-1, max-image-preview:large, max-video-preview:-1\" \/>\n<link rel=\"canonical\" href=\"https:\/\/www.batxilleratgranes.com\/es\/projecte-virals\/\" \/>\n<meta property=\"og:locale\" content=\"es_ES\" \/>\n<meta property=\"og:type\" content=\"article\" \/>\n<meta property=\"og:title\" content=\"Projecte Virals - Gran\u00e9s Batxillerat - Escuela especializada en Bachillerato en Barcelona\" \/>\n<meta property=\"og:description\" content=\"Iniciativa de la nostra professora d&#8217;Arts Esc\u00e8niques Mireia Gubianas, avui arrenca &#8220;Virals&#8221;, un projecte pedag\u00f2gic que ofereix als nostres alumnes i exalumnes un espai de&nbsp;reflexi\u00f3&nbsp;sobre les seves viv\u00e8ncies en temps de&nbsp;coronavirus. L&#8217;objectiu \u00e9s elaborar un projecte creatiu a partir de les diferents disciplines art\u00edstiques, tant les arts esc\u00e8niques, com la m\u00fasica, l&#8217;escriptura, el dibuix, la&hellip;&nbsp;Read More &raquo;Projecte Virals\" \/>\n<meta property=\"og:url\" content=\"https:\/\/www.batxilleratgranes.com\/es\/projecte-virals\/\" \/>\n<meta property=\"og:site_name\" content=\"Gran\u00e9s Batxillerat - Escuela especializada en Bachillerato en Barcelona\" \/>\n<meta property=\"article:published_time\" content=\"2020-11-20T10:47:00+00:00\" \/>\n<meta property=\"article:modified_time\" content=\"2020-12-11T08:57:29+00:00\" \/>\n<meta property=\"og:image\" content=\"https:\/\/www.batxilleratgranes.com\/wp-content\/uploads\/2020\/12\/IMG-20201122-WA0005.jpg\" \/>\n\t<meta property=\"og:image:width\" content=\"1200\" \/>\n\t<meta property=\"og:image:height\" content=\"900\" \/>\n\t<meta property=\"og:image:type\" content=\"image\/jpeg\" \/>\n<meta name=\"author\" content=\"mireia.martinez\" \/>\n<meta name=\"twitter:card\" content=\"summary_large_image\" \/>\n<meta name=\"twitter:label1\" content=\"Written by\" \/>\n\t<meta name=\"twitter:data1\" content=\"mireia.martinez\" \/>\n\t<meta name=\"twitter:label2\" content=\"Est. reading time\" \/>\n\t<meta name=\"twitter:data2\" content=\"1 minute\" \/>\n<script type=\"application\/ld+json\" class=\"yoast-schema-graph\">{\"@context\":\"https:\/\/schema.org\",\"@graph\":[{\"@type\":\"Article\",\"@id\":\"https:\/\/www.batxilleratgranes.com\/es\/projecte-virals\/#article\",\"isPartOf\":{\"@id\":\"https:\/\/www.batxilleratgranes.com\/es\/projecte-virals\/\"},\"author\":{\"name\":\"mireia.martinez\",\"@id\":\"https:\/\/www.batxilleratgranes.com\/es\/#\/schema\/person\/4e10f231f79e8e2d24629e02b8283201\"},\"headline\":\"Projecte Virals\",\"datePublished\":\"2020-11-20T10:47:00+00:00\",\"dateModified\":\"2020-12-11T08:57:29+00:00\",\"mainEntityOfPage\":{\"@id\":\"https:\/\/www.batxilleratgranes.com\/es\/projecte-virals\/\"},\"wordCount\":247,\"commentCount\":0,\"publisher\":{\"@id\":\"https:\/\/www.batxilleratgranes.com\/es\/#organization\"},\"image\":{\"@id\":\"https:\/\/www.batxilleratgranes.com\/es\/projecte-virals\/#primaryimage\"},\"thumbnailUrl\":\"https:\/\/www.batxilleratgranes.com\/wp-content\/uploads\/2020\/12\/IMG-20201122-WA0005.jpg\",\"keywords\":[\"Coronavirus\",\"COVID-19\",\"Mireia Gubianas\",\"Projecte Virals\",\"Projectes\",\"Reflexi\u00f3\"],\"articleSection\":[\"Activitats Gran\u00e9s\"],\"inLanguage\":\"es\",\"potentialAction\":[{\"@type\":\"CommentAction\",\"name\":\"Comment\",\"target\":[\"https:\/\/www.batxilleratgranes.com\/es\/projecte-virals\/#respond\"]}]},{\"@type\":\"WebPage\",\"@id\":\"https:\/\/www.batxilleratgranes.com\/es\/projecte-virals\/\",\"url\":\"https:\/\/www.batxilleratgranes.com\/es\/projecte-virals\/\",\"name\":\"Projecte Virals - Gran\u00e9s Batxillerat - Escuela especializada en Bachillerato en Barcelona\",\"isPartOf\":{\"@id\":\"https:\/\/www.batxilleratgranes.com\/es\/#website\"},\"primaryImageOfPage\":{\"@id\":\"https:\/\/www.batxilleratgranes.com\/es\/projecte-virals\/#primaryimage\"},\"image\":{\"@id\":\"https:\/\/www.batxilleratgranes.com\/es\/projecte-virals\/#primaryimage\"},\"thumbnailUrl\":\"https:\/\/www.batxilleratgranes.com\/wp-content\/uploads\/2020\/12\/IMG-20201122-WA0005.jpg\",\"datePublished\":\"2020-11-20T10:47:00+00:00\",\"dateModified\":\"2020-12-11T08:57:29+00:00\",\"breadcrumb\":{\"@id\":\"https:\/\/www.batxilleratgranes.com\/es\/projecte-virals\/#breadcrumb\"},\"inLanguage\":\"es\",\"potentialAction\":[{\"@type\":\"ReadAction\",\"target\":[\"https:\/\/www.batxilleratgranes.com\/es\/projecte-virals\/\"]}]},{\"@type\":\"ImageObject\",\"inLanguage\":\"es\",\"@id\":\"https:\/\/www.batxilleratgranes.com\/es\/projecte-virals\/#primaryimage\",\"url\":\"https:\/\/www.batxilleratgranes.com\/wp-content\/uploads\/2020\/12\/IMG-20201122-WA0005.jpg\",\"contentUrl\":\"https:\/\/www.batxilleratgranes.com\/wp-content\/uploads\/2020\/12\/IMG-20201122-WA0005.jpg\",\"width\":1200,\"height\":900},{\"@type\":\"BreadcrumbList\",\"@id\":\"https:\/\/www.batxilleratgranes.com\/es\/projecte-virals\/#breadcrumb\",\"itemListElement\":[{\"@type\":\"ListItem\",\"position\":1,\"name\":\"Inici\",\"item\":\"https:\/\/www.batxilleratgranes.com\/es\/\"},{\"@type\":\"ListItem\",\"position\":2,\"name\":\"Projecte Virals\"}]},{\"@type\":\"WebSite\",\"@id\":\"https:\/\/www.batxilleratgranes.com\/es\/#website\",\"url\":\"https:\/\/www.batxilleratgranes.com\/es\/\",\"name\":\"Gran\u00e9s Batxillerat - Escuela especializada en Bachillerato en Barcelona\",\"description\":\"Escola especialitzada en Batxillerat a Barcelona\",\"publisher\":{\"@id\":\"https:\/\/www.batxilleratgranes.com\/es\/#organization\"},\"potentialAction\":[{\"@type\":\"SearchAction\",\"target\":{\"@type\":\"EntryPoint\",\"urlTemplate\":\"https:\/\/www.batxilleratgranes.com\/es\/?s={search_term_string}\"},\"query-input\":{\"@type\":\"PropertyValueSpecification\",\"valueRequired\":true,\"valueName\":\"search_term_string\"}}],\"inLanguage\":\"es\"},{\"@type\":\"Organization\",\"@id\":\"https:\/\/www.batxilleratgranes.com\/es\/#organization\",\"name\":\"Gran\u00e9s Batxillerat - Escuela especializada en Bachillerato en Barcelona\",\"url\":\"https:\/\/www.batxilleratgranes.com\/es\/\",\"logo\":{\"@type\":\"ImageObject\",\"inLanguage\":\"es\",\"@id\":\"https:\/\/www.batxilleratgranes.com\/es\/#\/schema\/logo\/image\/\",\"url\":\"https:\/\/www.batxilleratgranes.com\/wp-content\/uploads\/2013\/01\/granes1.png\",\"contentUrl\":\"https:\/\/www.batxilleratgranes.com\/wp-content\/uploads\/2013\/01\/granes1.png\",\"width\":292,\"height\":85,\"caption\":\"Gran\u00e9s Batxillerat - Escuela especializada en Bachillerato en Barcelona\"},\"image\":{\"@id\":\"https:\/\/www.batxilleratgranes.com\/es\/#\/schema\/logo\/image\/\"}},{\"@type\":\"Person\",\"@id\":\"https:\/\/www.batxilleratgranes.com\/es\/#\/schema\/person\/4e10f231f79e8e2d24629e02b8283201\",\"name\":\"mireia.martinez\",\"image\":{\"@type\":\"ImageObject\",\"inLanguage\":\"es\",\"@id\":\"https:\/\/www.batxilleratgranes.com\/es\/#\/schema\/person\/image\/\",\"url\":\"https:\/\/secure.gravatar.com\/avatar\/8c952e346979fb1eaf89bbc4dfda29f0?s=96&d=mm&r=g\",\"contentUrl\":\"https:\/\/secure.gravatar.com\/avatar\/8c952e346979fb1eaf89bbc4dfda29f0?s=96&d=mm&r=g\",\"caption\":\"mireia.martinez\"},\"url\":\"https:\/\/www.batxilleratgranes.com\/es\/author\/mireia-martinez\/\"}]}<\/script>\n<!-- \/ Yoast SEO plugin. -->","yoast_head_json":{"title":"Projecte Virals - Gran\u00e9s Batxillerat - Escuela especializada en Bachillerato en Barcelona","robots":{"index":"index","follow":"follow","max-snippet":"max-snippet:-1","max-image-preview":"max-image-preview:large","max-video-preview":"max-video-preview:-1"},"canonical":"https:\/\/www.batxilleratgranes.com\/es\/projecte-virals\/","og_locale":"es_ES","og_type":"article","og_title":"Projecte Virals - Gran\u00e9s Batxillerat - Escuela especializada en Bachillerato en Barcelona","og_description":"Iniciativa de la nostra professora d&#8217;Arts Esc\u00e8niques Mireia Gubianas, avui arrenca &#8220;Virals&#8221;, un projecte pedag\u00f2gic que ofereix als nostres alumnes i exalumnes un espai de&nbsp;reflexi\u00f3&nbsp;sobre les seves viv\u00e8ncies en temps de&nbsp;coronavirus. L&#8217;objectiu \u00e9s elaborar un projecte creatiu a partir de les diferents disciplines art\u00edstiques, tant les arts esc\u00e8niques, com la m\u00fasica, l&#8217;escriptura, el dibuix, la&hellip;&nbsp;Read More &raquo;Projecte Virals","og_url":"https:\/\/www.batxilleratgranes.com\/es\/projecte-virals\/","og_site_name":"Gran\u00e9s Batxillerat - Escuela especializada en Bachillerato en Barcelona","article_published_time":"2020-11-20T10:47:00+00:00","article_modified_time":"2020-12-11T08:57:29+00:00","og_image":[{"width":1200,"height":900,"url":"https:\/\/www.batxilleratgranes.com\/wp-content\/uploads\/2020\/12\/IMG-20201122-WA0005.jpg","type":"image\/jpeg"}],"author":"mireia.martinez","twitter_card":"summary_large_image","twitter_misc":{"Written by":"mireia.martinez","Est. reading time":"1 minute"},"schema":{"@context":"https:\/\/schema.org","@graph":[{"@type":"Article","@id":"https:\/\/www.batxilleratgranes.com\/es\/projecte-virals\/#article","isPartOf":{"@id":"https:\/\/www.batxilleratgranes.com\/es\/projecte-virals\/"},"author":{"name":"mireia.martinez","@id":"https:\/\/www.batxilleratgranes.com\/es\/#\/schema\/person\/4e10f231f79e8e2d24629e02b8283201"},"headline":"Projecte Virals","datePublished":"2020-11-20T10:47:00+00:00","dateModified":"2020-12-11T08:57:29+00:00","mainEntityOfPage":{"@id":"https:\/\/www.batxilleratgranes.com\/es\/projecte-virals\/"},"wordCount":247,"commentCount":0,"publisher":{"@id":"https:\/\/www.batxilleratgranes.com\/es\/#organization"},"image":{"@id":"https:\/\/www.batxilleratgranes.com\/es\/projecte-virals\/#primaryimage"},"thumbnailUrl":"https:\/\/www.batxilleratgranes.com\/wp-content\/uploads\/2020\/12\/IMG-20201122-WA0005.jpg","keywords":["Coronavirus","COVID-19","Mireia Gubianas","Projecte Virals","Projectes","Reflexi\u00f3"],"articleSection":["Activitats Gran\u00e9s"],"inLanguage":"es","potentialAction":[{"@type":"CommentAction","name":"Comment","target":["https:\/\/www.batxilleratgranes.com\/es\/projecte-virals\/#respond"]}]},{"@type":"WebPage","@id":"https:\/\/www.batxilleratgranes.com\/es\/projecte-virals\/","url":"https:\/\/www.batxilleratgranes.com\/es\/projecte-virals\/","name":"Projecte Virals - Gran\u00e9s Batxillerat - Escuela especializada en Bachillerato en Barcelona","isPartOf":{"@id":"https:\/\/www.batxilleratgranes.com\/es\/#website"},"primaryImageOfPage":{"@id":"https:\/\/www.batxilleratgranes.com\/es\/projecte-virals\/#primaryimage"},"image":{"@id":"https:\/\/www.batxilleratgranes.com\/es\/projecte-virals\/#primaryimage"},"thumbnailUrl":"https:\/\/www.batxilleratgranes.com\/wp-content\/uploads\/2020\/12\/IMG-20201122-WA0005.jpg","datePublished":"2020-11-20T10:47:00+00:00","dateModified":"2020-12-11T08:57:29+00:00","breadcrumb":{"@id":"https:\/\/www.batxilleratgranes.com\/es\/projecte-virals\/#breadcrumb"},"inLanguage":"es","potentialAction":[{"@type":"ReadAction","target":["https:\/\/www.batxilleratgranes.com\/es\/projecte-virals\/"]}]},{"@type":"ImageObject","inLanguage":"es","@id":"https:\/\/www.batxilleratgranes.com\/es\/projecte-virals\/#primaryimage","url":"https:\/\/www.batxilleratgranes.com\/wp-content\/uploads\/2020\/12\/IMG-20201122-WA0005.jpg","contentUrl":"https:\/\/www.batxilleratgranes.com\/wp-content\/uploads\/2020\/12\/IMG-20201122-WA0005.jpg","width":1200,"height":900},{"@type":"BreadcrumbList","@id":"https:\/\/www.batxilleratgranes.com\/es\/projecte-virals\/#breadcrumb","itemListElement":[{"@type":"ListItem","position":1,"name":"Inici","item":"https:\/\/www.batxilleratgranes.com\/es\/"},{"@type":"ListItem","position":2,"name":"Projecte Virals"}]},{"@type":"WebSite","@id":"https:\/\/www.batxilleratgranes.com\/es\/#website","url":"https:\/\/www.batxilleratgranes.com\/es\/","name":"Gran\u00e9s Batxillerat - Escuela especializada en Bachillerato en Barcelona","description":"Escola especialitzada en Batxillerat a Barcelona","publisher":{"@id":"https:\/\/www.batxilleratgranes.com\/es\/#organization"},"potentialAction":[{"@type":"SearchAction","target":{"@type":"EntryPoint","urlTemplate":"https:\/\/www.batxilleratgranes.com\/es\/?s={search_term_string}"},"query-input":{"@type":"PropertyValueSpecification","valueRequired":true,"valueName":"search_term_string"}}],"inLanguage":"es"},{"@type":"Organization","@id":"https:\/\/www.batxilleratgranes.com\/es\/#organization","name":"Gran\u00e9s Batxillerat - Escuela especializada en Bachillerato en Barcelona","url":"https:\/\/www.batxilleratgranes.com\/es\/","logo":{"@type":"ImageObject","inLanguage":"es","@id":"https:\/\/www.batxilleratgranes.com\/es\/#\/schema\/logo\/image\/","url":"https:\/\/www.batxilleratgranes.com\/wp-content\/uploads\/2013\/01\/granes1.png","contentUrl":"https:\/\/www.batxilleratgranes.com\/wp-content\/uploads\/2013\/01\/granes1.png","width":292,"height":85,"caption":"Gran\u00e9s Batxillerat - Escuela especializada en Bachillerato en Barcelona"},"image":{"@id":"https:\/\/www.batxilleratgranes.com\/es\/#\/schema\/logo\/image\/"}},{"@type":"Person","@id":"https:\/\/www.batxilleratgranes.com\/es\/#\/schema\/person\/4e10f231f79e8e2d24629e02b8283201","name":"mireia.martinez","image":{"@type":"ImageObject","inLanguage":"es","@id":"https:\/\/www.batxilleratgranes.com\/es\/#\/schema\/person\/image\/","url":"https:\/\/secure.gravatar.com\/avatar\/8c952e346979fb1eaf89bbc4dfda29f0?s=96&d=mm&r=g","contentUrl":"https:\/\/secure.gravatar.com\/avatar\/8c952e346979fb1eaf89bbc4dfda29f0?s=96&d=mm&r=g","caption":"mireia.martinez"},"url":"https:\/\/www.batxilleratgranes.com\/es\/author\/mireia-martinez\/"}]}},"_links":{"self":[{"href":"https:\/\/www.batxilleratgranes.com\/es\/wp-json\/wp\/v2\/posts\/27881"}],"collection":[{"href":"https:\/\/www.batxilleratgranes.com\/es\/wp-json\/wp\/v2\/posts"}],"about":[{"href":"https:\/\/www.batxilleratgranes.com\/es\/wp-json\/wp\/v2\/types\/post"}],"author":[{"embeddable":true,"href":"https:\/\/www.batxilleratgranes.com\/es\/wp-json\/wp\/v2\/users\/5"}],"replies":[{"embeddable":true,"href":"https:\/\/www.batxilleratgranes.com\/es\/wp-json\/wp\/v2\/comments?post=27881"}],"version-history":[{"count":6,"href":"https:\/\/www.batxilleratgranes.com\/es\/wp-json\/wp\/v2\/posts\/27881\/revisions"}],"predecessor-version":[{"id":28462,"href":"https:\/\/www.batxilleratgranes.com\/es\/wp-json\/wp\/v2\/posts\/27881\/revisions\/28462"}],"wp:featuredmedia":[{"embeddable":true,"href":"https:\/\/www.batxilleratgranes.com\/es\/wp-json\/wp\/v2\/media\/28341"}],"wp:attachment":[{"href":"https:\/\/www.batxilleratgranes.com\/es\/wp-json\/wp\/v2\/media?parent=27881"}],"wp:term":[{"taxonomy":"category","embeddable":true,"href":"https:\/\/www.batxilleratgranes.com\/es\/wp-json\/wp\/v2\/categories?post=27881"},{"taxonomy":"post_tag","embeddable":true,"href":"https:\/\/www.batxilleratgranes.com\/es\/wp-json\/wp\/v2\/tags?post=27881"}],"curies":[{"name":"wp","href":"https:\/\/api.w.org\/{rel}","templated":true}]}}