{"id":29660,"date":"2021-01-25T13:50:00","date_gmt":"2021-01-25T13:50:00","guid":{"rendered":"https:\/\/www.batxilleratgranes.com\/?p=29660"},"modified":"2021-02-03T11:33:58","modified_gmt":"2021-02-03T11:33:58","slug":"moltes-felicitats-paquita","status":"publish","type":"post","link":"https:\/\/www.batxilleratgranes.com\/es\/moltes-felicitats-paquita\/","title":{"rendered":"Moltes felicitats, Paquita!"},"content":{"rendered":"\n<p>Avui \u00e9s l&#8217;<strong>aniversari <\/strong>d&#8217;una persona ben especial per tots els que treballem a Gran\u00e9s Batxillerat i una de les persones m\u00e9s estimades pels alumnes. I \u00e9s que la Paquita, amb el seu<strong> bon humor<\/strong>, la seva <strong>proximitat<\/strong> i la seva <strong>alegria<\/strong> contagia de positivisme a tothom qui l&#8217;envolta. Amb vint-i-set anys d&#8217;experi\u00e8ncia netejant l&#8217;escola, \u00e9s una persona de refer\u00e8ncia per a tots el que passen pel nostre centre i se&#8217;l coneix a la perfecci\u00f3.<\/p>\n\n\n\n<div class=\"wp-block-image\"><figure class=\"aligncenter size-large\"><a href=\"https:\/\/www.batxilleratgranes.com\/wp-content\/uploads\/2021\/02\/paquita-2.jpg\"><img loading=\"lazy\" decoding=\"async\" width=\"409\" height=\"525\" src=\"https:\/\/www.batxilleratgranes.com\/wp-content\/uploads\/2021\/02\/paquita-2.jpg\" alt=\"\" class=\"wp-image-29677\" srcset=\"https:\/\/www.batxilleratgranes.com\/wp-content\/uploads\/2021\/02\/paquita-2.jpg 409w, https:\/\/www.batxilleratgranes.com\/wp-content\/uploads\/2021\/02\/paquita-2-234x300.jpg 234w\" sizes=\"(max-width: 409px) 100vw, 409px\" \/><\/a><\/figure><\/div>\n\n\n\n<p>Els alumnes han volgut fer-li una petita sorpresa, i a la tornada del pati, totes les classes s&#8217;han posat d&#8217;acord per obrir les portes i cantar-li a la Paquita l&#8217;aniversari feli\u00e7. Ella, com no podia ser d&#8217;una altra manera, ha reaccionat <strong>emocionada<\/strong> a les mostres d&#8217;estimaci\u00f3 dels nostres estudiants. <\/p>\n\n\n\n<p>Despr\u00e9s d&#8217;una <strong>sorpresa<\/strong> tan gran, la Paquita ha volgut passar per totes les aules a agrair a tots els alumnes aquest detall tan bonic.<\/p>\n\n\n\n<figure class=\"wp-block-embed is-type-video is-provider-youtube wp-block-embed-youtube wp-embed-aspect-4-3 wp-has-aspect-ratio\"><div class=\"wp-block-embed__wrapper\">\n<div class=\"nv-iframe-embed\"><iframe loading=\"lazy\" title=\"Moltes felicitats, Paquita!\" width=\"1200\" height=\"900\" src=\"https:\/\/www.youtube.com\/embed\/jJ74hiyVeJo?feature=oembed\" frameborder=\"0\" allow=\"accelerometer; autoplay; clipboard-write; encrypted-media; gyroscope; picture-in-picture\" allowfullscreen><\/iframe><\/div>\n<\/div><\/figure>\n\n\n\n<figure class=\"wp-block-pullquote\"><blockquote><p><strong>Moltes felicitats, Paquita!<\/strong><\/p><\/blockquote><\/figure>\n","protected":false},"excerpt":{"rendered":"<p>Avui \u00e9s l&#8217;aniversari d&#8217;una persona ben especial per tots els que treballem a Gran\u00e9s Batxillerat i una de les persones m\u00e9s estimades pels alumnes. I \u00e9s que la Paquita, amb el seu bon humor, la seva proximitat i la seva alegria contagia de positivisme a tothom qui l&#8217;envolta. Amb vint-i-set anys d&#8217;experi\u00e8ncia netejant l&#8217;escola, \u00e9s&hellip;&nbsp;<a href=\"https:\/\/www.batxilleratgranes.com\/es\/moltes-felicitats-paquita\/\" class=\"\" rel=\"bookmark\">Read More &raquo;<span class=\"screen-reader-text\">Moltes felicitats, Paquita!<\/span><\/a><\/p>\n","protected":false},"author":5,"featured_media":29674,"comment_status":"open","ping_status":"open","sticky":false,"template":"","format":"standard","meta":{"neve_meta_sidebar":"","neve_meta_container":"","neve_meta_enable_content_width":"","neve_meta_content_width":0,"neve_meta_title_alignment":"","neve_meta_author_avatar":"","neve_post_elements_order":"","neve_meta_disable_header":"","neve_meta_disable_footer":"","neve_meta_disable_title":"","footnotes":""},"categories":[7],"tags":[1076,169,1077,1078],"class_list":["post-29660","post","type-post","status-publish","format-standard","has-post-thumbnail","hentry","category-centre-batxillerat-granes","tag-aniversaris","tag-gent-granes","tag-paquita","tag-sorpresa"],"yoast_head":"<!-- This site is optimized with the Yoast SEO plugin v23.4 - https:\/\/yoast.com\/wordpress\/plugins\/seo\/ -->\n<title>Moltes felicitats, Paquita! - Gran\u00e9s Batxillerat - Escuela especializada en Bachillerato en Barcelona<\/title>\n<meta name=\"robots\" content=\"index, follow, max-snippet:-1, max-image-preview:large, max-video-preview:-1\" \/>\n<link rel=\"canonical\" href=\"https:\/\/www.batxilleratgranes.com\/es\/moltes-felicitats-paquita\/\" \/>\n<meta property=\"og:locale\" content=\"es_ES\" \/>\n<meta property=\"og:type\" content=\"article\" \/>\n<meta property=\"og:title\" content=\"Moltes felicitats, Paquita! - Gran\u00e9s Batxillerat - Escuela especializada en Bachillerato en Barcelona\" \/>\n<meta property=\"og:description\" content=\"Avui \u00e9s l&#8217;aniversari d&#8217;una persona ben especial per tots els que treballem a Gran\u00e9s Batxillerat i una de les persones m\u00e9s estimades pels alumnes. I \u00e9s que la Paquita, amb el seu bon humor, la seva proximitat i la seva alegria contagia de positivisme a tothom qui l&#8217;envolta. Amb vint-i-set anys d&#8217;experi\u00e8ncia netejant l&#8217;escola, \u00e9s&hellip;&nbsp;Read More &raquo;Moltes felicitats, Paquita!\" \/>\n<meta property=\"og:url\" content=\"https:\/\/www.batxilleratgranes.com\/es\/moltes-felicitats-paquita\/\" \/>\n<meta property=\"og:site_name\" content=\"Gran\u00e9s Batxillerat - Escuela especializada en Bachillerato en Barcelona\" \/>\n<meta property=\"article:published_time\" content=\"2021-01-25T13:50:00+00:00\" \/>\n<meta property=\"article:modified_time\" content=\"2021-02-03T11:33:58+00:00\" \/>\n<meta property=\"og:image\" content=\"https:\/\/www.batxilleratgranes.com\/wp-content\/uploads\/2021\/02\/Paquita-1-1.jpg\" \/>\n\t<meta property=\"og:image:width\" content=\"713\" \/>\n\t<meta property=\"og:image:height\" content=\"432\" \/>\n\t<meta property=\"og:image:type\" content=\"image\/jpeg\" \/>\n<meta name=\"author\" content=\"mireia.martinez\" \/>\n<meta name=\"twitter:card\" content=\"summary_large_image\" \/>\n<meta name=\"twitter:label1\" content=\"Written by\" \/>\n\t<meta name=\"twitter:data1\" content=\"mireia.martinez\" \/>\n\t<meta name=\"twitter:label2\" content=\"Est. reading time\" \/>\n\t<meta name=\"twitter:data2\" content=\"1 minute\" \/>\n<script type=\"application\/ld+json\" class=\"yoast-schema-graph\">{\"@context\":\"https:\/\/schema.org\",\"@graph\":[{\"@type\":\"Article\",\"@id\":\"https:\/\/www.batxilleratgranes.com\/es\/moltes-felicitats-paquita\/#article\",\"isPartOf\":{\"@id\":\"https:\/\/www.batxilleratgranes.com\/es\/moltes-felicitats-paquita\/\"},\"author\":{\"name\":\"mireia.martinez\",\"@id\":\"https:\/\/www.batxilleratgranes.com\/es\/#\/schema\/person\/4e10f231f79e8e2d24629e02b8283201\"},\"headline\":\"Moltes felicitats, Paquita!\",\"datePublished\":\"2021-01-25T13:50:00+00:00\",\"dateModified\":\"2021-02-03T11:33:58+00:00\",\"mainEntityOfPage\":{\"@id\":\"https:\/\/www.batxilleratgranes.com\/es\/moltes-felicitats-paquita\/\"},\"wordCount\":175,\"commentCount\":0,\"publisher\":{\"@id\":\"https:\/\/www.batxilleratgranes.com\/es\/#organization\"},\"image\":{\"@id\":\"https:\/\/www.batxilleratgranes.com\/es\/moltes-felicitats-paquita\/#primaryimage\"},\"thumbnailUrl\":\"https:\/\/www.batxilleratgranes.com\/wp-content\/uploads\/2021\/02\/Paquita-1-1.jpg\",\"keywords\":[\"Aniversaris\",\"Gent Gran\u00e9s\",\"Paquita\",\"Sorpresa\"],\"articleSection\":[\"Activitats Gran\u00e9s\"],\"inLanguage\":\"es\",\"potentialAction\":[{\"@type\":\"CommentAction\",\"name\":\"Comment\",\"target\":[\"https:\/\/www.batxilleratgranes.com\/es\/moltes-felicitats-paquita\/#respond\"]}]},{\"@type\":\"WebPage\",\"@id\":\"https:\/\/www.batxilleratgranes.com\/es\/moltes-felicitats-paquita\/\",\"url\":\"https:\/\/www.batxilleratgranes.com\/es\/moltes-felicitats-paquita\/\",\"name\":\"Moltes felicitats, Paquita! - Gran\u00e9s Batxillerat - Escuela especializada en Bachillerato en Barcelona\",\"isPartOf\":{\"@id\":\"https:\/\/www.batxilleratgranes.com\/es\/#website\"},\"primaryImageOfPage\":{\"@id\":\"https:\/\/www.batxilleratgranes.com\/es\/moltes-felicitats-paquita\/#primaryimage\"},\"image\":{\"@id\":\"https:\/\/www.batxilleratgranes.com\/es\/moltes-felicitats-paquita\/#primaryimage\"},\"thumbnailUrl\":\"https:\/\/www.batxilleratgranes.com\/wp-content\/uploads\/2021\/02\/Paquita-1-1.jpg\",\"datePublished\":\"2021-01-25T13:50:00+00:00\",\"dateModified\":\"2021-02-03T11:33:58+00:00\",\"breadcrumb\":{\"@id\":\"https:\/\/www.batxilleratgranes.com\/es\/moltes-felicitats-paquita\/#breadcrumb\"},\"inLanguage\":\"es\",\"potentialAction\":[{\"@type\":\"ReadAction\",\"target\":[\"https:\/\/www.batxilleratgranes.com\/es\/moltes-felicitats-paquita\/\"]}]},{\"@type\":\"ImageObject\",\"inLanguage\":\"es\",\"@id\":\"https:\/\/www.batxilleratgranes.com\/es\/moltes-felicitats-paquita\/#primaryimage\",\"url\":\"https:\/\/www.batxilleratgranes.com\/wp-content\/uploads\/2021\/02\/Paquita-1-1.jpg\",\"contentUrl\":\"https:\/\/www.batxilleratgranes.com\/wp-content\/uploads\/2021\/02\/Paquita-1-1.jpg\",\"width\":713,\"height\":432},{\"@type\":\"BreadcrumbList\",\"@id\":\"https:\/\/www.batxilleratgranes.com\/es\/moltes-felicitats-paquita\/#breadcrumb\",\"itemListElement\":[{\"@type\":\"ListItem\",\"position\":1,\"name\":\"Inici\",\"item\":\"https:\/\/www.batxilleratgranes.com\/es\/\"},{\"@type\":\"ListItem\",\"position\":2,\"name\":\"Moltes felicitats, Paquita!\"}]},{\"@type\":\"WebSite\",\"@id\":\"https:\/\/www.batxilleratgranes.com\/es\/#website\",\"url\":\"https:\/\/www.batxilleratgranes.com\/es\/\",\"name\":\"Gran\u00e9s Batxillerat - Escuela especializada en Bachillerato en Barcelona\",\"description\":\"Escola especialitzada en Batxillerat a Barcelona\",\"publisher\":{\"@id\":\"https:\/\/www.batxilleratgranes.com\/es\/#organization\"},\"potentialAction\":[{\"@type\":\"SearchAction\",\"target\":{\"@type\":\"EntryPoint\",\"urlTemplate\":\"https:\/\/www.batxilleratgranes.com\/es\/?s={search_term_string}\"},\"query-input\":{\"@type\":\"PropertyValueSpecification\",\"valueRequired\":true,\"valueName\":\"search_term_string\"}}],\"inLanguage\":\"es\"},{\"@type\":\"Organization\",\"@id\":\"https:\/\/www.batxilleratgranes.com\/es\/#organization\",\"name\":\"Gran\u00e9s Batxillerat - Escuela especializada en Bachillerato en Barcelona\",\"url\":\"https:\/\/www.batxilleratgranes.com\/es\/\",\"logo\":{\"@type\":\"ImageObject\",\"inLanguage\":\"es\",\"@id\":\"https:\/\/www.batxilleratgranes.com\/es\/#\/schema\/logo\/image\/\",\"url\":\"https:\/\/www.batxilleratgranes.com\/wp-content\/uploads\/2013\/01\/granes1.png\",\"contentUrl\":\"https:\/\/www.batxilleratgranes.com\/wp-content\/uploads\/2013\/01\/granes1.png\",\"width\":292,\"height\":85,\"caption\":\"Gran\u00e9s Batxillerat - Escuela especializada en Bachillerato en Barcelona\"},\"image\":{\"@id\":\"https:\/\/www.batxilleratgranes.com\/es\/#\/schema\/logo\/image\/\"}},{\"@type\":\"Person\",\"@id\":\"https:\/\/www.batxilleratgranes.com\/es\/#\/schema\/person\/4e10f231f79e8e2d24629e02b8283201\",\"name\":\"mireia.martinez\",\"image\":{\"@type\":\"ImageObject\",\"inLanguage\":\"es\",\"@id\":\"https:\/\/www.batxilleratgranes.com\/es\/#\/schema\/person\/image\/\",\"url\":\"https:\/\/secure.gravatar.com\/avatar\/8c952e346979fb1eaf89bbc4dfda29f0?s=96&d=mm&r=g\",\"contentUrl\":\"https:\/\/secure.gravatar.com\/avatar\/8c952e346979fb1eaf89bbc4dfda29f0?s=96&d=mm&r=g\",\"caption\":\"mireia.martinez\"},\"url\":\"https:\/\/www.batxilleratgranes.com\/es\/author\/mireia-martinez\/\"}]}<\/script>\n<!-- \/ Yoast SEO plugin. -->","yoast_head_json":{"title":"Moltes felicitats, Paquita! - Gran\u00e9s Batxillerat - Escuela especializada en Bachillerato en Barcelona","robots":{"index":"index","follow":"follow","max-snippet":"max-snippet:-1","max-image-preview":"max-image-preview:large","max-video-preview":"max-video-preview:-1"},"canonical":"https:\/\/www.batxilleratgranes.com\/es\/moltes-felicitats-paquita\/","og_locale":"es_ES","og_type":"article","og_title":"Moltes felicitats, Paquita! - Gran\u00e9s Batxillerat - Escuela especializada en Bachillerato en Barcelona","og_description":"Avui \u00e9s l&#8217;aniversari d&#8217;una persona ben especial per tots els que treballem a Gran\u00e9s Batxillerat i una de les persones m\u00e9s estimades pels alumnes. I \u00e9s que la Paquita, amb el seu bon humor, la seva proximitat i la seva alegria contagia de positivisme a tothom qui l&#8217;envolta. Amb vint-i-set anys d&#8217;experi\u00e8ncia netejant l&#8217;escola, \u00e9s&hellip;&nbsp;Read More &raquo;Moltes felicitats, Paquita!","og_url":"https:\/\/www.batxilleratgranes.com\/es\/moltes-felicitats-paquita\/","og_site_name":"Gran\u00e9s Batxillerat - Escuela especializada en Bachillerato en Barcelona","article_published_time":"2021-01-25T13:50:00+00:00","article_modified_time":"2021-02-03T11:33:58+00:00","og_image":[{"width":713,"height":432,"url":"https:\/\/www.batxilleratgranes.com\/wp-content\/uploads\/2021\/02\/Paquita-1-1.jpg","type":"image\/jpeg"}],"author":"mireia.martinez","twitter_card":"summary_large_image","twitter_misc":{"Written by":"mireia.martinez","Est. reading time":"1 minute"},"schema":{"@context":"https:\/\/schema.org","@graph":[{"@type":"Article","@id":"https:\/\/www.batxilleratgranes.com\/es\/moltes-felicitats-paquita\/#article","isPartOf":{"@id":"https:\/\/www.batxilleratgranes.com\/es\/moltes-felicitats-paquita\/"},"author":{"name":"mireia.martinez","@id":"https:\/\/www.batxilleratgranes.com\/es\/#\/schema\/person\/4e10f231f79e8e2d24629e02b8283201"},"headline":"Moltes felicitats, Paquita!","datePublished":"2021-01-25T13:50:00+00:00","dateModified":"2021-02-03T11:33:58+00:00","mainEntityOfPage":{"@id":"https:\/\/www.batxilleratgranes.com\/es\/moltes-felicitats-paquita\/"},"wordCount":175,"commentCount":0,"publisher":{"@id":"https:\/\/www.batxilleratgranes.com\/es\/#organization"},"image":{"@id":"https:\/\/www.batxilleratgranes.com\/es\/moltes-felicitats-paquita\/#primaryimage"},"thumbnailUrl":"https:\/\/www.batxilleratgranes.com\/wp-content\/uploads\/2021\/02\/Paquita-1-1.jpg","keywords":["Aniversaris","Gent Gran\u00e9s","Paquita","Sorpresa"],"articleSection":["Activitats Gran\u00e9s"],"inLanguage":"es","potentialAction":[{"@type":"CommentAction","name":"Comment","target":["https:\/\/www.batxilleratgranes.com\/es\/moltes-felicitats-paquita\/#respond"]}]},{"@type":"WebPage","@id":"https:\/\/www.batxilleratgranes.com\/es\/moltes-felicitats-paquita\/","url":"https:\/\/www.batxilleratgranes.com\/es\/moltes-felicitats-paquita\/","name":"Moltes felicitats, Paquita! - Gran\u00e9s Batxillerat - Escuela especializada en Bachillerato en Barcelona","isPartOf":{"@id":"https:\/\/www.batxilleratgranes.com\/es\/#website"},"primaryImageOfPage":{"@id":"https:\/\/www.batxilleratgranes.com\/es\/moltes-felicitats-paquita\/#primaryimage"},"image":{"@id":"https:\/\/www.batxilleratgranes.com\/es\/moltes-felicitats-paquita\/#primaryimage"},"thumbnailUrl":"https:\/\/www.batxilleratgranes.com\/wp-content\/uploads\/2021\/02\/Paquita-1-1.jpg","datePublished":"2021-01-25T13:50:00+00:00","dateModified":"2021-02-03T11:33:58+00:00","breadcrumb":{"@id":"https:\/\/www.batxilleratgranes.com\/es\/moltes-felicitats-paquita\/#breadcrumb"},"inLanguage":"es","potentialAction":[{"@type":"ReadAction","target":["https:\/\/www.batxilleratgranes.com\/es\/moltes-felicitats-paquita\/"]}]},{"@type":"ImageObject","inLanguage":"es","@id":"https:\/\/www.batxilleratgranes.com\/es\/moltes-felicitats-paquita\/#primaryimage","url":"https:\/\/www.batxilleratgranes.com\/wp-content\/uploads\/2021\/02\/Paquita-1-1.jpg","contentUrl":"https:\/\/www.batxilleratgranes.com\/wp-content\/uploads\/2021\/02\/Paquita-1-1.jpg","width":713,"height":432},{"@type":"BreadcrumbList","@id":"https:\/\/www.batxilleratgranes.com\/es\/moltes-felicitats-paquita\/#breadcrumb","itemListElement":[{"@type":"ListItem","position":1,"name":"Inici","item":"https:\/\/www.batxilleratgranes.com\/es\/"},{"@type":"ListItem","position":2,"name":"Moltes felicitats, Paquita!"}]},{"@type":"WebSite","@id":"https:\/\/www.batxilleratgranes.com\/es\/#website","url":"https:\/\/www.batxilleratgranes.com\/es\/","name":"Gran\u00e9s Batxillerat - Escuela especializada en Bachillerato en Barcelona","description":"Escola especialitzada en Batxillerat a Barcelona","publisher":{"@id":"https:\/\/www.batxilleratgranes.com\/es\/#organization"},"potentialAction":[{"@type":"SearchAction","target":{"@type":"EntryPoint","urlTemplate":"https:\/\/www.batxilleratgranes.com\/es\/?s={search_term_string}"},"query-input":{"@type":"PropertyValueSpecification","valueRequired":true,"valueName":"search_term_string"}}],"inLanguage":"es"},{"@type":"Organization","@id":"https:\/\/www.batxilleratgranes.com\/es\/#organization","name":"Gran\u00e9s Batxillerat - Escuela especializada en Bachillerato en Barcelona","url":"https:\/\/www.batxilleratgranes.com\/es\/","logo":{"@type":"ImageObject","inLanguage":"es","@id":"https:\/\/www.batxilleratgranes.com\/es\/#\/schema\/logo\/image\/","url":"https:\/\/www.batxilleratgranes.com\/wp-content\/uploads\/2013\/01\/granes1.png","contentUrl":"https:\/\/www.batxilleratgranes.com\/wp-content\/uploads\/2013\/01\/granes1.png","width":292,"height":85,"caption":"Gran\u00e9s Batxillerat - Escuela especializada en Bachillerato en Barcelona"},"image":{"@id":"https:\/\/www.batxilleratgranes.com\/es\/#\/schema\/logo\/image\/"}},{"@type":"Person","@id":"https:\/\/www.batxilleratgranes.com\/es\/#\/schema\/person\/4e10f231f79e8e2d24629e02b8283201","name":"mireia.martinez","image":{"@type":"ImageObject","inLanguage":"es","@id":"https:\/\/www.batxilleratgranes.com\/es\/#\/schema\/person\/image\/","url":"https:\/\/secure.gravatar.com\/avatar\/8c952e346979fb1eaf89bbc4dfda29f0?s=96&d=mm&r=g","contentUrl":"https:\/\/secure.gravatar.com\/avatar\/8c952e346979fb1eaf89bbc4dfda29f0?s=96&d=mm&r=g","caption":"mireia.martinez"},"url":"https:\/\/www.batxilleratgranes.com\/es\/author\/mireia-martinez\/"}]}},"_links":{"self":[{"href":"https:\/\/www.batxilleratgranes.com\/es\/wp-json\/wp\/v2\/posts\/29660"}],"collection":[{"href":"https:\/\/www.batxilleratgranes.com\/es\/wp-json\/wp\/v2\/posts"}],"about":[{"href":"https:\/\/www.batxilleratgranes.com\/es\/wp-json\/wp\/v2\/types\/post"}],"author":[{"embeddable":true,"href":"https:\/\/www.batxilleratgranes.com\/es\/wp-json\/wp\/v2\/users\/5"}],"replies":[{"embeddable":true,"href":"https:\/\/www.batxilleratgranes.com\/es\/wp-json\/wp\/v2\/comments?post=29660"}],"version-history":[{"count":4,"href":"https:\/\/www.batxilleratgranes.com\/es\/wp-json\/wp\/v2\/posts\/29660\/revisions"}],"predecessor-version":[{"id":29682,"href":"https:\/\/www.batxilleratgranes.com\/es\/wp-json\/wp\/v2\/posts\/29660\/revisions\/29682"}],"wp:featuredmedia":[{"embeddable":true,"href":"https:\/\/www.batxilleratgranes.com\/es\/wp-json\/wp\/v2\/media\/29674"}],"wp:attachment":[{"href":"https:\/\/www.batxilleratgranes.com\/es\/wp-json\/wp\/v2\/media?parent=29660"}],"wp:term":[{"taxonomy":"category","embeddable":true,"href":"https:\/\/www.batxilleratgranes.com\/es\/wp-json\/wp\/v2\/categories?post=29660"},{"taxonomy":"post_tag","embeddable":true,"href":"https:\/\/www.batxilleratgranes.com\/es\/wp-json\/wp\/v2\/tags?post=29660"}],"curies":[{"name":"wp","href":"https:\/\/api.w.org\/{rel}","templated":true}]}}