{"id":29823,"date":"2021-02-02T11:16:00","date_gmt":"2021-02-02T11:16:00","guid":{"rendered":"https:\/\/www.batxilleratgranes.com\/?p=29823"},"modified":"2021-02-08T11:18:31","modified_gmt":"2021-02-08T11:18:31","slug":"presentacio-del-pla-de-marqueting-de-crea-una-empresa-ii","status":"publish","type":"post","link":"https:\/\/www.batxilleratgranes.com\/es\/presentacio-del-pla-de-marqueting-de-crea-una-empresa-ii\/","title":{"rendered":"Presentaci\u00f3 del Pla de M\u00e0rqueting de Crea una Empresa II"},"content":{"rendered":"\n<p>Els alumnes de 2n de batxillerat de l&#8217;itinerari en <strong><a href=\"https:\/\/www.batxilleratgranes.com\/batxillerat-empresa-marqueting\">Empresa i M\u00e0rqueting<\/a><\/strong> van presentar el <strong>projecte<\/strong> que han portat a terme en aquest primer quadrimestre del curs sobre la creaci\u00f3 d&#8217;un <strong>Pla de M\u00e0rqueting<\/strong>.<\/p>\n\n\n\n<p>Organitzats en diferents grups, els alumnes van exposar als assistents les diferents parts del seu treball. En una primera <strong>introducci\u00f3<\/strong>, els nostres estudiants van realitzar la definici\u00f3 del projecte i del pla de m\u00e0rqueting, i van explicar com havia sigut l&#8217;organitzaci\u00f3 per avaluacions i els lliuraments de treballs.<\/p>\n\n\n\n<div class=\"wp-block-image\"><figure class=\"aligncenter size-large is-resized\"><a href=\"https:\/\/www.batxilleratgranes.com\/wp-content\/uploads\/2021\/02\/P2010279.jpg\"><img loading=\"lazy\" decoding=\"async\" src=\"https:\/\/www.batxilleratgranes.com\/wp-content\/uploads\/2021\/02\/P2010279-1024x768.jpg\" alt=\"\" class=\"wp-image-29836\" width=\"768\" height=\"576\" srcset=\"https:\/\/www.batxilleratgranes.com\/wp-content\/uploads\/2021\/02\/P2010279-1024x768.jpg 1024w, https:\/\/www.batxilleratgranes.com\/wp-content\/uploads\/2021\/02\/P2010279-300x225.jpg 300w, https:\/\/www.batxilleratgranes.com\/wp-content\/uploads\/2021\/02\/P2010279-768x576.jpg 768w, https:\/\/www.batxilleratgranes.com\/wp-content\/uploads\/2021\/02\/P2010279.jpg 1200w\" sizes=\"(max-width: 768px) 100vw, 768px\" \/><\/a><\/figure><\/div>\n\n\n\n<p>Un segon grup d&#8217;alumnes va fer refer\u00e8ncia al material de <strong>suport utilitzat<\/strong> en mat\u00e8ria d&#8217;<strong>economia i emprenedoria<\/strong>. Durant el projecte, els alumnes van poder accedir a material divers en format de v\u00eddeo, \u00e0udio o text per aprofundir en el seu aprenentatge. Anuncis com el d'&#8221;Env\u00e0s on vas&#8221; o el de Casa Tarradelles, l&#8217;\u00faltim d&#8217;ells protagonitzat pel nostre exalumne <strong><a href=\"https:\/\/www.batxilleratgranes.com\/aquest-anunci-ha-estat-la-meva-primera-feina-professional-com-a-actor-i-tambe-la-demostracio-que-els-esforcos-i-la-constancia-donen-el-seu-fruit.html\">Jan Serra<\/a><\/strong>, entrevistes a figures com Ken Robinson o Elsa Punset, divulgadora de l&#8217;Intel\u00b7lig\u00e8ncia emocional, o interessants videotutorials sobre la t\u00e8cnica de presentaci\u00f3 de l&#8217;<em>Elevator pitch<\/em> o els gestos clau en la comunicaci\u00f3 no verbal de Teresa Bar\u00f3 s\u00f3n nom\u00e9s una mostra del material de suport utilitzat en aquesta primera part del projecte.<\/p>\n\n\n\n<div class=\"wp-block-image\"><figure class=\"aligncenter size-large is-resized\"><a href=\"https:\/\/www.batxilleratgranes.com\/wp-content\/uploads\/2021\/02\/P2010297.jpg\"><img loading=\"lazy\" decoding=\"async\" src=\"https:\/\/www.batxilleratgranes.com\/wp-content\/uploads\/2021\/02\/P2010297-1024x768.jpg\" alt=\"\" class=\"wp-image-29830\" width=\"768\" height=\"576\" srcset=\"https:\/\/www.batxilleratgranes.com\/wp-content\/uploads\/2021\/02\/P2010297-1024x768.jpg 1024w, https:\/\/www.batxilleratgranes.com\/wp-content\/uploads\/2021\/02\/P2010297-300x225.jpg 300w, https:\/\/www.batxilleratgranes.com\/wp-content\/uploads\/2021\/02\/P2010297-768x576.jpg 768w, https:\/\/www.batxilleratgranes.com\/wp-content\/uploads\/2021\/02\/P2010297.jpg 1200w\" sizes=\"(max-width: 768px) 100vw, 768px\" \/><\/a><\/figure><\/div>\n\n\n\n<p>Un altre dels equips va presentar la <strong>fase inicial<\/strong> de l&#8217;elaboraci\u00f3 del <strong>Pla de M\u00e0rqueting<\/strong> per part dels quatre grups de classe. Aix\u00ed doncs, es van centrar en la identificaci\u00f3 de l&#8217;empresa, l&#8217;an\u00e0lisi del seu entorn, la descripci\u00f3 i utilitat del producte, la definici\u00f3 dels clients potencials i de la compet\u00e8ncia, la pol\u00edtica de comunicaci\u00f3, de distribuci\u00f3 i de preus. <\/p>\n\n\n\n<div class=\"wp-block-image\"><figure class=\"aligncenter size-large is-resized\"><a href=\"https:\/\/www.batxilleratgranes.com\/wp-content\/uploads\/2021\/02\/P2010437.jpg\"><img loading=\"lazy\" decoding=\"async\" src=\"https:\/\/www.batxilleratgranes.com\/wp-content\/uploads\/2021\/02\/P2010437-1024x768.jpg\" alt=\"\" class=\"wp-image-29832\" width=\"768\" height=\"576\" srcset=\"https:\/\/www.batxilleratgranes.com\/wp-content\/uploads\/2021\/02\/P2010437-1024x768.jpg 1024w, https:\/\/www.batxilleratgranes.com\/wp-content\/uploads\/2021\/02\/P2010437-300x225.jpg 300w, https:\/\/www.batxilleratgranes.com\/wp-content\/uploads\/2021\/02\/P2010437-768x576.jpg 768w, https:\/\/www.batxilleratgranes.com\/wp-content\/uploads\/2021\/02\/P2010437.jpg 1200w\" sizes=\"(max-width: 768px) 100vw, 768px\" \/><\/a><\/figure><\/div>\n\n\n\n<div class=\"wp-block-image\"><figure class=\"aligncenter size-large is-resized\"><a href=\"https:\/\/www.batxilleratgranes.com\/wp-content\/uploads\/2021\/02\/P2010516.jpg\"><img loading=\"lazy\" decoding=\"async\" src=\"https:\/\/www.batxilleratgranes.com\/wp-content\/uploads\/2021\/02\/P2010516-1024x768.jpg\" alt=\"\" class=\"wp-image-29838\" width=\"768\" height=\"576\" srcset=\"https:\/\/www.batxilleratgranes.com\/wp-content\/uploads\/2021\/02\/P2010516-1024x768.jpg 1024w, https:\/\/www.batxilleratgranes.com\/wp-content\/uploads\/2021\/02\/P2010516-300x225.jpg 300w, https:\/\/www.batxilleratgranes.com\/wp-content\/uploads\/2021\/02\/P2010516-768x576.jpg 768w, https:\/\/www.batxilleratgranes.com\/wp-content\/uploads\/2021\/02\/P2010516.jpg 1200w\" sizes=\"(max-width: 768px) 100vw, 768px\" \/><\/a><\/figure><\/div>\n\n\n\n<p>Per la seva banda, un \u00faltim grup va exposar la<strong> fase final<\/strong> d&#8217;aquesta part del projecte. Aquesta va consistir en l&#8217;<strong>elaboraci\u00f3 d&#8217;anuncis<\/strong>, tant d&#8217;un producte i franqu\u00edcia existent, com ara l&#8217;escuma de r\u00ednxols Pantene i Mercadona, com d&#8217;un producte nou, un depilador de celles de nom Wabe i una franqu\u00edcia nova, els supermercats Totexport. Tamb\u00e9 van presentar les <strong>principals<\/strong> <strong>dades de la campanya<\/strong> (logotip, esl\u00f2gan, personatges, mitjans emprats i temporitzaci\u00f3&#8230;) i van concloure amb una <strong>avaluaci\u00f3<\/strong> d&#8217;aquesta, realitzant una valoraci\u00f3 dels <strong>resultats obtinguts<\/strong>, aix\u00ed com modificacions i millores per a<strong> futures campanyes<\/strong>.<\/p>\n\n\n\n<div class=\"wp-block-image\"><figure class=\"aligncenter size-large is-resized\"><a href=\"https:\/\/www.batxilleratgranes.com\/wp-content\/uploads\/2021\/02\/IMG_20210201_124348-1.jpg\"><img loading=\"lazy\" decoding=\"async\" src=\"https:\/\/www.batxilleratgranes.com\/wp-content\/uploads\/2021\/02\/IMG_20210201_124348-1-1024x768.jpg\" alt=\"\" class=\"wp-image-29834\" width=\"768\" height=\"576\" srcset=\"https:\/\/www.batxilleratgranes.com\/wp-content\/uploads\/2021\/02\/IMG_20210201_124348-1-1024x768.jpg 1024w, https:\/\/www.batxilleratgranes.com\/wp-content\/uploads\/2021\/02\/IMG_20210201_124348-1-300x225.jpg 300w, https:\/\/www.batxilleratgranes.com\/wp-content\/uploads\/2021\/02\/IMG_20210201_124348-1-768x576.jpg 768w, https:\/\/www.batxilleratgranes.com\/wp-content\/uploads\/2021\/02\/IMG_20210201_124348-1.jpg 1200w\" sizes=\"(max-width: 768px) 100vw, 768px\" \/><\/a><\/figure><\/div>\n\n\n\n<p>La presentaci\u00f3 va ser seguida de forma telem\u00e0tica pels estudiants de primer de batxillerat del mateix itinerari, que, de ben segur, van prendre bona nota del treball que hauran de realitzar en el curs vinent. <\/p>\n\n\n\n<h4 class=\"has-text-align-center wp-block-heading\">Us felicitem a tots per la bona feina feta!<\/h4>\n\n\n\n<p><\/p>\n","protected":false},"excerpt":{"rendered":"<p>Els alumnes de 2n de batxillerat de l&#8217;itinerari en Empresa i M\u00e0rqueting van presentar el projecte que han portat a terme en aquest primer quadrimestre del curs sobre la creaci\u00f3 d&#8217;un Pla de M\u00e0rqueting. Organitzats en diferents grups, els alumnes van exposar als assistents les diferents parts del seu treball. En una primera introducci\u00f3, els&hellip;&nbsp;<a href=\"https:\/\/www.batxilleratgranes.com\/es\/presentacio-del-pla-de-marqueting-de-crea-una-empresa-ii\/\" class=\"\" rel=\"bookmark\">Read More &raquo;<span class=\"screen-reader-text\">Presentaci\u00f3 del Pla de M\u00e0rqueting de Crea una Empresa II<\/span><\/a><\/p>\n","protected":false},"author":5,"featured_media":29841,"comment_status":"open","ping_status":"open","sticky":false,"template":"","format":"standard","meta":{"neve_meta_sidebar":"","neve_meta_container":"","neve_meta_enable_content_width":"","neve_meta_content_width":0,"neve_meta_title_alignment":"","neve_meta_author_avatar":"","neve_post_elements_order":"","neve_meta_disable_header":"","neve_meta_disable_footer":"","neve_meta_disable_title":"","footnotes":""},"categories":[7],"tags":[],"class_list":["post-29823","post","type-post","status-publish","format-standard","has-post-thumbnail","hentry","category-centre-batxillerat-granes"],"yoast_head":"<!-- This site is optimized with the Yoast SEO plugin v23.4 - https:\/\/yoast.com\/wordpress\/plugins\/seo\/ -->\n<title>Presentaci\u00f3 del Pla de M\u00e0rqueting de Crea una Empresa II - Gran\u00e9s Batxillerat - Escuela especializada en Bachillerato en Barcelona<\/title>\n<meta name=\"robots\" content=\"index, follow, max-snippet:-1, max-image-preview:large, max-video-preview:-1\" \/>\n<link rel=\"canonical\" href=\"https:\/\/www.batxilleratgranes.com\/es\/presentacio-del-pla-de-marqueting-de-crea-una-empresa-ii\/\" \/>\n<meta property=\"og:locale\" content=\"es_ES\" \/>\n<meta property=\"og:type\" content=\"article\" \/>\n<meta property=\"og:title\" content=\"Presentaci\u00f3 del Pla de M\u00e0rqueting de Crea una Empresa II - Gran\u00e9s Batxillerat - Escuela especializada en Bachillerato en Barcelona\" \/>\n<meta property=\"og:description\" content=\"Els alumnes de 2n de batxillerat de l&#8217;itinerari en Empresa i M\u00e0rqueting van presentar el projecte que han portat a terme en aquest primer quadrimestre del curs sobre la creaci\u00f3 d&#8217;un Pla de M\u00e0rqueting. Organitzats en diferents grups, els alumnes van exposar als assistents les diferents parts del seu treball. En una primera introducci\u00f3, els&hellip;&nbsp;Read More &raquo;Presentaci\u00f3 del Pla de M\u00e0rqueting de Crea una Empresa II\" \/>\n<meta property=\"og:url\" content=\"https:\/\/www.batxilleratgranes.com\/es\/presentacio-del-pla-de-marqueting-de-crea-una-empresa-ii\/\" \/>\n<meta property=\"og:site_name\" content=\"Gran\u00e9s Batxillerat - Escuela especializada en Bachillerato en Barcelona\" \/>\n<meta property=\"article:published_time\" content=\"2021-02-02T11:16:00+00:00\" \/>\n<meta property=\"article:modified_time\" content=\"2021-02-08T11:18:31+00:00\" \/>\n<meta property=\"og:image\" content=\"https:\/\/www.batxilleratgranes.com\/wp-content\/uploads\/2021\/02\/IMG_20210201_124042.jpg\" \/>\n\t<meta property=\"og:image:width\" content=\"1200\" \/>\n\t<meta property=\"og:image:height\" content=\"900\" \/>\n\t<meta property=\"og:image:type\" content=\"image\/jpeg\" \/>\n<meta name=\"author\" content=\"mireia.martinez\" \/>\n<meta name=\"twitter:card\" content=\"summary_large_image\" \/>\n<meta name=\"twitter:label1\" content=\"Written by\" \/>\n\t<meta name=\"twitter:data1\" content=\"mireia.martinez\" \/>\n\t<meta name=\"twitter:label2\" content=\"Est. reading time\" \/>\n\t<meta name=\"twitter:data2\" content=\"2 minutes\" \/>\n<script type=\"application\/ld+json\" class=\"yoast-schema-graph\">{\"@context\":\"https:\/\/schema.org\",\"@graph\":[{\"@type\":\"Article\",\"@id\":\"https:\/\/www.batxilleratgranes.com\/es\/presentacio-del-pla-de-marqueting-de-crea-una-empresa-ii\/#article\",\"isPartOf\":{\"@id\":\"https:\/\/www.batxilleratgranes.com\/es\/presentacio-del-pla-de-marqueting-de-crea-una-empresa-ii\/\"},\"author\":{\"name\":\"mireia.martinez\",\"@id\":\"https:\/\/www.batxilleratgranes.com\/es\/#\/schema\/person\/4e10f231f79e8e2d24629e02b8283201\"},\"headline\":\"Presentaci\u00f3 del Pla de M\u00e0rqueting de Crea una Empresa II\",\"datePublished\":\"2021-02-02T11:16:00+00:00\",\"dateModified\":\"2021-02-08T11:18:31+00:00\",\"mainEntityOfPage\":{\"@id\":\"https:\/\/www.batxilleratgranes.com\/es\/presentacio-del-pla-de-marqueting-de-crea-una-empresa-ii\/\"},\"wordCount\":441,\"commentCount\":0,\"publisher\":{\"@id\":\"https:\/\/www.batxilleratgranes.com\/es\/#organization\"},\"image\":{\"@id\":\"https:\/\/www.batxilleratgranes.com\/es\/presentacio-del-pla-de-marqueting-de-crea-una-empresa-ii\/#primaryimage\"},\"thumbnailUrl\":\"https:\/\/www.batxilleratgranes.com\/wp-content\/uploads\/2021\/02\/IMG_20210201_124042.jpg\",\"articleSection\":[\"Activitats Gran\u00e9s\"],\"inLanguage\":\"es\",\"potentialAction\":[{\"@type\":\"CommentAction\",\"name\":\"Comment\",\"target\":[\"https:\/\/www.batxilleratgranes.com\/es\/presentacio-del-pla-de-marqueting-de-crea-una-empresa-ii\/#respond\"]}]},{\"@type\":\"WebPage\",\"@id\":\"https:\/\/www.batxilleratgranes.com\/es\/presentacio-del-pla-de-marqueting-de-crea-una-empresa-ii\/\",\"url\":\"https:\/\/www.batxilleratgranes.com\/es\/presentacio-del-pla-de-marqueting-de-crea-una-empresa-ii\/\",\"name\":\"Presentaci\u00f3 del Pla de M\u00e0rqueting de Crea una Empresa II - Gran\u00e9s Batxillerat - Escuela especializada en Bachillerato en Barcelona\",\"isPartOf\":{\"@id\":\"https:\/\/www.batxilleratgranes.com\/es\/#website\"},\"primaryImageOfPage\":{\"@id\":\"https:\/\/www.batxilleratgranes.com\/es\/presentacio-del-pla-de-marqueting-de-crea-una-empresa-ii\/#primaryimage\"},\"image\":{\"@id\":\"https:\/\/www.batxilleratgranes.com\/es\/presentacio-del-pla-de-marqueting-de-crea-una-empresa-ii\/#primaryimage\"},\"thumbnailUrl\":\"https:\/\/www.batxilleratgranes.com\/wp-content\/uploads\/2021\/02\/IMG_20210201_124042.jpg\",\"datePublished\":\"2021-02-02T11:16:00+00:00\",\"dateModified\":\"2021-02-08T11:18:31+00:00\",\"breadcrumb\":{\"@id\":\"https:\/\/www.batxilleratgranes.com\/es\/presentacio-del-pla-de-marqueting-de-crea-una-empresa-ii\/#breadcrumb\"},\"inLanguage\":\"es\",\"potentialAction\":[{\"@type\":\"ReadAction\",\"target\":[\"https:\/\/www.batxilleratgranes.com\/es\/presentacio-del-pla-de-marqueting-de-crea-una-empresa-ii\/\"]}]},{\"@type\":\"ImageObject\",\"inLanguage\":\"es\",\"@id\":\"https:\/\/www.batxilleratgranes.com\/es\/presentacio-del-pla-de-marqueting-de-crea-una-empresa-ii\/#primaryimage\",\"url\":\"https:\/\/www.batxilleratgranes.com\/wp-content\/uploads\/2021\/02\/IMG_20210201_124042.jpg\",\"contentUrl\":\"https:\/\/www.batxilleratgranes.com\/wp-content\/uploads\/2021\/02\/IMG_20210201_124042.jpg\",\"width\":1200,\"height\":900,\"caption\":\"Presentaci\u00f3 del Pla de M\u00e0rqueting de Crea una empresa II\"},{\"@type\":\"BreadcrumbList\",\"@id\":\"https:\/\/www.batxilleratgranes.com\/es\/presentacio-del-pla-de-marqueting-de-crea-una-empresa-ii\/#breadcrumb\",\"itemListElement\":[{\"@type\":\"ListItem\",\"position\":1,\"name\":\"Inici\",\"item\":\"https:\/\/www.batxilleratgranes.com\/es\/\"},{\"@type\":\"ListItem\",\"position\":2,\"name\":\"Presentaci\u00f3 del Pla de M\u00e0rqueting de Crea una Empresa II\"}]},{\"@type\":\"WebSite\",\"@id\":\"https:\/\/www.batxilleratgranes.com\/es\/#website\",\"url\":\"https:\/\/www.batxilleratgranes.com\/es\/\",\"name\":\"Gran\u00e9s Batxillerat - Escuela especializada en Bachillerato en Barcelona\",\"description\":\"Escola especialitzada en Batxillerat a Barcelona\",\"publisher\":{\"@id\":\"https:\/\/www.batxilleratgranes.com\/es\/#organization\"},\"potentialAction\":[{\"@type\":\"SearchAction\",\"target\":{\"@type\":\"EntryPoint\",\"urlTemplate\":\"https:\/\/www.batxilleratgranes.com\/es\/?s={search_term_string}\"},\"query-input\":{\"@type\":\"PropertyValueSpecification\",\"valueRequired\":true,\"valueName\":\"search_term_string\"}}],\"inLanguage\":\"es\"},{\"@type\":\"Organization\",\"@id\":\"https:\/\/www.batxilleratgranes.com\/es\/#organization\",\"name\":\"Gran\u00e9s Batxillerat - Escuela especializada en Bachillerato en Barcelona\",\"url\":\"https:\/\/www.batxilleratgranes.com\/es\/\",\"logo\":{\"@type\":\"ImageObject\",\"inLanguage\":\"es\",\"@id\":\"https:\/\/www.batxilleratgranes.com\/es\/#\/schema\/logo\/image\/\",\"url\":\"https:\/\/www.batxilleratgranes.com\/wp-content\/uploads\/2013\/01\/granes1.png\",\"contentUrl\":\"https:\/\/www.batxilleratgranes.com\/wp-content\/uploads\/2013\/01\/granes1.png\",\"width\":292,\"height\":85,\"caption\":\"Gran\u00e9s Batxillerat - Escuela especializada en Bachillerato en Barcelona\"},\"image\":{\"@id\":\"https:\/\/www.batxilleratgranes.com\/es\/#\/schema\/logo\/image\/\"}},{\"@type\":\"Person\",\"@id\":\"https:\/\/www.batxilleratgranes.com\/es\/#\/schema\/person\/4e10f231f79e8e2d24629e02b8283201\",\"name\":\"mireia.martinez\",\"image\":{\"@type\":\"ImageObject\",\"inLanguage\":\"es\",\"@id\":\"https:\/\/www.batxilleratgranes.com\/es\/#\/schema\/person\/image\/\",\"url\":\"https:\/\/secure.gravatar.com\/avatar\/8c952e346979fb1eaf89bbc4dfda29f0?s=96&d=mm&r=g\",\"contentUrl\":\"https:\/\/secure.gravatar.com\/avatar\/8c952e346979fb1eaf89bbc4dfda29f0?s=96&d=mm&r=g\",\"caption\":\"mireia.martinez\"},\"url\":\"https:\/\/www.batxilleratgranes.com\/es\/author\/mireia-martinez\/\"}]}<\/script>\n<!-- \/ Yoast SEO plugin. -->","yoast_head_json":{"title":"Presentaci\u00f3 del Pla de M\u00e0rqueting de Crea una Empresa II - Gran\u00e9s Batxillerat - Escuela especializada en Bachillerato en Barcelona","robots":{"index":"index","follow":"follow","max-snippet":"max-snippet:-1","max-image-preview":"max-image-preview:large","max-video-preview":"max-video-preview:-1"},"canonical":"https:\/\/www.batxilleratgranes.com\/es\/presentacio-del-pla-de-marqueting-de-crea-una-empresa-ii\/","og_locale":"es_ES","og_type":"article","og_title":"Presentaci\u00f3 del Pla de M\u00e0rqueting de Crea una Empresa II - Gran\u00e9s Batxillerat - Escuela especializada en Bachillerato en Barcelona","og_description":"Els alumnes de 2n de batxillerat de l&#8217;itinerari en Empresa i M\u00e0rqueting van presentar el projecte que han portat a terme en aquest primer quadrimestre del curs sobre la creaci\u00f3 d&#8217;un Pla de M\u00e0rqueting. Organitzats en diferents grups, els alumnes van exposar als assistents les diferents parts del seu treball. En una primera introducci\u00f3, els&hellip;&nbsp;Read More &raquo;Presentaci\u00f3 del Pla de M\u00e0rqueting de Crea una Empresa II","og_url":"https:\/\/www.batxilleratgranes.com\/es\/presentacio-del-pla-de-marqueting-de-crea-una-empresa-ii\/","og_site_name":"Gran\u00e9s Batxillerat - Escuela especializada en Bachillerato en Barcelona","article_published_time":"2021-02-02T11:16:00+00:00","article_modified_time":"2021-02-08T11:18:31+00:00","og_image":[{"width":1200,"height":900,"url":"https:\/\/www.batxilleratgranes.com\/wp-content\/uploads\/2021\/02\/IMG_20210201_124042.jpg","type":"image\/jpeg"}],"author":"mireia.martinez","twitter_card":"summary_large_image","twitter_misc":{"Written by":"mireia.martinez","Est. reading time":"2 minutes"},"schema":{"@context":"https:\/\/schema.org","@graph":[{"@type":"Article","@id":"https:\/\/www.batxilleratgranes.com\/es\/presentacio-del-pla-de-marqueting-de-crea-una-empresa-ii\/#article","isPartOf":{"@id":"https:\/\/www.batxilleratgranes.com\/es\/presentacio-del-pla-de-marqueting-de-crea-una-empresa-ii\/"},"author":{"name":"mireia.martinez","@id":"https:\/\/www.batxilleratgranes.com\/es\/#\/schema\/person\/4e10f231f79e8e2d24629e02b8283201"},"headline":"Presentaci\u00f3 del Pla de M\u00e0rqueting de Crea una Empresa II","datePublished":"2021-02-02T11:16:00+00:00","dateModified":"2021-02-08T11:18:31+00:00","mainEntityOfPage":{"@id":"https:\/\/www.batxilleratgranes.com\/es\/presentacio-del-pla-de-marqueting-de-crea-una-empresa-ii\/"},"wordCount":441,"commentCount":0,"publisher":{"@id":"https:\/\/www.batxilleratgranes.com\/es\/#organization"},"image":{"@id":"https:\/\/www.batxilleratgranes.com\/es\/presentacio-del-pla-de-marqueting-de-crea-una-empresa-ii\/#primaryimage"},"thumbnailUrl":"https:\/\/www.batxilleratgranes.com\/wp-content\/uploads\/2021\/02\/IMG_20210201_124042.jpg","articleSection":["Activitats Gran\u00e9s"],"inLanguage":"es","potentialAction":[{"@type":"CommentAction","name":"Comment","target":["https:\/\/www.batxilleratgranes.com\/es\/presentacio-del-pla-de-marqueting-de-crea-una-empresa-ii\/#respond"]}]},{"@type":"WebPage","@id":"https:\/\/www.batxilleratgranes.com\/es\/presentacio-del-pla-de-marqueting-de-crea-una-empresa-ii\/","url":"https:\/\/www.batxilleratgranes.com\/es\/presentacio-del-pla-de-marqueting-de-crea-una-empresa-ii\/","name":"Presentaci\u00f3 del Pla de M\u00e0rqueting de Crea una Empresa II - Gran\u00e9s Batxillerat - Escuela especializada en Bachillerato en Barcelona","isPartOf":{"@id":"https:\/\/www.batxilleratgranes.com\/es\/#website"},"primaryImageOfPage":{"@id":"https:\/\/www.batxilleratgranes.com\/es\/presentacio-del-pla-de-marqueting-de-crea-una-empresa-ii\/#primaryimage"},"image":{"@id":"https:\/\/www.batxilleratgranes.com\/es\/presentacio-del-pla-de-marqueting-de-crea-una-empresa-ii\/#primaryimage"},"thumbnailUrl":"https:\/\/www.batxilleratgranes.com\/wp-content\/uploads\/2021\/02\/IMG_20210201_124042.jpg","datePublished":"2021-02-02T11:16:00+00:00","dateModified":"2021-02-08T11:18:31+00:00","breadcrumb":{"@id":"https:\/\/www.batxilleratgranes.com\/es\/presentacio-del-pla-de-marqueting-de-crea-una-empresa-ii\/#breadcrumb"},"inLanguage":"es","potentialAction":[{"@type":"ReadAction","target":["https:\/\/www.batxilleratgranes.com\/es\/presentacio-del-pla-de-marqueting-de-crea-una-empresa-ii\/"]}]},{"@type":"ImageObject","inLanguage":"es","@id":"https:\/\/www.batxilleratgranes.com\/es\/presentacio-del-pla-de-marqueting-de-crea-una-empresa-ii\/#primaryimage","url":"https:\/\/www.batxilleratgranes.com\/wp-content\/uploads\/2021\/02\/IMG_20210201_124042.jpg","contentUrl":"https:\/\/www.batxilleratgranes.com\/wp-content\/uploads\/2021\/02\/IMG_20210201_124042.jpg","width":1200,"height":900,"caption":"Presentaci\u00f3 del Pla de M\u00e0rqueting de Crea una empresa II"},{"@type":"BreadcrumbList","@id":"https:\/\/www.batxilleratgranes.com\/es\/presentacio-del-pla-de-marqueting-de-crea-una-empresa-ii\/#breadcrumb","itemListElement":[{"@type":"ListItem","position":1,"name":"Inici","item":"https:\/\/www.batxilleratgranes.com\/es\/"},{"@type":"ListItem","position":2,"name":"Presentaci\u00f3 del Pla de M\u00e0rqueting de Crea una Empresa II"}]},{"@type":"WebSite","@id":"https:\/\/www.batxilleratgranes.com\/es\/#website","url":"https:\/\/www.batxilleratgranes.com\/es\/","name":"Gran\u00e9s Batxillerat - Escuela especializada en Bachillerato en Barcelona","description":"Escola especialitzada en Batxillerat a Barcelona","publisher":{"@id":"https:\/\/www.batxilleratgranes.com\/es\/#organization"},"potentialAction":[{"@type":"SearchAction","target":{"@type":"EntryPoint","urlTemplate":"https:\/\/www.batxilleratgranes.com\/es\/?s={search_term_string}"},"query-input":{"@type":"PropertyValueSpecification","valueRequired":true,"valueName":"search_term_string"}}],"inLanguage":"es"},{"@type":"Organization","@id":"https:\/\/www.batxilleratgranes.com\/es\/#organization","name":"Gran\u00e9s Batxillerat - Escuela especializada en Bachillerato en Barcelona","url":"https:\/\/www.batxilleratgranes.com\/es\/","logo":{"@type":"ImageObject","inLanguage":"es","@id":"https:\/\/www.batxilleratgranes.com\/es\/#\/schema\/logo\/image\/","url":"https:\/\/www.batxilleratgranes.com\/wp-content\/uploads\/2013\/01\/granes1.png","contentUrl":"https:\/\/www.batxilleratgranes.com\/wp-content\/uploads\/2013\/01\/granes1.png","width":292,"height":85,"caption":"Gran\u00e9s Batxillerat - Escuela especializada en Bachillerato en Barcelona"},"image":{"@id":"https:\/\/www.batxilleratgranes.com\/es\/#\/schema\/logo\/image\/"}},{"@type":"Person","@id":"https:\/\/www.batxilleratgranes.com\/es\/#\/schema\/person\/4e10f231f79e8e2d24629e02b8283201","name":"mireia.martinez","image":{"@type":"ImageObject","inLanguage":"es","@id":"https:\/\/www.batxilleratgranes.com\/es\/#\/schema\/person\/image\/","url":"https:\/\/secure.gravatar.com\/avatar\/8c952e346979fb1eaf89bbc4dfda29f0?s=96&d=mm&r=g","contentUrl":"https:\/\/secure.gravatar.com\/avatar\/8c952e346979fb1eaf89bbc4dfda29f0?s=96&d=mm&r=g","caption":"mireia.martinez"},"url":"https:\/\/www.batxilleratgranes.com\/es\/author\/mireia-martinez\/"}]}},"_links":{"self":[{"href":"https:\/\/www.batxilleratgranes.com\/es\/wp-json\/wp\/v2\/posts\/29823"}],"collection":[{"href":"https:\/\/www.batxilleratgranes.com\/es\/wp-json\/wp\/v2\/posts"}],"about":[{"href":"https:\/\/www.batxilleratgranes.com\/es\/wp-json\/wp\/v2\/types\/post"}],"author":[{"embeddable":true,"href":"https:\/\/www.batxilleratgranes.com\/es\/wp-json\/wp\/v2\/users\/5"}],"replies":[{"embeddable":true,"href":"https:\/\/www.batxilleratgranes.com\/es\/wp-json\/wp\/v2\/comments?post=29823"}],"version-history":[{"count":2,"href":"https:\/\/www.batxilleratgranes.com\/es\/wp-json\/wp\/v2\/posts\/29823\/revisions"}],"predecessor-version":[{"id":29843,"href":"https:\/\/www.batxilleratgranes.com\/es\/wp-json\/wp\/v2\/posts\/29823\/revisions\/29843"}],"wp:featuredmedia":[{"embeddable":true,"href":"https:\/\/www.batxilleratgranes.com\/es\/wp-json\/wp\/v2\/media\/29841"}],"wp:attachment":[{"href":"https:\/\/www.batxilleratgranes.com\/es\/wp-json\/wp\/v2\/media?parent=29823"}],"wp:term":[{"taxonomy":"category","embeddable":true,"href":"https:\/\/www.batxilleratgranes.com\/es\/wp-json\/wp\/v2\/categories?post=29823"},{"taxonomy":"post_tag","embeddable":true,"href":"https:\/\/www.batxilleratgranes.com\/es\/wp-json\/wp\/v2\/tags?post=29823"}],"curies":[{"name":"wp","href":"https:\/\/api.w.org\/{rel}","templated":true}]}}