{"id":30089,"date":"2021-02-16T12:03:00","date_gmt":"2021-02-16T12:03:00","guid":{"rendered":"https:\/\/www.batxilleratgranes.com\/?p=30089"},"modified":"2021-03-12T11:03:08","modified_gmt":"2021-03-12T11:03:08","slug":"sonem-a-la-radio-2","status":"publish","type":"post","link":"https:\/\/www.batxilleratgranes.com\/es\/sonem-a-la-radio-2\/","title":{"rendered":"Sonem a la r\u00e0dio!"},"content":{"rendered":"\n<p>Des d\u2019avui&nbsp;<a href=\"https:\/\/www.batxilleratgranes.com\/\"><strong>Gran\u00e9s Batxillerat<\/strong>&nbsp;<\/a>est\u00e0 sonant a&nbsp;<strong>R\u00e0dio Flaixbac<\/strong>&nbsp;i&nbsp;<strong>Flaix FM<\/strong>. L&#8217;Aina i el Jordi, estudiants de segon de batxillerat, i l&#8217;Eli i el Nil, antics alumnes de l&#8217;escola, s\u00f3n protagonistes de dos anuncis sobre el nostre centre. En el primer, els alumnes parlen sobre el nostre batxillerat per projectes, el nostre sistema de <strong>8 avaluacions <\/strong>que els permet organitzar-se millor i la nostra oferta d&#8217;itineraris per impulsar tot el teu talent: <strong><a href=\"https:\/\/www.batxilleratgranes.com\/batxillerat-tecnologia\">Noves Tecnologies Interactives<\/a><\/strong>, <strong><a href=\"https:\/\/www.batxilleratgranes.com\/batxillerat-ciencies-salut\">Ci\u00e8ncies de la Salut<\/a><\/strong>, <strong><a href=\"https:\/\/www.batxilleratgranes.com\/batxillerat-empresa-marqueting\">Empresa i M\u00e0rqueting<\/a><\/strong>, <strong><a href=\"https:\/\/www.batxilleratgranes.com\/batxillerat-comunicacio-periodisme\">Comunicaci\u00f3 i Periodisme <\/a><\/strong>i <strong><a href=\"https:\/\/www.batxilleratgranes.com\/batxillerat-arts-esceniques\">Arts Esc\u00e8niques<\/a><\/strong>.<\/p>\n\n\n\n<p>El segon anunci es centra en el nostre itinerari en<strong> <a href=\"https:\/\/www.batxilleratgranes.com\/batxillerat-tecnologia\">Noves Tecnologies Interactives<\/a><\/strong>, el primer batxillerat especialitzat d&#8217;aquest tipus a Catalunya, nom\u00e9s per a apassionats de les noves tecnologies i els videojocs. <\/p>\n\n\n\n<p>No ens heu escoltat encara? Doncs aqu\u00ed teniu les dues falques!  <\/p>\n\n\n\n<ul class=\"wp-block-list\"><li><a href=\"https:\/\/www.batxilleratgranes.com\/wp-content\/uploads\/2020\/02\/granes-batxillerat-200252.mp3\">Falca 1<\/a><\/li><li><a href=\"https:\/\/www.batxilleratgranes.com\/wp-content\/uploads\/2020\/02\/granes-batxillerat-200253-1.mp3\">Falca 2<\/a><\/li><\/ul>\n\n\n\n<p><\/p>\n\n\n\n<p><\/p>\n","protected":false},"excerpt":{"rendered":"<p>Des d\u2019avui&nbsp;Gran\u00e9s Batxillerat&nbsp;est\u00e0 sonant a&nbsp;R\u00e0dio Flaixbac&nbsp;i&nbsp;Flaix FM. L&#8217;Aina i el Jordi, estudiants de segon de batxillerat, i l&#8217;Eli i el Nil, antics alumnes de l&#8217;escola, s\u00f3n protagonistes de dos anuncis sobre el nostre centre. En el primer, els alumnes parlen sobre el nostre batxillerat per projectes, el nostre sistema de 8 avaluacions que els permet&hellip;&nbsp;<a href=\"https:\/\/www.batxilleratgranes.com\/es\/sonem-a-la-radio-2\/\" class=\"\" rel=\"bookmark\">Read More &raquo;<span class=\"screen-reader-text\">Sonem a la r\u00e0dio!<\/span><\/a><\/p>\n","protected":false},"author":5,"featured_media":30100,"comment_status":"open","ping_status":"open","sticky":false,"template":"","format":"standard","meta":{"neve_meta_sidebar":"","neve_meta_container":"","neve_meta_enable_content_width":"","neve_meta_content_width":0,"neve_meta_title_alignment":"","neve_meta_author_avatar":"","neve_post_elements_order":"","neve_meta_disable_header":"","neve_meta_disable_footer":"","neve_meta_disable_title":"","footnotes":""},"categories":[7],"tags":[],"class_list":["post-30089","post","type-post","status-publish","format-standard","has-post-thumbnail","hentry","category-centre-batxillerat-granes"],"yoast_head":"<!-- This site is optimized with the Yoast SEO plugin v23.4 - https:\/\/yoast.com\/wordpress\/plugins\/seo\/ -->\n<title>Sonem a la r\u00e0dio! - Gran\u00e9s Batxillerat - Escuela especializada en Bachillerato en Barcelona<\/title>\n<meta name=\"robots\" content=\"index, follow, max-snippet:-1, max-image-preview:large, max-video-preview:-1\" \/>\n<link rel=\"canonical\" href=\"https:\/\/www.batxilleratgranes.com\/es\/sonem-a-la-radio-2\/\" \/>\n<meta property=\"og:locale\" content=\"es_ES\" \/>\n<meta property=\"og:type\" content=\"article\" \/>\n<meta property=\"og:title\" content=\"Sonem a la r\u00e0dio! - Gran\u00e9s Batxillerat - Escuela especializada en Bachillerato en Barcelona\" \/>\n<meta property=\"og:description\" content=\"Des d\u2019avui&nbsp;Gran\u00e9s Batxillerat&nbsp;est\u00e0 sonant a&nbsp;R\u00e0dio Flaixbac&nbsp;i&nbsp;Flaix FM. L&#8217;Aina i el Jordi, estudiants de segon de batxillerat, i l&#8217;Eli i el Nil, antics alumnes de l&#8217;escola, s\u00f3n protagonistes de dos anuncis sobre el nostre centre. En el primer, els alumnes parlen sobre el nostre batxillerat per projectes, el nostre sistema de 8 avaluacions que els permet&hellip;&nbsp;Read More &raquo;Sonem a la r\u00e0dio!\" \/>\n<meta property=\"og:url\" content=\"https:\/\/www.batxilleratgranes.com\/es\/sonem-a-la-radio-2\/\" \/>\n<meta property=\"og:site_name\" content=\"Gran\u00e9s Batxillerat - Escuela especializada en Bachillerato en Barcelona\" \/>\n<meta property=\"article:published_time\" content=\"2021-02-16T12:03:00+00:00\" \/>\n<meta property=\"article:modified_time\" content=\"2021-03-12T11:03:08+00:00\" \/>\n<meta property=\"og:image\" content=\"https:\/\/www.batxilleratgranes.com\/wp-content\/uploads\/2021\/02\/Copia-de-Moltes-gracies-400-seguidors.jpg\" \/>\n\t<meta property=\"og:image:width\" content=\"940\" \/>\n\t<meta property=\"og:image:height\" content=\"788\" \/>\n\t<meta property=\"og:image:type\" content=\"image\/jpeg\" \/>\n<meta name=\"author\" content=\"mireia.martinez\" \/>\n<meta name=\"twitter:card\" content=\"summary_large_image\" \/>\n<meta name=\"twitter:label1\" content=\"Written by\" \/>\n\t<meta name=\"twitter:data1\" content=\"mireia.martinez\" \/>\n\t<meta name=\"twitter:label2\" content=\"Est. reading time\" \/>\n\t<meta name=\"twitter:data2\" content=\"1 minute\" \/>\n<script type=\"application\/ld+json\" class=\"yoast-schema-graph\">{\"@context\":\"https:\/\/schema.org\",\"@graph\":[{\"@type\":\"Article\",\"@id\":\"https:\/\/www.batxilleratgranes.com\/es\/sonem-a-la-radio-2\/#article\",\"isPartOf\":{\"@id\":\"https:\/\/www.batxilleratgranes.com\/es\/sonem-a-la-radio-2\/\"},\"author\":{\"name\":\"mireia.martinez\",\"@id\":\"https:\/\/www.batxilleratgranes.com\/es\/#\/schema\/person\/4e10f231f79e8e2d24629e02b8283201\"},\"headline\":\"Sonem a la r\u00e0dio!\",\"datePublished\":\"2021-02-16T12:03:00+00:00\",\"dateModified\":\"2021-03-12T11:03:08+00:00\",\"mainEntityOfPage\":{\"@id\":\"https:\/\/www.batxilleratgranes.com\/es\/sonem-a-la-radio-2\/\"},\"wordCount\":156,\"commentCount\":0,\"publisher\":{\"@id\":\"https:\/\/www.batxilleratgranes.com\/es\/#organization\"},\"image\":{\"@id\":\"https:\/\/www.batxilleratgranes.com\/es\/sonem-a-la-radio-2\/#primaryimage\"},\"thumbnailUrl\":\"https:\/\/www.batxilleratgranes.com\/wp-content\/uploads\/2021\/02\/Copia-de-Moltes-gracies-400-seguidors.jpg\",\"articleSection\":[\"Activitats Gran\u00e9s\"],\"inLanguage\":\"es\",\"potentialAction\":[{\"@type\":\"CommentAction\",\"name\":\"Comment\",\"target\":[\"https:\/\/www.batxilleratgranes.com\/es\/sonem-a-la-radio-2\/#respond\"]}]},{\"@type\":\"WebPage\",\"@id\":\"https:\/\/www.batxilleratgranes.com\/es\/sonem-a-la-radio-2\/\",\"url\":\"https:\/\/www.batxilleratgranes.com\/es\/sonem-a-la-radio-2\/\",\"name\":\"Sonem a la r\u00e0dio! - Gran\u00e9s Batxillerat - Escuela especializada en Bachillerato en Barcelona\",\"isPartOf\":{\"@id\":\"https:\/\/www.batxilleratgranes.com\/es\/#website\"},\"primaryImageOfPage\":{\"@id\":\"https:\/\/www.batxilleratgranes.com\/es\/sonem-a-la-radio-2\/#primaryimage\"},\"image\":{\"@id\":\"https:\/\/www.batxilleratgranes.com\/es\/sonem-a-la-radio-2\/#primaryimage\"},\"thumbnailUrl\":\"https:\/\/www.batxilleratgranes.com\/wp-content\/uploads\/2021\/02\/Copia-de-Moltes-gracies-400-seguidors.jpg\",\"datePublished\":\"2021-02-16T12:03:00+00:00\",\"dateModified\":\"2021-03-12T11:03:08+00:00\",\"breadcrumb\":{\"@id\":\"https:\/\/www.batxilleratgranes.com\/es\/sonem-a-la-radio-2\/#breadcrumb\"},\"inLanguage\":\"es\",\"potentialAction\":[{\"@type\":\"ReadAction\",\"target\":[\"https:\/\/www.batxilleratgranes.com\/es\/sonem-a-la-radio-2\/\"]}]},{\"@type\":\"ImageObject\",\"inLanguage\":\"es\",\"@id\":\"https:\/\/www.batxilleratgranes.com\/es\/sonem-a-la-radio-2\/#primaryimage\",\"url\":\"https:\/\/www.batxilleratgranes.com\/wp-content\/uploads\/2021\/02\/Copia-de-Moltes-gracies-400-seguidors.jpg\",\"contentUrl\":\"https:\/\/www.batxilleratgranes.com\/wp-content\/uploads\/2021\/02\/Copia-de-Moltes-gracies-400-seguidors.jpg\",\"width\":940,\"height\":788},{\"@type\":\"BreadcrumbList\",\"@id\":\"https:\/\/www.batxilleratgranes.com\/es\/sonem-a-la-radio-2\/#breadcrumb\",\"itemListElement\":[{\"@type\":\"ListItem\",\"position\":1,\"name\":\"Inici\",\"item\":\"https:\/\/www.batxilleratgranes.com\/es\/\"},{\"@type\":\"ListItem\",\"position\":2,\"name\":\"Sonem a la r\u00e0dio!\"}]},{\"@type\":\"WebSite\",\"@id\":\"https:\/\/www.batxilleratgranes.com\/es\/#website\",\"url\":\"https:\/\/www.batxilleratgranes.com\/es\/\",\"name\":\"Gran\u00e9s Batxillerat - Escuela especializada en Bachillerato en Barcelona\",\"description\":\"Escola especialitzada en Batxillerat a Barcelona\",\"publisher\":{\"@id\":\"https:\/\/www.batxilleratgranes.com\/es\/#organization\"},\"potentialAction\":[{\"@type\":\"SearchAction\",\"target\":{\"@type\":\"EntryPoint\",\"urlTemplate\":\"https:\/\/www.batxilleratgranes.com\/es\/?s={search_term_string}\"},\"query-input\":{\"@type\":\"PropertyValueSpecification\",\"valueRequired\":true,\"valueName\":\"search_term_string\"}}],\"inLanguage\":\"es\"},{\"@type\":\"Organization\",\"@id\":\"https:\/\/www.batxilleratgranes.com\/es\/#organization\",\"name\":\"Gran\u00e9s Batxillerat - Escuela especializada en Bachillerato en Barcelona\",\"url\":\"https:\/\/www.batxilleratgranes.com\/es\/\",\"logo\":{\"@type\":\"ImageObject\",\"inLanguage\":\"es\",\"@id\":\"https:\/\/www.batxilleratgranes.com\/es\/#\/schema\/logo\/image\/\",\"url\":\"https:\/\/www.batxilleratgranes.com\/wp-content\/uploads\/2013\/01\/granes1.png\",\"contentUrl\":\"https:\/\/www.batxilleratgranes.com\/wp-content\/uploads\/2013\/01\/granes1.png\",\"width\":292,\"height\":85,\"caption\":\"Gran\u00e9s Batxillerat - Escuela especializada en Bachillerato en Barcelona\"},\"image\":{\"@id\":\"https:\/\/www.batxilleratgranes.com\/es\/#\/schema\/logo\/image\/\"}},{\"@type\":\"Person\",\"@id\":\"https:\/\/www.batxilleratgranes.com\/es\/#\/schema\/person\/4e10f231f79e8e2d24629e02b8283201\",\"name\":\"mireia.martinez\",\"image\":{\"@type\":\"ImageObject\",\"inLanguage\":\"es\",\"@id\":\"https:\/\/www.batxilleratgranes.com\/es\/#\/schema\/person\/image\/\",\"url\":\"https:\/\/secure.gravatar.com\/avatar\/8c952e346979fb1eaf89bbc4dfda29f0?s=96&d=mm&r=g\",\"contentUrl\":\"https:\/\/secure.gravatar.com\/avatar\/8c952e346979fb1eaf89bbc4dfda29f0?s=96&d=mm&r=g\",\"caption\":\"mireia.martinez\"},\"url\":\"https:\/\/www.batxilleratgranes.com\/es\/author\/mireia-martinez\/\"}]}<\/script>\n<!-- \/ Yoast SEO plugin. -->","yoast_head_json":{"title":"Sonem a la r\u00e0dio! - Gran\u00e9s Batxillerat - Escuela especializada en Bachillerato en Barcelona","robots":{"index":"index","follow":"follow","max-snippet":"max-snippet:-1","max-image-preview":"max-image-preview:large","max-video-preview":"max-video-preview:-1"},"canonical":"https:\/\/www.batxilleratgranes.com\/es\/sonem-a-la-radio-2\/","og_locale":"es_ES","og_type":"article","og_title":"Sonem a la r\u00e0dio! - Gran\u00e9s Batxillerat - Escuela especializada en Bachillerato en Barcelona","og_description":"Des d\u2019avui&nbsp;Gran\u00e9s Batxillerat&nbsp;est\u00e0 sonant a&nbsp;R\u00e0dio Flaixbac&nbsp;i&nbsp;Flaix FM. L&#8217;Aina i el Jordi, estudiants de segon de batxillerat, i l&#8217;Eli i el Nil, antics alumnes de l&#8217;escola, s\u00f3n protagonistes de dos anuncis sobre el nostre centre. En el primer, els alumnes parlen sobre el nostre batxillerat per projectes, el nostre sistema de 8 avaluacions que els permet&hellip;&nbsp;Read More &raquo;Sonem a la r\u00e0dio!","og_url":"https:\/\/www.batxilleratgranes.com\/es\/sonem-a-la-radio-2\/","og_site_name":"Gran\u00e9s Batxillerat - Escuela especializada en Bachillerato en Barcelona","article_published_time":"2021-02-16T12:03:00+00:00","article_modified_time":"2021-03-12T11:03:08+00:00","og_image":[{"width":940,"height":788,"url":"https:\/\/www.batxilleratgranes.com\/wp-content\/uploads\/2021\/02\/Copia-de-Moltes-gracies-400-seguidors.jpg","type":"image\/jpeg"}],"author":"mireia.martinez","twitter_card":"summary_large_image","twitter_misc":{"Written by":"mireia.martinez","Est. reading time":"1 minute"},"schema":{"@context":"https:\/\/schema.org","@graph":[{"@type":"Article","@id":"https:\/\/www.batxilleratgranes.com\/es\/sonem-a-la-radio-2\/#article","isPartOf":{"@id":"https:\/\/www.batxilleratgranes.com\/es\/sonem-a-la-radio-2\/"},"author":{"name":"mireia.martinez","@id":"https:\/\/www.batxilleratgranes.com\/es\/#\/schema\/person\/4e10f231f79e8e2d24629e02b8283201"},"headline":"Sonem a la r\u00e0dio!","datePublished":"2021-02-16T12:03:00+00:00","dateModified":"2021-03-12T11:03:08+00:00","mainEntityOfPage":{"@id":"https:\/\/www.batxilleratgranes.com\/es\/sonem-a-la-radio-2\/"},"wordCount":156,"commentCount":0,"publisher":{"@id":"https:\/\/www.batxilleratgranes.com\/es\/#organization"},"image":{"@id":"https:\/\/www.batxilleratgranes.com\/es\/sonem-a-la-radio-2\/#primaryimage"},"thumbnailUrl":"https:\/\/www.batxilleratgranes.com\/wp-content\/uploads\/2021\/02\/Copia-de-Moltes-gracies-400-seguidors.jpg","articleSection":["Activitats Gran\u00e9s"],"inLanguage":"es","potentialAction":[{"@type":"CommentAction","name":"Comment","target":["https:\/\/www.batxilleratgranes.com\/es\/sonem-a-la-radio-2\/#respond"]}]},{"@type":"WebPage","@id":"https:\/\/www.batxilleratgranes.com\/es\/sonem-a-la-radio-2\/","url":"https:\/\/www.batxilleratgranes.com\/es\/sonem-a-la-radio-2\/","name":"Sonem a la r\u00e0dio! - Gran\u00e9s Batxillerat - Escuela especializada en Bachillerato en Barcelona","isPartOf":{"@id":"https:\/\/www.batxilleratgranes.com\/es\/#website"},"primaryImageOfPage":{"@id":"https:\/\/www.batxilleratgranes.com\/es\/sonem-a-la-radio-2\/#primaryimage"},"image":{"@id":"https:\/\/www.batxilleratgranes.com\/es\/sonem-a-la-radio-2\/#primaryimage"},"thumbnailUrl":"https:\/\/www.batxilleratgranes.com\/wp-content\/uploads\/2021\/02\/Copia-de-Moltes-gracies-400-seguidors.jpg","datePublished":"2021-02-16T12:03:00+00:00","dateModified":"2021-03-12T11:03:08+00:00","breadcrumb":{"@id":"https:\/\/www.batxilleratgranes.com\/es\/sonem-a-la-radio-2\/#breadcrumb"},"inLanguage":"es","potentialAction":[{"@type":"ReadAction","target":["https:\/\/www.batxilleratgranes.com\/es\/sonem-a-la-radio-2\/"]}]},{"@type":"ImageObject","inLanguage":"es","@id":"https:\/\/www.batxilleratgranes.com\/es\/sonem-a-la-radio-2\/#primaryimage","url":"https:\/\/www.batxilleratgranes.com\/wp-content\/uploads\/2021\/02\/Copia-de-Moltes-gracies-400-seguidors.jpg","contentUrl":"https:\/\/www.batxilleratgranes.com\/wp-content\/uploads\/2021\/02\/Copia-de-Moltes-gracies-400-seguidors.jpg","width":940,"height":788},{"@type":"BreadcrumbList","@id":"https:\/\/www.batxilleratgranes.com\/es\/sonem-a-la-radio-2\/#breadcrumb","itemListElement":[{"@type":"ListItem","position":1,"name":"Inici","item":"https:\/\/www.batxilleratgranes.com\/es\/"},{"@type":"ListItem","position":2,"name":"Sonem a la r\u00e0dio!"}]},{"@type":"WebSite","@id":"https:\/\/www.batxilleratgranes.com\/es\/#website","url":"https:\/\/www.batxilleratgranes.com\/es\/","name":"Gran\u00e9s Batxillerat - Escuela especializada en Bachillerato en Barcelona","description":"Escola especialitzada en Batxillerat a Barcelona","publisher":{"@id":"https:\/\/www.batxilleratgranes.com\/es\/#organization"},"potentialAction":[{"@type":"SearchAction","target":{"@type":"EntryPoint","urlTemplate":"https:\/\/www.batxilleratgranes.com\/es\/?s={search_term_string}"},"query-input":{"@type":"PropertyValueSpecification","valueRequired":true,"valueName":"search_term_string"}}],"inLanguage":"es"},{"@type":"Organization","@id":"https:\/\/www.batxilleratgranes.com\/es\/#organization","name":"Gran\u00e9s Batxillerat - Escuela especializada en Bachillerato en Barcelona","url":"https:\/\/www.batxilleratgranes.com\/es\/","logo":{"@type":"ImageObject","inLanguage":"es","@id":"https:\/\/www.batxilleratgranes.com\/es\/#\/schema\/logo\/image\/","url":"https:\/\/www.batxilleratgranes.com\/wp-content\/uploads\/2013\/01\/granes1.png","contentUrl":"https:\/\/www.batxilleratgranes.com\/wp-content\/uploads\/2013\/01\/granes1.png","width":292,"height":85,"caption":"Gran\u00e9s Batxillerat - Escuela especializada en Bachillerato en Barcelona"},"image":{"@id":"https:\/\/www.batxilleratgranes.com\/es\/#\/schema\/logo\/image\/"}},{"@type":"Person","@id":"https:\/\/www.batxilleratgranes.com\/es\/#\/schema\/person\/4e10f231f79e8e2d24629e02b8283201","name":"mireia.martinez","image":{"@type":"ImageObject","inLanguage":"es","@id":"https:\/\/www.batxilleratgranes.com\/es\/#\/schema\/person\/image\/","url":"https:\/\/secure.gravatar.com\/avatar\/8c952e346979fb1eaf89bbc4dfda29f0?s=96&d=mm&r=g","contentUrl":"https:\/\/secure.gravatar.com\/avatar\/8c952e346979fb1eaf89bbc4dfda29f0?s=96&d=mm&r=g","caption":"mireia.martinez"},"url":"https:\/\/www.batxilleratgranes.com\/es\/author\/mireia-martinez\/"}]}},"_links":{"self":[{"href":"https:\/\/www.batxilleratgranes.com\/es\/wp-json\/wp\/v2\/posts\/30089"}],"collection":[{"href":"https:\/\/www.batxilleratgranes.com\/es\/wp-json\/wp\/v2\/posts"}],"about":[{"href":"https:\/\/www.batxilleratgranes.com\/es\/wp-json\/wp\/v2\/types\/post"}],"author":[{"embeddable":true,"href":"https:\/\/www.batxilleratgranes.com\/es\/wp-json\/wp\/v2\/users\/5"}],"replies":[{"embeddable":true,"href":"https:\/\/www.batxilleratgranes.com\/es\/wp-json\/wp\/v2\/comments?post=30089"}],"version-history":[{"count":3,"href":"https:\/\/www.batxilleratgranes.com\/es\/wp-json\/wp\/v2\/posts\/30089\/revisions"}],"predecessor-version":[{"id":30451,"href":"https:\/\/www.batxilleratgranes.com\/es\/wp-json\/wp\/v2\/posts\/30089\/revisions\/30451"}],"wp:featuredmedia":[{"embeddable":true,"href":"https:\/\/www.batxilleratgranes.com\/es\/wp-json\/wp\/v2\/media\/30100"}],"wp:attachment":[{"href":"https:\/\/www.batxilleratgranes.com\/es\/wp-json\/wp\/v2\/media?parent=30089"}],"wp:term":[{"taxonomy":"category","embeddable":true,"href":"https:\/\/www.batxilleratgranes.com\/es\/wp-json\/wp\/v2\/categories?post=30089"},{"taxonomy":"post_tag","embeddable":true,"href":"https:\/\/www.batxilleratgranes.com\/es\/wp-json\/wp\/v2\/tags?post=30089"}],"curies":[{"name":"wp","href":"https:\/\/api.w.org\/{rel}","templated":true}]}}