{"id":32774,"date":"2021-06-18T13:10:00","date_gmt":"2021-06-18T13:10:00","guid":{"rendered":"https:\/\/www.batxilleratgranes.com\/?p=32774"},"modified":"2021-08-30T21:05:02","modified_gmt":"2021-08-30T21:05:02","slug":"mercat-de-llibres","status":"publish","type":"post","link":"https:\/\/www.batxilleratgranes.com\/es\/mercat-de-llibres\/","title":{"rendered":"Mercat de llibres"},"content":{"rendered":"\n<h4 class=\"wp-block-heading\"><span style=\"color:#00833d\" class=\"has-inline-color\">Reciclatge de&nbsp;llibres&nbsp;de 1r i 2n de Batxillerat<\/span><\/h4>\n\n\n\n<h4 class=\"wp-block-heading\"><span style=\"color:#00833d\" class=\"has-inline-color\">Gaudim, eduquem i reflexionem<\/span><\/h4>\n\n\n\n<h4 class=\"wp-block-heading\"><strong><em>Per qu\u00e8 reciclar?<\/em><\/strong><\/h4>\n\n\n\n<ul class=\"wp-block-list\"><li>Per respecte al medi ambient. El reciclatge de&nbsp;llibres&nbsp;de segona m\u00e0 \u00e9s una de les propostes recollides dins&nbsp;del&nbsp;projecte de&nbsp;<strong>Gran\u00e9s Sostenible<\/strong>&nbsp;que s&#8217;ha engegat aquest curs amb la voluntat d&#8217;aconseguir l&#8217;etiqueta d&#8217;escola verda.<\/li><li>Per reduir les despeses familiars.<\/li><li>Per premiar el bon tracte que els alumnes han fet dels&nbsp;llibres.<\/li><\/ul>\n\n\n\n<h4 class=\"wp-block-heading\"><strong><em>Com reciclar?<\/em><\/strong><\/h4>\n\n\n\n<p>Aquells alumnes que tingueu els&nbsp;llibres&nbsp;de text utilitzats en aquest curs en bones condicions i aquells que vulgueu adquirir-los de segona m\u00e0 podeu venir a l&#8217;escola el&nbsp;<strong>dimarts 22 de juny&nbsp;<\/strong>per participar en aquesta trobada pel reciclatge i la reutilitzaci\u00f3.<\/p>\n\n\n\n<p>L&#8217;alumne interessat a comprar-lo, podr\u00e0 fer-ho en el moment, i els diners se li entregaran directament al propietari&nbsp;del&nbsp;llibre.<\/p>\n\n\n\n<div class=\"wp-block-image\"><figure class=\"aligncenter size-large\"><a href=\"https:\/\/www.batxilleratgranes.com\/wp-content\/uploads\/2021\/08\/Mercat-del-llibre.jpg\"><img loading=\"lazy\" decoding=\"async\" width=\"1024\" height=\"727\" src=\"https:\/\/www.batxilleratgranes.com\/wp-content\/uploads\/2021\/08\/Mercat-del-llibre-1024x727.jpg\" alt=\"\" class=\"wp-image-33523\" srcset=\"https:\/\/www.batxilleratgranes.com\/wp-content\/uploads\/2021\/08\/Mercat-del-llibre-1024x727.jpg 1024w, https:\/\/www.batxilleratgranes.com\/wp-content\/uploads\/2021\/08\/Mercat-del-llibre-300x213.jpg 300w, https:\/\/www.batxilleratgranes.com\/wp-content\/uploads\/2021\/08\/Mercat-del-llibre-768x545.jpg 768w, https:\/\/www.batxilleratgranes.com\/wp-content\/uploads\/2021\/08\/Mercat-del-llibre.jpg 1200w\" sizes=\"(max-width: 1024px) 100vw, 1024px\" \/><\/a><\/figure><\/div>\n","protected":false},"excerpt":{"rendered":"<p>Reciclatge de&nbsp;llibres&nbsp;de 1r i 2n de Batxillerat Gaudim, eduquem i reflexionem Per qu\u00e8 reciclar? Per respecte al medi ambient. El reciclatge de&nbsp;llibres&nbsp;de segona m\u00e0 \u00e9s una de les propostes recollides dins&nbsp;del&nbsp;projecte de&nbsp;Gran\u00e9s Sostenible&nbsp;que s&#8217;ha engegat aquest curs amb la voluntat d&#8217;aconseguir l&#8217;etiqueta d&#8217;escola verda. Per reduir les despeses familiars. Per premiar el bon tracte que&hellip;&nbsp;<a href=\"https:\/\/www.batxilleratgranes.com\/es\/mercat-de-llibres\/\" class=\"\" rel=\"bookmark\">Read More &raquo;<span class=\"screen-reader-text\">Mercat de llibres<\/span><\/a><\/p>\n","protected":false},"author":5,"featured_media":32775,"comment_status":"open","ping_status":"open","sticky":false,"template":"","format":"standard","meta":{"neve_meta_sidebar":"","neve_meta_container":"","neve_meta_enable_content_width":"","neve_meta_content_width":0,"neve_meta_title_alignment":"","neve_meta_author_avatar":"","neve_post_elements_order":"","neve_meta_disable_header":"","neve_meta_disable_footer":"","neve_meta_disable_title":"","footnotes":""},"categories":[7],"tags":[1117,415,1116,296],"class_list":["post-32774","post","type-post","status-publish","format-standard","has-post-thumbnail","hentry","category-centre-batxillerat-granes","tag-curs-2021-22","tag-llibres","tag-mercat-del-llibre-2021","tag-reciclatge-de-llibres"],"yoast_head":"<!-- This site is optimized with the Yoast SEO plugin v23.4 - https:\/\/yoast.com\/wordpress\/plugins\/seo\/ -->\n<title>Mercat de llibres - Gran\u00e9s Batxillerat - Escuela especializada en Bachillerato en Barcelona<\/title>\n<meta name=\"robots\" content=\"index, follow, max-snippet:-1, max-image-preview:large, max-video-preview:-1\" \/>\n<link rel=\"canonical\" href=\"https:\/\/www.batxilleratgranes.com\/es\/mercat-de-llibres\/\" \/>\n<meta property=\"og:locale\" content=\"es_ES\" \/>\n<meta property=\"og:type\" content=\"article\" \/>\n<meta property=\"og:title\" content=\"Mercat de llibres - Gran\u00e9s Batxillerat - Escuela especializada en Bachillerato en Barcelona\" \/>\n<meta property=\"og:description\" content=\"Reciclatge de&nbsp;llibres&nbsp;de 1r i 2n de Batxillerat Gaudim, eduquem i reflexionem Per qu\u00e8 reciclar? Per respecte al medi ambient. El reciclatge de&nbsp;llibres&nbsp;de segona m\u00e0 \u00e9s una de les propostes recollides dins&nbsp;del&nbsp;projecte de&nbsp;Gran\u00e9s Sostenible&nbsp;que s&#8217;ha engegat aquest curs amb la voluntat d&#8217;aconseguir l&#8217;etiqueta d&#8217;escola verda. Per reduir les despeses familiars. Per premiar el bon tracte que&hellip;&nbsp;Read More &raquo;Mercat de llibres\" \/>\n<meta property=\"og:url\" content=\"https:\/\/www.batxilleratgranes.com\/es\/mercat-de-llibres\/\" \/>\n<meta property=\"og:site_name\" content=\"Gran\u00e9s Batxillerat - Escuela especializada en Bachillerato en Barcelona\" \/>\n<meta property=\"article:published_time\" content=\"2021-06-18T13:10:00+00:00\" \/>\n<meta property=\"article:modified_time\" content=\"2021-08-30T21:05:02+00:00\" \/>\n<meta property=\"og:image\" content=\"https:\/\/www.batxilleratgranes.com\/wp-content\/uploads\/2021\/07\/Copia-de-Copia-de-invitacio.jpg\" \/>\n\t<meta property=\"og:image:width\" content=\"848\" \/>\n\t<meta property=\"og:image:height\" content=\"1200\" \/>\n\t<meta property=\"og:image:type\" content=\"image\/jpeg\" \/>\n<meta name=\"author\" content=\"mireia.martinez\" \/>\n<meta name=\"twitter:card\" content=\"summary_large_image\" \/>\n<meta name=\"twitter:label1\" content=\"Written by\" \/>\n\t<meta name=\"twitter:data1\" content=\"mireia.martinez\" \/>\n\t<meta name=\"twitter:label2\" content=\"Est. reading time\" \/>\n\t<meta name=\"twitter:data2\" content=\"1 minute\" \/>\n<script type=\"application\/ld+json\" class=\"yoast-schema-graph\">{\"@context\":\"https:\/\/schema.org\",\"@graph\":[{\"@type\":\"Article\",\"@id\":\"https:\/\/www.batxilleratgranes.com\/es\/mercat-de-llibres\/#article\",\"isPartOf\":{\"@id\":\"https:\/\/www.batxilleratgranes.com\/es\/mercat-de-llibres\/\"},\"author\":{\"name\":\"mireia.martinez\",\"@id\":\"https:\/\/www.batxilleratgranes.com\/es\/#\/schema\/person\/4e10f231f79e8e2d24629e02b8283201\"},\"headline\":\"Mercat de llibres\",\"datePublished\":\"2021-06-18T13:10:00+00:00\",\"dateModified\":\"2021-08-30T21:05:02+00:00\",\"mainEntityOfPage\":{\"@id\":\"https:\/\/www.batxilleratgranes.com\/es\/mercat-de-llibres\/\"},\"wordCount\":157,\"commentCount\":0,\"publisher\":{\"@id\":\"https:\/\/www.batxilleratgranes.com\/es\/#organization\"},\"image\":{\"@id\":\"https:\/\/www.batxilleratgranes.com\/es\/mercat-de-llibres\/#primaryimage\"},\"thumbnailUrl\":\"https:\/\/www.batxilleratgranes.com\/wp-content\/uploads\/2021\/07\/Copia-de-Copia-de-invitacio.jpg\",\"keywords\":[\"Curs 2021-22\",\"llibres\",\"Mercat del Llibre 2021\",\"Reciclatge de llibres\"],\"articleSection\":[\"Activitats Gran\u00e9s\"],\"inLanguage\":\"es\",\"potentialAction\":[{\"@type\":\"CommentAction\",\"name\":\"Comment\",\"target\":[\"https:\/\/www.batxilleratgranes.com\/es\/mercat-de-llibres\/#respond\"]}]},{\"@type\":\"WebPage\",\"@id\":\"https:\/\/www.batxilleratgranes.com\/es\/mercat-de-llibres\/\",\"url\":\"https:\/\/www.batxilleratgranes.com\/es\/mercat-de-llibres\/\",\"name\":\"Mercat de llibres - Gran\u00e9s Batxillerat - Escuela especializada en Bachillerato en Barcelona\",\"isPartOf\":{\"@id\":\"https:\/\/www.batxilleratgranes.com\/es\/#website\"},\"primaryImageOfPage\":{\"@id\":\"https:\/\/www.batxilleratgranes.com\/es\/mercat-de-llibres\/#primaryimage\"},\"image\":{\"@id\":\"https:\/\/www.batxilleratgranes.com\/es\/mercat-de-llibres\/#primaryimage\"},\"thumbnailUrl\":\"https:\/\/www.batxilleratgranes.com\/wp-content\/uploads\/2021\/07\/Copia-de-Copia-de-invitacio.jpg\",\"datePublished\":\"2021-06-18T13:10:00+00:00\",\"dateModified\":\"2021-08-30T21:05:02+00:00\",\"breadcrumb\":{\"@id\":\"https:\/\/www.batxilleratgranes.com\/es\/mercat-de-llibres\/#breadcrumb\"},\"inLanguage\":\"es\",\"potentialAction\":[{\"@type\":\"ReadAction\",\"target\":[\"https:\/\/www.batxilleratgranes.com\/es\/mercat-de-llibres\/\"]}]},{\"@type\":\"ImageObject\",\"inLanguage\":\"es\",\"@id\":\"https:\/\/www.batxilleratgranes.com\/es\/mercat-de-llibres\/#primaryimage\",\"url\":\"https:\/\/www.batxilleratgranes.com\/wp-content\/uploads\/2021\/07\/Copia-de-Copia-de-invitacio.jpg\",\"contentUrl\":\"https:\/\/www.batxilleratgranes.com\/wp-content\/uploads\/2021\/07\/Copia-de-Copia-de-invitacio.jpg\",\"width\":848,\"height\":1200},{\"@type\":\"BreadcrumbList\",\"@id\":\"https:\/\/www.batxilleratgranes.com\/es\/mercat-de-llibres\/#breadcrumb\",\"itemListElement\":[{\"@type\":\"ListItem\",\"position\":1,\"name\":\"Inici\",\"item\":\"https:\/\/www.batxilleratgranes.com\/es\/\"},{\"@type\":\"ListItem\",\"position\":2,\"name\":\"Mercat de llibres\"}]},{\"@type\":\"WebSite\",\"@id\":\"https:\/\/www.batxilleratgranes.com\/es\/#website\",\"url\":\"https:\/\/www.batxilleratgranes.com\/es\/\",\"name\":\"Gran\u00e9s Batxillerat - Escuela especializada en Bachillerato en Barcelona\",\"description\":\"Escola especialitzada en Batxillerat a Barcelona\",\"publisher\":{\"@id\":\"https:\/\/www.batxilleratgranes.com\/es\/#organization\"},\"potentialAction\":[{\"@type\":\"SearchAction\",\"target\":{\"@type\":\"EntryPoint\",\"urlTemplate\":\"https:\/\/www.batxilleratgranes.com\/es\/?s={search_term_string}\"},\"query-input\":{\"@type\":\"PropertyValueSpecification\",\"valueRequired\":true,\"valueName\":\"search_term_string\"}}],\"inLanguage\":\"es\"},{\"@type\":\"Organization\",\"@id\":\"https:\/\/www.batxilleratgranes.com\/es\/#organization\",\"name\":\"Gran\u00e9s Batxillerat - Escuela especializada en Bachillerato en Barcelona\",\"url\":\"https:\/\/www.batxilleratgranes.com\/es\/\",\"logo\":{\"@type\":\"ImageObject\",\"inLanguage\":\"es\",\"@id\":\"https:\/\/www.batxilleratgranes.com\/es\/#\/schema\/logo\/image\/\",\"url\":\"https:\/\/www.batxilleratgranes.com\/wp-content\/uploads\/2013\/01\/granes1.png\",\"contentUrl\":\"https:\/\/www.batxilleratgranes.com\/wp-content\/uploads\/2013\/01\/granes1.png\",\"width\":292,\"height\":85,\"caption\":\"Gran\u00e9s Batxillerat - Escuela especializada en Bachillerato en Barcelona\"},\"image\":{\"@id\":\"https:\/\/www.batxilleratgranes.com\/es\/#\/schema\/logo\/image\/\"}},{\"@type\":\"Person\",\"@id\":\"https:\/\/www.batxilleratgranes.com\/es\/#\/schema\/person\/4e10f231f79e8e2d24629e02b8283201\",\"name\":\"mireia.martinez\",\"image\":{\"@type\":\"ImageObject\",\"inLanguage\":\"es\",\"@id\":\"https:\/\/www.batxilleratgranes.com\/es\/#\/schema\/person\/image\/\",\"url\":\"https:\/\/secure.gravatar.com\/avatar\/8c952e346979fb1eaf89bbc4dfda29f0?s=96&d=mm&r=g\",\"contentUrl\":\"https:\/\/secure.gravatar.com\/avatar\/8c952e346979fb1eaf89bbc4dfda29f0?s=96&d=mm&r=g\",\"caption\":\"mireia.martinez\"},\"url\":\"https:\/\/www.batxilleratgranes.com\/es\/author\/mireia-martinez\/\"}]}<\/script>\n<!-- \/ Yoast SEO plugin. -->","yoast_head_json":{"title":"Mercat de llibres - Gran\u00e9s Batxillerat - Escuela especializada en Bachillerato en Barcelona","robots":{"index":"index","follow":"follow","max-snippet":"max-snippet:-1","max-image-preview":"max-image-preview:large","max-video-preview":"max-video-preview:-1"},"canonical":"https:\/\/www.batxilleratgranes.com\/es\/mercat-de-llibres\/","og_locale":"es_ES","og_type":"article","og_title":"Mercat de llibres - Gran\u00e9s Batxillerat - Escuela especializada en Bachillerato en Barcelona","og_description":"Reciclatge de&nbsp;llibres&nbsp;de 1r i 2n de Batxillerat Gaudim, eduquem i reflexionem Per qu\u00e8 reciclar? Per respecte al medi ambient. El reciclatge de&nbsp;llibres&nbsp;de segona m\u00e0 \u00e9s una de les propostes recollides dins&nbsp;del&nbsp;projecte de&nbsp;Gran\u00e9s Sostenible&nbsp;que s&#8217;ha engegat aquest curs amb la voluntat d&#8217;aconseguir l&#8217;etiqueta d&#8217;escola verda. Per reduir les despeses familiars. Per premiar el bon tracte que&hellip;&nbsp;Read More &raquo;Mercat de llibres","og_url":"https:\/\/www.batxilleratgranes.com\/es\/mercat-de-llibres\/","og_site_name":"Gran\u00e9s Batxillerat - Escuela especializada en Bachillerato en Barcelona","article_published_time":"2021-06-18T13:10:00+00:00","article_modified_time":"2021-08-30T21:05:02+00:00","og_image":[{"width":848,"height":1200,"url":"https:\/\/www.batxilleratgranes.com\/wp-content\/uploads\/2021\/07\/Copia-de-Copia-de-invitacio.jpg","type":"image\/jpeg"}],"author":"mireia.martinez","twitter_card":"summary_large_image","twitter_misc":{"Written by":"mireia.martinez","Est. reading time":"1 minute"},"schema":{"@context":"https:\/\/schema.org","@graph":[{"@type":"Article","@id":"https:\/\/www.batxilleratgranes.com\/es\/mercat-de-llibres\/#article","isPartOf":{"@id":"https:\/\/www.batxilleratgranes.com\/es\/mercat-de-llibres\/"},"author":{"name":"mireia.martinez","@id":"https:\/\/www.batxilleratgranes.com\/es\/#\/schema\/person\/4e10f231f79e8e2d24629e02b8283201"},"headline":"Mercat de llibres","datePublished":"2021-06-18T13:10:00+00:00","dateModified":"2021-08-30T21:05:02+00:00","mainEntityOfPage":{"@id":"https:\/\/www.batxilleratgranes.com\/es\/mercat-de-llibres\/"},"wordCount":157,"commentCount":0,"publisher":{"@id":"https:\/\/www.batxilleratgranes.com\/es\/#organization"},"image":{"@id":"https:\/\/www.batxilleratgranes.com\/es\/mercat-de-llibres\/#primaryimage"},"thumbnailUrl":"https:\/\/www.batxilleratgranes.com\/wp-content\/uploads\/2021\/07\/Copia-de-Copia-de-invitacio.jpg","keywords":["Curs 2021-22","llibres","Mercat del Llibre 2021","Reciclatge de llibres"],"articleSection":["Activitats Gran\u00e9s"],"inLanguage":"es","potentialAction":[{"@type":"CommentAction","name":"Comment","target":["https:\/\/www.batxilleratgranes.com\/es\/mercat-de-llibres\/#respond"]}]},{"@type":"WebPage","@id":"https:\/\/www.batxilleratgranes.com\/es\/mercat-de-llibres\/","url":"https:\/\/www.batxilleratgranes.com\/es\/mercat-de-llibres\/","name":"Mercat de llibres - Gran\u00e9s Batxillerat - Escuela especializada en Bachillerato en Barcelona","isPartOf":{"@id":"https:\/\/www.batxilleratgranes.com\/es\/#website"},"primaryImageOfPage":{"@id":"https:\/\/www.batxilleratgranes.com\/es\/mercat-de-llibres\/#primaryimage"},"image":{"@id":"https:\/\/www.batxilleratgranes.com\/es\/mercat-de-llibres\/#primaryimage"},"thumbnailUrl":"https:\/\/www.batxilleratgranes.com\/wp-content\/uploads\/2021\/07\/Copia-de-Copia-de-invitacio.jpg","datePublished":"2021-06-18T13:10:00+00:00","dateModified":"2021-08-30T21:05:02+00:00","breadcrumb":{"@id":"https:\/\/www.batxilleratgranes.com\/es\/mercat-de-llibres\/#breadcrumb"},"inLanguage":"es","potentialAction":[{"@type":"ReadAction","target":["https:\/\/www.batxilleratgranes.com\/es\/mercat-de-llibres\/"]}]},{"@type":"ImageObject","inLanguage":"es","@id":"https:\/\/www.batxilleratgranes.com\/es\/mercat-de-llibres\/#primaryimage","url":"https:\/\/www.batxilleratgranes.com\/wp-content\/uploads\/2021\/07\/Copia-de-Copia-de-invitacio.jpg","contentUrl":"https:\/\/www.batxilleratgranes.com\/wp-content\/uploads\/2021\/07\/Copia-de-Copia-de-invitacio.jpg","width":848,"height":1200},{"@type":"BreadcrumbList","@id":"https:\/\/www.batxilleratgranes.com\/es\/mercat-de-llibres\/#breadcrumb","itemListElement":[{"@type":"ListItem","position":1,"name":"Inici","item":"https:\/\/www.batxilleratgranes.com\/es\/"},{"@type":"ListItem","position":2,"name":"Mercat de llibres"}]},{"@type":"WebSite","@id":"https:\/\/www.batxilleratgranes.com\/es\/#website","url":"https:\/\/www.batxilleratgranes.com\/es\/","name":"Gran\u00e9s Batxillerat - Escuela especializada en Bachillerato en Barcelona","description":"Escola especialitzada en Batxillerat a Barcelona","publisher":{"@id":"https:\/\/www.batxilleratgranes.com\/es\/#organization"},"potentialAction":[{"@type":"SearchAction","target":{"@type":"EntryPoint","urlTemplate":"https:\/\/www.batxilleratgranes.com\/es\/?s={search_term_string}"},"query-input":{"@type":"PropertyValueSpecification","valueRequired":true,"valueName":"search_term_string"}}],"inLanguage":"es"},{"@type":"Organization","@id":"https:\/\/www.batxilleratgranes.com\/es\/#organization","name":"Gran\u00e9s Batxillerat - Escuela especializada en Bachillerato en Barcelona","url":"https:\/\/www.batxilleratgranes.com\/es\/","logo":{"@type":"ImageObject","inLanguage":"es","@id":"https:\/\/www.batxilleratgranes.com\/es\/#\/schema\/logo\/image\/","url":"https:\/\/www.batxilleratgranes.com\/wp-content\/uploads\/2013\/01\/granes1.png","contentUrl":"https:\/\/www.batxilleratgranes.com\/wp-content\/uploads\/2013\/01\/granes1.png","width":292,"height":85,"caption":"Gran\u00e9s Batxillerat - Escuela especializada en Bachillerato en Barcelona"},"image":{"@id":"https:\/\/www.batxilleratgranes.com\/es\/#\/schema\/logo\/image\/"}},{"@type":"Person","@id":"https:\/\/www.batxilleratgranes.com\/es\/#\/schema\/person\/4e10f231f79e8e2d24629e02b8283201","name":"mireia.martinez","image":{"@type":"ImageObject","inLanguage":"es","@id":"https:\/\/www.batxilleratgranes.com\/es\/#\/schema\/person\/image\/","url":"https:\/\/secure.gravatar.com\/avatar\/8c952e346979fb1eaf89bbc4dfda29f0?s=96&d=mm&r=g","contentUrl":"https:\/\/secure.gravatar.com\/avatar\/8c952e346979fb1eaf89bbc4dfda29f0?s=96&d=mm&r=g","caption":"mireia.martinez"},"url":"https:\/\/www.batxilleratgranes.com\/es\/author\/mireia-martinez\/"}]}},"_links":{"self":[{"href":"https:\/\/www.batxilleratgranes.com\/es\/wp-json\/wp\/v2\/posts\/32774"}],"collection":[{"href":"https:\/\/www.batxilleratgranes.com\/es\/wp-json\/wp\/v2\/posts"}],"about":[{"href":"https:\/\/www.batxilleratgranes.com\/es\/wp-json\/wp\/v2\/types\/post"}],"author":[{"embeddable":true,"href":"https:\/\/www.batxilleratgranes.com\/es\/wp-json\/wp\/v2\/users\/5"}],"replies":[{"embeddable":true,"href":"https:\/\/www.batxilleratgranes.com\/es\/wp-json\/wp\/v2\/comments?post=32774"}],"version-history":[{"count":4,"href":"https:\/\/www.batxilleratgranes.com\/es\/wp-json\/wp\/v2\/posts\/32774\/revisions"}],"predecessor-version":[{"id":33525,"href":"https:\/\/www.batxilleratgranes.com\/es\/wp-json\/wp\/v2\/posts\/32774\/revisions\/33525"}],"wp:featuredmedia":[{"embeddable":true,"href":"https:\/\/www.batxilleratgranes.com\/es\/wp-json\/wp\/v2\/media\/32775"}],"wp:attachment":[{"href":"https:\/\/www.batxilleratgranes.com\/es\/wp-json\/wp\/v2\/media?parent=32774"}],"wp:term":[{"taxonomy":"category","embeddable":true,"href":"https:\/\/www.batxilleratgranes.com\/es\/wp-json\/wp\/v2\/categories?post=32774"},{"taxonomy":"post_tag","embeddable":true,"href":"https:\/\/www.batxilleratgranes.com\/es\/wp-json\/wp\/v2\/tags?post=32774"}],"curies":[{"name":"wp","href":"https:\/\/api.w.org\/{rel}","templated":true}]}}