{"id":33616,"date":"2021-11-03T12:14:00","date_gmt":"2021-11-03T12:14:00","guid":{"rendered":"https:\/\/www.batxilleratgranes.com\/?p=33616"},"modified":"2021-11-22T13:36:57","modified_gmt":"2021-11-22T13:36:57","slug":"a-leducacio-sha-de-tenir-ganes-imaginacio-interes-i-anar-innovant-continuament","status":"publish","type":"post","link":"https:\/\/www.batxilleratgranes.com\/es\/a-leducacio-sha-de-tenir-ganes-imaginacio-interes-i-anar-innovant-continuament\/","title":{"rendered":"&#8220;A l&#8217;educaci\u00f3 s&#8217;ha de tenir ganes, imaginaci\u00f3, inter\u00e8s i innovar cont\u00ednuament&#8221;"},"content":{"rendered":"\n<h2 class=\"wp-block-heading\">La nostra exalumna Alba Bassas ens parla dels seus estudis en Educaci\u00f3 Infantil i Prim\u00e0ria<\/h2>\n\n\n\n<div class=\"wp-block-media-text alignwide is-stacked-on-mobile\"><figure class=\"wp-block-media-text__media\"><img loading=\"lazy\" decoding=\"async\" width=\"204\" height=\"312\" src=\"https:\/\/www.batxilleratgranes.com\/wp-content\/uploads\/2021\/09\/Alba-Bassas.jpg\" alt=\"\" class=\"wp-image-33626 size-full\" srcset=\"https:\/\/www.batxilleratgranes.com\/wp-content\/uploads\/2021\/09\/Alba-Bassas.jpg 204w, https:\/\/www.batxilleratgranes.com\/wp-content\/uploads\/2021\/09\/Alba-Bassas-196x300.jpg 196w\" sizes=\"(max-width: 204px) 100vw, 204px\" \/><\/figure><div class=\"wp-block-media-text__content\">\n<p><strong>Despr\u00e9s d&#8217;acabar el batxillerat al nostre centre, com va ser el pas a la universitat?<\/strong><\/p>\n\n\n\n<p><em>Despr\u00e9s del batxillerat vaig fer les PAU i les&nbsp;PAP&nbsp;per entrar al Grau d&#8217;Educaci\u00f3 Infantil.<\/em><\/p>\n\n\n\n<p><strong>Qu\u00e8 recordes d&#8217;aquell moment?<\/strong><\/p>\n\n\n\n<p><em>Durant l&#8217;etapa de batxillerat em vaig sentir molt c\u00f2moda perqu\u00e8 era com si tu ja anessis a la universitat. Prenies els teus apunts i els professors, en tot moment, si tenies algun dubte o volies saber m\u00e9s sobre el tema, et responien.<\/em> <em>El que m\u00e9s recordo en acabar el batxillerat \u00e9s que em sentia segura d&#8217;anar\u00a0a les PAP\u00a0perqu\u00e8 els professors et donaven totes les eines per poder anar segura. Encara recordo les 60 obres que entraven a Hist\u00f2ria de l&#8217;art. El professor Xavier ens va preparar per anar amb confian\u00e7a i sense por.  A donar-ho tot!<\/em><\/p>\n\n\n\n<p><\/p>\n\n\n\n<p><\/p>\n<\/div><\/div>\n\n\n\n<p><\/p>\n\n\n\n<p><strong>Trobaves a faltar alguna cosa de Granes Batxillerat?<\/strong><\/p>\n\n\n\n<p><em>S\u00ed! El sentiment familiar que tots som com una &#8220;pinya&#8221;. Els professors no marcaven una dist\u00e0ncia entre alumne i professor, sin\u00f3 que realment notaves que volien que tiressis endavant. Com a conclusi\u00f3, la comprensi\u00f3 i l&#8217;empatia que tenien amb els alumnes \u00e9s d&#8217;agrair i ara els recordem amb molta estima!<\/em><\/p>\n\n\n\n<p><strong>Tenies clar que volies ser mestra des de feia temps?<\/strong><\/p>\n\n\n\n<p><em>No! De feta anava a fer Psicologia! Fins que a l&#8217;estiu vaig decidir treure&#8217;m el t\u00edtol de monitora de lleure i vaig canviar d&#8217;opini\u00f3. Vaig comen\u00e7ar a donar-li voltes a aix\u00f2 de ser mestra i vaig encertar. Actualment, soc mestra en Educaci\u00f3 Infantil i en Educaci\u00f3 Prim\u00e0ria amb menci\u00f3 en diversitat i estic cursant un M\u00e0ster en Psicopedagogia.<\/em><\/p>\n\n\n\n<p><strong>Qu\u00e8 \u00e9s el que m\u00e9s t&#8217;atreia en aquells moments d&#8217;aquests estudis?<\/strong><\/p>\n\n\n\n<p><em>Que era una feina molt agra\u00efda i molt maca. <\/em><\/p>\n\n\n\n<p><strong>Creus que \u00e9s una professi\u00f3 vocacional? <\/strong><\/p>\n\n\n\n<p><em>Totalment! Crec que s&#8217;ha de tenir ganes, imaginaci\u00f3, inter\u00e8s, has d&#8217;anar descobrint i innovant cont\u00ednuament. Tenim molt clar que no deixes d&#8217;aprendre perqu\u00e8 els temps canvien i les generacions tamb\u00e9. Com em van dir a primer de carrera, un mestre no deixa mai de ser un mestre.<\/em><\/p>\n\n\n\n<p><strong>Qu\u00e8 \u00e9s el que m\u00e9s et va agradar d&#8217;estudiar aquest grau i el que menys?<\/strong><\/p>\n\n\n\n<p><em>El que m\u00e9s \u00e9s el m\u00f3n que arribes a descobrir. Tothom des de fora pensa que estudiar educaci\u00f3 consisteix a saber com tenir cura o tractar a un nen i, en realitat, \u00e9s tot un m\u00f3n ple de metodologies d&#8217;innovaci\u00f3 pedag\u00f2gica en qu\u00e8 toquem altres \u00e0mbits com la psicologia, la tecnologia&#8230;<\/em><\/p>\n\n\n\n<p><strong>I ara que ets mestra com veus el sector educatiu?<\/strong><\/p>\n\n\n\n<p><em>Ara mateix crec que el sector educatiu est\u00e0 canviant cap a millor des del punt de vista de prim\u00e0ria i infantil i crec que necessitem aprendre molt dels pa\u00efsos n\u00f2rdics, on donen molta import\u00e0ncia al benestar de l&#8217;infant i, sobretot, al seu progr\u00e9s i acompanyament.<\/em><\/p>\n\n\n\n<p><strong>Quines caracter\u00edstiques ha de tenir una mestra?<\/strong> <\/p>\n\n\n\n<p>Ha de ser<em> din\u00e0mica, activa, pacient, amb imaginaci\u00f3 i empatia&#8230;<\/em><\/p>\n\n\n\n<p><strong>Com creus que evolucionar\u00e0 aquesta professi\u00f3 en un futur?<br><\/strong><em>Crec que anir\u00e0 evolucionant i sobretot es demanar\u00e0 m\u00e9s formaci\u00f3 perqu\u00e8 tot va canviant i els mestres han d&#8217;estar a l&#8217;altura de les generacions i dels temps.<\/em><\/p>\n\n\n\n<p><strong>I la pand\u00e8mia ens ha servit d&#8217;alguna cosa en l&#8217;\u00e0mbit educatiu?<\/strong><\/p>\n\n\n\n<p><em>Crec que ha servit per valorar la tasca dels mestres i tamb\u00e9 perqu\u00e8 aquests estiguin m\u00e9s receptius amb les tecnologies.<\/em><\/p>\n\n\n\n<p><strong>On et veus treballant en els pr\u00f2xims anys? <\/strong><\/p>\n\n\n\n<p><em>Em veig treballant a una escola o a una aula hospital\u00e0ria.<\/em><\/p>\n\n\n\n<div class=\"wp-block-image\"><figure class=\"aligncenter size-large is-resized\"><a href=\"https:\/\/www.batxilleratgranes.com\/wp-content\/uploads\/2021\/11\/P50300432n-F.-Curs-2015-2016-FINAL.jpg\"><img loading=\"lazy\" decoding=\"async\" src=\"https:\/\/www.batxilleratgranes.com\/wp-content\/uploads\/2021\/11\/P50300432n-F.-Curs-2015-2016-FINAL-1024x768.jpg\" alt=\"\" class=\"wp-image-37844\" width=\"768\" height=\"576\" srcset=\"https:\/\/www.batxilleratgranes.com\/wp-content\/uploads\/2021\/11\/P50300432n-F.-Curs-2015-2016-FINAL-1024x768.jpg 1024w, https:\/\/www.batxilleratgranes.com\/wp-content\/uploads\/2021\/11\/P50300432n-F.-Curs-2015-2016-FINAL-300x225.jpg 300w, https:\/\/www.batxilleratgranes.com\/wp-content\/uploads\/2021\/11\/P50300432n-F.-Curs-2015-2016-FINAL-768x576.jpg 768w, https:\/\/www.batxilleratgranes.com\/wp-content\/uploads\/2021\/11\/P50300432n-F.-Curs-2015-2016-FINAL.jpg 1200w\" sizes=\"(max-width: 768px) 100vw, 768px\" \/><\/a><figcaption>Foto de la promoci\u00f3 de l&#8217;Alba &#8211; Gran\u00e9s Batxillerat<\/figcaption><\/figure><\/div>\n","protected":false},"excerpt":{"rendered":"<p>La nostra exalumna Alba Bassas ens parla dels seus estudis en Educaci\u00f3 Infantil i Prim\u00e0ria Despr\u00e9s d&#8217;acabar el batxillerat al nostre centre, com va ser el pas a la universitat? Despr\u00e9s del batxillerat vaig fer les PAU i les&nbsp;PAP&nbsp;per entrar al Grau d&#8217;Educaci\u00f3 Infantil. Qu\u00e8 recordes d&#8217;aquell moment? Durant l&#8217;etapa de batxillerat em vaig sentir&hellip;&nbsp;<a href=\"https:\/\/www.batxilleratgranes.com\/es\/a-leducacio-sha-de-tenir-ganes-imaginacio-interes-i-anar-innovant-continuament\/\" class=\"\" rel=\"bookmark\">Read More &raquo;<span class=\"screen-reader-text\">&#8220;A l&#8217;educaci\u00f3 s&#8217;ha de tenir ganes, imaginaci\u00f3, inter\u00e8s i innovar cont\u00ednuament&#8221;<\/span><\/a><\/p>\n","protected":false},"author":5,"featured_media":37846,"comment_status":"open","ping_status":"open","sticky":false,"template":"","format":"standard","meta":{"neve_meta_sidebar":"","neve_meta_container":"","neve_meta_enable_content_width":"","neve_meta_content_width":0,"neve_meta_title_alignment":"","neve_meta_author_avatar":"","neve_post_elements_order":"","neve_meta_disable_header":"","neve_meta_disable_footer":"","neve_meta_disable_title":"","footnotes":""},"categories":[65],"tags":[],"class_list":["post-33616","post","type-post","status-publish","format-standard","has-post-thumbnail","hentry","category-anticsalumnes"],"yoast_head":"<!-- This site is optimized with the Yoast SEO plugin v23.4 - https:\/\/yoast.com\/wordpress\/plugins\/seo\/ -->\n<title>&quot;A l&#039;educaci\u00f3 s&#039;ha de tenir ganes, imaginaci\u00f3, inter\u00e8s i innovar cont\u00ednuament&quot; - Gran\u00e9s Batxillerat - Escuela especializada en Bachillerato en Barcelona<\/title>\n<meta name=\"robots\" content=\"index, follow, max-snippet:-1, max-image-preview:large, max-video-preview:-1\" \/>\n<link rel=\"canonical\" href=\"https:\/\/www.batxilleratgranes.com\/es\/a-leducacio-sha-de-tenir-ganes-imaginacio-interes-i-anar-innovant-continuament\/\" \/>\n<meta property=\"og:locale\" content=\"es_ES\" \/>\n<meta property=\"og:type\" content=\"article\" \/>\n<meta property=\"og:title\" content=\"&quot;A l&#039;educaci\u00f3 s&#039;ha de tenir ganes, imaginaci\u00f3, inter\u00e8s i innovar cont\u00ednuament&quot; - Gran\u00e9s Batxillerat - Escuela especializada en Bachillerato en Barcelona\" \/>\n<meta property=\"og:description\" content=\"La nostra exalumna Alba Bassas ens parla dels seus estudis en Educaci\u00f3 Infantil i Prim\u00e0ria Despr\u00e9s d&#8217;acabar el batxillerat al nostre centre, com va ser el pas a la universitat? Despr\u00e9s del batxillerat vaig fer les PAU i les&nbsp;PAP&nbsp;per entrar al Grau d&#8217;Educaci\u00f3 Infantil. Qu\u00e8 recordes d&#8217;aquell moment? Durant l&#8217;etapa de batxillerat em vaig sentir&hellip;&nbsp;Read More &raquo;&#8220;A l&#8217;educaci\u00f3 s&#8217;ha de tenir ganes, imaginaci\u00f3, inter\u00e8s i innovar cont\u00ednuament&#8221;\" \/>\n<meta property=\"og:url\" content=\"https:\/\/www.batxilleratgranes.com\/es\/a-leducacio-sha-de-tenir-ganes-imaginacio-interes-i-anar-innovant-continuament\/\" \/>\n<meta property=\"og:site_name\" content=\"Gran\u00e9s Batxillerat - Escuela especializada en Bachillerato en Barcelona\" \/>\n<meta property=\"article:published_time\" content=\"2021-11-03T12:14:00+00:00\" \/>\n<meta property=\"article:modified_time\" content=\"2021-11-22T13:36:57+00:00\" \/>\n<meta property=\"og:image\" content=\"https:\/\/www.batxilleratgranes.com\/wp-content\/uploads\/2021\/11\/Alba-bassas-1.jpg\" \/>\n\t<meta property=\"og:image:width\" content=\"730\" \/>\n\t<meta property=\"og:image:height\" content=\"578\" \/>\n\t<meta property=\"og:image:type\" content=\"image\/jpeg\" \/>\n<meta name=\"author\" content=\"mireia.martinez\" \/>\n<meta name=\"twitter:card\" content=\"summary_large_image\" \/>\n<meta name=\"twitter:label1\" content=\"Written by\" \/>\n\t<meta name=\"twitter:data1\" content=\"mireia.martinez\" \/>\n\t<meta name=\"twitter:label2\" content=\"Est. reading time\" \/>\n\t<meta name=\"twitter:data2\" content=\"3 minutes\" \/>\n<script type=\"application\/ld+json\" class=\"yoast-schema-graph\">{\"@context\":\"https:\/\/schema.org\",\"@graph\":[{\"@type\":\"Article\",\"@id\":\"https:\/\/www.batxilleratgranes.com\/es\/a-leducacio-sha-de-tenir-ganes-imaginacio-interes-i-anar-innovant-continuament\/#article\",\"isPartOf\":{\"@id\":\"https:\/\/www.batxilleratgranes.com\/es\/a-leducacio-sha-de-tenir-ganes-imaginacio-interes-i-anar-innovant-continuament\/\"},\"author\":{\"name\":\"mireia.martinez\",\"@id\":\"https:\/\/www.batxilleratgranes.com\/es\/#\/schema\/person\/4e10f231f79e8e2d24629e02b8283201\"},\"headline\":\"&#8220;A l&#8217;educaci\u00f3 s&#8217;ha de tenir ganes, imaginaci\u00f3, inter\u00e8s i innovar cont\u00ednuament&#8221;\",\"datePublished\":\"2021-11-03T12:14:00+00:00\",\"dateModified\":\"2021-11-22T13:36:57+00:00\",\"mainEntityOfPage\":{\"@id\":\"https:\/\/www.batxilleratgranes.com\/es\/a-leducacio-sha-de-tenir-ganes-imaginacio-interes-i-anar-innovant-continuament\/\"},\"wordCount\":655,\"commentCount\":0,\"publisher\":{\"@id\":\"https:\/\/www.batxilleratgranes.com\/es\/#organization\"},\"image\":{\"@id\":\"https:\/\/www.batxilleratgranes.com\/es\/a-leducacio-sha-de-tenir-ganes-imaginacio-interes-i-anar-innovant-continuament\/#primaryimage\"},\"thumbnailUrl\":\"https:\/\/www.batxilleratgranes.com\/wp-content\/uploads\/2021\/11\/Alba-bassas-1.jpg\",\"articleSection\":[\"Antics alumnes\"],\"inLanguage\":\"es\",\"potentialAction\":[{\"@type\":\"CommentAction\",\"name\":\"Comment\",\"target\":[\"https:\/\/www.batxilleratgranes.com\/es\/a-leducacio-sha-de-tenir-ganes-imaginacio-interes-i-anar-innovant-continuament\/#respond\"]}]},{\"@type\":\"WebPage\",\"@id\":\"https:\/\/www.batxilleratgranes.com\/es\/a-leducacio-sha-de-tenir-ganes-imaginacio-interes-i-anar-innovant-continuament\/\",\"url\":\"https:\/\/www.batxilleratgranes.com\/es\/a-leducacio-sha-de-tenir-ganes-imaginacio-interes-i-anar-innovant-continuament\/\",\"name\":\"\\\"A l'educaci\u00f3 s'ha de tenir ganes, imaginaci\u00f3, inter\u00e8s i innovar cont\u00ednuament\\\" - Gran\u00e9s Batxillerat - Escuela especializada en Bachillerato en Barcelona\",\"isPartOf\":{\"@id\":\"https:\/\/www.batxilleratgranes.com\/es\/#website\"},\"primaryImageOfPage\":{\"@id\":\"https:\/\/www.batxilleratgranes.com\/es\/a-leducacio-sha-de-tenir-ganes-imaginacio-interes-i-anar-innovant-continuament\/#primaryimage\"},\"image\":{\"@id\":\"https:\/\/www.batxilleratgranes.com\/es\/a-leducacio-sha-de-tenir-ganes-imaginacio-interes-i-anar-innovant-continuament\/#primaryimage\"},\"thumbnailUrl\":\"https:\/\/www.batxilleratgranes.com\/wp-content\/uploads\/2021\/11\/Alba-bassas-1.jpg\",\"datePublished\":\"2021-11-03T12:14:00+00:00\",\"dateModified\":\"2021-11-22T13:36:57+00:00\",\"breadcrumb\":{\"@id\":\"https:\/\/www.batxilleratgranes.com\/es\/a-leducacio-sha-de-tenir-ganes-imaginacio-interes-i-anar-innovant-continuament\/#breadcrumb\"},\"inLanguage\":\"es\",\"potentialAction\":[{\"@type\":\"ReadAction\",\"target\":[\"https:\/\/www.batxilleratgranes.com\/es\/a-leducacio-sha-de-tenir-ganes-imaginacio-interes-i-anar-innovant-continuament\/\"]}]},{\"@type\":\"ImageObject\",\"inLanguage\":\"es\",\"@id\":\"https:\/\/www.batxilleratgranes.com\/es\/a-leducacio-sha-de-tenir-ganes-imaginacio-interes-i-anar-innovant-continuament\/#primaryimage\",\"url\":\"https:\/\/www.batxilleratgranes.com\/wp-content\/uploads\/2021\/11\/Alba-bassas-1.jpg\",\"contentUrl\":\"https:\/\/www.batxilleratgranes.com\/wp-content\/uploads\/2021\/11\/Alba-bassas-1.jpg\",\"width\":730,\"height\":578},{\"@type\":\"BreadcrumbList\",\"@id\":\"https:\/\/www.batxilleratgranes.com\/es\/a-leducacio-sha-de-tenir-ganes-imaginacio-interes-i-anar-innovant-continuament\/#breadcrumb\",\"itemListElement\":[{\"@type\":\"ListItem\",\"position\":1,\"name\":\"Inici\",\"item\":\"https:\/\/www.batxilleratgranes.com\/es\/\"},{\"@type\":\"ListItem\",\"position\":2,\"name\":\"&#8220;A l&#8217;educaci\u00f3 s&#8217;ha de tenir ganes, imaginaci\u00f3, inter\u00e8s i innovar cont\u00ednuament&#8221;\"}]},{\"@type\":\"WebSite\",\"@id\":\"https:\/\/www.batxilleratgranes.com\/es\/#website\",\"url\":\"https:\/\/www.batxilleratgranes.com\/es\/\",\"name\":\"Gran\u00e9s Batxillerat - Escuela especializada en Bachillerato en Barcelona\",\"description\":\"Escola especialitzada en Batxillerat a Barcelona\",\"publisher\":{\"@id\":\"https:\/\/www.batxilleratgranes.com\/es\/#organization\"},\"potentialAction\":[{\"@type\":\"SearchAction\",\"target\":{\"@type\":\"EntryPoint\",\"urlTemplate\":\"https:\/\/www.batxilleratgranes.com\/es\/?s={search_term_string}\"},\"query-input\":{\"@type\":\"PropertyValueSpecification\",\"valueRequired\":true,\"valueName\":\"search_term_string\"}}],\"inLanguage\":\"es\"},{\"@type\":\"Organization\",\"@id\":\"https:\/\/www.batxilleratgranes.com\/es\/#organization\",\"name\":\"Gran\u00e9s Batxillerat - Escuela especializada en Bachillerato en Barcelona\",\"url\":\"https:\/\/www.batxilleratgranes.com\/es\/\",\"logo\":{\"@type\":\"ImageObject\",\"inLanguage\":\"es\",\"@id\":\"https:\/\/www.batxilleratgranes.com\/es\/#\/schema\/logo\/image\/\",\"url\":\"https:\/\/www.batxilleratgranes.com\/wp-content\/uploads\/2013\/01\/granes1.png\",\"contentUrl\":\"https:\/\/www.batxilleratgranes.com\/wp-content\/uploads\/2013\/01\/granes1.png\",\"width\":292,\"height\":85,\"caption\":\"Gran\u00e9s Batxillerat - Escuela especializada en Bachillerato en Barcelona\"},\"image\":{\"@id\":\"https:\/\/www.batxilleratgranes.com\/es\/#\/schema\/logo\/image\/\"}},{\"@type\":\"Person\",\"@id\":\"https:\/\/www.batxilleratgranes.com\/es\/#\/schema\/person\/4e10f231f79e8e2d24629e02b8283201\",\"name\":\"mireia.martinez\",\"image\":{\"@type\":\"ImageObject\",\"inLanguage\":\"es\",\"@id\":\"https:\/\/www.batxilleratgranes.com\/es\/#\/schema\/person\/image\/\",\"url\":\"https:\/\/secure.gravatar.com\/avatar\/8c952e346979fb1eaf89bbc4dfda29f0?s=96&d=mm&r=g\",\"contentUrl\":\"https:\/\/secure.gravatar.com\/avatar\/8c952e346979fb1eaf89bbc4dfda29f0?s=96&d=mm&r=g\",\"caption\":\"mireia.martinez\"},\"url\":\"https:\/\/www.batxilleratgranes.com\/es\/author\/mireia-martinez\/\"}]}<\/script>\n<!-- \/ Yoast SEO plugin. -->","yoast_head_json":{"title":"\"A l'educaci\u00f3 s'ha de tenir ganes, imaginaci\u00f3, inter\u00e8s i innovar cont\u00ednuament\" - Gran\u00e9s Batxillerat - Escuela especializada en Bachillerato en Barcelona","robots":{"index":"index","follow":"follow","max-snippet":"max-snippet:-1","max-image-preview":"max-image-preview:large","max-video-preview":"max-video-preview:-1"},"canonical":"https:\/\/www.batxilleratgranes.com\/es\/a-leducacio-sha-de-tenir-ganes-imaginacio-interes-i-anar-innovant-continuament\/","og_locale":"es_ES","og_type":"article","og_title":"\"A l'educaci\u00f3 s'ha de tenir ganes, imaginaci\u00f3, inter\u00e8s i innovar cont\u00ednuament\" - Gran\u00e9s Batxillerat - Escuela especializada en Bachillerato en Barcelona","og_description":"La nostra exalumna Alba Bassas ens parla dels seus estudis en Educaci\u00f3 Infantil i Prim\u00e0ria Despr\u00e9s d&#8217;acabar el batxillerat al nostre centre, com va ser el pas a la universitat? Despr\u00e9s del batxillerat vaig fer les PAU i les&nbsp;PAP&nbsp;per entrar al Grau d&#8217;Educaci\u00f3 Infantil. Qu\u00e8 recordes d&#8217;aquell moment? Durant l&#8217;etapa de batxillerat em vaig sentir&hellip;&nbsp;Read More &raquo;&#8220;A l&#8217;educaci\u00f3 s&#8217;ha de tenir ganes, imaginaci\u00f3, inter\u00e8s i innovar cont\u00ednuament&#8221;","og_url":"https:\/\/www.batxilleratgranes.com\/es\/a-leducacio-sha-de-tenir-ganes-imaginacio-interes-i-anar-innovant-continuament\/","og_site_name":"Gran\u00e9s Batxillerat - Escuela especializada en Bachillerato en Barcelona","article_published_time":"2021-11-03T12:14:00+00:00","article_modified_time":"2021-11-22T13:36:57+00:00","og_image":[{"width":730,"height":578,"url":"https:\/\/www.batxilleratgranes.com\/wp-content\/uploads\/2021\/11\/Alba-bassas-1.jpg","type":"image\/jpeg"}],"author":"mireia.martinez","twitter_card":"summary_large_image","twitter_misc":{"Written by":"mireia.martinez","Est. reading time":"3 minutes"},"schema":{"@context":"https:\/\/schema.org","@graph":[{"@type":"Article","@id":"https:\/\/www.batxilleratgranes.com\/es\/a-leducacio-sha-de-tenir-ganes-imaginacio-interes-i-anar-innovant-continuament\/#article","isPartOf":{"@id":"https:\/\/www.batxilleratgranes.com\/es\/a-leducacio-sha-de-tenir-ganes-imaginacio-interes-i-anar-innovant-continuament\/"},"author":{"name":"mireia.martinez","@id":"https:\/\/www.batxilleratgranes.com\/es\/#\/schema\/person\/4e10f231f79e8e2d24629e02b8283201"},"headline":"&#8220;A l&#8217;educaci\u00f3 s&#8217;ha de tenir ganes, imaginaci\u00f3, inter\u00e8s i innovar cont\u00ednuament&#8221;","datePublished":"2021-11-03T12:14:00+00:00","dateModified":"2021-11-22T13:36:57+00:00","mainEntityOfPage":{"@id":"https:\/\/www.batxilleratgranes.com\/es\/a-leducacio-sha-de-tenir-ganes-imaginacio-interes-i-anar-innovant-continuament\/"},"wordCount":655,"commentCount":0,"publisher":{"@id":"https:\/\/www.batxilleratgranes.com\/es\/#organization"},"image":{"@id":"https:\/\/www.batxilleratgranes.com\/es\/a-leducacio-sha-de-tenir-ganes-imaginacio-interes-i-anar-innovant-continuament\/#primaryimage"},"thumbnailUrl":"https:\/\/www.batxilleratgranes.com\/wp-content\/uploads\/2021\/11\/Alba-bassas-1.jpg","articleSection":["Antics alumnes"],"inLanguage":"es","potentialAction":[{"@type":"CommentAction","name":"Comment","target":["https:\/\/www.batxilleratgranes.com\/es\/a-leducacio-sha-de-tenir-ganes-imaginacio-interes-i-anar-innovant-continuament\/#respond"]}]},{"@type":"WebPage","@id":"https:\/\/www.batxilleratgranes.com\/es\/a-leducacio-sha-de-tenir-ganes-imaginacio-interes-i-anar-innovant-continuament\/","url":"https:\/\/www.batxilleratgranes.com\/es\/a-leducacio-sha-de-tenir-ganes-imaginacio-interes-i-anar-innovant-continuament\/","name":"\"A l'educaci\u00f3 s'ha de tenir ganes, imaginaci\u00f3, inter\u00e8s i innovar cont\u00ednuament\" - Gran\u00e9s Batxillerat - Escuela especializada en Bachillerato en Barcelona","isPartOf":{"@id":"https:\/\/www.batxilleratgranes.com\/es\/#website"},"primaryImageOfPage":{"@id":"https:\/\/www.batxilleratgranes.com\/es\/a-leducacio-sha-de-tenir-ganes-imaginacio-interes-i-anar-innovant-continuament\/#primaryimage"},"image":{"@id":"https:\/\/www.batxilleratgranes.com\/es\/a-leducacio-sha-de-tenir-ganes-imaginacio-interes-i-anar-innovant-continuament\/#primaryimage"},"thumbnailUrl":"https:\/\/www.batxilleratgranes.com\/wp-content\/uploads\/2021\/11\/Alba-bassas-1.jpg","datePublished":"2021-11-03T12:14:00+00:00","dateModified":"2021-11-22T13:36:57+00:00","breadcrumb":{"@id":"https:\/\/www.batxilleratgranes.com\/es\/a-leducacio-sha-de-tenir-ganes-imaginacio-interes-i-anar-innovant-continuament\/#breadcrumb"},"inLanguage":"es","potentialAction":[{"@type":"ReadAction","target":["https:\/\/www.batxilleratgranes.com\/es\/a-leducacio-sha-de-tenir-ganes-imaginacio-interes-i-anar-innovant-continuament\/"]}]},{"@type":"ImageObject","inLanguage":"es","@id":"https:\/\/www.batxilleratgranes.com\/es\/a-leducacio-sha-de-tenir-ganes-imaginacio-interes-i-anar-innovant-continuament\/#primaryimage","url":"https:\/\/www.batxilleratgranes.com\/wp-content\/uploads\/2021\/11\/Alba-bassas-1.jpg","contentUrl":"https:\/\/www.batxilleratgranes.com\/wp-content\/uploads\/2021\/11\/Alba-bassas-1.jpg","width":730,"height":578},{"@type":"BreadcrumbList","@id":"https:\/\/www.batxilleratgranes.com\/es\/a-leducacio-sha-de-tenir-ganes-imaginacio-interes-i-anar-innovant-continuament\/#breadcrumb","itemListElement":[{"@type":"ListItem","position":1,"name":"Inici","item":"https:\/\/www.batxilleratgranes.com\/es\/"},{"@type":"ListItem","position":2,"name":"&#8220;A l&#8217;educaci\u00f3 s&#8217;ha de tenir ganes, imaginaci\u00f3, inter\u00e8s i innovar cont\u00ednuament&#8221;"}]},{"@type":"WebSite","@id":"https:\/\/www.batxilleratgranes.com\/es\/#website","url":"https:\/\/www.batxilleratgranes.com\/es\/","name":"Gran\u00e9s Batxillerat - Escuela especializada en Bachillerato en Barcelona","description":"Escola especialitzada en Batxillerat a Barcelona","publisher":{"@id":"https:\/\/www.batxilleratgranes.com\/es\/#organization"},"potentialAction":[{"@type":"SearchAction","target":{"@type":"EntryPoint","urlTemplate":"https:\/\/www.batxilleratgranes.com\/es\/?s={search_term_string}"},"query-input":{"@type":"PropertyValueSpecification","valueRequired":true,"valueName":"search_term_string"}}],"inLanguage":"es"},{"@type":"Organization","@id":"https:\/\/www.batxilleratgranes.com\/es\/#organization","name":"Gran\u00e9s Batxillerat - Escuela especializada en Bachillerato en Barcelona","url":"https:\/\/www.batxilleratgranes.com\/es\/","logo":{"@type":"ImageObject","inLanguage":"es","@id":"https:\/\/www.batxilleratgranes.com\/es\/#\/schema\/logo\/image\/","url":"https:\/\/www.batxilleratgranes.com\/wp-content\/uploads\/2013\/01\/granes1.png","contentUrl":"https:\/\/www.batxilleratgranes.com\/wp-content\/uploads\/2013\/01\/granes1.png","width":292,"height":85,"caption":"Gran\u00e9s Batxillerat - Escuela especializada en Bachillerato en Barcelona"},"image":{"@id":"https:\/\/www.batxilleratgranes.com\/es\/#\/schema\/logo\/image\/"}},{"@type":"Person","@id":"https:\/\/www.batxilleratgranes.com\/es\/#\/schema\/person\/4e10f231f79e8e2d24629e02b8283201","name":"mireia.martinez","image":{"@type":"ImageObject","inLanguage":"es","@id":"https:\/\/www.batxilleratgranes.com\/es\/#\/schema\/person\/image\/","url":"https:\/\/secure.gravatar.com\/avatar\/8c952e346979fb1eaf89bbc4dfda29f0?s=96&d=mm&r=g","contentUrl":"https:\/\/secure.gravatar.com\/avatar\/8c952e346979fb1eaf89bbc4dfda29f0?s=96&d=mm&r=g","caption":"mireia.martinez"},"url":"https:\/\/www.batxilleratgranes.com\/es\/author\/mireia-martinez\/"}]}},"_links":{"self":[{"href":"https:\/\/www.batxilleratgranes.com\/es\/wp-json\/wp\/v2\/posts\/33616"}],"collection":[{"href":"https:\/\/www.batxilleratgranes.com\/es\/wp-json\/wp\/v2\/posts"}],"about":[{"href":"https:\/\/www.batxilleratgranes.com\/es\/wp-json\/wp\/v2\/types\/post"}],"author":[{"embeddable":true,"href":"https:\/\/www.batxilleratgranes.com\/es\/wp-json\/wp\/v2\/users\/5"}],"replies":[{"embeddable":true,"href":"https:\/\/www.batxilleratgranes.com\/es\/wp-json\/wp\/v2\/comments?post=33616"}],"version-history":[{"count":7,"href":"https:\/\/www.batxilleratgranes.com\/es\/wp-json\/wp\/v2\/posts\/33616\/revisions"}],"predecessor-version":[{"id":37856,"href":"https:\/\/www.batxilleratgranes.com\/es\/wp-json\/wp\/v2\/posts\/33616\/revisions\/37856"}],"wp:featuredmedia":[{"embeddable":true,"href":"https:\/\/www.batxilleratgranes.com\/es\/wp-json\/wp\/v2\/media\/37846"}],"wp:attachment":[{"href":"https:\/\/www.batxilleratgranes.com\/es\/wp-json\/wp\/v2\/media?parent=33616"}],"wp:term":[{"taxonomy":"category","embeddable":true,"href":"https:\/\/www.batxilleratgranes.com\/es\/wp-json\/wp\/v2\/categories?post=33616"},{"taxonomy":"post_tag","embeddable":true,"href":"https:\/\/www.batxilleratgranes.com\/es\/wp-json\/wp\/v2\/tags?post=33616"}],"curies":[{"name":"wp","href":"https:\/\/api.w.org\/{rel}","templated":true}]}}