{"id":33695,"date":"2021-09-13T18:03:00","date_gmt":"2021-09-13T18:03:00","guid":{"rendered":"https:\/\/www.batxilleratgranes.com\/?p=33695"},"modified":"2021-10-19T18:43:21","modified_gmt":"2021-10-19T18:43:21","slug":"haver-estudiat-batxillerat-a-la-granes-em-va-ajudar-a-adaptar-me-molt-millor-al-ritme-universitari","status":"publish","type":"post","link":"https:\/\/www.batxilleratgranes.com\/es\/haver-estudiat-batxillerat-a-la-granes-em-va-ajudar-a-adaptar-me-molt-millor-al-ritme-universitari\/","title":{"rendered":"&#8220;Haver estudiat batxillerat a la Gran\u00e9s em va ajudar a adaptar-me molt millor al ritme universitari&#8221;"},"content":{"rendered":"\n<h4 class=\"wp-block-heading\"><strong><u>Entrevista a Cl\u00e0udia Gallego, exalumna<\/u><\/strong><\/h4>\n\n\n\n<p><strong>Quan vas decidir que volies estudiar a l\u2019estranger?<\/strong><\/p>\n\n\n\n<p><em>A principis de 2n de batxillerat. A finals de 1r ja estava donant-li voltes al cap de qu\u00e8 faria l\u2019any vinent i com vaig estar l\u2019\u00faltim any de l&#8217;ESO a Irlanda i vaig viure una experi\u00e8ncia fant\u00e0stica, vaig decidir que volia tornar a estudiar a fora durant l\u2019etapa universit\u00e0ria.<\/em><\/p>\n\n\n\n<p><strong>Imagino que no devia ser f\u00e0cil en plena pand\u00e8mia&#8230;<\/strong><\/p>\n\n\n\n<p><em>El primer any universitari no va ser exactament com ho havia pensat. Durant el primer trimestre, les classes van ser h\u00edbrides, entre presencials i virtuals, i el segon trimestre tot virtual. Tot i que \u00e9s cert que el primer trimestre em va permetre con\u00e8ixer a la majoria de companys de classe i fer amistats, no va resultar f\u00e0cil. No obstant aix\u00f2, la quarantena de catorze dies que vaig haver de fer en l\u2019aterrar a Esc\u00f2cia em va permetre con\u00e8ixer a molta gent ja que est\u00e0vem tots en el mateix edifici. En aquell temps vaig fer la majoria d\u2019amics que conservo fins al dia d\u2019avui.<\/em><\/p>\n\n\n\n<p><strong>Qu\u00e8 \u00e9s el que m\u00e9s et va costar d\u2019estudiar a fora?<\/strong><\/p>\n\n\n\n<p><em>El que m\u00e9s em va costar de marxar a l\u2019estranger \u00e9s que sabia que no veuria a la meva fam\u00edlia i amics en uns quants mesos. A m\u00e9s a m\u00e9s, amb la incertesa de la COVID, no sabia si serien quatre mesos, sis o deu.<\/em><\/p>\n\n\n\n<p><strong>Per qu\u00e8 a Esc\u00f2cia?<\/strong><\/p>\n\n\n\n<p><em>Vaig escollir estudiar a Esc\u00f2cia, en concret a la capital, Edimburg, per v\u00e0ries raons. Primerament, volia marxar a un pa\u00eds on es parl\u00e9s principalment angl\u00e8s i que estigu\u00e9s al continent europeu. A m\u00e9s, conversant amb coneguts i llegint not\u00edcies em vaig assabentar que el govern escoc\u00e8s paga la matricula universit\u00e0ria a tots els estudiants europeus (\u00e9s a dir, que la universitat \u00e9s gratu\u00efta per als estudiants).<\/em><\/p>\n\n\n\n<div class=\"wp-block-image\"><figure class=\"aligncenter size-full is-resized\"><a href=\"https:\/\/www.batxilleratgranes.com\/wp-content\/uploads\/2021\/10\/image005.jpg\"><img loading=\"lazy\" decoding=\"async\" src=\"https:\/\/www.batxilleratgranes.com\/wp-content\/uploads\/2021\/10\/image005.jpg\" alt=\"\" class=\"wp-image-37103\" width=\"500\" height=\"666\" srcset=\"https:\/\/www.batxilleratgranes.com\/wp-content\/uploads\/2021\/10\/image005.jpg 666w, https:\/\/www.batxilleratgranes.com\/wp-content\/uploads\/2021\/10\/image005-225x300.jpg 225w\" sizes=\"(max-width: 500px) 100vw, 500px\" \/><\/a><figcaption> Castell d&#8217;Edimburg (imatge Cl\u00e0udia G) <\/figcaption><\/figure><\/div>\n\n\n\n<p><strong>Est\u00e0s cursant <em>International Business Management &amp; Language (French)<\/em> a la Edinburgh Napier University, per qu\u00e8 vas triar aquestes estudis?<\/strong><\/p>\n\n\n\n<p><em>Des que vaig comen\u00e7ar l\u2019ESO que m\u2019ha agradat l\u2019empresa i l\u2019economia, aix\u00ed que sempre he tingut molt clar que volia estudiar quelcom relacionat amb la direcci\u00f3 d\u2019empreses. A m\u00e9s, tamb\u00e9 em va atraure molt la idea que fos un grau d\u2019empresa internacional ja que m\u2019oferia l\u2019oportunitat de guanyar una visi\u00f3 del m\u00f3n empresarial molt global. Una altra de les avantatges d\u2019aquest grau \u00e9s que durant el tercer any tots els estudiants marxem a estudiar fora. No dep\u00e8n de la nota ni de les places, \u00e9s a dir, que tots tenim garantida una pla\u00e7a. L\u2019opci\u00f3 del franc\u00e8s la vaig escollir com a un afegit,  ja aix\u00ed puc seguir aprenent aquesta llengua que fa cinc anys que estudio.<\/em><\/p>\n\n\n\n<p><strong>Coneixies aquesta universitat?<\/strong><\/p>\n\n\n\n<p><em>No. Una vegada vaig decidir que marxaria a Esc\u00f2cia vaig comen\u00e7ar a buscar quines universitats hi havia la capital. Volia estudiar en una ciutat urbana, metropolitana, semblant a Barcelona. Durant aquesta recerca d\u2019informaci\u00f3 vaig trobar que el grau d&#8217;International Business Management &amp; Language (French) nom\u00e9s l\u2019oferien a Napier i per aix\u00f2 em vaig decantar per aquesta.<\/em><\/p>\n\n\n\n<div class=\"wp-block-image\"><figure class=\"aligncenter size-full is-resized\"><a href=\"https:\/\/www.batxilleratgranes.com\/wp-content\/uploads\/2021\/10\/image007.jpg\"><img loading=\"lazy\" decoding=\"async\" src=\"https:\/\/www.batxilleratgranes.com\/wp-content\/uploads\/2021\/10\/image007.jpg\" alt=\"\" class=\"wp-image-37101\" width=\"489\" height=\"653\" srcset=\"https:\/\/www.batxilleratgranes.com\/wp-content\/uploads\/2021\/10\/image007.jpg 652w, https:\/\/www.batxilleratgranes.com\/wp-content\/uploads\/2021\/10\/image007-225x300.jpg 225w\" sizes=\"(max-width: 489px) 100vw, 489px\" \/><\/a><figcaption> Interior del campus universitari (imatge: Cl\u00e0udia G) <\/figcaption><\/figure><\/div>\n\n\n\n<p><strong>Com hi vas accedir?<\/strong><\/p>\n\n\n\n<p><em>Vaig ser acceptada a trav\u00e9s d\u2019un portal anomenat UCAS. \u00c9s una p\u00e0gina web on es fan totes les sol\u00b7licituds universit\u00e0ries.<\/em><\/p>\n\n\n\n<p><strong>Com recordes l\u2019inici de curs?<\/strong><\/p>\n\n\n\n<p><em>Tinc molt bons records de l\u2019inici de curs. Tot i que estava nerviosa per comen\u00e7ar aquesta nova etapa, tenia moltes ganes. A m\u00e9s, com he comentat abans, jo ja tenia l\u2019experi\u00e8ncia d\u2019haver estudiat un any a Irlanda, aix\u00ed que ja sabia que, tot i els nervis inicials, al final l&#8217;experi\u00e8ncia sempre val molt la pena. <\/em><\/p>\n\n\n\n<div class=\"wp-block-image\"><figure class=\"aligncenter size-full is-resized\"><a href=\"https:\/\/www.batxilleratgranes.com\/wp-content\/uploads\/2021\/10\/image003.jpg\"><img loading=\"lazy\" decoding=\"async\" src=\"https:\/\/www.batxilleratgranes.com\/wp-content\/uploads\/2021\/10\/image003.jpg\" alt=\"\" class=\"wp-image-37099\" width=\"506\" height=\"674\" srcset=\"https:\/\/www.batxilleratgranes.com\/wp-content\/uploads\/2021\/10\/image003.jpg 674w, https:\/\/www.batxilleratgranes.com\/wp-content\/uploads\/2021\/10\/image003-225x300.jpg 225w\" sizes=\"(max-width: 506px) 100vw, 506px\" \/><\/a><figcaption>Una de les aules de la universitat abans de comen\u00e7ar la classe (imatge Cl\u00e0udia G)<\/figcaption><\/figure><\/div>\n\n\n\n<p><strong>Qu\u00e8 \u00e9s el que m\u00e9s et va sorprendre d\u2019aquesta nova etapa despr\u00e9s d\u2019haver estudiat batxillerat?<\/strong><\/p>\n\n\n\n<p><em>Que no \u00e9s tan diferent del batxillerat! S\u00ed que \u00e9s cert que hi ha bastants treballs i ex\u00e0mens, per\u00f2 el fet  d&#8217;haver estudiat a Gran\u00e9s Batxillerat, on hi ha una avaluaci\u00f3 cont\u00ednua, em va ajudar a adaptar-me molt millor al ritme universitari.<\/em><\/p>\n\n\n\n<p><strong>Trobaves a faltar alguna cosa de Gran\u00e9s Batxillerat?<\/strong><\/p>\n\n\n\n<p><em>El que m\u00e9s trobo a faltar, a part de bons professors, \u00e9s la proximitat entre aquests i els alumnes. Gran\u00e9s Batxillerat \u00e9s una escola petita, familiar, i qualsevol cosa o problema es comunica r\u00e0pidament. En canvi, a la universitat tens un professor diferent per a cada assignatura i trimestre -jo n\u2019he arribat a tenir 8 en una mateixa assignatura- i, tot i que tens un tutor assignat, \u00e9s m\u00e9s complicat comunicar els problemes o q\u00fcestions. A m\u00e9s, suposo que el fet que les classes fossin online tampoc no ha ajudat.<\/em><\/p>\n\n\n\n<p><strong>Ens podries explicar com \u00e9s el teu dia a dia durant el curs?<\/strong><\/p>\n\n\n\n<p><em>Les classes comencen a les 8:00 o 9:00 del mat\u00ed. Tinc classe durant els matins (normalment amb una pausa de 15-30 minuts entre classe) i nom\u00e9s un dia a la setmana tinc classe a la tarda (fins a les 17:00). A les tardes, \u00e9s habitual quedar amb amics a la resid\u00e8ncia d\u2019estudiants o al parc que tenim davant de la resid\u00e8ncia.<\/em><\/p>\n\n\n\n<figure class=\"wp-block-image size-large\"><a href=\"https:\/\/www.batxilleratgranes.com\/wp-content\/uploads\/2021\/10\/image009.jpg\"><img loading=\"lazy\" decoding=\"async\" width=\"1024\" height=\"768\" src=\"https:\/\/www.batxilleratgranes.com\/wp-content\/uploads\/2021\/10\/image009-1024x768.jpg\" alt=\"\" class=\"wp-image-37105\" srcset=\"https:\/\/www.batxilleratgranes.com\/wp-content\/uploads\/2021\/10\/image009-1024x768.jpg 1024w, https:\/\/www.batxilleratgranes.com\/wp-content\/uploads\/2021\/10\/image009-300x225.jpg 300w, https:\/\/www.batxilleratgranes.com\/wp-content\/uploads\/2021\/10\/image009-768x576.jpg 768w, https:\/\/www.batxilleratgranes.com\/wp-content\/uploads\/2021\/10\/image009.jpg 1132w\" sizes=\"(max-width: 1024px) 100vw, 1024px\" \/><\/a><figcaption> Cl\u00e0udia, al centre de la imatge, amb uns companys de la resid\u00e8ncia (imatge Cl\u00e0udia G)<\/figcaption><\/figure>\n\n\n\n<p><strong>Que creus que \u00e9s el que m\u00e9s diferencia la universitat a Esc\u00f2cia de Catalunya?<\/strong><\/p>\n\n\n\n<p><em>Doncs sincerament no estic segura perqu\u00e8 no s\u00e9 exactament com funciona la universitat a Catalunya, per\u00f2 crec que a Catalunya hi ha m\u00e9s ex\u00e0mens que treballs mentre que a Esc\u00f2cia \u00e9s el contrari.<\/em><\/p>\n\n\n\n<p><strong>Com va anar el primer curs? T\u2019ha resultat f\u00e0cil?<\/strong><\/p>\n\n\n\n<p><em>Estic molt satisfeta amb les notes del primer any. Vaig aprovar totes les assignatures amb molt bona nota i ,tot i les circumst\u00e0ncies de la COVID, considero que vaig assolir els continguts molt\u00a0b\u00e9.<\/em><\/p>\n\n\n\n<p><strong>I a les vacances&#8230;<\/strong><\/p>\n\n\n\n<p><em>Vaig aprofitar el temps treballant de cambrera a un restaurant itali\u00e0 (aprenia un idioma a la vegada que em guanyava uns diners). Sorprenentment, aqu\u00ed hi ha molta feina per als estudiants i \u00e9s molt senzill trobar-ne. Gaireb\u00e9 tots els locals busquen personal. A finals d\u2019agost vaig tornar una setmana a Barcelona per gaudir de la fam\u00edlia i els amics.<\/em><\/p>\n\n\n\n<blockquote class=\"wp-block-quote is-layout-flow wp-block-quote-is-layout-flow\"><p>&#8221; <em>El que m\u00e9s trobo a faltar de Granes Batxillerat, a m\u00e9s del bons profess<\/em>ors, <em>\u00e9s la proximitat d&#8217;aquests amb els alumnes<\/em>&#8220;<\/p><cite>Cl\u00e0udia Gallego, exalumna<\/cite><\/blockquote>\n\n\n\n<p><strong>Qu\u00e8 \u00e9s el que m\u00e9s valores d\u2019haver marxat a fora a estudiar?<\/strong><\/p>\n\n\n\n<p><em>El que m\u00e9s valoro d\u2019estar estudiant a l\u2019estranger s\u00f3n tots els records i experi\u00e8ncies que estic vivint. Aqu\u00ed estic aprenent a ser molt m\u00e9s independent i madura, a la vegada que m\u2019ho passo b\u00e9.<\/em><\/p>\n\n\n\n<p><strong>Recomanaries l\u2019experi\u00e8ncia?<\/strong><\/p>\n\n\n\n<p><em>Sense cap mena de dubte! A tots els estudiants de 2n als que els hi agradaria estudiar a l\u2019estranger, per\u00f2 que potser no ho fan per la por a la incertesa, els hi diria que ho provessin que no es penediran.<\/em><\/p>\n\n\n\n<p><strong>Quins s\u00f3n els teus plans de futur? Com et veus en els pr\u00f2xims cinc anys?<\/strong><\/p>\n\n\n\n<p><em>Doncs quan acabi la carrera m\u2019agradaria fer un m\u00e0ster tamb\u00e9 relacionat amb l\u2019empresa, tot i que encara no tinc clar exactament quin. I una vegada acabi el m\u00e0ster m\u2019agradaria trobar feina en una gran empresa, influir en les decisions d\u2019aquesta o, qui sap, potser crear la meva pr\u00f2pia \ud83d\ude09<\/em><\/p>\n","protected":false},"excerpt":{"rendered":"<p>Entrevista a Cl\u00e0udia Gallego, exalumna Quan vas decidir que volies estudiar a l\u2019estranger? A principis de 2n de batxillerat. A finals de 1r ja estava donant-li voltes al cap de qu\u00e8 faria l\u2019any vinent i com vaig estar l\u2019\u00faltim any de l&#8217;ESO a Irlanda i vaig viure una experi\u00e8ncia fant\u00e0stica, vaig decidir que volia tornar&hellip;&nbsp;<a href=\"https:\/\/www.batxilleratgranes.com\/es\/haver-estudiat-batxillerat-a-la-granes-em-va-ajudar-a-adaptar-me-molt-millor-al-ritme-universitari\/\" class=\"\" rel=\"bookmark\">Read More &raquo;<span class=\"screen-reader-text\">&#8220;Haver estudiat batxillerat a la Gran\u00e9s em va ajudar a adaptar-me molt millor al ritme universitari&#8221;<\/span><\/a><\/p>\n","protected":false},"author":5,"featured_media":37108,"comment_status":"open","ping_status":"open","sticky":false,"template":"","format":"standard","meta":{"neve_meta_sidebar":"","neve_meta_container":"","neve_meta_enable_content_width":"","neve_meta_content_width":0,"neve_meta_title_alignment":"","neve_meta_author_avatar":"","neve_post_elements_order":"","neve_meta_disable_header":"","neve_meta_disable_footer":"","neve_meta_disable_title":"","footnotes":""},"categories":[65],"tags":[1112,323,1149,137],"class_list":["post-33695","post","type-post","status-publish","format-standard","has-post-thumbnail","hentry","category-anticsalumnes","tag-alumni","tag-antics-alumnes","tag-escocia","tag-universitat"],"yoast_head":"<!-- This site is optimized with the Yoast SEO plugin v23.4 - https:\/\/yoast.com\/wordpress\/plugins\/seo\/ -->\n<title>&quot;Haver estudiat batxillerat a la Gran\u00e9s em va ajudar a adaptar-me molt millor al ritme universitari&quot; - Gran\u00e9s Batxillerat - Escuela especializada en Bachillerato en Barcelona<\/title>\n<meta name=\"robots\" content=\"index, follow, max-snippet:-1, max-image-preview:large, max-video-preview:-1\" \/>\n<link rel=\"canonical\" href=\"https:\/\/www.batxilleratgranes.com\/es\/haver-estudiat-batxillerat-a-la-granes-em-va-ajudar-a-adaptar-me-molt-millor-al-ritme-universitari\/\" \/>\n<meta property=\"og:locale\" content=\"es_ES\" \/>\n<meta property=\"og:type\" content=\"article\" \/>\n<meta property=\"og:title\" content=\"&quot;Haver estudiat batxillerat a la Gran\u00e9s em va ajudar a adaptar-me molt millor al ritme universitari&quot; - Gran\u00e9s Batxillerat - Escuela especializada en Bachillerato en Barcelona\" \/>\n<meta property=\"og:description\" content=\"Entrevista a Cl\u00e0udia Gallego, exalumna Quan vas decidir que volies estudiar a l\u2019estranger? A principis de 2n de batxillerat. A finals de 1r ja estava donant-li voltes al cap de qu\u00e8 faria l\u2019any vinent i com vaig estar l\u2019\u00faltim any de l&#8217;ESO a Irlanda i vaig viure una experi\u00e8ncia fant\u00e0stica, vaig decidir que volia tornar&hellip;&nbsp;Read More &raquo;&#8220;Haver estudiat batxillerat a la Gran\u00e9s em va ajudar a adaptar-me molt millor al ritme universitari&#8221;\" \/>\n<meta property=\"og:url\" content=\"https:\/\/www.batxilleratgranes.com\/es\/haver-estudiat-batxillerat-a-la-granes-em-va-ajudar-a-adaptar-me-molt-millor-al-ritme-universitari\/\" \/>\n<meta property=\"og:site_name\" content=\"Gran\u00e9s Batxillerat - Escuela especializada en Bachillerato en Barcelona\" \/>\n<meta property=\"article:published_time\" content=\"2021-09-13T18:03:00+00:00\" \/>\n<meta property=\"article:modified_time\" content=\"2021-10-19T18:43:21+00:00\" \/>\n<meta property=\"og:image\" content=\"https:\/\/www.batxilleratgranes.com\/wp-content\/uploads\/2021\/10\/claudia.jpg\" \/>\n\t<meta property=\"og:image:width\" content=\"304\" \/>\n\t<meta property=\"og:image:height\" content=\"196\" \/>\n\t<meta property=\"og:image:type\" content=\"image\/jpeg\" \/>\n<meta name=\"author\" content=\"mireia.martinez\" \/>\n<meta name=\"twitter:card\" content=\"summary_large_image\" \/>\n<meta name=\"twitter:label1\" content=\"Written by\" \/>\n\t<meta name=\"twitter:data1\" content=\"mireia.martinez\" \/>\n\t<meta name=\"twitter:label2\" content=\"Est. reading time\" \/>\n\t<meta name=\"twitter:data2\" content=\"6 minutes\" \/>\n<script type=\"application\/ld+json\" class=\"yoast-schema-graph\">{\"@context\":\"https:\/\/schema.org\",\"@graph\":[{\"@type\":\"Article\",\"@id\":\"https:\/\/www.batxilleratgranes.com\/es\/haver-estudiat-batxillerat-a-la-granes-em-va-ajudar-a-adaptar-me-molt-millor-al-ritme-universitari\/#article\",\"isPartOf\":{\"@id\":\"https:\/\/www.batxilleratgranes.com\/es\/haver-estudiat-batxillerat-a-la-granes-em-va-ajudar-a-adaptar-me-molt-millor-al-ritme-universitari\/\"},\"author\":{\"name\":\"mireia.martinez\",\"@id\":\"https:\/\/www.batxilleratgranes.com\/es\/#\/schema\/person\/4e10f231f79e8e2d24629e02b8283201\"},\"headline\":\"&#8220;Haver estudiat batxillerat a la Gran\u00e9s em va ajudar a adaptar-me molt millor al ritme universitari&#8221;\",\"datePublished\":\"2021-09-13T18:03:00+00:00\",\"dateModified\":\"2021-10-19T18:43:21+00:00\",\"mainEntityOfPage\":{\"@id\":\"https:\/\/www.batxilleratgranes.com\/es\/haver-estudiat-batxillerat-a-la-granes-em-va-ajudar-a-adaptar-me-molt-millor-al-ritme-universitari\/\"},\"wordCount\":1331,\"commentCount\":0,\"publisher\":{\"@id\":\"https:\/\/www.batxilleratgranes.com\/es\/#organization\"},\"image\":{\"@id\":\"https:\/\/www.batxilleratgranes.com\/es\/haver-estudiat-batxillerat-a-la-granes-em-va-ajudar-a-adaptar-me-molt-millor-al-ritme-universitari\/#primaryimage\"},\"thumbnailUrl\":\"https:\/\/www.batxilleratgranes.com\/wp-content\/uploads\/2021\/10\/claudia.jpg\",\"keywords\":[\"Alumni\",\"Antics alumnes\",\"Esc\u00f2cia\",\"Universitat\"],\"articleSection\":[\"Antics alumnes\"],\"inLanguage\":\"es\",\"potentialAction\":[{\"@type\":\"CommentAction\",\"name\":\"Comment\",\"target\":[\"https:\/\/www.batxilleratgranes.com\/es\/haver-estudiat-batxillerat-a-la-granes-em-va-ajudar-a-adaptar-me-molt-millor-al-ritme-universitari\/#respond\"]}]},{\"@type\":\"WebPage\",\"@id\":\"https:\/\/www.batxilleratgranes.com\/es\/haver-estudiat-batxillerat-a-la-granes-em-va-ajudar-a-adaptar-me-molt-millor-al-ritme-universitari\/\",\"url\":\"https:\/\/www.batxilleratgranes.com\/es\/haver-estudiat-batxillerat-a-la-granes-em-va-ajudar-a-adaptar-me-molt-millor-al-ritme-universitari\/\",\"name\":\"\\\"Haver estudiat batxillerat a la Gran\u00e9s em va ajudar a adaptar-me molt millor al ritme universitari\\\" - Gran\u00e9s Batxillerat - Escuela especializada en Bachillerato en Barcelona\",\"isPartOf\":{\"@id\":\"https:\/\/www.batxilleratgranes.com\/es\/#website\"},\"primaryImageOfPage\":{\"@id\":\"https:\/\/www.batxilleratgranes.com\/es\/haver-estudiat-batxillerat-a-la-granes-em-va-ajudar-a-adaptar-me-molt-millor-al-ritme-universitari\/#primaryimage\"},\"image\":{\"@id\":\"https:\/\/www.batxilleratgranes.com\/es\/haver-estudiat-batxillerat-a-la-granes-em-va-ajudar-a-adaptar-me-molt-millor-al-ritme-universitari\/#primaryimage\"},\"thumbnailUrl\":\"https:\/\/www.batxilleratgranes.com\/wp-content\/uploads\/2021\/10\/claudia.jpg\",\"datePublished\":\"2021-09-13T18:03:00+00:00\",\"dateModified\":\"2021-10-19T18:43:21+00:00\",\"breadcrumb\":{\"@id\":\"https:\/\/www.batxilleratgranes.com\/es\/haver-estudiat-batxillerat-a-la-granes-em-va-ajudar-a-adaptar-me-molt-millor-al-ritme-universitari\/#breadcrumb\"},\"inLanguage\":\"es\",\"potentialAction\":[{\"@type\":\"ReadAction\",\"target\":[\"https:\/\/www.batxilleratgranes.com\/es\/haver-estudiat-batxillerat-a-la-granes-em-va-ajudar-a-adaptar-me-molt-millor-al-ritme-universitari\/\"]}]},{\"@type\":\"ImageObject\",\"inLanguage\":\"es\",\"@id\":\"https:\/\/www.batxilleratgranes.com\/es\/haver-estudiat-batxillerat-a-la-granes-em-va-ajudar-a-adaptar-me-molt-millor-al-ritme-universitari\/#primaryimage\",\"url\":\"https:\/\/www.batxilleratgranes.com\/wp-content\/uploads\/2021\/10\/claudia.jpg\",\"contentUrl\":\"https:\/\/www.batxilleratgranes.com\/wp-content\/uploads\/2021\/10\/claudia.jpg\",\"width\":304,\"height\":196},{\"@type\":\"BreadcrumbList\",\"@id\":\"https:\/\/www.batxilleratgranes.com\/es\/haver-estudiat-batxillerat-a-la-granes-em-va-ajudar-a-adaptar-me-molt-millor-al-ritme-universitari\/#breadcrumb\",\"itemListElement\":[{\"@type\":\"ListItem\",\"position\":1,\"name\":\"Inici\",\"item\":\"https:\/\/www.batxilleratgranes.com\/es\/\"},{\"@type\":\"ListItem\",\"position\":2,\"name\":\"&#8220;Haver estudiat batxillerat a la Gran\u00e9s em va ajudar a adaptar-me molt millor al ritme universitari&#8221;\"}]},{\"@type\":\"WebSite\",\"@id\":\"https:\/\/www.batxilleratgranes.com\/es\/#website\",\"url\":\"https:\/\/www.batxilleratgranes.com\/es\/\",\"name\":\"Gran\u00e9s Batxillerat - Escuela especializada en Bachillerato en Barcelona\",\"description\":\"Escola especialitzada en Batxillerat a Barcelona\",\"publisher\":{\"@id\":\"https:\/\/www.batxilleratgranes.com\/es\/#organization\"},\"potentialAction\":[{\"@type\":\"SearchAction\",\"target\":{\"@type\":\"EntryPoint\",\"urlTemplate\":\"https:\/\/www.batxilleratgranes.com\/es\/?s={search_term_string}\"},\"query-input\":{\"@type\":\"PropertyValueSpecification\",\"valueRequired\":true,\"valueName\":\"search_term_string\"}}],\"inLanguage\":\"es\"},{\"@type\":\"Organization\",\"@id\":\"https:\/\/www.batxilleratgranes.com\/es\/#organization\",\"name\":\"Gran\u00e9s Batxillerat - Escuela especializada en Bachillerato en Barcelona\",\"url\":\"https:\/\/www.batxilleratgranes.com\/es\/\",\"logo\":{\"@type\":\"ImageObject\",\"inLanguage\":\"es\",\"@id\":\"https:\/\/www.batxilleratgranes.com\/es\/#\/schema\/logo\/image\/\",\"url\":\"https:\/\/www.batxilleratgranes.com\/wp-content\/uploads\/2013\/01\/granes1.png\",\"contentUrl\":\"https:\/\/www.batxilleratgranes.com\/wp-content\/uploads\/2013\/01\/granes1.png\",\"width\":292,\"height\":85,\"caption\":\"Gran\u00e9s Batxillerat - Escuela especializada en Bachillerato en Barcelona\"},\"image\":{\"@id\":\"https:\/\/www.batxilleratgranes.com\/es\/#\/schema\/logo\/image\/\"}},{\"@type\":\"Person\",\"@id\":\"https:\/\/www.batxilleratgranes.com\/es\/#\/schema\/person\/4e10f231f79e8e2d24629e02b8283201\",\"name\":\"mireia.martinez\",\"image\":{\"@type\":\"ImageObject\",\"inLanguage\":\"es\",\"@id\":\"https:\/\/www.batxilleratgranes.com\/es\/#\/schema\/person\/image\/\",\"url\":\"https:\/\/secure.gravatar.com\/avatar\/8c952e346979fb1eaf89bbc4dfda29f0?s=96&d=mm&r=g\",\"contentUrl\":\"https:\/\/secure.gravatar.com\/avatar\/8c952e346979fb1eaf89bbc4dfda29f0?s=96&d=mm&r=g\",\"caption\":\"mireia.martinez\"},\"url\":\"https:\/\/www.batxilleratgranes.com\/es\/author\/mireia-martinez\/\"}]}<\/script>\n<!-- \/ Yoast SEO plugin. -->","yoast_head_json":{"title":"\"Haver estudiat batxillerat a la Gran\u00e9s em va ajudar a adaptar-me molt millor al ritme universitari\" - Gran\u00e9s Batxillerat - Escuela especializada en Bachillerato en Barcelona","robots":{"index":"index","follow":"follow","max-snippet":"max-snippet:-1","max-image-preview":"max-image-preview:large","max-video-preview":"max-video-preview:-1"},"canonical":"https:\/\/www.batxilleratgranes.com\/es\/haver-estudiat-batxillerat-a-la-granes-em-va-ajudar-a-adaptar-me-molt-millor-al-ritme-universitari\/","og_locale":"es_ES","og_type":"article","og_title":"\"Haver estudiat batxillerat a la Gran\u00e9s em va ajudar a adaptar-me molt millor al ritme universitari\" - Gran\u00e9s Batxillerat - Escuela especializada en Bachillerato en Barcelona","og_description":"Entrevista a Cl\u00e0udia Gallego, exalumna Quan vas decidir que volies estudiar a l\u2019estranger? A principis de 2n de batxillerat. A finals de 1r ja estava donant-li voltes al cap de qu\u00e8 faria l\u2019any vinent i com vaig estar l\u2019\u00faltim any de l&#8217;ESO a Irlanda i vaig viure una experi\u00e8ncia fant\u00e0stica, vaig decidir que volia tornar&hellip;&nbsp;Read More &raquo;&#8220;Haver estudiat batxillerat a la Gran\u00e9s em va ajudar a adaptar-me molt millor al ritme universitari&#8221;","og_url":"https:\/\/www.batxilleratgranes.com\/es\/haver-estudiat-batxillerat-a-la-granes-em-va-ajudar-a-adaptar-me-molt-millor-al-ritme-universitari\/","og_site_name":"Gran\u00e9s Batxillerat - Escuela especializada en Bachillerato en Barcelona","article_published_time":"2021-09-13T18:03:00+00:00","article_modified_time":"2021-10-19T18:43:21+00:00","og_image":[{"width":304,"height":196,"url":"https:\/\/www.batxilleratgranes.com\/wp-content\/uploads\/2021\/10\/claudia.jpg","type":"image\/jpeg"}],"author":"mireia.martinez","twitter_card":"summary_large_image","twitter_misc":{"Written by":"mireia.martinez","Est. reading time":"6 minutes"},"schema":{"@context":"https:\/\/schema.org","@graph":[{"@type":"Article","@id":"https:\/\/www.batxilleratgranes.com\/es\/haver-estudiat-batxillerat-a-la-granes-em-va-ajudar-a-adaptar-me-molt-millor-al-ritme-universitari\/#article","isPartOf":{"@id":"https:\/\/www.batxilleratgranes.com\/es\/haver-estudiat-batxillerat-a-la-granes-em-va-ajudar-a-adaptar-me-molt-millor-al-ritme-universitari\/"},"author":{"name":"mireia.martinez","@id":"https:\/\/www.batxilleratgranes.com\/es\/#\/schema\/person\/4e10f231f79e8e2d24629e02b8283201"},"headline":"&#8220;Haver estudiat batxillerat a la Gran\u00e9s em va ajudar a adaptar-me molt millor al ritme universitari&#8221;","datePublished":"2021-09-13T18:03:00+00:00","dateModified":"2021-10-19T18:43:21+00:00","mainEntityOfPage":{"@id":"https:\/\/www.batxilleratgranes.com\/es\/haver-estudiat-batxillerat-a-la-granes-em-va-ajudar-a-adaptar-me-molt-millor-al-ritme-universitari\/"},"wordCount":1331,"commentCount":0,"publisher":{"@id":"https:\/\/www.batxilleratgranes.com\/es\/#organization"},"image":{"@id":"https:\/\/www.batxilleratgranes.com\/es\/haver-estudiat-batxillerat-a-la-granes-em-va-ajudar-a-adaptar-me-molt-millor-al-ritme-universitari\/#primaryimage"},"thumbnailUrl":"https:\/\/www.batxilleratgranes.com\/wp-content\/uploads\/2021\/10\/claudia.jpg","keywords":["Alumni","Antics alumnes","Esc\u00f2cia","Universitat"],"articleSection":["Antics alumnes"],"inLanguage":"es","potentialAction":[{"@type":"CommentAction","name":"Comment","target":["https:\/\/www.batxilleratgranes.com\/es\/haver-estudiat-batxillerat-a-la-granes-em-va-ajudar-a-adaptar-me-molt-millor-al-ritme-universitari\/#respond"]}]},{"@type":"WebPage","@id":"https:\/\/www.batxilleratgranes.com\/es\/haver-estudiat-batxillerat-a-la-granes-em-va-ajudar-a-adaptar-me-molt-millor-al-ritme-universitari\/","url":"https:\/\/www.batxilleratgranes.com\/es\/haver-estudiat-batxillerat-a-la-granes-em-va-ajudar-a-adaptar-me-molt-millor-al-ritme-universitari\/","name":"\"Haver estudiat batxillerat a la Gran\u00e9s em va ajudar a adaptar-me molt millor al ritme universitari\" - Gran\u00e9s Batxillerat - Escuela especializada en Bachillerato en Barcelona","isPartOf":{"@id":"https:\/\/www.batxilleratgranes.com\/es\/#website"},"primaryImageOfPage":{"@id":"https:\/\/www.batxilleratgranes.com\/es\/haver-estudiat-batxillerat-a-la-granes-em-va-ajudar-a-adaptar-me-molt-millor-al-ritme-universitari\/#primaryimage"},"image":{"@id":"https:\/\/www.batxilleratgranes.com\/es\/haver-estudiat-batxillerat-a-la-granes-em-va-ajudar-a-adaptar-me-molt-millor-al-ritme-universitari\/#primaryimage"},"thumbnailUrl":"https:\/\/www.batxilleratgranes.com\/wp-content\/uploads\/2021\/10\/claudia.jpg","datePublished":"2021-09-13T18:03:00+00:00","dateModified":"2021-10-19T18:43:21+00:00","breadcrumb":{"@id":"https:\/\/www.batxilleratgranes.com\/es\/haver-estudiat-batxillerat-a-la-granes-em-va-ajudar-a-adaptar-me-molt-millor-al-ritme-universitari\/#breadcrumb"},"inLanguage":"es","potentialAction":[{"@type":"ReadAction","target":["https:\/\/www.batxilleratgranes.com\/es\/haver-estudiat-batxillerat-a-la-granes-em-va-ajudar-a-adaptar-me-molt-millor-al-ritme-universitari\/"]}]},{"@type":"ImageObject","inLanguage":"es","@id":"https:\/\/www.batxilleratgranes.com\/es\/haver-estudiat-batxillerat-a-la-granes-em-va-ajudar-a-adaptar-me-molt-millor-al-ritme-universitari\/#primaryimage","url":"https:\/\/www.batxilleratgranes.com\/wp-content\/uploads\/2021\/10\/claudia.jpg","contentUrl":"https:\/\/www.batxilleratgranes.com\/wp-content\/uploads\/2021\/10\/claudia.jpg","width":304,"height":196},{"@type":"BreadcrumbList","@id":"https:\/\/www.batxilleratgranes.com\/es\/haver-estudiat-batxillerat-a-la-granes-em-va-ajudar-a-adaptar-me-molt-millor-al-ritme-universitari\/#breadcrumb","itemListElement":[{"@type":"ListItem","position":1,"name":"Inici","item":"https:\/\/www.batxilleratgranes.com\/es\/"},{"@type":"ListItem","position":2,"name":"&#8220;Haver estudiat batxillerat a la Gran\u00e9s em va ajudar a adaptar-me molt millor al ritme universitari&#8221;"}]},{"@type":"WebSite","@id":"https:\/\/www.batxilleratgranes.com\/es\/#website","url":"https:\/\/www.batxilleratgranes.com\/es\/","name":"Gran\u00e9s Batxillerat - Escuela especializada en Bachillerato en Barcelona","description":"Escola especialitzada en Batxillerat a Barcelona","publisher":{"@id":"https:\/\/www.batxilleratgranes.com\/es\/#organization"},"potentialAction":[{"@type":"SearchAction","target":{"@type":"EntryPoint","urlTemplate":"https:\/\/www.batxilleratgranes.com\/es\/?s={search_term_string}"},"query-input":{"@type":"PropertyValueSpecification","valueRequired":true,"valueName":"search_term_string"}}],"inLanguage":"es"},{"@type":"Organization","@id":"https:\/\/www.batxilleratgranes.com\/es\/#organization","name":"Gran\u00e9s Batxillerat - Escuela especializada en Bachillerato en Barcelona","url":"https:\/\/www.batxilleratgranes.com\/es\/","logo":{"@type":"ImageObject","inLanguage":"es","@id":"https:\/\/www.batxilleratgranes.com\/es\/#\/schema\/logo\/image\/","url":"https:\/\/www.batxilleratgranes.com\/wp-content\/uploads\/2013\/01\/granes1.png","contentUrl":"https:\/\/www.batxilleratgranes.com\/wp-content\/uploads\/2013\/01\/granes1.png","width":292,"height":85,"caption":"Gran\u00e9s Batxillerat - Escuela especializada en Bachillerato en Barcelona"},"image":{"@id":"https:\/\/www.batxilleratgranes.com\/es\/#\/schema\/logo\/image\/"}},{"@type":"Person","@id":"https:\/\/www.batxilleratgranes.com\/es\/#\/schema\/person\/4e10f231f79e8e2d24629e02b8283201","name":"mireia.martinez","image":{"@type":"ImageObject","inLanguage":"es","@id":"https:\/\/www.batxilleratgranes.com\/es\/#\/schema\/person\/image\/","url":"https:\/\/secure.gravatar.com\/avatar\/8c952e346979fb1eaf89bbc4dfda29f0?s=96&d=mm&r=g","contentUrl":"https:\/\/secure.gravatar.com\/avatar\/8c952e346979fb1eaf89bbc4dfda29f0?s=96&d=mm&r=g","caption":"mireia.martinez"},"url":"https:\/\/www.batxilleratgranes.com\/es\/author\/mireia-martinez\/"}]}},"_links":{"self":[{"href":"https:\/\/www.batxilleratgranes.com\/es\/wp-json\/wp\/v2\/posts\/33695"}],"collection":[{"href":"https:\/\/www.batxilleratgranes.com\/es\/wp-json\/wp\/v2\/posts"}],"about":[{"href":"https:\/\/www.batxilleratgranes.com\/es\/wp-json\/wp\/v2\/types\/post"}],"author":[{"embeddable":true,"href":"https:\/\/www.batxilleratgranes.com\/es\/wp-json\/wp\/v2\/users\/5"}],"replies":[{"embeddable":true,"href":"https:\/\/www.batxilleratgranes.com\/es\/wp-json\/wp\/v2\/comments?post=33695"}],"version-history":[{"count":4,"href":"https:\/\/www.batxilleratgranes.com\/es\/wp-json\/wp\/v2\/posts\/33695\/revisions"}],"predecessor-version":[{"id":37111,"href":"https:\/\/www.batxilleratgranes.com\/es\/wp-json\/wp\/v2\/posts\/33695\/revisions\/37111"}],"wp:featuredmedia":[{"embeddable":true,"href":"https:\/\/www.batxilleratgranes.com\/es\/wp-json\/wp\/v2\/media\/37108"}],"wp:attachment":[{"href":"https:\/\/www.batxilleratgranes.com\/es\/wp-json\/wp\/v2\/media?parent=33695"}],"wp:term":[{"taxonomy":"category","embeddable":true,"href":"https:\/\/www.batxilleratgranes.com\/es\/wp-json\/wp\/v2\/categories?post=33695"},{"taxonomy":"post_tag","embeddable":true,"href":"https:\/\/www.batxilleratgranes.com\/es\/wp-json\/wp\/v2\/tags?post=33695"}],"curies":[{"name":"wp","href":"https:\/\/api.w.org\/{rel}","templated":true}]}}