{"id":34457,"date":"2021-09-23T13:05:00","date_gmt":"2021-09-23T13:05:00","guid":{"rendered":"https:\/\/www.batxilleratgranes.com\/?p=34457"},"modified":"2021-10-15T09:47:07","modified_gmt":"2021-10-15T09:47:07","slug":"sortida-de-convivencia-2021","status":"publish","type":"post","link":"https:\/\/www.batxilleratgranes.com\/es\/sortida-de-convivencia-2021\/","title":{"rendered":"Sortida de conviv\u00e8ncia 2021"},"content":{"rendered":"\n<p>A Gran\u00e9s Batxillerat ens agrada iniciar el curs amb una sortida per fomentar la <strong>cohesi\u00f3<\/strong> entre els alumnes. Amb aquesta es pret\u00e9n afavorir les seves habilitats socials, tot practicant activitats de car\u00e0cter l\u00fadic que els permetin, a m\u00e9s, passar una bona estona.<\/p>\n\n\n\n<div class=\"wp-block-image\"><figure class=\"aligncenter size-large\"><a href=\"https:\/\/www.batxilleratgranes.com\/wp-content\/uploads\/2021\/10\/IMG-20210922-WA0010.jpg\"><img loading=\"lazy\" decoding=\"async\" width=\"1024\" height=\"768\" src=\"https:\/\/www.batxilleratgranes.com\/wp-content\/uploads\/2021\/10\/IMG-20210922-WA0010-1024x768.jpg\" alt=\"\" class=\"wp-image-34691\" srcset=\"https:\/\/www.batxilleratgranes.com\/wp-content\/uploads\/2021\/10\/IMG-20210922-WA0010-1024x768.jpg 1024w, https:\/\/www.batxilleratgranes.com\/wp-content\/uploads\/2021\/10\/IMG-20210922-WA0010-300x225.jpg 300w, https:\/\/www.batxilleratgranes.com\/wp-content\/uploads\/2021\/10\/IMG-20210922-WA0010-768x576.jpg 768w, https:\/\/www.batxilleratgranes.com\/wp-content\/uploads\/2021\/10\/IMG-20210922-WA0010.jpg 1200w\" sizes=\"(max-width: 1024px) 100vw, 1024px\" \/><\/a><\/figure><\/div>\n\n\n\n<p>Despr\u00e9s que l&#8217;any passat no es pogu\u00e9s dur a terme a causa de la pand\u00e8mia, tant els alumnes com els professors ten\u00edem moltes ganes de gaudir de nou d&#8217;aquesta <strong>jornada de conviv\u00e8ncia<\/strong>. Els alumnes de <strong> 1r de batxillerat<\/strong>&nbsp;van realitzar una visita guiada al&nbsp;<strong>Parc Natural de Collserola<\/strong>. Organitzats en diferents grups i acompanyats cadascun d\u2019ells per un&nbsp;<strong>educador<\/strong> del parc, van gaudir d&#8217;una passejada on van poder descobrir els diferents ecosistemes d\u2019aquest espai. Els guies els van explicar un munt de curiositats sobre la flora i fauna d&#8217;aquest espai protegit, aix\u00ed com algunes de les seves rutes m\u00e9s atractives.<\/p>\n\n\n\n<div class=\"wp-block-image\"><figure class=\"aligncenter size-large\"><a href=\"https:\/\/www.batxilleratgranes.com\/wp-content\/uploads\/2021\/10\/1-1.jpg\"><img loading=\"lazy\" decoding=\"async\" width=\"1024\" height=\"819\" src=\"https:\/\/www.batxilleratgranes.com\/wp-content\/uploads\/2021\/10\/1-1-1024x819.jpg\" alt=\"\" class=\"wp-image-34685\" srcset=\"https:\/\/www.batxilleratgranes.com\/wp-content\/uploads\/2021\/10\/1-1-1024x819.jpg 1024w, https:\/\/www.batxilleratgranes.com\/wp-content\/uploads\/2021\/10\/1-1-300x240.jpg 300w, https:\/\/www.batxilleratgranes.com\/wp-content\/uploads\/2021\/10\/1-1-768x614.jpg 768w, https:\/\/www.batxilleratgranes.com\/wp-content\/uploads\/2021\/10\/1-1.jpg 1200w\" sizes=\"(max-width: 1024px) 100vw, 1024px\" \/><\/a><\/figure><\/div>\n\n\n\n<div class=\"wp-block-image\"><figure class=\"aligncenter size-large\"><a href=\"https:\/\/www.batxilleratgranes.com\/wp-content\/uploads\/2021\/10\/2-1.jpg\"><img loading=\"lazy\" decoding=\"async\" width=\"1024\" height=\"819\" src=\"https:\/\/www.batxilleratgranes.com\/wp-content\/uploads\/2021\/10\/2-1-1024x819.jpg\" alt=\"\" class=\"wp-image-34687\" srcset=\"https:\/\/www.batxilleratgranes.com\/wp-content\/uploads\/2021\/10\/2-1-1024x819.jpg 1024w, https:\/\/www.batxilleratgranes.com\/wp-content\/uploads\/2021\/10\/2-1-300x240.jpg 300w, https:\/\/www.batxilleratgranes.com\/wp-content\/uploads\/2021\/10\/2-1-768x614.jpg 768w, https:\/\/www.batxilleratgranes.com\/wp-content\/uploads\/2021\/10\/2-1.jpg 1200w\" sizes=\"(max-width: 1024px) 100vw, 1024px\" \/><\/a><\/figure><\/div>\n\n\n\n<p> Durant el trajecte es van realitzar algunes parades com a la <strong>Font de la Budellera<\/strong> i l\u2019<strong>\u00c0rea de lleure Santa Maria de Vallvidrera<\/strong>, on vam dinar. <\/p>\n\n\n\n<div class=\"wp-block-image\"><figure class=\"aligncenter size-large\"><a href=\"https:\/\/www.batxilleratgranes.com\/wp-content\/uploads\/2021\/10\/IMG-20210922-WA0004.jpg\"><img loading=\"lazy\" decoding=\"async\" width=\"1024\" height=\"768\" src=\"https:\/\/www.batxilleratgranes.com\/wp-content\/uploads\/2021\/10\/IMG-20210922-WA0004-1024x768.jpg\" alt=\"\" class=\"wp-image-34693\" srcset=\"https:\/\/www.batxilleratgranes.com\/wp-content\/uploads\/2021\/10\/IMG-20210922-WA0004-1024x768.jpg 1024w, https:\/\/www.batxilleratgranes.com\/wp-content\/uploads\/2021\/10\/IMG-20210922-WA0004-300x225.jpg 300w, https:\/\/www.batxilleratgranes.com\/wp-content\/uploads\/2021\/10\/IMG-20210922-WA0004-768x576.jpg 768w, https:\/\/www.batxilleratgranes.com\/wp-content\/uploads\/2021\/10\/IMG-20210922-WA0004.jpg 1200w\" sizes=\"(max-width: 1024px) 100vw, 1024px\" \/><\/a><\/figure><\/div>\n\n\n\n<p>Mentrestant, els alumnes de <strong>2n de batxillerat <\/strong>van gaudir d\u2019una&nbsp;<strong>gimcana urbana<\/strong>&nbsp;pel centre de Barcelona. Aquesta \u201cMissi\u00f3 Barcino\u201d va comen\u00e7ar a la&nbsp;<strong>Pla\u00e7a Catalunya<\/strong>, on es van distribuir els diferents equips, cadascun d\u2019ells acompanyats d\u2019un monitor de l\u2019empresa especialitzada OKTeam. Durant la gimcana, els alumnes van haver de resoldre un seguit de reptes per aconseguir guanyar monedes. A m\u00e9s, l&#8217;equip que aconsegu\u00eds arribar el primer al punt final de la gimcana, la mateixa Pla\u00e7a Catalunya, aconseguia 3 monedes, 2 el que arrib\u00e9s en segon lloc, i 1, l&#8217;equip que arrib\u00e9s en tercer lloc.<\/p>\n\n\n\n<p>A la seg\u00fcent <strong>galeria<\/strong> podreu veure un ampli recull d&#8217;imatges d&#8217;algunes de les proves de la gimcana i els millors moments! (<strong>Fotografies: OKTeam<\/strong>)<\/p>\n\n\n<p>[metaslider id=&#8221;33645&#8243;]<\/p>\n\n\n\n<p>Al final de la gimcana es va resoldre el gran misteri: qui va ser l&#8217;equip guanyador? Doncs l&#8217;equip de &#8220;L<em>es bandits<\/em>&#8220;, que va aconseguir la vict\u00f2ria arribant el primer al final de la gimcana i aconseguint realitzar totes les proves. <\/p>\n\n\n\n<p><\/p>\n\n\n\n<div class=\"wp-block-image\"><figure class=\"aligncenter size-large is-resized\"><a href=\"https:\/\/www.batxilleratgranes.com\/wp-content\/uploads\/2021\/10\/Foto-22-9-21-13-05-40-2.jpg\"><img loading=\"lazy\" decoding=\"async\" src=\"https:\/\/www.batxilleratgranes.com\/wp-content\/uploads\/2021\/10\/Foto-22-9-21-13-05-40-2-1024x945.jpg\" alt=\"\" class=\"wp-image-36535\" width=\"768\" height=\"709\" srcset=\"https:\/\/www.batxilleratgranes.com\/wp-content\/uploads\/2021\/10\/Foto-22-9-21-13-05-40-2-1024x945.jpg 1024w, https:\/\/www.batxilleratgranes.com\/wp-content\/uploads\/2021\/10\/Foto-22-9-21-13-05-40-2-300x277.jpg 300w, https:\/\/www.batxilleratgranes.com\/wp-content\/uploads\/2021\/10\/Foto-22-9-21-13-05-40-2-768x708.jpg 768w, https:\/\/www.batxilleratgranes.com\/wp-content\/uploads\/2021\/10\/Foto-22-9-21-13-05-40-2.jpg 1200w\" sizes=\"(max-width: 768px) 100vw, 768px\" \/><\/a><figcaption>Equip guanyador de<em> Les Bandits<\/em><\/figcaption><\/figure><\/div>\n\n\n\n<p>En definitiva, una sortida on ens ho vam passar d&#8217;all\u00f2 m\u00e9s b\u00e9, com podeu veure en aquest v\u00eddeo resum.<\/p>\n\n\n\n<figure class=\"wp-block-embed is-type-video is-provider-youtube wp-block-embed-youtube wp-embed-aspect-16-9 wp-has-aspect-ratio\"><div class=\"wp-block-embed__wrapper\">\n<div class=\"nv-iframe-embed\"><iframe loading=\"lazy\" title=\"Sortida de conviv\u00e8ncia - 2021\" width=\"1200\" height=\"675\" src=\"https:\/\/www.youtube.com\/embed\/HIvvQbLd9_w?feature=oembed\" frameborder=\"0\" allow=\"accelerometer; autoplay; clipboard-write; encrypted-media; gyroscope; picture-in-picture\" allowfullscreen><\/iframe><\/div>\n<\/div><\/figure>\n","protected":false},"excerpt":{"rendered":"<p>A Gran\u00e9s Batxillerat ens agrada iniciar el curs amb una sortida per fomentar la cohesi\u00f3 entre els alumnes. Amb aquesta es pret\u00e9n afavorir les seves habilitats socials, tot practicant activitats de car\u00e0cter l\u00fadic que els permetin, a m\u00e9s, passar una bona estona. Despr\u00e9s que l&#8217;any passat no es pogu\u00e9s dur a terme a causa de&hellip;&nbsp;<a href=\"https:\/\/www.batxilleratgranes.com\/es\/sortida-de-convivencia-2021\/\" class=\"\" rel=\"bookmark\">Read More &raquo;<span class=\"screen-reader-text\">Sortida de conviv\u00e8ncia 2021<\/span><\/a><\/p>\n","protected":false},"author":5,"featured_media":36702,"comment_status":"open","ping_status":"open","sticky":false,"template":"","format":"standard","meta":{"neve_meta_sidebar":"","neve_meta_container":"","neve_meta_enable_content_width":"","neve_meta_content_width":0,"neve_meta_title_alignment":"","neve_meta_author_avatar":"","neve_post_elements_order":"","neve_meta_disable_header":"","neve_meta_disable_footer":"","neve_meta_disable_title":"","footnotes":""},"categories":[1],"tags":[1383,1385,1384,1382,1381,1380],"class_list":["post-34457","post","type-post","status-publish","format-standard","has-post-thumbnail","hentry","category-uncategorized","tag-barcelona-2-2","tag-germanor-2-2","tag-gimcana-2-2","tag-parc-de-collserola-2-2","tag-sortida-de-convivencia-2-2","tag-sortides-2-2"],"yoast_head":"<!-- This site is optimized with the Yoast SEO plugin v23.4 - https:\/\/yoast.com\/wordpress\/plugins\/seo\/ -->\n<title>Sortida de conviv\u00e8ncia 2021 - Gran\u00e9s Batxillerat - Escuela especializada en Bachillerato en Barcelona<\/title>\n<meta name=\"robots\" content=\"index, follow, max-snippet:-1, max-image-preview:large, max-video-preview:-1\" \/>\n<link rel=\"canonical\" href=\"https:\/\/www.batxilleratgranes.com\/es\/sortida-de-convivencia-2021\/\" \/>\n<meta property=\"og:locale\" content=\"es_ES\" \/>\n<meta property=\"og:type\" content=\"article\" \/>\n<meta property=\"og:title\" content=\"Sortida de conviv\u00e8ncia 2021 - Gran\u00e9s Batxillerat - Escuela especializada en Bachillerato en Barcelona\" \/>\n<meta property=\"og:description\" content=\"A Gran\u00e9s Batxillerat ens agrada iniciar el curs amb una sortida per fomentar la cohesi\u00f3 entre els alumnes. Amb aquesta es pret\u00e9n afavorir les seves habilitats socials, tot practicant activitats de car\u00e0cter l\u00fadic que els permetin, a m\u00e9s, passar una bona estona. Despr\u00e9s que l&#8217;any passat no es pogu\u00e9s dur a terme a causa de&hellip;&nbsp;Read More &raquo;Sortida de conviv\u00e8ncia 2021\" \/>\n<meta property=\"og:url\" content=\"https:\/\/www.batxilleratgranes.com\/es\/sortida-de-convivencia-2021\/\" \/>\n<meta property=\"og:site_name\" content=\"Gran\u00e9s Batxillerat - Escuela especializada en Bachillerato en Barcelona\" \/>\n<meta property=\"article:published_time\" content=\"2021-09-23T13:05:00+00:00\" \/>\n<meta property=\"article:modified_time\" content=\"2021-10-15T09:47:07+00:00\" \/>\n<meta property=\"og:image\" content=\"https:\/\/www.batxilleratgranes.com\/wp-content\/uploads\/2021\/10\/IMG-20210922-WA0013-1.jpg\" \/>\n\t<meta property=\"og:image:width\" content=\"1200\" \/>\n\t<meta property=\"og:image:height\" content=\"900\" \/>\n\t<meta property=\"og:image:type\" content=\"image\/jpeg\" \/>\n<meta name=\"author\" content=\"mireia.martinez\" \/>\n<meta name=\"twitter:card\" content=\"summary_large_image\" \/>\n<meta name=\"twitter:label1\" content=\"Written by\" \/>\n\t<meta name=\"twitter:data1\" content=\"mireia.martinez\" \/>\n\t<meta name=\"twitter:label2\" content=\"Est. reading time\" \/>\n\t<meta name=\"twitter:data2\" content=\"3 minutes\" \/>\n<script type=\"application\/ld+json\" class=\"yoast-schema-graph\">{\"@context\":\"https:\/\/schema.org\",\"@graph\":[{\"@type\":\"Article\",\"@id\":\"https:\/\/www.batxilleratgranes.com\/es\/sortida-de-convivencia-2021\/#article\",\"isPartOf\":{\"@id\":\"https:\/\/www.batxilleratgranes.com\/es\/sortida-de-convivencia-2021\/\"},\"author\":{\"name\":\"mireia.martinez\",\"@id\":\"https:\/\/www.batxilleratgranes.com\/es\/#\/schema\/person\/4e10f231f79e8e2d24629e02b8283201\"},\"headline\":\"Sortida de conviv\u00e8ncia 2021\",\"datePublished\":\"2021-09-23T13:05:00+00:00\",\"dateModified\":\"2021-10-15T09:47:07+00:00\",\"mainEntityOfPage\":{\"@id\":\"https:\/\/www.batxilleratgranes.com\/es\/sortida-de-convivencia-2021\/\"},\"wordCount\":406,\"commentCount\":0,\"publisher\":{\"@id\":\"https:\/\/www.batxilleratgranes.com\/es\/#organization\"},\"image\":{\"@id\":\"https:\/\/www.batxilleratgranes.com\/es\/sortida-de-convivencia-2021\/#primaryimage\"},\"thumbnailUrl\":\"https:\/\/www.batxilleratgranes.com\/wp-content\/uploads\/2021\/10\/IMG-20210922-WA0013-1.jpg\",\"keywords\":[\"Barcelona\",\"Germanor\",\"Gimcana\",\"Parc de Collserola\",\"Sortida de conviv\u00e8ncia\",\"Sortides\"],\"inLanguage\":\"es\",\"potentialAction\":[{\"@type\":\"CommentAction\",\"name\":\"Comment\",\"target\":[\"https:\/\/www.batxilleratgranes.com\/es\/sortida-de-convivencia-2021\/#respond\"]}]},{\"@type\":\"WebPage\",\"@id\":\"https:\/\/www.batxilleratgranes.com\/es\/sortida-de-convivencia-2021\/\",\"url\":\"https:\/\/www.batxilleratgranes.com\/es\/sortida-de-convivencia-2021\/\",\"name\":\"Sortida de conviv\u00e8ncia 2021 - Gran\u00e9s Batxillerat - Escuela especializada en Bachillerato en Barcelona\",\"isPartOf\":{\"@id\":\"https:\/\/www.batxilleratgranes.com\/es\/#website\"},\"primaryImageOfPage\":{\"@id\":\"https:\/\/www.batxilleratgranes.com\/es\/sortida-de-convivencia-2021\/#primaryimage\"},\"image\":{\"@id\":\"https:\/\/www.batxilleratgranes.com\/es\/sortida-de-convivencia-2021\/#primaryimage\"},\"thumbnailUrl\":\"https:\/\/www.batxilleratgranes.com\/wp-content\/uploads\/2021\/10\/IMG-20210922-WA0013-1.jpg\",\"datePublished\":\"2021-09-23T13:05:00+00:00\",\"dateModified\":\"2021-10-15T09:47:07+00:00\",\"breadcrumb\":{\"@id\":\"https:\/\/www.batxilleratgranes.com\/es\/sortida-de-convivencia-2021\/#breadcrumb\"},\"inLanguage\":\"es\",\"potentialAction\":[{\"@type\":\"ReadAction\",\"target\":[\"https:\/\/www.batxilleratgranes.com\/es\/sortida-de-convivencia-2021\/\"]}]},{\"@type\":\"ImageObject\",\"inLanguage\":\"es\",\"@id\":\"https:\/\/www.batxilleratgranes.com\/es\/sortida-de-convivencia-2021\/#primaryimage\",\"url\":\"https:\/\/www.batxilleratgranes.com\/wp-content\/uploads\/2021\/10\/IMG-20210922-WA0013-1.jpg\",\"contentUrl\":\"https:\/\/www.batxilleratgranes.com\/wp-content\/uploads\/2021\/10\/IMG-20210922-WA0013-1.jpg\",\"width\":1200,\"height\":900},{\"@type\":\"BreadcrumbList\",\"@id\":\"https:\/\/www.batxilleratgranes.com\/es\/sortida-de-convivencia-2021\/#breadcrumb\",\"itemListElement\":[{\"@type\":\"ListItem\",\"position\":1,\"name\":\"Inici\",\"item\":\"https:\/\/www.batxilleratgranes.com\/es\/\"},{\"@type\":\"ListItem\",\"position\":2,\"name\":\"Sortida de conviv\u00e8ncia 2021\"}]},{\"@type\":\"WebSite\",\"@id\":\"https:\/\/www.batxilleratgranes.com\/es\/#website\",\"url\":\"https:\/\/www.batxilleratgranes.com\/es\/\",\"name\":\"Gran\u00e9s Batxillerat - Escuela especializada en Bachillerato en Barcelona\",\"description\":\"Escola especialitzada en Batxillerat a Barcelona\",\"publisher\":{\"@id\":\"https:\/\/www.batxilleratgranes.com\/es\/#organization\"},\"potentialAction\":[{\"@type\":\"SearchAction\",\"target\":{\"@type\":\"EntryPoint\",\"urlTemplate\":\"https:\/\/www.batxilleratgranes.com\/es\/?s={search_term_string}\"},\"query-input\":{\"@type\":\"PropertyValueSpecification\",\"valueRequired\":true,\"valueName\":\"search_term_string\"}}],\"inLanguage\":\"es\"},{\"@type\":\"Organization\",\"@id\":\"https:\/\/www.batxilleratgranes.com\/es\/#organization\",\"name\":\"Gran\u00e9s Batxillerat - Escuela especializada en Bachillerato en Barcelona\",\"url\":\"https:\/\/www.batxilleratgranes.com\/es\/\",\"logo\":{\"@type\":\"ImageObject\",\"inLanguage\":\"es\",\"@id\":\"https:\/\/www.batxilleratgranes.com\/es\/#\/schema\/logo\/image\/\",\"url\":\"https:\/\/www.batxilleratgranes.com\/wp-content\/uploads\/2013\/01\/granes1.png\",\"contentUrl\":\"https:\/\/www.batxilleratgranes.com\/wp-content\/uploads\/2013\/01\/granes1.png\",\"width\":292,\"height\":85,\"caption\":\"Gran\u00e9s Batxillerat - Escuela especializada en Bachillerato en Barcelona\"},\"image\":{\"@id\":\"https:\/\/www.batxilleratgranes.com\/es\/#\/schema\/logo\/image\/\"}},{\"@type\":\"Person\",\"@id\":\"https:\/\/www.batxilleratgranes.com\/es\/#\/schema\/person\/4e10f231f79e8e2d24629e02b8283201\",\"name\":\"mireia.martinez\",\"image\":{\"@type\":\"ImageObject\",\"inLanguage\":\"es\",\"@id\":\"https:\/\/www.batxilleratgranes.com\/es\/#\/schema\/person\/image\/\",\"url\":\"https:\/\/secure.gravatar.com\/avatar\/8c952e346979fb1eaf89bbc4dfda29f0?s=96&d=mm&r=g\",\"contentUrl\":\"https:\/\/secure.gravatar.com\/avatar\/8c952e346979fb1eaf89bbc4dfda29f0?s=96&d=mm&r=g\",\"caption\":\"mireia.martinez\"},\"url\":\"https:\/\/www.batxilleratgranes.com\/es\/author\/mireia-martinez\/\"}]}<\/script>\n<!-- \/ Yoast SEO plugin. -->","yoast_head_json":{"title":"Sortida de conviv\u00e8ncia 2021 - Gran\u00e9s Batxillerat - Escuela especializada en Bachillerato en Barcelona","robots":{"index":"index","follow":"follow","max-snippet":"max-snippet:-1","max-image-preview":"max-image-preview:large","max-video-preview":"max-video-preview:-1"},"canonical":"https:\/\/www.batxilleratgranes.com\/es\/sortida-de-convivencia-2021\/","og_locale":"es_ES","og_type":"article","og_title":"Sortida de conviv\u00e8ncia 2021 - Gran\u00e9s Batxillerat - Escuela especializada en Bachillerato en Barcelona","og_description":"A Gran\u00e9s Batxillerat ens agrada iniciar el curs amb una sortida per fomentar la cohesi\u00f3 entre els alumnes. Amb aquesta es pret\u00e9n afavorir les seves habilitats socials, tot practicant activitats de car\u00e0cter l\u00fadic que els permetin, a m\u00e9s, passar una bona estona. Despr\u00e9s que l&#8217;any passat no es pogu\u00e9s dur a terme a causa de&hellip;&nbsp;Read More &raquo;Sortida de conviv\u00e8ncia 2021","og_url":"https:\/\/www.batxilleratgranes.com\/es\/sortida-de-convivencia-2021\/","og_site_name":"Gran\u00e9s Batxillerat - Escuela especializada en Bachillerato en Barcelona","article_published_time":"2021-09-23T13:05:00+00:00","article_modified_time":"2021-10-15T09:47:07+00:00","og_image":[{"width":1200,"height":900,"url":"https:\/\/www.batxilleratgranes.com\/wp-content\/uploads\/2021\/10\/IMG-20210922-WA0013-1.jpg","type":"image\/jpeg"}],"author":"mireia.martinez","twitter_card":"summary_large_image","twitter_misc":{"Written by":"mireia.martinez","Est. reading time":"3 minutes"},"schema":{"@context":"https:\/\/schema.org","@graph":[{"@type":"Article","@id":"https:\/\/www.batxilleratgranes.com\/es\/sortida-de-convivencia-2021\/#article","isPartOf":{"@id":"https:\/\/www.batxilleratgranes.com\/es\/sortida-de-convivencia-2021\/"},"author":{"name":"mireia.martinez","@id":"https:\/\/www.batxilleratgranes.com\/es\/#\/schema\/person\/4e10f231f79e8e2d24629e02b8283201"},"headline":"Sortida de conviv\u00e8ncia 2021","datePublished":"2021-09-23T13:05:00+00:00","dateModified":"2021-10-15T09:47:07+00:00","mainEntityOfPage":{"@id":"https:\/\/www.batxilleratgranes.com\/es\/sortida-de-convivencia-2021\/"},"wordCount":406,"commentCount":0,"publisher":{"@id":"https:\/\/www.batxilleratgranes.com\/es\/#organization"},"image":{"@id":"https:\/\/www.batxilleratgranes.com\/es\/sortida-de-convivencia-2021\/#primaryimage"},"thumbnailUrl":"https:\/\/www.batxilleratgranes.com\/wp-content\/uploads\/2021\/10\/IMG-20210922-WA0013-1.jpg","keywords":["Barcelona","Germanor","Gimcana","Parc de Collserola","Sortida de conviv\u00e8ncia","Sortides"],"inLanguage":"es","potentialAction":[{"@type":"CommentAction","name":"Comment","target":["https:\/\/www.batxilleratgranes.com\/es\/sortida-de-convivencia-2021\/#respond"]}]},{"@type":"WebPage","@id":"https:\/\/www.batxilleratgranes.com\/es\/sortida-de-convivencia-2021\/","url":"https:\/\/www.batxilleratgranes.com\/es\/sortida-de-convivencia-2021\/","name":"Sortida de conviv\u00e8ncia 2021 - Gran\u00e9s Batxillerat - Escuela especializada en Bachillerato en Barcelona","isPartOf":{"@id":"https:\/\/www.batxilleratgranes.com\/es\/#website"},"primaryImageOfPage":{"@id":"https:\/\/www.batxilleratgranes.com\/es\/sortida-de-convivencia-2021\/#primaryimage"},"image":{"@id":"https:\/\/www.batxilleratgranes.com\/es\/sortida-de-convivencia-2021\/#primaryimage"},"thumbnailUrl":"https:\/\/www.batxilleratgranes.com\/wp-content\/uploads\/2021\/10\/IMG-20210922-WA0013-1.jpg","datePublished":"2021-09-23T13:05:00+00:00","dateModified":"2021-10-15T09:47:07+00:00","breadcrumb":{"@id":"https:\/\/www.batxilleratgranes.com\/es\/sortida-de-convivencia-2021\/#breadcrumb"},"inLanguage":"es","potentialAction":[{"@type":"ReadAction","target":["https:\/\/www.batxilleratgranes.com\/es\/sortida-de-convivencia-2021\/"]}]},{"@type":"ImageObject","inLanguage":"es","@id":"https:\/\/www.batxilleratgranes.com\/es\/sortida-de-convivencia-2021\/#primaryimage","url":"https:\/\/www.batxilleratgranes.com\/wp-content\/uploads\/2021\/10\/IMG-20210922-WA0013-1.jpg","contentUrl":"https:\/\/www.batxilleratgranes.com\/wp-content\/uploads\/2021\/10\/IMG-20210922-WA0013-1.jpg","width":1200,"height":900},{"@type":"BreadcrumbList","@id":"https:\/\/www.batxilleratgranes.com\/es\/sortida-de-convivencia-2021\/#breadcrumb","itemListElement":[{"@type":"ListItem","position":1,"name":"Inici","item":"https:\/\/www.batxilleratgranes.com\/es\/"},{"@type":"ListItem","position":2,"name":"Sortida de conviv\u00e8ncia 2021"}]},{"@type":"WebSite","@id":"https:\/\/www.batxilleratgranes.com\/es\/#website","url":"https:\/\/www.batxilleratgranes.com\/es\/","name":"Gran\u00e9s Batxillerat - Escuela especializada en Bachillerato en Barcelona","description":"Escola especialitzada en Batxillerat a Barcelona","publisher":{"@id":"https:\/\/www.batxilleratgranes.com\/es\/#organization"},"potentialAction":[{"@type":"SearchAction","target":{"@type":"EntryPoint","urlTemplate":"https:\/\/www.batxilleratgranes.com\/es\/?s={search_term_string}"},"query-input":{"@type":"PropertyValueSpecification","valueRequired":true,"valueName":"search_term_string"}}],"inLanguage":"es"},{"@type":"Organization","@id":"https:\/\/www.batxilleratgranes.com\/es\/#organization","name":"Gran\u00e9s Batxillerat - Escuela especializada en Bachillerato en Barcelona","url":"https:\/\/www.batxilleratgranes.com\/es\/","logo":{"@type":"ImageObject","inLanguage":"es","@id":"https:\/\/www.batxilleratgranes.com\/es\/#\/schema\/logo\/image\/","url":"https:\/\/www.batxilleratgranes.com\/wp-content\/uploads\/2013\/01\/granes1.png","contentUrl":"https:\/\/www.batxilleratgranes.com\/wp-content\/uploads\/2013\/01\/granes1.png","width":292,"height":85,"caption":"Gran\u00e9s Batxillerat - Escuela especializada en Bachillerato en Barcelona"},"image":{"@id":"https:\/\/www.batxilleratgranes.com\/es\/#\/schema\/logo\/image\/"}},{"@type":"Person","@id":"https:\/\/www.batxilleratgranes.com\/es\/#\/schema\/person\/4e10f231f79e8e2d24629e02b8283201","name":"mireia.martinez","image":{"@type":"ImageObject","inLanguage":"es","@id":"https:\/\/www.batxilleratgranes.com\/es\/#\/schema\/person\/image\/","url":"https:\/\/secure.gravatar.com\/avatar\/8c952e346979fb1eaf89bbc4dfda29f0?s=96&d=mm&r=g","contentUrl":"https:\/\/secure.gravatar.com\/avatar\/8c952e346979fb1eaf89bbc4dfda29f0?s=96&d=mm&r=g","caption":"mireia.martinez"},"url":"https:\/\/www.batxilleratgranes.com\/es\/author\/mireia-martinez\/"}]}},"_links":{"self":[{"href":"https:\/\/www.batxilleratgranes.com\/es\/wp-json\/wp\/v2\/posts\/34457"}],"collection":[{"href":"https:\/\/www.batxilleratgranes.com\/es\/wp-json\/wp\/v2\/posts"}],"about":[{"href":"https:\/\/www.batxilleratgranes.com\/es\/wp-json\/wp\/v2\/types\/post"}],"author":[{"embeddable":true,"href":"https:\/\/www.batxilleratgranes.com\/es\/wp-json\/wp\/v2\/users\/5"}],"replies":[{"embeddable":true,"href":"https:\/\/www.batxilleratgranes.com\/es\/wp-json\/wp\/v2\/comments?post=34457"}],"version-history":[{"count":6,"href":"https:\/\/www.batxilleratgranes.com\/es\/wp-json\/wp\/v2\/posts\/34457\/revisions"}],"predecessor-version":[{"id":37000,"href":"https:\/\/www.batxilleratgranes.com\/es\/wp-json\/wp\/v2\/posts\/34457\/revisions\/37000"}],"wp:featuredmedia":[{"embeddable":true,"href":"https:\/\/www.batxilleratgranes.com\/es\/wp-json\/wp\/v2\/media\/36702"}],"wp:attachment":[{"href":"https:\/\/www.batxilleratgranes.com\/es\/wp-json\/wp\/v2\/media?parent=34457"}],"wp:term":[{"taxonomy":"category","embeddable":true,"href":"https:\/\/www.batxilleratgranes.com\/es\/wp-json\/wp\/v2\/categories?post=34457"},{"taxonomy":"post_tag","embeddable":true,"href":"https:\/\/www.batxilleratgranes.com\/es\/wp-json\/wp\/v2\/tags?post=34457"}],"curies":[{"name":"wp","href":"https:\/\/api.w.org\/{rel}","templated":true}]}}