{"id":34498,"date":"2021-10-07T12:26:55","date_gmt":"2021-10-07T12:26:55","guid":{"rendered":"https:\/\/www.batxilleratgranes.com\/?p=34498"},"modified":"2021-10-14T11:15:37","modified_gmt":"2021-10-14T11:15:37","slug":"visitem-el-programa-planta-baixa-de-tv3","status":"publish","type":"post","link":"https:\/\/www.batxilleratgranes.com\/es\/visitem-el-programa-planta-baixa-de-tv3\/","title":{"rendered":"Visitem el programa &#8220;Planta Baixa&#8221; de TV3"},"content":{"rendered":"\n<p>Ahir els nostres alumnes de 1r i 2n de batxillerat de l&#8217;itinerari en <strong><a href=\"https:\/\/www.batxilleratgranes.com\/batxillerat-comunicacio-periodisme\/\">Comunicaci\u00f3 i Periodisme<\/a><\/strong> van realitzar una visita al programa de TV3 <strong>&#8220;Planta Baixa<\/strong>&#8220;, presentat pel periodista <strong>Xavi Rossinyol.<\/strong><\/p>\n\n\n\n<p>Durant l&#8217;estada, els nostres alumnes van participar com a p\u00fablic, per\u00f2, a m\u00e9s, van ser testimonis de com es viu en directe la realitzaci\u00f3 d&#8217;un programa com aquest.  Aix\u00ed, els estudiants van poder accedir a la seva <strong>redacci\u00f3<\/strong> i a la <strong>sala de control<\/strong> per veure tot el que es cou en l&#8217;emissi\u00f3 de &#8220;Planta Baixa&#8221;.<\/p>\n\n\n\n<div class=\"wp-block-image\"><figure class=\"aligncenter size-large\"><a href=\"https:\/\/www.batxilleratgranes.com\/wp-content\/uploads\/2021\/10\/6.jpg\"><img loading=\"lazy\" decoding=\"async\" width=\"1024\" height=\"572\" src=\"https:\/\/www.batxilleratgranes.com\/wp-content\/uploads\/2021\/10\/6-1024x572.jpg\" alt=\"\" class=\"wp-image-36962\" srcset=\"https:\/\/www.batxilleratgranes.com\/wp-content\/uploads\/2021\/10\/6-1024x572.jpg 1024w, https:\/\/www.batxilleratgranes.com\/wp-content\/uploads\/2021\/10\/6-300x168.jpg 300w, https:\/\/www.batxilleratgranes.com\/wp-content\/uploads\/2021\/10\/6-768x429.jpg 768w, https:\/\/www.batxilleratgranes.com\/wp-content\/uploads\/2021\/10\/6.jpg 1087w\" sizes=\"(max-width: 1024px) 100vw, 1024px\" \/><\/a><figcaption>A punt ,d&#8217;entrar en directe en el programa (Fotografia: Dani Jan\u00e9)<\/figcaption><\/figure><\/div>\n\n\n\n<div class=\"wp-block-image\"><figure class=\"aligncenter size-large\"><a href=\"https:\/\/www.batxilleratgranes.com\/wp-content\/uploads\/2021\/10\/7.jpg\"><img loading=\"lazy\" decoding=\"async\" width=\"1024\" height=\"573\" src=\"https:\/\/www.batxilleratgranes.com\/wp-content\/uploads\/2021\/10\/7-1024x573.jpg\" alt=\"\" class=\"wp-image-36960\" srcset=\"https:\/\/www.batxilleratgranes.com\/wp-content\/uploads\/2021\/10\/7-1024x573.jpg 1024w, https:\/\/www.batxilleratgranes.com\/wp-content\/uploads\/2021\/10\/7-300x168.jpg 300w, https:\/\/www.batxilleratgranes.com\/wp-content\/uploads\/2021\/10\/7-768x430.jpg 768w, https:\/\/www.batxilleratgranes.com\/wp-content\/uploads\/2021\/10\/7.jpg 1087w\" sizes=\"(max-width: 1024px) 100vw, 1024px\" \/><\/a><figcaption>Els nostres alumnes de Comunicaci\u00f3 i Periodisme assistint com a p\u00fablic a &#8220;Planta Baixa&#8221; (Fotografia: Dani Jan\u00e9)<\/figcaption><\/figure><\/div>\n\n\n\n<p>Durant la jornada, a m\u00e9s, els estudiants van poder fer una visita per aquestes instal\u00b7lacions de TV3 i veure diferents plat\u00f3s emblem\u00e0tics de la casa, com ara els dels programes &#8220;Tot es mou&#8221; o &#8220;FAQS&#8221;, entre altres.<\/p>\n\n\n\n<div class=\"wp-block-image\"><figure class=\"aligncenter size-large\"><a href=\"https:\/\/www.batxilleratgranes.com\/wp-content\/uploads\/2021\/10\/1-2.jpg\"><img loading=\"lazy\" decoding=\"async\" width=\"1024\" height=\"578\" src=\"https:\/\/www.batxilleratgranes.com\/wp-content\/uploads\/2021\/10\/1-2-1024x578.jpg\" alt=\"\" class=\"wp-image-36950\" srcset=\"https:\/\/www.batxilleratgranes.com\/wp-content\/uploads\/2021\/10\/1-2-1024x578.jpg 1024w, https:\/\/www.batxilleratgranes.com\/wp-content\/uploads\/2021\/10\/1-2-300x169.jpg 300w, https:\/\/www.batxilleratgranes.com\/wp-content\/uploads\/2021\/10\/1-2-768x433.jpg 768w, https:\/\/www.batxilleratgranes.com\/wp-content\/uploads\/2021\/10\/1-2.jpg 1083w\" sizes=\"(max-width: 1024px) 100vw, 1024px\" \/><\/a><figcaption>Recorregut per les instal\u00b7lacions de TV3 (Fotografia: Dani Jan\u00e9)<\/figcaption><\/figure><\/div>\n\n\n\n<div class=\"wp-block-image\"><figure class=\"aligncenter size-large\"><a href=\"https:\/\/www.batxilleratgranes.com\/wp-content\/uploads\/2021\/10\/3.jpg\"><img loading=\"lazy\" decoding=\"async\" width=\"1024\" height=\"574\" src=\"https:\/\/www.batxilleratgranes.com\/wp-content\/uploads\/2021\/10\/3-1024x574.jpg\" alt=\"\" class=\"wp-image-36954\" srcset=\"https:\/\/www.batxilleratgranes.com\/wp-content\/uploads\/2021\/10\/3-1024x574.jpg 1024w, https:\/\/www.batxilleratgranes.com\/wp-content\/uploads\/2021\/10\/3-300x168.jpg 300w, https:\/\/www.batxilleratgranes.com\/wp-content\/uploads\/2021\/10\/3-768x430.jpg 768w, https:\/\/www.batxilleratgranes.com\/wp-content\/uploads\/2021\/10\/3.jpg 1082w\" sizes=\"(max-width: 1024px) 100vw, 1024px\" \/><\/a><figcaption>Els nostres alumnes visiten diferents plat\u00f3s, com el de &#8220;Tot el mou&#8221; (Fotografia: Dani Jan\u00e9)<\/figcaption><\/figure><\/div>\n\n\n\n<div class=\"wp-block-image\"><figure class=\"aligncenter size-large\"><a href=\"https:\/\/www.batxilleratgranes.com\/wp-content\/uploads\/2021\/10\/5.jpg\"><img loading=\"lazy\" decoding=\"async\" width=\"1081\" height=\"607\" src=\"https:\/\/www.batxilleratgranes.com\/wp-content\/uploads\/2021\/10\/5-1024x575.jpg\" alt=\"\" class=\"wp-image-36956\" srcset=\"https:\/\/www.batxilleratgranes.com\/wp-content\/uploads\/2021\/10\/5-1024x575.jpg 1024w, https:\/\/www.batxilleratgranes.com\/wp-content\/uploads\/2021\/10\/5-300x168.jpg 300w, https:\/\/www.batxilleratgranes.com\/wp-content\/uploads\/2021\/10\/5-768x431.jpg 768w, https:\/\/www.batxilleratgranes.com\/wp-content\/uploads\/2021\/10\/5.jpg 1081w\" sizes=\"(max-width: 1081px) 100vw, 1081px\" \/><\/a><figcaption>Sala de redacci\u00f3 de &#8220;Planta Baixa&#8221; (Fotografia: Dani Jan\u00e9)<\/figcaption><\/figure><\/div>\n\n\n\n<div class=\"wp-block-image\"><figure class=\"aligncenter size-large\"><a href=\"https:\/\/www.batxilleratgranes.com\/wp-content\/uploads\/2021\/10\/10.jpg\"><img loading=\"lazy\" decoding=\"async\" width=\"1024\" height=\"573\" src=\"https:\/\/www.batxilleratgranes.com\/wp-content\/uploads\/2021\/10\/10-1024x573.jpg\" alt=\"\" class=\"wp-image-36958\" srcset=\"https:\/\/www.batxilleratgranes.com\/wp-content\/uploads\/2021\/10\/10-1024x573.jpg 1024w, https:\/\/www.batxilleratgranes.com\/wp-content\/uploads\/2021\/10\/10-300x168.jpg 300w, https:\/\/www.batxilleratgranes.com\/wp-content\/uploads\/2021\/10\/10-768x430.jpg 768w, https:\/\/www.batxilleratgranes.com\/wp-content\/uploads\/2021\/10\/10.jpg 1091w\" sizes=\"(max-width: 1024px) 100vw, 1024px\" \/><\/a><figcaption>Sala de control del programa (Fotografia: Dani Jan\u00e9)<\/figcaption><\/figure><\/div>\n\n\n\n<p>Aqu\u00ed us deixem tamb\u00e9 un v\u00eddeo de la participaci\u00f3 dels nostres alumnes al programa. Va ser una experi\u00e8ncia molt interessant i enriquidora!<\/p>\n\n\n\n<figure class=\"wp-block-embed aligncenter is-type-video is-provider-youtube wp-block-embed-youtube wp-embed-aspect-16-9 wp-has-aspect-ratio\"><div class=\"wp-block-embed__wrapper\">\n<div class=\"nv-iframe-embed\"><iframe loading=\"lazy\" title=\"Visita a Planta Baixa de TV3\" width=\"1200\" height=\"675\" src=\"https:\/\/www.youtube.com\/embed\/x32ypHYTR4Y?feature=oembed\" frameborder=\"0\" allow=\"accelerometer; autoplay; clipboard-write; encrypted-media; gyroscope; picture-in-picture\" allowfullscreen><\/iframe><\/div>\n<\/div><\/figure>\n","protected":false},"excerpt":{"rendered":"<p>Ahir els nostres alumnes de 1r i 2n de batxillerat de l&#8217;itinerari en Comunicaci\u00f3 i Periodisme van realitzar una visita al programa de TV3 &#8220;Planta Baixa&#8220;, presentat pel periodista Xavi Rossinyol. Durant l&#8217;estada, els nostres alumnes van participar com a p\u00fablic, per\u00f2, a m\u00e9s, van ser testimonis de com es viu en directe la realitzaci\u00f3&hellip;&nbsp;<a href=\"https:\/\/www.batxilleratgranes.com\/es\/visitem-el-programa-planta-baixa-de-tv3\/\" class=\"\" rel=\"bookmark\">Read More &raquo;<span class=\"screen-reader-text\">Visitem el programa &#8220;Planta Baixa&#8221; de TV3<\/span><\/a><\/p>\n","protected":false},"author":5,"featured_media":36704,"comment_status":"open","ping_status":"open","sticky":false,"template":"","format":"standard","meta":{"neve_meta_sidebar":"","neve_meta_container":"","neve_meta_enable_content_width":"","neve_meta_content_width":0,"neve_meta_title_alignment":"","neve_meta_author_avatar":"","neve_post_elements_order":"","neve_meta_disable_header":"","neve_meta_disable_footer":"","neve_meta_disable_title":"","footnotes":""},"categories":[7,1370],"tags":[1388,1386,1389,1390,1387,1391],"class_list":["post-34498","post","type-post","status-publish","format-standard","has-post-thumbnail","hentry","category-centre-batxillerat-granes","category-activitats-granes-2","tag-comunicacio-i-periodisme-2-2","tag-planta-baixa-2-2","tag-televisio-2-2","tag-tv3-2-2","tag-visita-tv3-2","tag-xavi-rossinyol-2"],"yoast_head":"<!-- This site is optimized with the Yoast SEO plugin v23.4 - https:\/\/yoast.com\/wordpress\/plugins\/seo\/ -->\n<title>Visitem el programa &quot;Planta Baixa&quot; de TV3 - Gran\u00e9s Batxillerat - Escuela especializada en Bachillerato en Barcelona<\/title>\n<meta name=\"robots\" content=\"index, follow, max-snippet:-1, max-image-preview:large, max-video-preview:-1\" \/>\n<link rel=\"canonical\" href=\"https:\/\/www.batxilleratgranes.com\/es\/visitem-el-programa-planta-baixa-de-tv3\/\" \/>\n<meta property=\"og:locale\" content=\"es_ES\" \/>\n<meta property=\"og:type\" content=\"article\" \/>\n<meta property=\"og:title\" content=\"Visitem el programa &quot;Planta Baixa&quot; de TV3 - Gran\u00e9s Batxillerat - Escuela especializada en Bachillerato en Barcelona\" \/>\n<meta property=\"og:description\" content=\"Ahir els nostres alumnes de 1r i 2n de batxillerat de l&#8217;itinerari en Comunicaci\u00f3 i Periodisme van realitzar una visita al programa de TV3 &#8220;Planta Baixa&#8220;, presentat pel periodista Xavi Rossinyol. Durant l&#8217;estada, els nostres alumnes van participar com a p\u00fablic, per\u00f2, a m\u00e9s, van ser testimonis de com es viu en directe la realitzaci\u00f3&hellip;&nbsp;Read More &raquo;Visitem el programa &#8220;Planta Baixa&#8221; de TV3\" \/>\n<meta property=\"og:url\" content=\"https:\/\/www.batxilleratgranes.com\/es\/visitem-el-programa-planta-baixa-de-tv3\/\" \/>\n<meta property=\"og:site_name\" content=\"Gran\u00e9s Batxillerat - Escuela especializada en Bachillerato en Barcelona\" \/>\n<meta property=\"article:published_time\" content=\"2021-10-07T12:26:55+00:00\" \/>\n<meta property=\"article:modified_time\" content=\"2021-10-14T11:15:37+00:00\" \/>\n<meta property=\"og:image\" content=\"https:\/\/www.batxilleratgranes.com\/wp-content\/uploads\/2021\/10\/IMG-20211005-WA0003-2.jpg\" \/>\n\t<meta property=\"og:image:width\" content=\"1200\" \/>\n\t<meta property=\"og:image:height\" content=\"675\" \/>\n\t<meta property=\"og:image:type\" content=\"image\/jpeg\" \/>\n<meta name=\"author\" content=\"mireia.martinez\" \/>\n<meta name=\"twitter:card\" content=\"summary_large_image\" \/>\n<meta name=\"twitter:label1\" content=\"Written by\" \/>\n\t<meta name=\"twitter:data1\" content=\"mireia.martinez\" \/>\n\t<meta name=\"twitter:label2\" content=\"Est. reading time\" \/>\n\t<meta name=\"twitter:data2\" content=\"3 minutes\" \/>\n<script type=\"application\/ld+json\" class=\"yoast-schema-graph\">{\"@context\":\"https:\/\/schema.org\",\"@graph\":[{\"@type\":\"Article\",\"@id\":\"https:\/\/www.batxilleratgranes.com\/es\/visitem-el-programa-planta-baixa-de-tv3\/#article\",\"isPartOf\":{\"@id\":\"https:\/\/www.batxilleratgranes.com\/es\/visitem-el-programa-planta-baixa-de-tv3\/\"},\"author\":{\"name\":\"mireia.martinez\",\"@id\":\"https:\/\/www.batxilleratgranes.com\/es\/#\/schema\/person\/4e10f231f79e8e2d24629e02b8283201\"},\"headline\":\"Visitem el programa &#8220;Planta Baixa&#8221; de TV3\",\"datePublished\":\"2021-10-07T12:26:55+00:00\",\"dateModified\":\"2021-10-14T11:15:37+00:00\",\"mainEntityOfPage\":{\"@id\":\"https:\/\/www.batxilleratgranes.com\/es\/visitem-el-programa-planta-baixa-de-tv3\/\"},\"wordCount\":244,\"commentCount\":0,\"publisher\":{\"@id\":\"https:\/\/www.batxilleratgranes.com\/es\/#organization\"},\"image\":{\"@id\":\"https:\/\/www.batxilleratgranes.com\/es\/visitem-el-programa-planta-baixa-de-tv3\/#primaryimage\"},\"thumbnailUrl\":\"https:\/\/www.batxilleratgranes.com\/wp-content\/uploads\/2021\/10\/IMG-20211005-WA0003-2.jpg\",\"keywords\":[\"Comunicaci\u00f3 i Periodisme\",\"Planta Baixa\",\"Televisi\u00f3\",\"Tv3\",\"Visita TV3\",\"Xavi Rossinyol\"],\"articleSection\":[\"Activitats Gran\u00e9s\",\"Activitats Gran\u00e9s\"],\"inLanguage\":\"es\",\"potentialAction\":[{\"@type\":\"CommentAction\",\"name\":\"Comment\",\"target\":[\"https:\/\/www.batxilleratgranes.com\/es\/visitem-el-programa-planta-baixa-de-tv3\/#respond\"]}]},{\"@type\":\"WebPage\",\"@id\":\"https:\/\/www.batxilleratgranes.com\/es\/visitem-el-programa-planta-baixa-de-tv3\/\",\"url\":\"https:\/\/www.batxilleratgranes.com\/es\/visitem-el-programa-planta-baixa-de-tv3\/\",\"name\":\"Visitem el programa \\\"Planta Baixa\\\" de TV3 - Gran\u00e9s Batxillerat - Escuela especializada en Bachillerato en Barcelona\",\"isPartOf\":{\"@id\":\"https:\/\/www.batxilleratgranes.com\/es\/#website\"},\"primaryImageOfPage\":{\"@id\":\"https:\/\/www.batxilleratgranes.com\/es\/visitem-el-programa-planta-baixa-de-tv3\/#primaryimage\"},\"image\":{\"@id\":\"https:\/\/www.batxilleratgranes.com\/es\/visitem-el-programa-planta-baixa-de-tv3\/#primaryimage\"},\"thumbnailUrl\":\"https:\/\/www.batxilleratgranes.com\/wp-content\/uploads\/2021\/10\/IMG-20211005-WA0003-2.jpg\",\"datePublished\":\"2021-10-07T12:26:55+00:00\",\"dateModified\":\"2021-10-14T11:15:37+00:00\",\"breadcrumb\":{\"@id\":\"https:\/\/www.batxilleratgranes.com\/es\/visitem-el-programa-planta-baixa-de-tv3\/#breadcrumb\"},\"inLanguage\":\"es\",\"potentialAction\":[{\"@type\":\"ReadAction\",\"target\":[\"https:\/\/www.batxilleratgranes.com\/es\/visitem-el-programa-planta-baixa-de-tv3\/\"]}]},{\"@type\":\"ImageObject\",\"inLanguage\":\"es\",\"@id\":\"https:\/\/www.batxilleratgranes.com\/es\/visitem-el-programa-planta-baixa-de-tv3\/#primaryimage\",\"url\":\"https:\/\/www.batxilleratgranes.com\/wp-content\/uploads\/2021\/10\/IMG-20211005-WA0003-2.jpg\",\"contentUrl\":\"https:\/\/www.batxilleratgranes.com\/wp-content\/uploads\/2021\/10\/IMG-20211005-WA0003-2.jpg\",\"width\":1200,\"height\":675},{\"@type\":\"BreadcrumbList\",\"@id\":\"https:\/\/www.batxilleratgranes.com\/es\/visitem-el-programa-planta-baixa-de-tv3\/#breadcrumb\",\"itemListElement\":[{\"@type\":\"ListItem\",\"position\":1,\"name\":\"Inici\",\"item\":\"https:\/\/www.batxilleratgranes.com\/es\/\"},{\"@type\":\"ListItem\",\"position\":2,\"name\":\"Visitem el programa &#8220;Planta Baixa&#8221; de TV3\"}]},{\"@type\":\"WebSite\",\"@id\":\"https:\/\/www.batxilleratgranes.com\/es\/#website\",\"url\":\"https:\/\/www.batxilleratgranes.com\/es\/\",\"name\":\"Gran\u00e9s Batxillerat - Escuela especializada en Bachillerato en Barcelona\",\"description\":\"Escola especialitzada en Batxillerat a Barcelona\",\"publisher\":{\"@id\":\"https:\/\/www.batxilleratgranes.com\/es\/#organization\"},\"potentialAction\":[{\"@type\":\"SearchAction\",\"target\":{\"@type\":\"EntryPoint\",\"urlTemplate\":\"https:\/\/www.batxilleratgranes.com\/es\/?s={search_term_string}\"},\"query-input\":{\"@type\":\"PropertyValueSpecification\",\"valueRequired\":true,\"valueName\":\"search_term_string\"}}],\"inLanguage\":\"es\"},{\"@type\":\"Organization\",\"@id\":\"https:\/\/www.batxilleratgranes.com\/es\/#organization\",\"name\":\"Gran\u00e9s Batxillerat - Escuela especializada en Bachillerato en Barcelona\",\"url\":\"https:\/\/www.batxilleratgranes.com\/es\/\",\"logo\":{\"@type\":\"ImageObject\",\"inLanguage\":\"es\",\"@id\":\"https:\/\/www.batxilleratgranes.com\/es\/#\/schema\/logo\/image\/\",\"url\":\"https:\/\/www.batxilleratgranes.com\/wp-content\/uploads\/2013\/01\/granes1.png\",\"contentUrl\":\"https:\/\/www.batxilleratgranes.com\/wp-content\/uploads\/2013\/01\/granes1.png\",\"width\":292,\"height\":85,\"caption\":\"Gran\u00e9s Batxillerat - Escuela especializada en Bachillerato en Barcelona\"},\"image\":{\"@id\":\"https:\/\/www.batxilleratgranes.com\/es\/#\/schema\/logo\/image\/\"}},{\"@type\":\"Person\",\"@id\":\"https:\/\/www.batxilleratgranes.com\/es\/#\/schema\/person\/4e10f231f79e8e2d24629e02b8283201\",\"name\":\"mireia.martinez\",\"image\":{\"@type\":\"ImageObject\",\"inLanguage\":\"es\",\"@id\":\"https:\/\/www.batxilleratgranes.com\/es\/#\/schema\/person\/image\/\",\"url\":\"https:\/\/secure.gravatar.com\/avatar\/8c952e346979fb1eaf89bbc4dfda29f0?s=96&d=mm&r=g\",\"contentUrl\":\"https:\/\/secure.gravatar.com\/avatar\/8c952e346979fb1eaf89bbc4dfda29f0?s=96&d=mm&r=g\",\"caption\":\"mireia.martinez\"},\"url\":\"https:\/\/www.batxilleratgranes.com\/es\/author\/mireia-martinez\/\"}]}<\/script>\n<!-- \/ Yoast SEO plugin. -->","yoast_head_json":{"title":"Visitem el programa \"Planta Baixa\" de TV3 - Gran\u00e9s Batxillerat - Escuela especializada en Bachillerato en Barcelona","robots":{"index":"index","follow":"follow","max-snippet":"max-snippet:-1","max-image-preview":"max-image-preview:large","max-video-preview":"max-video-preview:-1"},"canonical":"https:\/\/www.batxilleratgranes.com\/es\/visitem-el-programa-planta-baixa-de-tv3\/","og_locale":"es_ES","og_type":"article","og_title":"Visitem el programa \"Planta Baixa\" de TV3 - Gran\u00e9s Batxillerat - Escuela especializada en Bachillerato en Barcelona","og_description":"Ahir els nostres alumnes de 1r i 2n de batxillerat de l&#8217;itinerari en Comunicaci\u00f3 i Periodisme van realitzar una visita al programa de TV3 &#8220;Planta Baixa&#8220;, presentat pel periodista Xavi Rossinyol. Durant l&#8217;estada, els nostres alumnes van participar com a p\u00fablic, per\u00f2, a m\u00e9s, van ser testimonis de com es viu en directe la realitzaci\u00f3&hellip;&nbsp;Read More &raquo;Visitem el programa &#8220;Planta Baixa&#8221; de TV3","og_url":"https:\/\/www.batxilleratgranes.com\/es\/visitem-el-programa-planta-baixa-de-tv3\/","og_site_name":"Gran\u00e9s Batxillerat - Escuela especializada en Bachillerato en Barcelona","article_published_time":"2021-10-07T12:26:55+00:00","article_modified_time":"2021-10-14T11:15:37+00:00","og_image":[{"width":1200,"height":675,"url":"https:\/\/www.batxilleratgranes.com\/wp-content\/uploads\/2021\/10\/IMG-20211005-WA0003-2.jpg","type":"image\/jpeg"}],"author":"mireia.martinez","twitter_card":"summary_large_image","twitter_misc":{"Written by":"mireia.martinez","Est. reading time":"3 minutes"},"schema":{"@context":"https:\/\/schema.org","@graph":[{"@type":"Article","@id":"https:\/\/www.batxilleratgranes.com\/es\/visitem-el-programa-planta-baixa-de-tv3\/#article","isPartOf":{"@id":"https:\/\/www.batxilleratgranes.com\/es\/visitem-el-programa-planta-baixa-de-tv3\/"},"author":{"name":"mireia.martinez","@id":"https:\/\/www.batxilleratgranes.com\/es\/#\/schema\/person\/4e10f231f79e8e2d24629e02b8283201"},"headline":"Visitem el programa &#8220;Planta Baixa&#8221; de TV3","datePublished":"2021-10-07T12:26:55+00:00","dateModified":"2021-10-14T11:15:37+00:00","mainEntityOfPage":{"@id":"https:\/\/www.batxilleratgranes.com\/es\/visitem-el-programa-planta-baixa-de-tv3\/"},"wordCount":244,"commentCount":0,"publisher":{"@id":"https:\/\/www.batxilleratgranes.com\/es\/#organization"},"image":{"@id":"https:\/\/www.batxilleratgranes.com\/es\/visitem-el-programa-planta-baixa-de-tv3\/#primaryimage"},"thumbnailUrl":"https:\/\/www.batxilleratgranes.com\/wp-content\/uploads\/2021\/10\/IMG-20211005-WA0003-2.jpg","keywords":["Comunicaci\u00f3 i Periodisme","Planta Baixa","Televisi\u00f3","Tv3","Visita TV3","Xavi Rossinyol"],"articleSection":["Activitats Gran\u00e9s","Activitats Gran\u00e9s"],"inLanguage":"es","potentialAction":[{"@type":"CommentAction","name":"Comment","target":["https:\/\/www.batxilleratgranes.com\/es\/visitem-el-programa-planta-baixa-de-tv3\/#respond"]}]},{"@type":"WebPage","@id":"https:\/\/www.batxilleratgranes.com\/es\/visitem-el-programa-planta-baixa-de-tv3\/","url":"https:\/\/www.batxilleratgranes.com\/es\/visitem-el-programa-planta-baixa-de-tv3\/","name":"Visitem el programa \"Planta Baixa\" de TV3 - Gran\u00e9s Batxillerat - Escuela especializada en Bachillerato en Barcelona","isPartOf":{"@id":"https:\/\/www.batxilleratgranes.com\/es\/#website"},"primaryImageOfPage":{"@id":"https:\/\/www.batxilleratgranes.com\/es\/visitem-el-programa-planta-baixa-de-tv3\/#primaryimage"},"image":{"@id":"https:\/\/www.batxilleratgranes.com\/es\/visitem-el-programa-planta-baixa-de-tv3\/#primaryimage"},"thumbnailUrl":"https:\/\/www.batxilleratgranes.com\/wp-content\/uploads\/2021\/10\/IMG-20211005-WA0003-2.jpg","datePublished":"2021-10-07T12:26:55+00:00","dateModified":"2021-10-14T11:15:37+00:00","breadcrumb":{"@id":"https:\/\/www.batxilleratgranes.com\/es\/visitem-el-programa-planta-baixa-de-tv3\/#breadcrumb"},"inLanguage":"es","potentialAction":[{"@type":"ReadAction","target":["https:\/\/www.batxilleratgranes.com\/es\/visitem-el-programa-planta-baixa-de-tv3\/"]}]},{"@type":"ImageObject","inLanguage":"es","@id":"https:\/\/www.batxilleratgranes.com\/es\/visitem-el-programa-planta-baixa-de-tv3\/#primaryimage","url":"https:\/\/www.batxilleratgranes.com\/wp-content\/uploads\/2021\/10\/IMG-20211005-WA0003-2.jpg","contentUrl":"https:\/\/www.batxilleratgranes.com\/wp-content\/uploads\/2021\/10\/IMG-20211005-WA0003-2.jpg","width":1200,"height":675},{"@type":"BreadcrumbList","@id":"https:\/\/www.batxilleratgranes.com\/es\/visitem-el-programa-planta-baixa-de-tv3\/#breadcrumb","itemListElement":[{"@type":"ListItem","position":1,"name":"Inici","item":"https:\/\/www.batxilleratgranes.com\/es\/"},{"@type":"ListItem","position":2,"name":"Visitem el programa &#8220;Planta Baixa&#8221; de TV3"}]},{"@type":"WebSite","@id":"https:\/\/www.batxilleratgranes.com\/es\/#website","url":"https:\/\/www.batxilleratgranes.com\/es\/","name":"Gran\u00e9s Batxillerat - Escuela especializada en Bachillerato en Barcelona","description":"Escola especialitzada en Batxillerat a Barcelona","publisher":{"@id":"https:\/\/www.batxilleratgranes.com\/es\/#organization"},"potentialAction":[{"@type":"SearchAction","target":{"@type":"EntryPoint","urlTemplate":"https:\/\/www.batxilleratgranes.com\/es\/?s={search_term_string}"},"query-input":{"@type":"PropertyValueSpecification","valueRequired":true,"valueName":"search_term_string"}}],"inLanguage":"es"},{"@type":"Organization","@id":"https:\/\/www.batxilleratgranes.com\/es\/#organization","name":"Gran\u00e9s Batxillerat - Escuela especializada en Bachillerato en Barcelona","url":"https:\/\/www.batxilleratgranes.com\/es\/","logo":{"@type":"ImageObject","inLanguage":"es","@id":"https:\/\/www.batxilleratgranes.com\/es\/#\/schema\/logo\/image\/","url":"https:\/\/www.batxilleratgranes.com\/wp-content\/uploads\/2013\/01\/granes1.png","contentUrl":"https:\/\/www.batxilleratgranes.com\/wp-content\/uploads\/2013\/01\/granes1.png","width":292,"height":85,"caption":"Gran\u00e9s Batxillerat - Escuela especializada en Bachillerato en Barcelona"},"image":{"@id":"https:\/\/www.batxilleratgranes.com\/es\/#\/schema\/logo\/image\/"}},{"@type":"Person","@id":"https:\/\/www.batxilleratgranes.com\/es\/#\/schema\/person\/4e10f231f79e8e2d24629e02b8283201","name":"mireia.martinez","image":{"@type":"ImageObject","inLanguage":"es","@id":"https:\/\/www.batxilleratgranes.com\/es\/#\/schema\/person\/image\/","url":"https:\/\/secure.gravatar.com\/avatar\/8c952e346979fb1eaf89bbc4dfda29f0?s=96&d=mm&r=g","contentUrl":"https:\/\/secure.gravatar.com\/avatar\/8c952e346979fb1eaf89bbc4dfda29f0?s=96&d=mm&r=g","caption":"mireia.martinez"},"url":"https:\/\/www.batxilleratgranes.com\/es\/author\/mireia-martinez\/"}]}},"_links":{"self":[{"href":"https:\/\/www.batxilleratgranes.com\/es\/wp-json\/wp\/v2\/posts\/34498"}],"collection":[{"href":"https:\/\/www.batxilleratgranes.com\/es\/wp-json\/wp\/v2\/posts"}],"about":[{"href":"https:\/\/www.batxilleratgranes.com\/es\/wp-json\/wp\/v2\/types\/post"}],"author":[{"embeddable":true,"href":"https:\/\/www.batxilleratgranes.com\/es\/wp-json\/wp\/v2\/users\/5"}],"replies":[{"embeddable":true,"href":"https:\/\/www.batxilleratgranes.com\/es\/wp-json\/wp\/v2\/comments?post=34498"}],"version-history":[{"count":7,"href":"https:\/\/www.batxilleratgranes.com\/es\/wp-json\/wp\/v2\/posts\/34498\/revisions"}],"predecessor-version":[{"id":36965,"href":"https:\/\/www.batxilleratgranes.com\/es\/wp-json\/wp\/v2\/posts\/34498\/revisions\/36965"}],"wp:featuredmedia":[{"embeddable":true,"href":"https:\/\/www.batxilleratgranes.com\/es\/wp-json\/wp\/v2\/media\/36704"}],"wp:attachment":[{"href":"https:\/\/www.batxilleratgranes.com\/es\/wp-json\/wp\/v2\/media?parent=34498"}],"wp:term":[{"taxonomy":"category","embeddable":true,"href":"https:\/\/www.batxilleratgranes.com\/es\/wp-json\/wp\/v2\/categories?post=34498"},{"taxonomy":"post_tag","embeddable":true,"href":"https:\/\/www.batxilleratgranes.com\/es\/wp-json\/wp\/v2\/tags?post=34498"}],"curies":[{"name":"wp","href":"https:\/\/api.w.org\/{rel}","templated":true}]}}