{"id":36986,"date":"2021-10-01T18:17:00","date_gmt":"2021-10-01T18:17:00","guid":{"rendered":"https:\/\/www.batxilleratgranes.com\/?p=36986"},"modified":"2021-10-15T08:34:31","modified_gmt":"2021-10-15T08:34:31","slug":"entrevista-a-marc-pineda-exalumne-i-actor-a-moebius","status":"publish","type":"post","link":"https:\/\/www.batxilleratgranes.com\/es\/entrevista-a-marc-pineda-exalumne-i-actor-a-moebius\/","title":{"rendered":"Entrevista a Marc Pineda, exalumne i actor a &#8220;Moebius&#8221;"},"content":{"rendered":"\n<p>El nostre exalumne Marc Pineda, que va finalitzar fa dos anys el nostre batxillerat en Arts Esc\u00e8niques, ens parla en aquesta entrevista de com va viure el c\u00e0sting i la gravaci\u00f3 de la s\u00e8rie de TV3 &#8220;Moebius&#8221; en plena pand\u00e8mia. Despr\u00e9s d&#8217;estrenar-se a la pantalla gran amb el paper de l&#8217;\u00c0lex en aquesta minis\u00e8rie de gran \u00e8xit, el Marc segueix formant-se com a actor a E\u00f2lia ESAD i gaudeix d&#8217;un bon grapat de projectes en el camp de la interpretaci\u00f3.<\/p>\n\n\n\n<figure class=\"wp-block-embed is-type-video is-provider-youtube wp-block-embed-youtube wp-embed-aspect-16-9 wp-has-aspect-ratio\"><div class=\"wp-block-embed__wrapper\">\n<div class=\"nv-iframe-embed\"><iframe loading=\"lazy\" title=\"Entrevista a Marc Pineda\" width=\"1200\" height=\"675\" src=\"https:\/\/www.youtube.com\/embed\/aPFA30Xrfgk?feature=oembed\" frameborder=\"0\" allow=\"accelerometer; autoplay; clipboard-write; encrypted-media; gyroscope; picture-in-picture\" allowfullscreen><\/iframe><\/div>\n<\/div><\/figure>\n","protected":false},"excerpt":{"rendered":"<p>El nostre exalumne Marc Pineda, que va finalitzar fa dos anys el nostre batxillerat en Arts Esc\u00e8niques, ens parla en aquesta entrevista de com va viure el c\u00e0sting i la gravaci\u00f3 de la s\u00e8rie de TV3 &#8220;Moebius&#8221; en plena pand\u00e8mia. Despr\u00e9s d&#8217;estrenar-se a la pantalla gran amb el paper de l&#8217;\u00c0lex en aquesta minis\u00e8rie de&hellip;&nbsp;<a href=\"https:\/\/www.batxilleratgranes.com\/es\/entrevista-a-marc-pineda-exalumne-i-actor-a-moebius\/\" class=\"\" rel=\"bookmark\">Read More &raquo;<span class=\"screen-reader-text\">Entrevista a Marc Pineda, exalumne i actor a &#8220;Moebius&#8221;<\/span><\/a><\/p>\n","protected":false},"author":5,"featured_media":36987,"comment_status":"open","ping_status":"open","sticky":false,"template":"","format":"standard","meta":{"neve_meta_sidebar":"","neve_meta_container":"","neve_meta_enable_content_width":"","neve_meta_content_width":0,"neve_meta_title_alignment":"","neve_meta_author_avatar":"","neve_post_elements_order":"","neve_meta_disable_header":"","neve_meta_disable_footer":"","neve_meta_disable_title":"","footnotes":""},"categories":[1],"tags":[1397,1379,1395,1396,1393,1398,1392,1394],"class_list":["post-36986","post","type-post","status-publish","format-standard","has-post-thumbnail","hentry","category-uncategorized","tag-actor-2","tag-batxillerat-arts-esceniques-es-2","tag-batxillerat-escenic-2-2","tag-eolia-esad-2-2","tag-exalumnes-2-2","tag-intepretacio-2","tag-marc-pineda-2-2","tag-moebius-2-2"],"yoast_head":"<!-- This site is optimized with the Yoast SEO plugin v23.4 - https:\/\/yoast.com\/wordpress\/plugins\/seo\/ -->\n<title>Entrevista a Marc Pineda, exalumne i actor a &quot;Moebius&quot; - Gran\u00e9s Batxillerat - Escuela especializada en Bachillerato en Barcelona<\/title>\n<meta name=\"robots\" content=\"index, follow, max-snippet:-1, max-image-preview:large, max-video-preview:-1\" \/>\n<link rel=\"canonical\" href=\"https:\/\/www.batxilleratgranes.com\/es\/entrevista-a-marc-pineda-exalumne-i-actor-a-moebius\/\" \/>\n<meta property=\"og:locale\" content=\"es_ES\" \/>\n<meta property=\"og:type\" content=\"article\" \/>\n<meta property=\"og:title\" content=\"Entrevista a Marc Pineda, exalumne i actor a &quot;Moebius&quot; - Gran\u00e9s Batxillerat - Escuela especializada en Bachillerato en Barcelona\" \/>\n<meta property=\"og:description\" content=\"El nostre exalumne Marc Pineda, que va finalitzar fa dos anys el nostre batxillerat en Arts Esc\u00e8niques, ens parla en aquesta entrevista de com va viure el c\u00e0sting i la gravaci\u00f3 de la s\u00e8rie de TV3 &#8220;Moebius&#8221; en plena pand\u00e8mia. Despr\u00e9s d&#8217;estrenar-se a la pantalla gran amb el paper de l&#8217;\u00c0lex en aquesta minis\u00e8rie de&hellip;&nbsp;Read More &raquo;Entrevista a Marc Pineda, exalumne i actor a &#8220;Moebius&#8221;\" \/>\n<meta property=\"og:url\" content=\"https:\/\/www.batxilleratgranes.com\/es\/entrevista-a-marc-pineda-exalumne-i-actor-a-moebius\/\" \/>\n<meta property=\"og:site_name\" content=\"Gran\u00e9s Batxillerat - Escuela especializada en Bachillerato en Barcelona\" \/>\n<meta property=\"article:published_time\" content=\"2021-10-01T18:17:00+00:00\" \/>\n<meta property=\"article:modified_time\" content=\"2021-10-15T08:34:31+00:00\" \/>\n<meta property=\"og:image\" content=\"https:\/\/www.batxilleratgranes.com\/wp-content\/uploads\/2021\/10\/Imatges-newsletter-Juliol.jpg\" \/>\n\t<meta property=\"og:image:width\" content=\"1200\" \/>\n\t<meta property=\"og:image:height\" content=\"900\" \/>\n\t<meta property=\"og:image:type\" content=\"image\/jpeg\" \/>\n<meta name=\"author\" content=\"mireia.martinez\" \/>\n<meta name=\"twitter:card\" content=\"summary_large_image\" \/>\n<meta name=\"twitter:label1\" content=\"Written by\" \/>\n\t<meta name=\"twitter:data1\" content=\"mireia.martinez\" \/>\n\t<meta name=\"twitter:label2\" content=\"Est. reading time\" \/>\n\t<meta name=\"twitter:data2\" content=\"1 minute\" \/>\n<script type=\"application\/ld+json\" class=\"yoast-schema-graph\">{\"@context\":\"https:\/\/schema.org\",\"@graph\":[{\"@type\":\"Article\",\"@id\":\"https:\/\/www.batxilleratgranes.com\/es\/entrevista-a-marc-pineda-exalumne-i-actor-a-moebius\/#article\",\"isPartOf\":{\"@id\":\"https:\/\/www.batxilleratgranes.com\/es\/entrevista-a-marc-pineda-exalumne-i-actor-a-moebius\/\"},\"author\":{\"name\":\"mireia.martinez\",\"@id\":\"https:\/\/www.batxilleratgranes.com\/es\/#\/schema\/person\/4e10f231f79e8e2d24629e02b8283201\"},\"headline\":\"Entrevista a Marc Pineda, exalumne i actor a &#8220;Moebius&#8221;\",\"datePublished\":\"2021-10-01T18:17:00+00:00\",\"dateModified\":\"2021-10-15T08:34:31+00:00\",\"mainEntityOfPage\":{\"@id\":\"https:\/\/www.batxilleratgranes.com\/es\/entrevista-a-marc-pineda-exalumne-i-actor-a-moebius\/\"},\"wordCount\":104,\"commentCount\":0,\"publisher\":{\"@id\":\"https:\/\/www.batxilleratgranes.com\/es\/#organization\"},\"image\":{\"@id\":\"https:\/\/www.batxilleratgranes.com\/es\/entrevista-a-marc-pineda-exalumne-i-actor-a-moebius\/#primaryimage\"},\"thumbnailUrl\":\"https:\/\/www.batxilleratgranes.com\/wp-content\/uploads\/2021\/10\/Imatges-newsletter-Juliol.jpg\",\"keywords\":[\"Actor\",\"Batxillerat Arts Esc\u00e8niques\",\"Batxillerat esc\u00e8nic\",\"E\u00f2lia-ESAD\",\"Exalumnes\",\"Intepretaci\u00f3\",\"Marc Pineda\",\"Moebius\"],\"inLanguage\":\"es\",\"potentialAction\":[{\"@type\":\"CommentAction\",\"name\":\"Comment\",\"target\":[\"https:\/\/www.batxilleratgranes.com\/es\/entrevista-a-marc-pineda-exalumne-i-actor-a-moebius\/#respond\"]}]},{\"@type\":\"WebPage\",\"@id\":\"https:\/\/www.batxilleratgranes.com\/es\/entrevista-a-marc-pineda-exalumne-i-actor-a-moebius\/\",\"url\":\"https:\/\/www.batxilleratgranes.com\/es\/entrevista-a-marc-pineda-exalumne-i-actor-a-moebius\/\",\"name\":\"Entrevista a Marc Pineda, exalumne i actor a \\\"Moebius\\\" - Gran\u00e9s Batxillerat - Escuela especializada en Bachillerato en Barcelona\",\"isPartOf\":{\"@id\":\"https:\/\/www.batxilleratgranes.com\/es\/#website\"},\"primaryImageOfPage\":{\"@id\":\"https:\/\/www.batxilleratgranes.com\/es\/entrevista-a-marc-pineda-exalumne-i-actor-a-moebius\/#primaryimage\"},\"image\":{\"@id\":\"https:\/\/www.batxilleratgranes.com\/es\/entrevista-a-marc-pineda-exalumne-i-actor-a-moebius\/#primaryimage\"},\"thumbnailUrl\":\"https:\/\/www.batxilleratgranes.com\/wp-content\/uploads\/2021\/10\/Imatges-newsletter-Juliol.jpg\",\"datePublished\":\"2021-10-01T18:17:00+00:00\",\"dateModified\":\"2021-10-15T08:34:31+00:00\",\"breadcrumb\":{\"@id\":\"https:\/\/www.batxilleratgranes.com\/es\/entrevista-a-marc-pineda-exalumne-i-actor-a-moebius\/#breadcrumb\"},\"inLanguage\":\"es\",\"potentialAction\":[{\"@type\":\"ReadAction\",\"target\":[\"https:\/\/www.batxilleratgranes.com\/es\/entrevista-a-marc-pineda-exalumne-i-actor-a-moebius\/\"]}]},{\"@type\":\"ImageObject\",\"inLanguage\":\"es\",\"@id\":\"https:\/\/www.batxilleratgranes.com\/es\/entrevista-a-marc-pineda-exalumne-i-actor-a-moebius\/#primaryimage\",\"url\":\"https:\/\/www.batxilleratgranes.com\/wp-content\/uploads\/2021\/10\/Imatges-newsletter-Juliol.jpg\",\"contentUrl\":\"https:\/\/www.batxilleratgranes.com\/wp-content\/uploads\/2021\/10\/Imatges-newsletter-Juliol.jpg\",\"width\":1200,\"height\":900},{\"@type\":\"BreadcrumbList\",\"@id\":\"https:\/\/www.batxilleratgranes.com\/es\/entrevista-a-marc-pineda-exalumne-i-actor-a-moebius\/#breadcrumb\",\"itemListElement\":[{\"@type\":\"ListItem\",\"position\":1,\"name\":\"Inici\",\"item\":\"https:\/\/www.batxilleratgranes.com\/es\/\"},{\"@type\":\"ListItem\",\"position\":2,\"name\":\"Entrevista a Marc Pineda, exalumne i actor a &#8220;Moebius&#8221;\"}]},{\"@type\":\"WebSite\",\"@id\":\"https:\/\/www.batxilleratgranes.com\/es\/#website\",\"url\":\"https:\/\/www.batxilleratgranes.com\/es\/\",\"name\":\"Gran\u00e9s Batxillerat - Escuela especializada en Bachillerato en Barcelona\",\"description\":\"Escola especialitzada en Batxillerat a Barcelona\",\"publisher\":{\"@id\":\"https:\/\/www.batxilleratgranes.com\/es\/#organization\"},\"potentialAction\":[{\"@type\":\"SearchAction\",\"target\":{\"@type\":\"EntryPoint\",\"urlTemplate\":\"https:\/\/www.batxilleratgranes.com\/es\/?s={search_term_string}\"},\"query-input\":{\"@type\":\"PropertyValueSpecification\",\"valueRequired\":true,\"valueName\":\"search_term_string\"}}],\"inLanguage\":\"es\"},{\"@type\":\"Organization\",\"@id\":\"https:\/\/www.batxilleratgranes.com\/es\/#organization\",\"name\":\"Gran\u00e9s Batxillerat - Escuela especializada en Bachillerato en Barcelona\",\"url\":\"https:\/\/www.batxilleratgranes.com\/es\/\",\"logo\":{\"@type\":\"ImageObject\",\"inLanguage\":\"es\",\"@id\":\"https:\/\/www.batxilleratgranes.com\/es\/#\/schema\/logo\/image\/\",\"url\":\"https:\/\/www.batxilleratgranes.com\/wp-content\/uploads\/2013\/01\/granes1.png\",\"contentUrl\":\"https:\/\/www.batxilleratgranes.com\/wp-content\/uploads\/2013\/01\/granes1.png\",\"width\":292,\"height\":85,\"caption\":\"Gran\u00e9s Batxillerat - Escuela especializada en Bachillerato en Barcelona\"},\"image\":{\"@id\":\"https:\/\/www.batxilleratgranes.com\/es\/#\/schema\/logo\/image\/\"}},{\"@type\":\"Person\",\"@id\":\"https:\/\/www.batxilleratgranes.com\/es\/#\/schema\/person\/4e10f231f79e8e2d24629e02b8283201\",\"name\":\"mireia.martinez\",\"image\":{\"@type\":\"ImageObject\",\"inLanguage\":\"es\",\"@id\":\"https:\/\/www.batxilleratgranes.com\/es\/#\/schema\/person\/image\/\",\"url\":\"https:\/\/secure.gravatar.com\/avatar\/8c952e346979fb1eaf89bbc4dfda29f0?s=96&d=mm&r=g\",\"contentUrl\":\"https:\/\/secure.gravatar.com\/avatar\/8c952e346979fb1eaf89bbc4dfda29f0?s=96&d=mm&r=g\",\"caption\":\"mireia.martinez\"},\"url\":\"https:\/\/www.batxilleratgranes.com\/es\/author\/mireia-martinez\/\"}]}<\/script>\n<!-- \/ Yoast SEO plugin. -->","yoast_head_json":{"title":"Entrevista a Marc Pineda, exalumne i actor a \"Moebius\" - Gran\u00e9s Batxillerat - Escuela especializada en Bachillerato en Barcelona","robots":{"index":"index","follow":"follow","max-snippet":"max-snippet:-1","max-image-preview":"max-image-preview:large","max-video-preview":"max-video-preview:-1"},"canonical":"https:\/\/www.batxilleratgranes.com\/es\/entrevista-a-marc-pineda-exalumne-i-actor-a-moebius\/","og_locale":"es_ES","og_type":"article","og_title":"Entrevista a Marc Pineda, exalumne i actor a \"Moebius\" - Gran\u00e9s Batxillerat - Escuela especializada en Bachillerato en Barcelona","og_description":"El nostre exalumne Marc Pineda, que va finalitzar fa dos anys el nostre batxillerat en Arts Esc\u00e8niques, ens parla en aquesta entrevista de com va viure el c\u00e0sting i la gravaci\u00f3 de la s\u00e8rie de TV3 &#8220;Moebius&#8221; en plena pand\u00e8mia. Despr\u00e9s d&#8217;estrenar-se a la pantalla gran amb el paper de l&#8217;\u00c0lex en aquesta minis\u00e8rie de&hellip;&nbsp;Read More &raquo;Entrevista a Marc Pineda, exalumne i actor a &#8220;Moebius&#8221;","og_url":"https:\/\/www.batxilleratgranes.com\/es\/entrevista-a-marc-pineda-exalumne-i-actor-a-moebius\/","og_site_name":"Gran\u00e9s Batxillerat - Escuela especializada en Bachillerato en Barcelona","article_published_time":"2021-10-01T18:17:00+00:00","article_modified_time":"2021-10-15T08:34:31+00:00","og_image":[{"width":1200,"height":900,"url":"https:\/\/www.batxilleratgranes.com\/wp-content\/uploads\/2021\/10\/Imatges-newsletter-Juliol.jpg","type":"image\/jpeg"}],"author":"mireia.martinez","twitter_card":"summary_large_image","twitter_misc":{"Written by":"mireia.martinez","Est. reading time":"1 minute"},"schema":{"@context":"https:\/\/schema.org","@graph":[{"@type":"Article","@id":"https:\/\/www.batxilleratgranes.com\/es\/entrevista-a-marc-pineda-exalumne-i-actor-a-moebius\/#article","isPartOf":{"@id":"https:\/\/www.batxilleratgranes.com\/es\/entrevista-a-marc-pineda-exalumne-i-actor-a-moebius\/"},"author":{"name":"mireia.martinez","@id":"https:\/\/www.batxilleratgranes.com\/es\/#\/schema\/person\/4e10f231f79e8e2d24629e02b8283201"},"headline":"Entrevista a Marc Pineda, exalumne i actor a &#8220;Moebius&#8221;","datePublished":"2021-10-01T18:17:00+00:00","dateModified":"2021-10-15T08:34:31+00:00","mainEntityOfPage":{"@id":"https:\/\/www.batxilleratgranes.com\/es\/entrevista-a-marc-pineda-exalumne-i-actor-a-moebius\/"},"wordCount":104,"commentCount":0,"publisher":{"@id":"https:\/\/www.batxilleratgranes.com\/es\/#organization"},"image":{"@id":"https:\/\/www.batxilleratgranes.com\/es\/entrevista-a-marc-pineda-exalumne-i-actor-a-moebius\/#primaryimage"},"thumbnailUrl":"https:\/\/www.batxilleratgranes.com\/wp-content\/uploads\/2021\/10\/Imatges-newsletter-Juliol.jpg","keywords":["Actor","Batxillerat Arts Esc\u00e8niques","Batxillerat esc\u00e8nic","E\u00f2lia-ESAD","Exalumnes","Intepretaci\u00f3","Marc Pineda","Moebius"],"inLanguage":"es","potentialAction":[{"@type":"CommentAction","name":"Comment","target":["https:\/\/www.batxilleratgranes.com\/es\/entrevista-a-marc-pineda-exalumne-i-actor-a-moebius\/#respond"]}]},{"@type":"WebPage","@id":"https:\/\/www.batxilleratgranes.com\/es\/entrevista-a-marc-pineda-exalumne-i-actor-a-moebius\/","url":"https:\/\/www.batxilleratgranes.com\/es\/entrevista-a-marc-pineda-exalumne-i-actor-a-moebius\/","name":"Entrevista a Marc Pineda, exalumne i actor a \"Moebius\" - Gran\u00e9s Batxillerat - Escuela especializada en Bachillerato en Barcelona","isPartOf":{"@id":"https:\/\/www.batxilleratgranes.com\/es\/#website"},"primaryImageOfPage":{"@id":"https:\/\/www.batxilleratgranes.com\/es\/entrevista-a-marc-pineda-exalumne-i-actor-a-moebius\/#primaryimage"},"image":{"@id":"https:\/\/www.batxilleratgranes.com\/es\/entrevista-a-marc-pineda-exalumne-i-actor-a-moebius\/#primaryimage"},"thumbnailUrl":"https:\/\/www.batxilleratgranes.com\/wp-content\/uploads\/2021\/10\/Imatges-newsletter-Juliol.jpg","datePublished":"2021-10-01T18:17:00+00:00","dateModified":"2021-10-15T08:34:31+00:00","breadcrumb":{"@id":"https:\/\/www.batxilleratgranes.com\/es\/entrevista-a-marc-pineda-exalumne-i-actor-a-moebius\/#breadcrumb"},"inLanguage":"es","potentialAction":[{"@type":"ReadAction","target":["https:\/\/www.batxilleratgranes.com\/es\/entrevista-a-marc-pineda-exalumne-i-actor-a-moebius\/"]}]},{"@type":"ImageObject","inLanguage":"es","@id":"https:\/\/www.batxilleratgranes.com\/es\/entrevista-a-marc-pineda-exalumne-i-actor-a-moebius\/#primaryimage","url":"https:\/\/www.batxilleratgranes.com\/wp-content\/uploads\/2021\/10\/Imatges-newsletter-Juliol.jpg","contentUrl":"https:\/\/www.batxilleratgranes.com\/wp-content\/uploads\/2021\/10\/Imatges-newsletter-Juliol.jpg","width":1200,"height":900},{"@type":"BreadcrumbList","@id":"https:\/\/www.batxilleratgranes.com\/es\/entrevista-a-marc-pineda-exalumne-i-actor-a-moebius\/#breadcrumb","itemListElement":[{"@type":"ListItem","position":1,"name":"Inici","item":"https:\/\/www.batxilleratgranes.com\/es\/"},{"@type":"ListItem","position":2,"name":"Entrevista a Marc Pineda, exalumne i actor a &#8220;Moebius&#8221;"}]},{"@type":"WebSite","@id":"https:\/\/www.batxilleratgranes.com\/es\/#website","url":"https:\/\/www.batxilleratgranes.com\/es\/","name":"Gran\u00e9s Batxillerat - Escuela especializada en Bachillerato en Barcelona","description":"Escola especialitzada en Batxillerat a Barcelona","publisher":{"@id":"https:\/\/www.batxilleratgranes.com\/es\/#organization"},"potentialAction":[{"@type":"SearchAction","target":{"@type":"EntryPoint","urlTemplate":"https:\/\/www.batxilleratgranes.com\/es\/?s={search_term_string}"},"query-input":{"@type":"PropertyValueSpecification","valueRequired":true,"valueName":"search_term_string"}}],"inLanguage":"es"},{"@type":"Organization","@id":"https:\/\/www.batxilleratgranes.com\/es\/#organization","name":"Gran\u00e9s Batxillerat - Escuela especializada en Bachillerato en Barcelona","url":"https:\/\/www.batxilleratgranes.com\/es\/","logo":{"@type":"ImageObject","inLanguage":"es","@id":"https:\/\/www.batxilleratgranes.com\/es\/#\/schema\/logo\/image\/","url":"https:\/\/www.batxilleratgranes.com\/wp-content\/uploads\/2013\/01\/granes1.png","contentUrl":"https:\/\/www.batxilleratgranes.com\/wp-content\/uploads\/2013\/01\/granes1.png","width":292,"height":85,"caption":"Gran\u00e9s Batxillerat - Escuela especializada en Bachillerato en Barcelona"},"image":{"@id":"https:\/\/www.batxilleratgranes.com\/es\/#\/schema\/logo\/image\/"}},{"@type":"Person","@id":"https:\/\/www.batxilleratgranes.com\/es\/#\/schema\/person\/4e10f231f79e8e2d24629e02b8283201","name":"mireia.martinez","image":{"@type":"ImageObject","inLanguage":"es","@id":"https:\/\/www.batxilleratgranes.com\/es\/#\/schema\/person\/image\/","url":"https:\/\/secure.gravatar.com\/avatar\/8c952e346979fb1eaf89bbc4dfda29f0?s=96&d=mm&r=g","contentUrl":"https:\/\/secure.gravatar.com\/avatar\/8c952e346979fb1eaf89bbc4dfda29f0?s=96&d=mm&r=g","caption":"mireia.martinez"},"url":"https:\/\/www.batxilleratgranes.com\/es\/author\/mireia-martinez\/"}]}},"_links":{"self":[{"href":"https:\/\/www.batxilleratgranes.com\/es\/wp-json\/wp\/v2\/posts\/36986"}],"collection":[{"href":"https:\/\/www.batxilleratgranes.com\/es\/wp-json\/wp\/v2\/posts"}],"about":[{"href":"https:\/\/www.batxilleratgranes.com\/es\/wp-json\/wp\/v2\/types\/post"}],"author":[{"embeddable":true,"href":"https:\/\/www.batxilleratgranes.com\/es\/wp-json\/wp\/v2\/users\/5"}],"replies":[{"embeddable":true,"href":"https:\/\/www.batxilleratgranes.com\/es\/wp-json\/wp\/v2\/comments?post=36986"}],"version-history":[{"count":2,"href":"https:\/\/www.batxilleratgranes.com\/es\/wp-json\/wp\/v2\/posts\/36986\/revisions"}],"predecessor-version":[{"id":36998,"href":"https:\/\/www.batxilleratgranes.com\/es\/wp-json\/wp\/v2\/posts\/36986\/revisions\/36998"}],"wp:featuredmedia":[{"embeddable":true,"href":"https:\/\/www.batxilleratgranes.com\/es\/wp-json\/wp\/v2\/media\/36987"}],"wp:attachment":[{"href":"https:\/\/www.batxilleratgranes.com\/es\/wp-json\/wp\/v2\/media?parent=36986"}],"wp:term":[{"taxonomy":"category","embeddable":true,"href":"https:\/\/www.batxilleratgranes.com\/es\/wp-json\/wp\/v2\/categories?post=36986"},{"taxonomy":"post_tag","embeddable":true,"href":"https:\/\/www.batxilleratgranes.com\/es\/wp-json\/wp\/v2\/tags?post=36986"}],"curies":[{"name":"wp","href":"https:\/\/api.w.org\/{rel}","templated":true}]}}