{"id":37724,"date":"2021-11-15T09:31:35","date_gmt":"2021-11-15T09:31:35","guid":{"rendered":"https:\/\/www.batxilleratgranes.com\/?p=37724"},"modified":"2021-11-15T09:35:53","modified_gmt":"2021-11-15T09:35:53","slug":"sortida-al-museu-del-cau-ferrat","status":"publish","type":"post","link":"https:\/\/www.batxilleratgranes.com\/es\/sortida-al-museu-del-cau-ferrat\/","title":{"rendered":"Sortida al Museu del Cau Ferrat"},"content":{"rendered":"\n<p>Els alumnes de\u00a0<strong>Literatura Catalana<\/strong>\u00a0de 2n de Batxillerat van realitzar el passat divendres una\u00a0<strong>sortida <\/strong>\u00a0al\u00a0<strong>Museu del Cau Ferrat<\/strong>\u00a0de\u00a0<strong>Sitges<\/strong>. Durant la visita guiada, els estudiants van poder con\u00e8ixer la casa-taller del pintor i escriptor <strong>Santiago Rusi\u00f1ol<\/strong>, una de les figures destacades del modernisme a Catalunya. El que va ser l&#8217;espai de treball de l&#8217;artista va ser convertit el  1933 en museu p\u00fablic.<\/p>\n\n\n\n<div class=\"wp-block-image\"><figure class=\"aligncenter size-full is-resized\"><a href=\"https:\/\/www.batxilleratgranes.com\/wp-content\/uploads\/2021\/11\/IMG_20211112_153408_280.jpg\"><img loading=\"lazy\" decoding=\"async\" src=\"https:\/\/www.batxilleratgranes.com\/wp-content\/uploads\/2021\/11\/IMG_20211112_153408_280.jpg\" alt=\"\" class=\"wp-image-37732\" width=\"648\" height=\"648\" srcset=\"https:\/\/www.batxilleratgranes.com\/wp-content\/uploads\/2021\/11\/IMG_20211112_153408_280.jpg 864w, https:\/\/www.batxilleratgranes.com\/wp-content\/uploads\/2021\/11\/IMG_20211112_153408_280-300x300.jpg 300w, https:\/\/www.batxilleratgranes.com\/wp-content\/uploads\/2021\/11\/IMG_20211112_153408_280-150x150.jpg 150w, https:\/\/www.batxilleratgranes.com\/wp-content\/uploads\/2021\/11\/IMG_20211112_153408_280-768x768.jpg 768w, https:\/\/www.batxilleratgranes.com\/wp-content\/uploads\/2021\/11\/IMG_20211112_153408_280-400x400.jpg 400w\" sizes=\"(max-width: 648px) 100vw, 648px\" \/><\/a><\/figure><\/div>\n\n\n\n<p>La sortida resultava especialment interessant perqu\u00e8 els nostres estudiants poguessin aprofundir una mica m\u00e9s en la vida i el treball de Rusi\u00f1ol. La seva obra<em>\u00a0&#8220;<strong>L&#8217;alegria que passa\u201d<\/strong>, <\/em>que els alumnes van estudiar durant la 1a avaluaci\u00f3 del curs, \u00e9s de lectura prescriptiva per la PAU.<\/p>\n\n\n\n<p>Un cop finalitzada l&#8217;activitat al museu, els alumnes, acompanyants de la professora de la mat\u00e8ria, C\u00e9cile Mart\u00ednez, van poder gaudir d&#8217;un recorregut pel centre de la ciutat vinculat als paisatges i escenaris de les <strong>festes modernistes <\/strong>que van inspirar les pintures de Rusi\u00f1ol.<\/p>\n\n\n\n<div class=\"wp-block-image\"><figure class=\"aligncenter size-full is-resized\"><a href=\"https:\/\/www.batxilleratgranes.com\/wp-content\/uploads\/2021\/11\/IMG_20211112_153408_331.jpg\"><img loading=\"lazy\" decoding=\"async\" src=\"https:\/\/www.batxilleratgranes.com\/wp-content\/uploads\/2021\/11\/IMG_20211112_153408_331.jpg\" alt=\"\" class=\"wp-image-37734\" width=\"648\" height=\"648\" srcset=\"https:\/\/www.batxilleratgranes.com\/wp-content\/uploads\/2021\/11\/IMG_20211112_153408_331.jpg 864w, https:\/\/www.batxilleratgranes.com\/wp-content\/uploads\/2021\/11\/IMG_20211112_153408_331-300x300.jpg 300w, https:\/\/www.batxilleratgranes.com\/wp-content\/uploads\/2021\/11\/IMG_20211112_153408_331-150x150.jpg 150w, https:\/\/www.batxilleratgranes.com\/wp-content\/uploads\/2021\/11\/IMG_20211112_153408_331-768x768.jpg 768w, https:\/\/www.batxilleratgranes.com\/wp-content\/uploads\/2021\/11\/IMG_20211112_153408_331-400x400.jpg 400w\" sizes=\"(max-width: 648px) 100vw, 648px\" \/><\/a><\/figure><\/div>\n","protected":false},"excerpt":{"rendered":"<p>Els alumnes de\u00a0Literatura Catalana\u00a0de 2n de Batxillerat van realitzar el passat divendres una\u00a0sortida \u00a0al\u00a0Museu del Cau Ferrat\u00a0de\u00a0Sitges. Durant la visita guiada, els estudiants van poder con\u00e8ixer la casa-taller del pintor i escriptor Santiago Rusi\u00f1ol, una de les figures destacades del modernisme a Catalunya. El que va ser l&#8217;espai de treball de l&#8217;artista va ser convertit&hellip;&nbsp;<a href=\"https:\/\/www.batxilleratgranes.com\/es\/sortida-al-museu-del-cau-ferrat\/\" class=\"\" rel=\"bookmark\">Read More &raquo;<span class=\"screen-reader-text\">Sortida al Museu del Cau Ferrat<\/span><\/a><\/p>\n","protected":false},"author":5,"featured_media":37736,"comment_status":"open","ping_status":"open","sticky":false,"template":"","format":"standard","meta":{"neve_meta_sidebar":"","neve_meta_container":"","neve_meta_enable_content_width":"","neve_meta_content_width":0,"neve_meta_title_alignment":"","neve_meta_author_avatar":"","neve_post_elements_order":"","neve_meta_disable_header":"","neve_meta_disable_footer":"","neve_meta_disable_title":"","footnotes":""},"categories":[7],"tags":[145,22,1165,743,1163,1162,1164],"class_list":["post-37724","post","type-post","status-publish","format-standard","has-post-thumbnail","hentry","category-centre-batxillerat-granes","tag-2n-batxillerat","tag-batxillerat","tag-lalegria-que-passa","tag-llengua-i-literatura-catalana","tag-museu-del-cau-ferrat","tag-santiago-rusinol","tag-sitges"],"yoast_head":"<!-- This site is optimized with the Yoast SEO plugin v23.4 - https:\/\/yoast.com\/wordpress\/plugins\/seo\/ -->\n<title>Sortida al Museu del Cau Ferrat - Gran\u00e9s Batxillerat - Escuela especializada en Bachillerato en Barcelona<\/title>\n<meta name=\"robots\" content=\"index, follow, max-snippet:-1, max-image-preview:large, max-video-preview:-1\" \/>\n<link rel=\"canonical\" href=\"https:\/\/www.batxilleratgranes.com\/es\/sortida-al-museu-del-cau-ferrat\/\" \/>\n<meta property=\"og:locale\" content=\"es_ES\" \/>\n<meta property=\"og:type\" content=\"article\" \/>\n<meta property=\"og:title\" content=\"Sortida al Museu del Cau Ferrat - Gran\u00e9s Batxillerat - Escuela especializada en Bachillerato en Barcelona\" \/>\n<meta property=\"og:description\" content=\"Els alumnes de\u00a0Literatura Catalana\u00a0de 2n de Batxillerat van realitzar el passat divendres una\u00a0sortida \u00a0al\u00a0Museu del Cau Ferrat\u00a0de\u00a0Sitges. Durant la visita guiada, els estudiants van poder con\u00e8ixer la casa-taller del pintor i escriptor Santiago Rusi\u00f1ol, una de les figures destacades del modernisme a Catalunya. El que va ser l&#8217;espai de treball de l&#8217;artista va ser convertit&hellip;&nbsp;Read More &raquo;Sortida al Museu del Cau Ferrat\" \/>\n<meta property=\"og:url\" content=\"https:\/\/www.batxilleratgranes.com\/es\/sortida-al-museu-del-cau-ferrat\/\" \/>\n<meta property=\"og:site_name\" content=\"Gran\u00e9s Batxillerat - Escuela especializada en Bachillerato en Barcelona\" \/>\n<meta property=\"article:published_time\" content=\"2021-11-15T09:31:35+00:00\" \/>\n<meta property=\"article:modified_time\" content=\"2021-11-15T09:35:53+00:00\" \/>\n<meta property=\"og:image\" content=\"https:\/\/www.batxilleratgranes.com\/wp-content\/uploads\/2021\/11\/IMG_20211112_153408_195.jpg\" \/>\n\t<meta property=\"og:image:width\" content=\"864\" \/>\n\t<meta property=\"og:image:height\" content=\"864\" \/>\n\t<meta property=\"og:image:type\" content=\"image\/jpeg\" \/>\n<meta name=\"author\" content=\"mireia.martinez\" \/>\n<meta name=\"twitter:card\" content=\"summary_large_image\" \/>\n<meta name=\"twitter:label1\" content=\"Written by\" \/>\n\t<meta name=\"twitter:data1\" content=\"mireia.martinez\" \/>\n\t<meta name=\"twitter:label2\" content=\"Est. reading time\" \/>\n\t<meta name=\"twitter:data2\" content=\"2 minutes\" \/>\n<script type=\"application\/ld+json\" class=\"yoast-schema-graph\">{\"@context\":\"https:\/\/schema.org\",\"@graph\":[{\"@type\":\"Article\",\"@id\":\"https:\/\/www.batxilleratgranes.com\/es\/sortida-al-museu-del-cau-ferrat\/#article\",\"isPartOf\":{\"@id\":\"https:\/\/www.batxilleratgranes.com\/es\/sortida-al-museu-del-cau-ferrat\/\"},\"author\":{\"name\":\"mireia.martinez\",\"@id\":\"https:\/\/www.batxilleratgranes.com\/es\/#\/schema\/person\/4e10f231f79e8e2d24629e02b8283201\"},\"headline\":\"Sortida al Museu del Cau Ferrat\",\"datePublished\":\"2021-11-15T09:31:35+00:00\",\"dateModified\":\"2021-11-15T09:35:53+00:00\",\"mainEntityOfPage\":{\"@id\":\"https:\/\/www.batxilleratgranes.com\/es\/sortida-al-museu-del-cau-ferrat\/\"},\"wordCount\":174,\"commentCount\":0,\"publisher\":{\"@id\":\"https:\/\/www.batxilleratgranes.com\/es\/#organization\"},\"image\":{\"@id\":\"https:\/\/www.batxilleratgranes.com\/es\/sortida-al-museu-del-cau-ferrat\/#primaryimage\"},\"thumbnailUrl\":\"https:\/\/www.batxilleratgranes.com\/wp-content\/uploads\/2021\/11\/IMG_20211112_153408_195.jpg\",\"keywords\":[\"2n Batxillerat\",\"Batxillerat\",\"L&#039;alegria que passa\",\"Llengua i Literatura Catalana\",\"Museu del Cau Ferrat\",\"Santiago Rusi\u00f1ol\",\"Sitges\"],\"articleSection\":[\"Activitats Gran\u00e9s\"],\"inLanguage\":\"es\",\"potentialAction\":[{\"@type\":\"CommentAction\",\"name\":\"Comment\",\"target\":[\"https:\/\/www.batxilleratgranes.com\/es\/sortida-al-museu-del-cau-ferrat\/#respond\"]}]},{\"@type\":\"WebPage\",\"@id\":\"https:\/\/www.batxilleratgranes.com\/es\/sortida-al-museu-del-cau-ferrat\/\",\"url\":\"https:\/\/www.batxilleratgranes.com\/es\/sortida-al-museu-del-cau-ferrat\/\",\"name\":\"Sortida al Museu del Cau Ferrat - Gran\u00e9s Batxillerat - Escuela especializada en Bachillerato en Barcelona\",\"isPartOf\":{\"@id\":\"https:\/\/www.batxilleratgranes.com\/es\/#website\"},\"primaryImageOfPage\":{\"@id\":\"https:\/\/www.batxilleratgranes.com\/es\/sortida-al-museu-del-cau-ferrat\/#primaryimage\"},\"image\":{\"@id\":\"https:\/\/www.batxilleratgranes.com\/es\/sortida-al-museu-del-cau-ferrat\/#primaryimage\"},\"thumbnailUrl\":\"https:\/\/www.batxilleratgranes.com\/wp-content\/uploads\/2021\/11\/IMG_20211112_153408_195.jpg\",\"datePublished\":\"2021-11-15T09:31:35+00:00\",\"dateModified\":\"2021-11-15T09:35:53+00:00\",\"breadcrumb\":{\"@id\":\"https:\/\/www.batxilleratgranes.com\/es\/sortida-al-museu-del-cau-ferrat\/#breadcrumb\"},\"inLanguage\":\"es\",\"potentialAction\":[{\"@type\":\"ReadAction\",\"target\":[\"https:\/\/www.batxilleratgranes.com\/es\/sortida-al-museu-del-cau-ferrat\/\"]}]},{\"@type\":\"ImageObject\",\"inLanguage\":\"es\",\"@id\":\"https:\/\/www.batxilleratgranes.com\/es\/sortida-al-museu-del-cau-ferrat\/#primaryimage\",\"url\":\"https:\/\/www.batxilleratgranes.com\/wp-content\/uploads\/2021\/11\/IMG_20211112_153408_195.jpg\",\"contentUrl\":\"https:\/\/www.batxilleratgranes.com\/wp-content\/uploads\/2021\/11\/IMG_20211112_153408_195.jpg\",\"width\":864,\"height\":864},{\"@type\":\"BreadcrumbList\",\"@id\":\"https:\/\/www.batxilleratgranes.com\/es\/sortida-al-museu-del-cau-ferrat\/#breadcrumb\",\"itemListElement\":[{\"@type\":\"ListItem\",\"position\":1,\"name\":\"Inici\",\"item\":\"https:\/\/www.batxilleratgranes.com\/es\/\"},{\"@type\":\"ListItem\",\"position\":2,\"name\":\"Sortida al Museu del Cau Ferrat\"}]},{\"@type\":\"WebSite\",\"@id\":\"https:\/\/www.batxilleratgranes.com\/es\/#website\",\"url\":\"https:\/\/www.batxilleratgranes.com\/es\/\",\"name\":\"Gran\u00e9s Batxillerat - Escuela especializada en Bachillerato en Barcelona\",\"description\":\"Escola especialitzada en Batxillerat a Barcelona\",\"publisher\":{\"@id\":\"https:\/\/www.batxilleratgranes.com\/es\/#organization\"},\"potentialAction\":[{\"@type\":\"SearchAction\",\"target\":{\"@type\":\"EntryPoint\",\"urlTemplate\":\"https:\/\/www.batxilleratgranes.com\/es\/?s={search_term_string}\"},\"query-input\":{\"@type\":\"PropertyValueSpecification\",\"valueRequired\":true,\"valueName\":\"search_term_string\"}}],\"inLanguage\":\"es\"},{\"@type\":\"Organization\",\"@id\":\"https:\/\/www.batxilleratgranes.com\/es\/#organization\",\"name\":\"Gran\u00e9s Batxillerat - Escuela especializada en Bachillerato en Barcelona\",\"url\":\"https:\/\/www.batxilleratgranes.com\/es\/\",\"logo\":{\"@type\":\"ImageObject\",\"inLanguage\":\"es\",\"@id\":\"https:\/\/www.batxilleratgranes.com\/es\/#\/schema\/logo\/image\/\",\"url\":\"https:\/\/www.batxilleratgranes.com\/wp-content\/uploads\/2013\/01\/granes1.png\",\"contentUrl\":\"https:\/\/www.batxilleratgranes.com\/wp-content\/uploads\/2013\/01\/granes1.png\",\"width\":292,\"height\":85,\"caption\":\"Gran\u00e9s Batxillerat - Escuela especializada en Bachillerato en Barcelona\"},\"image\":{\"@id\":\"https:\/\/www.batxilleratgranes.com\/es\/#\/schema\/logo\/image\/\"}},{\"@type\":\"Person\",\"@id\":\"https:\/\/www.batxilleratgranes.com\/es\/#\/schema\/person\/4e10f231f79e8e2d24629e02b8283201\",\"name\":\"mireia.martinez\",\"image\":{\"@type\":\"ImageObject\",\"inLanguage\":\"es\",\"@id\":\"https:\/\/www.batxilleratgranes.com\/es\/#\/schema\/person\/image\/\",\"url\":\"https:\/\/secure.gravatar.com\/avatar\/8c952e346979fb1eaf89bbc4dfda29f0?s=96&d=mm&r=g\",\"contentUrl\":\"https:\/\/secure.gravatar.com\/avatar\/8c952e346979fb1eaf89bbc4dfda29f0?s=96&d=mm&r=g\",\"caption\":\"mireia.martinez\"},\"url\":\"https:\/\/www.batxilleratgranes.com\/es\/author\/mireia-martinez\/\"}]}<\/script>\n<!-- \/ Yoast SEO plugin. -->","yoast_head_json":{"title":"Sortida al Museu del Cau Ferrat - Gran\u00e9s Batxillerat - Escuela especializada en Bachillerato en Barcelona","robots":{"index":"index","follow":"follow","max-snippet":"max-snippet:-1","max-image-preview":"max-image-preview:large","max-video-preview":"max-video-preview:-1"},"canonical":"https:\/\/www.batxilleratgranes.com\/es\/sortida-al-museu-del-cau-ferrat\/","og_locale":"es_ES","og_type":"article","og_title":"Sortida al Museu del Cau Ferrat - Gran\u00e9s Batxillerat - Escuela especializada en Bachillerato en Barcelona","og_description":"Els alumnes de\u00a0Literatura Catalana\u00a0de 2n de Batxillerat van realitzar el passat divendres una\u00a0sortida \u00a0al\u00a0Museu del Cau Ferrat\u00a0de\u00a0Sitges. Durant la visita guiada, els estudiants van poder con\u00e8ixer la casa-taller del pintor i escriptor Santiago Rusi\u00f1ol, una de les figures destacades del modernisme a Catalunya. El que va ser l&#8217;espai de treball de l&#8217;artista va ser convertit&hellip;&nbsp;Read More &raquo;Sortida al Museu del Cau Ferrat","og_url":"https:\/\/www.batxilleratgranes.com\/es\/sortida-al-museu-del-cau-ferrat\/","og_site_name":"Gran\u00e9s Batxillerat - Escuela especializada en Bachillerato en Barcelona","article_published_time":"2021-11-15T09:31:35+00:00","article_modified_time":"2021-11-15T09:35:53+00:00","og_image":[{"width":864,"height":864,"url":"https:\/\/www.batxilleratgranes.com\/wp-content\/uploads\/2021\/11\/IMG_20211112_153408_195.jpg","type":"image\/jpeg"}],"author":"mireia.martinez","twitter_card":"summary_large_image","twitter_misc":{"Written by":"mireia.martinez","Est. reading time":"2 minutes"},"schema":{"@context":"https:\/\/schema.org","@graph":[{"@type":"Article","@id":"https:\/\/www.batxilleratgranes.com\/es\/sortida-al-museu-del-cau-ferrat\/#article","isPartOf":{"@id":"https:\/\/www.batxilleratgranes.com\/es\/sortida-al-museu-del-cau-ferrat\/"},"author":{"name":"mireia.martinez","@id":"https:\/\/www.batxilleratgranes.com\/es\/#\/schema\/person\/4e10f231f79e8e2d24629e02b8283201"},"headline":"Sortida al Museu del Cau Ferrat","datePublished":"2021-11-15T09:31:35+00:00","dateModified":"2021-11-15T09:35:53+00:00","mainEntityOfPage":{"@id":"https:\/\/www.batxilleratgranes.com\/es\/sortida-al-museu-del-cau-ferrat\/"},"wordCount":174,"commentCount":0,"publisher":{"@id":"https:\/\/www.batxilleratgranes.com\/es\/#organization"},"image":{"@id":"https:\/\/www.batxilleratgranes.com\/es\/sortida-al-museu-del-cau-ferrat\/#primaryimage"},"thumbnailUrl":"https:\/\/www.batxilleratgranes.com\/wp-content\/uploads\/2021\/11\/IMG_20211112_153408_195.jpg","keywords":["2n Batxillerat","Batxillerat","L&#039;alegria que passa","Llengua i Literatura Catalana","Museu del Cau Ferrat","Santiago Rusi\u00f1ol","Sitges"],"articleSection":["Activitats Gran\u00e9s"],"inLanguage":"es","potentialAction":[{"@type":"CommentAction","name":"Comment","target":["https:\/\/www.batxilleratgranes.com\/es\/sortida-al-museu-del-cau-ferrat\/#respond"]}]},{"@type":"WebPage","@id":"https:\/\/www.batxilleratgranes.com\/es\/sortida-al-museu-del-cau-ferrat\/","url":"https:\/\/www.batxilleratgranes.com\/es\/sortida-al-museu-del-cau-ferrat\/","name":"Sortida al Museu del Cau Ferrat - Gran\u00e9s Batxillerat - Escuela especializada en Bachillerato en Barcelona","isPartOf":{"@id":"https:\/\/www.batxilleratgranes.com\/es\/#website"},"primaryImageOfPage":{"@id":"https:\/\/www.batxilleratgranes.com\/es\/sortida-al-museu-del-cau-ferrat\/#primaryimage"},"image":{"@id":"https:\/\/www.batxilleratgranes.com\/es\/sortida-al-museu-del-cau-ferrat\/#primaryimage"},"thumbnailUrl":"https:\/\/www.batxilleratgranes.com\/wp-content\/uploads\/2021\/11\/IMG_20211112_153408_195.jpg","datePublished":"2021-11-15T09:31:35+00:00","dateModified":"2021-11-15T09:35:53+00:00","breadcrumb":{"@id":"https:\/\/www.batxilleratgranes.com\/es\/sortida-al-museu-del-cau-ferrat\/#breadcrumb"},"inLanguage":"es","potentialAction":[{"@type":"ReadAction","target":["https:\/\/www.batxilleratgranes.com\/es\/sortida-al-museu-del-cau-ferrat\/"]}]},{"@type":"ImageObject","inLanguage":"es","@id":"https:\/\/www.batxilleratgranes.com\/es\/sortida-al-museu-del-cau-ferrat\/#primaryimage","url":"https:\/\/www.batxilleratgranes.com\/wp-content\/uploads\/2021\/11\/IMG_20211112_153408_195.jpg","contentUrl":"https:\/\/www.batxilleratgranes.com\/wp-content\/uploads\/2021\/11\/IMG_20211112_153408_195.jpg","width":864,"height":864},{"@type":"BreadcrumbList","@id":"https:\/\/www.batxilleratgranes.com\/es\/sortida-al-museu-del-cau-ferrat\/#breadcrumb","itemListElement":[{"@type":"ListItem","position":1,"name":"Inici","item":"https:\/\/www.batxilleratgranes.com\/es\/"},{"@type":"ListItem","position":2,"name":"Sortida al Museu del Cau Ferrat"}]},{"@type":"WebSite","@id":"https:\/\/www.batxilleratgranes.com\/es\/#website","url":"https:\/\/www.batxilleratgranes.com\/es\/","name":"Gran\u00e9s Batxillerat - Escuela especializada en Bachillerato en Barcelona","description":"Escola especialitzada en Batxillerat a Barcelona","publisher":{"@id":"https:\/\/www.batxilleratgranes.com\/es\/#organization"},"potentialAction":[{"@type":"SearchAction","target":{"@type":"EntryPoint","urlTemplate":"https:\/\/www.batxilleratgranes.com\/es\/?s={search_term_string}"},"query-input":{"@type":"PropertyValueSpecification","valueRequired":true,"valueName":"search_term_string"}}],"inLanguage":"es"},{"@type":"Organization","@id":"https:\/\/www.batxilleratgranes.com\/es\/#organization","name":"Gran\u00e9s Batxillerat - Escuela especializada en Bachillerato en Barcelona","url":"https:\/\/www.batxilleratgranes.com\/es\/","logo":{"@type":"ImageObject","inLanguage":"es","@id":"https:\/\/www.batxilleratgranes.com\/es\/#\/schema\/logo\/image\/","url":"https:\/\/www.batxilleratgranes.com\/wp-content\/uploads\/2013\/01\/granes1.png","contentUrl":"https:\/\/www.batxilleratgranes.com\/wp-content\/uploads\/2013\/01\/granes1.png","width":292,"height":85,"caption":"Gran\u00e9s Batxillerat - Escuela especializada en Bachillerato en Barcelona"},"image":{"@id":"https:\/\/www.batxilleratgranes.com\/es\/#\/schema\/logo\/image\/"}},{"@type":"Person","@id":"https:\/\/www.batxilleratgranes.com\/es\/#\/schema\/person\/4e10f231f79e8e2d24629e02b8283201","name":"mireia.martinez","image":{"@type":"ImageObject","inLanguage":"es","@id":"https:\/\/www.batxilleratgranes.com\/es\/#\/schema\/person\/image\/","url":"https:\/\/secure.gravatar.com\/avatar\/8c952e346979fb1eaf89bbc4dfda29f0?s=96&d=mm&r=g","contentUrl":"https:\/\/secure.gravatar.com\/avatar\/8c952e346979fb1eaf89bbc4dfda29f0?s=96&d=mm&r=g","caption":"mireia.martinez"},"url":"https:\/\/www.batxilleratgranes.com\/es\/author\/mireia-martinez\/"}]}},"_links":{"self":[{"href":"https:\/\/www.batxilleratgranes.com\/es\/wp-json\/wp\/v2\/posts\/37724"}],"collection":[{"href":"https:\/\/www.batxilleratgranes.com\/es\/wp-json\/wp\/v2\/posts"}],"about":[{"href":"https:\/\/www.batxilleratgranes.com\/es\/wp-json\/wp\/v2\/types\/post"}],"author":[{"embeddable":true,"href":"https:\/\/www.batxilleratgranes.com\/es\/wp-json\/wp\/v2\/users\/5"}],"replies":[{"embeddable":true,"href":"https:\/\/www.batxilleratgranes.com\/es\/wp-json\/wp\/v2\/comments?post=37724"}],"version-history":[{"count":3,"href":"https:\/\/www.batxilleratgranes.com\/es\/wp-json\/wp\/v2\/posts\/37724\/revisions"}],"predecessor-version":[{"id":37741,"href":"https:\/\/www.batxilleratgranes.com\/es\/wp-json\/wp\/v2\/posts\/37724\/revisions\/37741"}],"wp:featuredmedia":[{"embeddable":true,"href":"https:\/\/www.batxilleratgranes.com\/es\/wp-json\/wp\/v2\/media\/37736"}],"wp:attachment":[{"href":"https:\/\/www.batxilleratgranes.com\/es\/wp-json\/wp\/v2\/media?parent=37724"}],"wp:term":[{"taxonomy":"category","embeddable":true,"href":"https:\/\/www.batxilleratgranes.com\/es\/wp-json\/wp\/v2\/categories?post=37724"},{"taxonomy":"post_tag","embeddable":true,"href":"https:\/\/www.batxilleratgranes.com\/es\/wp-json\/wp\/v2\/tags?post=37724"}],"curies":[{"name":"wp","href":"https:\/\/api.w.org\/{rel}","templated":true}]}}