{"id":38184,"date":"2021-12-01T23:50:00","date_gmt":"2021-12-01T23:50:00","guid":{"rendered":"https:\/\/www.batxilleratgranes.com\/?p=38184"},"modified":"2021-12-21T08:27:42","modified_gmt":"2021-12-21T08:27:42","slug":"les-claus-del-llenguatge-fotografic","status":"publish","type":"post","link":"https:\/\/www.batxilleratgranes.com\/es\/les-claus-del-llenguatge-fotografic\/","title":{"rendered":"Les claus del llenguatge fotogr\u00e0fic"},"content":{"rendered":"\n<p>Dins del projecte de <strong><a href=\"https:\/\/www.batxilleratgranes.com\/batxillerat-comunicacio-periodisme\/\">Comunicaci\u00f3 i Periodisme<\/a><\/strong> i tamb\u00e9 de la mat\u00e8ria de <strong>Cultura Audiovisual<\/strong>, els alumnes del grup  1F  van rebre la visita ahir de la Marina, de la Fundaci\u00f3 Mapfre, amb qui van realitzar un <strong>taller de t\u00e8cnica fotogr\u00e0fica<\/strong>. <\/p>\n\n\n\n<figure class=\"wp-block-image size-large\"><a href=\"https:\/\/www.batxilleratgranes.com\/wp-content\/uploads\/2021\/12\/IMG-20211130-WA0003.jpg\"><img loading=\"lazy\" decoding=\"async\" width=\"1024\" height=\"472\" src=\"https:\/\/www.batxilleratgranes.com\/wp-content\/uploads\/2021\/12\/IMG-20211130-WA0003-1024x472.jpg\" alt=\"\" class=\"wp-image-38187\" srcset=\"https:\/\/www.batxilleratgranes.com\/wp-content\/uploads\/2021\/12\/IMG-20211130-WA0003-1024x472.jpg 1024w, https:\/\/www.batxilleratgranes.com\/wp-content\/uploads\/2021\/12\/IMG-20211130-WA0003-300x138.jpg 300w, https:\/\/www.batxilleratgranes.com\/wp-content\/uploads\/2021\/12\/IMG-20211130-WA0003-768x354.jpg 768w, https:\/\/www.batxilleratgranes.com\/wp-content\/uploads\/2021\/12\/IMG-20211130-WA0003.jpg 1200w\" sizes=\"(max-width: 1024px) 100vw, 1024px\" \/><\/a><\/figure>\n\n\n\n<figure class=\"wp-block-image size-large\"><a href=\"https:\/\/www.batxilleratgranes.com\/wp-content\/uploads\/2021\/12\/IMG-20211130-WA0005.jpg\"><img loading=\"lazy\" decoding=\"async\" width=\"1024\" height=\"472\" src=\"https:\/\/www.batxilleratgranes.com\/wp-content\/uploads\/2021\/12\/IMG-20211130-WA0005-1024x472.jpg\" alt=\"\" class=\"wp-image-38191\" srcset=\"https:\/\/www.batxilleratgranes.com\/wp-content\/uploads\/2021\/12\/IMG-20211130-WA0005-1024x472.jpg 1024w, https:\/\/www.batxilleratgranes.com\/wp-content\/uploads\/2021\/12\/IMG-20211130-WA0005-300x138.jpg 300w, https:\/\/www.batxilleratgranes.com\/wp-content\/uploads\/2021\/12\/IMG-20211130-WA0005-768x354.jpg 768w, https:\/\/www.batxilleratgranes.com\/wp-content\/uploads\/2021\/12\/IMG-20211130-WA0005.jpg 1200w\" sizes=\"(max-width: 1024px) 100vw, 1024px\" \/><\/a><\/figure>\n\n\n\n<p>La sessi\u00f3 es va dividir en dues parts. A la primera, de contingut m\u00e9s <strong>te\u00f2ric<\/strong>, els alumnes van poder aprofundir en els elements t\u00e8cnics principals de la fotografia:<\/p>\n\n\n\n<ul class=\"wp-block-list\"><li>Punt de vista<\/li><li>Tipus de pla<\/li><li>Enquadrament<\/li><li>Color\/ Blanc i negre<\/li><li>Composici\u00f3 <\/li><\/ul>\n\n\n\n<h4 class=\"wp-block-heading\"><strong>Educant la mirada<\/strong><\/h4>\n\n\n\n<p>A partir de l&#8217;an\u00e0lisi de diferents fotografies que pertanyen a diverses col\u00b7leccions del Centre de Fotografia KBr de la Fundaci\u00f3n Mapfre, els alumnes van practicar en la <strong>mirada cr\u00edtica de les imatges<\/strong>, tot analitzant quin \u00e9s el seu punt de vista, per qu\u00e8 es tria un tipus de pla o un enquadrament determinat, la seva composici\u00f3 i el que implica que la fotografia sigui en color o en blanc i negre, entre altres aspectes.<\/p>\n\n\n\n<figure class=\"wp-block-image size-large\"><a href=\"https:\/\/www.batxilleratgranes.com\/wp-content\/uploads\/2021\/12\/IMG-20211130-WA0008-1.jpg\"><img loading=\"lazy\" decoding=\"async\" width=\"1024\" height=\"472\" src=\"https:\/\/www.batxilleratgranes.com\/wp-content\/uploads\/2021\/12\/IMG-20211130-WA0008-1-1024x472.jpg\" alt=\"\" class=\"wp-image-38193\" srcset=\"https:\/\/www.batxilleratgranes.com\/wp-content\/uploads\/2021\/12\/IMG-20211130-WA0008-1-1024x472.jpg 1024w, https:\/\/www.batxilleratgranes.com\/wp-content\/uploads\/2021\/12\/IMG-20211130-WA0008-1-300x138.jpg 300w, https:\/\/www.batxilleratgranes.com\/wp-content\/uploads\/2021\/12\/IMG-20211130-WA0008-1-768x354.jpg 768w, https:\/\/www.batxilleratgranes.com\/wp-content\/uploads\/2021\/12\/IMG-20211130-WA0008-1.jpg 1200w\" sizes=\"(max-width: 1024px) 100vw, 1024px\" \/><\/a><\/figure>\n\n\n\n<p>Durant la segona part de la sessi\u00f3, els estudiants van poder aplicar tots els coneixements adquirits mitjan\u00e7ant la realitzaci\u00f3 del seu propi <em>collage<\/em>, que van poder confeccionar a partir de fotografies ben diverses aportades per l&#8217;equip de la fundaci\u00f3. Finalment, els alumnes van poder compartir les seves creacions amb la resta de companys.<\/p>\n\n\n\n<figure class=\"wp-block-image size-large\"><a href=\"https:\/\/www.batxilleratgranes.com\/wp-content\/uploads\/2021\/12\/IMG-20211130-WA0011.jpg\"><img loading=\"lazy\" decoding=\"async\" width=\"1024\" height=\"472\" src=\"https:\/\/www.batxilleratgranes.com\/wp-content\/uploads\/2021\/12\/IMG-20211130-WA0011-1024x472.jpg\" alt=\"\" class=\"wp-image-38195\" srcset=\"https:\/\/www.batxilleratgranes.com\/wp-content\/uploads\/2021\/12\/IMG-20211130-WA0011-1024x472.jpg 1024w, https:\/\/www.batxilleratgranes.com\/wp-content\/uploads\/2021\/12\/IMG-20211130-WA0011-300x138.jpg 300w, https:\/\/www.batxilleratgranes.com\/wp-content\/uploads\/2021\/12\/IMG-20211130-WA0011-768x354.jpg 768w, https:\/\/www.batxilleratgranes.com\/wp-content\/uploads\/2021\/12\/IMG-20211130-WA0011.jpg 1200w\" sizes=\"(max-width: 1024px) 100vw, 1024px\" \/><\/a><\/figure>\n\n\n\n<figure class=\"wp-block-image size-large\"><a href=\"https:\/\/www.batxilleratgranes.com\/wp-content\/uploads\/2021\/12\/IMG-20211130-WA0012.jpg\"><img loading=\"lazy\" decoding=\"async\" width=\"1024\" height=\"472\" src=\"https:\/\/www.batxilleratgranes.com\/wp-content\/uploads\/2021\/12\/IMG-20211130-WA0012-1024x472.jpg\" alt=\"\" class=\"wp-image-38197\" srcset=\"https:\/\/www.batxilleratgranes.com\/wp-content\/uploads\/2021\/12\/IMG-20211130-WA0012-1024x472.jpg 1024w, https:\/\/www.batxilleratgranes.com\/wp-content\/uploads\/2021\/12\/IMG-20211130-WA0012-300x138.jpg 300w, https:\/\/www.batxilleratgranes.com\/wp-content\/uploads\/2021\/12\/IMG-20211130-WA0012-768x354.jpg 768w, https:\/\/www.batxilleratgranes.com\/wp-content\/uploads\/2021\/12\/IMG-20211130-WA0012.jpg 1200w\" sizes=\"(max-width: 1024px) 100vw, 1024px\" \/><\/a><\/figure>\n\n\n\n<p><strong>Fotografies: Dani Jan\u00e9<\/strong><\/p>\n","protected":false},"excerpt":{"rendered":"<p>Dins del projecte de Comunicaci\u00f3 i Periodisme i tamb\u00e9 de la mat\u00e8ria de Cultura Audiovisual, els alumnes del grup 1F van rebre la visita ahir de la Marina, de la Fundaci\u00f3 Mapfre, amb qui van realitzar un taller de t\u00e8cnica fotogr\u00e0fica. La sessi\u00f3 es va dividir en dues parts. A la primera, de contingut m\u00e9s&hellip;&nbsp;<a href=\"https:\/\/www.batxilleratgranes.com\/es\/les-claus-del-llenguatge-fotografic\/\" class=\"\" rel=\"bookmark\">Read More &raquo;<span class=\"screen-reader-text\">Les claus del llenguatge fotogr\u00e0fic<\/span><\/a><\/p>\n","protected":false},"author":5,"featured_media":38199,"comment_status":"open","ping_status":"open","sticky":false,"template":"","format":"standard","meta":{"neve_meta_sidebar":"","neve_meta_container":"","neve_meta_enable_content_width":"","neve_meta_content_width":0,"neve_meta_title_alignment":"","neve_meta_author_avatar":"","neve_post_elements_order":"","neve_meta_disable_header":"","neve_meta_disable_footer":"","neve_meta_disable_title":"","footnotes":""},"categories":[7],"tags":[1173,322,48,243,1174],"class_list":["post-38184","post","type-post","status-publish","format-standard","has-post-thumbnail","hentry","category-centre-batxillerat-granes","tag-collage","tag-comunicacio-i-periodisme","tag-cultura-audiovisual","tag-fotografia","tag-fundacion-mapfre"],"yoast_head":"<!-- This site is optimized with the Yoast SEO plugin v23.4 - https:\/\/yoast.com\/wordpress\/plugins\/seo\/ -->\n<title>Les claus del llenguatge fotogr\u00e0fic - Gran\u00e9s Batxillerat - Escuela especializada en Bachillerato en Barcelona<\/title>\n<meta name=\"robots\" content=\"index, follow, max-snippet:-1, max-image-preview:large, max-video-preview:-1\" \/>\n<link rel=\"canonical\" href=\"https:\/\/www.batxilleratgranes.com\/es\/les-claus-del-llenguatge-fotografic\/\" \/>\n<meta property=\"og:locale\" content=\"es_ES\" \/>\n<meta property=\"og:type\" content=\"article\" \/>\n<meta property=\"og:title\" content=\"Les claus del llenguatge fotogr\u00e0fic - Gran\u00e9s Batxillerat - Escuela especializada en Bachillerato en Barcelona\" \/>\n<meta property=\"og:description\" content=\"Dins del projecte de Comunicaci\u00f3 i Periodisme i tamb\u00e9 de la mat\u00e8ria de Cultura Audiovisual, els alumnes del grup 1F van rebre la visita ahir de la Marina, de la Fundaci\u00f3 Mapfre, amb qui van realitzar un taller de t\u00e8cnica fotogr\u00e0fica. La sessi\u00f3 es va dividir en dues parts. A la primera, de contingut m\u00e9s&hellip;&nbsp;Read More &raquo;Les claus del llenguatge fotogr\u00e0fic\" \/>\n<meta property=\"og:url\" content=\"https:\/\/www.batxilleratgranes.com\/es\/les-claus-del-llenguatge-fotografic\/\" \/>\n<meta property=\"og:site_name\" content=\"Gran\u00e9s Batxillerat - Escuela especializada en Bachillerato en Barcelona\" \/>\n<meta property=\"article:published_time\" content=\"2021-12-01T23:50:00+00:00\" \/>\n<meta property=\"article:modified_time\" content=\"2021-12-21T08:27:42+00:00\" \/>\n<meta property=\"og:image\" content=\"https:\/\/www.batxilleratgranes.com\/wp-content\/uploads\/2021\/12\/IMG-20211130-WA0010.jpg\" \/>\n\t<meta property=\"og:image:width\" content=\"1200\" \/>\n\t<meta property=\"og:image:height\" content=\"553\" \/>\n\t<meta property=\"og:image:type\" content=\"image\/jpeg\" \/>\n<meta name=\"author\" content=\"mireia.martinez\" \/>\n<meta name=\"twitter:card\" content=\"summary_large_image\" \/>\n<meta name=\"twitter:label1\" content=\"Written by\" \/>\n\t<meta name=\"twitter:data1\" content=\"mireia.martinez\" \/>\n\t<meta name=\"twitter:label2\" content=\"Est. reading time\" \/>\n\t<meta name=\"twitter:data2\" content=\"2 minutes\" \/>\n<script type=\"application\/ld+json\" class=\"yoast-schema-graph\">{\"@context\":\"https:\/\/schema.org\",\"@graph\":[{\"@type\":\"Article\",\"@id\":\"https:\/\/www.batxilleratgranes.com\/es\/les-claus-del-llenguatge-fotografic\/#article\",\"isPartOf\":{\"@id\":\"https:\/\/www.batxilleratgranes.com\/es\/les-claus-del-llenguatge-fotografic\/\"},\"author\":{\"name\":\"mireia.martinez\",\"@id\":\"https:\/\/www.batxilleratgranes.com\/es\/#\/schema\/person\/4e10f231f79e8e2d24629e02b8283201\"},\"headline\":\"Les claus del llenguatge fotogr\u00e0fic\",\"datePublished\":\"2021-12-01T23:50:00+00:00\",\"dateModified\":\"2021-12-21T08:27:42+00:00\",\"mainEntityOfPage\":{\"@id\":\"https:\/\/www.batxilleratgranes.com\/es\/les-claus-del-llenguatge-fotografic\/\"},\"wordCount\":233,\"commentCount\":0,\"publisher\":{\"@id\":\"https:\/\/www.batxilleratgranes.com\/es\/#organization\"},\"image\":{\"@id\":\"https:\/\/www.batxilleratgranes.com\/es\/les-claus-del-llenguatge-fotografic\/#primaryimage\"},\"thumbnailUrl\":\"https:\/\/www.batxilleratgranes.com\/wp-content\/uploads\/2021\/12\/IMG-20211130-WA0010.jpg\",\"keywords\":[\"Collage\",\"Comunicaci\u00f3 i Periodisme\",\"Cultura audiovisual\",\"Fotografia\",\"Fundaci\u00f3n Mapfre\"],\"articleSection\":[\"Activitats Gran\u00e9s\"],\"inLanguage\":\"es\",\"potentialAction\":[{\"@type\":\"CommentAction\",\"name\":\"Comment\",\"target\":[\"https:\/\/www.batxilleratgranes.com\/es\/les-claus-del-llenguatge-fotografic\/#respond\"]}]},{\"@type\":\"WebPage\",\"@id\":\"https:\/\/www.batxilleratgranes.com\/es\/les-claus-del-llenguatge-fotografic\/\",\"url\":\"https:\/\/www.batxilleratgranes.com\/es\/les-claus-del-llenguatge-fotografic\/\",\"name\":\"Les claus del llenguatge fotogr\u00e0fic - Gran\u00e9s Batxillerat - Escuela especializada en Bachillerato en Barcelona\",\"isPartOf\":{\"@id\":\"https:\/\/www.batxilleratgranes.com\/es\/#website\"},\"primaryImageOfPage\":{\"@id\":\"https:\/\/www.batxilleratgranes.com\/es\/les-claus-del-llenguatge-fotografic\/#primaryimage\"},\"image\":{\"@id\":\"https:\/\/www.batxilleratgranes.com\/es\/les-claus-del-llenguatge-fotografic\/#primaryimage\"},\"thumbnailUrl\":\"https:\/\/www.batxilleratgranes.com\/wp-content\/uploads\/2021\/12\/IMG-20211130-WA0010.jpg\",\"datePublished\":\"2021-12-01T23:50:00+00:00\",\"dateModified\":\"2021-12-21T08:27:42+00:00\",\"breadcrumb\":{\"@id\":\"https:\/\/www.batxilleratgranes.com\/es\/les-claus-del-llenguatge-fotografic\/#breadcrumb\"},\"inLanguage\":\"es\",\"potentialAction\":[{\"@type\":\"ReadAction\",\"target\":[\"https:\/\/www.batxilleratgranes.com\/es\/les-claus-del-llenguatge-fotografic\/\"]}]},{\"@type\":\"ImageObject\",\"inLanguage\":\"es\",\"@id\":\"https:\/\/www.batxilleratgranes.com\/es\/les-claus-del-llenguatge-fotografic\/#primaryimage\",\"url\":\"https:\/\/www.batxilleratgranes.com\/wp-content\/uploads\/2021\/12\/IMG-20211130-WA0010.jpg\",\"contentUrl\":\"https:\/\/www.batxilleratgranes.com\/wp-content\/uploads\/2021\/12\/IMG-20211130-WA0010.jpg\",\"width\":1200,\"height\":553},{\"@type\":\"BreadcrumbList\",\"@id\":\"https:\/\/www.batxilleratgranes.com\/es\/les-claus-del-llenguatge-fotografic\/#breadcrumb\",\"itemListElement\":[{\"@type\":\"ListItem\",\"position\":1,\"name\":\"Inici\",\"item\":\"https:\/\/www.batxilleratgranes.com\/es\/\"},{\"@type\":\"ListItem\",\"position\":2,\"name\":\"Les claus del llenguatge fotogr\u00e0fic\"}]},{\"@type\":\"WebSite\",\"@id\":\"https:\/\/www.batxilleratgranes.com\/es\/#website\",\"url\":\"https:\/\/www.batxilleratgranes.com\/es\/\",\"name\":\"Gran\u00e9s Batxillerat - Escuela especializada en Bachillerato en Barcelona\",\"description\":\"Escola especialitzada en Batxillerat a Barcelona\",\"publisher\":{\"@id\":\"https:\/\/www.batxilleratgranes.com\/es\/#organization\"},\"potentialAction\":[{\"@type\":\"SearchAction\",\"target\":{\"@type\":\"EntryPoint\",\"urlTemplate\":\"https:\/\/www.batxilleratgranes.com\/es\/?s={search_term_string}\"},\"query-input\":{\"@type\":\"PropertyValueSpecification\",\"valueRequired\":true,\"valueName\":\"search_term_string\"}}],\"inLanguage\":\"es\"},{\"@type\":\"Organization\",\"@id\":\"https:\/\/www.batxilleratgranes.com\/es\/#organization\",\"name\":\"Gran\u00e9s Batxillerat - Escuela especializada en Bachillerato en Barcelona\",\"url\":\"https:\/\/www.batxilleratgranes.com\/es\/\",\"logo\":{\"@type\":\"ImageObject\",\"inLanguage\":\"es\",\"@id\":\"https:\/\/www.batxilleratgranes.com\/es\/#\/schema\/logo\/image\/\",\"url\":\"https:\/\/www.batxilleratgranes.com\/wp-content\/uploads\/2013\/01\/granes1.png\",\"contentUrl\":\"https:\/\/www.batxilleratgranes.com\/wp-content\/uploads\/2013\/01\/granes1.png\",\"width\":292,\"height\":85,\"caption\":\"Gran\u00e9s Batxillerat - Escuela especializada en Bachillerato en Barcelona\"},\"image\":{\"@id\":\"https:\/\/www.batxilleratgranes.com\/es\/#\/schema\/logo\/image\/\"}},{\"@type\":\"Person\",\"@id\":\"https:\/\/www.batxilleratgranes.com\/es\/#\/schema\/person\/4e10f231f79e8e2d24629e02b8283201\",\"name\":\"mireia.martinez\",\"image\":{\"@type\":\"ImageObject\",\"inLanguage\":\"es\",\"@id\":\"https:\/\/www.batxilleratgranes.com\/es\/#\/schema\/person\/image\/\",\"url\":\"https:\/\/secure.gravatar.com\/avatar\/8c952e346979fb1eaf89bbc4dfda29f0?s=96&d=mm&r=g\",\"contentUrl\":\"https:\/\/secure.gravatar.com\/avatar\/8c952e346979fb1eaf89bbc4dfda29f0?s=96&d=mm&r=g\",\"caption\":\"mireia.martinez\"},\"url\":\"https:\/\/www.batxilleratgranes.com\/es\/author\/mireia-martinez\/\"}]}<\/script>\n<!-- \/ Yoast SEO plugin. -->","yoast_head_json":{"title":"Les claus del llenguatge fotogr\u00e0fic - Gran\u00e9s Batxillerat - Escuela especializada en Bachillerato en Barcelona","robots":{"index":"index","follow":"follow","max-snippet":"max-snippet:-1","max-image-preview":"max-image-preview:large","max-video-preview":"max-video-preview:-1"},"canonical":"https:\/\/www.batxilleratgranes.com\/es\/les-claus-del-llenguatge-fotografic\/","og_locale":"es_ES","og_type":"article","og_title":"Les claus del llenguatge fotogr\u00e0fic - Gran\u00e9s Batxillerat - Escuela especializada en Bachillerato en Barcelona","og_description":"Dins del projecte de Comunicaci\u00f3 i Periodisme i tamb\u00e9 de la mat\u00e8ria de Cultura Audiovisual, els alumnes del grup 1F van rebre la visita ahir de la Marina, de la Fundaci\u00f3 Mapfre, amb qui van realitzar un taller de t\u00e8cnica fotogr\u00e0fica. La sessi\u00f3 es va dividir en dues parts. A la primera, de contingut m\u00e9s&hellip;&nbsp;Read More &raquo;Les claus del llenguatge fotogr\u00e0fic","og_url":"https:\/\/www.batxilleratgranes.com\/es\/les-claus-del-llenguatge-fotografic\/","og_site_name":"Gran\u00e9s Batxillerat - Escuela especializada en Bachillerato en Barcelona","article_published_time":"2021-12-01T23:50:00+00:00","article_modified_time":"2021-12-21T08:27:42+00:00","og_image":[{"width":1200,"height":553,"url":"https:\/\/www.batxilleratgranes.com\/wp-content\/uploads\/2021\/12\/IMG-20211130-WA0010.jpg","type":"image\/jpeg"}],"author":"mireia.martinez","twitter_card":"summary_large_image","twitter_misc":{"Written by":"mireia.martinez","Est. reading time":"2 minutes"},"schema":{"@context":"https:\/\/schema.org","@graph":[{"@type":"Article","@id":"https:\/\/www.batxilleratgranes.com\/es\/les-claus-del-llenguatge-fotografic\/#article","isPartOf":{"@id":"https:\/\/www.batxilleratgranes.com\/es\/les-claus-del-llenguatge-fotografic\/"},"author":{"name":"mireia.martinez","@id":"https:\/\/www.batxilleratgranes.com\/es\/#\/schema\/person\/4e10f231f79e8e2d24629e02b8283201"},"headline":"Les claus del llenguatge fotogr\u00e0fic","datePublished":"2021-12-01T23:50:00+00:00","dateModified":"2021-12-21T08:27:42+00:00","mainEntityOfPage":{"@id":"https:\/\/www.batxilleratgranes.com\/es\/les-claus-del-llenguatge-fotografic\/"},"wordCount":233,"commentCount":0,"publisher":{"@id":"https:\/\/www.batxilleratgranes.com\/es\/#organization"},"image":{"@id":"https:\/\/www.batxilleratgranes.com\/es\/les-claus-del-llenguatge-fotografic\/#primaryimage"},"thumbnailUrl":"https:\/\/www.batxilleratgranes.com\/wp-content\/uploads\/2021\/12\/IMG-20211130-WA0010.jpg","keywords":["Collage","Comunicaci\u00f3 i Periodisme","Cultura audiovisual","Fotografia","Fundaci\u00f3n Mapfre"],"articleSection":["Activitats Gran\u00e9s"],"inLanguage":"es","potentialAction":[{"@type":"CommentAction","name":"Comment","target":["https:\/\/www.batxilleratgranes.com\/es\/les-claus-del-llenguatge-fotografic\/#respond"]}]},{"@type":"WebPage","@id":"https:\/\/www.batxilleratgranes.com\/es\/les-claus-del-llenguatge-fotografic\/","url":"https:\/\/www.batxilleratgranes.com\/es\/les-claus-del-llenguatge-fotografic\/","name":"Les claus del llenguatge fotogr\u00e0fic - Gran\u00e9s Batxillerat - Escuela especializada en Bachillerato en Barcelona","isPartOf":{"@id":"https:\/\/www.batxilleratgranes.com\/es\/#website"},"primaryImageOfPage":{"@id":"https:\/\/www.batxilleratgranes.com\/es\/les-claus-del-llenguatge-fotografic\/#primaryimage"},"image":{"@id":"https:\/\/www.batxilleratgranes.com\/es\/les-claus-del-llenguatge-fotografic\/#primaryimage"},"thumbnailUrl":"https:\/\/www.batxilleratgranes.com\/wp-content\/uploads\/2021\/12\/IMG-20211130-WA0010.jpg","datePublished":"2021-12-01T23:50:00+00:00","dateModified":"2021-12-21T08:27:42+00:00","breadcrumb":{"@id":"https:\/\/www.batxilleratgranes.com\/es\/les-claus-del-llenguatge-fotografic\/#breadcrumb"},"inLanguage":"es","potentialAction":[{"@type":"ReadAction","target":["https:\/\/www.batxilleratgranes.com\/es\/les-claus-del-llenguatge-fotografic\/"]}]},{"@type":"ImageObject","inLanguage":"es","@id":"https:\/\/www.batxilleratgranes.com\/es\/les-claus-del-llenguatge-fotografic\/#primaryimage","url":"https:\/\/www.batxilleratgranes.com\/wp-content\/uploads\/2021\/12\/IMG-20211130-WA0010.jpg","contentUrl":"https:\/\/www.batxilleratgranes.com\/wp-content\/uploads\/2021\/12\/IMG-20211130-WA0010.jpg","width":1200,"height":553},{"@type":"BreadcrumbList","@id":"https:\/\/www.batxilleratgranes.com\/es\/les-claus-del-llenguatge-fotografic\/#breadcrumb","itemListElement":[{"@type":"ListItem","position":1,"name":"Inici","item":"https:\/\/www.batxilleratgranes.com\/es\/"},{"@type":"ListItem","position":2,"name":"Les claus del llenguatge fotogr\u00e0fic"}]},{"@type":"WebSite","@id":"https:\/\/www.batxilleratgranes.com\/es\/#website","url":"https:\/\/www.batxilleratgranes.com\/es\/","name":"Gran\u00e9s Batxillerat - Escuela especializada en Bachillerato en Barcelona","description":"Escola especialitzada en Batxillerat a Barcelona","publisher":{"@id":"https:\/\/www.batxilleratgranes.com\/es\/#organization"},"potentialAction":[{"@type":"SearchAction","target":{"@type":"EntryPoint","urlTemplate":"https:\/\/www.batxilleratgranes.com\/es\/?s={search_term_string}"},"query-input":{"@type":"PropertyValueSpecification","valueRequired":true,"valueName":"search_term_string"}}],"inLanguage":"es"},{"@type":"Organization","@id":"https:\/\/www.batxilleratgranes.com\/es\/#organization","name":"Gran\u00e9s Batxillerat - Escuela especializada en Bachillerato en Barcelona","url":"https:\/\/www.batxilleratgranes.com\/es\/","logo":{"@type":"ImageObject","inLanguage":"es","@id":"https:\/\/www.batxilleratgranes.com\/es\/#\/schema\/logo\/image\/","url":"https:\/\/www.batxilleratgranes.com\/wp-content\/uploads\/2013\/01\/granes1.png","contentUrl":"https:\/\/www.batxilleratgranes.com\/wp-content\/uploads\/2013\/01\/granes1.png","width":292,"height":85,"caption":"Gran\u00e9s Batxillerat - Escuela especializada en Bachillerato en Barcelona"},"image":{"@id":"https:\/\/www.batxilleratgranes.com\/es\/#\/schema\/logo\/image\/"}},{"@type":"Person","@id":"https:\/\/www.batxilleratgranes.com\/es\/#\/schema\/person\/4e10f231f79e8e2d24629e02b8283201","name":"mireia.martinez","image":{"@type":"ImageObject","inLanguage":"es","@id":"https:\/\/www.batxilleratgranes.com\/es\/#\/schema\/person\/image\/","url":"https:\/\/secure.gravatar.com\/avatar\/8c952e346979fb1eaf89bbc4dfda29f0?s=96&d=mm&r=g","contentUrl":"https:\/\/secure.gravatar.com\/avatar\/8c952e346979fb1eaf89bbc4dfda29f0?s=96&d=mm&r=g","caption":"mireia.martinez"},"url":"https:\/\/www.batxilleratgranes.com\/es\/author\/mireia-martinez\/"}]}},"_links":{"self":[{"href":"https:\/\/www.batxilleratgranes.com\/es\/wp-json\/wp\/v2\/posts\/38184"}],"collection":[{"href":"https:\/\/www.batxilleratgranes.com\/es\/wp-json\/wp\/v2\/posts"}],"about":[{"href":"https:\/\/www.batxilleratgranes.com\/es\/wp-json\/wp\/v2\/types\/post"}],"author":[{"embeddable":true,"href":"https:\/\/www.batxilleratgranes.com\/es\/wp-json\/wp\/v2\/users\/5"}],"replies":[{"embeddable":true,"href":"https:\/\/www.batxilleratgranes.com\/es\/wp-json\/wp\/v2\/comments?post=38184"}],"version-history":[{"count":1,"href":"https:\/\/www.batxilleratgranes.com\/es\/wp-json\/wp\/v2\/posts\/38184\/revisions"}],"predecessor-version":[{"id":38201,"href":"https:\/\/www.batxilleratgranes.com\/es\/wp-json\/wp\/v2\/posts\/38184\/revisions\/38201"}],"wp:featuredmedia":[{"embeddable":true,"href":"https:\/\/www.batxilleratgranes.com\/es\/wp-json\/wp\/v2\/media\/38199"}],"wp:attachment":[{"href":"https:\/\/www.batxilleratgranes.com\/es\/wp-json\/wp\/v2\/media?parent=38184"}],"wp:term":[{"taxonomy":"category","embeddable":true,"href":"https:\/\/www.batxilleratgranes.com\/es\/wp-json\/wp\/v2\/categories?post=38184"},{"taxonomy":"post_tag","embeddable":true,"href":"https:\/\/www.batxilleratgranes.com\/es\/wp-json\/wp\/v2\/tags?post=38184"}],"curies":[{"name":"wp","href":"https:\/\/api.w.org\/{rel}","templated":true}]}}