{"id":39911,"date":"2022-03-29T11:50:42","date_gmt":"2022-03-29T11:50:42","guid":{"rendered":"https:\/\/www.batxilleratgranes.com\/?p=39911"},"modified":"2022-03-29T12:56:37","modified_gmt":"2022-03-29T12:56:37","slug":"dos-antics-alumnes-de-granes-a-la-miniserie-cucut-de-tv3","status":"publish","type":"post","link":"https:\/\/www.batxilleratgranes.com\/es\/dos-antics-alumnes-de-granes-a-la-miniserie-cucut-de-tv3\/","title":{"rendered":"Dos antics alumnes de Gran\u00e9s a la minis\u00e8rie Cucut de Tv3"},"content":{"rendered":"\n<p>El <strong><a href=\"https:\/\/www.instagram.com\/marcsolerrull\/?hl=es\">Marc Soler<\/a><\/strong> i el <strong><a href=\"https:\/\/www.instagram.com\/lluisfebrer\/?hl=es\">Llu\u00eds Febrer<\/a><\/strong>, exalumnes de l&#8217;itinerari d&#8217;<a href=\"https:\/\/www.batxilleratgranes.com\/es\/bachillerato-artes-escenicas\/\"><strong>Arts Esc\u00e8niques<\/strong><\/a> ens parlen de la seva experi\u00e8ncia professional com a actors de la minis\u00e8rie <strong><a href=\"https:\/\/www.ccma.cat\/tv3\/cucut\/\">Cucut<\/a><\/strong>, que es va estrenar ahir a les 22h a <strong>Tv3<\/strong>.<\/p>\n\n\n\n<p>Un <strong>thriller rural de 5 cap\u00edtols de 45 minuts, <\/strong>que proposa una<strong> &#8220;road movie&#8221; <\/strong>per m\u00e9s de 12 pobles catalans, seguint la <strong>fugida de dos adolescents<\/strong>: la Sara (<a href=\"https:\/\/www.instagram.com\/mmorera_6\/?hl=es\">Maria Morera<\/a>) i el Pep (<a href=\"https:\/\/www.instagram.com\/biel.rossell\/\">Biel Rossell<\/a>).<\/p>\n\n\n\n<p>Hem volgut parlar amb el <strong>Llu\u00eds <\/strong>i el <strong>Marc,<\/strong> perqu\u00e8 ens expliquin la seva experi\u00e8ncia i con\u00e8ixer de primera m\u00e0 les seves sensacions davant un <strong>paper molt important en les seves carreres<\/strong> i que els ha perm\u00e8s mostrar tot el seu <strong>talent<\/strong>.<\/p>\n\n\n\n<div class=\"wp-block-columns is-layout-flex wp-container-core-columns-is-layout-1 wp-block-columns-is-layout-flex\">\n<div class=\"wp-block-column is-layout-flow wp-block-column-is-layout-flow\" style=\"flex-basis:33.33%\">\n<figure class=\"wp-block-image size-full is-resized\"><a href=\"https:\/\/www.batxilleratgranes.com\/wp-content\/uploads\/2022\/03\/LluisFebrer.png\"><img loading=\"lazy\" decoding=\"async\" src=\"https:\/\/www.batxilleratgranes.com\/wp-content\/uploads\/2022\/03\/LluisFebrer.png\" alt=\"\" class=\"wp-image-39929\" width=\"227\" height=\"316\" srcset=\"https:\/\/www.batxilleratgranes.com\/wp-content\/uploads\/2022\/03\/LluisFebrer.png 237w, https:\/\/www.batxilleratgranes.com\/wp-content\/uploads\/2022\/03\/LluisFebrer-215x300.png 215w\" sizes=\"(max-width: 227px) 100vw, 227px\" \/><\/a><\/figure>\n<\/div>\n\n\n\n<div class=\"wp-block-column is-layout-flow wp-block-column-is-layout-flow\" style=\"flex-basis:66.66%\">\n<p>Quan els hem preguntat per qu\u00e8 pensen que els alumnes de l&#8217;itinerari d&#8217;Arts Esc\u00e8niques i els joves en general haurien de veure aquesta s\u00e8rie, el Llu\u00eds ho ha tingut molt clar: <strong>&#8220;\u00c9s una aposta arriscada i de molta qualitat. \u00c9s una s\u00e8rie juvenil, per\u00f2 alhora molt adulta. Reflecteix molt b\u00e9 la transici\u00f3 al m\u00f3n adult, molts cops corromput i podrit. I planteja problemes que tenim sovint els joves: Su\u00efcidi, drogues, descobriment sexual i assetjament.&#8221;<\/strong><\/p>\n\n\n\n<p>El Marc, per la seva part, ens diu que: <strong>&#8220;\u00c9s important veure aquesta s\u00e8rie perqu\u00e8 el jovent ha de consumir cultura, som el futur. I, d&#8217;altra banda, perqu\u00e8 els protagonistes s\u00f3n dos adolescents amb els quals es poden sentir inspirats i identificats&#8221;<\/strong><\/p>\n<\/div>\n<\/div>\n\n\n\n<p>El personatge del Llu\u00eds \u00e9s el <strong>Cristian<\/strong>, fill de l&#8217;Antoni Vidal, alcalde de Trinquet (el poble de la Sara). Est\u00e0 enamorat de la Sara i necessita descobrir la veritat de per qu\u00e8 ha marxat i aix\u00ed poder tornar a veure-la. El Llu\u00eds ho analitza molt b\u00e9 i ens explica que: <strong>&#8220;No deixa de ser una v\u00edctima m\u00e9s. Vaig aprendre molt treballant-lo, ja que de primeres, per la seva classe social i la seva actitud amb la resta del poble, no cau molt b\u00e9. Entendre la humanitat d&#8217;un personatge amb el qual no t&#8217;hi portaries b\u00e9 sempre \u00e9s una feina molt interessant. D&#8217;altra banda, treballar amb un equip de coach com la <a href=\"https:\/\/www.instagram.com\/farcellet\/\">Laura Jou<\/a> o el <a href=\"https:\/\/www.instagram.com\/gerard.oms\/\">Gerard Oms<\/a> ha sigut un viatge incre\u00efble.&#8221;<\/strong><\/p>\n\n\n\n<p>El Marc tamb\u00e9 agraeix molt tot el suport que la <strong>Laura<\/strong> <strong>Jou<\/strong>, el <strong>Fernando Trullols<\/strong> i el <strong>Gerard Oms<\/strong> li van donar durant el rodatge i que el va servir per v\u00e8ncer la por i confiar en s\u00ed mateix. El seu personatge \u00e9s l&#8217;<strong>Adri\u00e0<\/strong>, un cantant de les primeres bandes de <strong>rock catal\u00e0<\/strong> dels vuitanta juntament amb el David (<a href=\"https:\/\/www.instagram.com\/adriandenunez\/\">Adri de Nu\u00f1ez<\/a>) i el Toni (<a href=\"https:\/\/www.instagram.com\/guimpuig\/\">Guim Puig<\/a>) amb els que ha gaudit molt d&#8217;aquest viatge: <strong>&#8220;des del punt de vista interpretatiu m&#8217;ha encantat l&#8217;experi\u00e8ncia. Mai havia interpretat un personatge aix\u00ed, amb molta llum, molt emp\u00e0tic, simp\u00e0tic, amb seguretat i carisma. Amb ell he pogut experimentar, improvisar i aprendre. L&#8217;Adri\u00e0 s&#8217;enamora de la Sara i jo em vaig enamorar amb ell i d&#8217;ell com a personatge.&#8221;<\/strong><\/p>\n\n\n\n<figure class=\"wp-block-image size-large\"><a href=\"https:\/\/www.batxilleratgranes.com\/wp-content\/uploads\/2022\/03\/20220329_115929.jpg\"><img loading=\"lazy\" decoding=\"async\" width=\"1024\" height=\"683\" src=\"https:\/\/www.batxilleratgranes.com\/wp-content\/uploads\/2022\/03\/20220329_115929-1024x683.jpg\" alt=\"\" class=\"wp-image-39917\" srcset=\"https:\/\/www.batxilleratgranes.com\/wp-content\/uploads\/2022\/03\/20220329_115929-1024x683.jpg 1024w, https:\/\/www.batxilleratgranes.com\/wp-content\/uploads\/2022\/03\/20220329_115929-300x200.jpg 300w, https:\/\/www.batxilleratgranes.com\/wp-content\/uploads\/2022\/03\/20220329_115929-768x512.jpg 768w, https:\/\/www.batxilleratgranes.com\/wp-content\/uploads\/2022\/03\/20220329_115929-930x620.jpg 930w, https:\/\/www.batxilleratgranes.com\/wp-content\/uploads\/2022\/03\/20220329_115929.jpg 1200w\" sizes=\"(max-width: 1024px) 100vw, 1024px\" \/><\/a><\/figure>\n\n\n\n<p>Pel Llu\u00eds, \u00e9s el seu primer personatge estable i amb recorregut en una producci\u00f3 d&#8217;aquest tipus: <strong>&#8220;A part de l&#8217;aprenentatge com a actor penso que \u00e9s una bona oportunitat per demostrar professionalitat en la feina i que d&#8217;alguna manera puguin confiar m\u00e9s en mi i la meva feina per altres projectes i\/o personatges.&#8221;<\/strong><\/p>\n\n\n\n<div class=\"wp-block-columns is-layout-flex wp-container-core-columns-is-layout-2 wp-block-columns-is-layout-flex\">\n<div class=\"wp-block-column is-layout-flow wp-block-column-is-layout-flow\" style=\"flex-basis:66.66%\">\n<p>El Marc ens diu que d&#8217;aquest personatge ha tret: <strong>&#8220;aprenentatge, &#8216;tablas&#8217; i m\u00e9s ganes de fer papers diferents, iguals i el que vingui!&#8221;<\/strong>, i per altra banda, el que li ha resultat m\u00e9s dif\u00edcil i alhora m\u00e9s engrescador:<strong> &#8220;tenir l&#8217;oportunitat d&#8217;interpretar un m\u00fasic perqu\u00e8 jo no ho soc, sumat a la interpretaci\u00f3, l&#8217;escolta de grup i la qu\u00edmica de la banda (que no ens coneix\u00edem pr\u00e8viament), en definitiva, treballar amb tots aquests elements que estaven en joc i que s&#8217;havien de mimar perqu\u00e8 cadascun d&#8217;ells era important.&#8221;<\/strong><\/p>\n<\/div>\n\n\n\n<div class=\"wp-block-column is-layout-flow wp-block-column-is-layout-flow\" style=\"flex-basis:33.33%\">\n<figure class=\"wp-block-image size-large\"><a href=\"https:\/\/www.batxilleratgranes.com\/wp-content\/uploads\/2022\/03\/IMG-20220329-WA0006-2.jpg\"><img loading=\"lazy\" decoding=\"async\" width=\"1024\" height=\"682\" src=\"https:\/\/www.batxilleratgranes.com\/wp-content\/uploads\/2022\/03\/IMG-20220329-WA0006-2-1024x682.jpg\" alt=\"\" class=\"wp-image-39933\" srcset=\"https:\/\/www.batxilleratgranes.com\/wp-content\/uploads\/2022\/03\/IMG-20220329-WA0006-2-1024x682.jpg 1024w, https:\/\/www.batxilleratgranes.com\/wp-content\/uploads\/2022\/03\/IMG-20220329-WA0006-2-300x200.jpg 300w, https:\/\/www.batxilleratgranes.com\/wp-content\/uploads\/2022\/03\/IMG-20220329-WA0006-2-768x511.jpg 768w, https:\/\/www.batxilleratgranes.com\/wp-content\/uploads\/2022\/03\/IMG-20220329-WA0006-2-930x620.jpg 930w, https:\/\/www.batxilleratgranes.com\/wp-content\/uploads\/2022\/03\/IMG-20220329-WA0006-2.jpg 1200w\" sizes=\"(max-width: 1024px) 100vw, 1024px\" \/><\/a><\/figure>\n<\/div>\n<\/div>\n\n\n\n<div class=\"wp-block-columns is-layout-flex wp-container-core-columns-is-layout-3 wp-block-columns-is-layout-flex\">\n<div class=\"wp-block-column is-layout-flow wp-block-column-is-layout-flow\">\n<figure class=\"wp-block-image size-full is-resized\"><a href=\"https:\/\/www.batxilleratgranes.com\/wp-content\/uploads\/2022\/03\/Story-LLui_Marc_Cucut.png\"><img loading=\"lazy\" decoding=\"async\" src=\"https:\/\/www.batxilleratgranes.com\/wp-content\/uploads\/2022\/03\/Story-LLui_Marc_Cucut.png\" alt=\"\" class=\"wp-image-39935\" width=\"268\" height=\"456\" srcset=\"https:\/\/www.batxilleratgranes.com\/wp-content\/uploads\/2022\/03\/Story-LLui_Marc_Cucut.png 333w, https:\/\/www.batxilleratgranes.com\/wp-content\/uploads\/2022\/03\/Story-LLui_Marc_Cucut-176x300.png 176w\" sizes=\"(max-width: 268px) 100vw, 268px\" \/><\/a><\/figure>\n<\/div>\n\n\n\n<div class=\"wp-block-column is-layout-flow wp-block-column-is-layout-flow\">\n<p>El Llu\u00eds valora molt positivament l&#8217;experi\u00e8ncia, i sobre tot el suport i aprenentatge dels seus companys i companyes: <strong>&#8220;Repetiria sense cap dubte l&#8217;experi\u00e8ncia, penso que he tingut la sort de treballar en aquest projecte on es tenia molt en compte el treball actoral i que tot el repartiment est\u00e0 espectacular. Hi ha grans actors i actrius, amb molta experi\u00e8ncia, com el Jordi Figueres, Marc Mart\u00ednez, Alba Florejacs, Isaac Alcaide&#8230; Treballar amb ells \u00e9s una classe magistral constant.&#8221;<\/strong><\/p>\n\n\n\n<p>Per acabar, el Marc ens ha volgut deixat un missatge molt especial que, ben segur, arribar\u00e0 als nostres alumnes d&#8217;Arts Esc\u00e8niques: <strong>&#8220;Amb aquesta carrera professional he apr\u00e8s que la confian\u00e7a ho \u00e9s tot. Si tu confies en all\u00f2 que fas, si ho dones tot a fons, arribar\u00e0 segur a bon port. Confia, confia sempre en tu!&#8221;<\/strong><\/p>\n<\/div>\n<\/div>\n\n\n\n<p>Us animem a tots i totes a veure la gran feina que han fet. I agra\u00efm al Llu\u00eds i al Marc que ens hagin dedicat una estona. <strong>Nois, seguiu aix\u00ed, estem molt orgullosos de vosaltres!!<\/strong><\/p>\n\n\n\n<p class=\"has-text-align-center\"><\/p>\n","protected":false},"excerpt":{"rendered":"<p>El Marc Soler i el Llu\u00eds Febrer, exalumnes de l&#8217;itinerari d&#8217;Arts Esc\u00e8niques ens parlen de la seva experi\u00e8ncia professional com a actors de la minis\u00e8rie Cucut, que es va estrenar ahir a les 22h a Tv3. Un thriller rural de 5 cap\u00edtols de 45 minuts, que proposa una &#8220;road movie&#8221; per m\u00e9s de 12 pobles&hellip;&nbsp;<a href=\"https:\/\/www.batxilleratgranes.com\/es\/dos-antics-alumnes-de-granes-a-la-miniserie-cucut-de-tv3\/\" class=\"\" rel=\"bookmark\">Read More &raquo;<span class=\"screen-reader-text\">Dos antics alumnes de Gran\u00e9s a la minis\u00e8rie Cucut de Tv3<\/span><\/a><\/p>\n","protected":false},"author":7,"featured_media":39922,"comment_status":"open","ping_status":"open","sticky":false,"template":"","format":"standard","meta":{"neve_meta_sidebar":"","neve_meta_container":"","neve_meta_enable_content_width":"","neve_meta_content_width":0,"neve_meta_title_alignment":"","neve_meta_author_avatar":"","neve_post_elements_order":"","neve_meta_disable_header":"","neve_meta_disable_footer":"","neve_meta_disable_title":"","footnotes":""},"categories":[1],"tags":[1401,1399,1376,1400],"class_list":["post-39911","post","type-post","status-publish","format-standard","has-post-thumbnail","hentry","category-uncategorized","tag-anticsalumes-2","tag-artsesceniques-2","tag-batxillerat-es-2","tag-granesbatxillerat-2"],"yoast_head":"<!-- This site is optimized with the Yoast SEO plugin v23.4 - https:\/\/yoast.com\/wordpress\/plugins\/seo\/ -->\n<title>Dos antics alumnes de Gran\u00e9s a la minis\u00e8rie Cucut de Tv3 - Gran\u00e9s Batxillerat - Escuela especializada en Bachillerato en Barcelona<\/title>\n<meta name=\"description\" content=\"Marc Soler i Llu\u00eds Febrer, exalumnes d&#039;Arts Esc\u00e8niques ens parlen de la seva experi\u00e8ncia com a actors de la minis\u00e8rie Cucut de Tv3.\" \/>\n<meta name=\"robots\" content=\"index, follow, max-snippet:-1, max-image-preview:large, max-video-preview:-1\" \/>\n<link rel=\"canonical\" href=\"https:\/\/www.batxilleratgranes.com\/es\/dos-antics-alumnes-de-granes-a-la-miniserie-cucut-de-tv3\/\" \/>\n<meta property=\"og:locale\" content=\"es_ES\" \/>\n<meta property=\"og:type\" content=\"article\" \/>\n<meta property=\"og:title\" content=\"Dos antics alumnes de Gran\u00e9s a la minis\u00e8rie Cucut de Tv3 - Gran\u00e9s Batxillerat - Escuela especializada en Bachillerato en Barcelona\" \/>\n<meta property=\"og:description\" content=\"Marc Soler i Llu\u00eds Febrer, exalumnes d&#039;Arts Esc\u00e8niques ens parlen de la seva experi\u00e8ncia com a actors de la minis\u00e8rie Cucut de Tv3.\" \/>\n<meta property=\"og:url\" content=\"https:\/\/www.batxilleratgranes.com\/es\/dos-antics-alumnes-de-granes-a-la-miniserie-cucut-de-tv3\/\" \/>\n<meta property=\"og:site_name\" content=\"Gran\u00e9s Batxillerat - Escuela especializada en Bachillerato en Barcelona\" \/>\n<meta property=\"article:published_time\" content=\"2022-03-29T11:50:42+00:00\" \/>\n<meta property=\"article:modified_time\" content=\"2022-03-29T12:56:37+00:00\" \/>\n<meta property=\"og:image\" content=\"https:\/\/www.batxilleratgranes.com\/wp-content\/uploads\/2022\/03\/Marc-Soler-i-Lluis-Febrer_Cucut.png\" \/>\n\t<meta property=\"og:image:width\" content=\"1200\" \/>\n\t<meta property=\"og:image:height\" content=\"900\" \/>\n\t<meta property=\"og:image:type\" content=\"image\/png\" \/>\n<meta name=\"author\" content=\"iria.canovas@granes.org\" \/>\n<meta name=\"twitter:card\" content=\"summary_large_image\" \/>\n<meta name=\"twitter:label1\" content=\"Written by\" \/>\n\t<meta name=\"twitter:data1\" content=\"iria.canovas@granes.org\" \/>\n\t<meta name=\"twitter:label2\" content=\"Est. reading time\" \/>\n\t<meta name=\"twitter:data2\" content=\"6 minutes\" \/>\n<script type=\"application\/ld+json\" class=\"yoast-schema-graph\">{\"@context\":\"https:\/\/schema.org\",\"@graph\":[{\"@type\":\"Article\",\"@id\":\"https:\/\/www.batxilleratgranes.com\/es\/dos-antics-alumnes-de-granes-a-la-miniserie-cucut-de-tv3\/#article\",\"isPartOf\":{\"@id\":\"https:\/\/www.batxilleratgranes.com\/es\/dos-antics-alumnes-de-granes-a-la-miniserie-cucut-de-tv3\/\"},\"author\":{\"name\":\"iria.canovas@granes.org\",\"@id\":\"https:\/\/www.batxilleratgranes.com\/es\/#\/schema\/person\/c6cad771e5a8185c7d86589fcb6830f0\"},\"headline\":\"Dos antics alumnes de Gran\u00e9s a la minis\u00e8rie Cucut de Tv3\",\"datePublished\":\"2022-03-29T11:50:42+00:00\",\"dateModified\":\"2022-03-29T12:56:37+00:00\",\"mainEntityOfPage\":{\"@id\":\"https:\/\/www.batxilleratgranes.com\/es\/dos-antics-alumnes-de-granes-a-la-miniserie-cucut-de-tv3\/\"},\"wordCount\":871,\"commentCount\":0,\"publisher\":{\"@id\":\"https:\/\/www.batxilleratgranes.com\/es\/#organization\"},\"image\":{\"@id\":\"https:\/\/www.batxilleratgranes.com\/es\/dos-antics-alumnes-de-granes-a-la-miniserie-cucut-de-tv3\/#primaryimage\"},\"thumbnailUrl\":\"https:\/\/www.batxilleratgranes.com\/wp-content\/uploads\/2022\/03\/Marc-Soler-i-Lluis-Febrer_Cucut.png\",\"keywords\":[\"anticsalumes\",\"ArtsEsc\u00e8niques\",\"Batxillerat\",\"Gran\u00e9sbatxillerat\"],\"inLanguage\":\"es\",\"potentialAction\":[{\"@type\":\"CommentAction\",\"name\":\"Comment\",\"target\":[\"https:\/\/www.batxilleratgranes.com\/es\/dos-antics-alumnes-de-granes-a-la-miniserie-cucut-de-tv3\/#respond\"]}]},{\"@type\":\"WebPage\",\"@id\":\"https:\/\/www.batxilleratgranes.com\/es\/dos-antics-alumnes-de-granes-a-la-miniserie-cucut-de-tv3\/\",\"url\":\"https:\/\/www.batxilleratgranes.com\/es\/dos-antics-alumnes-de-granes-a-la-miniserie-cucut-de-tv3\/\",\"name\":\"Dos antics alumnes de Gran\u00e9s a la minis\u00e8rie Cucut de Tv3 - Gran\u00e9s Batxillerat - Escuela especializada en Bachillerato en Barcelona\",\"isPartOf\":{\"@id\":\"https:\/\/www.batxilleratgranes.com\/es\/#website\"},\"primaryImageOfPage\":{\"@id\":\"https:\/\/www.batxilleratgranes.com\/es\/dos-antics-alumnes-de-granes-a-la-miniserie-cucut-de-tv3\/#primaryimage\"},\"image\":{\"@id\":\"https:\/\/www.batxilleratgranes.com\/es\/dos-antics-alumnes-de-granes-a-la-miniserie-cucut-de-tv3\/#primaryimage\"},\"thumbnailUrl\":\"https:\/\/www.batxilleratgranes.com\/wp-content\/uploads\/2022\/03\/Marc-Soler-i-Lluis-Febrer_Cucut.png\",\"datePublished\":\"2022-03-29T11:50:42+00:00\",\"dateModified\":\"2022-03-29T12:56:37+00:00\",\"description\":\"Marc Soler i Llu\u00eds Febrer, exalumnes d'Arts Esc\u00e8niques ens parlen de la seva experi\u00e8ncia com a actors de la minis\u00e8rie Cucut de Tv3.\",\"breadcrumb\":{\"@id\":\"https:\/\/www.batxilleratgranes.com\/es\/dos-antics-alumnes-de-granes-a-la-miniserie-cucut-de-tv3\/#breadcrumb\"},\"inLanguage\":\"es\",\"potentialAction\":[{\"@type\":\"ReadAction\",\"target\":[\"https:\/\/www.batxilleratgranes.com\/es\/dos-antics-alumnes-de-granes-a-la-miniserie-cucut-de-tv3\/\"]}]},{\"@type\":\"ImageObject\",\"inLanguage\":\"es\",\"@id\":\"https:\/\/www.batxilleratgranes.com\/es\/dos-antics-alumnes-de-granes-a-la-miniserie-cucut-de-tv3\/#primaryimage\",\"url\":\"https:\/\/www.batxilleratgranes.com\/wp-content\/uploads\/2022\/03\/Marc-Soler-i-Lluis-Febrer_Cucut.png\",\"contentUrl\":\"https:\/\/www.batxilleratgranes.com\/wp-content\/uploads\/2022\/03\/Marc-Soler-i-Lluis-Febrer_Cucut.png\",\"width\":1200,\"height\":900},{\"@type\":\"BreadcrumbList\",\"@id\":\"https:\/\/www.batxilleratgranes.com\/es\/dos-antics-alumnes-de-granes-a-la-miniserie-cucut-de-tv3\/#breadcrumb\",\"itemListElement\":[{\"@type\":\"ListItem\",\"position\":1,\"name\":\"Inici\",\"item\":\"https:\/\/www.batxilleratgranes.com\/es\/\"},{\"@type\":\"ListItem\",\"position\":2,\"name\":\"Dos antics alumnes de Gran\u00e9s a la minis\u00e8rie Cucut de Tv3\"}]},{\"@type\":\"WebSite\",\"@id\":\"https:\/\/www.batxilleratgranes.com\/es\/#website\",\"url\":\"https:\/\/www.batxilleratgranes.com\/es\/\",\"name\":\"Gran\u00e9s Batxillerat - Escuela especializada en Bachillerato en Barcelona\",\"description\":\"Escola especialitzada en Batxillerat a Barcelona\",\"publisher\":{\"@id\":\"https:\/\/www.batxilleratgranes.com\/es\/#organization\"},\"potentialAction\":[{\"@type\":\"SearchAction\",\"target\":{\"@type\":\"EntryPoint\",\"urlTemplate\":\"https:\/\/www.batxilleratgranes.com\/es\/?s={search_term_string}\"},\"query-input\":{\"@type\":\"PropertyValueSpecification\",\"valueRequired\":true,\"valueName\":\"search_term_string\"}}],\"inLanguage\":\"es\"},{\"@type\":\"Organization\",\"@id\":\"https:\/\/www.batxilleratgranes.com\/es\/#organization\",\"name\":\"Gran\u00e9s Batxillerat - Escuela especializada en Bachillerato en Barcelona\",\"url\":\"https:\/\/www.batxilleratgranes.com\/es\/\",\"logo\":{\"@type\":\"ImageObject\",\"inLanguage\":\"es\",\"@id\":\"https:\/\/www.batxilleratgranes.com\/es\/#\/schema\/logo\/image\/\",\"url\":\"https:\/\/www.batxilleratgranes.com\/wp-content\/uploads\/2013\/01\/granes1.png\",\"contentUrl\":\"https:\/\/www.batxilleratgranes.com\/wp-content\/uploads\/2013\/01\/granes1.png\",\"width\":292,\"height\":85,\"caption\":\"Gran\u00e9s Batxillerat - Escuela especializada en Bachillerato en Barcelona\"},\"image\":{\"@id\":\"https:\/\/www.batxilleratgranes.com\/es\/#\/schema\/logo\/image\/\"}},{\"@type\":\"Person\",\"@id\":\"https:\/\/www.batxilleratgranes.com\/es\/#\/schema\/person\/c6cad771e5a8185c7d86589fcb6830f0\",\"name\":\"iria.canovas@granes.org\",\"image\":{\"@type\":\"ImageObject\",\"inLanguage\":\"es\",\"@id\":\"https:\/\/www.batxilleratgranes.com\/es\/#\/schema\/person\/image\/\",\"url\":\"https:\/\/secure.gravatar.com\/avatar\/daf801bc1747e8ccc693c9041f5585cd?s=96&d=mm&r=g\",\"contentUrl\":\"https:\/\/secure.gravatar.com\/avatar\/daf801bc1747e8ccc693c9041f5585cd?s=96&d=mm&r=g\",\"caption\":\"iria.canovas@granes.org\"},\"url\":\"https:\/\/www.batxilleratgranes.com\/es\/author\/iria-canovasgranes-org\/\"}]}<\/script>\n<!-- \/ Yoast SEO plugin. -->","yoast_head_json":{"title":"Dos antics alumnes de Gran\u00e9s a la minis\u00e8rie Cucut de Tv3 - Gran\u00e9s Batxillerat - Escuela especializada en Bachillerato en Barcelona","description":"Marc Soler i Llu\u00eds Febrer, exalumnes d'Arts Esc\u00e8niques ens parlen de la seva experi\u00e8ncia com a actors de la minis\u00e8rie Cucut de Tv3.","robots":{"index":"index","follow":"follow","max-snippet":"max-snippet:-1","max-image-preview":"max-image-preview:large","max-video-preview":"max-video-preview:-1"},"canonical":"https:\/\/www.batxilleratgranes.com\/es\/dos-antics-alumnes-de-granes-a-la-miniserie-cucut-de-tv3\/","og_locale":"es_ES","og_type":"article","og_title":"Dos antics alumnes de Gran\u00e9s a la minis\u00e8rie Cucut de Tv3 - Gran\u00e9s Batxillerat - Escuela especializada en Bachillerato en Barcelona","og_description":"Marc Soler i Llu\u00eds Febrer, exalumnes d'Arts Esc\u00e8niques ens parlen de la seva experi\u00e8ncia com a actors de la minis\u00e8rie Cucut de Tv3.","og_url":"https:\/\/www.batxilleratgranes.com\/es\/dos-antics-alumnes-de-granes-a-la-miniserie-cucut-de-tv3\/","og_site_name":"Gran\u00e9s Batxillerat - Escuela especializada en Bachillerato en Barcelona","article_published_time":"2022-03-29T11:50:42+00:00","article_modified_time":"2022-03-29T12:56:37+00:00","og_image":[{"width":1200,"height":900,"url":"https:\/\/www.batxilleratgranes.com\/wp-content\/uploads\/2022\/03\/Marc-Soler-i-Lluis-Febrer_Cucut.png","type":"image\/png"}],"author":"iria.canovas@granes.org","twitter_card":"summary_large_image","twitter_misc":{"Written by":"iria.canovas@granes.org","Est. reading time":"6 minutes"},"schema":{"@context":"https:\/\/schema.org","@graph":[{"@type":"Article","@id":"https:\/\/www.batxilleratgranes.com\/es\/dos-antics-alumnes-de-granes-a-la-miniserie-cucut-de-tv3\/#article","isPartOf":{"@id":"https:\/\/www.batxilleratgranes.com\/es\/dos-antics-alumnes-de-granes-a-la-miniserie-cucut-de-tv3\/"},"author":{"name":"iria.canovas@granes.org","@id":"https:\/\/www.batxilleratgranes.com\/es\/#\/schema\/person\/c6cad771e5a8185c7d86589fcb6830f0"},"headline":"Dos antics alumnes de Gran\u00e9s a la minis\u00e8rie Cucut de Tv3","datePublished":"2022-03-29T11:50:42+00:00","dateModified":"2022-03-29T12:56:37+00:00","mainEntityOfPage":{"@id":"https:\/\/www.batxilleratgranes.com\/es\/dos-antics-alumnes-de-granes-a-la-miniserie-cucut-de-tv3\/"},"wordCount":871,"commentCount":0,"publisher":{"@id":"https:\/\/www.batxilleratgranes.com\/es\/#organization"},"image":{"@id":"https:\/\/www.batxilleratgranes.com\/es\/dos-antics-alumnes-de-granes-a-la-miniserie-cucut-de-tv3\/#primaryimage"},"thumbnailUrl":"https:\/\/www.batxilleratgranes.com\/wp-content\/uploads\/2022\/03\/Marc-Soler-i-Lluis-Febrer_Cucut.png","keywords":["anticsalumes","ArtsEsc\u00e8niques","Batxillerat","Gran\u00e9sbatxillerat"],"inLanguage":"es","potentialAction":[{"@type":"CommentAction","name":"Comment","target":["https:\/\/www.batxilleratgranes.com\/es\/dos-antics-alumnes-de-granes-a-la-miniserie-cucut-de-tv3\/#respond"]}]},{"@type":"WebPage","@id":"https:\/\/www.batxilleratgranes.com\/es\/dos-antics-alumnes-de-granes-a-la-miniserie-cucut-de-tv3\/","url":"https:\/\/www.batxilleratgranes.com\/es\/dos-antics-alumnes-de-granes-a-la-miniserie-cucut-de-tv3\/","name":"Dos antics alumnes de Gran\u00e9s a la minis\u00e8rie Cucut de Tv3 - Gran\u00e9s Batxillerat - Escuela especializada en Bachillerato en Barcelona","isPartOf":{"@id":"https:\/\/www.batxilleratgranes.com\/es\/#website"},"primaryImageOfPage":{"@id":"https:\/\/www.batxilleratgranes.com\/es\/dos-antics-alumnes-de-granes-a-la-miniserie-cucut-de-tv3\/#primaryimage"},"image":{"@id":"https:\/\/www.batxilleratgranes.com\/es\/dos-antics-alumnes-de-granes-a-la-miniserie-cucut-de-tv3\/#primaryimage"},"thumbnailUrl":"https:\/\/www.batxilleratgranes.com\/wp-content\/uploads\/2022\/03\/Marc-Soler-i-Lluis-Febrer_Cucut.png","datePublished":"2022-03-29T11:50:42+00:00","dateModified":"2022-03-29T12:56:37+00:00","description":"Marc Soler i Llu\u00eds Febrer, exalumnes d'Arts Esc\u00e8niques ens parlen de la seva experi\u00e8ncia com a actors de la minis\u00e8rie Cucut de Tv3.","breadcrumb":{"@id":"https:\/\/www.batxilleratgranes.com\/es\/dos-antics-alumnes-de-granes-a-la-miniserie-cucut-de-tv3\/#breadcrumb"},"inLanguage":"es","potentialAction":[{"@type":"ReadAction","target":["https:\/\/www.batxilleratgranes.com\/es\/dos-antics-alumnes-de-granes-a-la-miniserie-cucut-de-tv3\/"]}]},{"@type":"ImageObject","inLanguage":"es","@id":"https:\/\/www.batxilleratgranes.com\/es\/dos-antics-alumnes-de-granes-a-la-miniserie-cucut-de-tv3\/#primaryimage","url":"https:\/\/www.batxilleratgranes.com\/wp-content\/uploads\/2022\/03\/Marc-Soler-i-Lluis-Febrer_Cucut.png","contentUrl":"https:\/\/www.batxilleratgranes.com\/wp-content\/uploads\/2022\/03\/Marc-Soler-i-Lluis-Febrer_Cucut.png","width":1200,"height":900},{"@type":"BreadcrumbList","@id":"https:\/\/www.batxilleratgranes.com\/es\/dos-antics-alumnes-de-granes-a-la-miniserie-cucut-de-tv3\/#breadcrumb","itemListElement":[{"@type":"ListItem","position":1,"name":"Inici","item":"https:\/\/www.batxilleratgranes.com\/es\/"},{"@type":"ListItem","position":2,"name":"Dos antics alumnes de Gran\u00e9s a la minis\u00e8rie Cucut de Tv3"}]},{"@type":"WebSite","@id":"https:\/\/www.batxilleratgranes.com\/es\/#website","url":"https:\/\/www.batxilleratgranes.com\/es\/","name":"Gran\u00e9s Batxillerat - Escuela especializada en Bachillerato en Barcelona","description":"Escola especialitzada en Batxillerat a Barcelona","publisher":{"@id":"https:\/\/www.batxilleratgranes.com\/es\/#organization"},"potentialAction":[{"@type":"SearchAction","target":{"@type":"EntryPoint","urlTemplate":"https:\/\/www.batxilleratgranes.com\/es\/?s={search_term_string}"},"query-input":{"@type":"PropertyValueSpecification","valueRequired":true,"valueName":"search_term_string"}}],"inLanguage":"es"},{"@type":"Organization","@id":"https:\/\/www.batxilleratgranes.com\/es\/#organization","name":"Gran\u00e9s Batxillerat - Escuela especializada en Bachillerato en Barcelona","url":"https:\/\/www.batxilleratgranes.com\/es\/","logo":{"@type":"ImageObject","inLanguage":"es","@id":"https:\/\/www.batxilleratgranes.com\/es\/#\/schema\/logo\/image\/","url":"https:\/\/www.batxilleratgranes.com\/wp-content\/uploads\/2013\/01\/granes1.png","contentUrl":"https:\/\/www.batxilleratgranes.com\/wp-content\/uploads\/2013\/01\/granes1.png","width":292,"height":85,"caption":"Gran\u00e9s Batxillerat - Escuela especializada en Bachillerato en Barcelona"},"image":{"@id":"https:\/\/www.batxilleratgranes.com\/es\/#\/schema\/logo\/image\/"}},{"@type":"Person","@id":"https:\/\/www.batxilleratgranes.com\/es\/#\/schema\/person\/c6cad771e5a8185c7d86589fcb6830f0","name":"iria.canovas@granes.org","image":{"@type":"ImageObject","inLanguage":"es","@id":"https:\/\/www.batxilleratgranes.com\/es\/#\/schema\/person\/image\/","url":"https:\/\/secure.gravatar.com\/avatar\/daf801bc1747e8ccc693c9041f5585cd?s=96&d=mm&r=g","contentUrl":"https:\/\/secure.gravatar.com\/avatar\/daf801bc1747e8ccc693c9041f5585cd?s=96&d=mm&r=g","caption":"iria.canovas@granes.org"},"url":"https:\/\/www.batxilleratgranes.com\/es\/author\/iria-canovasgranes-org\/"}]}},"_links":{"self":[{"href":"https:\/\/www.batxilleratgranes.com\/es\/wp-json\/wp\/v2\/posts\/39911"}],"collection":[{"href":"https:\/\/www.batxilleratgranes.com\/es\/wp-json\/wp\/v2\/posts"}],"about":[{"href":"https:\/\/www.batxilleratgranes.com\/es\/wp-json\/wp\/v2\/types\/post"}],"author":[{"embeddable":true,"href":"https:\/\/www.batxilleratgranes.com\/es\/wp-json\/wp\/v2\/users\/7"}],"replies":[{"embeddable":true,"href":"https:\/\/www.batxilleratgranes.com\/es\/wp-json\/wp\/v2\/comments?post=39911"}],"version-history":[{"count":9,"href":"https:\/\/www.batxilleratgranes.com\/es\/wp-json\/wp\/v2\/posts\/39911\/revisions"}],"predecessor-version":[{"id":39943,"href":"https:\/\/www.batxilleratgranes.com\/es\/wp-json\/wp\/v2\/posts\/39911\/revisions\/39943"}],"wp:featuredmedia":[{"embeddable":true,"href":"https:\/\/www.batxilleratgranes.com\/es\/wp-json\/wp\/v2\/media\/39922"}],"wp:attachment":[{"href":"https:\/\/www.batxilleratgranes.com\/es\/wp-json\/wp\/v2\/media?parent=39911"}],"wp:term":[{"taxonomy":"category","embeddable":true,"href":"https:\/\/www.batxilleratgranes.com\/es\/wp-json\/wp\/v2\/categories?post=39911"},{"taxonomy":"post_tag","embeddable":true,"href":"https:\/\/www.batxilleratgranes.com\/es\/wp-json\/wp\/v2\/tags?post=39911"}],"curies":[{"name":"wp","href":"https:\/\/api.w.org\/{rel}","templated":true}]}}