{"id":46582,"date":"2023-02-13T11:30:00","date_gmt":"2023-02-13T11:30:00","guid":{"rendered":"https:\/\/www.batxilleratgranes.com\/?p=46582"},"modified":"2023-02-13T12:27:25","modified_gmt":"2023-02-13T12:27:25","slug":"vols-venir-a-les-aules-obertes-de-febrer","status":"publish","type":"post","link":"https:\/\/www.batxilleratgranes.com\/es\/vols-venir-a-les-aules-obertes-de-febrer\/","title":{"rendered":"Vols venir a les Aules Obertes de febrer?"},"content":{"rendered":"\n<p>Si vols veure com treballen els nostres alumnes d&#8217;<a href=\"https:\/\/www.batxilleratgranes.com\/es\/bachillerato-artes-escenicas\/\"><strong>Arts Esc\u00e8niques<\/strong><\/a> i con\u00e8ixer <strong>la nostra metodologia<\/strong>&nbsp;que, des de fa&nbsp;<strong>10 anys<\/strong>, estem duent a terme a&nbsp;<strong>Gran\u00e9s Batxillerat<\/strong>&nbsp;de la m\u00e0 d\u2019<a href=\"https:\/\/www.eolia.cat\/es\/\"><strong>E\u00f2lia<\/strong><\/a>&nbsp;(Escola Superior d\u2019Art Dram\u00e0tic), <strong>demana&#8217;ns una visita informativa.<\/strong><\/p>\n\n\n\n<p>Aquesta vegada el <strong>Davo Mar\u00edn<\/strong>, coordinador i professor del nostre <strong>batxillerat esc\u00e8nic<\/strong>, i els grups de primer curs, us obren les portes de la seva classe de <strong>Cos i Moviment<\/strong>, una mat\u00e8ria en la qual el coneixement de l&#8217;<strong>anatomia<\/strong> es combina amb l&#8217;<strong>expressi\u00f3 corporal<\/strong> i el <strong>moviment.<\/strong><\/p>\n\n\n\n<p>En aquesta Aula Oberta poden passar cosetes com aquesta que us deixem en aquest v\u00eddeo!<\/p>\n\n\n\n<figure class=\"wp-block-embed is-type-video is-provider-youtube wp-block-embed-youtube wp-embed-aspect-16-9 wp-has-aspect-ratio\"><div class=\"wp-block-embed__wrapper\">\n<div class=\"nv-iframe-embed\"><iframe loading=\"lazy\" title=\"Cos i Moviment. Batxillerat Arts Esc\u00e8niques. Gran\u00e9s Batxillerat\" width=\"1200\" height=\"675\" src=\"https:\/\/www.youtube.com\/embed\/IwdXZM1k1m0?feature=oembed\" frameborder=\"0\" allow=\"accelerometer; autoplay; clipboard-write; encrypted-media; gyroscope; picture-in-picture; web-share\" allowfullscreen><\/iframe><\/div>\n<\/div><\/figure>\n\n\n\n<p>Si esteu interessats, <strong>demaneu ja la vostra&nbsp;<a href=\"https:\/\/www.batxilleratgranes.com\/contacte\/\">visita personalitzada<\/a><\/strong>&nbsp;i us&nbsp;<strong>reservarem pla\u00e7a<\/strong>&nbsp;a les Aules Obertes de febrer!!<\/p>\n\n\n\n<p>Email:&nbsp;<strong><a href=\"http:\/\/visitas@xn--grans-esa.org\/\">visita@granes.org<\/a><\/strong>&nbsp;\u2013 Tel\u00e8fon:&nbsp;<a href=\"http:\/\/55.143.144.49\/\"><strong>93 215 54 41<\/strong><\/a><\/p>\n\n\n\n<p><em><strong>Us hi esperem!!!<\/strong><\/em><\/p>\n","protected":false},"excerpt":{"rendered":"<p>Si vols veure com treballen els nostres alumnes d&#8217;Arts Esc\u00e8niques i con\u00e8ixer la nostra metodologia&nbsp;que, des de fa&nbsp;10 anys, estem duent a terme a&nbsp;Gran\u00e9s Batxillerat&nbsp;de la m\u00e0 d\u2019E\u00f2lia&nbsp;(Escola Superior d\u2019Art Dram\u00e0tic), demana&#8217;ns una visita informativa. Aquesta vegada el Davo Mar\u00edn, coordinador i professor del nostre batxillerat esc\u00e8nic, i els grups de primer curs, us obren&hellip;&nbsp;<a href=\"https:\/\/www.batxilleratgranes.com\/es\/vols-venir-a-les-aules-obertes-de-febrer\/\" class=\"\" rel=\"bookmark\">Read More &raquo;<span class=\"screen-reader-text\">Vols venir a les Aules Obertes de febrer?<\/span><\/a><\/p>\n","protected":false},"author":7,"featured_media":46583,"comment_status":"open","ping_status":"open","sticky":false,"template":"","format":"standard","meta":{"neve_meta_sidebar":"","neve_meta_container":"","neve_meta_enable_content_width":"","neve_meta_content_width":0,"neve_meta_title_alignment":"","neve_meta_author_avatar":"","neve_post_elements_order":"","neve_meta_disable_header":"","neve_meta_disable_footer":"","neve_meta_disable_title":"","footnotes":""},"categories":[1],"tags":[],"class_list":["post-46582","post","type-post","status-publish","format-standard","has-post-thumbnail","hentry","category-uncategorized"],"yoast_head":"<!-- This site is optimized with the Yoast SEO plugin v23.4 - https:\/\/yoast.com\/wordpress\/plugins\/seo\/ -->\n<title>Vols venir a les Aules Obertes de febrer? - Gran\u00e9s Batxillerat - Escuela especializada en Bachillerato en Barcelona<\/title>\n<meta name=\"description\" content=\"Demana&#039;ns una visita informativa si vols veure com treballen els nostres alumnes d&#039;Arts Esc\u00e8niques i con\u00e8ixer la nostra metodologia,\" \/>\n<meta name=\"robots\" content=\"index, follow, max-snippet:-1, max-image-preview:large, max-video-preview:-1\" \/>\n<link rel=\"canonical\" href=\"https:\/\/www.batxilleratgranes.com\/es\/vols-venir-a-les-aules-obertes-de-febrer\/\" \/>\n<meta property=\"og:locale\" content=\"es_ES\" \/>\n<meta property=\"og:type\" content=\"article\" \/>\n<meta property=\"og:title\" content=\"Vols venir a les Aules Obertes de febrer? - Gran\u00e9s Batxillerat - Escuela especializada en Bachillerato en Barcelona\" \/>\n<meta property=\"og:description\" content=\"Demana&#039;ns una visita informativa si vols veure com treballen els nostres alumnes d&#039;Arts Esc\u00e8niques i con\u00e8ixer la nostra metodologia,\" \/>\n<meta property=\"og:url\" content=\"https:\/\/www.batxilleratgranes.com\/es\/vols-venir-a-les-aules-obertes-de-febrer\/\" \/>\n<meta property=\"og:site_name\" content=\"Gran\u00e9s Batxillerat - Escuela especializada en Bachillerato en Barcelona\" \/>\n<meta property=\"article:published_time\" content=\"2023-02-13T11:30:00+00:00\" \/>\n<meta property=\"article:modified_time\" content=\"2023-02-13T12:27:25+00:00\" \/>\n<meta property=\"og:image\" content=\"https:\/\/www.batxilleratgranes.com\/wp-content\/uploads\/2023\/02\/Aula-Oberta-Cos-i-Moviment-1.jpg\" \/>\n\t<meta property=\"og:image:width\" content=\"900\" \/>\n\t<meta property=\"og:image:height\" content=\"636\" \/>\n\t<meta property=\"og:image:type\" content=\"image\/jpeg\" \/>\n<meta name=\"author\" content=\"iria.canovas@granes.org\" \/>\n<meta name=\"twitter:card\" content=\"summary_large_image\" \/>\n<meta name=\"twitter:label1\" content=\"Written by\" \/>\n\t<meta name=\"twitter:data1\" content=\"iria.canovas@granes.org\" \/>\n\t<meta name=\"twitter:label2\" content=\"Est. reading time\" \/>\n\t<meta name=\"twitter:data2\" content=\"1 minute\" \/>\n<script type=\"application\/ld+json\" class=\"yoast-schema-graph\">{\"@context\":\"https:\/\/schema.org\",\"@graph\":[{\"@type\":\"Article\",\"@id\":\"https:\/\/www.batxilleratgranes.com\/es\/vols-venir-a-les-aules-obertes-de-febrer\/#article\",\"isPartOf\":{\"@id\":\"https:\/\/www.batxilleratgranes.com\/es\/vols-venir-a-les-aules-obertes-de-febrer\/\"},\"author\":{\"name\":\"iria.canovas@granes.org\",\"@id\":\"https:\/\/www.batxilleratgranes.com\/es\/#\/schema\/person\/c6cad771e5a8185c7d86589fcb6830f0\"},\"headline\":\"Vols venir a les Aules Obertes de febrer?\",\"datePublished\":\"2023-02-13T11:30:00+00:00\",\"dateModified\":\"2023-02-13T12:27:25+00:00\",\"mainEntityOfPage\":{\"@id\":\"https:\/\/www.batxilleratgranes.com\/es\/vols-venir-a-les-aules-obertes-de-febrer\/\"},\"wordCount\":171,\"commentCount\":0,\"publisher\":{\"@id\":\"https:\/\/www.batxilleratgranes.com\/es\/#organization\"},\"image\":{\"@id\":\"https:\/\/www.batxilleratgranes.com\/es\/vols-venir-a-les-aules-obertes-de-febrer\/#primaryimage\"},\"thumbnailUrl\":\"https:\/\/www.batxilleratgranes.com\/wp-content\/uploads\/2023\/02\/Aula-Oberta-Cos-i-Moviment-1.jpg\",\"inLanguage\":\"es\",\"potentialAction\":[{\"@type\":\"CommentAction\",\"name\":\"Comment\",\"target\":[\"https:\/\/www.batxilleratgranes.com\/es\/vols-venir-a-les-aules-obertes-de-febrer\/#respond\"]}]},{\"@type\":\"WebPage\",\"@id\":\"https:\/\/www.batxilleratgranes.com\/es\/vols-venir-a-les-aules-obertes-de-febrer\/\",\"url\":\"https:\/\/www.batxilleratgranes.com\/es\/vols-venir-a-les-aules-obertes-de-febrer\/\",\"name\":\"Vols venir a les Aules Obertes de febrer? - Gran\u00e9s Batxillerat - Escuela especializada en Bachillerato en Barcelona\",\"isPartOf\":{\"@id\":\"https:\/\/www.batxilleratgranes.com\/es\/#website\"},\"primaryImageOfPage\":{\"@id\":\"https:\/\/www.batxilleratgranes.com\/es\/vols-venir-a-les-aules-obertes-de-febrer\/#primaryimage\"},\"image\":{\"@id\":\"https:\/\/www.batxilleratgranes.com\/es\/vols-venir-a-les-aules-obertes-de-febrer\/#primaryimage\"},\"thumbnailUrl\":\"https:\/\/www.batxilleratgranes.com\/wp-content\/uploads\/2023\/02\/Aula-Oberta-Cos-i-Moviment-1.jpg\",\"datePublished\":\"2023-02-13T11:30:00+00:00\",\"dateModified\":\"2023-02-13T12:27:25+00:00\",\"description\":\"Demana'ns una visita informativa si vols veure com treballen els nostres alumnes d'Arts Esc\u00e8niques i con\u00e8ixer la nostra metodologia,\",\"breadcrumb\":{\"@id\":\"https:\/\/www.batxilleratgranes.com\/es\/vols-venir-a-les-aules-obertes-de-febrer\/#breadcrumb\"},\"inLanguage\":\"es\",\"potentialAction\":[{\"@type\":\"ReadAction\",\"target\":[\"https:\/\/www.batxilleratgranes.com\/es\/vols-venir-a-les-aules-obertes-de-febrer\/\"]}]},{\"@type\":\"ImageObject\",\"inLanguage\":\"es\",\"@id\":\"https:\/\/www.batxilleratgranes.com\/es\/vols-venir-a-les-aules-obertes-de-febrer\/#primaryimage\",\"url\":\"https:\/\/www.batxilleratgranes.com\/wp-content\/uploads\/2023\/02\/Aula-Oberta-Cos-i-Moviment-1.jpg\",\"contentUrl\":\"https:\/\/www.batxilleratgranes.com\/wp-content\/uploads\/2023\/02\/Aula-Oberta-Cos-i-Moviment-1.jpg\",\"width\":900,\"height\":636},{\"@type\":\"BreadcrumbList\",\"@id\":\"https:\/\/www.batxilleratgranes.com\/es\/vols-venir-a-les-aules-obertes-de-febrer\/#breadcrumb\",\"itemListElement\":[{\"@type\":\"ListItem\",\"position\":1,\"name\":\"Inici\",\"item\":\"https:\/\/www.batxilleratgranes.com\/es\/\"},{\"@type\":\"ListItem\",\"position\":2,\"name\":\"Vols venir a les Aules Obertes de febrer?\"}]},{\"@type\":\"WebSite\",\"@id\":\"https:\/\/www.batxilleratgranes.com\/es\/#website\",\"url\":\"https:\/\/www.batxilleratgranes.com\/es\/\",\"name\":\"Gran\u00e9s Batxillerat - Escuela especializada en Bachillerato en Barcelona\",\"description\":\"Escola especialitzada en Batxillerat a Barcelona\",\"publisher\":{\"@id\":\"https:\/\/www.batxilleratgranes.com\/es\/#organization\"},\"potentialAction\":[{\"@type\":\"SearchAction\",\"target\":{\"@type\":\"EntryPoint\",\"urlTemplate\":\"https:\/\/www.batxilleratgranes.com\/es\/?s={search_term_string}\"},\"query-input\":{\"@type\":\"PropertyValueSpecification\",\"valueRequired\":true,\"valueName\":\"search_term_string\"}}],\"inLanguage\":\"es\"},{\"@type\":\"Organization\",\"@id\":\"https:\/\/www.batxilleratgranes.com\/es\/#organization\",\"name\":\"Gran\u00e9s Batxillerat - Escuela especializada en Bachillerato en Barcelona\",\"url\":\"https:\/\/www.batxilleratgranes.com\/es\/\",\"logo\":{\"@type\":\"ImageObject\",\"inLanguage\":\"es\",\"@id\":\"https:\/\/www.batxilleratgranes.com\/es\/#\/schema\/logo\/image\/\",\"url\":\"https:\/\/www.batxilleratgranes.com\/wp-content\/uploads\/2013\/01\/granes1.png\",\"contentUrl\":\"https:\/\/www.batxilleratgranes.com\/wp-content\/uploads\/2013\/01\/granes1.png\",\"width\":292,\"height\":85,\"caption\":\"Gran\u00e9s Batxillerat - Escuela especializada en Bachillerato en Barcelona\"},\"image\":{\"@id\":\"https:\/\/www.batxilleratgranes.com\/es\/#\/schema\/logo\/image\/\"}},{\"@type\":\"Person\",\"@id\":\"https:\/\/www.batxilleratgranes.com\/es\/#\/schema\/person\/c6cad771e5a8185c7d86589fcb6830f0\",\"name\":\"iria.canovas@granes.org\",\"image\":{\"@type\":\"ImageObject\",\"inLanguage\":\"es\",\"@id\":\"https:\/\/www.batxilleratgranes.com\/es\/#\/schema\/person\/image\/\",\"url\":\"https:\/\/secure.gravatar.com\/avatar\/daf801bc1747e8ccc693c9041f5585cd?s=96&d=mm&r=g\",\"contentUrl\":\"https:\/\/secure.gravatar.com\/avatar\/daf801bc1747e8ccc693c9041f5585cd?s=96&d=mm&r=g\",\"caption\":\"iria.canovas@granes.org\"},\"url\":\"https:\/\/www.batxilleratgranes.com\/es\/author\/iria-canovasgranes-org\/\"}]}<\/script>\n<!-- \/ Yoast SEO plugin. -->","yoast_head_json":{"title":"Vols venir a les Aules Obertes de febrer? - Gran\u00e9s Batxillerat - Escuela especializada en Bachillerato en Barcelona","description":"Demana'ns una visita informativa si vols veure com treballen els nostres alumnes d'Arts Esc\u00e8niques i con\u00e8ixer la nostra metodologia,","robots":{"index":"index","follow":"follow","max-snippet":"max-snippet:-1","max-image-preview":"max-image-preview:large","max-video-preview":"max-video-preview:-1"},"canonical":"https:\/\/www.batxilleratgranes.com\/es\/vols-venir-a-les-aules-obertes-de-febrer\/","og_locale":"es_ES","og_type":"article","og_title":"Vols venir a les Aules Obertes de febrer? - Gran\u00e9s Batxillerat - Escuela especializada en Bachillerato en Barcelona","og_description":"Demana'ns una visita informativa si vols veure com treballen els nostres alumnes d'Arts Esc\u00e8niques i con\u00e8ixer la nostra metodologia,","og_url":"https:\/\/www.batxilleratgranes.com\/es\/vols-venir-a-les-aules-obertes-de-febrer\/","og_site_name":"Gran\u00e9s Batxillerat - Escuela especializada en Bachillerato en Barcelona","article_published_time":"2023-02-13T11:30:00+00:00","article_modified_time":"2023-02-13T12:27:25+00:00","og_image":[{"width":900,"height":636,"url":"https:\/\/www.batxilleratgranes.com\/wp-content\/uploads\/2023\/02\/Aula-Oberta-Cos-i-Moviment-1.jpg","type":"image\/jpeg"}],"author":"iria.canovas@granes.org","twitter_card":"summary_large_image","twitter_misc":{"Written by":"iria.canovas@granes.org","Est. reading time":"1 minute"},"schema":{"@context":"https:\/\/schema.org","@graph":[{"@type":"Article","@id":"https:\/\/www.batxilleratgranes.com\/es\/vols-venir-a-les-aules-obertes-de-febrer\/#article","isPartOf":{"@id":"https:\/\/www.batxilleratgranes.com\/es\/vols-venir-a-les-aules-obertes-de-febrer\/"},"author":{"name":"iria.canovas@granes.org","@id":"https:\/\/www.batxilleratgranes.com\/es\/#\/schema\/person\/c6cad771e5a8185c7d86589fcb6830f0"},"headline":"Vols venir a les Aules Obertes de febrer?","datePublished":"2023-02-13T11:30:00+00:00","dateModified":"2023-02-13T12:27:25+00:00","mainEntityOfPage":{"@id":"https:\/\/www.batxilleratgranes.com\/es\/vols-venir-a-les-aules-obertes-de-febrer\/"},"wordCount":171,"commentCount":0,"publisher":{"@id":"https:\/\/www.batxilleratgranes.com\/es\/#organization"},"image":{"@id":"https:\/\/www.batxilleratgranes.com\/es\/vols-venir-a-les-aules-obertes-de-febrer\/#primaryimage"},"thumbnailUrl":"https:\/\/www.batxilleratgranes.com\/wp-content\/uploads\/2023\/02\/Aula-Oberta-Cos-i-Moviment-1.jpg","inLanguage":"es","potentialAction":[{"@type":"CommentAction","name":"Comment","target":["https:\/\/www.batxilleratgranes.com\/es\/vols-venir-a-les-aules-obertes-de-febrer\/#respond"]}]},{"@type":"WebPage","@id":"https:\/\/www.batxilleratgranes.com\/es\/vols-venir-a-les-aules-obertes-de-febrer\/","url":"https:\/\/www.batxilleratgranes.com\/es\/vols-venir-a-les-aules-obertes-de-febrer\/","name":"Vols venir a les Aules Obertes de febrer? - Gran\u00e9s Batxillerat - Escuela especializada en Bachillerato en Barcelona","isPartOf":{"@id":"https:\/\/www.batxilleratgranes.com\/es\/#website"},"primaryImageOfPage":{"@id":"https:\/\/www.batxilleratgranes.com\/es\/vols-venir-a-les-aules-obertes-de-febrer\/#primaryimage"},"image":{"@id":"https:\/\/www.batxilleratgranes.com\/es\/vols-venir-a-les-aules-obertes-de-febrer\/#primaryimage"},"thumbnailUrl":"https:\/\/www.batxilleratgranes.com\/wp-content\/uploads\/2023\/02\/Aula-Oberta-Cos-i-Moviment-1.jpg","datePublished":"2023-02-13T11:30:00+00:00","dateModified":"2023-02-13T12:27:25+00:00","description":"Demana'ns una visita informativa si vols veure com treballen els nostres alumnes d'Arts Esc\u00e8niques i con\u00e8ixer la nostra metodologia,","breadcrumb":{"@id":"https:\/\/www.batxilleratgranes.com\/es\/vols-venir-a-les-aules-obertes-de-febrer\/#breadcrumb"},"inLanguage":"es","potentialAction":[{"@type":"ReadAction","target":["https:\/\/www.batxilleratgranes.com\/es\/vols-venir-a-les-aules-obertes-de-febrer\/"]}]},{"@type":"ImageObject","inLanguage":"es","@id":"https:\/\/www.batxilleratgranes.com\/es\/vols-venir-a-les-aules-obertes-de-febrer\/#primaryimage","url":"https:\/\/www.batxilleratgranes.com\/wp-content\/uploads\/2023\/02\/Aula-Oberta-Cos-i-Moviment-1.jpg","contentUrl":"https:\/\/www.batxilleratgranes.com\/wp-content\/uploads\/2023\/02\/Aula-Oberta-Cos-i-Moviment-1.jpg","width":900,"height":636},{"@type":"BreadcrumbList","@id":"https:\/\/www.batxilleratgranes.com\/es\/vols-venir-a-les-aules-obertes-de-febrer\/#breadcrumb","itemListElement":[{"@type":"ListItem","position":1,"name":"Inici","item":"https:\/\/www.batxilleratgranes.com\/es\/"},{"@type":"ListItem","position":2,"name":"Vols venir a les Aules Obertes de febrer?"}]},{"@type":"WebSite","@id":"https:\/\/www.batxilleratgranes.com\/es\/#website","url":"https:\/\/www.batxilleratgranes.com\/es\/","name":"Gran\u00e9s Batxillerat - Escuela especializada en Bachillerato en Barcelona","description":"Escola especialitzada en Batxillerat a Barcelona","publisher":{"@id":"https:\/\/www.batxilleratgranes.com\/es\/#organization"},"potentialAction":[{"@type":"SearchAction","target":{"@type":"EntryPoint","urlTemplate":"https:\/\/www.batxilleratgranes.com\/es\/?s={search_term_string}"},"query-input":{"@type":"PropertyValueSpecification","valueRequired":true,"valueName":"search_term_string"}}],"inLanguage":"es"},{"@type":"Organization","@id":"https:\/\/www.batxilleratgranes.com\/es\/#organization","name":"Gran\u00e9s Batxillerat - Escuela especializada en Bachillerato en Barcelona","url":"https:\/\/www.batxilleratgranes.com\/es\/","logo":{"@type":"ImageObject","inLanguage":"es","@id":"https:\/\/www.batxilleratgranes.com\/es\/#\/schema\/logo\/image\/","url":"https:\/\/www.batxilleratgranes.com\/wp-content\/uploads\/2013\/01\/granes1.png","contentUrl":"https:\/\/www.batxilleratgranes.com\/wp-content\/uploads\/2013\/01\/granes1.png","width":292,"height":85,"caption":"Gran\u00e9s Batxillerat - Escuela especializada en Bachillerato en Barcelona"},"image":{"@id":"https:\/\/www.batxilleratgranes.com\/es\/#\/schema\/logo\/image\/"}},{"@type":"Person","@id":"https:\/\/www.batxilleratgranes.com\/es\/#\/schema\/person\/c6cad771e5a8185c7d86589fcb6830f0","name":"iria.canovas@granes.org","image":{"@type":"ImageObject","inLanguage":"es","@id":"https:\/\/www.batxilleratgranes.com\/es\/#\/schema\/person\/image\/","url":"https:\/\/secure.gravatar.com\/avatar\/daf801bc1747e8ccc693c9041f5585cd?s=96&d=mm&r=g","contentUrl":"https:\/\/secure.gravatar.com\/avatar\/daf801bc1747e8ccc693c9041f5585cd?s=96&d=mm&r=g","caption":"iria.canovas@granes.org"},"url":"https:\/\/www.batxilleratgranes.com\/es\/author\/iria-canovasgranes-org\/"}]}},"_links":{"self":[{"href":"https:\/\/www.batxilleratgranes.com\/es\/wp-json\/wp\/v2\/posts\/46582"}],"collection":[{"href":"https:\/\/www.batxilleratgranes.com\/es\/wp-json\/wp\/v2\/posts"}],"about":[{"href":"https:\/\/www.batxilleratgranes.com\/es\/wp-json\/wp\/v2\/types\/post"}],"author":[{"embeddable":true,"href":"https:\/\/www.batxilleratgranes.com\/es\/wp-json\/wp\/v2\/users\/7"}],"replies":[{"embeddable":true,"href":"https:\/\/www.batxilleratgranes.com\/es\/wp-json\/wp\/v2\/comments?post=46582"}],"version-history":[{"count":6,"href":"https:\/\/www.batxilleratgranes.com\/es\/wp-json\/wp\/v2\/posts\/46582\/revisions"}],"predecessor-version":[{"id":46613,"href":"https:\/\/www.batxilleratgranes.com\/es\/wp-json\/wp\/v2\/posts\/46582\/revisions\/46613"}],"wp:featuredmedia":[{"embeddable":true,"href":"https:\/\/www.batxilleratgranes.com\/es\/wp-json\/wp\/v2\/media\/46583"}],"wp:attachment":[{"href":"https:\/\/www.batxilleratgranes.com\/es\/wp-json\/wp\/v2\/media?parent=46582"}],"wp:term":[{"taxonomy":"category","embeddable":true,"href":"https:\/\/www.batxilleratgranes.com\/es\/wp-json\/wp\/v2\/categories?post=46582"},{"taxonomy":"post_tag","embeddable":true,"href":"https:\/\/www.batxilleratgranes.com\/es\/wp-json\/wp\/v2\/tags?post=46582"}],"curies":[{"name":"wp","href":"https:\/\/api.w.org\/{rel}","templated":true}]}}