{"id":48287,"date":"2023-04-25T09:17:52","date_gmt":"2023-04-25T09:17:52","guid":{"rendered":"https:\/\/www.batxilleratgranes.com\/?p=48287"},"modified":"2023-04-25T09:17:56","modified_gmt":"2023-04-25T09:17:56","slug":"proves-dacces-del-batxillerat-musical","status":"publish","type":"post","link":"https:\/\/www.batxilleratgranes.com\/es\/proves-dacces-del-batxillerat-musical\/","title":{"rendered":"Proves d&#8217;acc\u00e9s del Batxillerat Musical"},"content":{"rendered":"\n<p>Convoquem les properes <strong>proves d&#8217;acc\u00e9s al Batxillerat Musical<\/strong>, el <strong>dijous 11 de maig<\/strong>. T&#8217;animes?<\/p>\n\n\n\n<p>En les darreres setmanes ja hem celebrat les <strong>primeres proves d&#8217;acc\u00e9s al nou <a href=\"https:\/\/www.batxilleratgranes.com\/es\/bachillerato-musica\/\">batxillerat Musical<\/a><\/strong>., on els alumnes van poder mostrar tot el seu talent i els coneixements amb els quals arribaran el curs vinent a la nostra escola. <\/p>\n\n\n\n<p>Com ja sabeu, <strong><a href=\"https:\/\/www.batxilleratgranes.com\/es\/\">Gran\u00e9s Batxillerat<\/a><\/strong> i el <strong><a href=\"https:\/\/jamsession.cat\/\">Centre Superior de M\u00fasica Jam Session<\/a><\/strong>, posem en marxa un batxillerat en m\u00fasica especialitzat en&nbsp;<strong>m\u00fasiques urbanes, noves tend\u00e8ncies i rock<\/strong>.i dirigit a alumnes que ja fa un temps tocant un instrument, que volen fer estudis superiors de m\u00fasica i dirigir la seva carrera professional cap al m\u00f3n de la<strong> interpretaci\u00f3 i producci\u00f3 musical. <\/strong><\/p>\n\n\n\n<p><strong>Piano, guitarra, veu, bater\u00eda o clarinet<\/strong> <strong>baix<\/strong> s\u00f3n alguns dels instruments que podrem gaudir en els combos i classes pr\u00e0ctiques durant el curs vinent. Per\u00f2 sobretot, estem encantats de les<strong> ganes i la il\u00b7lusi\u00f3<\/strong> amb la qual venen els alumnes, perqu\u00e8 l&#8217;<strong>ambient durant les proves va ser &nbsp;incre\u00efble.<\/strong> <\/p>\n\n\n\n<p><strong><em>Estem desitjant que comenceu nois i noies!<\/em><\/strong><\/p>\n\n\n\n<p><strong>Si tu tamb\u00e9 vols<\/strong> fer un <strong>batxillerat Musical<\/strong>, aprendre de la m\u00e0 de <strong>professionals en actiu<\/strong>, potenciar el teu <strong>talent musical<\/strong> i preparar-te per les proves d&#8217;acc\u00e9s als <strong>estudis superiors<\/strong>, <strong>demana\u2019ns una visita personalitzada<\/strong>&nbsp;a trav\u00e9s del&nbsp;<a href=\"https:\/\/www.batxilleratgranes.com\/contacte\/\"><strong>formulari<\/strong><\/a>, per tel\u00e8fon al&nbsp;<a href=\"tel:+34932155441\"><strong>93 215 54 41<\/strong><\/a>&nbsp;o a l\u2019email&nbsp;<strong><a href=\"mailto:visita@granes.org\">visita@granes.org<\/a><\/strong>.<\/p>\n\n\n\n<p>Et donarem tota la informaci\u00f3 que necessites i podr\u00e0s visitar les&nbsp;<strong><a href=\"https:\/\/www.google.com\/maps\/@41.3720286,2.1464304,3a,75y,288.16h,72.94t\/data=!3m6!1e1!3m4!1sDjAOma3XOPMAAAQfDSycCw!2e0!7i13312!8i6656?hl=es-ES\">instal\u00b7lacions<\/a><\/strong>&nbsp;on dur\u00e0s a terme les classes pr\u00e0ctiques.<\/p>\n\n\n\n<p class=\"has-text-align-center\"><strong>PR\u00d2XIMA CONVOVAT\u00d2RIA PER LES PROVES D&#8217;ACC\u00c9S: 11 DE MAIG<\/strong><\/p>\n","protected":false},"excerpt":{"rendered":"<p>Convoquem les properes proves d&#8217;acc\u00e9s al Batxillerat Musical, el dijous 11 de maig. T&#8217;animes? En les darreres setmanes ja hem celebrat les primeres proves d&#8217;acc\u00e9s al nou batxillerat Musical., on els alumnes van poder mostrar tot el seu talent i els coneixements amb els quals arribaran el curs vinent a la nostra escola. Com ja&hellip;&nbsp;<a href=\"https:\/\/www.batxilleratgranes.com\/es\/proves-dacces-del-batxillerat-musical\/\" class=\"\" rel=\"bookmark\">Read More &raquo;<span class=\"screen-reader-text\">Proves d&#8217;acc\u00e9s del Batxillerat Musical<\/span><\/a><\/p>\n","protected":false},"author":7,"featured_media":48293,"comment_status":"open","ping_status":"open","sticky":false,"template":"","format":"standard","meta":{"neve_meta_sidebar":"","neve_meta_container":"","neve_meta_enable_content_width":"","neve_meta_content_width":0,"neve_meta_title_alignment":"","neve_meta_author_avatar":"","neve_post_elements_order":"","neve_meta_disable_header":"","neve_meta_disable_footer":"","neve_meta_disable_title":"","footnotes":""},"categories":[1],"tags":[],"class_list":["post-48287","post","type-post","status-publish","format-standard","has-post-thumbnail","hentry","category-uncategorized"],"yoast_head":"<!-- This site is optimized with the Yoast SEO plugin v23.4 - https:\/\/yoast.com\/wordpress\/plugins\/seo\/ -->\n<title>Proves d&#039;acc\u00e9s del Batxillerat Musical - Gran\u00e9s Batxillerat - Escuela especializada en Bachillerato en Barcelona<\/title>\n<meta name=\"description\" content=\"Convoquem les pr\u00f2ximes proves d&#039;acc\u00e9s al Batxillerat Musical, el dijous 11 de maig. T&#039;animes?\" \/>\n<meta name=\"robots\" content=\"index, follow, max-snippet:-1, max-image-preview:large, max-video-preview:-1\" \/>\n<link rel=\"canonical\" href=\"https:\/\/www.batxilleratgranes.com\/es\/proves-dacces-del-batxillerat-musical\/\" \/>\n<meta property=\"og:locale\" content=\"es_ES\" \/>\n<meta property=\"og:type\" content=\"article\" \/>\n<meta property=\"og:title\" content=\"Proves d&#039;acc\u00e9s del Batxillerat Musical - Gran\u00e9s Batxillerat - Escuela especializada en Bachillerato en Barcelona\" \/>\n<meta property=\"og:description\" content=\"Convoquem les pr\u00f2ximes proves d&#039;acc\u00e9s al Batxillerat Musical, el dijous 11 de maig. T&#039;animes?\" \/>\n<meta property=\"og:url\" content=\"https:\/\/www.batxilleratgranes.com\/es\/proves-dacces-del-batxillerat-musical\/\" \/>\n<meta property=\"og:site_name\" content=\"Gran\u00e9s Batxillerat - Escuela especializada en Bachillerato en Barcelona\" \/>\n<meta property=\"article:published_time\" content=\"2023-04-25T09:17:52+00:00\" \/>\n<meta property=\"article:modified_time\" content=\"2023-04-25T09:17:56+00:00\" \/>\n<meta property=\"og:image\" content=\"https:\/\/www.batxilleratgranes.com\/wp-content\/uploads\/2023\/04\/Proves-dacces-batxillerat-musical-1.jpg\" \/>\n\t<meta property=\"og:image:width\" content=\"700\" \/>\n\t<meta property=\"og:image:height\" content=\"525\" \/>\n\t<meta property=\"og:image:type\" content=\"image\/jpeg\" \/>\n<meta name=\"author\" content=\"iria.canovas@granes.org\" \/>\n<meta name=\"twitter:card\" content=\"summary_large_image\" \/>\n<meta name=\"twitter:label1\" content=\"Written by\" \/>\n\t<meta name=\"twitter:data1\" content=\"iria.canovas@granes.org\" \/>\n\t<meta name=\"twitter:label2\" content=\"Est. reading time\" \/>\n\t<meta name=\"twitter:data2\" content=\"2 minutes\" \/>\n<script type=\"application\/ld+json\" class=\"yoast-schema-graph\">{\"@context\":\"https:\/\/schema.org\",\"@graph\":[{\"@type\":\"Article\",\"@id\":\"https:\/\/www.batxilleratgranes.com\/es\/proves-dacces-del-batxillerat-musical\/#article\",\"isPartOf\":{\"@id\":\"https:\/\/www.batxilleratgranes.com\/es\/proves-dacces-del-batxillerat-musical\/\"},\"author\":{\"name\":\"iria.canovas@granes.org\",\"@id\":\"https:\/\/www.batxilleratgranes.com\/es\/#\/schema\/person\/c6cad771e5a8185c7d86589fcb6830f0\"},\"headline\":\"Proves d&#8217;acc\u00e9s del Batxillerat Musical\",\"datePublished\":\"2023-04-25T09:17:52+00:00\",\"dateModified\":\"2023-04-25T09:17:56+00:00\",\"mainEntityOfPage\":{\"@id\":\"https:\/\/www.batxilleratgranes.com\/es\/proves-dacces-del-batxillerat-musical\/\"},\"wordCount\":291,\"commentCount\":0,\"publisher\":{\"@id\":\"https:\/\/www.batxilleratgranes.com\/es\/#organization\"},\"image\":{\"@id\":\"https:\/\/www.batxilleratgranes.com\/es\/proves-dacces-del-batxillerat-musical\/#primaryimage\"},\"thumbnailUrl\":\"https:\/\/www.batxilleratgranes.com\/wp-content\/uploads\/2023\/04\/Proves-dacces-batxillerat-musical-1.jpg\",\"inLanguage\":\"es\",\"potentialAction\":[{\"@type\":\"CommentAction\",\"name\":\"Comment\",\"target\":[\"https:\/\/www.batxilleratgranes.com\/es\/proves-dacces-del-batxillerat-musical\/#respond\"]}]},{\"@type\":\"WebPage\",\"@id\":\"https:\/\/www.batxilleratgranes.com\/es\/proves-dacces-del-batxillerat-musical\/\",\"url\":\"https:\/\/www.batxilleratgranes.com\/es\/proves-dacces-del-batxillerat-musical\/\",\"name\":\"Proves d'acc\u00e9s del Batxillerat Musical - Gran\u00e9s Batxillerat - Escuela especializada en Bachillerato en Barcelona\",\"isPartOf\":{\"@id\":\"https:\/\/www.batxilleratgranes.com\/es\/#website\"},\"primaryImageOfPage\":{\"@id\":\"https:\/\/www.batxilleratgranes.com\/es\/proves-dacces-del-batxillerat-musical\/#primaryimage\"},\"image\":{\"@id\":\"https:\/\/www.batxilleratgranes.com\/es\/proves-dacces-del-batxillerat-musical\/#primaryimage\"},\"thumbnailUrl\":\"https:\/\/www.batxilleratgranes.com\/wp-content\/uploads\/2023\/04\/Proves-dacces-batxillerat-musical-1.jpg\",\"datePublished\":\"2023-04-25T09:17:52+00:00\",\"dateModified\":\"2023-04-25T09:17:56+00:00\",\"description\":\"Convoquem les pr\u00f2ximes proves d'acc\u00e9s al Batxillerat Musical, el dijous 11 de maig. T'animes?\",\"breadcrumb\":{\"@id\":\"https:\/\/www.batxilleratgranes.com\/es\/proves-dacces-del-batxillerat-musical\/#breadcrumb\"},\"inLanguage\":\"es\",\"potentialAction\":[{\"@type\":\"ReadAction\",\"target\":[\"https:\/\/www.batxilleratgranes.com\/es\/proves-dacces-del-batxillerat-musical\/\"]}]},{\"@type\":\"ImageObject\",\"inLanguage\":\"es\",\"@id\":\"https:\/\/www.batxilleratgranes.com\/es\/proves-dacces-del-batxillerat-musical\/#primaryimage\",\"url\":\"https:\/\/www.batxilleratgranes.com\/wp-content\/uploads\/2023\/04\/Proves-dacces-batxillerat-musical-1.jpg\",\"contentUrl\":\"https:\/\/www.batxilleratgranes.com\/wp-content\/uploads\/2023\/04\/Proves-dacces-batxillerat-musical-1.jpg\",\"width\":700,\"height\":525},{\"@type\":\"BreadcrumbList\",\"@id\":\"https:\/\/www.batxilleratgranes.com\/es\/proves-dacces-del-batxillerat-musical\/#breadcrumb\",\"itemListElement\":[{\"@type\":\"ListItem\",\"position\":1,\"name\":\"Inici\",\"item\":\"https:\/\/www.batxilleratgranes.com\/es\/\"},{\"@type\":\"ListItem\",\"position\":2,\"name\":\"Proves d&#8217;acc\u00e9s del Batxillerat Musical\"}]},{\"@type\":\"WebSite\",\"@id\":\"https:\/\/www.batxilleratgranes.com\/es\/#website\",\"url\":\"https:\/\/www.batxilleratgranes.com\/es\/\",\"name\":\"Gran\u00e9s Batxillerat - Escuela especializada en Bachillerato en Barcelona\",\"description\":\"Escola especialitzada en Batxillerat a Barcelona\",\"publisher\":{\"@id\":\"https:\/\/www.batxilleratgranes.com\/es\/#organization\"},\"potentialAction\":[{\"@type\":\"SearchAction\",\"target\":{\"@type\":\"EntryPoint\",\"urlTemplate\":\"https:\/\/www.batxilleratgranes.com\/es\/?s={search_term_string}\"},\"query-input\":{\"@type\":\"PropertyValueSpecification\",\"valueRequired\":true,\"valueName\":\"search_term_string\"}}],\"inLanguage\":\"es\"},{\"@type\":\"Organization\",\"@id\":\"https:\/\/www.batxilleratgranes.com\/es\/#organization\",\"name\":\"Gran\u00e9s Batxillerat - Escuela especializada en Bachillerato en Barcelona\",\"url\":\"https:\/\/www.batxilleratgranes.com\/es\/\",\"logo\":{\"@type\":\"ImageObject\",\"inLanguage\":\"es\",\"@id\":\"https:\/\/www.batxilleratgranes.com\/es\/#\/schema\/logo\/image\/\",\"url\":\"https:\/\/www.batxilleratgranes.com\/wp-content\/uploads\/2013\/01\/granes1.png\",\"contentUrl\":\"https:\/\/www.batxilleratgranes.com\/wp-content\/uploads\/2013\/01\/granes1.png\",\"width\":292,\"height\":85,\"caption\":\"Gran\u00e9s Batxillerat - Escuela especializada en Bachillerato en Barcelona\"},\"image\":{\"@id\":\"https:\/\/www.batxilleratgranes.com\/es\/#\/schema\/logo\/image\/\"}},{\"@type\":\"Person\",\"@id\":\"https:\/\/www.batxilleratgranes.com\/es\/#\/schema\/person\/c6cad771e5a8185c7d86589fcb6830f0\",\"name\":\"iria.canovas@granes.org\",\"image\":{\"@type\":\"ImageObject\",\"inLanguage\":\"es\",\"@id\":\"https:\/\/www.batxilleratgranes.com\/es\/#\/schema\/person\/image\/\",\"url\":\"https:\/\/secure.gravatar.com\/avatar\/daf801bc1747e8ccc693c9041f5585cd?s=96&d=mm&r=g\",\"contentUrl\":\"https:\/\/secure.gravatar.com\/avatar\/daf801bc1747e8ccc693c9041f5585cd?s=96&d=mm&r=g\",\"caption\":\"iria.canovas@granes.org\"},\"url\":\"https:\/\/www.batxilleratgranes.com\/es\/author\/iria-canovasgranes-org\/\"}]}<\/script>\n<!-- \/ Yoast SEO plugin. -->","yoast_head_json":{"title":"Proves d'acc\u00e9s del Batxillerat Musical - Gran\u00e9s Batxillerat - Escuela especializada en Bachillerato en Barcelona","description":"Convoquem les pr\u00f2ximes proves d'acc\u00e9s al Batxillerat Musical, el dijous 11 de maig. T'animes?","robots":{"index":"index","follow":"follow","max-snippet":"max-snippet:-1","max-image-preview":"max-image-preview:large","max-video-preview":"max-video-preview:-1"},"canonical":"https:\/\/www.batxilleratgranes.com\/es\/proves-dacces-del-batxillerat-musical\/","og_locale":"es_ES","og_type":"article","og_title":"Proves d'acc\u00e9s del Batxillerat Musical - Gran\u00e9s Batxillerat - Escuela especializada en Bachillerato en Barcelona","og_description":"Convoquem les pr\u00f2ximes proves d'acc\u00e9s al Batxillerat Musical, el dijous 11 de maig. T'animes?","og_url":"https:\/\/www.batxilleratgranes.com\/es\/proves-dacces-del-batxillerat-musical\/","og_site_name":"Gran\u00e9s Batxillerat - Escuela especializada en Bachillerato en Barcelona","article_published_time":"2023-04-25T09:17:52+00:00","article_modified_time":"2023-04-25T09:17:56+00:00","og_image":[{"width":700,"height":525,"url":"https:\/\/www.batxilleratgranes.com\/wp-content\/uploads\/2023\/04\/Proves-dacces-batxillerat-musical-1.jpg","type":"image\/jpeg"}],"author":"iria.canovas@granes.org","twitter_card":"summary_large_image","twitter_misc":{"Written by":"iria.canovas@granes.org","Est. reading time":"2 minutes"},"schema":{"@context":"https:\/\/schema.org","@graph":[{"@type":"Article","@id":"https:\/\/www.batxilleratgranes.com\/es\/proves-dacces-del-batxillerat-musical\/#article","isPartOf":{"@id":"https:\/\/www.batxilleratgranes.com\/es\/proves-dacces-del-batxillerat-musical\/"},"author":{"name":"iria.canovas@granes.org","@id":"https:\/\/www.batxilleratgranes.com\/es\/#\/schema\/person\/c6cad771e5a8185c7d86589fcb6830f0"},"headline":"Proves d&#8217;acc\u00e9s del Batxillerat Musical","datePublished":"2023-04-25T09:17:52+00:00","dateModified":"2023-04-25T09:17:56+00:00","mainEntityOfPage":{"@id":"https:\/\/www.batxilleratgranes.com\/es\/proves-dacces-del-batxillerat-musical\/"},"wordCount":291,"commentCount":0,"publisher":{"@id":"https:\/\/www.batxilleratgranes.com\/es\/#organization"},"image":{"@id":"https:\/\/www.batxilleratgranes.com\/es\/proves-dacces-del-batxillerat-musical\/#primaryimage"},"thumbnailUrl":"https:\/\/www.batxilleratgranes.com\/wp-content\/uploads\/2023\/04\/Proves-dacces-batxillerat-musical-1.jpg","inLanguage":"es","potentialAction":[{"@type":"CommentAction","name":"Comment","target":["https:\/\/www.batxilleratgranes.com\/es\/proves-dacces-del-batxillerat-musical\/#respond"]}]},{"@type":"WebPage","@id":"https:\/\/www.batxilleratgranes.com\/es\/proves-dacces-del-batxillerat-musical\/","url":"https:\/\/www.batxilleratgranes.com\/es\/proves-dacces-del-batxillerat-musical\/","name":"Proves d'acc\u00e9s del Batxillerat Musical - Gran\u00e9s Batxillerat - Escuela especializada en Bachillerato en Barcelona","isPartOf":{"@id":"https:\/\/www.batxilleratgranes.com\/es\/#website"},"primaryImageOfPage":{"@id":"https:\/\/www.batxilleratgranes.com\/es\/proves-dacces-del-batxillerat-musical\/#primaryimage"},"image":{"@id":"https:\/\/www.batxilleratgranes.com\/es\/proves-dacces-del-batxillerat-musical\/#primaryimage"},"thumbnailUrl":"https:\/\/www.batxilleratgranes.com\/wp-content\/uploads\/2023\/04\/Proves-dacces-batxillerat-musical-1.jpg","datePublished":"2023-04-25T09:17:52+00:00","dateModified":"2023-04-25T09:17:56+00:00","description":"Convoquem les pr\u00f2ximes proves d'acc\u00e9s al Batxillerat Musical, el dijous 11 de maig. T'animes?","breadcrumb":{"@id":"https:\/\/www.batxilleratgranes.com\/es\/proves-dacces-del-batxillerat-musical\/#breadcrumb"},"inLanguage":"es","potentialAction":[{"@type":"ReadAction","target":["https:\/\/www.batxilleratgranes.com\/es\/proves-dacces-del-batxillerat-musical\/"]}]},{"@type":"ImageObject","inLanguage":"es","@id":"https:\/\/www.batxilleratgranes.com\/es\/proves-dacces-del-batxillerat-musical\/#primaryimage","url":"https:\/\/www.batxilleratgranes.com\/wp-content\/uploads\/2023\/04\/Proves-dacces-batxillerat-musical-1.jpg","contentUrl":"https:\/\/www.batxilleratgranes.com\/wp-content\/uploads\/2023\/04\/Proves-dacces-batxillerat-musical-1.jpg","width":700,"height":525},{"@type":"BreadcrumbList","@id":"https:\/\/www.batxilleratgranes.com\/es\/proves-dacces-del-batxillerat-musical\/#breadcrumb","itemListElement":[{"@type":"ListItem","position":1,"name":"Inici","item":"https:\/\/www.batxilleratgranes.com\/es\/"},{"@type":"ListItem","position":2,"name":"Proves d&#8217;acc\u00e9s del Batxillerat Musical"}]},{"@type":"WebSite","@id":"https:\/\/www.batxilleratgranes.com\/es\/#website","url":"https:\/\/www.batxilleratgranes.com\/es\/","name":"Gran\u00e9s Batxillerat - Escuela especializada en Bachillerato en Barcelona","description":"Escola especialitzada en Batxillerat a Barcelona","publisher":{"@id":"https:\/\/www.batxilleratgranes.com\/es\/#organization"},"potentialAction":[{"@type":"SearchAction","target":{"@type":"EntryPoint","urlTemplate":"https:\/\/www.batxilleratgranes.com\/es\/?s={search_term_string}"},"query-input":{"@type":"PropertyValueSpecification","valueRequired":true,"valueName":"search_term_string"}}],"inLanguage":"es"},{"@type":"Organization","@id":"https:\/\/www.batxilleratgranes.com\/es\/#organization","name":"Gran\u00e9s Batxillerat - Escuela especializada en Bachillerato en Barcelona","url":"https:\/\/www.batxilleratgranes.com\/es\/","logo":{"@type":"ImageObject","inLanguage":"es","@id":"https:\/\/www.batxilleratgranes.com\/es\/#\/schema\/logo\/image\/","url":"https:\/\/www.batxilleratgranes.com\/wp-content\/uploads\/2013\/01\/granes1.png","contentUrl":"https:\/\/www.batxilleratgranes.com\/wp-content\/uploads\/2013\/01\/granes1.png","width":292,"height":85,"caption":"Gran\u00e9s Batxillerat - Escuela especializada en Bachillerato en Barcelona"},"image":{"@id":"https:\/\/www.batxilleratgranes.com\/es\/#\/schema\/logo\/image\/"}},{"@type":"Person","@id":"https:\/\/www.batxilleratgranes.com\/es\/#\/schema\/person\/c6cad771e5a8185c7d86589fcb6830f0","name":"iria.canovas@granes.org","image":{"@type":"ImageObject","inLanguage":"es","@id":"https:\/\/www.batxilleratgranes.com\/es\/#\/schema\/person\/image\/","url":"https:\/\/secure.gravatar.com\/avatar\/daf801bc1747e8ccc693c9041f5585cd?s=96&d=mm&r=g","contentUrl":"https:\/\/secure.gravatar.com\/avatar\/daf801bc1747e8ccc693c9041f5585cd?s=96&d=mm&r=g","caption":"iria.canovas@granes.org"},"url":"https:\/\/www.batxilleratgranes.com\/es\/author\/iria-canovasgranes-org\/"}]}},"_links":{"self":[{"href":"https:\/\/www.batxilleratgranes.com\/es\/wp-json\/wp\/v2\/posts\/48287"}],"collection":[{"href":"https:\/\/www.batxilleratgranes.com\/es\/wp-json\/wp\/v2\/posts"}],"about":[{"href":"https:\/\/www.batxilleratgranes.com\/es\/wp-json\/wp\/v2\/types\/post"}],"author":[{"embeddable":true,"href":"https:\/\/www.batxilleratgranes.com\/es\/wp-json\/wp\/v2\/users\/7"}],"replies":[{"embeddable":true,"href":"https:\/\/www.batxilleratgranes.com\/es\/wp-json\/wp\/v2\/comments?post=48287"}],"version-history":[{"count":3,"href":"https:\/\/www.batxilleratgranes.com\/es\/wp-json\/wp\/v2\/posts\/48287\/revisions"}],"predecessor-version":[{"id":48327,"href":"https:\/\/www.batxilleratgranes.com\/es\/wp-json\/wp\/v2\/posts\/48287\/revisions\/48327"}],"wp:featuredmedia":[{"embeddable":true,"href":"https:\/\/www.batxilleratgranes.com\/es\/wp-json\/wp\/v2\/media\/48293"}],"wp:attachment":[{"href":"https:\/\/www.batxilleratgranes.com\/es\/wp-json\/wp\/v2\/media?parent=48287"}],"wp:term":[{"taxonomy":"category","embeddable":true,"href":"https:\/\/www.batxilleratgranes.com\/es\/wp-json\/wp\/v2\/categories?post=48287"},{"taxonomy":"post_tag","embeddable":true,"href":"https:\/\/www.batxilleratgranes.com\/es\/wp-json\/wp\/v2\/tags?post=48287"}],"curies":[{"name":"wp","href":"https:\/\/api.w.org\/{rel}","templated":true}]}}