{"id":49190,"date":"2023-06-07T12:56:39","date_gmt":"2023-06-07T12:56:39","guid":{"rendered":"https:\/\/www.batxilleratgranes.com\/?p=49190"},"modified":"2023-06-07T12:56:44","modified_gmt":"2023-06-07T12:56:44","slug":"torneig-de-futbol-sala","status":"publish","type":"post","link":"https:\/\/www.batxilleratgranes.com\/es\/torneig-de-futbol-sala\/","title":{"rendered":"Torneig de futbol sala"},"content":{"rendered":"\n<p>Aquesta vegada el nostre tradicional <strong>Torneig de Futbol Sala<\/strong> s&#8217;ha fet esperar una mica. Per\u00f2, com sempre, ha valgut la pena. El vam celebrar el passat 26 de maig, i en ell van participar equips d&#8217;alumnes de primer i segon de batxillerat de les diferents modalitats.<\/p>\n\n\n\n<p>Va ser una tarda on la diversi\u00f3 i l&#8217;ambient esportiu van ser la nota predominant. Els equips van demostrar el seu nivell i habilitats futbol\u00edstiques en uns partits amb resultats molt igualats gr\u00e0cies al bon ritme de joc i les nombroses accions de gol.<\/p>\n\n\n\n<p>L&#8217;equip guanyador estava format per Noel, Joan Diego, \u00cdker, Oriol i Mart\u00ed. <\/p>\n\n\n<div class=\"wp-block-image\">\n<figure class=\"aligncenter size-full\"><a href=\"https:\/\/www.batxilleratgranes.com\/wp-content\/uploads\/2023\/06\/1A.jpg\"><img loading=\"lazy\" decoding=\"async\" width=\"700\" height=\"525\" src=\"https:\/\/www.batxilleratgranes.com\/wp-content\/uploads\/2023\/06\/1A.jpg\" alt=\"\" class=\"wp-image-49194\" srcset=\"https:\/\/www.batxilleratgranes.com\/wp-content\/uploads\/2023\/06\/1A.jpg 700w, https:\/\/www.batxilleratgranes.com\/wp-content\/uploads\/2023\/06\/1A-300x225.jpg 300w\" sizes=\"(max-width: 700px) 100vw, 700px\" \/><\/a><\/figure><\/div>\n\n\n<p>Gr\u00e0cies als que v\u00e0reu participar i enhorabona als guanyadors!<\/p>\n\n\n\n<p>Us deixem algunes imatges del torneig.<\/p>\n\n\n\n<figure class=\"wp-block-gallery has-nested-images columns-default is-cropped wp-block-gallery-1 is-layout-flex wp-block-gallery-is-layout-flex\">\n<figure class=\"wp-block-image size-large\"><a href=\"https:\/\/www.batxilleratgranes.com\/wp-content\/uploads\/2023\/06\/1E.jpg\"><img loading=\"lazy\" decoding=\"async\" width=\"700\" height=\"525\" data-id=\"49196\" src=\"https:\/\/www.batxilleratgranes.com\/wp-content\/uploads\/2023\/06\/1E.jpg\" alt=\"\" class=\"wp-image-49196\" srcset=\"https:\/\/www.batxilleratgranes.com\/wp-content\/uploads\/2023\/06\/1E.jpg 700w, https:\/\/www.batxilleratgranes.com\/wp-content\/uploads\/2023\/06\/1E-300x225.jpg 300w\" sizes=\"(max-width: 700px) 100vw, 700px\" \/><\/a><\/figure>\n\n\n\n<figure class=\"wp-block-image size-large\"><a href=\"https:\/\/www.batxilleratgranes.com\/wp-content\/uploads\/2023\/06\/2A.jpg\"><img loading=\"lazy\" decoding=\"async\" width=\"700\" height=\"525\" data-id=\"49199\" src=\"https:\/\/www.batxilleratgranes.com\/wp-content\/uploads\/2023\/06\/2A.jpg\" alt=\"\" class=\"wp-image-49199\" srcset=\"https:\/\/www.batxilleratgranes.com\/wp-content\/uploads\/2023\/06\/2A.jpg 700w, https:\/\/www.batxilleratgranes.com\/wp-content\/uploads\/2023\/06\/2A-300x225.jpg 300w\" sizes=\"(max-width: 700px) 100vw, 700px\" \/><\/a><\/figure>\n\n\n\n<figure class=\"wp-block-image size-large\"><a href=\"https:\/\/www.batxilleratgranes.com\/wp-content\/uploads\/2023\/06\/2E.jpg\"><img loading=\"lazy\" decoding=\"async\" width=\"700\" height=\"525\" data-id=\"49200\" src=\"https:\/\/www.batxilleratgranes.com\/wp-content\/uploads\/2023\/06\/2E.jpg\" alt=\"\" class=\"wp-image-49200\" srcset=\"https:\/\/www.batxilleratgranes.com\/wp-content\/uploads\/2023\/06\/2E.jpg 700w, https:\/\/www.batxilleratgranes.com\/wp-content\/uploads\/2023\/06\/2E-300x225.jpg 300w\" sizes=\"(max-width: 700px) 100vw, 700px\" \/><\/a><\/figure>\n\n\n\n<figure class=\"wp-block-image size-large\"><a href=\"https:\/\/www.batxilleratgranes.com\/wp-content\/uploads\/2023\/06\/General.jpg\"><img loading=\"lazy\" decoding=\"async\" width=\"700\" height=\"525\" data-id=\"49203\" src=\"https:\/\/www.batxilleratgranes.com\/wp-content\/uploads\/2023\/06\/General.jpg\" alt=\"\" class=\"wp-image-49203\" srcset=\"https:\/\/www.batxilleratgranes.com\/wp-content\/uploads\/2023\/06\/General.jpg 700w, https:\/\/www.batxilleratgranes.com\/wp-content\/uploads\/2023\/06\/General-300x225.jpg 300w\" sizes=\"(max-width: 700px) 100vw, 700px\" \/><\/a><\/figure>\n\n\n\n<figure class=\"wp-block-image size-full\"><a href=\"https:\/\/www.batxilleratgranes.com\/wp-content\/uploads\/2023\/06\/General2.jpg\"><img loading=\"lazy\" decoding=\"async\" width=\"700\" height=\"326\" data-id=\"49198\" src=\"https:\/\/www.batxilleratgranes.com\/wp-content\/uploads\/2023\/06\/General2.jpg\" alt=\"\" class=\"wp-image-49198\" srcset=\"https:\/\/www.batxilleratgranes.com\/wp-content\/uploads\/2023\/06\/General2.jpg 700w, https:\/\/www.batxilleratgranes.com\/wp-content\/uploads\/2023\/06\/General2-300x140.jpg 300w\" sizes=\"(max-width: 700px) 100vw, 700px\" \/><\/a><\/figure>\n<\/figure>\n\n\n\n<p><\/p>\n","protected":false},"excerpt":{"rendered":"<p>Aquesta vegada el nostre tradicional Torneig de Futbol Sala s&#8217;ha fet esperar una mica. Per\u00f2, com sempre, ha valgut la pena. El vam celebrar el passat 26 de maig, i en ell van participar equips d&#8217;alumnes de primer i segon de batxillerat de les diferents modalitats. Va ser una tarda on la diversi\u00f3 i l&#8217;ambient&hellip;&nbsp;<a href=\"https:\/\/www.batxilleratgranes.com\/es\/torneig-de-futbol-sala\/\" class=\"\" rel=\"bookmark\">Read More &raquo;<span class=\"screen-reader-text\">Torneig de futbol sala<\/span><\/a><\/p>\n","protected":false},"author":7,"featured_media":49192,"comment_status":"open","ping_status":"open","sticky":false,"template":"","format":"standard","meta":{"neve_meta_sidebar":"","neve_meta_container":"","neve_meta_enable_content_width":"","neve_meta_content_width":0,"neve_meta_title_alignment":"","neve_meta_author_avatar":"","neve_post_elements_order":"","neve_meta_disable_header":"","neve_meta_disable_footer":"","neve_meta_disable_title":"","footnotes":""},"categories":[1370],"tags":[],"class_list":["post-49190","post","type-post","status-publish","format-standard","has-post-thumbnail","hentry","category-activitats-granes-2"],"yoast_head":"<!-- This site is optimized with the Yoast SEO plugin v23.4 - https:\/\/yoast.com\/wordpress\/plugins\/seo\/ -->\n<title>Torneig de futbol sala - Gran\u00e9s Batxillerat - Escuela especializada en Bachillerato en Barcelona<\/title>\n<meta name=\"robots\" content=\"index, follow, max-snippet:-1, max-image-preview:large, max-video-preview:-1\" \/>\n<link rel=\"canonical\" href=\"https:\/\/www.batxilleratgranes.com\/es\/torneig-de-futbol-sala\/\" \/>\n<meta property=\"og:locale\" content=\"es_ES\" \/>\n<meta property=\"og:type\" content=\"article\" \/>\n<meta property=\"og:title\" content=\"Torneig de futbol sala - Gran\u00e9s Batxillerat - Escuela especializada en Bachillerato en Barcelona\" \/>\n<meta property=\"og:description\" content=\"Aquesta vegada el nostre tradicional Torneig de Futbol Sala s&#8217;ha fet esperar una mica. Per\u00f2, com sempre, ha valgut la pena. El vam celebrar el passat 26 de maig, i en ell van participar equips d&#8217;alumnes de primer i segon de batxillerat de les diferents modalitats. Va ser una tarda on la diversi\u00f3 i l&#8217;ambient&hellip;&nbsp;Read More &raquo;Torneig de futbol sala\" \/>\n<meta property=\"og:url\" content=\"https:\/\/www.batxilleratgranes.com\/es\/torneig-de-futbol-sala\/\" \/>\n<meta property=\"og:site_name\" content=\"Gran\u00e9s Batxillerat - Escuela especializada en Bachillerato en Barcelona\" \/>\n<meta property=\"article:published_time\" content=\"2023-06-07T12:56:39+00:00\" \/>\n<meta property=\"article:modified_time\" content=\"2023-06-07T12:56:44+00:00\" \/>\n<meta property=\"og:image\" content=\"https:\/\/www.batxilleratgranes.com\/wp-content\/uploads\/2023\/06\/Portada.jpg\" \/>\n\t<meta property=\"og:image:width\" content=\"700\" \/>\n\t<meta property=\"og:image:height\" content=\"460\" \/>\n\t<meta property=\"og:image:type\" content=\"image\/jpeg\" \/>\n<meta name=\"author\" content=\"iria.canovas@granes.org\" \/>\n<meta name=\"twitter:card\" content=\"summary_large_image\" \/>\n<meta name=\"twitter:label1\" content=\"Written by\" \/>\n\t<meta name=\"twitter:data1\" content=\"iria.canovas@granes.org\" \/>\n\t<meta name=\"twitter:label2\" content=\"Est. reading time\" \/>\n\t<meta name=\"twitter:data2\" content=\"2 minutes\" \/>\n<script type=\"application\/ld+json\" class=\"yoast-schema-graph\">{\"@context\":\"https:\/\/schema.org\",\"@graph\":[{\"@type\":\"Article\",\"@id\":\"https:\/\/www.batxilleratgranes.com\/es\/torneig-de-futbol-sala\/#article\",\"isPartOf\":{\"@id\":\"https:\/\/www.batxilleratgranes.com\/es\/torneig-de-futbol-sala\/\"},\"author\":{\"name\":\"iria.canovas@granes.org\",\"@id\":\"https:\/\/www.batxilleratgranes.com\/es\/#\/schema\/person\/c6cad771e5a8185c7d86589fcb6830f0\"},\"headline\":\"Torneig de futbol sala\",\"datePublished\":\"2023-06-07T12:56:39+00:00\",\"dateModified\":\"2023-06-07T12:56:44+00:00\",\"mainEntityOfPage\":{\"@id\":\"https:\/\/www.batxilleratgranes.com\/es\/torneig-de-futbol-sala\/\"},\"wordCount\":128,\"commentCount\":0,\"publisher\":{\"@id\":\"https:\/\/www.batxilleratgranes.com\/es\/#organization\"},\"image\":{\"@id\":\"https:\/\/www.batxilleratgranes.com\/es\/torneig-de-futbol-sala\/#primaryimage\"},\"thumbnailUrl\":\"https:\/\/www.batxilleratgranes.com\/wp-content\/uploads\/2023\/06\/Portada.jpg\",\"articleSection\":[\"Activitats Gran\u00e9s\"],\"inLanguage\":\"es\",\"potentialAction\":[{\"@type\":\"CommentAction\",\"name\":\"Comment\",\"target\":[\"https:\/\/www.batxilleratgranes.com\/es\/torneig-de-futbol-sala\/#respond\"]}]},{\"@type\":\"WebPage\",\"@id\":\"https:\/\/www.batxilleratgranes.com\/es\/torneig-de-futbol-sala\/\",\"url\":\"https:\/\/www.batxilleratgranes.com\/es\/torneig-de-futbol-sala\/\",\"name\":\"Torneig de futbol sala - Gran\u00e9s Batxillerat - Escuela especializada en Bachillerato en Barcelona\",\"isPartOf\":{\"@id\":\"https:\/\/www.batxilleratgranes.com\/es\/#website\"},\"primaryImageOfPage\":{\"@id\":\"https:\/\/www.batxilleratgranes.com\/es\/torneig-de-futbol-sala\/#primaryimage\"},\"image\":{\"@id\":\"https:\/\/www.batxilleratgranes.com\/es\/torneig-de-futbol-sala\/#primaryimage\"},\"thumbnailUrl\":\"https:\/\/www.batxilleratgranes.com\/wp-content\/uploads\/2023\/06\/Portada.jpg\",\"datePublished\":\"2023-06-07T12:56:39+00:00\",\"dateModified\":\"2023-06-07T12:56:44+00:00\",\"breadcrumb\":{\"@id\":\"https:\/\/www.batxilleratgranes.com\/es\/torneig-de-futbol-sala\/#breadcrumb\"},\"inLanguage\":\"es\",\"potentialAction\":[{\"@type\":\"ReadAction\",\"target\":[\"https:\/\/www.batxilleratgranes.com\/es\/torneig-de-futbol-sala\/\"]}]},{\"@type\":\"ImageObject\",\"inLanguage\":\"es\",\"@id\":\"https:\/\/www.batxilleratgranes.com\/es\/torneig-de-futbol-sala\/#primaryimage\",\"url\":\"https:\/\/www.batxilleratgranes.com\/wp-content\/uploads\/2023\/06\/Portada.jpg\",\"contentUrl\":\"https:\/\/www.batxilleratgranes.com\/wp-content\/uploads\/2023\/06\/Portada.jpg\",\"width\":700,\"height\":460,\"caption\":\"Torneig de Futbol Sala\"},{\"@type\":\"BreadcrumbList\",\"@id\":\"https:\/\/www.batxilleratgranes.com\/es\/torneig-de-futbol-sala\/#breadcrumb\",\"itemListElement\":[{\"@type\":\"ListItem\",\"position\":1,\"name\":\"Inici\",\"item\":\"https:\/\/www.batxilleratgranes.com\/es\/\"},{\"@type\":\"ListItem\",\"position\":2,\"name\":\"Torneig de futbol sala\"}]},{\"@type\":\"WebSite\",\"@id\":\"https:\/\/www.batxilleratgranes.com\/es\/#website\",\"url\":\"https:\/\/www.batxilleratgranes.com\/es\/\",\"name\":\"Gran\u00e9s Batxillerat - Escuela especializada en Bachillerato en Barcelona\",\"description\":\"Escola especialitzada en Batxillerat a Barcelona\",\"publisher\":{\"@id\":\"https:\/\/www.batxilleratgranes.com\/es\/#organization\"},\"potentialAction\":[{\"@type\":\"SearchAction\",\"target\":{\"@type\":\"EntryPoint\",\"urlTemplate\":\"https:\/\/www.batxilleratgranes.com\/es\/?s={search_term_string}\"},\"query-input\":{\"@type\":\"PropertyValueSpecification\",\"valueRequired\":true,\"valueName\":\"search_term_string\"}}],\"inLanguage\":\"es\"},{\"@type\":\"Organization\",\"@id\":\"https:\/\/www.batxilleratgranes.com\/es\/#organization\",\"name\":\"Gran\u00e9s Batxillerat - Escuela especializada en Bachillerato en Barcelona\",\"url\":\"https:\/\/www.batxilleratgranes.com\/es\/\",\"logo\":{\"@type\":\"ImageObject\",\"inLanguage\":\"es\",\"@id\":\"https:\/\/www.batxilleratgranes.com\/es\/#\/schema\/logo\/image\/\",\"url\":\"https:\/\/www.batxilleratgranes.com\/wp-content\/uploads\/2013\/01\/granes1.png\",\"contentUrl\":\"https:\/\/www.batxilleratgranes.com\/wp-content\/uploads\/2013\/01\/granes1.png\",\"width\":292,\"height\":85,\"caption\":\"Gran\u00e9s Batxillerat - Escuela especializada en Bachillerato en Barcelona\"},\"image\":{\"@id\":\"https:\/\/www.batxilleratgranes.com\/es\/#\/schema\/logo\/image\/\"}},{\"@type\":\"Person\",\"@id\":\"https:\/\/www.batxilleratgranes.com\/es\/#\/schema\/person\/c6cad771e5a8185c7d86589fcb6830f0\",\"name\":\"iria.canovas@granes.org\",\"image\":{\"@type\":\"ImageObject\",\"inLanguage\":\"es\",\"@id\":\"https:\/\/www.batxilleratgranes.com\/es\/#\/schema\/person\/image\/\",\"url\":\"https:\/\/secure.gravatar.com\/avatar\/daf801bc1747e8ccc693c9041f5585cd?s=96&d=mm&r=g\",\"contentUrl\":\"https:\/\/secure.gravatar.com\/avatar\/daf801bc1747e8ccc693c9041f5585cd?s=96&d=mm&r=g\",\"caption\":\"iria.canovas@granes.org\"},\"url\":\"https:\/\/www.batxilleratgranes.com\/es\/author\/iria-canovasgranes-org\/\"}]}<\/script>\n<!-- \/ Yoast SEO plugin. -->","yoast_head_json":{"title":"Torneig de futbol sala - Gran\u00e9s Batxillerat - Escuela especializada en Bachillerato en Barcelona","robots":{"index":"index","follow":"follow","max-snippet":"max-snippet:-1","max-image-preview":"max-image-preview:large","max-video-preview":"max-video-preview:-1"},"canonical":"https:\/\/www.batxilleratgranes.com\/es\/torneig-de-futbol-sala\/","og_locale":"es_ES","og_type":"article","og_title":"Torneig de futbol sala - Gran\u00e9s Batxillerat - Escuela especializada en Bachillerato en Barcelona","og_description":"Aquesta vegada el nostre tradicional Torneig de Futbol Sala s&#8217;ha fet esperar una mica. Per\u00f2, com sempre, ha valgut la pena. El vam celebrar el passat 26 de maig, i en ell van participar equips d&#8217;alumnes de primer i segon de batxillerat de les diferents modalitats. Va ser una tarda on la diversi\u00f3 i l&#8217;ambient&hellip;&nbsp;Read More &raquo;Torneig de futbol sala","og_url":"https:\/\/www.batxilleratgranes.com\/es\/torneig-de-futbol-sala\/","og_site_name":"Gran\u00e9s Batxillerat - Escuela especializada en Bachillerato en Barcelona","article_published_time":"2023-06-07T12:56:39+00:00","article_modified_time":"2023-06-07T12:56:44+00:00","og_image":[{"width":700,"height":460,"url":"https:\/\/www.batxilleratgranes.com\/wp-content\/uploads\/2023\/06\/Portada.jpg","type":"image\/jpeg"}],"author":"iria.canovas@granes.org","twitter_card":"summary_large_image","twitter_misc":{"Written by":"iria.canovas@granes.org","Est. reading time":"2 minutes"},"schema":{"@context":"https:\/\/schema.org","@graph":[{"@type":"Article","@id":"https:\/\/www.batxilleratgranes.com\/es\/torneig-de-futbol-sala\/#article","isPartOf":{"@id":"https:\/\/www.batxilleratgranes.com\/es\/torneig-de-futbol-sala\/"},"author":{"name":"iria.canovas@granes.org","@id":"https:\/\/www.batxilleratgranes.com\/es\/#\/schema\/person\/c6cad771e5a8185c7d86589fcb6830f0"},"headline":"Torneig de futbol sala","datePublished":"2023-06-07T12:56:39+00:00","dateModified":"2023-06-07T12:56:44+00:00","mainEntityOfPage":{"@id":"https:\/\/www.batxilleratgranes.com\/es\/torneig-de-futbol-sala\/"},"wordCount":128,"commentCount":0,"publisher":{"@id":"https:\/\/www.batxilleratgranes.com\/es\/#organization"},"image":{"@id":"https:\/\/www.batxilleratgranes.com\/es\/torneig-de-futbol-sala\/#primaryimage"},"thumbnailUrl":"https:\/\/www.batxilleratgranes.com\/wp-content\/uploads\/2023\/06\/Portada.jpg","articleSection":["Activitats Gran\u00e9s"],"inLanguage":"es","potentialAction":[{"@type":"CommentAction","name":"Comment","target":["https:\/\/www.batxilleratgranes.com\/es\/torneig-de-futbol-sala\/#respond"]}]},{"@type":"WebPage","@id":"https:\/\/www.batxilleratgranes.com\/es\/torneig-de-futbol-sala\/","url":"https:\/\/www.batxilleratgranes.com\/es\/torneig-de-futbol-sala\/","name":"Torneig de futbol sala - Gran\u00e9s Batxillerat - Escuela especializada en Bachillerato en Barcelona","isPartOf":{"@id":"https:\/\/www.batxilleratgranes.com\/es\/#website"},"primaryImageOfPage":{"@id":"https:\/\/www.batxilleratgranes.com\/es\/torneig-de-futbol-sala\/#primaryimage"},"image":{"@id":"https:\/\/www.batxilleratgranes.com\/es\/torneig-de-futbol-sala\/#primaryimage"},"thumbnailUrl":"https:\/\/www.batxilleratgranes.com\/wp-content\/uploads\/2023\/06\/Portada.jpg","datePublished":"2023-06-07T12:56:39+00:00","dateModified":"2023-06-07T12:56:44+00:00","breadcrumb":{"@id":"https:\/\/www.batxilleratgranes.com\/es\/torneig-de-futbol-sala\/#breadcrumb"},"inLanguage":"es","potentialAction":[{"@type":"ReadAction","target":["https:\/\/www.batxilleratgranes.com\/es\/torneig-de-futbol-sala\/"]}]},{"@type":"ImageObject","inLanguage":"es","@id":"https:\/\/www.batxilleratgranes.com\/es\/torneig-de-futbol-sala\/#primaryimage","url":"https:\/\/www.batxilleratgranes.com\/wp-content\/uploads\/2023\/06\/Portada.jpg","contentUrl":"https:\/\/www.batxilleratgranes.com\/wp-content\/uploads\/2023\/06\/Portada.jpg","width":700,"height":460,"caption":"Torneig de Futbol Sala"},{"@type":"BreadcrumbList","@id":"https:\/\/www.batxilleratgranes.com\/es\/torneig-de-futbol-sala\/#breadcrumb","itemListElement":[{"@type":"ListItem","position":1,"name":"Inici","item":"https:\/\/www.batxilleratgranes.com\/es\/"},{"@type":"ListItem","position":2,"name":"Torneig de futbol sala"}]},{"@type":"WebSite","@id":"https:\/\/www.batxilleratgranes.com\/es\/#website","url":"https:\/\/www.batxilleratgranes.com\/es\/","name":"Gran\u00e9s Batxillerat - Escuela especializada en Bachillerato en Barcelona","description":"Escola especialitzada en Batxillerat a Barcelona","publisher":{"@id":"https:\/\/www.batxilleratgranes.com\/es\/#organization"},"potentialAction":[{"@type":"SearchAction","target":{"@type":"EntryPoint","urlTemplate":"https:\/\/www.batxilleratgranes.com\/es\/?s={search_term_string}"},"query-input":{"@type":"PropertyValueSpecification","valueRequired":true,"valueName":"search_term_string"}}],"inLanguage":"es"},{"@type":"Organization","@id":"https:\/\/www.batxilleratgranes.com\/es\/#organization","name":"Gran\u00e9s Batxillerat - Escuela especializada en Bachillerato en Barcelona","url":"https:\/\/www.batxilleratgranes.com\/es\/","logo":{"@type":"ImageObject","inLanguage":"es","@id":"https:\/\/www.batxilleratgranes.com\/es\/#\/schema\/logo\/image\/","url":"https:\/\/www.batxilleratgranes.com\/wp-content\/uploads\/2013\/01\/granes1.png","contentUrl":"https:\/\/www.batxilleratgranes.com\/wp-content\/uploads\/2013\/01\/granes1.png","width":292,"height":85,"caption":"Gran\u00e9s Batxillerat - Escuela especializada en Bachillerato en Barcelona"},"image":{"@id":"https:\/\/www.batxilleratgranes.com\/es\/#\/schema\/logo\/image\/"}},{"@type":"Person","@id":"https:\/\/www.batxilleratgranes.com\/es\/#\/schema\/person\/c6cad771e5a8185c7d86589fcb6830f0","name":"iria.canovas@granes.org","image":{"@type":"ImageObject","inLanguage":"es","@id":"https:\/\/www.batxilleratgranes.com\/es\/#\/schema\/person\/image\/","url":"https:\/\/secure.gravatar.com\/avatar\/daf801bc1747e8ccc693c9041f5585cd?s=96&d=mm&r=g","contentUrl":"https:\/\/secure.gravatar.com\/avatar\/daf801bc1747e8ccc693c9041f5585cd?s=96&d=mm&r=g","caption":"iria.canovas@granes.org"},"url":"https:\/\/www.batxilleratgranes.com\/es\/author\/iria-canovasgranes-org\/"}]}},"_links":{"self":[{"href":"https:\/\/www.batxilleratgranes.com\/es\/wp-json\/wp\/v2\/posts\/49190"}],"collection":[{"href":"https:\/\/www.batxilleratgranes.com\/es\/wp-json\/wp\/v2\/posts"}],"about":[{"href":"https:\/\/www.batxilleratgranes.com\/es\/wp-json\/wp\/v2\/types\/post"}],"author":[{"embeddable":true,"href":"https:\/\/www.batxilleratgranes.com\/es\/wp-json\/wp\/v2\/users\/7"}],"replies":[{"embeddable":true,"href":"https:\/\/www.batxilleratgranes.com\/es\/wp-json\/wp\/v2\/comments?post=49190"}],"version-history":[{"count":1,"href":"https:\/\/www.batxilleratgranes.com\/es\/wp-json\/wp\/v2\/posts\/49190\/revisions"}],"predecessor-version":[{"id":49205,"href":"https:\/\/www.batxilleratgranes.com\/es\/wp-json\/wp\/v2\/posts\/49190\/revisions\/49205"}],"wp:featuredmedia":[{"embeddable":true,"href":"https:\/\/www.batxilleratgranes.com\/es\/wp-json\/wp\/v2\/media\/49192"}],"wp:attachment":[{"href":"https:\/\/www.batxilleratgranes.com\/es\/wp-json\/wp\/v2\/media?parent=49190"}],"wp:term":[{"taxonomy":"category","embeddable":true,"href":"https:\/\/www.batxilleratgranes.com\/es\/wp-json\/wp\/v2\/categories?post=49190"},{"taxonomy":"post_tag","embeddable":true,"href":"https:\/\/www.batxilleratgranes.com\/es\/wp-json\/wp\/v2\/tags?post=49190"}],"curies":[{"name":"wp","href":"https:\/\/api.w.org\/{rel}","templated":true}]}}