{"id":49526,"date":"2023-06-21T08:58:08","date_gmt":"2023-06-21T08:58:08","guid":{"rendered":"https:\/\/www.batxilleratgranes.com\/?p=49526"},"modified":"2023-06-21T11:12:44","modified_gmt":"2023-06-21T11:12:44","slug":"inoblidable-graduacio-de-2n","status":"publish","type":"post","link":"https:\/\/www.batxilleratgranes.com\/es\/inoblidable-graduacio-de-2n\/","title":{"rendered":"Inoblidable Graduaci\u00f3 de 2n"},"content":{"rendered":"\n<p>Fa uns dies vam celebrar la <strong>graduaci\u00f3 de 2n de batxillerat de la promoci\u00f3 2021-2023.<\/strong><\/p>\n\n\n\n<p>Aquesta vegada i per primer cop, vam comptar amb l&#8217;<strong>escalf de les fam\u00edlies <\/strong>que van omplir de gom a gom l&#8217;auditori de la <a href=\"https:\/\/www.blanquerna.edu\/ca\/facultat-de-psicologia-ciencies-de-leducacio-i-de-lesport\">facultat de Psicologia, Ci\u00e8ncies de l&#8217;Educaci\u00f3 i de l&#8217;Esport<\/a> de <a href=\"https:\/\/www.blanquerna.edu\/ca\">Blanquerna-URL<\/a>.<\/p>\n\n\n<div class=\"wp-block-image\">\n<figure class=\"aligncenter size-full\"><a href=\"https:\/\/www.batxilleratgranes.com\/wp-content\/uploads\/2023\/06\/GRADUACIO_362.jpg\"><img loading=\"lazy\" decoding=\"async\" width=\"700\" height=\"525\" src=\"https:\/\/www.batxilleratgranes.com\/wp-content\/uploads\/2023\/06\/GRADUACIO_362.jpg\" alt=\"\" class=\"wp-image-49616\" srcset=\"https:\/\/www.batxilleratgranes.com\/wp-content\/uploads\/2023\/06\/GRADUACIO_362.jpg 700w, https:\/\/www.batxilleratgranes.com\/wp-content\/uploads\/2023\/06\/GRADUACIO_362-300x225.jpg 300w\" sizes=\"(max-width: 700px) 100vw, 700px\" \/><\/a><\/figure><\/div>\n\n\n<p>Va ser un <strong>acte molt emotiu<\/strong> en el qual els parlaments del <strong>director <\/strong>i cadascun dels <strong>tutors<\/strong> van estar plens de <strong>bons desitjos per als alumnes<\/strong> i per aquesta nova etapa que inicien ara que, despr\u00e9s de dos anys d&#8217;esfor\u00e7 i treball, es graduen aquest curs.<\/p>\n\n\n<div class=\"wp-block-image\">\n<figure class=\"aligncenter size-full is-resized\"><a href=\"https:\/\/www.batxilleratgranes.com\/wp-content\/uploads\/2023\/06\/POrtada-2.jpg\"><img loading=\"lazy\" decoding=\"async\" src=\"https:\/\/www.batxilleratgranes.com\/wp-content\/uploads\/2023\/06\/POrtada-2.jpg\" alt=\"\" class=\"wp-image-49623\" width=\"586\" height=\"483\" srcset=\"https:\/\/www.batxilleratgranes.com\/wp-content\/uploads\/2023\/06\/POrtada-2.jpg 700w, https:\/\/www.batxilleratgranes.com\/wp-content\/uploads\/2023\/06\/POrtada-2-300x247.jpg 300w\" sizes=\"(max-width: 586px) 100vw, 586px\" \/><\/a><\/figure><\/div>\n\n\n<p>Els <strong>delegats<\/strong> de cada curs tamb\u00e9 van fer unes paraules, entre bromes i nervis, per als seus companys i tot l&#8217;equip de la Gran\u00e9s. <strong>Gr\u00e0cies a Mart\u00ed, Pablo, Malka, Claudio, Elena, Ariadna, Nicole i Carla <\/strong>(substitu\u00efda per la N\u00faria, durant l&#8217;acte de graduaci\u00f3), per haver representat als vostres companys i per la vostra feina com a delegats durant tot el curs.<\/p>\n\n\n\n<div class=\"wp-block-columns is-layout-flex wp-container-core-columns-is-layout-1 wp-block-columns-is-layout-flex\">\n<div class=\"wp-block-column is-layout-flow wp-block-column-is-layout-flow\">\n<figure class=\"wp-block-image size-full\"><a href=\"https:\/\/www.batxilleratgranes.com\/wp-content\/uploads\/2023\/06\/GRADUACIO_168.jpg\"><img loading=\"lazy\" decoding=\"async\" width=\"699\" height=\"525\" src=\"https:\/\/www.batxilleratgranes.com\/wp-content\/uploads\/2023\/06\/GRADUACIO_168.jpg\" alt=\"\" class=\"wp-image-49605\" srcset=\"https:\/\/www.batxilleratgranes.com\/wp-content\/uploads\/2023\/06\/GRADUACIO_168.jpg 699w, https:\/\/www.batxilleratgranes.com\/wp-content\/uploads\/2023\/06\/GRADUACIO_168-300x225.jpg 300w\" sizes=\"(max-width: 699px) 100vw, 699px\" \/><\/a><\/figure>\n<\/div>\n\n\n\n<div class=\"wp-block-column is-layout-flow wp-block-column-is-layout-flow\">\n<figure class=\"wp-block-image size-full\"><a href=\"https:\/\/www.batxilleratgranes.com\/wp-content\/uploads\/2023\/06\/GRADUACIO_233.jpg\"><img loading=\"lazy\" decoding=\"async\" width=\"700\" height=\"525\" src=\"https:\/\/www.batxilleratgranes.com\/wp-content\/uploads\/2023\/06\/GRADUACIO_233.jpg\" alt=\"\" class=\"wp-image-49607\" srcset=\"https:\/\/www.batxilleratgranes.com\/wp-content\/uploads\/2023\/06\/GRADUACIO_233.jpg 700w, https:\/\/www.batxilleratgranes.com\/wp-content\/uploads\/2023\/06\/GRADUACIO_233-300x225.jpg 300w\" sizes=\"(max-width: 700px) 100vw, 700px\" \/><\/a><\/figure>\n<\/div>\n<\/div>\n\n\n\n<div class=\"wp-block-columns is-layout-flex wp-container-core-columns-is-layout-2 wp-block-columns-is-layout-flex\">\n<div class=\"wp-block-column is-layout-flow wp-block-column-is-layout-flow\">\n<figure class=\"wp-block-image size-full\"><a href=\"https:\/\/www.batxilleratgranes.com\/wp-content\/uploads\/2023\/06\/GRADUACIO_289.jpg\"><img loading=\"lazy\" decoding=\"async\" width=\"699\" height=\"525\" src=\"https:\/\/www.batxilleratgranes.com\/wp-content\/uploads\/2023\/06\/GRADUACIO_289.jpg\" alt=\"\" class=\"wp-image-49614\" srcset=\"https:\/\/www.batxilleratgranes.com\/wp-content\/uploads\/2023\/06\/GRADUACIO_289.jpg 699w, https:\/\/www.batxilleratgranes.com\/wp-content\/uploads\/2023\/06\/GRADUACIO_289-300x225.jpg 300w\" sizes=\"(max-width: 699px) 100vw, 699px\" \/><\/a><\/figure>\n<\/div>\n\n\n\n<div class=\"wp-block-column is-layout-flow wp-block-column-is-layout-flow\">\n<figure class=\"wp-block-image size-full\"><a href=\"https:\/\/www.batxilleratgranes.com\/wp-content\/uploads\/2023\/06\/GRADUACIO_366.jpg\"><img loading=\"lazy\" decoding=\"async\" width=\"697\" height=\"525\" src=\"https:\/\/www.batxilleratgranes.com\/wp-content\/uploads\/2023\/06\/GRADUACIO_366.jpg\" alt=\"\" class=\"wp-image-49610\" srcset=\"https:\/\/www.batxilleratgranes.com\/wp-content\/uploads\/2023\/06\/GRADUACIO_366.jpg 697w, https:\/\/www.batxilleratgranes.com\/wp-content\/uploads\/2023\/06\/GRADUACIO_366-300x226.jpg 300w\" sizes=\"(max-width: 697px) 100vw, 697px\" \/><\/a><\/figure>\n<\/div>\n<\/div>\n\n\n\n<p>Durant la graduaci\u00f3 el director, <strong>Xavier Jov\u00e9<\/strong> i la coordinadora pedag\u00f3gica, <strong>Marta Porter<\/strong>, van fer entrega dels diplomes de <strong>Matr\u00edcula d&#8217;Honor <\/strong>als 8 alumnes que han finalitzat el batxillerat amb aquesta qualificaci\u00f3. <strong>Enhorabona Mart\u00ed, Ivet, Jan, Andr\u00e9s, Marta, Joan, Carla F i Carla S.<\/strong><\/p>\n\n\n<div class=\"wp-block-image\">\n<figure class=\"aligncenter size-full\"><a href=\"https:\/\/www.batxilleratgranes.com\/wp-content\/uploads\/2023\/06\/MH.jpg\"><img loading=\"lazy\" decoding=\"async\" width=\"800\" height=\"449\" src=\"https:\/\/www.batxilleratgranes.com\/wp-content\/uploads\/2023\/06\/MH.jpg\" alt=\"\" class=\"wp-image-49618\" srcset=\"https:\/\/www.batxilleratgranes.com\/wp-content\/uploads\/2023\/06\/MH.jpg 800w, https:\/\/www.batxilleratgranes.com\/wp-content\/uploads\/2023\/06\/MH-300x168.jpg 300w, https:\/\/www.batxilleratgranes.com\/wp-content\/uploads\/2023\/06\/MH-768x431.jpg 768w\" sizes=\"(max-width: 800px) 100vw, 800px\" \/><\/a><\/figure><\/div>\n\n\n<p><strong>Gr\u00e0cies als alumnes <\/strong>per aquests dos anys plens d&#8217;experi\u00e8ncies i <strong>a totes les fam\u00edlies<\/strong> que v\u00e0reu venir i connectar-vos en l\u00ednia a la cerim\u00f2nia, perqu\u00e8 el vostre escalf i\u00a0carinyo\u00a0va fer que aquest dia sigui inoblidable.<\/p>\n\n\n\n<p>Aqu\u00ed us deixem un v\u00eddeo de resum de l&#8217;acte:<\/p>\n\n\n\n<figure class=\"wp-block-embed is-type-video is-provider-youtube wp-block-embed-youtube wp-embed-aspect-16-9 wp-has-aspect-ratio\"><div class=\"wp-block-embed__wrapper\">\n<div class=\"nv-iframe-embed\"><iframe loading=\"lazy\" title=\"Graduaci\u00f3 2n Batxillerat Promoci\u00f3 21-23\" width=\"1200\" height=\"675\" src=\"https:\/\/www.youtube.com\/embed\/0BfSk2OCX2Y?feature=oembed\" frameborder=\"0\" allow=\"accelerometer; autoplay; clipboard-write; encrypted-media; gyroscope; picture-in-picture; web-share\" allowfullscreen><\/iframe><\/div>\n<\/div><\/figure>\n\n\n\n<p class=\"has-text-align-center\"><strong><em>Us desitjem el millor futur i esperem la vostra visita!<\/em><\/strong><\/p>\n","protected":false},"excerpt":{"rendered":"<p>Fa uns dies vam celebrar la graduaci\u00f3 de 2n de batxillerat de la promoci\u00f3 2021-2023. Aquesta vegada i per primer cop, vam comptar amb l&#8217;escalf de les fam\u00edlies que van omplir de gom a gom l&#8217;auditori de la facultat de Psicologia, Ci\u00e8ncies de l&#8217;Educaci\u00f3 i de l&#8217;Esport de Blanquerna-URL. Va ser un acte molt emotiu&hellip;&nbsp;<a href=\"https:\/\/www.batxilleratgranes.com\/es\/inoblidable-graduacio-de-2n\/\" class=\"\" rel=\"bookmark\">Read More &raquo;<span class=\"screen-reader-text\">Inoblidable Graduaci\u00f3 de 2n<\/span><\/a><\/p>\n","protected":false},"author":7,"featured_media":49625,"comment_status":"open","ping_status":"open","sticky":false,"template":"","format":"standard","meta":{"neve_meta_sidebar":"","neve_meta_container":"","neve_meta_enable_content_width":"","neve_meta_content_width":0,"neve_meta_title_alignment":"","neve_meta_author_avatar":"","neve_post_elements_order":"","neve_meta_disable_header":"","neve_meta_disable_footer":"","neve_meta_disable_title":"","footnotes":""},"categories":[1282],"tags":[1418,35,1292],"class_list":["post-49526","post","type-post","status-publish","format-standard","has-post-thumbnail","hentry","category-comunitat-granes-2","tag-graduacio-21-23","tag-granes-batxillerat","tag-som-granes"],"yoast_head":"<!-- This site is optimized with the Yoast SEO plugin v23.4 - https:\/\/yoast.com\/wordpress\/plugins\/seo\/ -->\n<title>Inoblidable Graduaci\u00f3 de 2n - Gran\u00e9s Batxillerat - Escuela especializada en Bachillerato en Barcelona<\/title>\n<meta name=\"robots\" content=\"index, follow, max-snippet:-1, max-image-preview:large, max-video-preview:-1\" \/>\n<link rel=\"canonical\" href=\"https:\/\/www.batxilleratgranes.com\/es\/inoblidable-graduacio-de-2n\/\" \/>\n<meta property=\"og:locale\" content=\"es_ES\" \/>\n<meta property=\"og:type\" content=\"article\" \/>\n<meta property=\"og:title\" content=\"Inoblidable Graduaci\u00f3 de 2n - Gran\u00e9s Batxillerat - Escuela especializada en Bachillerato en Barcelona\" \/>\n<meta property=\"og:description\" content=\"Fa uns dies vam celebrar la graduaci\u00f3 de 2n de batxillerat de la promoci\u00f3 2021-2023. Aquesta vegada i per primer cop, vam comptar amb l&#8217;escalf de les fam\u00edlies que van omplir de gom a gom l&#8217;auditori de la facultat de Psicologia, Ci\u00e8ncies de l&#8217;Educaci\u00f3 i de l&#8217;Esport de Blanquerna-URL. Va ser un acte molt emotiu&hellip;&nbsp;Read More &raquo;Inoblidable Graduaci\u00f3 de 2n\" \/>\n<meta property=\"og:url\" content=\"https:\/\/www.batxilleratgranes.com\/es\/inoblidable-graduacio-de-2n\/\" \/>\n<meta property=\"og:site_name\" content=\"Gran\u00e9s Batxillerat - Escuela especializada en Bachillerato en Barcelona\" \/>\n<meta property=\"article:published_time\" content=\"2023-06-21T08:58:08+00:00\" \/>\n<meta property=\"article:modified_time\" content=\"2023-06-21T11:12:44+00:00\" \/>\n<meta property=\"og:image\" content=\"https:\/\/www.batxilleratgranes.com\/wp-content\/uploads\/2023\/06\/GRADUACIO_092.jpg\" \/>\n\t<meta property=\"og:image:width\" content=\"1200\" \/>\n\t<meta property=\"og:image:height\" content=\"900\" \/>\n\t<meta property=\"og:image:type\" content=\"image\/jpeg\" \/>\n<meta name=\"author\" content=\"iria.canovas@granes.org\" \/>\n<meta name=\"twitter:card\" content=\"summary_large_image\" \/>\n<meta name=\"twitter:label1\" content=\"Written by\" \/>\n\t<meta name=\"twitter:data1\" content=\"iria.canovas@granes.org\" \/>\n\t<meta name=\"twitter:label2\" content=\"Est. reading time\" \/>\n\t<meta name=\"twitter:data2\" content=\"3 minutes\" \/>\n<script type=\"application\/ld+json\" class=\"yoast-schema-graph\">{\"@context\":\"https:\/\/schema.org\",\"@graph\":[{\"@type\":\"Article\",\"@id\":\"https:\/\/www.batxilleratgranes.com\/es\/inoblidable-graduacio-de-2n\/#article\",\"isPartOf\":{\"@id\":\"https:\/\/www.batxilleratgranes.com\/es\/inoblidable-graduacio-de-2n\/\"},\"author\":{\"name\":\"iria.canovas@granes.org\",\"@id\":\"https:\/\/www.batxilleratgranes.com\/es\/#\/schema\/person\/c6cad771e5a8185c7d86589fcb6830f0\"},\"headline\":\"Inoblidable Graduaci\u00f3 de 2n\",\"datePublished\":\"2023-06-21T08:58:08+00:00\",\"dateModified\":\"2023-06-21T11:12:44+00:00\",\"mainEntityOfPage\":{\"@id\":\"https:\/\/www.batxilleratgranes.com\/es\/inoblidable-graduacio-de-2n\/\"},\"wordCount\":292,\"commentCount\":0,\"publisher\":{\"@id\":\"https:\/\/www.batxilleratgranes.com\/es\/#organization\"},\"image\":{\"@id\":\"https:\/\/www.batxilleratgranes.com\/es\/inoblidable-graduacio-de-2n\/#primaryimage\"},\"thumbnailUrl\":\"https:\/\/www.batxilleratgranes.com\/wp-content\/uploads\/2023\/06\/GRADUACIO_092.jpg\",\"keywords\":[\"Graduaci\u00f3 21-23\",\"Gran\u00e9s Batxillerat\",\"Som Gran\u00e9s\"],\"articleSection\":[\"Comunitat Gran\u00e9s\"],\"inLanguage\":\"es\",\"potentialAction\":[{\"@type\":\"CommentAction\",\"name\":\"Comment\",\"target\":[\"https:\/\/www.batxilleratgranes.com\/es\/inoblidable-graduacio-de-2n\/#respond\"]}]},{\"@type\":\"WebPage\",\"@id\":\"https:\/\/www.batxilleratgranes.com\/es\/inoblidable-graduacio-de-2n\/\",\"url\":\"https:\/\/www.batxilleratgranes.com\/es\/inoblidable-graduacio-de-2n\/\",\"name\":\"Inoblidable Graduaci\u00f3 de 2n - Gran\u00e9s Batxillerat - Escuela especializada en Bachillerato en Barcelona\",\"isPartOf\":{\"@id\":\"https:\/\/www.batxilleratgranes.com\/es\/#website\"},\"primaryImageOfPage\":{\"@id\":\"https:\/\/www.batxilleratgranes.com\/es\/inoblidable-graduacio-de-2n\/#primaryimage\"},\"image\":{\"@id\":\"https:\/\/www.batxilleratgranes.com\/es\/inoblidable-graduacio-de-2n\/#primaryimage\"},\"thumbnailUrl\":\"https:\/\/www.batxilleratgranes.com\/wp-content\/uploads\/2023\/06\/GRADUACIO_092.jpg\",\"datePublished\":\"2023-06-21T08:58:08+00:00\",\"dateModified\":\"2023-06-21T11:12:44+00:00\",\"breadcrumb\":{\"@id\":\"https:\/\/www.batxilleratgranes.com\/es\/inoblidable-graduacio-de-2n\/#breadcrumb\"},\"inLanguage\":\"es\",\"potentialAction\":[{\"@type\":\"ReadAction\",\"target\":[\"https:\/\/www.batxilleratgranes.com\/es\/inoblidable-graduacio-de-2n\/\"]}]},{\"@type\":\"ImageObject\",\"inLanguage\":\"es\",\"@id\":\"https:\/\/www.batxilleratgranes.com\/es\/inoblidable-graduacio-de-2n\/#primaryimage\",\"url\":\"https:\/\/www.batxilleratgranes.com\/wp-content\/uploads\/2023\/06\/GRADUACIO_092.jpg\",\"contentUrl\":\"https:\/\/www.batxilleratgranes.com\/wp-content\/uploads\/2023\/06\/GRADUACIO_092.jpg\",\"width\":1200,\"height\":900},{\"@type\":\"BreadcrumbList\",\"@id\":\"https:\/\/www.batxilleratgranes.com\/es\/inoblidable-graduacio-de-2n\/#breadcrumb\",\"itemListElement\":[{\"@type\":\"ListItem\",\"position\":1,\"name\":\"Inici\",\"item\":\"https:\/\/www.batxilleratgranes.com\/es\/\"},{\"@type\":\"ListItem\",\"position\":2,\"name\":\"Inoblidable Graduaci\u00f3 de 2n\"}]},{\"@type\":\"WebSite\",\"@id\":\"https:\/\/www.batxilleratgranes.com\/es\/#website\",\"url\":\"https:\/\/www.batxilleratgranes.com\/es\/\",\"name\":\"Gran\u00e9s Batxillerat - Escuela especializada en Bachillerato en Barcelona\",\"description\":\"Escola especialitzada en Batxillerat a Barcelona\",\"publisher\":{\"@id\":\"https:\/\/www.batxilleratgranes.com\/es\/#organization\"},\"potentialAction\":[{\"@type\":\"SearchAction\",\"target\":{\"@type\":\"EntryPoint\",\"urlTemplate\":\"https:\/\/www.batxilleratgranes.com\/es\/?s={search_term_string}\"},\"query-input\":{\"@type\":\"PropertyValueSpecification\",\"valueRequired\":true,\"valueName\":\"search_term_string\"}}],\"inLanguage\":\"es\"},{\"@type\":\"Organization\",\"@id\":\"https:\/\/www.batxilleratgranes.com\/es\/#organization\",\"name\":\"Gran\u00e9s Batxillerat - Escuela especializada en Bachillerato en Barcelona\",\"url\":\"https:\/\/www.batxilleratgranes.com\/es\/\",\"logo\":{\"@type\":\"ImageObject\",\"inLanguage\":\"es\",\"@id\":\"https:\/\/www.batxilleratgranes.com\/es\/#\/schema\/logo\/image\/\",\"url\":\"https:\/\/www.batxilleratgranes.com\/wp-content\/uploads\/2013\/01\/granes1.png\",\"contentUrl\":\"https:\/\/www.batxilleratgranes.com\/wp-content\/uploads\/2013\/01\/granes1.png\",\"width\":292,\"height\":85,\"caption\":\"Gran\u00e9s Batxillerat - Escuela especializada en Bachillerato en Barcelona\"},\"image\":{\"@id\":\"https:\/\/www.batxilleratgranes.com\/es\/#\/schema\/logo\/image\/\"}},{\"@type\":\"Person\",\"@id\":\"https:\/\/www.batxilleratgranes.com\/es\/#\/schema\/person\/c6cad771e5a8185c7d86589fcb6830f0\",\"name\":\"iria.canovas@granes.org\",\"image\":{\"@type\":\"ImageObject\",\"inLanguage\":\"es\",\"@id\":\"https:\/\/www.batxilleratgranes.com\/es\/#\/schema\/person\/image\/\",\"url\":\"https:\/\/secure.gravatar.com\/avatar\/daf801bc1747e8ccc693c9041f5585cd?s=96&d=mm&r=g\",\"contentUrl\":\"https:\/\/secure.gravatar.com\/avatar\/daf801bc1747e8ccc693c9041f5585cd?s=96&d=mm&r=g\",\"caption\":\"iria.canovas@granes.org\"},\"url\":\"https:\/\/www.batxilleratgranes.com\/es\/author\/iria-canovasgranes-org\/\"}]}<\/script>\n<!-- \/ Yoast SEO plugin. -->","yoast_head_json":{"title":"Inoblidable Graduaci\u00f3 de 2n - Gran\u00e9s Batxillerat - Escuela especializada en Bachillerato en Barcelona","robots":{"index":"index","follow":"follow","max-snippet":"max-snippet:-1","max-image-preview":"max-image-preview:large","max-video-preview":"max-video-preview:-1"},"canonical":"https:\/\/www.batxilleratgranes.com\/es\/inoblidable-graduacio-de-2n\/","og_locale":"es_ES","og_type":"article","og_title":"Inoblidable Graduaci\u00f3 de 2n - Gran\u00e9s Batxillerat - Escuela especializada en Bachillerato en Barcelona","og_description":"Fa uns dies vam celebrar la graduaci\u00f3 de 2n de batxillerat de la promoci\u00f3 2021-2023. Aquesta vegada i per primer cop, vam comptar amb l&#8217;escalf de les fam\u00edlies que van omplir de gom a gom l&#8217;auditori de la facultat de Psicologia, Ci\u00e8ncies de l&#8217;Educaci\u00f3 i de l&#8217;Esport de Blanquerna-URL. Va ser un acte molt emotiu&hellip;&nbsp;Read More &raquo;Inoblidable Graduaci\u00f3 de 2n","og_url":"https:\/\/www.batxilleratgranes.com\/es\/inoblidable-graduacio-de-2n\/","og_site_name":"Gran\u00e9s Batxillerat - Escuela especializada en Bachillerato en Barcelona","article_published_time":"2023-06-21T08:58:08+00:00","article_modified_time":"2023-06-21T11:12:44+00:00","og_image":[{"width":1200,"height":900,"url":"https:\/\/www.batxilleratgranes.com\/wp-content\/uploads\/2023\/06\/GRADUACIO_092.jpg","type":"image\/jpeg"}],"author":"iria.canovas@granes.org","twitter_card":"summary_large_image","twitter_misc":{"Written by":"iria.canovas@granes.org","Est. reading time":"3 minutes"},"schema":{"@context":"https:\/\/schema.org","@graph":[{"@type":"Article","@id":"https:\/\/www.batxilleratgranes.com\/es\/inoblidable-graduacio-de-2n\/#article","isPartOf":{"@id":"https:\/\/www.batxilleratgranes.com\/es\/inoblidable-graduacio-de-2n\/"},"author":{"name":"iria.canovas@granes.org","@id":"https:\/\/www.batxilleratgranes.com\/es\/#\/schema\/person\/c6cad771e5a8185c7d86589fcb6830f0"},"headline":"Inoblidable Graduaci\u00f3 de 2n","datePublished":"2023-06-21T08:58:08+00:00","dateModified":"2023-06-21T11:12:44+00:00","mainEntityOfPage":{"@id":"https:\/\/www.batxilleratgranes.com\/es\/inoblidable-graduacio-de-2n\/"},"wordCount":292,"commentCount":0,"publisher":{"@id":"https:\/\/www.batxilleratgranes.com\/es\/#organization"},"image":{"@id":"https:\/\/www.batxilleratgranes.com\/es\/inoblidable-graduacio-de-2n\/#primaryimage"},"thumbnailUrl":"https:\/\/www.batxilleratgranes.com\/wp-content\/uploads\/2023\/06\/GRADUACIO_092.jpg","keywords":["Graduaci\u00f3 21-23","Gran\u00e9s Batxillerat","Som Gran\u00e9s"],"articleSection":["Comunitat Gran\u00e9s"],"inLanguage":"es","potentialAction":[{"@type":"CommentAction","name":"Comment","target":["https:\/\/www.batxilleratgranes.com\/es\/inoblidable-graduacio-de-2n\/#respond"]}]},{"@type":"WebPage","@id":"https:\/\/www.batxilleratgranes.com\/es\/inoblidable-graduacio-de-2n\/","url":"https:\/\/www.batxilleratgranes.com\/es\/inoblidable-graduacio-de-2n\/","name":"Inoblidable Graduaci\u00f3 de 2n - Gran\u00e9s Batxillerat - Escuela especializada en Bachillerato en Barcelona","isPartOf":{"@id":"https:\/\/www.batxilleratgranes.com\/es\/#website"},"primaryImageOfPage":{"@id":"https:\/\/www.batxilleratgranes.com\/es\/inoblidable-graduacio-de-2n\/#primaryimage"},"image":{"@id":"https:\/\/www.batxilleratgranes.com\/es\/inoblidable-graduacio-de-2n\/#primaryimage"},"thumbnailUrl":"https:\/\/www.batxilleratgranes.com\/wp-content\/uploads\/2023\/06\/GRADUACIO_092.jpg","datePublished":"2023-06-21T08:58:08+00:00","dateModified":"2023-06-21T11:12:44+00:00","breadcrumb":{"@id":"https:\/\/www.batxilleratgranes.com\/es\/inoblidable-graduacio-de-2n\/#breadcrumb"},"inLanguage":"es","potentialAction":[{"@type":"ReadAction","target":["https:\/\/www.batxilleratgranes.com\/es\/inoblidable-graduacio-de-2n\/"]}]},{"@type":"ImageObject","inLanguage":"es","@id":"https:\/\/www.batxilleratgranes.com\/es\/inoblidable-graduacio-de-2n\/#primaryimage","url":"https:\/\/www.batxilleratgranes.com\/wp-content\/uploads\/2023\/06\/GRADUACIO_092.jpg","contentUrl":"https:\/\/www.batxilleratgranes.com\/wp-content\/uploads\/2023\/06\/GRADUACIO_092.jpg","width":1200,"height":900},{"@type":"BreadcrumbList","@id":"https:\/\/www.batxilleratgranes.com\/es\/inoblidable-graduacio-de-2n\/#breadcrumb","itemListElement":[{"@type":"ListItem","position":1,"name":"Inici","item":"https:\/\/www.batxilleratgranes.com\/es\/"},{"@type":"ListItem","position":2,"name":"Inoblidable Graduaci\u00f3 de 2n"}]},{"@type":"WebSite","@id":"https:\/\/www.batxilleratgranes.com\/es\/#website","url":"https:\/\/www.batxilleratgranes.com\/es\/","name":"Gran\u00e9s Batxillerat - Escuela especializada en Bachillerato en Barcelona","description":"Escola especialitzada en Batxillerat a Barcelona","publisher":{"@id":"https:\/\/www.batxilleratgranes.com\/es\/#organization"},"potentialAction":[{"@type":"SearchAction","target":{"@type":"EntryPoint","urlTemplate":"https:\/\/www.batxilleratgranes.com\/es\/?s={search_term_string}"},"query-input":{"@type":"PropertyValueSpecification","valueRequired":true,"valueName":"search_term_string"}}],"inLanguage":"es"},{"@type":"Organization","@id":"https:\/\/www.batxilleratgranes.com\/es\/#organization","name":"Gran\u00e9s Batxillerat - Escuela especializada en Bachillerato en Barcelona","url":"https:\/\/www.batxilleratgranes.com\/es\/","logo":{"@type":"ImageObject","inLanguage":"es","@id":"https:\/\/www.batxilleratgranes.com\/es\/#\/schema\/logo\/image\/","url":"https:\/\/www.batxilleratgranes.com\/wp-content\/uploads\/2013\/01\/granes1.png","contentUrl":"https:\/\/www.batxilleratgranes.com\/wp-content\/uploads\/2013\/01\/granes1.png","width":292,"height":85,"caption":"Gran\u00e9s Batxillerat - Escuela especializada en Bachillerato en Barcelona"},"image":{"@id":"https:\/\/www.batxilleratgranes.com\/es\/#\/schema\/logo\/image\/"}},{"@type":"Person","@id":"https:\/\/www.batxilleratgranes.com\/es\/#\/schema\/person\/c6cad771e5a8185c7d86589fcb6830f0","name":"iria.canovas@granes.org","image":{"@type":"ImageObject","inLanguage":"es","@id":"https:\/\/www.batxilleratgranes.com\/es\/#\/schema\/person\/image\/","url":"https:\/\/secure.gravatar.com\/avatar\/daf801bc1747e8ccc693c9041f5585cd?s=96&d=mm&r=g","contentUrl":"https:\/\/secure.gravatar.com\/avatar\/daf801bc1747e8ccc693c9041f5585cd?s=96&d=mm&r=g","caption":"iria.canovas@granes.org"},"url":"https:\/\/www.batxilleratgranes.com\/es\/author\/iria-canovasgranes-org\/"}]}},"_links":{"self":[{"href":"https:\/\/www.batxilleratgranes.com\/es\/wp-json\/wp\/v2\/posts\/49526"}],"collection":[{"href":"https:\/\/www.batxilleratgranes.com\/es\/wp-json\/wp\/v2\/posts"}],"about":[{"href":"https:\/\/www.batxilleratgranes.com\/es\/wp-json\/wp\/v2\/types\/post"}],"author":[{"embeddable":true,"href":"https:\/\/www.batxilleratgranes.com\/es\/wp-json\/wp\/v2\/users\/7"}],"replies":[{"embeddable":true,"href":"https:\/\/www.batxilleratgranes.com\/es\/wp-json\/wp\/v2\/comments?post=49526"}],"version-history":[{"count":8,"href":"https:\/\/www.batxilleratgranes.com\/es\/wp-json\/wp\/v2\/posts\/49526\/revisions"}],"predecessor-version":[{"id":49631,"href":"https:\/\/www.batxilleratgranes.com\/es\/wp-json\/wp\/v2\/posts\/49526\/revisions\/49631"}],"wp:featuredmedia":[{"embeddable":true,"href":"https:\/\/www.batxilleratgranes.com\/es\/wp-json\/wp\/v2\/media\/49625"}],"wp:attachment":[{"href":"https:\/\/www.batxilleratgranes.com\/es\/wp-json\/wp\/v2\/media?parent=49526"}],"wp:term":[{"taxonomy":"category","embeddable":true,"href":"https:\/\/www.batxilleratgranes.com\/es\/wp-json\/wp\/v2\/categories?post=49526"},{"taxonomy":"post_tag","embeddable":true,"href":"https:\/\/www.batxilleratgranes.com\/es\/wp-json\/wp\/v2\/tags?post=49526"}],"curies":[{"name":"wp","href":"https:\/\/api.w.org\/{rel}","templated":true}]}}