{"id":50734,"date":"2023-10-02T11:39:25","date_gmt":"2023-10-02T11:39:25","guid":{"rendered":"https:\/\/www.batxilleratgranes.com\/?p=50734"},"modified":"2023-10-03T10:45:28","modified_gmt":"2023-10-03T10:45:28","slug":"sortida-de-convivencia-2023","status":"publish","type":"post","link":"https:\/\/www.batxilleratgranes.com\/es\/sortida-de-convivencia-2023\/","title":{"rendered":"Sortida de conviv\u00e8ncia 2023"},"content":{"rendered":"\r\n<p>Arranquem el nou curs amb la nostra sortida de conviv\u00e8ncia on, com cada any, els alumnes i l&#8217;equip de\u00a0Gran\u00e9s\u00a0Batxillerat vam poder compartir una estona d&#8217;oci i ens vam poder con\u00e8ixer millor.<\/p>\r\n\r\n\r\n\r\n<p>Fomentar la cohesi\u00f3 dels grups i afavorir les relacions entre els alumnes aix\u00ed com el desenvolupament de les seves habilitats socials,\u00a0ajudant que\u00a0els nous alumnes es coneguin i s&#8217;integrin al voltant d&#8217;una activitat l\u00fadica i a l&#8217;aire lliure, s\u00f3n els objectius principals d&#8217;aquesta iniciativa anual de l&#8217;escola.<\/p>\r\n\r\n\r\n\r\n<figure class=\"wp-block-embed is-type-video is-provider-youtube wp-block-embed-youtube wp-embed-aspect-16-9 wp-has-aspect-ratio\">\r\n<div class=\"wp-block-embed__wrapper\">https:\/\/youtu.be\/wDokUVftEFI<\/div>\r\n<\/figure>\r\n\r\n\r\n\r\n<p>Tot i les previsions de risc de pluja dels dies previs, el temps ens va respectar, i vam poder dur a terme les dues gimcanes urbanes programades per la jornada.<\/p>\r\n\r\n\r\n\r\n<p>Aquest any, els alumnes de 1r de batxillerat van gaudir del cor monumental de Montju\u00efc realitzant una olimp\u00edada fotogr\u00e0fica amb\u00a0diverses\u00a0proves i desafiaments en els quals era necess\u00e0ria la creativitat i el treball en equip. En aquesta ocasi\u00f3 l&#8217;equip VERMELL es va portar el premi final!!<\/p>\r\n\r\n\r\n\r\n<p>Per la seva banda, els alumnes de 2n de batxillerat van gaudir d&#8217;una gimcana urbana pel centre de Barcelona anomenada L&#8217;enigma del Born. Una aventura que va permetre als alumnes, organitzats per equips, endinsar-se en els misteris i secrets de Sta. Maria del Mar a trav\u00e9s d&#8217;una s\u00e8rie de proves, enigmes i plena de sorpreses.<\/p>\r\n\r\n\r\n\r\n<p>Un empat t\u00e8cnic\u00a0va\u00a0fer que l&#8217;equip dels LLEONS i dels\u00a0KAO\u00a0KIM\u00a0compartissin el premi final d&#8217;aquesta divertida gimcana.<\/p>\r\n\r\n\r\n\r\n<p><strong>\u00c0lbum 1r batxillerat<\/strong><\/p>\r\n\r\n\r\n\r\n<p><a href=\"https:\/\/photos.app.goo.gl\/anpHJaBmSuMwZrX17\">https:\/\/photos.app.goo.gl\/anpHJaBmSuMwZrX17<\/a><\/p>\r\n\r\n\r\n\r\n<p><strong>\u00c0lbum 2n batxillerat<\/strong><\/p>\r\n\r\n\r\n\r\n<p><a href=\"https:\/\/photos.app.goo.gl\/9iYPscwbuUNkE7wCA\">https:\/\/photos.app.goo.gl\/9iYPscwbuUNkE7wCA<\/a><\/p>\r\n","protected":false},"excerpt":{"rendered":"<p>Arranquem el nou curs amb la nostra sortida de conviv\u00e8ncia on, com cada any, els alumnes i l&#8217;equip de\u00a0Gran\u00e9s\u00a0Batxillerat vam poder compartir una estona d&#8217;oci i ens vam poder con\u00e8ixer millor. Fomentar la cohesi\u00f3 dels grups i afavorir les relacions entre els alumnes aix\u00ed com el desenvolupament de les seves habilitats socials,\u00a0ajudant que\u00a0els nous alumnes&hellip;&nbsp;<a href=\"https:\/\/www.batxilleratgranes.com\/es\/sortida-de-convivencia-2023\/\" class=\"\" rel=\"bookmark\">Read More &raquo;<span class=\"screen-reader-text\">Sortida de conviv\u00e8ncia 2023<\/span><\/a><\/p>\n","protected":false},"author":7,"featured_media":50750,"comment_status":"open","ping_status":"open","sticky":false,"template":"","format":"standard","meta":{"neve_meta_sidebar":"","neve_meta_container":"","neve_meta_enable_content_width":"off","neve_meta_content_width":70,"neve_meta_title_alignment":"","neve_meta_author_avatar":"","neve_post_elements_order":"","neve_meta_disable_header":"","neve_meta_disable_footer":"","neve_meta_disable_title":"","footnotes":""},"categories":[1],"tags":[],"class_list":["post-50734","post","type-post","status-publish","format-standard","has-post-thumbnail","hentry","category-uncategorized"],"yoast_head":"<!-- This site is optimized with the Yoast SEO plugin v23.4 - https:\/\/yoast.com\/wordpress\/plugins\/seo\/ -->\n<title>Sortida de conviv\u00e8ncia 2023 - Gran\u00e9s Batxillerat - Escuela especializada en Bachillerato en Barcelona<\/title>\n<meta name=\"description\" content=\"Arranquem el nou curs amb la nostra sortida de conviv\u00e8ncia vam poder compartir una estona d&#039;oci i ens vam con\u00e8ixer millor.\" \/>\n<meta name=\"robots\" content=\"index, follow, max-snippet:-1, max-image-preview:large, max-video-preview:-1\" \/>\n<link rel=\"canonical\" href=\"https:\/\/www.batxilleratgranes.com\/es\/sortida-de-convivencia-2023\/\" \/>\n<meta property=\"og:locale\" content=\"es_ES\" \/>\n<meta property=\"og:type\" content=\"article\" \/>\n<meta property=\"og:title\" content=\"Sortida de conviv\u00e8ncia 2023 - Gran\u00e9s Batxillerat - Escuela especializada en Bachillerato en Barcelona\" \/>\n<meta property=\"og:description\" content=\"Arranquem el nou curs amb la nostra sortida de conviv\u00e8ncia vam poder compartir una estona d&#039;oci i ens vam con\u00e8ixer millor.\" \/>\n<meta property=\"og:url\" content=\"https:\/\/www.batxilleratgranes.com\/es\/sortida-de-convivencia-2023\/\" \/>\n<meta property=\"og:site_name\" content=\"Gran\u00e9s Batxillerat - Escuela especializada en Bachillerato en Barcelona\" \/>\n<meta property=\"article:published_time\" content=\"2023-10-02T11:39:25+00:00\" \/>\n<meta property=\"article:modified_time\" content=\"2023-10-03T10:45:28+00:00\" \/>\n<meta property=\"og:image\" content=\"https:\/\/www.batxilleratgranes.com\/wp-content\/uploads\/2023\/10\/IMG-20230920-WA0009.jpg\" \/>\n\t<meta property=\"og:image:width\" content=\"1200\" \/>\n\t<meta property=\"og:image:height\" content=\"900\" \/>\n\t<meta property=\"og:image:type\" content=\"image\/jpeg\" \/>\n<meta name=\"author\" content=\"iria.canovas@granes.org\" \/>\n<meta name=\"twitter:card\" content=\"summary_large_image\" \/>\n<meta name=\"twitter:label1\" content=\"Written by\" \/>\n\t<meta name=\"twitter:data1\" content=\"iria.canovas@granes.org\" \/>\n\t<meta name=\"twitter:label2\" content=\"Est. reading time\" \/>\n\t<meta name=\"twitter:data2\" content=\"2 minutes\" \/>\n<script type=\"application\/ld+json\" class=\"yoast-schema-graph\">{\"@context\":\"https:\/\/schema.org\",\"@graph\":[{\"@type\":\"Article\",\"@id\":\"https:\/\/www.batxilleratgranes.com\/es\/sortida-de-convivencia-2023\/#article\",\"isPartOf\":{\"@id\":\"https:\/\/www.batxilleratgranes.com\/es\/sortida-de-convivencia-2023\/\"},\"author\":{\"name\":\"iria.canovas@granes.org\",\"@id\":\"https:\/\/www.batxilleratgranes.com\/es\/#\/schema\/person\/c6cad771e5a8185c7d86589fcb6830f0\"},\"headline\":\"Sortida de conviv\u00e8ncia 2023\",\"datePublished\":\"2023-10-02T11:39:25+00:00\",\"dateModified\":\"2023-10-03T10:45:28+00:00\",\"mainEntityOfPage\":{\"@id\":\"https:\/\/www.batxilleratgranes.com\/es\/sortida-de-convivencia-2023\/\"},\"wordCount\":285,\"commentCount\":0,\"publisher\":{\"@id\":\"https:\/\/www.batxilleratgranes.com\/es\/#organization\"},\"image\":{\"@id\":\"https:\/\/www.batxilleratgranes.com\/es\/sortida-de-convivencia-2023\/#primaryimage\"},\"thumbnailUrl\":\"https:\/\/www.batxilleratgranes.com\/wp-content\/uploads\/2023\/10\/IMG-20230920-WA0009.jpg\",\"inLanguage\":\"es\",\"potentialAction\":[{\"@type\":\"CommentAction\",\"name\":\"Comment\",\"target\":[\"https:\/\/www.batxilleratgranes.com\/es\/sortida-de-convivencia-2023\/#respond\"]}]},{\"@type\":\"WebPage\",\"@id\":\"https:\/\/www.batxilleratgranes.com\/es\/sortida-de-convivencia-2023\/\",\"url\":\"https:\/\/www.batxilleratgranes.com\/es\/sortida-de-convivencia-2023\/\",\"name\":\"Sortida de conviv\u00e8ncia 2023 - Gran\u00e9s Batxillerat - Escuela especializada en Bachillerato en Barcelona\",\"isPartOf\":{\"@id\":\"https:\/\/www.batxilleratgranes.com\/es\/#website\"},\"primaryImageOfPage\":{\"@id\":\"https:\/\/www.batxilleratgranes.com\/es\/sortida-de-convivencia-2023\/#primaryimage\"},\"image\":{\"@id\":\"https:\/\/www.batxilleratgranes.com\/es\/sortida-de-convivencia-2023\/#primaryimage\"},\"thumbnailUrl\":\"https:\/\/www.batxilleratgranes.com\/wp-content\/uploads\/2023\/10\/IMG-20230920-WA0009.jpg\",\"datePublished\":\"2023-10-02T11:39:25+00:00\",\"dateModified\":\"2023-10-03T10:45:28+00:00\",\"description\":\"Arranquem el nou curs amb la nostra sortida de conviv\u00e8ncia vam poder compartir una estona d'oci i ens vam con\u00e8ixer millor.\",\"breadcrumb\":{\"@id\":\"https:\/\/www.batxilleratgranes.com\/es\/sortida-de-convivencia-2023\/#breadcrumb\"},\"inLanguage\":\"es\",\"potentialAction\":[{\"@type\":\"ReadAction\",\"target\":[\"https:\/\/www.batxilleratgranes.com\/es\/sortida-de-convivencia-2023\/\"]}]},{\"@type\":\"ImageObject\",\"inLanguage\":\"es\",\"@id\":\"https:\/\/www.batxilleratgranes.com\/es\/sortida-de-convivencia-2023\/#primaryimage\",\"url\":\"https:\/\/www.batxilleratgranes.com\/wp-content\/uploads\/2023\/10\/IMG-20230920-WA0009.jpg\",\"contentUrl\":\"https:\/\/www.batxilleratgranes.com\/wp-content\/uploads\/2023\/10\/IMG-20230920-WA0009.jpg\",\"width\":1200,\"height\":900},{\"@type\":\"BreadcrumbList\",\"@id\":\"https:\/\/www.batxilleratgranes.com\/es\/sortida-de-convivencia-2023\/#breadcrumb\",\"itemListElement\":[{\"@type\":\"ListItem\",\"position\":1,\"name\":\"Inici\",\"item\":\"https:\/\/www.batxilleratgranes.com\/es\/\"},{\"@type\":\"ListItem\",\"position\":2,\"name\":\"Sortida de conviv\u00e8ncia 2023\"}]},{\"@type\":\"WebSite\",\"@id\":\"https:\/\/www.batxilleratgranes.com\/es\/#website\",\"url\":\"https:\/\/www.batxilleratgranes.com\/es\/\",\"name\":\"Gran\u00e9s Batxillerat - Escuela especializada en Bachillerato en Barcelona\",\"description\":\"Escola especialitzada en Batxillerat a Barcelona\",\"publisher\":{\"@id\":\"https:\/\/www.batxilleratgranes.com\/es\/#organization\"},\"potentialAction\":[{\"@type\":\"SearchAction\",\"target\":{\"@type\":\"EntryPoint\",\"urlTemplate\":\"https:\/\/www.batxilleratgranes.com\/es\/?s={search_term_string}\"},\"query-input\":{\"@type\":\"PropertyValueSpecification\",\"valueRequired\":true,\"valueName\":\"search_term_string\"}}],\"inLanguage\":\"es\"},{\"@type\":\"Organization\",\"@id\":\"https:\/\/www.batxilleratgranes.com\/es\/#organization\",\"name\":\"Gran\u00e9s Batxillerat - Escuela especializada en Bachillerato en Barcelona\",\"url\":\"https:\/\/www.batxilleratgranes.com\/es\/\",\"logo\":{\"@type\":\"ImageObject\",\"inLanguage\":\"es\",\"@id\":\"https:\/\/www.batxilleratgranes.com\/es\/#\/schema\/logo\/image\/\",\"url\":\"https:\/\/www.batxilleratgranes.com\/wp-content\/uploads\/2013\/01\/granes1.png\",\"contentUrl\":\"https:\/\/www.batxilleratgranes.com\/wp-content\/uploads\/2013\/01\/granes1.png\",\"width\":292,\"height\":85,\"caption\":\"Gran\u00e9s Batxillerat - Escuela especializada en Bachillerato en Barcelona\"},\"image\":{\"@id\":\"https:\/\/www.batxilleratgranes.com\/es\/#\/schema\/logo\/image\/\"}},{\"@type\":\"Person\",\"@id\":\"https:\/\/www.batxilleratgranes.com\/es\/#\/schema\/person\/c6cad771e5a8185c7d86589fcb6830f0\",\"name\":\"iria.canovas@granes.org\",\"image\":{\"@type\":\"ImageObject\",\"inLanguage\":\"es\",\"@id\":\"https:\/\/www.batxilleratgranes.com\/es\/#\/schema\/person\/image\/\",\"url\":\"https:\/\/secure.gravatar.com\/avatar\/daf801bc1747e8ccc693c9041f5585cd?s=96&d=mm&r=g\",\"contentUrl\":\"https:\/\/secure.gravatar.com\/avatar\/daf801bc1747e8ccc693c9041f5585cd?s=96&d=mm&r=g\",\"caption\":\"iria.canovas@granes.org\"},\"url\":\"https:\/\/www.batxilleratgranes.com\/es\/author\/iria-canovasgranes-org\/\"}]}<\/script>\n<!-- \/ Yoast SEO plugin. -->","yoast_head_json":{"title":"Sortida de conviv\u00e8ncia 2023 - Gran\u00e9s Batxillerat - Escuela especializada en Bachillerato en Barcelona","description":"Arranquem el nou curs amb la nostra sortida de conviv\u00e8ncia vam poder compartir una estona d'oci i ens vam con\u00e8ixer millor.","robots":{"index":"index","follow":"follow","max-snippet":"max-snippet:-1","max-image-preview":"max-image-preview:large","max-video-preview":"max-video-preview:-1"},"canonical":"https:\/\/www.batxilleratgranes.com\/es\/sortida-de-convivencia-2023\/","og_locale":"es_ES","og_type":"article","og_title":"Sortida de conviv\u00e8ncia 2023 - Gran\u00e9s Batxillerat - Escuela especializada en Bachillerato en Barcelona","og_description":"Arranquem el nou curs amb la nostra sortida de conviv\u00e8ncia vam poder compartir una estona d'oci i ens vam con\u00e8ixer millor.","og_url":"https:\/\/www.batxilleratgranes.com\/es\/sortida-de-convivencia-2023\/","og_site_name":"Gran\u00e9s Batxillerat - Escuela especializada en Bachillerato en Barcelona","article_published_time":"2023-10-02T11:39:25+00:00","article_modified_time":"2023-10-03T10:45:28+00:00","og_image":[{"width":1200,"height":900,"url":"https:\/\/www.batxilleratgranes.com\/wp-content\/uploads\/2023\/10\/IMG-20230920-WA0009.jpg","type":"image\/jpeg"}],"author":"iria.canovas@granes.org","twitter_card":"summary_large_image","twitter_misc":{"Written by":"iria.canovas@granes.org","Est. reading time":"2 minutes"},"schema":{"@context":"https:\/\/schema.org","@graph":[{"@type":"Article","@id":"https:\/\/www.batxilleratgranes.com\/es\/sortida-de-convivencia-2023\/#article","isPartOf":{"@id":"https:\/\/www.batxilleratgranes.com\/es\/sortida-de-convivencia-2023\/"},"author":{"name":"iria.canovas@granes.org","@id":"https:\/\/www.batxilleratgranes.com\/es\/#\/schema\/person\/c6cad771e5a8185c7d86589fcb6830f0"},"headline":"Sortida de conviv\u00e8ncia 2023","datePublished":"2023-10-02T11:39:25+00:00","dateModified":"2023-10-03T10:45:28+00:00","mainEntityOfPage":{"@id":"https:\/\/www.batxilleratgranes.com\/es\/sortida-de-convivencia-2023\/"},"wordCount":285,"commentCount":0,"publisher":{"@id":"https:\/\/www.batxilleratgranes.com\/es\/#organization"},"image":{"@id":"https:\/\/www.batxilleratgranes.com\/es\/sortida-de-convivencia-2023\/#primaryimage"},"thumbnailUrl":"https:\/\/www.batxilleratgranes.com\/wp-content\/uploads\/2023\/10\/IMG-20230920-WA0009.jpg","inLanguage":"es","potentialAction":[{"@type":"CommentAction","name":"Comment","target":["https:\/\/www.batxilleratgranes.com\/es\/sortida-de-convivencia-2023\/#respond"]}]},{"@type":"WebPage","@id":"https:\/\/www.batxilleratgranes.com\/es\/sortida-de-convivencia-2023\/","url":"https:\/\/www.batxilleratgranes.com\/es\/sortida-de-convivencia-2023\/","name":"Sortida de conviv\u00e8ncia 2023 - Gran\u00e9s Batxillerat - Escuela especializada en Bachillerato en Barcelona","isPartOf":{"@id":"https:\/\/www.batxilleratgranes.com\/es\/#website"},"primaryImageOfPage":{"@id":"https:\/\/www.batxilleratgranes.com\/es\/sortida-de-convivencia-2023\/#primaryimage"},"image":{"@id":"https:\/\/www.batxilleratgranes.com\/es\/sortida-de-convivencia-2023\/#primaryimage"},"thumbnailUrl":"https:\/\/www.batxilleratgranes.com\/wp-content\/uploads\/2023\/10\/IMG-20230920-WA0009.jpg","datePublished":"2023-10-02T11:39:25+00:00","dateModified":"2023-10-03T10:45:28+00:00","description":"Arranquem el nou curs amb la nostra sortida de conviv\u00e8ncia vam poder compartir una estona d'oci i ens vam con\u00e8ixer millor.","breadcrumb":{"@id":"https:\/\/www.batxilleratgranes.com\/es\/sortida-de-convivencia-2023\/#breadcrumb"},"inLanguage":"es","potentialAction":[{"@type":"ReadAction","target":["https:\/\/www.batxilleratgranes.com\/es\/sortida-de-convivencia-2023\/"]}]},{"@type":"ImageObject","inLanguage":"es","@id":"https:\/\/www.batxilleratgranes.com\/es\/sortida-de-convivencia-2023\/#primaryimage","url":"https:\/\/www.batxilleratgranes.com\/wp-content\/uploads\/2023\/10\/IMG-20230920-WA0009.jpg","contentUrl":"https:\/\/www.batxilleratgranes.com\/wp-content\/uploads\/2023\/10\/IMG-20230920-WA0009.jpg","width":1200,"height":900},{"@type":"BreadcrumbList","@id":"https:\/\/www.batxilleratgranes.com\/es\/sortida-de-convivencia-2023\/#breadcrumb","itemListElement":[{"@type":"ListItem","position":1,"name":"Inici","item":"https:\/\/www.batxilleratgranes.com\/es\/"},{"@type":"ListItem","position":2,"name":"Sortida de conviv\u00e8ncia 2023"}]},{"@type":"WebSite","@id":"https:\/\/www.batxilleratgranes.com\/es\/#website","url":"https:\/\/www.batxilleratgranes.com\/es\/","name":"Gran\u00e9s Batxillerat - Escuela especializada en Bachillerato en Barcelona","description":"Escola especialitzada en Batxillerat a Barcelona","publisher":{"@id":"https:\/\/www.batxilleratgranes.com\/es\/#organization"},"potentialAction":[{"@type":"SearchAction","target":{"@type":"EntryPoint","urlTemplate":"https:\/\/www.batxilleratgranes.com\/es\/?s={search_term_string}"},"query-input":{"@type":"PropertyValueSpecification","valueRequired":true,"valueName":"search_term_string"}}],"inLanguage":"es"},{"@type":"Organization","@id":"https:\/\/www.batxilleratgranes.com\/es\/#organization","name":"Gran\u00e9s Batxillerat - Escuela especializada en Bachillerato en Barcelona","url":"https:\/\/www.batxilleratgranes.com\/es\/","logo":{"@type":"ImageObject","inLanguage":"es","@id":"https:\/\/www.batxilleratgranes.com\/es\/#\/schema\/logo\/image\/","url":"https:\/\/www.batxilleratgranes.com\/wp-content\/uploads\/2013\/01\/granes1.png","contentUrl":"https:\/\/www.batxilleratgranes.com\/wp-content\/uploads\/2013\/01\/granes1.png","width":292,"height":85,"caption":"Gran\u00e9s Batxillerat - Escuela especializada en Bachillerato en Barcelona"},"image":{"@id":"https:\/\/www.batxilleratgranes.com\/es\/#\/schema\/logo\/image\/"}},{"@type":"Person","@id":"https:\/\/www.batxilleratgranes.com\/es\/#\/schema\/person\/c6cad771e5a8185c7d86589fcb6830f0","name":"iria.canovas@granes.org","image":{"@type":"ImageObject","inLanguage":"es","@id":"https:\/\/www.batxilleratgranes.com\/es\/#\/schema\/person\/image\/","url":"https:\/\/secure.gravatar.com\/avatar\/daf801bc1747e8ccc693c9041f5585cd?s=96&d=mm&r=g","contentUrl":"https:\/\/secure.gravatar.com\/avatar\/daf801bc1747e8ccc693c9041f5585cd?s=96&d=mm&r=g","caption":"iria.canovas@granes.org"},"url":"https:\/\/www.batxilleratgranes.com\/es\/author\/iria-canovasgranes-org\/"}]}},"_links":{"self":[{"href":"https:\/\/www.batxilleratgranes.com\/es\/wp-json\/wp\/v2\/posts\/50734"}],"collection":[{"href":"https:\/\/www.batxilleratgranes.com\/es\/wp-json\/wp\/v2\/posts"}],"about":[{"href":"https:\/\/www.batxilleratgranes.com\/es\/wp-json\/wp\/v2\/types\/post"}],"author":[{"embeddable":true,"href":"https:\/\/www.batxilleratgranes.com\/es\/wp-json\/wp\/v2\/users\/7"}],"replies":[{"embeddable":true,"href":"https:\/\/www.batxilleratgranes.com\/es\/wp-json\/wp\/v2\/comments?post=50734"}],"version-history":[{"count":2,"href":"https:\/\/www.batxilleratgranes.com\/es\/wp-json\/wp\/v2\/posts\/50734\/revisions"}],"predecessor-version":[{"id":50752,"href":"https:\/\/www.batxilleratgranes.com\/es\/wp-json\/wp\/v2\/posts\/50734\/revisions\/50752"}],"wp:featuredmedia":[{"embeddable":true,"href":"https:\/\/www.batxilleratgranes.com\/es\/wp-json\/wp\/v2\/media\/50750"}],"wp:attachment":[{"href":"https:\/\/www.batxilleratgranes.com\/es\/wp-json\/wp\/v2\/media?parent=50734"}],"wp:term":[{"taxonomy":"category","embeddable":true,"href":"https:\/\/www.batxilleratgranes.com\/es\/wp-json\/wp\/v2\/categories?post=50734"},{"taxonomy":"post_tag","embeddable":true,"href":"https:\/\/www.batxilleratgranes.com\/es\/wp-json\/wp\/v2\/tags?post=50734"}],"curies":[{"name":"wp","href":"https:\/\/api.w.org\/{rel}","templated":true}]}}