{"id":5121,"date":"2015-12-09T14:07:46","date_gmt":"2015-12-09T14:07:46","guid":{"rendered":"http:\/\/www.batxilleratgranes.com\/?p=5121"},"modified":"2015-12-09T14:07:47","modified_gmt":"2015-12-09T14:07:47","slug":"xerrada-del-banc-dels-aliments-a-granes-batxillerat","status":"publish","type":"post","link":"https:\/\/www.batxilleratgranes.com\/es\/xerrada-del-banc-dels-aliments-a-granes-batxillerat\/","title":{"rendered":"Xerrada del Banc dels Aliments a Gran\u00e9s Batxillerat"},"content":{"rendered":"<p style=\"text-align: justify;\">Dins el marc de la Jornada Solidaria, que vam engegar a l&#8217;escola el passat dia 1 de desembre, el <strong>Jordi Carbonell<\/strong>, voluntari de la <strong><a href=\"https:\/\/www.bancdelsaliments.org\/\">Fundaci\u00f3 Banc dels Aliments<\/a><\/strong>, va venir a visitar-nos a l&#8217;escola dijous passat per fer una xerrada als alumnes de Primer curs.\u00a0La visita va tenir com a objectiu <strong>sensibilitzar-nos<\/strong>\u00a0cap a les persones que pateixen fam al nostre pa\u00eds.<\/p>\n<p style=\"text-align: justify;\"><a href=\"http:\/\/www.batxilleratgranes.com\/wp-content\/uploads\/2015\/12\/Xerrada-Banc-dels-aliments-1.jpg\"><img loading=\"lazy\" decoding=\"async\" width=\"1200\" height=\"600\" class=\"alignnone size-full wp-image-5123\" src=\"http:\/\/www.batxilleratgranes.com\/wp-content\/uploads\/2015\/12\/Xerrada-Banc-dels-aliments-1.jpg\" alt=\"Banc dels Aliments, Pobressa, Gran\u00e9s Batxillerat\" srcset=\"https:\/\/www.batxilleratgranes.com\/wp-content\/uploads\/2015\/12\/Xerrada-Banc-dels-aliments-1.jpg 1200w, https:\/\/www.batxilleratgranes.com\/wp-content\/uploads\/2015\/12\/Xerrada-Banc-dels-aliments-1-300x150.jpg 300w, https:\/\/www.batxilleratgranes.com\/wp-content\/uploads\/2015\/12\/Xerrada-Banc-dels-aliments-1-1024x512.jpg 1024w, https:\/\/www.batxilleratgranes.com\/wp-content\/uploads\/2015\/12\/Xerrada-Banc-dels-aliments-1-650x325.jpg 650w, https:\/\/www.batxilleratgranes.com\/wp-content\/uploads\/2015\/12\/Xerrada-Banc-dels-aliments-1-960x480.jpg 960w, https:\/\/www.batxilleratgranes.com\/wp-content\/uploads\/2015\/12\/Xerrada-Banc-dels-aliments-1-1000x500.jpg 1000w\" sizes=\"(max-width: 1200px) 100vw, 1200px\" \/><\/a><\/p>\n<p style=\"text-align: justify;\">A Catalunya, el nombre de persones\u00a0en situaci\u00f3 de pobresa no ha deixat d&#8217;augmentar en els darrers anys i es calcula que avui dia afecta el 20 % de la poblaci\u00f3. Com va explicar Carbonell, nom\u00e9s a la prov\u00edncia de <strong>Barcelona<\/strong>, m\u00e9s de <strong>500.000 persones<\/strong> pateixen <strong>pobresa aliment\u00e0ria.<\/strong><\/p>\n<p style=\"text-align: justify;\"><a href=\"http:\/\/www.batxilleratgranes.com\/wp-content\/uploads\/2015\/12\/PC030028.jpg\"><img loading=\"lazy\" decoding=\"async\" width=\"1200\" height=\"900\" class=\"alignnone size-full wp-image-5124\" src=\"http:\/\/www.batxilleratgranes.com\/wp-content\/uploads\/2015\/12\/PC030028.jpg\" alt=\"Aliments, Banc dels Aliments, Gran\u00e9s Batxillerat\" srcset=\"https:\/\/www.batxilleratgranes.com\/wp-content\/uploads\/2015\/12\/PC030028.jpg 1200w, https:\/\/www.batxilleratgranes.com\/wp-content\/uploads\/2015\/12\/PC030028-300x225.jpg 300w, https:\/\/www.batxilleratgranes.com\/wp-content\/uploads\/2015\/12\/PC030028-1024x768.jpg 1024w, https:\/\/www.batxilleratgranes.com\/wp-content\/uploads\/2015\/12\/PC030028-650x488.jpg 650w, https:\/\/www.batxilleratgranes.com\/wp-content\/uploads\/2015\/12\/PC030028-960x720.jpg 960w, https:\/\/www.batxilleratgranes.com\/wp-content\/uploads\/2015\/12\/PC030028-1000x750.jpg 1000w\" sizes=\"(max-width: 1200px) 100vw, 1200px\" \/><\/a><\/p>\n<p style=\"text-align: justify;\">Carbonell tamb\u00e9 va recordar que els llocs on es malbaraten m\u00e9s aliments s\u00f3n a casa, als bars i restaurants i a les cadenes de distribuci\u00f3, i que a Catalunya <strong>es malbaraten anualment uns 35 kilos per persona<\/strong>, amb la qual cosa \u00e9s molt important la conscienciaci\u00f3 en aquest sentit.<\/p>\n<p style=\"text-align: justify;\">Durant la seva xerrada, Carbonell tamb\u00e9 va fer \u00e8mfasi en la diferenciaci\u00f3 entre <strong>caducitat i consum preferent<\/strong>, animant-nos a no llen\u00e7ar productes pel fet d&#8217;haver passat uns dies de la data de consum preferent.<\/p>\n<p style=\"text-align: justify;\"><a href=\"http:\/\/www.batxilleratgranes.com\/wp-content\/uploads\/2015\/12\/PC030031.jpg\"><img loading=\"lazy\" decoding=\"async\" width=\"1200\" height=\"900\" class=\"alignnone size-full wp-image-5125\" src=\"http:\/\/www.batxilleratgranes.com\/wp-content\/uploads\/2015\/12\/PC030031.jpg\" alt=\"Banc d'aliments, aliments, Gran\u00e9s Batxillerat\" srcset=\"https:\/\/www.batxilleratgranes.com\/wp-content\/uploads\/2015\/12\/PC030031.jpg 1200w, https:\/\/www.batxilleratgranes.com\/wp-content\/uploads\/2015\/12\/PC030031-300x225.jpg 300w, https:\/\/www.batxilleratgranes.com\/wp-content\/uploads\/2015\/12\/PC030031-1024x768.jpg 1024w, https:\/\/www.batxilleratgranes.com\/wp-content\/uploads\/2015\/12\/PC030031-650x488.jpg 650w, https:\/\/www.batxilleratgranes.com\/wp-content\/uploads\/2015\/12\/PC030031-960x720.jpg 960w, https:\/\/www.batxilleratgranes.com\/wp-content\/uploads\/2015\/12\/PC030031-1000x750.jpg 1000w\" sizes=\"(max-width: 1200px) 100vw, 1200px\" \/><\/a><\/p>\n<div class=\"atclear\" style=\"text-align: justify;\">La <a href=\"https:\/\/www.bancdelsaliments.org\/\">Fundaci\u00f3 Banc dels Aliments de Barcelona<\/a> es defineix com una entitat ben\u00e8fica, independent i sense \u00e0nim de lucre, que des de l\u2019any 1987 lluita contra el malbaratament d\u2019aliments i contra la fam.<\/div>\n<p style=\"text-align: justify;\">Des de l\u2019escola us animem a seguir responent a aquesta <strong>crida solid\u00e0ria<\/strong> com fins ara, omplint les caixes amb els productes que necessita l&#8217;entitat, com ara <strong>pasta, arr\u00f2s i oli<\/strong>.<\/p>\n<p style=\"text-align: justify;\"><a href=\"http:\/\/www.batxilleratgranes.com\/wp-content\/uploads\/2015\/12\/1.jpg\"><img loading=\"lazy\" decoding=\"async\" width=\"265\" height=\"190\" class=\"size-full wp-image-5126 aligncenter\" src=\"http:\/\/www.batxilleratgranes.com\/wp-content\/uploads\/2015\/12\/1.jpg\" alt=\"Aliments, Banc d'Aliments, Gran\u00e9s Batxillerat\" \/><\/a><\/p>\n<p>&nbsp;<\/p>\n","protected":false},"excerpt":{"rendered":"<p>Dins el marc de la Jornada Solidaria, que vam engegar a l&#8217;escola el passat dia 1 de desembre, el Jordi Carbonell, voluntari de la Fundaci\u00f3 Banc dels Aliments, va venir a visitar-nos a l&#8217;escola dijous passat per fer una xerrada als alumnes de Primer curs.\u00a0La visita va tenir com a objectiu sensibilitzar-nos\u00a0cap a les persones&hellip;&nbsp;<a href=\"https:\/\/www.batxilleratgranes.com\/es\/xerrada-del-banc-dels-aliments-a-granes-batxillerat\/\" class=\"\" rel=\"bookmark\">Read More &raquo;<span class=\"screen-reader-text\">Xerrada del Banc dels Aliments a Gran\u00e9s Batxillerat<\/span><\/a><\/p>\n","protected":false},"author":5,"featured_media":5131,"comment_status":"open","ping_status":"open","sticky":false,"template":"","format":"standard","meta":{"neve_meta_sidebar":"","neve_meta_container":"","neve_meta_enable_content_width":"","neve_meta_content_width":0,"neve_meta_title_alignment":"","neve_meta_author_avatar":"","neve_post_elements_order":"","neve_meta_disable_header":"","neve_meta_disable_footer":"","neve_meta_disable_title":"","footnotes":""},"categories":[7],"tags":[93,95,94,97],"class_list":["post-5121","post","type-post","status-publish","format-standard","has-post-thumbnail","hentry","category-centre-batxillerat-granes","tag-aliments","tag-fam","tag-fundacio-banc-dels-aliments","tag-pobresa"],"yoast_head":"<!-- This site is optimized with the Yoast SEO plugin v23.4 - https:\/\/yoast.com\/wordpress\/plugins\/seo\/ -->\n<title>Xerrada del Banc dels Aliments a Gran\u00e9s Batxillerat - Gran\u00e9s Batxillerat - Escuela especializada en Bachillerato en Barcelona<\/title>\n<meta name=\"robots\" content=\"index, follow, max-snippet:-1, max-image-preview:large, max-video-preview:-1\" \/>\n<link rel=\"canonical\" href=\"https:\/\/www.batxilleratgranes.com\/es\/xerrada-del-banc-dels-aliments-a-granes-batxillerat\/\" \/>\n<meta property=\"og:locale\" content=\"es_ES\" \/>\n<meta property=\"og:type\" content=\"article\" \/>\n<meta property=\"og:title\" content=\"Xerrada del Banc dels Aliments a Gran\u00e9s Batxillerat - Gran\u00e9s Batxillerat - Escuela especializada en Bachillerato en Barcelona\" \/>\n<meta property=\"og:description\" content=\"Dins el marc de la Jornada Solidaria, que vam engegar a l&#8217;escola el passat dia 1 de desembre, el Jordi Carbonell, voluntari de la Fundaci\u00f3 Banc dels Aliments, va venir a visitar-nos a l&#8217;escola dijous passat per fer una xerrada als alumnes de Primer curs.\u00a0La visita va tenir com a objectiu sensibilitzar-nos\u00a0cap a les persones&hellip;&nbsp;Read More &raquo;Xerrada del Banc dels Aliments a Gran\u00e9s Batxillerat\" \/>\n<meta property=\"og:url\" content=\"https:\/\/www.batxilleratgranes.com\/es\/xerrada-del-banc-dels-aliments-a-granes-batxillerat\/\" \/>\n<meta property=\"og:site_name\" content=\"Gran\u00e9s Batxillerat - Escuela especializada en Bachillerato en Barcelona\" \/>\n<meta property=\"article:published_time\" content=\"2015-12-09T14:07:46+00:00\" \/>\n<meta property=\"article:modified_time\" content=\"2015-12-09T14:07:47+00:00\" \/>\n<meta property=\"og:image\" content=\"https:\/\/www.batxilleratgranes.com\/wp-content\/uploads\/2015\/12\/xerrada-Banc-dels-Aliments-0.jpg\" \/>\n\t<meta property=\"og:image:width\" content=\"1200\" \/>\n\t<meta property=\"og:image:height\" content=\"400\" \/>\n\t<meta property=\"og:image:type\" content=\"image\/jpeg\" \/>\n<meta name=\"author\" content=\"mireia.martinez\" \/>\n<meta name=\"twitter:card\" content=\"summary_large_image\" \/>\n<meta name=\"twitter:label1\" content=\"Written by\" \/>\n\t<meta name=\"twitter:data1\" content=\"mireia.martinez\" \/>\n\t<meta name=\"twitter:label2\" content=\"Est. reading time\" \/>\n\t<meta name=\"twitter:data2\" content=\"1 minute\" \/>\n<script type=\"application\/ld+json\" class=\"yoast-schema-graph\">{\"@context\":\"https:\/\/schema.org\",\"@graph\":[{\"@type\":\"Article\",\"@id\":\"https:\/\/www.batxilleratgranes.com\/es\/xerrada-del-banc-dels-aliments-a-granes-batxillerat\/#article\",\"isPartOf\":{\"@id\":\"https:\/\/www.batxilleratgranes.com\/es\/xerrada-del-banc-dels-aliments-a-granes-batxillerat\/\"},\"author\":{\"name\":\"mireia.martinez\",\"@id\":\"https:\/\/www.batxilleratgranes.com\/es\/#\/schema\/person\/4e10f231f79e8e2d24629e02b8283201\"},\"headline\":\"Xerrada del Banc dels Aliments a Gran\u00e9s Batxillerat\",\"datePublished\":\"2015-12-09T14:07:46+00:00\",\"dateModified\":\"2015-12-09T14:07:47+00:00\",\"mainEntityOfPage\":{\"@id\":\"https:\/\/www.batxilleratgranes.com\/es\/xerrada-del-banc-dels-aliments-a-granes-batxillerat\/\"},\"wordCount\":280,\"commentCount\":1,\"publisher\":{\"@id\":\"https:\/\/www.batxilleratgranes.com\/es\/#organization\"},\"image\":{\"@id\":\"https:\/\/www.batxilleratgranes.com\/es\/xerrada-del-banc-dels-aliments-a-granes-batxillerat\/#primaryimage\"},\"thumbnailUrl\":\"https:\/\/www.batxilleratgranes.com\/wp-content\/uploads\/2015\/12\/xerrada-Banc-dels-Aliments-0.jpg\",\"keywords\":[\"aliments\",\"Fam\",\"Fundaci\u00f3 Banc dels Aliments\",\"Pobresa\"],\"articleSection\":[\"Activitats Gran\u00e9s\"],\"inLanguage\":\"es\",\"potentialAction\":[{\"@type\":\"CommentAction\",\"name\":\"Comment\",\"target\":[\"https:\/\/www.batxilleratgranes.com\/es\/xerrada-del-banc-dels-aliments-a-granes-batxillerat\/#respond\"]}]},{\"@type\":\"WebPage\",\"@id\":\"https:\/\/www.batxilleratgranes.com\/es\/xerrada-del-banc-dels-aliments-a-granes-batxillerat\/\",\"url\":\"https:\/\/www.batxilleratgranes.com\/es\/xerrada-del-banc-dels-aliments-a-granes-batxillerat\/\",\"name\":\"Xerrada del Banc dels Aliments a Gran\u00e9s Batxillerat - Gran\u00e9s Batxillerat - Escuela especializada en Bachillerato en Barcelona\",\"isPartOf\":{\"@id\":\"https:\/\/www.batxilleratgranes.com\/es\/#website\"},\"primaryImageOfPage\":{\"@id\":\"https:\/\/www.batxilleratgranes.com\/es\/xerrada-del-banc-dels-aliments-a-granes-batxillerat\/#primaryimage\"},\"image\":{\"@id\":\"https:\/\/www.batxilleratgranes.com\/es\/xerrada-del-banc-dels-aliments-a-granes-batxillerat\/#primaryimage\"},\"thumbnailUrl\":\"https:\/\/www.batxilleratgranes.com\/wp-content\/uploads\/2015\/12\/xerrada-Banc-dels-Aliments-0.jpg\",\"datePublished\":\"2015-12-09T14:07:46+00:00\",\"dateModified\":\"2015-12-09T14:07:47+00:00\",\"breadcrumb\":{\"@id\":\"https:\/\/www.batxilleratgranes.com\/es\/xerrada-del-banc-dels-aliments-a-granes-batxillerat\/#breadcrumb\"},\"inLanguage\":\"es\",\"potentialAction\":[{\"@type\":\"ReadAction\",\"target\":[\"https:\/\/www.batxilleratgranes.com\/es\/xerrada-del-banc-dels-aliments-a-granes-batxillerat\/\"]}]},{\"@type\":\"ImageObject\",\"inLanguage\":\"es\",\"@id\":\"https:\/\/www.batxilleratgranes.com\/es\/xerrada-del-banc-dels-aliments-a-granes-batxillerat\/#primaryimage\",\"url\":\"https:\/\/www.batxilleratgranes.com\/wp-content\/uploads\/2015\/12\/xerrada-Banc-dels-Aliments-0.jpg\",\"contentUrl\":\"https:\/\/www.batxilleratgranes.com\/wp-content\/uploads\/2015\/12\/xerrada-Banc-dels-Aliments-0.jpg\",\"width\":1200,\"height\":400},{\"@type\":\"BreadcrumbList\",\"@id\":\"https:\/\/www.batxilleratgranes.com\/es\/xerrada-del-banc-dels-aliments-a-granes-batxillerat\/#breadcrumb\",\"itemListElement\":[{\"@type\":\"ListItem\",\"position\":1,\"name\":\"Inici\",\"item\":\"https:\/\/www.batxilleratgranes.com\/es\/\"},{\"@type\":\"ListItem\",\"position\":2,\"name\":\"Xerrada del Banc dels Aliments a Gran\u00e9s Batxillerat\"}]},{\"@type\":\"WebSite\",\"@id\":\"https:\/\/www.batxilleratgranes.com\/es\/#website\",\"url\":\"https:\/\/www.batxilleratgranes.com\/es\/\",\"name\":\"Gran\u00e9s Batxillerat - Escuela especializada en Bachillerato en Barcelona\",\"description\":\"Escola especialitzada en Batxillerat a Barcelona\",\"publisher\":{\"@id\":\"https:\/\/www.batxilleratgranes.com\/es\/#organization\"},\"potentialAction\":[{\"@type\":\"SearchAction\",\"target\":{\"@type\":\"EntryPoint\",\"urlTemplate\":\"https:\/\/www.batxilleratgranes.com\/es\/?s={search_term_string}\"},\"query-input\":{\"@type\":\"PropertyValueSpecification\",\"valueRequired\":true,\"valueName\":\"search_term_string\"}}],\"inLanguage\":\"es\"},{\"@type\":\"Organization\",\"@id\":\"https:\/\/www.batxilleratgranes.com\/es\/#organization\",\"name\":\"Gran\u00e9s Batxillerat - Escuela especializada en Bachillerato en Barcelona\",\"url\":\"https:\/\/www.batxilleratgranes.com\/es\/\",\"logo\":{\"@type\":\"ImageObject\",\"inLanguage\":\"es\",\"@id\":\"https:\/\/www.batxilleratgranes.com\/es\/#\/schema\/logo\/image\/\",\"url\":\"https:\/\/www.batxilleratgranes.com\/wp-content\/uploads\/2013\/01\/granes1.png\",\"contentUrl\":\"https:\/\/www.batxilleratgranes.com\/wp-content\/uploads\/2013\/01\/granes1.png\",\"width\":292,\"height\":85,\"caption\":\"Gran\u00e9s Batxillerat - Escuela especializada en Bachillerato en Barcelona\"},\"image\":{\"@id\":\"https:\/\/www.batxilleratgranes.com\/es\/#\/schema\/logo\/image\/\"}},{\"@type\":\"Person\",\"@id\":\"https:\/\/www.batxilleratgranes.com\/es\/#\/schema\/person\/4e10f231f79e8e2d24629e02b8283201\",\"name\":\"mireia.martinez\",\"image\":{\"@type\":\"ImageObject\",\"inLanguage\":\"es\",\"@id\":\"https:\/\/www.batxilleratgranes.com\/es\/#\/schema\/person\/image\/\",\"url\":\"https:\/\/secure.gravatar.com\/avatar\/8c952e346979fb1eaf89bbc4dfda29f0?s=96&d=mm&r=g\",\"contentUrl\":\"https:\/\/secure.gravatar.com\/avatar\/8c952e346979fb1eaf89bbc4dfda29f0?s=96&d=mm&r=g\",\"caption\":\"mireia.martinez\"},\"url\":\"https:\/\/www.batxilleratgranes.com\/es\/author\/mireia-martinez\/\"}]}<\/script>\n<!-- \/ Yoast SEO plugin. -->","yoast_head_json":{"title":"Xerrada del Banc dels Aliments a Gran\u00e9s Batxillerat - Gran\u00e9s Batxillerat - Escuela especializada en Bachillerato en Barcelona","robots":{"index":"index","follow":"follow","max-snippet":"max-snippet:-1","max-image-preview":"max-image-preview:large","max-video-preview":"max-video-preview:-1"},"canonical":"https:\/\/www.batxilleratgranes.com\/es\/xerrada-del-banc-dels-aliments-a-granes-batxillerat\/","og_locale":"es_ES","og_type":"article","og_title":"Xerrada del Banc dels Aliments a Gran\u00e9s Batxillerat - Gran\u00e9s Batxillerat - Escuela especializada en Bachillerato en Barcelona","og_description":"Dins el marc de la Jornada Solidaria, que vam engegar a l&#8217;escola el passat dia 1 de desembre, el Jordi Carbonell, voluntari de la Fundaci\u00f3 Banc dels Aliments, va venir a visitar-nos a l&#8217;escola dijous passat per fer una xerrada als alumnes de Primer curs.\u00a0La visita va tenir com a objectiu sensibilitzar-nos\u00a0cap a les persones&hellip;&nbsp;Read More &raquo;Xerrada del Banc dels Aliments a Gran\u00e9s Batxillerat","og_url":"https:\/\/www.batxilleratgranes.com\/es\/xerrada-del-banc-dels-aliments-a-granes-batxillerat\/","og_site_name":"Gran\u00e9s Batxillerat - Escuela especializada en Bachillerato en Barcelona","article_published_time":"2015-12-09T14:07:46+00:00","article_modified_time":"2015-12-09T14:07:47+00:00","og_image":[{"width":1200,"height":400,"url":"https:\/\/www.batxilleratgranes.com\/wp-content\/uploads\/2015\/12\/xerrada-Banc-dels-Aliments-0.jpg","type":"image\/jpeg"}],"author":"mireia.martinez","twitter_card":"summary_large_image","twitter_misc":{"Written by":"mireia.martinez","Est. reading time":"1 minute"},"schema":{"@context":"https:\/\/schema.org","@graph":[{"@type":"Article","@id":"https:\/\/www.batxilleratgranes.com\/es\/xerrada-del-banc-dels-aliments-a-granes-batxillerat\/#article","isPartOf":{"@id":"https:\/\/www.batxilleratgranes.com\/es\/xerrada-del-banc-dels-aliments-a-granes-batxillerat\/"},"author":{"name":"mireia.martinez","@id":"https:\/\/www.batxilleratgranes.com\/es\/#\/schema\/person\/4e10f231f79e8e2d24629e02b8283201"},"headline":"Xerrada del Banc dels Aliments a Gran\u00e9s Batxillerat","datePublished":"2015-12-09T14:07:46+00:00","dateModified":"2015-12-09T14:07:47+00:00","mainEntityOfPage":{"@id":"https:\/\/www.batxilleratgranes.com\/es\/xerrada-del-banc-dels-aliments-a-granes-batxillerat\/"},"wordCount":280,"commentCount":1,"publisher":{"@id":"https:\/\/www.batxilleratgranes.com\/es\/#organization"},"image":{"@id":"https:\/\/www.batxilleratgranes.com\/es\/xerrada-del-banc-dels-aliments-a-granes-batxillerat\/#primaryimage"},"thumbnailUrl":"https:\/\/www.batxilleratgranes.com\/wp-content\/uploads\/2015\/12\/xerrada-Banc-dels-Aliments-0.jpg","keywords":["aliments","Fam","Fundaci\u00f3 Banc dels Aliments","Pobresa"],"articleSection":["Activitats Gran\u00e9s"],"inLanguage":"es","potentialAction":[{"@type":"CommentAction","name":"Comment","target":["https:\/\/www.batxilleratgranes.com\/es\/xerrada-del-banc-dels-aliments-a-granes-batxillerat\/#respond"]}]},{"@type":"WebPage","@id":"https:\/\/www.batxilleratgranes.com\/es\/xerrada-del-banc-dels-aliments-a-granes-batxillerat\/","url":"https:\/\/www.batxilleratgranes.com\/es\/xerrada-del-banc-dels-aliments-a-granes-batxillerat\/","name":"Xerrada del Banc dels Aliments a Gran\u00e9s Batxillerat - Gran\u00e9s Batxillerat - Escuela especializada en Bachillerato en Barcelona","isPartOf":{"@id":"https:\/\/www.batxilleratgranes.com\/es\/#website"},"primaryImageOfPage":{"@id":"https:\/\/www.batxilleratgranes.com\/es\/xerrada-del-banc-dels-aliments-a-granes-batxillerat\/#primaryimage"},"image":{"@id":"https:\/\/www.batxilleratgranes.com\/es\/xerrada-del-banc-dels-aliments-a-granes-batxillerat\/#primaryimage"},"thumbnailUrl":"https:\/\/www.batxilleratgranes.com\/wp-content\/uploads\/2015\/12\/xerrada-Banc-dels-Aliments-0.jpg","datePublished":"2015-12-09T14:07:46+00:00","dateModified":"2015-12-09T14:07:47+00:00","breadcrumb":{"@id":"https:\/\/www.batxilleratgranes.com\/es\/xerrada-del-banc-dels-aliments-a-granes-batxillerat\/#breadcrumb"},"inLanguage":"es","potentialAction":[{"@type":"ReadAction","target":["https:\/\/www.batxilleratgranes.com\/es\/xerrada-del-banc-dels-aliments-a-granes-batxillerat\/"]}]},{"@type":"ImageObject","inLanguage":"es","@id":"https:\/\/www.batxilleratgranes.com\/es\/xerrada-del-banc-dels-aliments-a-granes-batxillerat\/#primaryimage","url":"https:\/\/www.batxilleratgranes.com\/wp-content\/uploads\/2015\/12\/xerrada-Banc-dels-Aliments-0.jpg","contentUrl":"https:\/\/www.batxilleratgranes.com\/wp-content\/uploads\/2015\/12\/xerrada-Banc-dels-Aliments-0.jpg","width":1200,"height":400},{"@type":"BreadcrumbList","@id":"https:\/\/www.batxilleratgranes.com\/es\/xerrada-del-banc-dels-aliments-a-granes-batxillerat\/#breadcrumb","itemListElement":[{"@type":"ListItem","position":1,"name":"Inici","item":"https:\/\/www.batxilleratgranes.com\/es\/"},{"@type":"ListItem","position":2,"name":"Xerrada del Banc dels Aliments a Gran\u00e9s Batxillerat"}]},{"@type":"WebSite","@id":"https:\/\/www.batxilleratgranes.com\/es\/#website","url":"https:\/\/www.batxilleratgranes.com\/es\/","name":"Gran\u00e9s Batxillerat - Escuela especializada en Bachillerato en Barcelona","description":"Escola especialitzada en Batxillerat a Barcelona","publisher":{"@id":"https:\/\/www.batxilleratgranes.com\/es\/#organization"},"potentialAction":[{"@type":"SearchAction","target":{"@type":"EntryPoint","urlTemplate":"https:\/\/www.batxilleratgranes.com\/es\/?s={search_term_string}"},"query-input":{"@type":"PropertyValueSpecification","valueRequired":true,"valueName":"search_term_string"}}],"inLanguage":"es"},{"@type":"Organization","@id":"https:\/\/www.batxilleratgranes.com\/es\/#organization","name":"Gran\u00e9s Batxillerat - Escuela especializada en Bachillerato en Barcelona","url":"https:\/\/www.batxilleratgranes.com\/es\/","logo":{"@type":"ImageObject","inLanguage":"es","@id":"https:\/\/www.batxilleratgranes.com\/es\/#\/schema\/logo\/image\/","url":"https:\/\/www.batxilleratgranes.com\/wp-content\/uploads\/2013\/01\/granes1.png","contentUrl":"https:\/\/www.batxilleratgranes.com\/wp-content\/uploads\/2013\/01\/granes1.png","width":292,"height":85,"caption":"Gran\u00e9s Batxillerat - Escuela especializada en Bachillerato en Barcelona"},"image":{"@id":"https:\/\/www.batxilleratgranes.com\/es\/#\/schema\/logo\/image\/"}},{"@type":"Person","@id":"https:\/\/www.batxilleratgranes.com\/es\/#\/schema\/person\/4e10f231f79e8e2d24629e02b8283201","name":"mireia.martinez","image":{"@type":"ImageObject","inLanguage":"es","@id":"https:\/\/www.batxilleratgranes.com\/es\/#\/schema\/person\/image\/","url":"https:\/\/secure.gravatar.com\/avatar\/8c952e346979fb1eaf89bbc4dfda29f0?s=96&d=mm&r=g","contentUrl":"https:\/\/secure.gravatar.com\/avatar\/8c952e346979fb1eaf89bbc4dfda29f0?s=96&d=mm&r=g","caption":"mireia.martinez"},"url":"https:\/\/www.batxilleratgranes.com\/es\/author\/mireia-martinez\/"}]}},"_links":{"self":[{"href":"https:\/\/www.batxilleratgranes.com\/es\/wp-json\/wp\/v2\/posts\/5121"}],"collection":[{"href":"https:\/\/www.batxilleratgranes.com\/es\/wp-json\/wp\/v2\/posts"}],"about":[{"href":"https:\/\/www.batxilleratgranes.com\/es\/wp-json\/wp\/v2\/types\/post"}],"author":[{"embeddable":true,"href":"https:\/\/www.batxilleratgranes.com\/es\/wp-json\/wp\/v2\/users\/5"}],"replies":[{"embeddable":true,"href":"https:\/\/www.batxilleratgranes.com\/es\/wp-json\/wp\/v2\/comments?post=5121"}],"version-history":[{"count":4,"href":"https:\/\/www.batxilleratgranes.com\/es\/wp-json\/wp\/v2\/posts\/5121\/revisions"}],"predecessor-version":[{"id":5132,"href":"https:\/\/www.batxilleratgranes.com\/es\/wp-json\/wp\/v2\/posts\/5121\/revisions\/5132"}],"wp:featuredmedia":[{"embeddable":true,"href":"https:\/\/www.batxilleratgranes.com\/es\/wp-json\/wp\/v2\/media\/5131"}],"wp:attachment":[{"href":"https:\/\/www.batxilleratgranes.com\/es\/wp-json\/wp\/v2\/media?parent=5121"}],"wp:term":[{"taxonomy":"category","embeddable":true,"href":"https:\/\/www.batxilleratgranes.com\/es\/wp-json\/wp\/v2\/categories?post=5121"},{"taxonomy":"post_tag","embeddable":true,"href":"https:\/\/www.batxilleratgranes.com\/es\/wp-json\/wp\/v2\/tags?post=5121"}],"curies":[{"name":"wp","href":"https:\/\/api.w.org\/{rel}","templated":true}]}}