{"id":5252,"date":"2015-12-17T14:05:27","date_gmt":"2015-12-17T14:05:27","guid":{"rendered":"http:\/\/www.batxilleratgranes.com\/?p=5252"},"modified":"2015-12-17T14:14:22","modified_gmt":"2015-12-17T14:14:22","slug":"david-marin-per-a-mi-el-teatre-ho-es-tot","status":"publish","type":"post","link":"https:\/\/www.batxilleratgranes.com\/es\/david-marin-per-a-mi-el-teatre-ho-es-tot\/","title":{"rendered":"David Mar\u00edn: &#8220;Per a mi el teatre ho \u00e9s tot&#8221;"},"content":{"rendered":"<p style=\"text-align: justify;\">Actor, director i professor del\u00a0Batxillerat Art\u00edstic a Gran\u00e9s Batxillerat. David Mar\u00edn \u00e9s una persona inquieta, fascinada del m\u00f3n de la interpretaci\u00f3, i a qui la doc\u00e8ncia a la nostra escola li suposa un pilar important en la seva vida. Parlem amb ell de tot plegat.<\/p>\n<p><a href=\"http:\/\/www.batxilleratgranes.com\/wp-content\/uploads\/2015\/12\/PB130098.jpg\"><img loading=\"lazy\" decoding=\"async\" width=\"1200\" height=\"900\" class=\"alignnone size-full wp-image-5108\" src=\"http:\/\/www.batxilleratgranes.com\/wp-content\/uploads\/2015\/12\/PB130098.jpg\" alt=\"Discoordants, tetare, David Mar\u00edn\" srcset=\"https:\/\/www.batxilleratgranes.com\/wp-content\/uploads\/2015\/12\/PB130098.jpg 1200w, https:\/\/www.batxilleratgranes.com\/wp-content\/uploads\/2015\/12\/PB130098-300x225.jpg 300w, https:\/\/www.batxilleratgranes.com\/wp-content\/uploads\/2015\/12\/PB130098-1024x768.jpg 1024w, https:\/\/www.batxilleratgranes.com\/wp-content\/uploads\/2015\/12\/PB130098-650x488.jpg 650w, https:\/\/www.batxilleratgranes.com\/wp-content\/uploads\/2015\/12\/PB130098-960x720.jpg 960w, https:\/\/www.batxilleratgranes.com\/wp-content\/uploads\/2015\/12\/PB130098-1000x750.jpg 1000w\" sizes=\"(max-width: 1200px) 100vw, 1200px\" \/><\/a><\/p>\n<p><strong>Com veus el panorama teatral actual?<\/strong><\/p>\n<p style=\"text-align: justify;\">Concretament a Barcelona, \u00e9s una ciutat on cada vegada hi ha m\u00e9s companyies joves que tenen coses a dir i aix\u00f2 \u00e9s genial. Est\u00e0 clar que vivim en un moment d&#8217;expansi\u00f3 e inquietud art\u00edstica, per\u00f2 &#8220;lidiar&#8221; amb les dificultats de la professi\u00f3, amb els contractes desiguals, el 21% d&#8217;IVA cultural no sempre fa que el treball surti com vols. \u00c9s una lluita continua.<\/p>\n<p style=\"text-align: justify;\"><strong>Director de teatre i tamb\u00e9 professor d&#8217;E\u00f2lia i del Batxillerat art\u00edstic a la nostra escola, en quin paper et sents m\u00e9s c\u00f2mode?<\/strong><\/p>\n<p style=\"text-align: justify;\">La doc\u00e8ncia sempre ha sigut per a mi un gran pilar. La respecto i intento transmetre cada dia als meus alumnes la passi\u00f3 per la professi\u00f3 i que aprenguin des del plaer, fugint dels dogmes i de les prohibicions. Aquest mateix exercici intento portar-ho a terme quan pujo a un escenari o quan dirigeixo. S\u00f3n terrenys diferents, \u00e9s obvi, per\u00f2 en tots m&#8217;hi sento molt c\u00f2mode.<\/p>\n<p style=\"text-align: justify;\"><strong>Com compagines totes aquestes facetes?<\/strong><\/p>\n<p style=\"text-align: justify;\">Sacrificant algunes coses del dia a dia. A mesura que entres en el m\u00f3n professional aprens a relativitzar-ho tot. Cont\u00ednuament et veus en situacions que atabalen, que cansen, que no et permeten dormir les hores que necessites o incl\u00fas redueixes la teva vida social per a poder assajar a les nits. No \u00e9s f\u00e0cil, per\u00f2 aix\u00f2 ja es sabia d&#8217;abans.<\/p>\n<p style=\"text-align: justify;\"><strong>Qu\u00e8 li diries als joves que s&#8217;estan formant en el m\u00f3n de la interpretaci\u00f3?<\/strong><\/p>\n<p style=\"text-align: justify;\">Qu\u00e8 els hi he de dir? Per a mi el teatre ho \u00e9s tot. Que es formin, que treballin en grup, que aprenguin a escoltar i a escoltar-se a ells mateixos. Com m\u00e9s gaudeixin, m\u00e9s n&#8217;aprendran.<\/p>\n","protected":false},"excerpt":{"rendered":"<p>Actor, director i professor del\u00a0Batxillerat Art\u00edstic a Gran\u00e9s Batxillerat. David Mar\u00edn \u00e9s una persona inquieta, fascinada del m\u00f3n de la interpretaci\u00f3, i a qui la doc\u00e8ncia a la nostra escola li suposa un pilar important en la seva vida. Parlem amb ell de tot plegat. Com veus el panorama teatral actual? Concretament a Barcelona, \u00e9s&hellip;&nbsp;<a href=\"https:\/\/www.batxilleratgranes.com\/es\/david-marin-per-a-mi-el-teatre-ho-es-tot\/\" class=\"\" rel=\"bookmark\">Read More &raquo;<span class=\"screen-reader-text\">David Mar\u00edn: &#8220;Per a mi el teatre ho \u00e9s tot&#8221;<\/span><\/a><\/p>\n","protected":false},"author":5,"featured_media":5258,"comment_status":"open","ping_status":"open","sticky":false,"template":"","format":"standard","meta":{"neve_meta_sidebar":"","neve_meta_container":"","neve_meta_enable_content_width":"","neve_meta_content_width":0,"neve_meta_title_alignment":"","neve_meta_author_avatar":"","neve_post_elements_order":"","neve_meta_disable_header":"","neve_meta_disable_footer":"","neve_meta_disable_title":"","footnotes":""},"categories":[65],"tags":[117,35,47],"class_list":["post-5252","post","type-post","status-publish","format-standard","has-post-thumbnail","hentry","category-anticsalumnes","tag-a","tag-granes-batxillerat","tag-teatre"],"yoast_head":"<!-- This site is optimized with the Yoast SEO plugin v23.4 - https:\/\/yoast.com\/wordpress\/plugins\/seo\/ -->\n<title>David Mar\u00edn: &quot;Per a mi el teatre ho \u00e9s tot&quot; - Gran\u00e9s Batxillerat - Escuela especializada en Bachillerato en Barcelona<\/title>\n<meta name=\"robots\" content=\"index, follow, max-snippet:-1, max-image-preview:large, max-video-preview:-1\" \/>\n<link rel=\"canonical\" href=\"https:\/\/www.batxilleratgranes.com\/es\/david-marin-per-a-mi-el-teatre-ho-es-tot\/\" \/>\n<meta property=\"og:locale\" content=\"es_ES\" \/>\n<meta property=\"og:type\" content=\"article\" \/>\n<meta property=\"og:title\" content=\"David Mar\u00edn: &quot;Per a mi el teatre ho \u00e9s tot&quot; - Gran\u00e9s Batxillerat - Escuela especializada en Bachillerato en Barcelona\" \/>\n<meta property=\"og:description\" content=\"Actor, director i professor del\u00a0Batxillerat Art\u00edstic a Gran\u00e9s Batxillerat. David Mar\u00edn \u00e9s una persona inquieta, fascinada del m\u00f3n de la interpretaci\u00f3, i a qui la doc\u00e8ncia a la nostra escola li suposa un pilar important en la seva vida. Parlem amb ell de tot plegat. Com veus el panorama teatral actual? Concretament a Barcelona, \u00e9s&hellip;&nbsp;Read More &raquo;David Mar\u00edn: &#8220;Per a mi el teatre ho \u00e9s tot&#8221;\" \/>\n<meta property=\"og:url\" content=\"https:\/\/www.batxilleratgranes.com\/es\/david-marin-per-a-mi-el-teatre-ho-es-tot\/\" \/>\n<meta property=\"og:site_name\" content=\"Gran\u00e9s Batxillerat - Escuela especializada en Bachillerato en Barcelona\" \/>\n<meta property=\"article:published_time\" content=\"2015-12-17T14:05:27+00:00\" \/>\n<meta property=\"article:modified_time\" content=\"2015-12-17T14:14:22+00:00\" \/>\n<meta property=\"og:image\" content=\"https:\/\/www.batxilleratgranes.com\/wp-content\/uploads\/2015\/12\/PB130094-e1450361638140.jpg\" \/>\n\t<meta property=\"og:image:width\" content=\"533\" \/>\n\t<meta property=\"og:image:height\" content=\"400\" \/>\n\t<meta property=\"og:image:type\" content=\"image\/jpeg\" \/>\n<meta name=\"author\" content=\"mireia.martinez\" \/>\n<meta name=\"twitter:card\" content=\"summary_large_image\" \/>\n<meta name=\"twitter:label1\" content=\"Written by\" \/>\n\t<meta name=\"twitter:data1\" content=\"mireia.martinez\" \/>\n\t<meta name=\"twitter:label2\" content=\"Est. reading time\" \/>\n\t<meta name=\"twitter:data2\" content=\"2 minutes\" \/>\n<script type=\"application\/ld+json\" class=\"yoast-schema-graph\">{\"@context\":\"https:\/\/schema.org\",\"@graph\":[{\"@type\":\"Article\",\"@id\":\"https:\/\/www.batxilleratgranes.com\/es\/david-marin-per-a-mi-el-teatre-ho-es-tot\/#article\",\"isPartOf\":{\"@id\":\"https:\/\/www.batxilleratgranes.com\/es\/david-marin-per-a-mi-el-teatre-ho-es-tot\/\"},\"author\":{\"name\":\"mireia.martinez\",\"@id\":\"https:\/\/www.batxilleratgranes.com\/es\/#\/schema\/person\/4e10f231f79e8e2d24629e02b8283201\"},\"headline\":\"David Mar\u00edn: &#8220;Per a mi el teatre ho \u00e9s tot&#8221;\",\"datePublished\":\"2015-12-17T14:05:27+00:00\",\"dateModified\":\"2015-12-17T14:14:22+00:00\",\"mainEntityOfPage\":{\"@id\":\"https:\/\/www.batxilleratgranes.com\/es\/david-marin-per-a-mi-el-teatre-ho-es-tot\/\"},\"wordCount\":356,\"commentCount\":0,\"publisher\":{\"@id\":\"https:\/\/www.batxilleratgranes.com\/es\/#organization\"},\"image\":{\"@id\":\"https:\/\/www.batxilleratgranes.com\/es\/david-marin-per-a-mi-el-teatre-ho-es-tot\/#primaryimage\"},\"thumbnailUrl\":\"https:\/\/www.batxilleratgranes.com\/wp-content\/uploads\/2015\/12\/PB130094-e1450361638140.jpg\",\"keywords\":[\"A\",\"Gran\u00e9s Batxillerat\",\"Teatre\"],\"articleSection\":[\"Antics alumnes\"],\"inLanguage\":\"es\",\"potentialAction\":[{\"@type\":\"CommentAction\",\"name\":\"Comment\",\"target\":[\"https:\/\/www.batxilleratgranes.com\/es\/david-marin-per-a-mi-el-teatre-ho-es-tot\/#respond\"]}]},{\"@type\":\"WebPage\",\"@id\":\"https:\/\/www.batxilleratgranes.com\/es\/david-marin-per-a-mi-el-teatre-ho-es-tot\/\",\"url\":\"https:\/\/www.batxilleratgranes.com\/es\/david-marin-per-a-mi-el-teatre-ho-es-tot\/\",\"name\":\"David Mar\u00edn: \\\"Per a mi el teatre ho \u00e9s tot\\\" - Gran\u00e9s Batxillerat - Escuela especializada en Bachillerato en Barcelona\",\"isPartOf\":{\"@id\":\"https:\/\/www.batxilleratgranes.com\/es\/#website\"},\"primaryImageOfPage\":{\"@id\":\"https:\/\/www.batxilleratgranes.com\/es\/david-marin-per-a-mi-el-teatre-ho-es-tot\/#primaryimage\"},\"image\":{\"@id\":\"https:\/\/www.batxilleratgranes.com\/es\/david-marin-per-a-mi-el-teatre-ho-es-tot\/#primaryimage\"},\"thumbnailUrl\":\"https:\/\/www.batxilleratgranes.com\/wp-content\/uploads\/2015\/12\/PB130094-e1450361638140.jpg\",\"datePublished\":\"2015-12-17T14:05:27+00:00\",\"dateModified\":\"2015-12-17T14:14:22+00:00\",\"breadcrumb\":{\"@id\":\"https:\/\/www.batxilleratgranes.com\/es\/david-marin-per-a-mi-el-teatre-ho-es-tot\/#breadcrumb\"},\"inLanguage\":\"es\",\"potentialAction\":[{\"@type\":\"ReadAction\",\"target\":[\"https:\/\/www.batxilleratgranes.com\/es\/david-marin-per-a-mi-el-teatre-ho-es-tot\/\"]}]},{\"@type\":\"ImageObject\",\"inLanguage\":\"es\",\"@id\":\"https:\/\/www.batxilleratgranes.com\/es\/david-marin-per-a-mi-el-teatre-ho-es-tot\/#primaryimage\",\"url\":\"https:\/\/www.batxilleratgranes.com\/wp-content\/uploads\/2015\/12\/PB130094-e1450361638140.jpg\",\"contentUrl\":\"https:\/\/www.batxilleratgranes.com\/wp-content\/uploads\/2015\/12\/PB130094-e1450361638140.jpg\",\"width\":533,\"height\":400,\"caption\":\"Gent Gran\u00e9s, Gran\u00e9s Batxillerat\"},{\"@type\":\"BreadcrumbList\",\"@id\":\"https:\/\/www.batxilleratgranes.com\/es\/david-marin-per-a-mi-el-teatre-ho-es-tot\/#breadcrumb\",\"itemListElement\":[{\"@type\":\"ListItem\",\"position\":1,\"name\":\"Inici\",\"item\":\"https:\/\/www.batxilleratgranes.com\/es\/\"},{\"@type\":\"ListItem\",\"position\":2,\"name\":\"David Mar\u00edn: &#8220;Per a mi el teatre ho \u00e9s tot&#8221;\"}]},{\"@type\":\"WebSite\",\"@id\":\"https:\/\/www.batxilleratgranes.com\/es\/#website\",\"url\":\"https:\/\/www.batxilleratgranes.com\/es\/\",\"name\":\"Gran\u00e9s Batxillerat - Escuela especializada en Bachillerato en Barcelona\",\"description\":\"Escola especialitzada en Batxillerat a Barcelona\",\"publisher\":{\"@id\":\"https:\/\/www.batxilleratgranes.com\/es\/#organization\"},\"potentialAction\":[{\"@type\":\"SearchAction\",\"target\":{\"@type\":\"EntryPoint\",\"urlTemplate\":\"https:\/\/www.batxilleratgranes.com\/es\/?s={search_term_string}\"},\"query-input\":{\"@type\":\"PropertyValueSpecification\",\"valueRequired\":true,\"valueName\":\"search_term_string\"}}],\"inLanguage\":\"es\"},{\"@type\":\"Organization\",\"@id\":\"https:\/\/www.batxilleratgranes.com\/es\/#organization\",\"name\":\"Gran\u00e9s Batxillerat - Escuela especializada en Bachillerato en Barcelona\",\"url\":\"https:\/\/www.batxilleratgranes.com\/es\/\",\"logo\":{\"@type\":\"ImageObject\",\"inLanguage\":\"es\",\"@id\":\"https:\/\/www.batxilleratgranes.com\/es\/#\/schema\/logo\/image\/\",\"url\":\"https:\/\/www.batxilleratgranes.com\/wp-content\/uploads\/2013\/01\/granes1.png\",\"contentUrl\":\"https:\/\/www.batxilleratgranes.com\/wp-content\/uploads\/2013\/01\/granes1.png\",\"width\":292,\"height\":85,\"caption\":\"Gran\u00e9s Batxillerat - Escuela especializada en Bachillerato en Barcelona\"},\"image\":{\"@id\":\"https:\/\/www.batxilleratgranes.com\/es\/#\/schema\/logo\/image\/\"}},{\"@type\":\"Person\",\"@id\":\"https:\/\/www.batxilleratgranes.com\/es\/#\/schema\/person\/4e10f231f79e8e2d24629e02b8283201\",\"name\":\"mireia.martinez\",\"image\":{\"@type\":\"ImageObject\",\"inLanguage\":\"es\",\"@id\":\"https:\/\/www.batxilleratgranes.com\/es\/#\/schema\/person\/image\/\",\"url\":\"https:\/\/secure.gravatar.com\/avatar\/8c952e346979fb1eaf89bbc4dfda29f0?s=96&d=mm&r=g\",\"contentUrl\":\"https:\/\/secure.gravatar.com\/avatar\/8c952e346979fb1eaf89bbc4dfda29f0?s=96&d=mm&r=g\",\"caption\":\"mireia.martinez\"},\"url\":\"https:\/\/www.batxilleratgranes.com\/es\/author\/mireia-martinez\/\"}]}<\/script>\n<!-- \/ Yoast SEO plugin. -->","yoast_head_json":{"title":"David Mar\u00edn: \"Per a mi el teatre ho \u00e9s tot\" - Gran\u00e9s Batxillerat - Escuela especializada en Bachillerato en Barcelona","robots":{"index":"index","follow":"follow","max-snippet":"max-snippet:-1","max-image-preview":"max-image-preview:large","max-video-preview":"max-video-preview:-1"},"canonical":"https:\/\/www.batxilleratgranes.com\/es\/david-marin-per-a-mi-el-teatre-ho-es-tot\/","og_locale":"es_ES","og_type":"article","og_title":"David Mar\u00edn: \"Per a mi el teatre ho \u00e9s tot\" - Gran\u00e9s Batxillerat - Escuela especializada en Bachillerato en Barcelona","og_description":"Actor, director i professor del\u00a0Batxillerat Art\u00edstic a Gran\u00e9s Batxillerat. David Mar\u00edn \u00e9s una persona inquieta, fascinada del m\u00f3n de la interpretaci\u00f3, i a qui la doc\u00e8ncia a la nostra escola li suposa un pilar important en la seva vida. Parlem amb ell de tot plegat. Com veus el panorama teatral actual? Concretament a Barcelona, \u00e9s&hellip;&nbsp;Read More &raquo;David Mar\u00edn: &#8220;Per a mi el teatre ho \u00e9s tot&#8221;","og_url":"https:\/\/www.batxilleratgranes.com\/es\/david-marin-per-a-mi-el-teatre-ho-es-tot\/","og_site_name":"Gran\u00e9s Batxillerat - Escuela especializada en Bachillerato en Barcelona","article_published_time":"2015-12-17T14:05:27+00:00","article_modified_time":"2015-12-17T14:14:22+00:00","og_image":[{"width":533,"height":400,"url":"https:\/\/www.batxilleratgranes.com\/wp-content\/uploads\/2015\/12\/PB130094-e1450361638140.jpg","type":"image\/jpeg"}],"author":"mireia.martinez","twitter_card":"summary_large_image","twitter_misc":{"Written by":"mireia.martinez","Est. reading time":"2 minutes"},"schema":{"@context":"https:\/\/schema.org","@graph":[{"@type":"Article","@id":"https:\/\/www.batxilleratgranes.com\/es\/david-marin-per-a-mi-el-teatre-ho-es-tot\/#article","isPartOf":{"@id":"https:\/\/www.batxilleratgranes.com\/es\/david-marin-per-a-mi-el-teatre-ho-es-tot\/"},"author":{"name":"mireia.martinez","@id":"https:\/\/www.batxilleratgranes.com\/es\/#\/schema\/person\/4e10f231f79e8e2d24629e02b8283201"},"headline":"David Mar\u00edn: &#8220;Per a mi el teatre ho \u00e9s tot&#8221;","datePublished":"2015-12-17T14:05:27+00:00","dateModified":"2015-12-17T14:14:22+00:00","mainEntityOfPage":{"@id":"https:\/\/www.batxilleratgranes.com\/es\/david-marin-per-a-mi-el-teatre-ho-es-tot\/"},"wordCount":356,"commentCount":0,"publisher":{"@id":"https:\/\/www.batxilleratgranes.com\/es\/#organization"},"image":{"@id":"https:\/\/www.batxilleratgranes.com\/es\/david-marin-per-a-mi-el-teatre-ho-es-tot\/#primaryimage"},"thumbnailUrl":"https:\/\/www.batxilleratgranes.com\/wp-content\/uploads\/2015\/12\/PB130094-e1450361638140.jpg","keywords":["A","Gran\u00e9s Batxillerat","Teatre"],"articleSection":["Antics alumnes"],"inLanguage":"es","potentialAction":[{"@type":"CommentAction","name":"Comment","target":["https:\/\/www.batxilleratgranes.com\/es\/david-marin-per-a-mi-el-teatre-ho-es-tot\/#respond"]}]},{"@type":"WebPage","@id":"https:\/\/www.batxilleratgranes.com\/es\/david-marin-per-a-mi-el-teatre-ho-es-tot\/","url":"https:\/\/www.batxilleratgranes.com\/es\/david-marin-per-a-mi-el-teatre-ho-es-tot\/","name":"David Mar\u00edn: \"Per a mi el teatre ho \u00e9s tot\" - Gran\u00e9s Batxillerat - Escuela especializada en Bachillerato en Barcelona","isPartOf":{"@id":"https:\/\/www.batxilleratgranes.com\/es\/#website"},"primaryImageOfPage":{"@id":"https:\/\/www.batxilleratgranes.com\/es\/david-marin-per-a-mi-el-teatre-ho-es-tot\/#primaryimage"},"image":{"@id":"https:\/\/www.batxilleratgranes.com\/es\/david-marin-per-a-mi-el-teatre-ho-es-tot\/#primaryimage"},"thumbnailUrl":"https:\/\/www.batxilleratgranes.com\/wp-content\/uploads\/2015\/12\/PB130094-e1450361638140.jpg","datePublished":"2015-12-17T14:05:27+00:00","dateModified":"2015-12-17T14:14:22+00:00","breadcrumb":{"@id":"https:\/\/www.batxilleratgranes.com\/es\/david-marin-per-a-mi-el-teatre-ho-es-tot\/#breadcrumb"},"inLanguage":"es","potentialAction":[{"@type":"ReadAction","target":["https:\/\/www.batxilleratgranes.com\/es\/david-marin-per-a-mi-el-teatre-ho-es-tot\/"]}]},{"@type":"ImageObject","inLanguage":"es","@id":"https:\/\/www.batxilleratgranes.com\/es\/david-marin-per-a-mi-el-teatre-ho-es-tot\/#primaryimage","url":"https:\/\/www.batxilleratgranes.com\/wp-content\/uploads\/2015\/12\/PB130094-e1450361638140.jpg","contentUrl":"https:\/\/www.batxilleratgranes.com\/wp-content\/uploads\/2015\/12\/PB130094-e1450361638140.jpg","width":533,"height":400,"caption":"Gent Gran\u00e9s, Gran\u00e9s Batxillerat"},{"@type":"BreadcrumbList","@id":"https:\/\/www.batxilleratgranes.com\/es\/david-marin-per-a-mi-el-teatre-ho-es-tot\/#breadcrumb","itemListElement":[{"@type":"ListItem","position":1,"name":"Inici","item":"https:\/\/www.batxilleratgranes.com\/es\/"},{"@type":"ListItem","position":2,"name":"David Mar\u00edn: &#8220;Per a mi el teatre ho \u00e9s tot&#8221;"}]},{"@type":"WebSite","@id":"https:\/\/www.batxilleratgranes.com\/es\/#website","url":"https:\/\/www.batxilleratgranes.com\/es\/","name":"Gran\u00e9s Batxillerat - Escuela especializada en Bachillerato en Barcelona","description":"Escola especialitzada en Batxillerat a Barcelona","publisher":{"@id":"https:\/\/www.batxilleratgranes.com\/es\/#organization"},"potentialAction":[{"@type":"SearchAction","target":{"@type":"EntryPoint","urlTemplate":"https:\/\/www.batxilleratgranes.com\/es\/?s={search_term_string}"},"query-input":{"@type":"PropertyValueSpecification","valueRequired":true,"valueName":"search_term_string"}}],"inLanguage":"es"},{"@type":"Organization","@id":"https:\/\/www.batxilleratgranes.com\/es\/#organization","name":"Gran\u00e9s Batxillerat - Escuela especializada en Bachillerato en Barcelona","url":"https:\/\/www.batxilleratgranes.com\/es\/","logo":{"@type":"ImageObject","inLanguage":"es","@id":"https:\/\/www.batxilleratgranes.com\/es\/#\/schema\/logo\/image\/","url":"https:\/\/www.batxilleratgranes.com\/wp-content\/uploads\/2013\/01\/granes1.png","contentUrl":"https:\/\/www.batxilleratgranes.com\/wp-content\/uploads\/2013\/01\/granes1.png","width":292,"height":85,"caption":"Gran\u00e9s Batxillerat - Escuela especializada en Bachillerato en Barcelona"},"image":{"@id":"https:\/\/www.batxilleratgranes.com\/es\/#\/schema\/logo\/image\/"}},{"@type":"Person","@id":"https:\/\/www.batxilleratgranes.com\/es\/#\/schema\/person\/4e10f231f79e8e2d24629e02b8283201","name":"mireia.martinez","image":{"@type":"ImageObject","inLanguage":"es","@id":"https:\/\/www.batxilleratgranes.com\/es\/#\/schema\/person\/image\/","url":"https:\/\/secure.gravatar.com\/avatar\/8c952e346979fb1eaf89bbc4dfda29f0?s=96&d=mm&r=g","contentUrl":"https:\/\/secure.gravatar.com\/avatar\/8c952e346979fb1eaf89bbc4dfda29f0?s=96&d=mm&r=g","caption":"mireia.martinez"},"url":"https:\/\/www.batxilleratgranes.com\/es\/author\/mireia-martinez\/"}]}},"_links":{"self":[{"href":"https:\/\/www.batxilleratgranes.com\/es\/wp-json\/wp\/v2\/posts\/5252"}],"collection":[{"href":"https:\/\/www.batxilleratgranes.com\/es\/wp-json\/wp\/v2\/posts"}],"about":[{"href":"https:\/\/www.batxilleratgranes.com\/es\/wp-json\/wp\/v2\/types\/post"}],"author":[{"embeddable":true,"href":"https:\/\/www.batxilleratgranes.com\/es\/wp-json\/wp\/v2\/users\/5"}],"replies":[{"embeddable":true,"href":"https:\/\/www.batxilleratgranes.com\/es\/wp-json\/wp\/v2\/comments?post=5252"}],"version-history":[{"count":1,"href":"https:\/\/www.batxilleratgranes.com\/es\/wp-json\/wp\/v2\/posts\/5252\/revisions"}],"predecessor-version":[{"id":5256,"href":"https:\/\/www.batxilleratgranes.com\/es\/wp-json\/wp\/v2\/posts\/5252\/revisions\/5256"}],"wp:featuredmedia":[{"embeddable":true,"href":"https:\/\/www.batxilleratgranes.com\/es\/wp-json\/wp\/v2\/media\/5258"}],"wp:attachment":[{"href":"https:\/\/www.batxilleratgranes.com\/es\/wp-json\/wp\/v2\/media?parent=5252"}],"wp:term":[{"taxonomy":"category","embeddable":true,"href":"https:\/\/www.batxilleratgranes.com\/es\/wp-json\/wp\/v2\/categories?post=5252"},{"taxonomy":"post_tag","embeddable":true,"href":"https:\/\/www.batxilleratgranes.com\/es\/wp-json\/wp\/v2\/tags?post=5252"}],"curies":[{"name":"wp","href":"https:\/\/api.w.org\/{rel}","templated":true}]}}