{"id":5447,"date":"2016-02-05T13:48:44","date_gmt":"2016-02-05T13:48:44","guid":{"rendered":"http:\/\/www.batxilleratgranes.com\/?p=5447"},"modified":"2016-02-05T13:48:44","modified_gmt":"2016-02-05T13:48:44","slug":"el-carnestoltes-ja-ha-arribat","status":"publish","type":"post","link":"https:\/\/www.batxilleratgranes.com\/es\/el-carnestoltes-ja-ha-arribat\/","title":{"rendered":"El carnestoltes ja ha arribat!"},"content":{"rendered":"<p>Avui, a la nostra cita cultural dels divendres, hem de parlar irremeiablement de la festa m\u00e9s esbojarrada de l&#8217;any: el <strong>carnestoltes<\/strong>. I \u00e9s que s\u00f3n molt\u00edssimes les activitats d&#8217;oci que s&#8217;organitzen arreu entorn d&#8217;aquesta celebraci\u00f3. <strong>Rues<\/strong>, <strong>balls de m\u00e0scares, disfresses\u00a0<\/strong>i tot tipus de <strong>gresca<\/strong> de per gaudir aquest cap de setmana del carnestoltes aquest cap de setmana all\u00e0 on sigueu. Per\u00f2, sabeu l&#8217;origen d&#8217;aquesta festa? Voleu saber qu\u00e8 se celebra exactament? Doncs seguiu llegint&#8230;<\/p>\n<p><a href=\"http:\/\/www.batxilleratgranes.com\/wp-content\/uploads\/2016\/02\/Carnestoltes-1.jpg\"><img loading=\"lazy\" decoding=\"async\" width=\"1200\" height=\"600\" class=\"alignnone size-full wp-image-5448\" src=\"http:\/\/www.batxilleratgranes.com\/wp-content\/uploads\/2016\/02\/Carnestoltes-1.jpg\" alt=\"Carnestoltes 2016\" srcset=\"https:\/\/www.batxilleratgranes.com\/wp-content\/uploads\/2016\/02\/Carnestoltes-1.jpg 1200w, https:\/\/www.batxilleratgranes.com\/wp-content\/uploads\/2016\/02\/Carnestoltes-1-300x150.jpg 300w, https:\/\/www.batxilleratgranes.com\/wp-content\/uploads\/2016\/02\/Carnestoltes-1-1024x512.jpg 1024w, https:\/\/www.batxilleratgranes.com\/wp-content\/uploads\/2016\/02\/Carnestoltes-1-650x325.jpg 650w, https:\/\/www.batxilleratgranes.com\/wp-content\/uploads\/2016\/02\/Carnestoltes-1-960x480.jpg 960w, https:\/\/www.batxilleratgranes.com\/wp-content\/uploads\/2016\/02\/Carnestoltes-1-1000x500.jpg 1000w\" sizes=\"(max-width: 1200px) 100vw, 1200px\" \/><\/a><\/p>\n<p style=\"text-align: justify;\">El carnestoltes \u00e9s una celebraci\u00f3 caracteritzada per una certa\u00a0permissivitat i descontrol. La seva celebraci\u00f3 va lligada a la data de celebraci\u00f3 de la <strong>Setmana Santa<\/strong> i es va movent entre els mesos de febrer i mar\u00e7. Per ajustar el dia hem de buscar la primera lluna plena despr\u00e9s de l&#8217;equinocci de primavera. El diumenge de la setmana anterior ser\u00e0 Diumenge de Rams i, si comptem 40 dies enrera, arribarem al <strong>Dimecres de Cendra<\/strong>, que correspon al primer dia de la quaresma i l&#8217;\u00faltim dia de carnestoltes.<\/p>\n<p style=\"text-align: justify;\"><a href=\"http:\/\/www.batxilleratgranes.com\/wp-content\/uploads\/2016\/02\/carnival-292034_1920.jpg\"><img loading=\"lazy\" decoding=\"async\" width=\"803\" height=\"1200\" class=\"alignnone size-full wp-image-5449\" src=\"http:\/\/www.batxilleratgranes.com\/wp-content\/uploads\/2016\/02\/carnival-292034_1920.jpg\" alt=\"Carnestoltes 2016\" srcset=\"https:\/\/www.batxilleratgranes.com\/wp-content\/uploads\/2016\/02\/carnival-292034_1920.jpg 803w, https:\/\/www.batxilleratgranes.com\/wp-content\/uploads\/2016\/02\/carnival-292034_1920-201x300.jpg 201w, https:\/\/www.batxilleratgranes.com\/wp-content\/uploads\/2016\/02\/carnival-292034_1920-685x1024.jpg 685w, https:\/\/www.batxilleratgranes.com\/wp-content\/uploads\/2016\/02\/carnival-292034_1920-650x971.jpg 650w\" sizes=\"(max-width: 803px) 100vw, 803px\" \/><\/a><\/p>\n<p style=\"text-align: justify;\">Alguns historiadors daten els <strong>origens<\/strong> d&#8217;aquesta festivitat a fa m\u00e9s de <strong>5.000 anys<\/strong>, a les antigues Sumeria i Egipte. Es creu que era probablement \u00a0una festa pagana, com les que realitzaven per exemple en honor a Baco, el deu del vi. Tamb\u00e9 es feien celebracions molt semblants a l&#8217;\u00e8poca de l&#8217;<strong>Imperi Rom\u00e0<\/strong>, expanent-se cap a Europa i Am\u00e8rica despr\u00e9s a trav\u00e9s dels navegants espanyols i portuguesos del segle XV. Tot\u00a0i aix\u00f2, les \u00a0proves escrites de l&#8217;exist\u00e8ncia del carnestoltes tal i com el coneixem ara daten del <strong>segle VII<\/strong>. Un cert sentit del pudor propi de la religi\u00f3 feia que tots els qui participaven en aquesta desfilada\u00a0s&#8217;amaguessin darrera de <strong>m\u00e0scares i disfresses.<\/strong><\/p>\n<p><strong>Rio de Janeiro i Ven\u00e8cia<\/strong><\/p>\n<p style=\"text-align: justify;\">El carnestoltes m\u00e9s gran del m\u00f3n \u00e9s sens dubte el de Rio de Janeiro. All\u00e0, s&#8217;han creat espais espec\u00edfics i de gran capacitat com els samb\u00f2droms per aplegar totes aquestes desfilades. Altres indrets com <strong>Santa Cruz de Tenerife<\/strong>, <strong>Cadis<\/strong> o <strong>Barranquilla<\/strong>, a Col\u00f2mbia, compten amb carnestoltes internacionalment famosos. El carnestoltes de Ven\u00e8cia, per la seva bellesa i pel fet d&#8217;estar empla\u00e7at en un entorn de canals inigualable, \u00e9s tamb\u00e9 un dels m\u00e9s medi\u00e0tics.<\/p>\n<p style=\"text-align: justify;\"><a href=\"http:\/\/www.batxilleratgranes.com\/wp-content\/uploads\/2016\/02\/Carnestoltes-21.jpg\"><img loading=\"lazy\" decoding=\"async\" width=\"1200\" height=\"600\" class=\"alignnone size-full wp-image-5451\" src=\"http:\/\/www.batxilleratgranes.com\/wp-content\/uploads\/2016\/02\/Carnestoltes-21.jpg\" alt=\"Carnestoltes 2016\" srcset=\"https:\/\/www.batxilleratgranes.com\/wp-content\/uploads\/2016\/02\/Carnestoltes-21.jpg 1200w, https:\/\/www.batxilleratgranes.com\/wp-content\/uploads\/2016\/02\/Carnestoltes-21-300x150.jpg 300w, https:\/\/www.batxilleratgranes.com\/wp-content\/uploads\/2016\/02\/Carnestoltes-21-1024x512.jpg 1024w, https:\/\/www.batxilleratgranes.com\/wp-content\/uploads\/2016\/02\/Carnestoltes-21-650x325.jpg 650w, https:\/\/www.batxilleratgranes.com\/wp-content\/uploads\/2016\/02\/Carnestoltes-21-960x480.jpg 960w, https:\/\/www.batxilleratgranes.com\/wp-content\/uploads\/2016\/02\/Carnestoltes-21-1000x500.jpg 1000w\" sizes=\"(max-width: 1200px) 100vw, 1200px\" \/><\/a><\/p>\n<h2 style=\"text-align: center;\">I vosaltres, qu\u00e8 fareu per carnestoltes? Us disfressareu?<\/h2>\n<div class=\"thumbcaption\"><\/div>\n<div class=\"container\"><\/div>\n","protected":false},"excerpt":{"rendered":"<p>Avui, a la nostra cita cultural dels divendres, hem de parlar irremeiablement de la festa m\u00e9s esbojarrada de l&#8217;any: el carnestoltes. I \u00e9s que s\u00f3n molt\u00edssimes les activitats d&#8217;oci que s&#8217;organitzen arreu entorn d&#8217;aquesta celebraci\u00f3. Rues, balls de m\u00e0scares, disfresses\u00a0i tot tipus de gresca de per gaudir aquest cap de setmana del carnestoltes aquest cap&hellip;&nbsp;<a href=\"https:\/\/www.batxilleratgranes.com\/es\/el-carnestoltes-ja-ha-arribat\/\" class=\"\" rel=\"bookmark\">Read More &raquo;<span class=\"screen-reader-text\">El carnestoltes ja ha arribat!<\/span><\/a><\/p>\n","protected":false},"author":5,"featured_media":5452,"comment_status":"open","ping_status":"open","sticky":false,"template":"","format":"standard","meta":{"neve_meta_sidebar":"","neve_meta_container":"","neve_meta_enable_content_width":"","neve_meta_content_width":0,"neve_meta_title_alignment":"","neve_meta_author_avatar":"","neve_post_elements_order":"","neve_meta_disable_header":"","neve_meta_disable_footer":"","neve_meta_disable_title":"","footnotes":""},"categories":[135],"tags":[160,162,161],"class_list":["post-5447","post","type-post","status-publish","format-standard","has-post-thumbnail","hentry","category-agenda-cultural","tag-carnestoltes","tag-festes","tag-mascares"],"yoast_head":"<!-- This site is optimized with the Yoast SEO plugin v23.4 - https:\/\/yoast.com\/wordpress\/plugins\/seo\/ -->\n<title>El carnestoltes ja ha arribat! - Gran\u00e9s Batxillerat - Escuela especializada en Bachillerato en Barcelona<\/title>\n<meta name=\"robots\" content=\"index, follow, max-snippet:-1, max-image-preview:large, max-video-preview:-1\" \/>\n<link rel=\"canonical\" href=\"https:\/\/www.batxilleratgranes.com\/es\/el-carnestoltes-ja-ha-arribat\/\" \/>\n<meta property=\"og:locale\" content=\"es_ES\" \/>\n<meta property=\"og:type\" content=\"article\" \/>\n<meta property=\"og:title\" content=\"El carnestoltes ja ha arribat! - Gran\u00e9s Batxillerat - Escuela especializada en Bachillerato en Barcelona\" \/>\n<meta property=\"og:description\" content=\"Avui, a la nostra cita cultural dels divendres, hem de parlar irremeiablement de la festa m\u00e9s esbojarrada de l&#8217;any: el carnestoltes. I \u00e9s que s\u00f3n molt\u00edssimes les activitats d&#8217;oci que s&#8217;organitzen arreu entorn d&#8217;aquesta celebraci\u00f3. Rues, balls de m\u00e0scares, disfresses\u00a0i tot tipus de gresca de per gaudir aquest cap de setmana del carnestoltes aquest cap&hellip;&nbsp;Read More &raquo;El carnestoltes ja ha arribat!\" \/>\n<meta property=\"og:url\" content=\"https:\/\/www.batxilleratgranes.com\/es\/el-carnestoltes-ja-ha-arribat\/\" \/>\n<meta property=\"og:site_name\" content=\"Gran\u00e9s Batxillerat - Escuela especializada en Bachillerato en Barcelona\" \/>\n<meta property=\"article:published_time\" content=\"2016-02-05T13:48:44+00:00\" \/>\n<meta property=\"og:image\" content=\"https:\/\/www.batxilleratgranes.com\/wp-content\/uploads\/2016\/02\/mask-1155808_1280-e1454679885704.jpg\" \/>\n\t<meta property=\"og:image:width\" content=\"700\" \/>\n\t<meta property=\"og:image:height\" content=\"467\" \/>\n\t<meta property=\"og:image:type\" content=\"image\/jpeg\" \/>\n<meta name=\"author\" content=\"mireia.martinez\" \/>\n<meta name=\"twitter:card\" content=\"summary_large_image\" \/>\n<meta name=\"twitter:label1\" content=\"Written by\" \/>\n\t<meta name=\"twitter:data1\" content=\"mireia.martinez\" \/>\n\t<meta name=\"twitter:label2\" content=\"Est. reading time\" \/>\n\t<meta name=\"twitter:data2\" content=\"2 minutes\" \/>\n<script type=\"application\/ld+json\" class=\"yoast-schema-graph\">{\"@context\":\"https:\/\/schema.org\",\"@graph\":[{\"@type\":\"Article\",\"@id\":\"https:\/\/www.batxilleratgranes.com\/es\/el-carnestoltes-ja-ha-arribat\/#article\",\"isPartOf\":{\"@id\":\"https:\/\/www.batxilleratgranes.com\/es\/el-carnestoltes-ja-ha-arribat\/\"},\"author\":{\"name\":\"mireia.martinez\",\"@id\":\"https:\/\/www.batxilleratgranes.com\/es\/#\/schema\/person\/4e10f231f79e8e2d24629e02b8283201\"},\"headline\":\"El carnestoltes ja ha arribat!\",\"datePublished\":\"2016-02-05T13:48:44+00:00\",\"dateModified\":\"2016-02-05T13:48:44+00:00\",\"mainEntityOfPage\":{\"@id\":\"https:\/\/www.batxilleratgranes.com\/es\/el-carnestoltes-ja-ha-arribat\/\"},\"wordCount\":400,\"commentCount\":0,\"publisher\":{\"@id\":\"https:\/\/www.batxilleratgranes.com\/es\/#organization\"},\"image\":{\"@id\":\"https:\/\/www.batxilleratgranes.com\/es\/el-carnestoltes-ja-ha-arribat\/#primaryimage\"},\"thumbnailUrl\":\"https:\/\/www.batxilleratgranes.com\/wp-content\/uploads\/2016\/02\/mask-1155808_1280-e1454679885704.jpg\",\"keywords\":[\"Carnestoltes\",\"Festes\",\"M\u00e0scares\"],\"articleSection\":[\"Agenda Cultural\"],\"inLanguage\":\"es\",\"potentialAction\":[{\"@type\":\"CommentAction\",\"name\":\"Comment\",\"target\":[\"https:\/\/www.batxilleratgranes.com\/es\/el-carnestoltes-ja-ha-arribat\/#respond\"]}]},{\"@type\":\"WebPage\",\"@id\":\"https:\/\/www.batxilleratgranes.com\/es\/el-carnestoltes-ja-ha-arribat\/\",\"url\":\"https:\/\/www.batxilleratgranes.com\/es\/el-carnestoltes-ja-ha-arribat\/\",\"name\":\"El carnestoltes ja ha arribat! - Gran\u00e9s Batxillerat - Escuela especializada en Bachillerato en Barcelona\",\"isPartOf\":{\"@id\":\"https:\/\/www.batxilleratgranes.com\/es\/#website\"},\"primaryImageOfPage\":{\"@id\":\"https:\/\/www.batxilleratgranes.com\/es\/el-carnestoltes-ja-ha-arribat\/#primaryimage\"},\"image\":{\"@id\":\"https:\/\/www.batxilleratgranes.com\/es\/el-carnestoltes-ja-ha-arribat\/#primaryimage\"},\"thumbnailUrl\":\"https:\/\/www.batxilleratgranes.com\/wp-content\/uploads\/2016\/02\/mask-1155808_1280-e1454679885704.jpg\",\"datePublished\":\"2016-02-05T13:48:44+00:00\",\"dateModified\":\"2016-02-05T13:48:44+00:00\",\"breadcrumb\":{\"@id\":\"https:\/\/www.batxilleratgranes.com\/es\/el-carnestoltes-ja-ha-arribat\/#breadcrumb\"},\"inLanguage\":\"es\",\"potentialAction\":[{\"@type\":\"ReadAction\",\"target\":[\"https:\/\/www.batxilleratgranes.com\/es\/el-carnestoltes-ja-ha-arribat\/\"]}]},{\"@type\":\"ImageObject\",\"inLanguage\":\"es\",\"@id\":\"https:\/\/www.batxilleratgranes.com\/es\/el-carnestoltes-ja-ha-arribat\/#primaryimage\",\"url\":\"https:\/\/www.batxilleratgranes.com\/wp-content\/uploads\/2016\/02\/mask-1155808_1280-e1454679885704.jpg\",\"contentUrl\":\"https:\/\/www.batxilleratgranes.com\/wp-content\/uploads\/2016\/02\/mask-1155808_1280-e1454679885704.jpg\",\"width\":700,\"height\":467},{\"@type\":\"BreadcrumbList\",\"@id\":\"https:\/\/www.batxilleratgranes.com\/es\/el-carnestoltes-ja-ha-arribat\/#breadcrumb\",\"itemListElement\":[{\"@type\":\"ListItem\",\"position\":1,\"name\":\"Inici\",\"item\":\"https:\/\/www.batxilleratgranes.com\/es\/\"},{\"@type\":\"ListItem\",\"position\":2,\"name\":\"El carnestoltes ja ha arribat!\"}]},{\"@type\":\"WebSite\",\"@id\":\"https:\/\/www.batxilleratgranes.com\/es\/#website\",\"url\":\"https:\/\/www.batxilleratgranes.com\/es\/\",\"name\":\"Gran\u00e9s Batxillerat - Escuela especializada en Bachillerato en Barcelona\",\"description\":\"Escola especialitzada en Batxillerat a Barcelona\",\"publisher\":{\"@id\":\"https:\/\/www.batxilleratgranes.com\/es\/#organization\"},\"potentialAction\":[{\"@type\":\"SearchAction\",\"target\":{\"@type\":\"EntryPoint\",\"urlTemplate\":\"https:\/\/www.batxilleratgranes.com\/es\/?s={search_term_string}\"},\"query-input\":{\"@type\":\"PropertyValueSpecification\",\"valueRequired\":true,\"valueName\":\"search_term_string\"}}],\"inLanguage\":\"es\"},{\"@type\":\"Organization\",\"@id\":\"https:\/\/www.batxilleratgranes.com\/es\/#organization\",\"name\":\"Gran\u00e9s Batxillerat - Escuela especializada en Bachillerato en Barcelona\",\"url\":\"https:\/\/www.batxilleratgranes.com\/es\/\",\"logo\":{\"@type\":\"ImageObject\",\"inLanguage\":\"es\",\"@id\":\"https:\/\/www.batxilleratgranes.com\/es\/#\/schema\/logo\/image\/\",\"url\":\"https:\/\/www.batxilleratgranes.com\/wp-content\/uploads\/2013\/01\/granes1.png\",\"contentUrl\":\"https:\/\/www.batxilleratgranes.com\/wp-content\/uploads\/2013\/01\/granes1.png\",\"width\":292,\"height\":85,\"caption\":\"Gran\u00e9s Batxillerat - Escuela especializada en Bachillerato en Barcelona\"},\"image\":{\"@id\":\"https:\/\/www.batxilleratgranes.com\/es\/#\/schema\/logo\/image\/\"}},{\"@type\":\"Person\",\"@id\":\"https:\/\/www.batxilleratgranes.com\/es\/#\/schema\/person\/4e10f231f79e8e2d24629e02b8283201\",\"name\":\"mireia.martinez\",\"image\":{\"@type\":\"ImageObject\",\"inLanguage\":\"es\",\"@id\":\"https:\/\/www.batxilleratgranes.com\/es\/#\/schema\/person\/image\/\",\"url\":\"https:\/\/secure.gravatar.com\/avatar\/8c952e346979fb1eaf89bbc4dfda29f0?s=96&d=mm&r=g\",\"contentUrl\":\"https:\/\/secure.gravatar.com\/avatar\/8c952e346979fb1eaf89bbc4dfda29f0?s=96&d=mm&r=g\",\"caption\":\"mireia.martinez\"},\"url\":\"https:\/\/www.batxilleratgranes.com\/es\/author\/mireia-martinez\/\"}]}<\/script>\n<!-- \/ Yoast SEO plugin. -->","yoast_head_json":{"title":"El carnestoltes ja ha arribat! - Gran\u00e9s Batxillerat - Escuela especializada en Bachillerato en Barcelona","robots":{"index":"index","follow":"follow","max-snippet":"max-snippet:-1","max-image-preview":"max-image-preview:large","max-video-preview":"max-video-preview:-1"},"canonical":"https:\/\/www.batxilleratgranes.com\/es\/el-carnestoltes-ja-ha-arribat\/","og_locale":"es_ES","og_type":"article","og_title":"El carnestoltes ja ha arribat! - Gran\u00e9s Batxillerat - Escuela especializada en Bachillerato en Barcelona","og_description":"Avui, a la nostra cita cultural dels divendres, hem de parlar irremeiablement de la festa m\u00e9s esbojarrada de l&#8217;any: el carnestoltes. I \u00e9s que s\u00f3n molt\u00edssimes les activitats d&#8217;oci que s&#8217;organitzen arreu entorn d&#8217;aquesta celebraci\u00f3. Rues, balls de m\u00e0scares, disfresses\u00a0i tot tipus de gresca de per gaudir aquest cap de setmana del carnestoltes aquest cap&hellip;&nbsp;Read More &raquo;El carnestoltes ja ha arribat!","og_url":"https:\/\/www.batxilleratgranes.com\/es\/el-carnestoltes-ja-ha-arribat\/","og_site_name":"Gran\u00e9s Batxillerat - Escuela especializada en Bachillerato en Barcelona","article_published_time":"2016-02-05T13:48:44+00:00","og_image":[{"width":700,"height":467,"url":"https:\/\/www.batxilleratgranes.com\/wp-content\/uploads\/2016\/02\/mask-1155808_1280-e1454679885704.jpg","type":"image\/jpeg"}],"author":"mireia.martinez","twitter_card":"summary_large_image","twitter_misc":{"Written by":"mireia.martinez","Est. reading time":"2 minutes"},"schema":{"@context":"https:\/\/schema.org","@graph":[{"@type":"Article","@id":"https:\/\/www.batxilleratgranes.com\/es\/el-carnestoltes-ja-ha-arribat\/#article","isPartOf":{"@id":"https:\/\/www.batxilleratgranes.com\/es\/el-carnestoltes-ja-ha-arribat\/"},"author":{"name":"mireia.martinez","@id":"https:\/\/www.batxilleratgranes.com\/es\/#\/schema\/person\/4e10f231f79e8e2d24629e02b8283201"},"headline":"El carnestoltes ja ha arribat!","datePublished":"2016-02-05T13:48:44+00:00","dateModified":"2016-02-05T13:48:44+00:00","mainEntityOfPage":{"@id":"https:\/\/www.batxilleratgranes.com\/es\/el-carnestoltes-ja-ha-arribat\/"},"wordCount":400,"commentCount":0,"publisher":{"@id":"https:\/\/www.batxilleratgranes.com\/es\/#organization"},"image":{"@id":"https:\/\/www.batxilleratgranes.com\/es\/el-carnestoltes-ja-ha-arribat\/#primaryimage"},"thumbnailUrl":"https:\/\/www.batxilleratgranes.com\/wp-content\/uploads\/2016\/02\/mask-1155808_1280-e1454679885704.jpg","keywords":["Carnestoltes","Festes","M\u00e0scares"],"articleSection":["Agenda Cultural"],"inLanguage":"es","potentialAction":[{"@type":"CommentAction","name":"Comment","target":["https:\/\/www.batxilleratgranes.com\/es\/el-carnestoltes-ja-ha-arribat\/#respond"]}]},{"@type":"WebPage","@id":"https:\/\/www.batxilleratgranes.com\/es\/el-carnestoltes-ja-ha-arribat\/","url":"https:\/\/www.batxilleratgranes.com\/es\/el-carnestoltes-ja-ha-arribat\/","name":"El carnestoltes ja ha arribat! - Gran\u00e9s Batxillerat - Escuela especializada en Bachillerato en Barcelona","isPartOf":{"@id":"https:\/\/www.batxilleratgranes.com\/es\/#website"},"primaryImageOfPage":{"@id":"https:\/\/www.batxilleratgranes.com\/es\/el-carnestoltes-ja-ha-arribat\/#primaryimage"},"image":{"@id":"https:\/\/www.batxilleratgranes.com\/es\/el-carnestoltes-ja-ha-arribat\/#primaryimage"},"thumbnailUrl":"https:\/\/www.batxilleratgranes.com\/wp-content\/uploads\/2016\/02\/mask-1155808_1280-e1454679885704.jpg","datePublished":"2016-02-05T13:48:44+00:00","dateModified":"2016-02-05T13:48:44+00:00","breadcrumb":{"@id":"https:\/\/www.batxilleratgranes.com\/es\/el-carnestoltes-ja-ha-arribat\/#breadcrumb"},"inLanguage":"es","potentialAction":[{"@type":"ReadAction","target":["https:\/\/www.batxilleratgranes.com\/es\/el-carnestoltes-ja-ha-arribat\/"]}]},{"@type":"ImageObject","inLanguage":"es","@id":"https:\/\/www.batxilleratgranes.com\/es\/el-carnestoltes-ja-ha-arribat\/#primaryimage","url":"https:\/\/www.batxilleratgranes.com\/wp-content\/uploads\/2016\/02\/mask-1155808_1280-e1454679885704.jpg","contentUrl":"https:\/\/www.batxilleratgranes.com\/wp-content\/uploads\/2016\/02\/mask-1155808_1280-e1454679885704.jpg","width":700,"height":467},{"@type":"BreadcrumbList","@id":"https:\/\/www.batxilleratgranes.com\/es\/el-carnestoltes-ja-ha-arribat\/#breadcrumb","itemListElement":[{"@type":"ListItem","position":1,"name":"Inici","item":"https:\/\/www.batxilleratgranes.com\/es\/"},{"@type":"ListItem","position":2,"name":"El carnestoltes ja ha arribat!"}]},{"@type":"WebSite","@id":"https:\/\/www.batxilleratgranes.com\/es\/#website","url":"https:\/\/www.batxilleratgranes.com\/es\/","name":"Gran\u00e9s Batxillerat - Escuela especializada en Bachillerato en Barcelona","description":"Escola especialitzada en Batxillerat a Barcelona","publisher":{"@id":"https:\/\/www.batxilleratgranes.com\/es\/#organization"},"potentialAction":[{"@type":"SearchAction","target":{"@type":"EntryPoint","urlTemplate":"https:\/\/www.batxilleratgranes.com\/es\/?s={search_term_string}"},"query-input":{"@type":"PropertyValueSpecification","valueRequired":true,"valueName":"search_term_string"}}],"inLanguage":"es"},{"@type":"Organization","@id":"https:\/\/www.batxilleratgranes.com\/es\/#organization","name":"Gran\u00e9s Batxillerat - Escuela especializada en Bachillerato en Barcelona","url":"https:\/\/www.batxilleratgranes.com\/es\/","logo":{"@type":"ImageObject","inLanguage":"es","@id":"https:\/\/www.batxilleratgranes.com\/es\/#\/schema\/logo\/image\/","url":"https:\/\/www.batxilleratgranes.com\/wp-content\/uploads\/2013\/01\/granes1.png","contentUrl":"https:\/\/www.batxilleratgranes.com\/wp-content\/uploads\/2013\/01\/granes1.png","width":292,"height":85,"caption":"Gran\u00e9s Batxillerat - Escuela especializada en Bachillerato en Barcelona"},"image":{"@id":"https:\/\/www.batxilleratgranes.com\/es\/#\/schema\/logo\/image\/"}},{"@type":"Person","@id":"https:\/\/www.batxilleratgranes.com\/es\/#\/schema\/person\/4e10f231f79e8e2d24629e02b8283201","name":"mireia.martinez","image":{"@type":"ImageObject","inLanguage":"es","@id":"https:\/\/www.batxilleratgranes.com\/es\/#\/schema\/person\/image\/","url":"https:\/\/secure.gravatar.com\/avatar\/8c952e346979fb1eaf89bbc4dfda29f0?s=96&d=mm&r=g","contentUrl":"https:\/\/secure.gravatar.com\/avatar\/8c952e346979fb1eaf89bbc4dfda29f0?s=96&d=mm&r=g","caption":"mireia.martinez"},"url":"https:\/\/www.batxilleratgranes.com\/es\/author\/mireia-martinez\/"}]}},"_links":{"self":[{"href":"https:\/\/www.batxilleratgranes.com\/es\/wp-json\/wp\/v2\/posts\/5447"}],"collection":[{"href":"https:\/\/www.batxilleratgranes.com\/es\/wp-json\/wp\/v2\/posts"}],"about":[{"href":"https:\/\/www.batxilleratgranes.com\/es\/wp-json\/wp\/v2\/types\/post"}],"author":[{"embeddable":true,"href":"https:\/\/www.batxilleratgranes.com\/es\/wp-json\/wp\/v2\/users\/5"}],"replies":[{"embeddable":true,"href":"https:\/\/www.batxilleratgranes.com\/es\/wp-json\/wp\/v2\/comments?post=5447"}],"version-history":[{"count":2,"href":"https:\/\/www.batxilleratgranes.com\/es\/wp-json\/wp\/v2\/posts\/5447\/revisions"}],"predecessor-version":[{"id":5454,"href":"https:\/\/www.batxilleratgranes.com\/es\/wp-json\/wp\/v2\/posts\/5447\/revisions\/5454"}],"wp:featuredmedia":[{"embeddable":true,"href":"https:\/\/www.batxilleratgranes.com\/es\/wp-json\/wp\/v2\/media\/5452"}],"wp:attachment":[{"href":"https:\/\/www.batxilleratgranes.com\/es\/wp-json\/wp\/v2\/media?parent=5447"}],"wp:term":[{"taxonomy":"category","embeddable":true,"href":"https:\/\/www.batxilleratgranes.com\/es\/wp-json\/wp\/v2\/categories?post=5447"},{"taxonomy":"post_tag","embeddable":true,"href":"https:\/\/www.batxilleratgranes.com\/es\/wp-json\/wp\/v2\/tags?post=5447"}],"curies":[{"name":"wp","href":"https:\/\/api.w.org\/{rel}","templated":true}]}}