{"id":60123,"date":"2026-03-06T11:04:47","date_gmt":"2026-03-06T11:04:47","guid":{"rendered":"https:\/\/www.batxilleratgranes.com\/?p=60123"},"modified":"2026-03-09T11:15:13","modified_gmt":"2026-03-09T11:15:13","slug":"xerrades-dexalumnes","status":"publish","type":"post","link":"https:\/\/www.batxilleratgranes.com\/es\/xerrades-dexalumnes\/","title":{"rendered":"Xerrades d\u2019exalumnes"},"content":{"rendered":"\n<p>Avui, hem celebrat una nova edici\u00f3 de les <strong>xerrades d\u2019exalumnes<\/strong>, una de les accions d\u2019orientaci\u00f3 acad\u00e8mica que el centre impulsa cada curs per acompanyar l\u2019alumnat de segon de batxillerat en el seu proc\u00e9s de reflexi\u00f3 sobre el futur. Fa nom\u00e9s uns dies tamb\u00e9 vam celebrar la <strong>Jornada d\u2019Orientaci\u00f3 Universit\u00e0ria<\/strong>, una altra iniciativa que forma part del programa d\u2019orientaci\u00f3 del centre amb la participaci\u00f3 de m\u00e9s de 30 ponents de diferents universitats i escoles superiors que van venir a explicar la seva oferta de graus i estudis superiors.<\/p>\n\n\n\n<figure class=\"wp-block-gallery has-nested-images columns-default is-cropped wp-block-gallery-1 is-layout-flex wp-block-gallery-is-layout-flex\">\n<figure class=\"wp-block-image size-large\"><a href=\"https:\/\/www.batxilleratgranes.com\/wp-content\/uploads\/2026\/03\/3.jpg\"><img loading=\"lazy\" decoding=\"async\" width=\"763\" height=\"386\" data-id=\"60151\" src=\"https:\/\/www.batxilleratgranes.com\/wp-content\/uploads\/2026\/03\/3.jpg\" alt=\"\" class=\"wp-image-60151\" srcset=\"https:\/\/www.batxilleratgranes.com\/wp-content\/uploads\/2026\/03\/3.jpg 763w, https:\/\/www.batxilleratgranes.com\/wp-content\/uploads\/2026\/03\/3-300x152.jpg 300w\" sizes=\"(max-width: 763px) 100vw, 763px\" \/><\/a><\/figure>\n\n\n\n<figure class=\"wp-block-image size-large\"><a href=\"https:\/\/www.batxilleratgranes.com\/wp-content\/uploads\/2026\/03\/2-1.jpg\"><img loading=\"lazy\" decoding=\"async\" width=\"800\" height=\"401\" data-id=\"60149\" src=\"https:\/\/www.batxilleratgranes.com\/wp-content\/uploads\/2026\/03\/2-1.jpg\" alt=\"\" class=\"wp-image-60149\" srcset=\"https:\/\/www.batxilleratgranes.com\/wp-content\/uploads\/2026\/03\/2-1.jpg 800w, https:\/\/www.batxilleratgranes.com\/wp-content\/uploads\/2026\/03\/2-1-300x150.jpg 300w, https:\/\/www.batxilleratgranes.com\/wp-content\/uploads\/2026\/03\/2-1-768x385.jpg 768w\" sizes=\"(max-width: 800px) 100vw, 800px\" \/><\/a><\/figure>\n<\/figure>\n\n\n\n<p>Les xerrades d\u2019avui s\u2019han organitzat per itineraris, de manera que els estudiants de 2n de batxillerat han pogut escoltar experi\u00e8ncies d\u2019exalumnes vinculades als seus interessos acad\u00e8mics. Els convidats han explicat quins estudis estan cursant actualment i com \u00e9s el seu dia a dia a la universitat. Per\u00f2 tamb\u00e9 han compartit el record del seu pas pel centre, especialment el que va suposar per a ells el segon de batxillerat.<\/p>\n\n\n\n<p>M\u00e9s enll\u00e0 de parlar d\u2019estudis, molts han volgut transmetre un missatge de <strong>calma en aquesta recta final del curs<\/strong>. Han recordat com van viure les PAU i el proc\u00e9s de decidir qu\u00e8 estudiar despr\u00e9s, explicant que, tot i que pot semblar un moment de molta pressi\u00f3, \u00e9s tamb\u00e9 una etapa plena d\u2019aprenentatges.<\/p>\n\n\n\n<figure class=\"wp-block-image size-full\"><a href=\"https:\/\/www.batxilleratgranes.com\/wp-content\/uploads\/2026\/03\/1.jpg\"><img loading=\"lazy\" decoding=\"async\" width=\"800\" height=\"437\" src=\"https:\/\/www.batxilleratgranes.com\/wp-content\/uploads\/2026\/03\/1.jpg\" alt=\"\" class=\"wp-image-60144\" srcset=\"https:\/\/www.batxilleratgranes.com\/wp-content\/uploads\/2026\/03\/1.jpg 800w, https:\/\/www.batxilleratgranes.com\/wp-content\/uploads\/2026\/03\/1-300x164.jpg 300w, https:\/\/www.batxilleratgranes.com\/wp-content\/uploads\/2026\/03\/1-768x420.jpg 768w\" sizes=\"(max-width: 800px) 100vw, 800px\" \/><\/a><\/figure>\n\n\n\n<p>Aquestes trobades s\u00f3n especialment enriquidores perqu\u00e8 els alumnes escolten persones molt properes, joves que fa nom\u00e9s uns anys eren a les mateixes aules i que ja han passat per aquesta experi\u00e8ncia.<\/p>\n\n\n\n<p>La setmana vinent, el programa d\u2019orientaci\u00f3 continuar\u00e0 amb les <strong>xerrades de pares i mares de l\u2019escola<\/strong>, professionals de diferents \u00e0mbits que compartiran la seva traject\u00f2ria acad\u00e8mica i professional, recordant que el cam\u00ed vital i professional est\u00e0 ple d\u2019oportunitats i decisions que es van construint al llarg del temps.<\/p>\n","protected":false},"excerpt":{"rendered":"<p>Avui, hem celebrat una nova edici\u00f3 de les xerrades d\u2019exalumnes, una de les accions d\u2019orientaci\u00f3 acad\u00e8mica que el centre impulsa cada curs per acompanyar l\u2019alumnat de segon de batxillerat en el seu proc\u00e9s de reflexi\u00f3 sobre el futur. Fa nom\u00e9s uns dies tamb\u00e9 vam celebrar la Jornada d\u2019Orientaci\u00f3 Universit\u00e0ria, una altra iniciativa que forma part&hellip;&nbsp;<a href=\"https:\/\/www.batxilleratgranes.com\/es\/xerrades-dexalumnes\/\" class=\"\" rel=\"bookmark\">Read More &raquo;<span class=\"screen-reader-text\">Xerrades d\u2019exalumnes<\/span><\/a><\/p>\n","protected":false},"author":7,"featured_media":60142,"comment_status":"closed","ping_status":"open","sticky":false,"template":"","format":"standard","meta":{"neve_meta_sidebar":"","neve_meta_container":"","neve_meta_enable_content_width":"","neve_meta_content_width":0,"neve_meta_title_alignment":"","neve_meta_author_avatar":"","neve_post_elements_order":"","neve_meta_disable_header":"","neve_meta_disable_footer":"","neve_meta_disable_title":"","footnotes":""},"categories":[1370,1282],"tags":[35,1617,1638],"class_list":["post-60123","post","type-post","status-publish","format-standard","has-post-thumbnail","hentry","category-activitats-granes-2","category-comunitat-granes-2","tag-granes-batxillerat","tag-orientacio-academica","tag-xerrades-dexalumnes"],"yoast_head":"<!-- This site is optimized with the Yoast SEO plugin v23.4 - https:\/\/yoast.com\/wordpress\/plugins\/seo\/ -->\n<title>Xerrades d\u2019exalumnes - Gran\u00e9s Batxillerat - Escuela especializada en Bachillerato en Barcelona<\/title>\n<meta name=\"robots\" content=\"index, follow, max-snippet:-1, max-image-preview:large, max-video-preview:-1\" \/>\n<link rel=\"canonical\" href=\"https:\/\/www.batxilleratgranes.com\/es\/xerrades-dexalumnes\/\" \/>\n<meta property=\"og:locale\" content=\"es_ES\" \/>\n<meta property=\"og:type\" content=\"article\" \/>\n<meta property=\"og:title\" content=\"Xerrades d\u2019exalumnes - Gran\u00e9s Batxillerat - Escuela especializada en Bachillerato en Barcelona\" \/>\n<meta property=\"og:description\" content=\"Avui, hem celebrat una nova edici\u00f3 de les xerrades d\u2019exalumnes, una de les accions d\u2019orientaci\u00f3 acad\u00e8mica que el centre impulsa cada curs per acompanyar l\u2019alumnat de segon de batxillerat en el seu proc\u00e9s de reflexi\u00f3 sobre el futur. Fa nom\u00e9s uns dies tamb\u00e9 vam celebrar la Jornada d\u2019Orientaci\u00f3 Universit\u00e0ria, una altra iniciativa que forma part&hellip;&nbsp;Read More &raquo;Xerrades d\u2019exalumnes\" \/>\n<meta property=\"og:url\" content=\"https:\/\/www.batxilleratgranes.com\/es\/xerrades-dexalumnes\/\" \/>\n<meta property=\"og:site_name\" content=\"Gran\u00e9s Batxillerat - Escuela especializada en Bachillerato en Barcelona\" \/>\n<meta property=\"article:published_time\" content=\"2026-03-06T11:04:47+00:00\" \/>\n<meta property=\"article:modified_time\" content=\"2026-03-09T11:15:13+00:00\" \/>\n<meta property=\"og:image\" content=\"https:\/\/www.batxilleratgranes.com\/wp-content\/uploads\/2026\/03\/portada-2.jpg\" \/>\n\t<meta property=\"og:image:width\" content=\"800\" \/>\n\t<meta property=\"og:image:height\" content=\"467\" \/>\n\t<meta property=\"og:image:type\" content=\"image\/jpeg\" \/>\n<meta name=\"author\" content=\"iria.canovas@granes.org\" \/>\n<meta name=\"twitter:card\" content=\"summary_large_image\" \/>\n<meta name=\"twitter:label1\" content=\"Written by\" \/>\n\t<meta name=\"twitter:data1\" content=\"iria.canovas@granes.org\" \/>\n\t<meta name=\"twitter:label2\" content=\"Est. reading time\" \/>\n\t<meta name=\"twitter:data2\" content=\"2 minutes\" \/>\n<script type=\"application\/ld+json\" class=\"yoast-schema-graph\">{\"@context\":\"https:\/\/schema.org\",\"@graph\":[{\"@type\":\"Article\",\"@id\":\"https:\/\/www.batxilleratgranes.com\/es\/xerrades-dexalumnes\/#article\",\"isPartOf\":{\"@id\":\"https:\/\/www.batxilleratgranes.com\/es\/xerrades-dexalumnes\/\"},\"author\":{\"name\":\"iria.canovas@granes.org\",\"@id\":\"https:\/\/www.batxilleratgranes.com\/es\/#\/schema\/person\/c6cad771e5a8185c7d86589fcb6830f0\"},\"headline\":\"Xerrades d\u2019exalumnes\",\"datePublished\":\"2026-03-06T11:04:47+00:00\",\"dateModified\":\"2026-03-09T11:15:13+00:00\",\"mainEntityOfPage\":{\"@id\":\"https:\/\/www.batxilleratgranes.com\/es\/xerrades-dexalumnes\/\"},\"wordCount\":317,\"publisher\":{\"@id\":\"https:\/\/www.batxilleratgranes.com\/es\/#organization\"},\"image\":{\"@id\":\"https:\/\/www.batxilleratgranes.com\/es\/xerrades-dexalumnes\/#primaryimage\"},\"thumbnailUrl\":\"https:\/\/www.batxilleratgranes.com\/wp-content\/uploads\/2026\/03\/portada-2.jpg\",\"keywords\":[\"Gran\u00e9s Batxillerat\",\"Orientaci\u00f3 acad\u00e8mica\",\"Xerrades d'exalumnes\"],\"articleSection\":[\"Activitats Gran\u00e9s\",\"Comunitat Gran\u00e9s\"],\"inLanguage\":\"es\"},{\"@type\":\"WebPage\",\"@id\":\"https:\/\/www.batxilleratgranes.com\/es\/xerrades-dexalumnes\/\",\"url\":\"https:\/\/www.batxilleratgranes.com\/es\/xerrades-dexalumnes\/\",\"name\":\"Xerrades d\u2019exalumnes - Gran\u00e9s Batxillerat - Escuela especializada en Bachillerato en Barcelona\",\"isPartOf\":{\"@id\":\"https:\/\/www.batxilleratgranes.com\/es\/#website\"},\"primaryImageOfPage\":{\"@id\":\"https:\/\/www.batxilleratgranes.com\/es\/xerrades-dexalumnes\/#primaryimage\"},\"image\":{\"@id\":\"https:\/\/www.batxilleratgranes.com\/es\/xerrades-dexalumnes\/#primaryimage\"},\"thumbnailUrl\":\"https:\/\/www.batxilleratgranes.com\/wp-content\/uploads\/2026\/03\/portada-2.jpg\",\"datePublished\":\"2026-03-06T11:04:47+00:00\",\"dateModified\":\"2026-03-09T11:15:13+00:00\",\"breadcrumb\":{\"@id\":\"https:\/\/www.batxilleratgranes.com\/es\/xerrades-dexalumnes\/#breadcrumb\"},\"inLanguage\":\"es\",\"potentialAction\":[{\"@type\":\"ReadAction\",\"target\":[\"https:\/\/www.batxilleratgranes.com\/es\/xerrades-dexalumnes\/\"]}]},{\"@type\":\"ImageObject\",\"inLanguage\":\"es\",\"@id\":\"https:\/\/www.batxilleratgranes.com\/es\/xerrades-dexalumnes\/#primaryimage\",\"url\":\"https:\/\/www.batxilleratgranes.com\/wp-content\/uploads\/2026\/03\/portada-2.jpg\",\"contentUrl\":\"https:\/\/www.batxilleratgranes.com\/wp-content\/uploads\/2026\/03\/portada-2.jpg\",\"width\":800,\"height\":467},{\"@type\":\"BreadcrumbList\",\"@id\":\"https:\/\/www.batxilleratgranes.com\/es\/xerrades-dexalumnes\/#breadcrumb\",\"itemListElement\":[{\"@type\":\"ListItem\",\"position\":1,\"name\":\"Inici\",\"item\":\"https:\/\/www.batxilleratgranes.com\/es\/\"},{\"@type\":\"ListItem\",\"position\":2,\"name\":\"Xerrades d\u2019exalumnes\"}]},{\"@type\":\"WebSite\",\"@id\":\"https:\/\/www.batxilleratgranes.com\/es\/#website\",\"url\":\"https:\/\/www.batxilleratgranes.com\/es\/\",\"name\":\"Gran\u00e9s Batxillerat - Escuela especializada en Bachillerato en Barcelona\",\"description\":\"Escola especialitzada en Batxillerat a Barcelona\",\"publisher\":{\"@id\":\"https:\/\/www.batxilleratgranes.com\/es\/#organization\"},\"potentialAction\":[{\"@type\":\"SearchAction\",\"target\":{\"@type\":\"EntryPoint\",\"urlTemplate\":\"https:\/\/www.batxilleratgranes.com\/es\/?s={search_term_string}\"},\"query-input\":{\"@type\":\"PropertyValueSpecification\",\"valueRequired\":true,\"valueName\":\"search_term_string\"}}],\"inLanguage\":\"es\"},{\"@type\":\"Organization\",\"@id\":\"https:\/\/www.batxilleratgranes.com\/es\/#organization\",\"name\":\"Gran\u00e9s Batxillerat - Escuela especializada en Bachillerato en Barcelona\",\"url\":\"https:\/\/www.batxilleratgranes.com\/es\/\",\"logo\":{\"@type\":\"ImageObject\",\"inLanguage\":\"es\",\"@id\":\"https:\/\/www.batxilleratgranes.com\/es\/#\/schema\/logo\/image\/\",\"url\":\"https:\/\/www.batxilleratgranes.com\/wp-content\/uploads\/2013\/01\/granes1.png\",\"contentUrl\":\"https:\/\/www.batxilleratgranes.com\/wp-content\/uploads\/2013\/01\/granes1.png\",\"width\":292,\"height\":85,\"caption\":\"Gran\u00e9s Batxillerat - Escuela especializada en Bachillerato en Barcelona\"},\"image\":{\"@id\":\"https:\/\/www.batxilleratgranes.com\/es\/#\/schema\/logo\/image\/\"}},{\"@type\":\"Person\",\"@id\":\"https:\/\/www.batxilleratgranes.com\/es\/#\/schema\/person\/c6cad771e5a8185c7d86589fcb6830f0\",\"name\":\"iria.canovas@granes.org\",\"image\":{\"@type\":\"ImageObject\",\"inLanguage\":\"es\",\"@id\":\"https:\/\/www.batxilleratgranes.com\/es\/#\/schema\/person\/image\/\",\"url\":\"https:\/\/secure.gravatar.com\/avatar\/daf801bc1747e8ccc693c9041f5585cd?s=96&d=mm&r=g\",\"contentUrl\":\"https:\/\/secure.gravatar.com\/avatar\/daf801bc1747e8ccc693c9041f5585cd?s=96&d=mm&r=g\",\"caption\":\"iria.canovas@granes.org\"},\"url\":\"https:\/\/www.batxilleratgranes.com\/es\/author\/iria-canovasgranes-org\/\"}]}<\/script>\n<!-- \/ Yoast SEO plugin. -->","yoast_head_json":{"title":"Xerrades d\u2019exalumnes - Gran\u00e9s Batxillerat - Escuela especializada en Bachillerato en Barcelona","robots":{"index":"index","follow":"follow","max-snippet":"max-snippet:-1","max-image-preview":"max-image-preview:large","max-video-preview":"max-video-preview:-1"},"canonical":"https:\/\/www.batxilleratgranes.com\/es\/xerrades-dexalumnes\/","og_locale":"es_ES","og_type":"article","og_title":"Xerrades d\u2019exalumnes - Gran\u00e9s Batxillerat - Escuela especializada en Bachillerato en Barcelona","og_description":"Avui, hem celebrat una nova edici\u00f3 de les xerrades d\u2019exalumnes, una de les accions d\u2019orientaci\u00f3 acad\u00e8mica que el centre impulsa cada curs per acompanyar l\u2019alumnat de segon de batxillerat en el seu proc\u00e9s de reflexi\u00f3 sobre el futur. Fa nom\u00e9s uns dies tamb\u00e9 vam celebrar la Jornada d\u2019Orientaci\u00f3 Universit\u00e0ria, una altra iniciativa que forma part&hellip;&nbsp;Read More &raquo;Xerrades d\u2019exalumnes","og_url":"https:\/\/www.batxilleratgranes.com\/es\/xerrades-dexalumnes\/","og_site_name":"Gran\u00e9s Batxillerat - Escuela especializada en Bachillerato en Barcelona","article_published_time":"2026-03-06T11:04:47+00:00","article_modified_time":"2026-03-09T11:15:13+00:00","og_image":[{"width":800,"height":467,"url":"https:\/\/www.batxilleratgranes.com\/wp-content\/uploads\/2026\/03\/portada-2.jpg","type":"image\/jpeg"}],"author":"iria.canovas@granes.org","twitter_card":"summary_large_image","twitter_misc":{"Written by":"iria.canovas@granes.org","Est. reading time":"2 minutes"},"schema":{"@context":"https:\/\/schema.org","@graph":[{"@type":"Article","@id":"https:\/\/www.batxilleratgranes.com\/es\/xerrades-dexalumnes\/#article","isPartOf":{"@id":"https:\/\/www.batxilleratgranes.com\/es\/xerrades-dexalumnes\/"},"author":{"name":"iria.canovas@granes.org","@id":"https:\/\/www.batxilleratgranes.com\/es\/#\/schema\/person\/c6cad771e5a8185c7d86589fcb6830f0"},"headline":"Xerrades d\u2019exalumnes","datePublished":"2026-03-06T11:04:47+00:00","dateModified":"2026-03-09T11:15:13+00:00","mainEntityOfPage":{"@id":"https:\/\/www.batxilleratgranes.com\/es\/xerrades-dexalumnes\/"},"wordCount":317,"publisher":{"@id":"https:\/\/www.batxilleratgranes.com\/es\/#organization"},"image":{"@id":"https:\/\/www.batxilleratgranes.com\/es\/xerrades-dexalumnes\/#primaryimage"},"thumbnailUrl":"https:\/\/www.batxilleratgranes.com\/wp-content\/uploads\/2026\/03\/portada-2.jpg","keywords":["Gran\u00e9s Batxillerat","Orientaci\u00f3 acad\u00e8mica","Xerrades d'exalumnes"],"articleSection":["Activitats Gran\u00e9s","Comunitat Gran\u00e9s"],"inLanguage":"es"},{"@type":"WebPage","@id":"https:\/\/www.batxilleratgranes.com\/es\/xerrades-dexalumnes\/","url":"https:\/\/www.batxilleratgranes.com\/es\/xerrades-dexalumnes\/","name":"Xerrades d\u2019exalumnes - Gran\u00e9s Batxillerat - Escuela especializada en Bachillerato en Barcelona","isPartOf":{"@id":"https:\/\/www.batxilleratgranes.com\/es\/#website"},"primaryImageOfPage":{"@id":"https:\/\/www.batxilleratgranes.com\/es\/xerrades-dexalumnes\/#primaryimage"},"image":{"@id":"https:\/\/www.batxilleratgranes.com\/es\/xerrades-dexalumnes\/#primaryimage"},"thumbnailUrl":"https:\/\/www.batxilleratgranes.com\/wp-content\/uploads\/2026\/03\/portada-2.jpg","datePublished":"2026-03-06T11:04:47+00:00","dateModified":"2026-03-09T11:15:13+00:00","breadcrumb":{"@id":"https:\/\/www.batxilleratgranes.com\/es\/xerrades-dexalumnes\/#breadcrumb"},"inLanguage":"es","potentialAction":[{"@type":"ReadAction","target":["https:\/\/www.batxilleratgranes.com\/es\/xerrades-dexalumnes\/"]}]},{"@type":"ImageObject","inLanguage":"es","@id":"https:\/\/www.batxilleratgranes.com\/es\/xerrades-dexalumnes\/#primaryimage","url":"https:\/\/www.batxilleratgranes.com\/wp-content\/uploads\/2026\/03\/portada-2.jpg","contentUrl":"https:\/\/www.batxilleratgranes.com\/wp-content\/uploads\/2026\/03\/portada-2.jpg","width":800,"height":467},{"@type":"BreadcrumbList","@id":"https:\/\/www.batxilleratgranes.com\/es\/xerrades-dexalumnes\/#breadcrumb","itemListElement":[{"@type":"ListItem","position":1,"name":"Inici","item":"https:\/\/www.batxilleratgranes.com\/es\/"},{"@type":"ListItem","position":2,"name":"Xerrades d\u2019exalumnes"}]},{"@type":"WebSite","@id":"https:\/\/www.batxilleratgranes.com\/es\/#website","url":"https:\/\/www.batxilleratgranes.com\/es\/","name":"Gran\u00e9s Batxillerat - Escuela especializada en Bachillerato en Barcelona","description":"Escola especialitzada en Batxillerat a Barcelona","publisher":{"@id":"https:\/\/www.batxilleratgranes.com\/es\/#organization"},"potentialAction":[{"@type":"SearchAction","target":{"@type":"EntryPoint","urlTemplate":"https:\/\/www.batxilleratgranes.com\/es\/?s={search_term_string}"},"query-input":{"@type":"PropertyValueSpecification","valueRequired":true,"valueName":"search_term_string"}}],"inLanguage":"es"},{"@type":"Organization","@id":"https:\/\/www.batxilleratgranes.com\/es\/#organization","name":"Gran\u00e9s Batxillerat - Escuela especializada en Bachillerato en Barcelona","url":"https:\/\/www.batxilleratgranes.com\/es\/","logo":{"@type":"ImageObject","inLanguage":"es","@id":"https:\/\/www.batxilleratgranes.com\/es\/#\/schema\/logo\/image\/","url":"https:\/\/www.batxilleratgranes.com\/wp-content\/uploads\/2013\/01\/granes1.png","contentUrl":"https:\/\/www.batxilleratgranes.com\/wp-content\/uploads\/2013\/01\/granes1.png","width":292,"height":85,"caption":"Gran\u00e9s Batxillerat - Escuela especializada en Bachillerato en Barcelona"},"image":{"@id":"https:\/\/www.batxilleratgranes.com\/es\/#\/schema\/logo\/image\/"}},{"@type":"Person","@id":"https:\/\/www.batxilleratgranes.com\/es\/#\/schema\/person\/c6cad771e5a8185c7d86589fcb6830f0","name":"iria.canovas@granes.org","image":{"@type":"ImageObject","inLanguage":"es","@id":"https:\/\/www.batxilleratgranes.com\/es\/#\/schema\/person\/image\/","url":"https:\/\/secure.gravatar.com\/avatar\/daf801bc1747e8ccc693c9041f5585cd?s=96&d=mm&r=g","contentUrl":"https:\/\/secure.gravatar.com\/avatar\/daf801bc1747e8ccc693c9041f5585cd?s=96&d=mm&r=g","caption":"iria.canovas@granes.org"},"url":"https:\/\/www.batxilleratgranes.com\/es\/author\/iria-canovasgranes-org\/"}]}},"_links":{"self":[{"href":"https:\/\/www.batxilleratgranes.com\/es\/wp-json\/wp\/v2\/posts\/60123"}],"collection":[{"href":"https:\/\/www.batxilleratgranes.com\/es\/wp-json\/wp\/v2\/posts"}],"about":[{"href":"https:\/\/www.batxilleratgranes.com\/es\/wp-json\/wp\/v2\/types\/post"}],"author":[{"embeddable":true,"href":"https:\/\/www.batxilleratgranes.com\/es\/wp-json\/wp\/v2\/users\/7"}],"replies":[{"embeddable":true,"href":"https:\/\/www.batxilleratgranes.com\/es\/wp-json\/wp\/v2\/comments?post=60123"}],"version-history":[{"count":6,"href":"https:\/\/www.batxilleratgranes.com\/es\/wp-json\/wp\/v2\/posts\/60123\/revisions"}],"predecessor-version":[{"id":60156,"href":"https:\/\/www.batxilleratgranes.com\/es\/wp-json\/wp\/v2\/posts\/60123\/revisions\/60156"}],"wp:featuredmedia":[{"embeddable":true,"href":"https:\/\/www.batxilleratgranes.com\/es\/wp-json\/wp\/v2\/media\/60142"}],"wp:attachment":[{"href":"https:\/\/www.batxilleratgranes.com\/es\/wp-json\/wp\/v2\/media?parent=60123"}],"wp:term":[{"taxonomy":"category","embeddable":true,"href":"https:\/\/www.batxilleratgranes.com\/es\/wp-json\/wp\/v2\/categories?post=60123"},{"taxonomy":"post_tag","embeddable":true,"href":"https:\/\/www.batxilleratgranes.com\/es\/wp-json\/wp\/v2\/tags?post=60123"}],"curies":[{"name":"wp","href":"https:\/\/api.w.org\/{rel}","templated":true}]}}