{"id":60191,"date":"2026-03-16T08:42:54","date_gmt":"2026-03-16T08:42:54","guid":{"rendered":"https:\/\/www.batxilleratgranes.com\/?p=60191"},"modified":"2026-03-16T08:42:56","modified_gmt":"2026-03-16T08:42:56","slug":"vistem-lorpheus-del-museu-de-la-musica","status":"publish","type":"post","link":"https:\/\/www.batxilleratgranes.com\/es\/vistem-lorpheus-del-museu-de-la-musica\/","title":{"rendered":"Vistem l\u2019Orpheus del Museu de la M\u00fasica"},"content":{"rendered":"\n<p>L\u2019alumnat de 2n de Batxillerat de l\u2019<a href=\"https:\/\/www.batxilleratgranes.com\/batxillerat-musica\/\"><strong>itinerari de M\u00fasica<\/strong><\/a> ha realitzat recentment una sortida al <strong><a href=\"https:\/\/ajuntament.barcelona.cat\/museumusica\/ca\">Museu de la M\u00fasica de Barcelona<\/a> <\/strong>per participar en el recorregut amb visita guiada <strong>Orpheus<\/strong>, una proposta que permet descobrir la hist\u00f2ria i l\u2019evoluci\u00f3 dels instruments musicals a trav\u00e9s d\u2019una experi\u00e8ncia did\u00e0ctica i immersiva.<\/p>\n\n\n\n<p>La visita <a href=\"https:\/\/ajuntament.barcelona.cat\/museumusica\/ca\/activitats\/lorpheus\">Orpheus <\/a>ofereix un recorregut per la col\u00b7lecci\u00f3 permanent del museu que explica <strong>com els instruments han evolucionat<\/strong> al llarg del temps i com s\u2019han relacionat amb diferents<strong> cultures i contextos socials<\/strong>. Durant la visita, l\u2019alumnat ha pogut observar de prop instruments hist\u00f2rics de diverses fam\u00edlies, corda, vent i percussi\u00f3, i comprendre millor el seu <strong>funcionament<\/strong>, la seva <strong>construcci\u00f3<\/strong> i el <strong>paper que han tingut en diferents per\u00edodes de la hist\u00f2ria de la m\u00fasica.<\/strong><\/p>\n\n\n\n<figure class=\"wp-block-gallery has-nested-images columns-default is-cropped wp-block-gallery-1 is-layout-flex wp-block-gallery-is-layout-flex\">\n<figure class=\"wp-block-image size-large\"><a href=\"https:\/\/www.batxilleratgranes.com\/wp-content\/uploads\/2026\/03\/Orpheus4.jpg\"><img loading=\"lazy\" decoding=\"async\" width=\"768\" height=\"1024\" data-id=\"60207\" src=\"https:\/\/www.batxilleratgranes.com\/wp-content\/uploads\/2026\/03\/Orpheus4-768x1024.jpg\" alt=\"\" class=\"wp-image-60207\" srcset=\"https:\/\/www.batxilleratgranes.com\/wp-content\/uploads\/2026\/03\/Orpheus4-768x1023.jpg 768w, https:\/\/www.batxilleratgranes.com\/wp-content\/uploads\/2026\/03\/Orpheus4-225x300.jpg 225w, https:\/\/www.batxilleratgranes.com\/wp-content\/uploads\/2026\/03\/Orpheus4.jpg 800w\" sizes=\"(max-width: 768px) 100vw, 768px\" \/><\/a><\/figure>\n\n\n\n<figure class=\"wp-block-image size-large\"><a href=\"https:\/\/www.batxilleratgranes.com\/wp-content\/uploads\/2026\/03\/Orpheus2.jpg\"><img loading=\"lazy\" decoding=\"async\" width=\"768\" height=\"1024\" data-id=\"60211\" src=\"https:\/\/www.batxilleratgranes.com\/wp-content\/uploads\/2026\/03\/Orpheus2-768x1024.jpg\" alt=\"\" class=\"wp-image-60211\" srcset=\"https:\/\/www.batxilleratgranes.com\/wp-content\/uploads\/2026\/03\/Orpheus2-768x1023.jpg 768w, https:\/\/www.batxilleratgranes.com\/wp-content\/uploads\/2026\/03\/Orpheus2-225x300.jpg 225w, https:\/\/www.batxilleratgranes.com\/wp-content\/uploads\/2026\/03\/Orpheus2.jpg 800w\" sizes=\"(max-width: 768px) 100vw, 768px\" \/><\/a><\/figure>\n\n\n\n<figure class=\"wp-block-image size-large\"><a href=\"https:\/\/www.batxilleratgranes.com\/wp-content\/uploads\/2026\/03\/Orpheus3.jpg\"><img loading=\"lazy\" decoding=\"async\" width=\"768\" height=\"1024\" data-id=\"60209\" src=\"https:\/\/www.batxilleratgranes.com\/wp-content\/uploads\/2026\/03\/Orpheus3-768x1024.jpg\" alt=\"\" class=\"wp-image-60209\" srcset=\"https:\/\/www.batxilleratgranes.com\/wp-content\/uploads\/2026\/03\/Orpheus3-768x1023.jpg 768w, https:\/\/www.batxilleratgranes.com\/wp-content\/uploads\/2026\/03\/Orpheus3-225x300.jpg 225w, https:\/\/www.batxilleratgranes.com\/wp-content\/uploads\/2026\/03\/Orpheus3.jpg 800w\" sizes=\"(max-width: 768px) 100vw, 768px\" \/><\/a><\/figure>\n<\/figure>\n\n\n\n<p>Un dels moments m\u00e9s destacats de la visita ha estat la <strong>part interactiva<\/strong>. En aquest espai, els alumnes han pogut <strong>experimentar directament amb diversos instruments i mecanismes sonors,<\/strong> explorant com es genera el so i provant diferents timbres i possibilitats expressives. Aquesta experi\u00e8ncia pr\u00e0ctica els ha ajudat a entendre de manera vivencial conceptes musicals que sovint s\u2019expliquen de forma m\u00e9s te\u00f2rica.<\/p>\n\n\n\n<figure class=\"wp-block-image size-full\"><a href=\"https:\/\/www.batxilleratgranes.com\/wp-content\/uploads\/2026\/03\/Orpheus1.jpg\"><img loading=\"lazy\" decoding=\"async\" width=\"800\" height=\"600\" src=\"https:\/\/www.batxilleratgranes.com\/wp-content\/uploads\/2026\/03\/Orpheus1.jpg\" alt=\"\" class=\"wp-image-60213\" srcset=\"https:\/\/www.batxilleratgranes.com\/wp-content\/uploads\/2026\/03\/Orpheus1.jpg 800w, https:\/\/www.batxilleratgranes.com\/wp-content\/uploads\/2026\/03\/Orpheus1-300x225.jpg 300w, https:\/\/www.batxilleratgranes.com\/wp-content\/uploads\/2026\/03\/Orpheus1-768x576.jpg 768w\" sizes=\"(max-width: 800px) 100vw, 800px\" \/><\/a><\/figure>\n\n\n\n<p>La sortida ha estat una oportunitat molt enriquidora per complementar la formaci\u00f3 musical de l\u2019alumnat i apropar-los al patrimoni musical. Activitats com aquesta permeten viure la m\u00fasica m\u00e9s enll\u00e0 de l\u2019aula i refor\u00e7ar <strong>l\u2019inter\u00e8s per la seva hist\u00f2ria, la seva diversitat i la seva pr\u00e0ctica.<\/strong><\/p>\n","protected":false},"excerpt":{"rendered":"<p>L\u2019alumnat de 2n de Batxillerat de l\u2019itinerari de M\u00fasica ha realitzat recentment una sortida al Museu de la M\u00fasica de Barcelona per participar en el recorregut amb visita guiada Orpheus, una proposta que permet descobrir la hist\u00f2ria i l\u2019evoluci\u00f3 dels instruments musicals a trav\u00e9s d\u2019una experi\u00e8ncia did\u00e0ctica i immersiva. La visita Orpheus ofereix un recorregut&hellip;&nbsp;<a href=\"https:\/\/www.batxilleratgranes.com\/es\/vistem-lorpheus-del-museu-de-la-musica\/\" class=\"\" rel=\"bookmark\">Read More &raquo;<span class=\"screen-reader-text\">Vistem l\u2019Orpheus del Museu de la M\u00fasica<\/span><\/a><\/p>\n","protected":false},"author":7,"featured_media":60205,"comment_status":"closed","ping_status":"open","sticky":false,"template":"","format":"standard","meta":{"neve_meta_sidebar":"","neve_meta_container":"","neve_meta_enable_content_width":"","neve_meta_content_width":0,"neve_meta_title_alignment":"","neve_meta_author_avatar":"","neve_post_elements_order":"","neve_meta_disable_header":"","neve_meta_disable_footer":"","neve_meta_disable_title":"","footnotes":""},"categories":[1370],"tags":[1519,1443,1644,1642,245],"class_list":["post-60191","post","type-post","status-publish","format-standard","has-post-thumbnail","hentry","category-activitats-granes-2","tag-batxillerat-de-musica","tag-batxillerat-musical","tag-historia-de-la-musica","tag-museu-de-la-musica","tag-sortides"],"yoast_head":"<!-- This site is optimized with the Yoast SEO plugin v23.4 - https:\/\/yoast.com\/wordpress\/plugins\/seo\/ -->\n<title>Vistem l\u2019Orpheus del Museu de la M\u00fasica - Gran\u00e9s Batxillerat - Escuela especializada en Bachillerato en Barcelona<\/title>\n<meta name=\"description\" content=\"Visita guiada Orpheus del Museu de la M\u00fasica dels alumnes de 2n de batxillerat de l&#039;itinerari de M\u00fasica de Gran\u00e9s Batxillerat.\" \/>\n<meta name=\"robots\" content=\"index, follow, max-snippet:-1, max-image-preview:large, max-video-preview:-1\" \/>\n<link rel=\"canonical\" href=\"https:\/\/www.batxilleratgranes.com\/es\/vistem-lorpheus-del-museu-de-la-musica\/\" \/>\n<meta property=\"og:locale\" content=\"es_ES\" \/>\n<meta property=\"og:type\" content=\"article\" \/>\n<meta property=\"og:title\" content=\"Vistem l\u2019Orpheus del Museu de la M\u00fasica - Gran\u00e9s Batxillerat - Escuela especializada en Bachillerato en Barcelona\" \/>\n<meta property=\"og:description\" content=\"Visita guiada Orpheus del Museu de la M\u00fasica dels alumnes de 2n de batxillerat de l&#039;itinerari de M\u00fasica de Gran\u00e9s Batxillerat.\" \/>\n<meta property=\"og:url\" content=\"https:\/\/www.batxilleratgranes.com\/es\/vistem-lorpheus-del-museu-de-la-musica\/\" \/>\n<meta property=\"og:site_name\" content=\"Gran\u00e9s Batxillerat - Escuela especializada en Bachillerato en Barcelona\" \/>\n<meta property=\"article:published_time\" content=\"2026-03-16T08:42:54+00:00\" \/>\n<meta property=\"article:modified_time\" content=\"2026-03-16T08:42:56+00:00\" \/>\n<meta property=\"og:image\" content=\"https:\/\/www.batxilleratgranes.com\/wp-content\/uploads\/2026\/03\/Portada-Orpheus.jpg\" \/>\n\t<meta property=\"og:image:width\" content=\"799\" \/>\n\t<meta property=\"og:image:height\" content=\"857\" \/>\n\t<meta property=\"og:image:type\" content=\"image\/jpeg\" \/>\n<meta name=\"author\" content=\"iria.canovas@granes.org\" \/>\n<meta name=\"twitter:card\" content=\"summary_large_image\" \/>\n<meta name=\"twitter:label1\" content=\"Written by\" \/>\n\t<meta name=\"twitter:data1\" content=\"iria.canovas@granes.org\" \/>\n\t<meta name=\"twitter:label2\" content=\"Est. reading time\" \/>\n\t<meta name=\"twitter:data2\" content=\"3 minutes\" \/>\n<script type=\"application\/ld+json\" class=\"yoast-schema-graph\">{\"@context\":\"https:\/\/schema.org\",\"@graph\":[{\"@type\":\"Article\",\"@id\":\"https:\/\/www.batxilleratgranes.com\/es\/vistem-lorpheus-del-museu-de-la-musica\/#article\",\"isPartOf\":{\"@id\":\"https:\/\/www.batxilleratgranes.com\/es\/vistem-lorpheus-del-museu-de-la-musica\/\"},\"author\":{\"name\":\"iria.canovas@granes.org\",\"@id\":\"https:\/\/www.batxilleratgranes.com\/es\/#\/schema\/person\/c6cad771e5a8185c7d86589fcb6830f0\"},\"headline\":\"Vistem l\u2019Orpheus del Museu de la M\u00fasica\",\"datePublished\":\"2026-03-16T08:42:54+00:00\",\"dateModified\":\"2026-03-16T08:42:56+00:00\",\"mainEntityOfPage\":{\"@id\":\"https:\/\/www.batxilleratgranes.com\/es\/vistem-lorpheus-del-museu-de-la-musica\/\"},\"wordCount\":272,\"publisher\":{\"@id\":\"https:\/\/www.batxilleratgranes.com\/es\/#organization\"},\"image\":{\"@id\":\"https:\/\/www.batxilleratgranes.com\/es\/vistem-lorpheus-del-museu-de-la-musica\/#primaryimage\"},\"thumbnailUrl\":\"https:\/\/www.batxilleratgranes.com\/wp-content\/uploads\/2026\/03\/Portada-Orpheus.jpg\",\"keywords\":[\"Batxillerat de M\u00fasica\",\"Batxillerat Musical\",\"Hist\u00f2ria de la m\u00fasica\",\"Museu de la M\u00fasica\",\"Sortides\"],\"articleSection\":[\"Activitats Gran\u00e9s\"],\"inLanguage\":\"es\"},{\"@type\":\"WebPage\",\"@id\":\"https:\/\/www.batxilleratgranes.com\/es\/vistem-lorpheus-del-museu-de-la-musica\/\",\"url\":\"https:\/\/www.batxilleratgranes.com\/es\/vistem-lorpheus-del-museu-de-la-musica\/\",\"name\":\"Vistem l\u2019Orpheus del Museu de la M\u00fasica - Gran\u00e9s Batxillerat - Escuela especializada en Bachillerato en Barcelona\",\"isPartOf\":{\"@id\":\"https:\/\/www.batxilleratgranes.com\/es\/#website\"},\"primaryImageOfPage\":{\"@id\":\"https:\/\/www.batxilleratgranes.com\/es\/vistem-lorpheus-del-museu-de-la-musica\/#primaryimage\"},\"image\":{\"@id\":\"https:\/\/www.batxilleratgranes.com\/es\/vistem-lorpheus-del-museu-de-la-musica\/#primaryimage\"},\"thumbnailUrl\":\"https:\/\/www.batxilleratgranes.com\/wp-content\/uploads\/2026\/03\/Portada-Orpheus.jpg\",\"datePublished\":\"2026-03-16T08:42:54+00:00\",\"dateModified\":\"2026-03-16T08:42:56+00:00\",\"description\":\"Visita guiada Orpheus del Museu de la M\u00fasica dels alumnes de 2n de batxillerat de l'itinerari de M\u00fasica de Gran\u00e9s Batxillerat.\",\"breadcrumb\":{\"@id\":\"https:\/\/www.batxilleratgranes.com\/es\/vistem-lorpheus-del-museu-de-la-musica\/#breadcrumb\"},\"inLanguage\":\"es\",\"potentialAction\":[{\"@type\":\"ReadAction\",\"target\":[\"https:\/\/www.batxilleratgranes.com\/es\/vistem-lorpheus-del-museu-de-la-musica\/\"]}]},{\"@type\":\"ImageObject\",\"inLanguage\":\"es\",\"@id\":\"https:\/\/www.batxilleratgranes.com\/es\/vistem-lorpheus-del-museu-de-la-musica\/#primaryimage\",\"url\":\"https:\/\/www.batxilleratgranes.com\/wp-content\/uploads\/2026\/03\/Portada-Orpheus.jpg\",\"contentUrl\":\"https:\/\/www.batxilleratgranes.com\/wp-content\/uploads\/2026\/03\/Portada-Orpheus.jpg\",\"width\":799,\"height\":857,\"caption\":\"Visita Orpheus del Museu de la M\u00fasica de Barcelona\"},{\"@type\":\"BreadcrumbList\",\"@id\":\"https:\/\/www.batxilleratgranes.com\/es\/vistem-lorpheus-del-museu-de-la-musica\/#breadcrumb\",\"itemListElement\":[{\"@type\":\"ListItem\",\"position\":1,\"name\":\"Inici\",\"item\":\"https:\/\/www.batxilleratgranes.com\/es\/\"},{\"@type\":\"ListItem\",\"position\":2,\"name\":\"Vistem l\u2019Orpheus del Museu de la M\u00fasica\"}]},{\"@type\":\"WebSite\",\"@id\":\"https:\/\/www.batxilleratgranes.com\/es\/#website\",\"url\":\"https:\/\/www.batxilleratgranes.com\/es\/\",\"name\":\"Gran\u00e9s Batxillerat - Escuela especializada en Bachillerato en Barcelona\",\"description\":\"Escola especialitzada en Batxillerat a Barcelona\",\"publisher\":{\"@id\":\"https:\/\/www.batxilleratgranes.com\/es\/#organization\"},\"potentialAction\":[{\"@type\":\"SearchAction\",\"target\":{\"@type\":\"EntryPoint\",\"urlTemplate\":\"https:\/\/www.batxilleratgranes.com\/es\/?s={search_term_string}\"},\"query-input\":{\"@type\":\"PropertyValueSpecification\",\"valueRequired\":true,\"valueName\":\"search_term_string\"}}],\"inLanguage\":\"es\"},{\"@type\":\"Organization\",\"@id\":\"https:\/\/www.batxilleratgranes.com\/es\/#organization\",\"name\":\"Gran\u00e9s Batxillerat - Escuela especializada en Bachillerato en Barcelona\",\"url\":\"https:\/\/www.batxilleratgranes.com\/es\/\",\"logo\":{\"@type\":\"ImageObject\",\"inLanguage\":\"es\",\"@id\":\"https:\/\/www.batxilleratgranes.com\/es\/#\/schema\/logo\/image\/\",\"url\":\"https:\/\/www.batxilleratgranes.com\/wp-content\/uploads\/2013\/01\/granes1.png\",\"contentUrl\":\"https:\/\/www.batxilleratgranes.com\/wp-content\/uploads\/2013\/01\/granes1.png\",\"width\":292,\"height\":85,\"caption\":\"Gran\u00e9s Batxillerat - Escuela especializada en Bachillerato en Barcelona\"},\"image\":{\"@id\":\"https:\/\/www.batxilleratgranes.com\/es\/#\/schema\/logo\/image\/\"}},{\"@type\":\"Person\",\"@id\":\"https:\/\/www.batxilleratgranes.com\/es\/#\/schema\/person\/c6cad771e5a8185c7d86589fcb6830f0\",\"name\":\"iria.canovas@granes.org\",\"image\":{\"@type\":\"ImageObject\",\"inLanguage\":\"es\",\"@id\":\"https:\/\/www.batxilleratgranes.com\/es\/#\/schema\/person\/image\/\",\"url\":\"https:\/\/secure.gravatar.com\/avatar\/daf801bc1747e8ccc693c9041f5585cd?s=96&d=mm&r=g\",\"contentUrl\":\"https:\/\/secure.gravatar.com\/avatar\/daf801bc1747e8ccc693c9041f5585cd?s=96&d=mm&r=g\",\"caption\":\"iria.canovas@granes.org\"},\"url\":\"https:\/\/www.batxilleratgranes.com\/es\/author\/iria-canovasgranes-org\/\"}]}<\/script>\n<!-- \/ Yoast SEO plugin. -->","yoast_head_json":{"title":"Vistem l\u2019Orpheus del Museu de la M\u00fasica - Gran\u00e9s Batxillerat - Escuela especializada en Bachillerato en Barcelona","description":"Visita guiada Orpheus del Museu de la M\u00fasica dels alumnes de 2n de batxillerat de l'itinerari de M\u00fasica de Gran\u00e9s Batxillerat.","robots":{"index":"index","follow":"follow","max-snippet":"max-snippet:-1","max-image-preview":"max-image-preview:large","max-video-preview":"max-video-preview:-1"},"canonical":"https:\/\/www.batxilleratgranes.com\/es\/vistem-lorpheus-del-museu-de-la-musica\/","og_locale":"es_ES","og_type":"article","og_title":"Vistem l\u2019Orpheus del Museu de la M\u00fasica - Gran\u00e9s Batxillerat - Escuela especializada en Bachillerato en Barcelona","og_description":"Visita guiada Orpheus del Museu de la M\u00fasica dels alumnes de 2n de batxillerat de l'itinerari de M\u00fasica de Gran\u00e9s Batxillerat.","og_url":"https:\/\/www.batxilleratgranes.com\/es\/vistem-lorpheus-del-museu-de-la-musica\/","og_site_name":"Gran\u00e9s Batxillerat - Escuela especializada en Bachillerato en Barcelona","article_published_time":"2026-03-16T08:42:54+00:00","article_modified_time":"2026-03-16T08:42:56+00:00","og_image":[{"width":799,"height":857,"url":"https:\/\/www.batxilleratgranes.com\/wp-content\/uploads\/2026\/03\/Portada-Orpheus.jpg","type":"image\/jpeg"}],"author":"iria.canovas@granes.org","twitter_card":"summary_large_image","twitter_misc":{"Written by":"iria.canovas@granes.org","Est. reading time":"3 minutes"},"schema":{"@context":"https:\/\/schema.org","@graph":[{"@type":"Article","@id":"https:\/\/www.batxilleratgranes.com\/es\/vistem-lorpheus-del-museu-de-la-musica\/#article","isPartOf":{"@id":"https:\/\/www.batxilleratgranes.com\/es\/vistem-lorpheus-del-museu-de-la-musica\/"},"author":{"name":"iria.canovas@granes.org","@id":"https:\/\/www.batxilleratgranes.com\/es\/#\/schema\/person\/c6cad771e5a8185c7d86589fcb6830f0"},"headline":"Vistem l\u2019Orpheus del Museu de la M\u00fasica","datePublished":"2026-03-16T08:42:54+00:00","dateModified":"2026-03-16T08:42:56+00:00","mainEntityOfPage":{"@id":"https:\/\/www.batxilleratgranes.com\/es\/vistem-lorpheus-del-museu-de-la-musica\/"},"wordCount":272,"publisher":{"@id":"https:\/\/www.batxilleratgranes.com\/es\/#organization"},"image":{"@id":"https:\/\/www.batxilleratgranes.com\/es\/vistem-lorpheus-del-museu-de-la-musica\/#primaryimage"},"thumbnailUrl":"https:\/\/www.batxilleratgranes.com\/wp-content\/uploads\/2026\/03\/Portada-Orpheus.jpg","keywords":["Batxillerat de M\u00fasica","Batxillerat Musical","Hist\u00f2ria de la m\u00fasica","Museu de la M\u00fasica","Sortides"],"articleSection":["Activitats Gran\u00e9s"],"inLanguage":"es"},{"@type":"WebPage","@id":"https:\/\/www.batxilleratgranes.com\/es\/vistem-lorpheus-del-museu-de-la-musica\/","url":"https:\/\/www.batxilleratgranes.com\/es\/vistem-lorpheus-del-museu-de-la-musica\/","name":"Vistem l\u2019Orpheus del Museu de la M\u00fasica - Gran\u00e9s Batxillerat - Escuela especializada en Bachillerato en Barcelona","isPartOf":{"@id":"https:\/\/www.batxilleratgranes.com\/es\/#website"},"primaryImageOfPage":{"@id":"https:\/\/www.batxilleratgranes.com\/es\/vistem-lorpheus-del-museu-de-la-musica\/#primaryimage"},"image":{"@id":"https:\/\/www.batxilleratgranes.com\/es\/vistem-lorpheus-del-museu-de-la-musica\/#primaryimage"},"thumbnailUrl":"https:\/\/www.batxilleratgranes.com\/wp-content\/uploads\/2026\/03\/Portada-Orpheus.jpg","datePublished":"2026-03-16T08:42:54+00:00","dateModified":"2026-03-16T08:42:56+00:00","description":"Visita guiada Orpheus del Museu de la M\u00fasica dels alumnes de 2n de batxillerat de l'itinerari de M\u00fasica de Gran\u00e9s Batxillerat.","breadcrumb":{"@id":"https:\/\/www.batxilleratgranes.com\/es\/vistem-lorpheus-del-museu-de-la-musica\/#breadcrumb"},"inLanguage":"es","potentialAction":[{"@type":"ReadAction","target":["https:\/\/www.batxilleratgranes.com\/es\/vistem-lorpheus-del-museu-de-la-musica\/"]}]},{"@type":"ImageObject","inLanguage":"es","@id":"https:\/\/www.batxilleratgranes.com\/es\/vistem-lorpheus-del-museu-de-la-musica\/#primaryimage","url":"https:\/\/www.batxilleratgranes.com\/wp-content\/uploads\/2026\/03\/Portada-Orpheus.jpg","contentUrl":"https:\/\/www.batxilleratgranes.com\/wp-content\/uploads\/2026\/03\/Portada-Orpheus.jpg","width":799,"height":857,"caption":"Visita Orpheus del Museu de la M\u00fasica de Barcelona"},{"@type":"BreadcrumbList","@id":"https:\/\/www.batxilleratgranes.com\/es\/vistem-lorpheus-del-museu-de-la-musica\/#breadcrumb","itemListElement":[{"@type":"ListItem","position":1,"name":"Inici","item":"https:\/\/www.batxilleratgranes.com\/es\/"},{"@type":"ListItem","position":2,"name":"Vistem l\u2019Orpheus del Museu de la M\u00fasica"}]},{"@type":"WebSite","@id":"https:\/\/www.batxilleratgranes.com\/es\/#website","url":"https:\/\/www.batxilleratgranes.com\/es\/","name":"Gran\u00e9s Batxillerat - Escuela especializada en Bachillerato en Barcelona","description":"Escola especialitzada en Batxillerat a Barcelona","publisher":{"@id":"https:\/\/www.batxilleratgranes.com\/es\/#organization"},"potentialAction":[{"@type":"SearchAction","target":{"@type":"EntryPoint","urlTemplate":"https:\/\/www.batxilleratgranes.com\/es\/?s={search_term_string}"},"query-input":{"@type":"PropertyValueSpecification","valueRequired":true,"valueName":"search_term_string"}}],"inLanguage":"es"},{"@type":"Organization","@id":"https:\/\/www.batxilleratgranes.com\/es\/#organization","name":"Gran\u00e9s Batxillerat - Escuela especializada en Bachillerato en Barcelona","url":"https:\/\/www.batxilleratgranes.com\/es\/","logo":{"@type":"ImageObject","inLanguage":"es","@id":"https:\/\/www.batxilleratgranes.com\/es\/#\/schema\/logo\/image\/","url":"https:\/\/www.batxilleratgranes.com\/wp-content\/uploads\/2013\/01\/granes1.png","contentUrl":"https:\/\/www.batxilleratgranes.com\/wp-content\/uploads\/2013\/01\/granes1.png","width":292,"height":85,"caption":"Gran\u00e9s Batxillerat - Escuela especializada en Bachillerato en Barcelona"},"image":{"@id":"https:\/\/www.batxilleratgranes.com\/es\/#\/schema\/logo\/image\/"}},{"@type":"Person","@id":"https:\/\/www.batxilleratgranes.com\/es\/#\/schema\/person\/c6cad771e5a8185c7d86589fcb6830f0","name":"iria.canovas@granes.org","image":{"@type":"ImageObject","inLanguage":"es","@id":"https:\/\/www.batxilleratgranes.com\/es\/#\/schema\/person\/image\/","url":"https:\/\/secure.gravatar.com\/avatar\/daf801bc1747e8ccc693c9041f5585cd?s=96&d=mm&r=g","contentUrl":"https:\/\/secure.gravatar.com\/avatar\/daf801bc1747e8ccc693c9041f5585cd?s=96&d=mm&r=g","caption":"iria.canovas@granes.org"},"url":"https:\/\/www.batxilleratgranes.com\/es\/author\/iria-canovasgranes-org\/"}]}},"_links":{"self":[{"href":"https:\/\/www.batxilleratgranes.com\/es\/wp-json\/wp\/v2\/posts\/60191"}],"collection":[{"href":"https:\/\/www.batxilleratgranes.com\/es\/wp-json\/wp\/v2\/posts"}],"about":[{"href":"https:\/\/www.batxilleratgranes.com\/es\/wp-json\/wp\/v2\/types\/post"}],"author":[{"embeddable":true,"href":"https:\/\/www.batxilleratgranes.com\/es\/wp-json\/wp\/v2\/users\/7"}],"replies":[{"embeddable":true,"href":"https:\/\/www.batxilleratgranes.com\/es\/wp-json\/wp\/v2\/comments?post=60191"}],"version-history":[{"count":2,"href":"https:\/\/www.batxilleratgranes.com\/es\/wp-json\/wp\/v2\/posts\/60191\/revisions"}],"predecessor-version":[{"id":60215,"href":"https:\/\/www.batxilleratgranes.com\/es\/wp-json\/wp\/v2\/posts\/60191\/revisions\/60215"}],"wp:featuredmedia":[{"embeddable":true,"href":"https:\/\/www.batxilleratgranes.com\/es\/wp-json\/wp\/v2\/media\/60205"}],"wp:attachment":[{"href":"https:\/\/www.batxilleratgranes.com\/es\/wp-json\/wp\/v2\/media?parent=60191"}],"wp:term":[{"taxonomy":"category","embeddable":true,"href":"https:\/\/www.batxilleratgranes.com\/es\/wp-json\/wp\/v2\/categories?post=60191"},{"taxonomy":"post_tag","embeddable":true,"href":"https:\/\/www.batxilleratgranes.com\/es\/wp-json\/wp\/v2\/tags?post=60191"}],"curies":[{"name":"wp","href":"https:\/\/api.w.org\/{rel}","templated":true}]}}