{"id":60216,"date":"2026-03-17T10:56:57","date_gmt":"2026-03-17T10:56:57","guid":{"rendered":"https:\/\/www.batxilleratgranes.com\/?p=60216"},"modified":"2026-03-17T10:57:00","modified_gmt":"2026-03-17T10:57:00","slug":"xerrades-de-mares-i-pares-sobre-orientacio-academica-i-professional","status":"publish","type":"post","link":"https:\/\/www.batxilleratgranes.com\/es\/xerrades-de-mares-i-pares-sobre-orientacio-academica-i-professional\/","title":{"rendered":"Xerrades de mares i pares sobre orientaci\u00f3 acad\u00e8mica i professional"},"content":{"rendered":"\n<p>El passat divendres, l\u2019alumnat de 2n de Batxillerat de Gran\u00e9s va participar en una sessi\u00f3 de xerrades molt especial amb la <strong>visita de mares i pares d\u2019alumnes de l\u2019escola.<\/strong> L\u2019objectiu de la trobada era <strong>compartir les seves traject\u00f2ries professionals<\/strong> i oferir als alumnes una <strong>visi\u00f3 real i propera del m\u00f3n laboral.<\/strong><\/p>\n\n\n\n<p>Aquestes xerrades que organitzem a l\u2019hora de tutoria, formen part del <strong>Pla d\u2019Acci\u00f3 Tutorial <\/strong>i de les diverses <a href=\"https:\/\/www.batxilleratgranes.com\/orientacio-universitaria\/\"><strong>accions d\u2019orientaci\u00f3 acad\u00e8mica<\/strong><\/a> que, juntament amb les <strong>tutories individualitzades<\/strong>, la <strong>Jornada d\u2019Orientaci\u00f3 Universit\u00e0ria<\/strong> i les <strong>xerrades d\u2019exalumnes<\/strong>, entre d&#8217;altres, organitzem al llarg del curs pels alumnes de segon de batxillerat.<\/p>\n\n\n\n<figure class=\"wp-block-gallery has-nested-images columns-default is-cropped wp-block-gallery-1 is-layout-flex wp-block-gallery-is-layout-flex\">\n<figure class=\"wp-block-image size-large\"><a href=\"https:\/\/www.batxilleratgranes.com\/wp-content\/uploads\/2026\/03\/Xerrada-Mares-i-Pares2.jpg\"><img loading=\"lazy\" decoding=\"async\" width=\"800\" height=\"493\" data-id=\"60222\" src=\"https:\/\/www.batxilleratgranes.com\/wp-content\/uploads\/2026\/03\/Xerrada-Mares-i-Pares2.jpg\" alt=\"\" class=\"wp-image-60222\" srcset=\"https:\/\/www.batxilleratgranes.com\/wp-content\/uploads\/2026\/03\/Xerrada-Mares-i-Pares2.jpg 800w, https:\/\/www.batxilleratgranes.com\/wp-content\/uploads\/2026\/03\/Xerrada-Mares-i-Pares2-300x185.jpg 300w, https:\/\/www.batxilleratgranes.com\/wp-content\/uploads\/2026\/03\/Xerrada-Mares-i-Pares2-768x473.jpg 768w\" sizes=\"(max-width: 800px) 100vw, 800px\" \/><\/a><\/figure>\n\n\n\n<figure class=\"wp-block-image size-large\"><a href=\"https:\/\/www.batxilleratgranes.com\/wp-content\/uploads\/2026\/03\/Xerrades-mares-i-pares1-1.png\"><img loading=\"lazy\" decoding=\"async\" width=\"800\" height=\"424\" data-id=\"60224\" src=\"https:\/\/www.batxilleratgranes.com\/wp-content\/uploads\/2026\/03\/Xerrades-mares-i-pares1-1.png\" alt=\"\" class=\"wp-image-60224\" srcset=\"https:\/\/www.batxilleratgranes.com\/wp-content\/uploads\/2026\/03\/Xerrades-mares-i-pares1-1.png 800w, https:\/\/www.batxilleratgranes.com\/wp-content\/uploads\/2026\/03\/Xerrades-mares-i-pares1-1-300x159.png 300w, https:\/\/www.batxilleratgranes.com\/wp-content\/uploads\/2026\/03\/Xerrades-mares-i-pares1-1-768x407.png 768w\" sizes=\"(max-width: 800px) 100vw, 800px\" \/><\/a><\/figure>\n<\/figure>\n\n\n\n<p>Empresaris, professionals de la comunicaci\u00f3, de l&#8217;engenyeria i de l&#8217;advocacia. Cada ponent va explicar el seu <strong>recorregut personal<\/strong>, estudis i experi\u00e8ncies professionals que ha anat acumulant al llarg del temps fins arribar a la seva situaci\u00f3 laboral actual. A trav\u00e9s d\u2019aquests relats, els estudiants van poder descobrir que els <strong>camins professionals sovint no s\u00f3n lineals<\/strong> i que les <strong>oportunitats, els canvis i les decisions personals<\/strong> poden anar <strong>redefinint el trajecte <\/strong>al llarg dels anys.<\/p>\n\n\n\n<p>Les xerrades tamb\u00e9 van permetre con\u00e8ixer<strong> \u00e0mbits professionals molt diversos<\/strong> i els alumnes van tenir l\u2019oportunitat de plantejar preguntes i compartir inquietuds sobre estudis universitaris, sortides professionals i expectatives de futur.<\/p>\n\n\n\n<p>M\u00e9s enll\u00e0 de les professions concretes, totes les intervencions van transmetre un <strong>missatge com\u00fa<\/strong>: aquest \u00e9s un <strong>moment important<\/strong> perqu\u00e8 els alumnes han de decidir cap a on orientar el seu proper pas acad\u00e8mic, per\u00f2 aquesta decisi\u00f3 <strong>no determina tota la seva traject\u00f2ria vital<\/strong>. La <strong>vida professional \u00e9s din\u00e0mica<\/strong> i sovint ofereix nous camins i oportunitats inesperades.<\/p>\n\n\n\n<p>Amb un <strong>missatge de calma i optimisme<\/strong>, els familiars van recordar als alumnes que aquest moment no \u00e9s un final, sin\u00f3 el <strong>comen\u00e7ament d\u2019un cam\u00ed ple de possibilitats<\/strong> que es construir\u00e0 pas a pas.<\/p>\n\n\n\n<p><strong>Volem agrair a totes les mares i pares<\/strong> que van voler venir a compartir les seves experi\u00e8ncies i donar suport als nostres alumnes de 2n en aquest moment important.<\/p>\n","protected":false},"excerpt":{"rendered":"<p>El passat divendres, l\u2019alumnat de 2n de Batxillerat de Gran\u00e9s va participar en una sessi\u00f3 de xerrades molt especial amb la visita de mares i pares d\u2019alumnes de l\u2019escola. L\u2019objectiu de la trobada era compartir les seves traject\u00f2ries professionals i oferir als alumnes una visi\u00f3 real i propera del m\u00f3n laboral. Aquestes xerrades que organitzem&hellip;&nbsp;<a href=\"https:\/\/www.batxilleratgranes.com\/es\/xerrades-de-mares-i-pares-sobre-orientacio-academica-i-professional\/\" class=\"\" rel=\"bookmark\">Read More &raquo;<span class=\"screen-reader-text\">Xerrades de mares i pares sobre orientaci\u00f3 acad\u00e8mica i professional<\/span><\/a><\/p>\n","protected":false},"author":7,"featured_media":60217,"comment_status":"closed","ping_status":"open","sticky":false,"template":"","format":"standard","meta":{"neve_meta_sidebar":"","neve_meta_container":"","neve_meta_enable_content_width":"","neve_meta_content_width":0,"neve_meta_title_alignment":"","neve_meta_author_avatar":"","neve_post_elements_order":"","neve_meta_disable_header":"","neve_meta_disable_footer":"","neve_meta_disable_title":"","footnotes":""},"categories":[1370],"tags":[1617,1646,1645],"class_list":["post-60216","post","type-post","status-publish","format-standard","has-post-thumbnail","hentry","category-activitats-granes-2","tag-orientacio-academica","tag-pla-daccio-tutorial","tag-xerrades-mares-i-pares"],"yoast_head":"<!-- This site is optimized with the Yoast SEO plugin v23.4 - https:\/\/yoast.com\/wordpress\/plugins\/seo\/ -->\n<title>Xerrades de mares i pares sobre orientaci\u00f3 acad\u00e8mica i professional - Gran\u00e9s Batxillerat - Escuela especializada en Bachillerato en Barcelona<\/title>\n<meta name=\"description\" content=\"L\u2019alumnat de 2n de Batxillerat va participar en una sessi\u00f3 de xerrades molt especial amb la visita de mares i pares d\u2019alumnes de l\u2019escola.\" \/>\n<meta name=\"robots\" content=\"index, follow, max-snippet:-1, max-image-preview:large, max-video-preview:-1\" \/>\n<link rel=\"canonical\" href=\"https:\/\/www.batxilleratgranes.com\/es\/xerrades-de-mares-i-pares-sobre-orientacio-academica-i-professional\/\" \/>\n<meta property=\"og:locale\" content=\"es_ES\" \/>\n<meta property=\"og:type\" content=\"article\" \/>\n<meta property=\"og:title\" content=\"Xerrades de mares i pares sobre orientaci\u00f3 acad\u00e8mica i professional - Gran\u00e9s Batxillerat - Escuela especializada en Bachillerato en Barcelona\" \/>\n<meta property=\"og:description\" content=\"L\u2019alumnat de 2n de Batxillerat va participar en una sessi\u00f3 de xerrades molt especial amb la visita de mares i pares d\u2019alumnes de l\u2019escola.\" \/>\n<meta property=\"og:url\" content=\"https:\/\/www.batxilleratgranes.com\/es\/xerrades-de-mares-i-pares-sobre-orientacio-academica-i-professional\/\" \/>\n<meta property=\"og:site_name\" content=\"Gran\u00e9s Batxillerat - Escuela especializada en Bachillerato en Barcelona\" \/>\n<meta property=\"article:published_time\" content=\"2026-03-17T10:56:57+00:00\" \/>\n<meta property=\"article:modified_time\" content=\"2026-03-17T10:57:00+00:00\" \/>\n<meta property=\"og:image\" content=\"https:\/\/www.batxilleratgranes.com\/wp-content\/uploads\/2026\/03\/Portada-Xerrada-Mares-i-Pares.jpg\" \/>\n\t<meta property=\"og:image:width\" content=\"800\" \/>\n\t<meta property=\"og:image:height\" content=\"600\" \/>\n\t<meta property=\"og:image:type\" content=\"image\/jpeg\" \/>\n<meta name=\"author\" content=\"iria.canovas@granes.org\" \/>\n<meta name=\"twitter:card\" content=\"summary_large_image\" \/>\n<meta name=\"twitter:label1\" content=\"Written by\" \/>\n\t<meta name=\"twitter:data1\" content=\"iria.canovas@granes.org\" \/>\n\t<meta name=\"twitter:label2\" content=\"Est. reading time\" \/>\n\t<meta name=\"twitter:data2\" content=\"3 minutes\" \/>\n<script type=\"application\/ld+json\" class=\"yoast-schema-graph\">{\"@context\":\"https:\/\/schema.org\",\"@graph\":[{\"@type\":\"Article\",\"@id\":\"https:\/\/www.batxilleratgranes.com\/es\/xerrades-de-mares-i-pares-sobre-orientacio-academica-i-professional\/#article\",\"isPartOf\":{\"@id\":\"https:\/\/www.batxilleratgranes.com\/es\/xerrades-de-mares-i-pares-sobre-orientacio-academica-i-professional\/\"},\"author\":{\"name\":\"iria.canovas@granes.org\",\"@id\":\"https:\/\/www.batxilleratgranes.com\/es\/#\/schema\/person\/c6cad771e5a8185c7d86589fcb6830f0\"},\"headline\":\"Xerrades de mares i pares sobre orientaci\u00f3 acad\u00e8mica i professional\",\"datePublished\":\"2026-03-17T10:56:57+00:00\",\"dateModified\":\"2026-03-17T10:57:00+00:00\",\"mainEntityOfPage\":{\"@id\":\"https:\/\/www.batxilleratgranes.com\/es\/xerrades-de-mares-i-pares-sobre-orientacio-academica-i-professional\/\"},\"wordCount\":365,\"publisher\":{\"@id\":\"https:\/\/www.batxilleratgranes.com\/es\/#organization\"},\"image\":{\"@id\":\"https:\/\/www.batxilleratgranes.com\/es\/xerrades-de-mares-i-pares-sobre-orientacio-academica-i-professional\/#primaryimage\"},\"thumbnailUrl\":\"https:\/\/www.batxilleratgranes.com\/wp-content\/uploads\/2026\/03\/Portada-Xerrada-Mares-i-Pares.jpg\",\"keywords\":[\"Orientaci\u00f3 acad\u00e8mica\",\"Pla d'acci\u00f3 Tutorial\",\"Xerrades mares i pares\"],\"articleSection\":[\"Activitats Gran\u00e9s\"],\"inLanguage\":\"es\"},{\"@type\":\"WebPage\",\"@id\":\"https:\/\/www.batxilleratgranes.com\/es\/xerrades-de-mares-i-pares-sobre-orientacio-academica-i-professional\/\",\"url\":\"https:\/\/www.batxilleratgranes.com\/es\/xerrades-de-mares-i-pares-sobre-orientacio-academica-i-professional\/\",\"name\":\"Xerrades de mares i pares sobre orientaci\u00f3 acad\u00e8mica i professional - Gran\u00e9s Batxillerat - Escuela especializada en Bachillerato en Barcelona\",\"isPartOf\":{\"@id\":\"https:\/\/www.batxilleratgranes.com\/es\/#website\"},\"primaryImageOfPage\":{\"@id\":\"https:\/\/www.batxilleratgranes.com\/es\/xerrades-de-mares-i-pares-sobre-orientacio-academica-i-professional\/#primaryimage\"},\"image\":{\"@id\":\"https:\/\/www.batxilleratgranes.com\/es\/xerrades-de-mares-i-pares-sobre-orientacio-academica-i-professional\/#primaryimage\"},\"thumbnailUrl\":\"https:\/\/www.batxilleratgranes.com\/wp-content\/uploads\/2026\/03\/Portada-Xerrada-Mares-i-Pares.jpg\",\"datePublished\":\"2026-03-17T10:56:57+00:00\",\"dateModified\":\"2026-03-17T10:57:00+00:00\",\"description\":\"L\u2019alumnat de 2n de Batxillerat va participar en una sessi\u00f3 de xerrades molt especial amb la visita de mares i pares d\u2019alumnes de l\u2019escola.\",\"breadcrumb\":{\"@id\":\"https:\/\/www.batxilleratgranes.com\/es\/xerrades-de-mares-i-pares-sobre-orientacio-academica-i-professional\/#breadcrumb\"},\"inLanguage\":\"es\",\"potentialAction\":[{\"@type\":\"ReadAction\",\"target\":[\"https:\/\/www.batxilleratgranes.com\/es\/xerrades-de-mares-i-pares-sobre-orientacio-academica-i-professional\/\"]}]},{\"@type\":\"ImageObject\",\"inLanguage\":\"es\",\"@id\":\"https:\/\/www.batxilleratgranes.com\/es\/xerrades-de-mares-i-pares-sobre-orientacio-academica-i-professional\/#primaryimage\",\"url\":\"https:\/\/www.batxilleratgranes.com\/wp-content\/uploads\/2026\/03\/Portada-Xerrada-Mares-i-Pares.jpg\",\"contentUrl\":\"https:\/\/www.batxilleratgranes.com\/wp-content\/uploads\/2026\/03\/Portada-Xerrada-Mares-i-Pares.jpg\",\"width\":800,\"height\":600},{\"@type\":\"BreadcrumbList\",\"@id\":\"https:\/\/www.batxilleratgranes.com\/es\/xerrades-de-mares-i-pares-sobre-orientacio-academica-i-professional\/#breadcrumb\",\"itemListElement\":[{\"@type\":\"ListItem\",\"position\":1,\"name\":\"Inici\",\"item\":\"https:\/\/www.batxilleratgranes.com\/es\/\"},{\"@type\":\"ListItem\",\"position\":2,\"name\":\"Xerrades de mares i pares sobre orientaci\u00f3 acad\u00e8mica i professional\"}]},{\"@type\":\"WebSite\",\"@id\":\"https:\/\/www.batxilleratgranes.com\/es\/#website\",\"url\":\"https:\/\/www.batxilleratgranes.com\/es\/\",\"name\":\"Gran\u00e9s Batxillerat - Escuela especializada en Bachillerato en Barcelona\",\"description\":\"Escola especialitzada en Batxillerat a Barcelona\",\"publisher\":{\"@id\":\"https:\/\/www.batxilleratgranes.com\/es\/#organization\"},\"potentialAction\":[{\"@type\":\"SearchAction\",\"target\":{\"@type\":\"EntryPoint\",\"urlTemplate\":\"https:\/\/www.batxilleratgranes.com\/es\/?s={search_term_string}\"},\"query-input\":{\"@type\":\"PropertyValueSpecification\",\"valueRequired\":true,\"valueName\":\"search_term_string\"}}],\"inLanguage\":\"es\"},{\"@type\":\"Organization\",\"@id\":\"https:\/\/www.batxilleratgranes.com\/es\/#organization\",\"name\":\"Gran\u00e9s Batxillerat - Escuela especializada en Bachillerato en Barcelona\",\"url\":\"https:\/\/www.batxilleratgranes.com\/es\/\",\"logo\":{\"@type\":\"ImageObject\",\"inLanguage\":\"es\",\"@id\":\"https:\/\/www.batxilleratgranes.com\/es\/#\/schema\/logo\/image\/\",\"url\":\"https:\/\/www.batxilleratgranes.com\/wp-content\/uploads\/2013\/01\/granes1.png\",\"contentUrl\":\"https:\/\/www.batxilleratgranes.com\/wp-content\/uploads\/2013\/01\/granes1.png\",\"width\":292,\"height\":85,\"caption\":\"Gran\u00e9s Batxillerat - Escuela especializada en Bachillerato en Barcelona\"},\"image\":{\"@id\":\"https:\/\/www.batxilleratgranes.com\/es\/#\/schema\/logo\/image\/\"}},{\"@type\":\"Person\",\"@id\":\"https:\/\/www.batxilleratgranes.com\/es\/#\/schema\/person\/c6cad771e5a8185c7d86589fcb6830f0\",\"name\":\"iria.canovas@granes.org\",\"image\":{\"@type\":\"ImageObject\",\"inLanguage\":\"es\",\"@id\":\"https:\/\/www.batxilleratgranes.com\/es\/#\/schema\/person\/image\/\",\"url\":\"https:\/\/secure.gravatar.com\/avatar\/daf801bc1747e8ccc693c9041f5585cd?s=96&d=mm&r=g\",\"contentUrl\":\"https:\/\/secure.gravatar.com\/avatar\/daf801bc1747e8ccc693c9041f5585cd?s=96&d=mm&r=g\",\"caption\":\"iria.canovas@granes.org\"},\"url\":\"https:\/\/www.batxilleratgranes.com\/es\/author\/iria-canovasgranes-org\/\"}]}<\/script>\n<!-- \/ Yoast SEO plugin. -->","yoast_head_json":{"title":"Xerrades de mares i pares sobre orientaci\u00f3 acad\u00e8mica i professional - Gran\u00e9s Batxillerat - Escuela especializada en Bachillerato en Barcelona","description":"L\u2019alumnat de 2n de Batxillerat va participar en una sessi\u00f3 de xerrades molt especial amb la visita de mares i pares d\u2019alumnes de l\u2019escola.","robots":{"index":"index","follow":"follow","max-snippet":"max-snippet:-1","max-image-preview":"max-image-preview:large","max-video-preview":"max-video-preview:-1"},"canonical":"https:\/\/www.batxilleratgranes.com\/es\/xerrades-de-mares-i-pares-sobre-orientacio-academica-i-professional\/","og_locale":"es_ES","og_type":"article","og_title":"Xerrades de mares i pares sobre orientaci\u00f3 acad\u00e8mica i professional - Gran\u00e9s Batxillerat - Escuela especializada en Bachillerato en Barcelona","og_description":"L\u2019alumnat de 2n de Batxillerat va participar en una sessi\u00f3 de xerrades molt especial amb la visita de mares i pares d\u2019alumnes de l\u2019escola.","og_url":"https:\/\/www.batxilleratgranes.com\/es\/xerrades-de-mares-i-pares-sobre-orientacio-academica-i-professional\/","og_site_name":"Gran\u00e9s Batxillerat - Escuela especializada en Bachillerato en Barcelona","article_published_time":"2026-03-17T10:56:57+00:00","article_modified_time":"2026-03-17T10:57:00+00:00","og_image":[{"width":800,"height":600,"url":"https:\/\/www.batxilleratgranes.com\/wp-content\/uploads\/2026\/03\/Portada-Xerrada-Mares-i-Pares.jpg","type":"image\/jpeg"}],"author":"iria.canovas@granes.org","twitter_card":"summary_large_image","twitter_misc":{"Written by":"iria.canovas@granes.org","Est. reading time":"3 minutes"},"schema":{"@context":"https:\/\/schema.org","@graph":[{"@type":"Article","@id":"https:\/\/www.batxilleratgranes.com\/es\/xerrades-de-mares-i-pares-sobre-orientacio-academica-i-professional\/#article","isPartOf":{"@id":"https:\/\/www.batxilleratgranes.com\/es\/xerrades-de-mares-i-pares-sobre-orientacio-academica-i-professional\/"},"author":{"name":"iria.canovas@granes.org","@id":"https:\/\/www.batxilleratgranes.com\/es\/#\/schema\/person\/c6cad771e5a8185c7d86589fcb6830f0"},"headline":"Xerrades de mares i pares sobre orientaci\u00f3 acad\u00e8mica i professional","datePublished":"2026-03-17T10:56:57+00:00","dateModified":"2026-03-17T10:57:00+00:00","mainEntityOfPage":{"@id":"https:\/\/www.batxilleratgranes.com\/es\/xerrades-de-mares-i-pares-sobre-orientacio-academica-i-professional\/"},"wordCount":365,"publisher":{"@id":"https:\/\/www.batxilleratgranes.com\/es\/#organization"},"image":{"@id":"https:\/\/www.batxilleratgranes.com\/es\/xerrades-de-mares-i-pares-sobre-orientacio-academica-i-professional\/#primaryimage"},"thumbnailUrl":"https:\/\/www.batxilleratgranes.com\/wp-content\/uploads\/2026\/03\/Portada-Xerrada-Mares-i-Pares.jpg","keywords":["Orientaci\u00f3 acad\u00e8mica","Pla d'acci\u00f3 Tutorial","Xerrades mares i pares"],"articleSection":["Activitats Gran\u00e9s"],"inLanguage":"es"},{"@type":"WebPage","@id":"https:\/\/www.batxilleratgranes.com\/es\/xerrades-de-mares-i-pares-sobre-orientacio-academica-i-professional\/","url":"https:\/\/www.batxilleratgranes.com\/es\/xerrades-de-mares-i-pares-sobre-orientacio-academica-i-professional\/","name":"Xerrades de mares i pares sobre orientaci\u00f3 acad\u00e8mica i professional - Gran\u00e9s Batxillerat - Escuela especializada en Bachillerato en Barcelona","isPartOf":{"@id":"https:\/\/www.batxilleratgranes.com\/es\/#website"},"primaryImageOfPage":{"@id":"https:\/\/www.batxilleratgranes.com\/es\/xerrades-de-mares-i-pares-sobre-orientacio-academica-i-professional\/#primaryimage"},"image":{"@id":"https:\/\/www.batxilleratgranes.com\/es\/xerrades-de-mares-i-pares-sobre-orientacio-academica-i-professional\/#primaryimage"},"thumbnailUrl":"https:\/\/www.batxilleratgranes.com\/wp-content\/uploads\/2026\/03\/Portada-Xerrada-Mares-i-Pares.jpg","datePublished":"2026-03-17T10:56:57+00:00","dateModified":"2026-03-17T10:57:00+00:00","description":"L\u2019alumnat de 2n de Batxillerat va participar en una sessi\u00f3 de xerrades molt especial amb la visita de mares i pares d\u2019alumnes de l\u2019escola.","breadcrumb":{"@id":"https:\/\/www.batxilleratgranes.com\/es\/xerrades-de-mares-i-pares-sobre-orientacio-academica-i-professional\/#breadcrumb"},"inLanguage":"es","potentialAction":[{"@type":"ReadAction","target":["https:\/\/www.batxilleratgranes.com\/es\/xerrades-de-mares-i-pares-sobre-orientacio-academica-i-professional\/"]}]},{"@type":"ImageObject","inLanguage":"es","@id":"https:\/\/www.batxilleratgranes.com\/es\/xerrades-de-mares-i-pares-sobre-orientacio-academica-i-professional\/#primaryimage","url":"https:\/\/www.batxilleratgranes.com\/wp-content\/uploads\/2026\/03\/Portada-Xerrada-Mares-i-Pares.jpg","contentUrl":"https:\/\/www.batxilleratgranes.com\/wp-content\/uploads\/2026\/03\/Portada-Xerrada-Mares-i-Pares.jpg","width":800,"height":600},{"@type":"BreadcrumbList","@id":"https:\/\/www.batxilleratgranes.com\/es\/xerrades-de-mares-i-pares-sobre-orientacio-academica-i-professional\/#breadcrumb","itemListElement":[{"@type":"ListItem","position":1,"name":"Inici","item":"https:\/\/www.batxilleratgranes.com\/es\/"},{"@type":"ListItem","position":2,"name":"Xerrades de mares i pares sobre orientaci\u00f3 acad\u00e8mica i professional"}]},{"@type":"WebSite","@id":"https:\/\/www.batxilleratgranes.com\/es\/#website","url":"https:\/\/www.batxilleratgranes.com\/es\/","name":"Gran\u00e9s Batxillerat - Escuela especializada en Bachillerato en Barcelona","description":"Escola especialitzada en Batxillerat a Barcelona","publisher":{"@id":"https:\/\/www.batxilleratgranes.com\/es\/#organization"},"potentialAction":[{"@type":"SearchAction","target":{"@type":"EntryPoint","urlTemplate":"https:\/\/www.batxilleratgranes.com\/es\/?s={search_term_string}"},"query-input":{"@type":"PropertyValueSpecification","valueRequired":true,"valueName":"search_term_string"}}],"inLanguage":"es"},{"@type":"Organization","@id":"https:\/\/www.batxilleratgranes.com\/es\/#organization","name":"Gran\u00e9s Batxillerat - Escuela especializada en Bachillerato en Barcelona","url":"https:\/\/www.batxilleratgranes.com\/es\/","logo":{"@type":"ImageObject","inLanguage":"es","@id":"https:\/\/www.batxilleratgranes.com\/es\/#\/schema\/logo\/image\/","url":"https:\/\/www.batxilleratgranes.com\/wp-content\/uploads\/2013\/01\/granes1.png","contentUrl":"https:\/\/www.batxilleratgranes.com\/wp-content\/uploads\/2013\/01\/granes1.png","width":292,"height":85,"caption":"Gran\u00e9s Batxillerat - Escuela especializada en Bachillerato en Barcelona"},"image":{"@id":"https:\/\/www.batxilleratgranes.com\/es\/#\/schema\/logo\/image\/"}},{"@type":"Person","@id":"https:\/\/www.batxilleratgranes.com\/es\/#\/schema\/person\/c6cad771e5a8185c7d86589fcb6830f0","name":"iria.canovas@granes.org","image":{"@type":"ImageObject","inLanguage":"es","@id":"https:\/\/www.batxilleratgranes.com\/es\/#\/schema\/person\/image\/","url":"https:\/\/secure.gravatar.com\/avatar\/daf801bc1747e8ccc693c9041f5585cd?s=96&d=mm&r=g","contentUrl":"https:\/\/secure.gravatar.com\/avatar\/daf801bc1747e8ccc693c9041f5585cd?s=96&d=mm&r=g","caption":"iria.canovas@granes.org"},"url":"https:\/\/www.batxilleratgranes.com\/es\/author\/iria-canovasgranes-org\/"}]}},"_links":{"self":[{"href":"https:\/\/www.batxilleratgranes.com\/es\/wp-json\/wp\/v2\/posts\/60216"}],"collection":[{"href":"https:\/\/www.batxilleratgranes.com\/es\/wp-json\/wp\/v2\/posts"}],"about":[{"href":"https:\/\/www.batxilleratgranes.com\/es\/wp-json\/wp\/v2\/types\/post"}],"author":[{"embeddable":true,"href":"https:\/\/www.batxilleratgranes.com\/es\/wp-json\/wp\/v2\/users\/7"}],"replies":[{"embeddable":true,"href":"https:\/\/www.batxilleratgranes.com\/es\/wp-json\/wp\/v2\/comments?post=60216"}],"version-history":[{"count":4,"href":"https:\/\/www.batxilleratgranes.com\/es\/wp-json\/wp\/v2\/posts\/60216\/revisions"}],"predecessor-version":[{"id":60228,"href":"https:\/\/www.batxilleratgranes.com\/es\/wp-json\/wp\/v2\/posts\/60216\/revisions\/60228"}],"wp:featuredmedia":[{"embeddable":true,"href":"https:\/\/www.batxilleratgranes.com\/es\/wp-json\/wp\/v2\/media\/60217"}],"wp:attachment":[{"href":"https:\/\/www.batxilleratgranes.com\/es\/wp-json\/wp\/v2\/media?parent=60216"}],"wp:term":[{"taxonomy":"category","embeddable":true,"href":"https:\/\/www.batxilleratgranes.com\/es\/wp-json\/wp\/v2\/categories?post=60216"},{"taxonomy":"post_tag","embeddable":true,"href":"https:\/\/www.batxilleratgranes.com\/es\/wp-json\/wp\/v2\/tags?post=60216"}],"curies":[{"name":"wp","href":"https:\/\/api.w.org\/{rel}","templated":true}]}}