{"id":60457,"date":"2026-04-27T09:18:33","date_gmt":"2026-04-27T09:18:33","guid":{"rendered":"https:\/\/www.batxilleratgranes.com\/?p=60457"},"modified":"2026-04-27T09:18:35","modified_gmt":"2026-04-27T09:18:35","slug":"un-dia-en-portaventura-park","status":"publish","type":"post","link":"https:\/\/www.batxilleratgranes.com\/es\/un-dia-en-portaventura-park\/","title":{"rendered":"Un dia en PortAventura Park"},"content":{"rendered":"\n<p>Els alumnes de <strong>1r de batxillerat<\/strong> van gaudir d\u2019una jornada molt especial a <a href=\"https:\/\/www.portaventuraworld.com\/portaventura?&amp;&amp;&amp;&amp;gclsrc=aw.ds&amp;gad_source=1&amp;gad_campaignid=22948907886&amp;gbraid=0AAAAADmUBFdLb-Lxqo-Oo9FLnphIg0Kpk&amp;gclid=EAIaIQobChMIkqywv-ODlAMVk6NQBh0JkDk4EAAYASABEgKhSfD_BwE\">PortAventura Park<\/a>, una experi\u00e8ncia pensada per <strong>compartir, desconnectar i refor\u00e7ar vincles<\/strong> en un entorn diferent de l\u2019habitual. Al llarg del dia, alumnes i professors van tenir l\u2019oportunitat de conviure d\u2019una manera m\u00e9s distesa, afavorint aquest <strong>ambient familiar que tant caracteritza la nostra escola.<\/strong><\/p>\n\n\n\n<p>La jornada va estar plena de moments emocionants, amb temps per pujar a les diverses<strong> atraccions<\/strong>, des de les m\u00e9s tranquil\u00b7les fins a les m\u00e9s intenses: aix\u00f2 els m\u00e9s valents clar! Tamb\u00e9 hi va haver espai per passejar pel parc, riure plegats i gaudir del <strong>bon temps,<\/strong> que va acompanyar durant tot el dia.<\/p>\n\n\n\n<p>Aquesta sortida no nom\u00e9s va estar una oportunitat per divertir-se, sin\u00f3 tamb\u00e9 per enfortir les relacions entre companys i professors, creant <strong>records compartits<\/strong> que van m\u00e9s enll\u00e0 de l\u2019aula. Activitats com aquesta ajuden a consolidar el sentiment de <strong>comunitat i pertinen\u00e7a.<\/strong><\/p>\n\n\n\n<p>Sens dubte, va estar una experi\u00e8ncia molt positiva que permet encarar amb <strong>energia renovada la recta final del curs<\/strong>, amb m\u00e9s motivaci\u00f3 i cohesi\u00f3 de grup.<\/p>\n","protected":false},"excerpt":{"rendered":"<p>Els alumnes de 1r de batxillerat van gaudir d\u2019una jornada molt especial a PortAventura Park, una experi\u00e8ncia pensada per compartir, desconnectar i refor\u00e7ar vincles en un entorn diferent de l\u2019habitual. Al llarg del dia, alumnes i professors van tenir l\u2019oportunitat de conviure d\u2019una manera m\u00e9s distesa, afavorint aquest ambient familiar que tant caracteritza la nostra&hellip;&nbsp;<a href=\"https:\/\/www.batxilleratgranes.com\/es\/un-dia-en-portaventura-park\/\" class=\"\" rel=\"bookmark\">Read More &raquo;<span class=\"screen-reader-text\">Un dia en PortAventura Park<\/span><\/a><\/p>\n","protected":false},"author":7,"featured_media":60515,"comment_status":"closed","ping_status":"open","sticky":false,"template":"","format":"standard","meta":{"neve_meta_sidebar":"","neve_meta_container":"","neve_meta_enable_content_width":"","neve_meta_content_width":0,"neve_meta_title_alignment":"","neve_meta_author_avatar":"","neve_post_elements_order":"","neve_meta_disable_header":"","neve_meta_disable_footer":"","neve_meta_disable_title":"","footnotes":""},"categories":[1370],"tags":[1451,35,807,1292],"class_list":["post-60457","post","type-post","status-publish","format-standard","has-post-thumbnail","hentry","category-activitats-granes-2","tag-batxillerat-barcelona","tag-granes-batxillerat","tag-portaventura","tag-som-granes"],"yoast_head":"<!-- This site is optimized with the Yoast SEO plugin v23.4 - https:\/\/yoast.com\/wordpress\/plugins\/seo\/ -->\n<title>Un dia en PortAventura Park - Gran\u00e9s Batxillerat - Escuela especializada en Bachillerato en Barcelona<\/title>\n<meta name=\"description\" content=\"Els alumnes de 1r de batxillerat van gaudir d\u2019una jornada especial a PortAventura, pensada per compartir, desconnectar i refor\u00e7ar vincles\" \/>\n<meta name=\"robots\" content=\"index, follow, max-snippet:-1, max-image-preview:large, max-video-preview:-1\" \/>\n<link rel=\"canonical\" href=\"https:\/\/www.batxilleratgranes.com\/es\/un-dia-en-portaventura-park\/\" \/>\n<meta property=\"og:locale\" content=\"es_ES\" \/>\n<meta property=\"og:type\" content=\"article\" \/>\n<meta property=\"og:title\" content=\"Un dia en PortAventura Park - Gran\u00e9s Batxillerat - Escuela especializada en Bachillerato en Barcelona\" \/>\n<meta property=\"og:description\" content=\"Els alumnes de 1r de batxillerat van gaudir d\u2019una jornada especial a PortAventura, pensada per compartir, desconnectar i refor\u00e7ar vincles\" \/>\n<meta property=\"og:url\" content=\"https:\/\/www.batxilleratgranes.com\/es\/un-dia-en-portaventura-park\/\" \/>\n<meta property=\"og:site_name\" content=\"Gran\u00e9s Batxillerat - Escuela especializada en Bachillerato en Barcelona\" \/>\n<meta property=\"article:published_time\" content=\"2026-04-27T09:18:33+00:00\" \/>\n<meta property=\"article:modified_time\" content=\"2026-04-27T09:18:35+00:00\" \/>\n<meta property=\"og:image\" content=\"https:\/\/www.batxilleratgranes.com\/wp-content\/uploads\/2026\/04\/Portada-PortAventura_Granes.jpg\" \/>\n\t<meta property=\"og:image:width\" content=\"800\" \/>\n\t<meta property=\"og:image:height\" content=\"600\" \/>\n\t<meta property=\"og:image:type\" content=\"image\/jpeg\" \/>\n<meta name=\"author\" content=\"iria.canovas@granes.org\" \/>\n<meta name=\"twitter:card\" content=\"summary_large_image\" \/>\n<meta name=\"twitter:label1\" content=\"Written by\" \/>\n\t<meta name=\"twitter:data1\" content=\"iria.canovas@granes.org\" \/>\n\t<meta name=\"twitter:label2\" content=\"Est. reading time\" \/>\n\t<meta name=\"twitter:data2\" content=\"2 minutes\" \/>\n<script type=\"application\/ld+json\" class=\"yoast-schema-graph\">{\"@context\":\"https:\/\/schema.org\",\"@graph\":[{\"@type\":\"Article\",\"@id\":\"https:\/\/www.batxilleratgranes.com\/es\/un-dia-en-portaventura-park\/#article\",\"isPartOf\":{\"@id\":\"https:\/\/www.batxilleratgranes.com\/es\/un-dia-en-portaventura-park\/\"},\"author\":{\"name\":\"iria.canovas@granes.org\",\"@id\":\"https:\/\/www.batxilleratgranes.com\/es\/#\/schema\/person\/c6cad771e5a8185c7d86589fcb6830f0\"},\"headline\":\"Un dia en PortAventura Park\",\"datePublished\":\"2026-04-27T09:18:33+00:00\",\"dateModified\":\"2026-04-27T09:18:35+00:00\",\"mainEntityOfPage\":{\"@id\":\"https:\/\/www.batxilleratgranes.com\/es\/un-dia-en-portaventura-park\/\"},\"wordCount\":199,\"publisher\":{\"@id\":\"https:\/\/www.batxilleratgranes.com\/es\/#organization\"},\"image\":{\"@id\":\"https:\/\/www.batxilleratgranes.com\/es\/un-dia-en-portaventura-park\/#primaryimage\"},\"thumbnailUrl\":\"https:\/\/www.batxilleratgranes.com\/wp-content\/uploads\/2026\/04\/Portada-PortAventura_Granes.jpg\",\"keywords\":[\"Batxillerat Barcelona\",\"Gran\u00e9s Batxillerat\",\"PortAventura\",\"Som Gran\u00e9s\"],\"articleSection\":[\"Activitats Gran\u00e9s\"],\"inLanguage\":\"es\"},{\"@type\":\"WebPage\",\"@id\":\"https:\/\/www.batxilleratgranes.com\/es\/un-dia-en-portaventura-park\/\",\"url\":\"https:\/\/www.batxilleratgranes.com\/es\/un-dia-en-portaventura-park\/\",\"name\":\"Un dia en PortAventura Park - Gran\u00e9s Batxillerat - Escuela especializada en Bachillerato en Barcelona\",\"isPartOf\":{\"@id\":\"https:\/\/www.batxilleratgranes.com\/es\/#website\"},\"primaryImageOfPage\":{\"@id\":\"https:\/\/www.batxilleratgranes.com\/es\/un-dia-en-portaventura-park\/#primaryimage\"},\"image\":{\"@id\":\"https:\/\/www.batxilleratgranes.com\/es\/un-dia-en-portaventura-park\/#primaryimage\"},\"thumbnailUrl\":\"https:\/\/www.batxilleratgranes.com\/wp-content\/uploads\/2026\/04\/Portada-PortAventura_Granes.jpg\",\"datePublished\":\"2026-04-27T09:18:33+00:00\",\"dateModified\":\"2026-04-27T09:18:35+00:00\",\"description\":\"Els alumnes de 1r de batxillerat van gaudir d\u2019una jornada especial a PortAventura, pensada per compartir, desconnectar i refor\u00e7ar vincles\",\"breadcrumb\":{\"@id\":\"https:\/\/www.batxilleratgranes.com\/es\/un-dia-en-portaventura-park\/#breadcrumb\"},\"inLanguage\":\"es\",\"potentialAction\":[{\"@type\":\"ReadAction\",\"target\":[\"https:\/\/www.batxilleratgranes.com\/es\/un-dia-en-portaventura-park\/\"]}]},{\"@type\":\"ImageObject\",\"inLanguage\":\"es\",\"@id\":\"https:\/\/www.batxilleratgranes.com\/es\/un-dia-en-portaventura-park\/#primaryimage\",\"url\":\"https:\/\/www.batxilleratgranes.com\/wp-content\/uploads\/2026\/04\/Portada-PortAventura_Granes.jpg\",\"contentUrl\":\"https:\/\/www.batxilleratgranes.com\/wp-content\/uploads\/2026\/04\/Portada-PortAventura_Granes.jpg\",\"width\":800,\"height\":600},{\"@type\":\"BreadcrumbList\",\"@id\":\"https:\/\/www.batxilleratgranes.com\/es\/un-dia-en-portaventura-park\/#breadcrumb\",\"itemListElement\":[{\"@type\":\"ListItem\",\"position\":1,\"name\":\"Inici\",\"item\":\"https:\/\/www.batxilleratgranes.com\/es\/\"},{\"@type\":\"ListItem\",\"position\":2,\"name\":\"Un dia en PortAventura Park\"}]},{\"@type\":\"WebSite\",\"@id\":\"https:\/\/www.batxilleratgranes.com\/es\/#website\",\"url\":\"https:\/\/www.batxilleratgranes.com\/es\/\",\"name\":\"Gran\u00e9s Batxillerat - Escuela especializada en Bachillerato en Barcelona\",\"description\":\"Escola especialitzada en Batxillerat a Barcelona\",\"publisher\":{\"@id\":\"https:\/\/www.batxilleratgranes.com\/es\/#organization\"},\"potentialAction\":[{\"@type\":\"SearchAction\",\"target\":{\"@type\":\"EntryPoint\",\"urlTemplate\":\"https:\/\/www.batxilleratgranes.com\/es\/?s={search_term_string}\"},\"query-input\":{\"@type\":\"PropertyValueSpecification\",\"valueRequired\":true,\"valueName\":\"search_term_string\"}}],\"inLanguage\":\"es\"},{\"@type\":\"Organization\",\"@id\":\"https:\/\/www.batxilleratgranes.com\/es\/#organization\",\"name\":\"Gran\u00e9s Batxillerat - Escuela especializada en Bachillerato en Barcelona\",\"url\":\"https:\/\/www.batxilleratgranes.com\/es\/\",\"logo\":{\"@type\":\"ImageObject\",\"inLanguage\":\"es\",\"@id\":\"https:\/\/www.batxilleratgranes.com\/es\/#\/schema\/logo\/image\/\",\"url\":\"https:\/\/www.batxilleratgranes.com\/wp-content\/uploads\/2013\/01\/granes1.png\",\"contentUrl\":\"https:\/\/www.batxilleratgranes.com\/wp-content\/uploads\/2013\/01\/granes1.png\",\"width\":292,\"height\":85,\"caption\":\"Gran\u00e9s Batxillerat - Escuela especializada en Bachillerato en Barcelona\"},\"image\":{\"@id\":\"https:\/\/www.batxilleratgranes.com\/es\/#\/schema\/logo\/image\/\"}},{\"@type\":\"Person\",\"@id\":\"https:\/\/www.batxilleratgranes.com\/es\/#\/schema\/person\/c6cad771e5a8185c7d86589fcb6830f0\",\"name\":\"iria.canovas@granes.org\",\"image\":{\"@type\":\"ImageObject\",\"inLanguage\":\"es\",\"@id\":\"https:\/\/www.batxilleratgranes.com\/es\/#\/schema\/person\/image\/\",\"url\":\"https:\/\/secure.gravatar.com\/avatar\/daf801bc1747e8ccc693c9041f5585cd?s=96&d=mm&r=g\",\"contentUrl\":\"https:\/\/secure.gravatar.com\/avatar\/daf801bc1747e8ccc693c9041f5585cd?s=96&d=mm&r=g\",\"caption\":\"iria.canovas@granes.org\"},\"url\":\"https:\/\/www.batxilleratgranes.com\/es\/author\/iria-canovasgranes-org\/\"}]}<\/script>\n<!-- \/ Yoast SEO plugin. -->","yoast_head_json":{"title":"Un dia en PortAventura Park - Gran\u00e9s Batxillerat - Escuela especializada en Bachillerato en Barcelona","description":"Els alumnes de 1r de batxillerat van gaudir d\u2019una jornada especial a PortAventura, pensada per compartir, desconnectar i refor\u00e7ar vincles","robots":{"index":"index","follow":"follow","max-snippet":"max-snippet:-1","max-image-preview":"max-image-preview:large","max-video-preview":"max-video-preview:-1"},"canonical":"https:\/\/www.batxilleratgranes.com\/es\/un-dia-en-portaventura-park\/","og_locale":"es_ES","og_type":"article","og_title":"Un dia en PortAventura Park - Gran\u00e9s Batxillerat - Escuela especializada en Bachillerato en Barcelona","og_description":"Els alumnes de 1r de batxillerat van gaudir d\u2019una jornada especial a PortAventura, pensada per compartir, desconnectar i refor\u00e7ar vincles","og_url":"https:\/\/www.batxilleratgranes.com\/es\/un-dia-en-portaventura-park\/","og_site_name":"Gran\u00e9s Batxillerat - Escuela especializada en Bachillerato en Barcelona","article_published_time":"2026-04-27T09:18:33+00:00","article_modified_time":"2026-04-27T09:18:35+00:00","og_image":[{"width":800,"height":600,"url":"https:\/\/www.batxilleratgranes.com\/wp-content\/uploads\/2026\/04\/Portada-PortAventura_Granes.jpg","type":"image\/jpeg"}],"author":"iria.canovas@granes.org","twitter_card":"summary_large_image","twitter_misc":{"Written by":"iria.canovas@granes.org","Est. reading time":"2 minutes"},"schema":{"@context":"https:\/\/schema.org","@graph":[{"@type":"Article","@id":"https:\/\/www.batxilleratgranes.com\/es\/un-dia-en-portaventura-park\/#article","isPartOf":{"@id":"https:\/\/www.batxilleratgranes.com\/es\/un-dia-en-portaventura-park\/"},"author":{"name":"iria.canovas@granes.org","@id":"https:\/\/www.batxilleratgranes.com\/es\/#\/schema\/person\/c6cad771e5a8185c7d86589fcb6830f0"},"headline":"Un dia en PortAventura Park","datePublished":"2026-04-27T09:18:33+00:00","dateModified":"2026-04-27T09:18:35+00:00","mainEntityOfPage":{"@id":"https:\/\/www.batxilleratgranes.com\/es\/un-dia-en-portaventura-park\/"},"wordCount":199,"publisher":{"@id":"https:\/\/www.batxilleratgranes.com\/es\/#organization"},"image":{"@id":"https:\/\/www.batxilleratgranes.com\/es\/un-dia-en-portaventura-park\/#primaryimage"},"thumbnailUrl":"https:\/\/www.batxilleratgranes.com\/wp-content\/uploads\/2026\/04\/Portada-PortAventura_Granes.jpg","keywords":["Batxillerat Barcelona","Gran\u00e9s Batxillerat","PortAventura","Som Gran\u00e9s"],"articleSection":["Activitats Gran\u00e9s"],"inLanguage":"es"},{"@type":"WebPage","@id":"https:\/\/www.batxilleratgranes.com\/es\/un-dia-en-portaventura-park\/","url":"https:\/\/www.batxilleratgranes.com\/es\/un-dia-en-portaventura-park\/","name":"Un dia en PortAventura Park - Gran\u00e9s Batxillerat - Escuela especializada en Bachillerato en Barcelona","isPartOf":{"@id":"https:\/\/www.batxilleratgranes.com\/es\/#website"},"primaryImageOfPage":{"@id":"https:\/\/www.batxilleratgranes.com\/es\/un-dia-en-portaventura-park\/#primaryimage"},"image":{"@id":"https:\/\/www.batxilleratgranes.com\/es\/un-dia-en-portaventura-park\/#primaryimage"},"thumbnailUrl":"https:\/\/www.batxilleratgranes.com\/wp-content\/uploads\/2026\/04\/Portada-PortAventura_Granes.jpg","datePublished":"2026-04-27T09:18:33+00:00","dateModified":"2026-04-27T09:18:35+00:00","description":"Els alumnes de 1r de batxillerat van gaudir d\u2019una jornada especial a PortAventura, pensada per compartir, desconnectar i refor\u00e7ar vincles","breadcrumb":{"@id":"https:\/\/www.batxilleratgranes.com\/es\/un-dia-en-portaventura-park\/#breadcrumb"},"inLanguage":"es","potentialAction":[{"@type":"ReadAction","target":["https:\/\/www.batxilleratgranes.com\/es\/un-dia-en-portaventura-park\/"]}]},{"@type":"ImageObject","inLanguage":"es","@id":"https:\/\/www.batxilleratgranes.com\/es\/un-dia-en-portaventura-park\/#primaryimage","url":"https:\/\/www.batxilleratgranes.com\/wp-content\/uploads\/2026\/04\/Portada-PortAventura_Granes.jpg","contentUrl":"https:\/\/www.batxilleratgranes.com\/wp-content\/uploads\/2026\/04\/Portada-PortAventura_Granes.jpg","width":800,"height":600},{"@type":"BreadcrumbList","@id":"https:\/\/www.batxilleratgranes.com\/es\/un-dia-en-portaventura-park\/#breadcrumb","itemListElement":[{"@type":"ListItem","position":1,"name":"Inici","item":"https:\/\/www.batxilleratgranes.com\/es\/"},{"@type":"ListItem","position":2,"name":"Un dia en PortAventura Park"}]},{"@type":"WebSite","@id":"https:\/\/www.batxilleratgranes.com\/es\/#website","url":"https:\/\/www.batxilleratgranes.com\/es\/","name":"Gran\u00e9s Batxillerat - Escuela especializada en Bachillerato en Barcelona","description":"Escola especialitzada en Batxillerat a Barcelona","publisher":{"@id":"https:\/\/www.batxilleratgranes.com\/es\/#organization"},"potentialAction":[{"@type":"SearchAction","target":{"@type":"EntryPoint","urlTemplate":"https:\/\/www.batxilleratgranes.com\/es\/?s={search_term_string}"},"query-input":{"@type":"PropertyValueSpecification","valueRequired":true,"valueName":"search_term_string"}}],"inLanguage":"es"},{"@type":"Organization","@id":"https:\/\/www.batxilleratgranes.com\/es\/#organization","name":"Gran\u00e9s Batxillerat - Escuela especializada en Bachillerato en Barcelona","url":"https:\/\/www.batxilleratgranes.com\/es\/","logo":{"@type":"ImageObject","inLanguage":"es","@id":"https:\/\/www.batxilleratgranes.com\/es\/#\/schema\/logo\/image\/","url":"https:\/\/www.batxilleratgranes.com\/wp-content\/uploads\/2013\/01\/granes1.png","contentUrl":"https:\/\/www.batxilleratgranes.com\/wp-content\/uploads\/2013\/01\/granes1.png","width":292,"height":85,"caption":"Gran\u00e9s Batxillerat - Escuela especializada en Bachillerato en Barcelona"},"image":{"@id":"https:\/\/www.batxilleratgranes.com\/es\/#\/schema\/logo\/image\/"}},{"@type":"Person","@id":"https:\/\/www.batxilleratgranes.com\/es\/#\/schema\/person\/c6cad771e5a8185c7d86589fcb6830f0","name":"iria.canovas@granes.org","image":{"@type":"ImageObject","inLanguage":"es","@id":"https:\/\/www.batxilleratgranes.com\/es\/#\/schema\/person\/image\/","url":"https:\/\/secure.gravatar.com\/avatar\/daf801bc1747e8ccc693c9041f5585cd?s=96&d=mm&r=g","contentUrl":"https:\/\/secure.gravatar.com\/avatar\/daf801bc1747e8ccc693c9041f5585cd?s=96&d=mm&r=g","caption":"iria.canovas@granes.org"},"url":"https:\/\/www.batxilleratgranes.com\/es\/author\/iria-canovasgranes-org\/"}]}},"_links":{"self":[{"href":"https:\/\/www.batxilleratgranes.com\/es\/wp-json\/wp\/v2\/posts\/60457"}],"collection":[{"href":"https:\/\/www.batxilleratgranes.com\/es\/wp-json\/wp\/v2\/posts"}],"about":[{"href":"https:\/\/www.batxilleratgranes.com\/es\/wp-json\/wp\/v2\/types\/post"}],"author":[{"embeddable":true,"href":"https:\/\/www.batxilleratgranes.com\/es\/wp-json\/wp\/v2\/users\/7"}],"replies":[{"embeddable":true,"href":"https:\/\/www.batxilleratgranes.com\/es\/wp-json\/wp\/v2\/comments?post=60457"}],"version-history":[{"count":3,"href":"https:\/\/www.batxilleratgranes.com\/es\/wp-json\/wp\/v2\/posts\/60457\/revisions"}],"predecessor-version":[{"id":60518,"href":"https:\/\/www.batxilleratgranes.com\/es\/wp-json\/wp\/v2\/posts\/60457\/revisions\/60518"}],"wp:featuredmedia":[{"embeddable":true,"href":"https:\/\/www.batxilleratgranes.com\/es\/wp-json\/wp\/v2\/media\/60515"}],"wp:attachment":[{"href":"https:\/\/www.batxilleratgranes.com\/es\/wp-json\/wp\/v2\/media?parent=60457"}],"wp:term":[{"taxonomy":"category","embeddable":true,"href":"https:\/\/www.batxilleratgranes.com\/es\/wp-json\/wp\/v2\/categories?post=60457"},{"taxonomy":"post_tag","embeddable":true,"href":"https:\/\/www.batxilleratgranes.com\/es\/wp-json\/wp\/v2\/tags?post=60457"}],"curies":[{"name":"wp","href":"https:\/\/api.w.org\/{rel}","templated":true}]}}