{"id":60520,"date":"2026-04-24T06:39:00","date_gmt":"2026-04-24T06:39:00","guid":{"rendered":"https:\/\/www.batxilleratgranes.com\/?p=60520"},"modified":"2026-04-28T07:37:55","modified_gmt":"2026-04-28T07:37:55","slug":"diada-de-sant-jordi","status":"publish","type":"post","link":"https:\/\/www.batxilleratgranes.com\/es\/diada-de-sant-jordi\/","title":{"rendered":"Diada de Sant Jordi"},"content":{"rendered":"\n<p>Amb motiu de la <strong>diada de Sant Jordi<\/strong>, l\u2019alumnat de Gran\u00e9s Batxillerat va participar en diverses activitats combinant <strong>literatura, tecnologia i creativitat,<\/strong> convertint aquesta jornada en una celebraci\u00f3 molt especial.<\/p>\n\n\n\n<p>Els alumnes dels <strong>itineraris cient\u00edfic i tecnol\u00f2gic<\/strong> van impulsar una iniciativa conjunta per <strong>fomentar la lectura entre companys<\/strong>. D\u2019una banda, van <strong>compartir recomanacions de llibres<\/strong> que els havien marcat especialment al llarg de la seva vida. De l\u2019altra, l\u2019alumnat del batxillerat tecnol\u00f2gic va desenvolupar una <strong>plataforma en l\u00ednia <\/strong>que permetia <strong>recollir aquestes propostes<\/strong>, incloent-hi el <strong>t\u00edtol de l\u2019obra, una breu ressenya i el nom de la persona que la recomanava.<\/strong> Aquesta eina va facilitar la difusi\u00f3 de les lectures i va generar un espai digital molt enriquidor. <\/p>\n\n\n\n<figure class=\"wp-block-image size-full\"><a href=\"https:\/\/www.batxilleratgranes.com\/wp-content\/uploads\/2026\/04\/IMG-20260423-WA0023.jpg\"><img loading=\"lazy\" decoding=\"async\" width=\"800\" height=\"452\" src=\"https:\/\/www.batxilleratgranes.com\/wp-content\/uploads\/2026\/04\/IMG-20260423-WA0023.jpg\" alt=\"\" class=\"wp-image-60521\" srcset=\"https:\/\/www.batxilleratgranes.com\/wp-content\/uploads\/2026\/04\/IMG-20260423-WA0023.jpg 800w, https:\/\/www.batxilleratgranes.com\/wp-content\/uploads\/2026\/04\/IMG-20260423-WA0023-300x170.jpg 300w, https:\/\/www.batxilleratgranes.com\/wp-content\/uploads\/2026\/04\/IMG-20260423-WA0023-768x434.jpg 768w\" sizes=\"(max-width: 800px) 100vw, 800px\" \/><\/a><\/figure>\n\n\n\n<p>Al migdia, alumnes i professors <strong>es van reunir per comentar les recomanacions<\/strong> i posar en com\u00fa impressions, creant un ambient de di\u00e0leg i intercanvi cultural.<\/p>\n\n\n\n<figure class=\"wp-block-gallery has-nested-images columns-default is-cropped wp-block-gallery-1 is-layout-flex wp-block-gallery-is-layout-flex\">\n<figure class=\"wp-block-image size-large\"><a href=\"https:\/\/www.batxilleratgranes.com\/wp-content\/uploads\/2026\/04\/IMG-20260423-WA0013.jpg\"><img loading=\"lazy\" decoding=\"async\" width=\"768\" height=\"1024\" data-id=\"60527\" src=\"https:\/\/www.batxilleratgranes.com\/wp-content\/uploads\/2026\/04\/IMG-20260423-WA0013-768x1024.jpg\" alt=\"\" class=\"wp-image-60527\" srcset=\"https:\/\/www.batxilleratgranes.com\/wp-content\/uploads\/2026\/04\/IMG-20260423-WA0013-768x1024.jpg 768w, https:\/\/www.batxilleratgranes.com\/wp-content\/uploads\/2026\/04\/IMG-20260423-WA0013-225x300.jpg 225w, https:\/\/www.batxilleratgranes.com\/wp-content\/uploads\/2026\/04\/IMG-20260423-WA0013-1152x1536.jpg 1152w, https:\/\/www.batxilleratgranes.com\/wp-content\/uploads\/2026\/04\/IMG-20260423-WA0013.jpg 1500w\" sizes=\"(max-width: 768px) 100vw, 768px\" \/><\/a><\/figure>\n\n\n\n<figure class=\"wp-block-image size-large\"><a href=\"https:\/\/www.batxilleratgranes.com\/wp-content\/uploads\/2026\/04\/IMG-20260423-WA0011.jpg\"><img loading=\"lazy\" decoding=\"async\" width=\"768\" height=\"1024\" data-id=\"60525\" src=\"https:\/\/www.batxilleratgranes.com\/wp-content\/uploads\/2026\/04\/IMG-20260423-WA0011-768x1024.jpg\" alt=\"\" class=\"wp-image-60525\" srcset=\"https:\/\/www.batxilleratgranes.com\/wp-content\/uploads\/2026\/04\/IMG-20260423-WA0011-768x1024.jpg 768w, https:\/\/www.batxilleratgranes.com\/wp-content\/uploads\/2026\/04\/IMG-20260423-WA0011-225x300.jpg 225w, https:\/\/www.batxilleratgranes.com\/wp-content\/uploads\/2026\/04\/IMG-20260423-WA0011.jpg 960w\" sizes=\"(max-width: 768px) 100vw, 768px\" \/><\/a><\/figure>\n\n\n\n<figure class=\"wp-block-image size-large\"><a href=\"https:\/\/www.batxilleratgranes.com\/wp-content\/uploads\/2026\/04\/IMG-20260423-WA0012.jpg\"><img loading=\"lazy\" decoding=\"async\" width=\"768\" height=\"1024\" data-id=\"60523\" src=\"https:\/\/www.batxilleratgranes.com\/wp-content\/uploads\/2026\/04\/IMG-20260423-WA0012-768x1024.jpg\" alt=\"\" class=\"wp-image-60523\" srcset=\"https:\/\/www.batxilleratgranes.com\/wp-content\/uploads\/2026\/04\/IMG-20260423-WA0012-768x1024.jpg 768w, https:\/\/www.batxilleratgranes.com\/wp-content\/uploads\/2026\/04\/IMG-20260423-WA0012-225x300.jpg 225w, https:\/\/www.batxilleratgranes.com\/wp-content\/uploads\/2026\/04\/IMG-20260423-WA0012.jpg 960w\" sizes=\"(max-width: 768px) 100vw, 768px\" \/><\/a><\/figure>\n<\/figure>\n\n\n\n<p>Paral\u00b7lelament, a <strong>Literatura catalana<\/strong> de segon de l\u2019itinerari human\u00edstic, els alumnes van portar una <strong>selecci\u00f3 de poemes i fragments literaris<\/strong> que havien triat personalment per compartir amb la resta del grup. Totes les propostes es van exposar al suro de l\u2019aula, configurant un <strong>petit espai literari propi. <\/strong><\/p>\n\n\n\n<figure class=\"wp-block-gallery has-nested-images columns-default is-cropped wp-block-gallery-2 is-layout-flex wp-block-gallery-is-layout-flex\">\n<figure class=\"wp-block-image size-large\"><a href=\"https:\/\/www.batxilleratgranes.com\/wp-content\/uploads\/2026\/04\/IMG_20260423_154453_resized_20260423_034854284.jpg\"><img loading=\"lazy\" decoding=\"async\" width=\"768\" height=\"1024\" data-id=\"60531\" src=\"https:\/\/www.batxilleratgranes.com\/wp-content\/uploads\/2026\/04\/IMG_20260423_154453_resized_20260423_034854284-768x1024.jpg\" alt=\"\" class=\"wp-image-60531\" srcset=\"https:\/\/www.batxilleratgranes.com\/wp-content\/uploads\/2026\/04\/IMG_20260423_154453_resized_20260423_034854284-768x1024.jpg 768w, https:\/\/www.batxilleratgranes.com\/wp-content\/uploads\/2026\/04\/IMG_20260423_154453_resized_20260423_034854284-225x300.jpg 225w, https:\/\/www.batxilleratgranes.com\/wp-content\/uploads\/2026\/04\/IMG_20260423_154453_resized_20260423_034854284.jpg 864w\" sizes=\"(max-width: 768px) 100vw, 768px\" \/><\/a><\/figure>\n\n\n\n<figure class=\"wp-block-image size-large\"><a href=\"https:\/\/www.batxilleratgranes.com\/wp-content\/uploads\/2026\/04\/IMG_20260423_154447_resized_20260423_034853525.jpg\"><img loading=\"lazy\" decoding=\"async\" width=\"768\" height=\"1024\" data-id=\"60529\" src=\"https:\/\/www.batxilleratgranes.com\/wp-content\/uploads\/2026\/04\/IMG_20260423_154447_resized_20260423_034853525-768x1024.jpg\" alt=\"\" class=\"wp-image-60529\" srcset=\"https:\/\/www.batxilleratgranes.com\/wp-content\/uploads\/2026\/04\/IMG_20260423_154447_resized_20260423_034853525-768x1024.jpg 768w, https:\/\/www.batxilleratgranes.com\/wp-content\/uploads\/2026\/04\/IMG_20260423_154447_resized_20260423_034853525-225x300.jpg 225w, https:\/\/www.batxilleratgranes.com\/wp-content\/uploads\/2026\/04\/IMG_20260423_154447_resized_20260423_034853525.jpg 864w\" sizes=\"(max-width: 768px) 100vw, 768px\" \/><\/a><\/figure>\n<\/figure>\n\n\n\n<p>A m\u00e9s, van aprofitar el mat\u00ed per passejar per les parades de llibres del <strong>Passeig de Gr\u00e0cia fins a la Casa Batll\u00f3<\/strong>, gaudint de l\u2019ambient caracter\u00edstic d\u2019aquesta diada.<\/p>\n\n\n\n<p>Com cada any, tamb\u00e9 s\u2019ha celebrat el concurs<strong> Biofotos, <\/strong>que enguany arriba a la seva sisena edici\u00f3, consolidant-se com una activitat destacada que combina <strong>ci\u00e8ncia i expressi\u00f3 visual<\/strong>. Us parlarem en breu dels guanyadors i guanyadores, pero ja us adelantem que ha estat molt renyit perqu\u00e8 el nivell \u00e9s molt alt!<\/p>\n\n\n\n<figure class=\"wp-block-image size-full\"><a href=\"https:\/\/www.batxilleratgranes.com\/wp-content\/uploads\/2026\/04\/Biofotos_Granes.jpg\"><img loading=\"lazy\" decoding=\"async\" width=\"800\" height=\"720\" src=\"https:\/\/www.batxilleratgranes.com\/wp-content\/uploads\/2026\/04\/Biofotos_Granes.jpg\" alt=\"\" class=\"wp-image-60565\" srcset=\"https:\/\/www.batxilleratgranes.com\/wp-content\/uploads\/2026\/04\/Biofotos_Granes.jpg 800w, https:\/\/www.batxilleratgranes.com\/wp-content\/uploads\/2026\/04\/Biofotos_Granes-300x270.jpg 300w, https:\/\/www.batxilleratgranes.com\/wp-content\/uploads\/2026\/04\/Biofotos_Granes-768x691.jpg 768w\" sizes=\"(max-width: 800px) 100vw, 800px\" \/><\/a><\/figure>\n\n\n\n<p>A la mat\u00e8ria de Llengua Castellana de 1r de batxillerat Human\u00edstic, els alumnes van escriure <strong>poemes en diferents lleng\u00fces<\/strong> \u00a0(castell\u00e1, catal\u00e0, angl\u00e8s o fins i tot catal\u00e0-gallec!).<\/p>\n\n\n\n<figure class=\"wp-block-gallery has-nested-images columns-default is-cropped wp-block-gallery-3 is-layout-flex wp-block-gallery-is-layout-flex\">\n<figure class=\"wp-block-image size-large\"><a href=\"https:\/\/www.batxilleratgranes.com\/wp-content\/uploads\/2026\/04\/Diada1.jpg\"><img loading=\"lazy\" decoding=\"async\" width=\"800\" height=\"600\" data-id=\"60559\" src=\"https:\/\/www.batxilleratgranes.com\/wp-content\/uploads\/2026\/04\/Diada1.jpg\" alt=\"\" class=\"wp-image-60559\" srcset=\"https:\/\/www.batxilleratgranes.com\/wp-content\/uploads\/2026\/04\/Diada1.jpg 800w, https:\/\/www.batxilleratgranes.com\/wp-content\/uploads\/2026\/04\/Diada1-300x225.jpg 300w, https:\/\/www.batxilleratgranes.com\/wp-content\/uploads\/2026\/04\/Diada1-768x576.jpg 768w\" sizes=\"(max-width: 800px) 100vw, 800px\" \/><\/a><figcaption class=\"wp-element-caption\">rpt<\/figcaption><\/figure>\n\n\n\n<figure class=\"wp-block-image size-large\"><a href=\"https:\/\/www.batxilleratgranes.com\/wp-content\/uploads\/2026\/04\/Diada3.jpg\"><img loading=\"lazy\" decoding=\"async\" width=\"800\" height=\"600\" data-id=\"60557\" src=\"https:\/\/www.batxilleratgranes.com\/wp-content\/uploads\/2026\/04\/Diada3.jpg\" alt=\"\" class=\"wp-image-60557\" srcset=\"https:\/\/www.batxilleratgranes.com\/wp-content\/uploads\/2026\/04\/Diada3.jpg 800w, https:\/\/www.batxilleratgranes.com\/wp-content\/uploads\/2026\/04\/Diada3-300x225.jpg 300w, https:\/\/www.batxilleratgranes.com\/wp-content\/uploads\/2026\/04\/Diada3-768x576.jpg 768w\" sizes=\"(max-width: 800px) 100vw, 800px\" \/><\/a><\/figure>\n\n\n\n<figure class=\"wp-block-image size-large\"><a href=\"https:\/\/www.batxilleratgranes.com\/wp-content\/uploads\/2026\/04\/Diada2.jpg\"><img loading=\"lazy\" decoding=\"async\" width=\"768\" height=\"1024\" data-id=\"60561\" src=\"https:\/\/www.batxilleratgranes.com\/wp-content\/uploads\/2026\/04\/Diada2-768x1024.jpg\" alt=\"\" class=\"wp-image-60561\" srcset=\"https:\/\/www.batxilleratgranes.com\/wp-content\/uploads\/2026\/04\/Diada2-768x1023.jpg 768w, https:\/\/www.batxilleratgranes.com\/wp-content\/uploads\/2026\/04\/Diada2-225x300.jpg 225w, https:\/\/www.batxilleratgranes.com\/wp-content\/uploads\/2026\/04\/Diada2.jpg 800w\" sizes=\"(max-width: 768px) 100vw, 768px\" \/><\/a><figcaption class=\"wp-element-caption\">rpt<\/figcaption><\/figure>\n<\/figure>\n\n\n\n<p>En conjunt, Sant Jordi a Gran\u00e9s va tornar a ser una jornada plena d\u2019iniciatives que <strong>promouen la cultura, la participaci\u00f3 i la creativitat de l\u2019alumnat.<\/strong><\/p>\n","protected":false},"excerpt":{"rendered":"<p>Amb motiu de la diada de Sant Jordi, l\u2019alumnat de Gran\u00e9s Batxillerat va participar en diverses activitats combinant literatura, tecnologia i creativitat, convertint aquesta jornada en una celebraci\u00f3 molt especial. Els alumnes dels itineraris cient\u00edfic i tecnol\u00f2gic van impulsar una iniciativa conjunta per fomentar la lectura entre companys. D\u2019una banda, van compartir recomanacions de llibres&hellip;&nbsp;<a href=\"https:\/\/www.batxilleratgranes.com\/es\/diada-de-sant-jordi\/\" class=\"\" rel=\"bookmark\">Read More &raquo;<span class=\"screen-reader-text\">Diada de Sant Jordi<\/span><\/a><\/p>\n","protected":false},"author":7,"featured_media":60535,"comment_status":"closed","ping_status":"open","sticky":false,"template":"","format":"standard","meta":{"neve_meta_sidebar":"","neve_meta_container":"","neve_meta_enable_content_width":"","neve_meta_content_width":0,"neve_meta_title_alignment":"","neve_meta_author_avatar":"","neve_post_elements_order":"","neve_meta_disable_header":"","neve_meta_disable_footer":"","neve_meta_disable_title":"","footnotes":""},"categories":[1370],"tags":[1331,1662,35,1292],"class_list":["post-60520","post","type-post","status-publish","format-standard","has-post-thumbnail","hentry","category-activitats-granes-2","tag-activitats-granes","tag-diada-de-sant-jordi","tag-granes-batxillerat","tag-som-granes"],"yoast_head":"<!-- This site is optimized with the Yoast SEO plugin v23.4 - https:\/\/yoast.com\/wordpress\/plugins\/seo\/ -->\n<title>Diada de Sant Jordi - Gran\u00e9s Batxillerat - Escuela especializada en Bachillerato en Barcelona<\/title>\n<meta name=\"description\" content=\"Amb motiu de la diada de Sant Jordi, l\u2019alumnat de Gran\u00e9s Batxillerat participa en activitats combinant literatura, tecnologia i creativitat.\" \/>\n<meta name=\"robots\" content=\"index, follow, max-snippet:-1, max-image-preview:large, max-video-preview:-1\" \/>\n<link rel=\"canonical\" href=\"https:\/\/www.batxilleratgranes.com\/es\/diada-de-sant-jordi\/\" \/>\n<meta property=\"og:locale\" content=\"es_ES\" \/>\n<meta property=\"og:type\" content=\"article\" \/>\n<meta property=\"og:title\" content=\"Diada de Sant Jordi - Gran\u00e9s Batxillerat - Escuela especializada en Bachillerato en Barcelona\" \/>\n<meta property=\"og:description\" content=\"Amb motiu de la diada de Sant Jordi, l\u2019alumnat de Gran\u00e9s Batxillerat participa en activitats combinant literatura, tecnologia i creativitat.\" \/>\n<meta property=\"og:url\" content=\"https:\/\/www.batxilleratgranes.com\/es\/diada-de-sant-jordi\/\" \/>\n<meta property=\"og:site_name\" content=\"Gran\u00e9s Batxillerat - Escuela especializada en Bachillerato en Barcelona\" \/>\n<meta property=\"article:published_time\" content=\"2026-04-24T06:39:00+00:00\" \/>\n<meta property=\"article:modified_time\" content=\"2026-04-28T07:37:55+00:00\" \/>\n<meta property=\"og:image\" content=\"https:\/\/www.batxilleratgranes.com\/wp-content\/uploads\/2026\/04\/Portada-Sant-Jordi_Granes.jpg\" \/>\n\t<meta property=\"og:image:width\" content=\"1152\" \/>\n\t<meta property=\"og:image:height\" content=\"864\" \/>\n\t<meta property=\"og:image:type\" content=\"image\/jpeg\" \/>\n<meta name=\"author\" content=\"iria.canovas@granes.org\" \/>\n<meta name=\"twitter:card\" content=\"summary_large_image\" \/>\n<meta name=\"twitter:label1\" content=\"Written by\" \/>\n\t<meta name=\"twitter:data1\" content=\"iria.canovas@granes.org\" \/>\n\t<meta name=\"twitter:label2\" content=\"Est. reading time\" \/>\n\t<meta name=\"twitter:data2\" content=\"4 minutes\" \/>\n<script type=\"application\/ld+json\" class=\"yoast-schema-graph\">{\"@context\":\"https:\/\/schema.org\",\"@graph\":[{\"@type\":\"Article\",\"@id\":\"https:\/\/www.batxilleratgranes.com\/es\/diada-de-sant-jordi\/#article\",\"isPartOf\":{\"@id\":\"https:\/\/www.batxilleratgranes.com\/es\/diada-de-sant-jordi\/\"},\"author\":{\"name\":\"iria.canovas@granes.org\",\"@id\":\"https:\/\/www.batxilleratgranes.com\/es\/#\/schema\/person\/c6cad771e5a8185c7d86589fcb6830f0\"},\"headline\":\"Diada de Sant Jordi\",\"datePublished\":\"2026-04-24T06:39:00+00:00\",\"dateModified\":\"2026-04-28T07:37:55+00:00\",\"mainEntityOfPage\":{\"@id\":\"https:\/\/www.batxilleratgranes.com\/es\/diada-de-sant-jordi\/\"},\"wordCount\":357,\"publisher\":{\"@id\":\"https:\/\/www.batxilleratgranes.com\/es\/#organization\"},\"image\":{\"@id\":\"https:\/\/www.batxilleratgranes.com\/es\/diada-de-sant-jordi\/#primaryimage\"},\"thumbnailUrl\":\"https:\/\/www.batxilleratgranes.com\/wp-content\/uploads\/2026\/04\/Portada-Sant-Jordi_Granes.jpg\",\"keywords\":[\"activitats gran\u00e9s\",\"Diada de Sant Jordi\",\"Gran\u00e9s Batxillerat\",\"Som Gran\u00e9s\"],\"articleSection\":[\"Activitats Gran\u00e9s\"],\"inLanguage\":\"es\"},{\"@type\":\"WebPage\",\"@id\":\"https:\/\/www.batxilleratgranes.com\/es\/diada-de-sant-jordi\/\",\"url\":\"https:\/\/www.batxilleratgranes.com\/es\/diada-de-sant-jordi\/\",\"name\":\"Diada de Sant Jordi - Gran\u00e9s Batxillerat - Escuela especializada en Bachillerato en Barcelona\",\"isPartOf\":{\"@id\":\"https:\/\/www.batxilleratgranes.com\/es\/#website\"},\"primaryImageOfPage\":{\"@id\":\"https:\/\/www.batxilleratgranes.com\/es\/diada-de-sant-jordi\/#primaryimage\"},\"image\":{\"@id\":\"https:\/\/www.batxilleratgranes.com\/es\/diada-de-sant-jordi\/#primaryimage\"},\"thumbnailUrl\":\"https:\/\/www.batxilleratgranes.com\/wp-content\/uploads\/2026\/04\/Portada-Sant-Jordi_Granes.jpg\",\"datePublished\":\"2026-04-24T06:39:00+00:00\",\"dateModified\":\"2026-04-28T07:37:55+00:00\",\"description\":\"Amb motiu de la diada de Sant Jordi, l\u2019alumnat de Gran\u00e9s Batxillerat participa en activitats combinant literatura, tecnologia i creativitat.\",\"breadcrumb\":{\"@id\":\"https:\/\/www.batxilleratgranes.com\/es\/diada-de-sant-jordi\/#breadcrumb\"},\"inLanguage\":\"es\",\"potentialAction\":[{\"@type\":\"ReadAction\",\"target\":[\"https:\/\/www.batxilleratgranes.com\/es\/diada-de-sant-jordi\/\"]}]},{\"@type\":\"ImageObject\",\"inLanguage\":\"es\",\"@id\":\"https:\/\/www.batxilleratgranes.com\/es\/diada-de-sant-jordi\/#primaryimage\",\"url\":\"https:\/\/www.batxilleratgranes.com\/wp-content\/uploads\/2026\/04\/Portada-Sant-Jordi_Granes.jpg\",\"contentUrl\":\"https:\/\/www.batxilleratgranes.com\/wp-content\/uploads\/2026\/04\/Portada-Sant-Jordi_Granes.jpg\",\"width\":1152,\"height\":864},{\"@type\":\"BreadcrumbList\",\"@id\":\"https:\/\/www.batxilleratgranes.com\/es\/diada-de-sant-jordi\/#breadcrumb\",\"itemListElement\":[{\"@type\":\"ListItem\",\"position\":1,\"name\":\"Inici\",\"item\":\"https:\/\/www.batxilleratgranes.com\/es\/\"},{\"@type\":\"ListItem\",\"position\":2,\"name\":\"Diada de Sant Jordi\"}]},{\"@type\":\"WebSite\",\"@id\":\"https:\/\/www.batxilleratgranes.com\/es\/#website\",\"url\":\"https:\/\/www.batxilleratgranes.com\/es\/\",\"name\":\"Gran\u00e9s Batxillerat - Escuela especializada en Bachillerato en Barcelona\",\"description\":\"Escola especialitzada en Batxillerat a Barcelona\",\"publisher\":{\"@id\":\"https:\/\/www.batxilleratgranes.com\/es\/#organization\"},\"potentialAction\":[{\"@type\":\"SearchAction\",\"target\":{\"@type\":\"EntryPoint\",\"urlTemplate\":\"https:\/\/www.batxilleratgranes.com\/es\/?s={search_term_string}\"},\"query-input\":{\"@type\":\"PropertyValueSpecification\",\"valueRequired\":true,\"valueName\":\"search_term_string\"}}],\"inLanguage\":\"es\"},{\"@type\":\"Organization\",\"@id\":\"https:\/\/www.batxilleratgranes.com\/es\/#organization\",\"name\":\"Gran\u00e9s Batxillerat - Escuela especializada en Bachillerato en Barcelona\",\"url\":\"https:\/\/www.batxilleratgranes.com\/es\/\",\"logo\":{\"@type\":\"ImageObject\",\"inLanguage\":\"es\",\"@id\":\"https:\/\/www.batxilleratgranes.com\/es\/#\/schema\/logo\/image\/\",\"url\":\"https:\/\/www.batxilleratgranes.com\/wp-content\/uploads\/2013\/01\/granes1.png\",\"contentUrl\":\"https:\/\/www.batxilleratgranes.com\/wp-content\/uploads\/2013\/01\/granes1.png\",\"width\":292,\"height\":85,\"caption\":\"Gran\u00e9s Batxillerat - Escuela especializada en Bachillerato en Barcelona\"},\"image\":{\"@id\":\"https:\/\/www.batxilleratgranes.com\/es\/#\/schema\/logo\/image\/\"}},{\"@type\":\"Person\",\"@id\":\"https:\/\/www.batxilleratgranes.com\/es\/#\/schema\/person\/c6cad771e5a8185c7d86589fcb6830f0\",\"name\":\"iria.canovas@granes.org\",\"image\":{\"@type\":\"ImageObject\",\"inLanguage\":\"es\",\"@id\":\"https:\/\/www.batxilleratgranes.com\/es\/#\/schema\/person\/image\/\",\"url\":\"https:\/\/secure.gravatar.com\/avatar\/daf801bc1747e8ccc693c9041f5585cd?s=96&d=mm&r=g\",\"contentUrl\":\"https:\/\/secure.gravatar.com\/avatar\/daf801bc1747e8ccc693c9041f5585cd?s=96&d=mm&r=g\",\"caption\":\"iria.canovas@granes.org\"},\"url\":\"https:\/\/www.batxilleratgranes.com\/es\/author\/iria-canovasgranes-org\/\"}]}<\/script>\n<!-- \/ Yoast SEO plugin. -->","yoast_head_json":{"title":"Diada de Sant Jordi - Gran\u00e9s Batxillerat - Escuela especializada en Bachillerato en Barcelona","description":"Amb motiu de la diada de Sant Jordi, l\u2019alumnat de Gran\u00e9s Batxillerat participa en activitats combinant literatura, tecnologia i creativitat.","robots":{"index":"index","follow":"follow","max-snippet":"max-snippet:-1","max-image-preview":"max-image-preview:large","max-video-preview":"max-video-preview:-1"},"canonical":"https:\/\/www.batxilleratgranes.com\/es\/diada-de-sant-jordi\/","og_locale":"es_ES","og_type":"article","og_title":"Diada de Sant Jordi - Gran\u00e9s Batxillerat - Escuela especializada en Bachillerato en Barcelona","og_description":"Amb motiu de la diada de Sant Jordi, l\u2019alumnat de Gran\u00e9s Batxillerat participa en activitats combinant literatura, tecnologia i creativitat.","og_url":"https:\/\/www.batxilleratgranes.com\/es\/diada-de-sant-jordi\/","og_site_name":"Gran\u00e9s Batxillerat - Escuela especializada en Bachillerato en Barcelona","article_published_time":"2026-04-24T06:39:00+00:00","article_modified_time":"2026-04-28T07:37:55+00:00","og_image":[{"width":1152,"height":864,"url":"https:\/\/www.batxilleratgranes.com\/wp-content\/uploads\/2026\/04\/Portada-Sant-Jordi_Granes.jpg","type":"image\/jpeg"}],"author":"iria.canovas@granes.org","twitter_card":"summary_large_image","twitter_misc":{"Written by":"iria.canovas@granes.org","Est. reading time":"4 minutes"},"schema":{"@context":"https:\/\/schema.org","@graph":[{"@type":"Article","@id":"https:\/\/www.batxilleratgranes.com\/es\/diada-de-sant-jordi\/#article","isPartOf":{"@id":"https:\/\/www.batxilleratgranes.com\/es\/diada-de-sant-jordi\/"},"author":{"name":"iria.canovas@granes.org","@id":"https:\/\/www.batxilleratgranes.com\/es\/#\/schema\/person\/c6cad771e5a8185c7d86589fcb6830f0"},"headline":"Diada de Sant Jordi","datePublished":"2026-04-24T06:39:00+00:00","dateModified":"2026-04-28T07:37:55+00:00","mainEntityOfPage":{"@id":"https:\/\/www.batxilleratgranes.com\/es\/diada-de-sant-jordi\/"},"wordCount":357,"publisher":{"@id":"https:\/\/www.batxilleratgranes.com\/es\/#organization"},"image":{"@id":"https:\/\/www.batxilleratgranes.com\/es\/diada-de-sant-jordi\/#primaryimage"},"thumbnailUrl":"https:\/\/www.batxilleratgranes.com\/wp-content\/uploads\/2026\/04\/Portada-Sant-Jordi_Granes.jpg","keywords":["activitats gran\u00e9s","Diada de Sant Jordi","Gran\u00e9s Batxillerat","Som Gran\u00e9s"],"articleSection":["Activitats Gran\u00e9s"],"inLanguage":"es"},{"@type":"WebPage","@id":"https:\/\/www.batxilleratgranes.com\/es\/diada-de-sant-jordi\/","url":"https:\/\/www.batxilleratgranes.com\/es\/diada-de-sant-jordi\/","name":"Diada de Sant Jordi - Gran\u00e9s Batxillerat - Escuela especializada en Bachillerato en Barcelona","isPartOf":{"@id":"https:\/\/www.batxilleratgranes.com\/es\/#website"},"primaryImageOfPage":{"@id":"https:\/\/www.batxilleratgranes.com\/es\/diada-de-sant-jordi\/#primaryimage"},"image":{"@id":"https:\/\/www.batxilleratgranes.com\/es\/diada-de-sant-jordi\/#primaryimage"},"thumbnailUrl":"https:\/\/www.batxilleratgranes.com\/wp-content\/uploads\/2026\/04\/Portada-Sant-Jordi_Granes.jpg","datePublished":"2026-04-24T06:39:00+00:00","dateModified":"2026-04-28T07:37:55+00:00","description":"Amb motiu de la diada de Sant Jordi, l\u2019alumnat de Gran\u00e9s Batxillerat participa en activitats combinant literatura, tecnologia i creativitat.","breadcrumb":{"@id":"https:\/\/www.batxilleratgranes.com\/es\/diada-de-sant-jordi\/#breadcrumb"},"inLanguage":"es","potentialAction":[{"@type":"ReadAction","target":["https:\/\/www.batxilleratgranes.com\/es\/diada-de-sant-jordi\/"]}]},{"@type":"ImageObject","inLanguage":"es","@id":"https:\/\/www.batxilleratgranes.com\/es\/diada-de-sant-jordi\/#primaryimage","url":"https:\/\/www.batxilleratgranes.com\/wp-content\/uploads\/2026\/04\/Portada-Sant-Jordi_Granes.jpg","contentUrl":"https:\/\/www.batxilleratgranes.com\/wp-content\/uploads\/2026\/04\/Portada-Sant-Jordi_Granes.jpg","width":1152,"height":864},{"@type":"BreadcrumbList","@id":"https:\/\/www.batxilleratgranes.com\/es\/diada-de-sant-jordi\/#breadcrumb","itemListElement":[{"@type":"ListItem","position":1,"name":"Inici","item":"https:\/\/www.batxilleratgranes.com\/es\/"},{"@type":"ListItem","position":2,"name":"Diada de Sant Jordi"}]},{"@type":"WebSite","@id":"https:\/\/www.batxilleratgranes.com\/es\/#website","url":"https:\/\/www.batxilleratgranes.com\/es\/","name":"Gran\u00e9s Batxillerat - Escuela especializada en Bachillerato en Barcelona","description":"Escola especialitzada en Batxillerat a Barcelona","publisher":{"@id":"https:\/\/www.batxilleratgranes.com\/es\/#organization"},"potentialAction":[{"@type":"SearchAction","target":{"@type":"EntryPoint","urlTemplate":"https:\/\/www.batxilleratgranes.com\/es\/?s={search_term_string}"},"query-input":{"@type":"PropertyValueSpecification","valueRequired":true,"valueName":"search_term_string"}}],"inLanguage":"es"},{"@type":"Organization","@id":"https:\/\/www.batxilleratgranes.com\/es\/#organization","name":"Gran\u00e9s Batxillerat - Escuela especializada en Bachillerato en Barcelona","url":"https:\/\/www.batxilleratgranes.com\/es\/","logo":{"@type":"ImageObject","inLanguage":"es","@id":"https:\/\/www.batxilleratgranes.com\/es\/#\/schema\/logo\/image\/","url":"https:\/\/www.batxilleratgranes.com\/wp-content\/uploads\/2013\/01\/granes1.png","contentUrl":"https:\/\/www.batxilleratgranes.com\/wp-content\/uploads\/2013\/01\/granes1.png","width":292,"height":85,"caption":"Gran\u00e9s Batxillerat - Escuela especializada en Bachillerato en Barcelona"},"image":{"@id":"https:\/\/www.batxilleratgranes.com\/es\/#\/schema\/logo\/image\/"}},{"@type":"Person","@id":"https:\/\/www.batxilleratgranes.com\/es\/#\/schema\/person\/c6cad771e5a8185c7d86589fcb6830f0","name":"iria.canovas@granes.org","image":{"@type":"ImageObject","inLanguage":"es","@id":"https:\/\/www.batxilleratgranes.com\/es\/#\/schema\/person\/image\/","url":"https:\/\/secure.gravatar.com\/avatar\/daf801bc1747e8ccc693c9041f5585cd?s=96&d=mm&r=g","contentUrl":"https:\/\/secure.gravatar.com\/avatar\/daf801bc1747e8ccc693c9041f5585cd?s=96&d=mm&r=g","caption":"iria.canovas@granes.org"},"url":"https:\/\/www.batxilleratgranes.com\/es\/author\/iria-canovasgranes-org\/"}]}},"_links":{"self":[{"href":"https:\/\/www.batxilleratgranes.com\/es\/wp-json\/wp\/v2\/posts\/60520"}],"collection":[{"href":"https:\/\/www.batxilleratgranes.com\/es\/wp-json\/wp\/v2\/posts"}],"about":[{"href":"https:\/\/www.batxilleratgranes.com\/es\/wp-json\/wp\/v2\/types\/post"}],"author":[{"embeddable":true,"href":"https:\/\/www.batxilleratgranes.com\/es\/wp-json\/wp\/v2\/users\/7"}],"replies":[{"embeddable":true,"href":"https:\/\/www.batxilleratgranes.com\/es\/wp-json\/wp\/v2\/comments?post=60520"}],"version-history":[{"count":7,"href":"https:\/\/www.batxilleratgranes.com\/es\/wp-json\/wp\/v2\/posts\/60520\/revisions"}],"predecessor-version":[{"id":60570,"href":"https:\/\/www.batxilleratgranes.com\/es\/wp-json\/wp\/v2\/posts\/60520\/revisions\/60570"}],"wp:featuredmedia":[{"embeddable":true,"href":"https:\/\/www.batxilleratgranes.com\/es\/wp-json\/wp\/v2\/media\/60535"}],"wp:attachment":[{"href":"https:\/\/www.batxilleratgranes.com\/es\/wp-json\/wp\/v2\/media?parent=60520"}],"wp:term":[{"taxonomy":"category","embeddable":true,"href":"https:\/\/www.batxilleratgranes.com\/es\/wp-json\/wp\/v2\/categories?post=60520"},{"taxonomy":"post_tag","embeddable":true,"href":"https:\/\/www.batxilleratgranes.com\/es\/wp-json\/wp\/v2\/tags?post=60520"}],"curies":[{"name":"wp","href":"https:\/\/api.w.org\/{rel}","templated":true}]}}