{"id":60572,"date":"2026-04-29T08:04:42","date_gmt":"2026-04-29T08:04:42","guid":{"rendered":"https:\/\/www.batxilleratgranes.com\/?p=60572"},"modified":"2026-04-29T08:04:45","modified_gmt":"2026-04-29T08:04:45","slug":"inmunologia-i-vacuna-del-vih","status":"publish","type":"post","link":"https:\/\/www.batxilleratgranes.com\/es\/inmunologia-i-vacuna-del-vih\/","title":{"rendered":"Inmunologia i vacuna del VIH"},"content":{"rendered":"\n<p>Els alumnes de segon de batxillerat de la modalitat de <a href=\"https:\/\/www.batxilleratgranes.com\/batxillerat-ciencies-salut\/\">Ci\u00e8ncies de la Salut <\/a>han realitzat recentment una sortida al museu <a href=\"https:\/\/cosmocaixa.org\/es\/home\">CosmoCaixa,<\/a> on han participat en el taller<em> <strong><a href=\"https:\/\/educaixa.org\/ca\/-\/actividad\/investiga-la-vacuna-del-vih-ca-1\">Investiga la vacuna del VIH<\/a><\/strong>,<\/em> una activitat plenament vinculada als continguts de<strong> immunologia de la mat\u00e8ria de<\/strong><a href=\"https:\/\/www.batxilleratgranes.com\/materies\/#materies-ciencies\"><strong> Biologia II<\/strong>.<\/a><\/p>\n\n\n\n<p>Durant el taller, l\u2019alumnat s\u2019ha posat en la pell d\u2019un equip d\u2019investigaci\u00f3 biom\u00e8dica, reproduint part dels processos reals que es duen a terme en <strong>laboratoris especialitzats<\/strong> en la <strong>recerca del VIH<\/strong>. Mitjan\u00e7ant l\u2019aplicaci\u00f3 de la <strong>metodologia cient\u00edfica<\/strong> i l\u2019\u00fas de <strong>t\u00e8cniques de laboratori<\/strong>, han treballat per <strong>concloure si determinades prote\u00efnes del virus poden ser candidates eficaces per al desenvolupament d\u2019una vacuna.<\/strong><\/p>\n\n\n\n<figure class=\"wp-block-gallery has-nested-images columns-default is-cropped wp-block-gallery-1 is-layout-flex wp-block-gallery-is-layout-flex\">\n<figure class=\"wp-block-image size-large\"><a href=\"https:\/\/www.batxilleratgranes.com\/wp-content\/uploads\/2026\/04\/4-VIH-Granes.jpg\"><img loading=\"lazy\" decoding=\"async\" width=\"800\" height=\"824\" data-id=\"60616\" src=\"https:\/\/www.batxilleratgranes.com\/wp-content\/uploads\/2026\/04\/4-VIH-Granes.jpg\" alt=\"\" class=\"wp-image-60616\" srcset=\"https:\/\/www.batxilleratgranes.com\/wp-content\/uploads\/2026\/04\/4-VIH-Granes.jpg 800w, https:\/\/www.batxilleratgranes.com\/wp-content\/uploads\/2026\/04\/4-VIH-Granes-291x300.jpg 291w, https:\/\/www.batxilleratgranes.com\/wp-content\/uploads\/2026\/04\/4-VIH-Granes-768x791.jpg 768w\" sizes=\"(max-width: 800px) 100vw, 800px\" \/><\/a><\/figure>\n\n\n\n<figure class=\"wp-block-image size-large\"><a href=\"https:\/\/www.batxilleratgranes.com\/wp-content\/uploads\/2026\/04\/2-VIH-Granes.jpg\"><img loading=\"lazy\" decoding=\"async\" width=\"795\" height=\"715\" data-id=\"60612\" src=\"https:\/\/www.batxilleratgranes.com\/wp-content\/uploads\/2026\/04\/2-VIH-Granes.jpg\" alt=\"\" class=\"wp-image-60612\" srcset=\"https:\/\/www.batxilleratgranes.com\/wp-content\/uploads\/2026\/04\/2-VIH-Granes.jpg 795w, https:\/\/www.batxilleratgranes.com\/wp-content\/uploads\/2026\/04\/2-VIH-Granes-300x270.jpg 300w, https:\/\/www.batxilleratgranes.com\/wp-content\/uploads\/2026\/04\/2-VIH-Granes-768x691.jpg 768w\" sizes=\"(max-width: 795px) 100vw, 795px\" \/><\/a><\/figure>\n\n\n\n<figure class=\"wp-block-image size-large\"><a href=\"https:\/\/www.batxilleratgranes.com\/wp-content\/uploads\/2026\/04\/3-VIH-Granes.jpg\"><img loading=\"lazy\" decoding=\"async\" width=\"800\" height=\"798\" data-id=\"60613\" src=\"https:\/\/www.batxilleratgranes.com\/wp-content\/uploads\/2026\/04\/3-VIH-Granes.jpg\" alt=\"\" class=\"wp-image-60613\" srcset=\"https:\/\/www.batxilleratgranes.com\/wp-content\/uploads\/2026\/04\/3-VIH-Granes.jpg 800w, https:\/\/www.batxilleratgranes.com\/wp-content\/uploads\/2026\/04\/3-VIH-Granes-300x300.jpg 300w, https:\/\/www.batxilleratgranes.com\/wp-content\/uploads\/2026\/04\/3-VIH-Granes-150x150.jpg 150w, https:\/\/www.batxilleratgranes.com\/wp-content\/uploads\/2026\/04\/3-VIH-Granes-768x766.jpg 768w\" sizes=\"(max-width: 800px) 100vw, 800px\" \/><\/a><\/figure>\n<\/figure>\n\n\n\n<p>Aquesta experi\u00e8ncia pr\u00e0ctica els ha perm\u00e8s<strong> aprofundir en el coneixement dels mecanismes d\u2019infecci\u00f3 del VIH<\/strong> i comprendre millor les <strong>dificultats associades a la recerca d\u2019una vacuna<\/strong>, a causa de la complexitat i <strong>variabilitat del virus.<\/strong> Al mateix temps, han pogut reflexionar sobre la <strong>import\u00e0ncia de la investigaci\u00f3 cient\u00edfica <\/strong>en el desenvolupament de <strong>tractaments i mesures preventives<\/strong>, aix\u00ed com sobre l\u2019impacte social i sanitari d\u2019aquesta malaltia.<\/p>\n\n\n\n<p>La sortida ha estat una oportunitat excel\u00b7lent per connectar els continguts te\u00f2rics treballats a l\u2019aula amb una <strong>experi\u00e8ncia real de recerca<\/strong>, fomentant l\u2019<strong>esperit cr\u00edtic i la vocaci\u00f3 cient\u00edfica<\/strong> de l\u2019alumnat. Sens dubte, una activitat enriquidora que contribueix a consolidar els aprenentatges i a despertar l\u2019inter\u00e8s per la ci\u00e8ncia i la salut.<\/p>\n","protected":false},"excerpt":{"rendered":"<p>Els alumnes de segon de batxillerat de la modalitat de Ci\u00e8ncies de la Salut han realitzat recentment una sortida al museu CosmoCaixa, on han participat en el taller Investiga la vacuna del VIH, una activitat plenament vinculada als continguts de immunologia de la mat\u00e8ria de Biologia II. Durant el taller, l\u2019alumnat s\u2019ha posat en la&hellip;&nbsp;<a href=\"https:\/\/www.batxilleratgranes.com\/es\/inmunologia-i-vacuna-del-vih\/\" class=\"\" rel=\"bookmark\">Read More &raquo;<span class=\"screen-reader-text\">Inmunologia i vacuna del VIH<\/span><\/a><\/p>\n","protected":false},"author":7,"featured_media":60610,"comment_status":"closed","ping_status":"open","sticky":false,"template":"","format":"standard","meta":{"neve_meta_sidebar":"","neve_meta_container":"","neve_meta_enable_content_width":"","neve_meta_content_width":0,"neve_meta_title_alignment":"","neve_meta_author_avatar":"","neve_post_elements_order":"","neve_meta_disable_header":"","neve_meta_disable_footer":"","neve_meta_disable_title":"","footnotes":""},"categories":[7],"tags":[527,790,510,377,1360,1361],"class_list":["post-60572","post","type-post","status-publish","format-standard","has-post-thumbnail","hentry","category-centre-batxillerat-granes","tag-batxillerat-cientific","tag-biologia","tag-ciencies-de-la-salut","tag-cosmocaixa","tag-immunologia","tag-vacuna-vih"],"yoast_head":"<!-- This site is optimized with the Yoast SEO plugin v23.4 - https:\/\/yoast.com\/wordpress\/plugins\/seo\/ -->\n<title>Inmunologia i vacuna del VIH - Gran\u00e9s Batxillerat - Escuela especializada en Bachillerato en Barcelona<\/title>\n<meta name=\"description\" content=\"Els alumnes de segon de batxillerat de Ci\u00e8ncies de la Salut han realitzat el taller &#039;Investiga la vacuna del VIH&#039; de Cosmocaixa.\" \/>\n<meta name=\"robots\" content=\"index, follow, max-snippet:-1, max-image-preview:large, max-video-preview:-1\" \/>\n<link rel=\"canonical\" href=\"https:\/\/www.batxilleratgranes.com\/es\/inmunologia-i-vacuna-del-vih\/\" \/>\n<meta property=\"og:locale\" content=\"es_ES\" \/>\n<meta property=\"og:type\" content=\"article\" \/>\n<meta property=\"og:title\" content=\"Inmunologia i vacuna del VIH - Gran\u00e9s Batxillerat - Escuela especializada en Bachillerato en Barcelona\" \/>\n<meta property=\"og:description\" content=\"Els alumnes de segon de batxillerat de Ci\u00e8ncies de la Salut han realitzat el taller &#039;Investiga la vacuna del VIH&#039; de Cosmocaixa.\" \/>\n<meta property=\"og:url\" content=\"https:\/\/www.batxilleratgranes.com\/es\/inmunologia-i-vacuna-del-vih\/\" \/>\n<meta property=\"og:site_name\" content=\"Gran\u00e9s Batxillerat - Escuela especializada en Bachillerato en Barcelona\" \/>\n<meta property=\"article:published_time\" content=\"2026-04-29T08:04:42+00:00\" \/>\n<meta property=\"article:modified_time\" content=\"2026-04-29T08:04:45+00:00\" \/>\n<meta property=\"og:image\" content=\"https:\/\/www.batxilleratgranes.com\/wp-content\/uploads\/2026\/04\/Portada-VIH_Granes.jpg\" \/>\n\t<meta property=\"og:image:width\" content=\"800\" \/>\n\t<meta property=\"og:image:height\" content=\"1066\" \/>\n\t<meta property=\"og:image:type\" content=\"image\/jpeg\" \/>\n<meta name=\"author\" content=\"iria.canovas@granes.org\" \/>\n<meta name=\"twitter:card\" content=\"summary_large_image\" \/>\n<meta name=\"twitter:label1\" content=\"Written by\" \/>\n\t<meta name=\"twitter:data1\" content=\"iria.canovas@granes.org\" \/>\n\t<meta name=\"twitter:label2\" content=\"Est. reading time\" \/>\n\t<meta name=\"twitter:data2\" content=\"2 minutes\" \/>\n<script type=\"application\/ld+json\" class=\"yoast-schema-graph\">{\"@context\":\"https:\/\/schema.org\",\"@graph\":[{\"@type\":\"Article\",\"@id\":\"https:\/\/www.batxilleratgranes.com\/es\/inmunologia-i-vacuna-del-vih\/#article\",\"isPartOf\":{\"@id\":\"https:\/\/www.batxilleratgranes.com\/es\/inmunologia-i-vacuna-del-vih\/\"},\"author\":{\"name\":\"iria.canovas@granes.org\",\"@id\":\"https:\/\/www.batxilleratgranes.com\/es\/#\/schema\/person\/c6cad771e5a8185c7d86589fcb6830f0\"},\"headline\":\"Inmunologia i vacuna del VIH\",\"datePublished\":\"2026-04-29T08:04:42+00:00\",\"dateModified\":\"2026-04-29T08:04:45+00:00\",\"mainEntityOfPage\":{\"@id\":\"https:\/\/www.batxilleratgranes.com\/es\/inmunologia-i-vacuna-del-vih\/\"},\"wordCount\":263,\"publisher\":{\"@id\":\"https:\/\/www.batxilleratgranes.com\/es\/#organization\"},\"image\":{\"@id\":\"https:\/\/www.batxilleratgranes.com\/es\/inmunologia-i-vacuna-del-vih\/#primaryimage\"},\"thumbnailUrl\":\"https:\/\/www.batxilleratgranes.com\/wp-content\/uploads\/2026\/04\/Portada-VIH_Granes.jpg\",\"keywords\":[\"Batxillerat cient\u00edfic\",\"Biologia\",\"Ci\u00e8ncies de la Salut\",\"Cosmocaixa\",\"Immunologia\",\"Vacuna VIH\"],\"articleSection\":[\"Activitats Gran\u00e9s\"],\"inLanguage\":\"es\"},{\"@type\":\"WebPage\",\"@id\":\"https:\/\/www.batxilleratgranes.com\/es\/inmunologia-i-vacuna-del-vih\/\",\"url\":\"https:\/\/www.batxilleratgranes.com\/es\/inmunologia-i-vacuna-del-vih\/\",\"name\":\"Inmunologia i vacuna del VIH - Gran\u00e9s Batxillerat - Escuela especializada en Bachillerato en Barcelona\",\"isPartOf\":{\"@id\":\"https:\/\/www.batxilleratgranes.com\/es\/#website\"},\"primaryImageOfPage\":{\"@id\":\"https:\/\/www.batxilleratgranes.com\/es\/inmunologia-i-vacuna-del-vih\/#primaryimage\"},\"image\":{\"@id\":\"https:\/\/www.batxilleratgranes.com\/es\/inmunologia-i-vacuna-del-vih\/#primaryimage\"},\"thumbnailUrl\":\"https:\/\/www.batxilleratgranes.com\/wp-content\/uploads\/2026\/04\/Portada-VIH_Granes.jpg\",\"datePublished\":\"2026-04-29T08:04:42+00:00\",\"dateModified\":\"2026-04-29T08:04:45+00:00\",\"description\":\"Els alumnes de segon de batxillerat de Ci\u00e8ncies de la Salut han realitzat el taller 'Investiga la vacuna del VIH' de Cosmocaixa.\",\"breadcrumb\":{\"@id\":\"https:\/\/www.batxilleratgranes.com\/es\/inmunologia-i-vacuna-del-vih\/#breadcrumb\"},\"inLanguage\":\"es\",\"potentialAction\":[{\"@type\":\"ReadAction\",\"target\":[\"https:\/\/www.batxilleratgranes.com\/es\/inmunologia-i-vacuna-del-vih\/\"]}]},{\"@type\":\"ImageObject\",\"inLanguage\":\"es\",\"@id\":\"https:\/\/www.batxilleratgranes.com\/es\/inmunologia-i-vacuna-del-vih\/#primaryimage\",\"url\":\"https:\/\/www.batxilleratgranes.com\/wp-content\/uploads\/2026\/04\/Portada-VIH_Granes.jpg\",\"contentUrl\":\"https:\/\/www.batxilleratgranes.com\/wp-content\/uploads\/2026\/04\/Portada-VIH_Granes.jpg\",\"width\":800,\"height\":1066},{\"@type\":\"BreadcrumbList\",\"@id\":\"https:\/\/www.batxilleratgranes.com\/es\/inmunologia-i-vacuna-del-vih\/#breadcrumb\",\"itemListElement\":[{\"@type\":\"ListItem\",\"position\":1,\"name\":\"Inici\",\"item\":\"https:\/\/www.batxilleratgranes.com\/es\/\"},{\"@type\":\"ListItem\",\"position\":2,\"name\":\"Inmunologia i vacuna del VIH\"}]},{\"@type\":\"WebSite\",\"@id\":\"https:\/\/www.batxilleratgranes.com\/es\/#website\",\"url\":\"https:\/\/www.batxilleratgranes.com\/es\/\",\"name\":\"Gran\u00e9s Batxillerat - Escuela especializada en Bachillerato en Barcelona\",\"description\":\"Escola especialitzada en Batxillerat a Barcelona\",\"publisher\":{\"@id\":\"https:\/\/www.batxilleratgranes.com\/es\/#organization\"},\"potentialAction\":[{\"@type\":\"SearchAction\",\"target\":{\"@type\":\"EntryPoint\",\"urlTemplate\":\"https:\/\/www.batxilleratgranes.com\/es\/?s={search_term_string}\"},\"query-input\":{\"@type\":\"PropertyValueSpecification\",\"valueRequired\":true,\"valueName\":\"search_term_string\"}}],\"inLanguage\":\"es\"},{\"@type\":\"Organization\",\"@id\":\"https:\/\/www.batxilleratgranes.com\/es\/#organization\",\"name\":\"Gran\u00e9s Batxillerat - Escuela especializada en Bachillerato en Barcelona\",\"url\":\"https:\/\/www.batxilleratgranes.com\/es\/\",\"logo\":{\"@type\":\"ImageObject\",\"inLanguage\":\"es\",\"@id\":\"https:\/\/www.batxilleratgranes.com\/es\/#\/schema\/logo\/image\/\",\"url\":\"https:\/\/www.batxilleratgranes.com\/wp-content\/uploads\/2013\/01\/granes1.png\",\"contentUrl\":\"https:\/\/www.batxilleratgranes.com\/wp-content\/uploads\/2013\/01\/granes1.png\",\"width\":292,\"height\":85,\"caption\":\"Gran\u00e9s Batxillerat - Escuela especializada en Bachillerato en Barcelona\"},\"image\":{\"@id\":\"https:\/\/www.batxilleratgranes.com\/es\/#\/schema\/logo\/image\/\"}},{\"@type\":\"Person\",\"@id\":\"https:\/\/www.batxilleratgranes.com\/es\/#\/schema\/person\/c6cad771e5a8185c7d86589fcb6830f0\",\"name\":\"iria.canovas@granes.org\",\"image\":{\"@type\":\"ImageObject\",\"inLanguage\":\"es\",\"@id\":\"https:\/\/www.batxilleratgranes.com\/es\/#\/schema\/person\/image\/\",\"url\":\"https:\/\/secure.gravatar.com\/avatar\/daf801bc1747e8ccc693c9041f5585cd?s=96&d=mm&r=g\",\"contentUrl\":\"https:\/\/secure.gravatar.com\/avatar\/daf801bc1747e8ccc693c9041f5585cd?s=96&d=mm&r=g\",\"caption\":\"iria.canovas@granes.org\"},\"url\":\"https:\/\/www.batxilleratgranes.com\/es\/author\/iria-canovasgranes-org\/\"}]}<\/script>\n<!-- \/ Yoast SEO plugin. -->","yoast_head_json":{"title":"Inmunologia i vacuna del VIH - Gran\u00e9s Batxillerat - Escuela especializada en Bachillerato en Barcelona","description":"Els alumnes de segon de batxillerat de Ci\u00e8ncies de la Salut han realitzat el taller 'Investiga la vacuna del VIH' de Cosmocaixa.","robots":{"index":"index","follow":"follow","max-snippet":"max-snippet:-1","max-image-preview":"max-image-preview:large","max-video-preview":"max-video-preview:-1"},"canonical":"https:\/\/www.batxilleratgranes.com\/es\/inmunologia-i-vacuna-del-vih\/","og_locale":"es_ES","og_type":"article","og_title":"Inmunologia i vacuna del VIH - Gran\u00e9s Batxillerat - Escuela especializada en Bachillerato en Barcelona","og_description":"Els alumnes de segon de batxillerat de Ci\u00e8ncies de la Salut han realitzat el taller 'Investiga la vacuna del VIH' de Cosmocaixa.","og_url":"https:\/\/www.batxilleratgranes.com\/es\/inmunologia-i-vacuna-del-vih\/","og_site_name":"Gran\u00e9s Batxillerat - Escuela especializada en Bachillerato en Barcelona","article_published_time":"2026-04-29T08:04:42+00:00","article_modified_time":"2026-04-29T08:04:45+00:00","og_image":[{"width":800,"height":1066,"url":"https:\/\/www.batxilleratgranes.com\/wp-content\/uploads\/2026\/04\/Portada-VIH_Granes.jpg","type":"image\/jpeg"}],"author":"iria.canovas@granes.org","twitter_card":"summary_large_image","twitter_misc":{"Written by":"iria.canovas@granes.org","Est. reading time":"2 minutes"},"schema":{"@context":"https:\/\/schema.org","@graph":[{"@type":"Article","@id":"https:\/\/www.batxilleratgranes.com\/es\/inmunologia-i-vacuna-del-vih\/#article","isPartOf":{"@id":"https:\/\/www.batxilleratgranes.com\/es\/inmunologia-i-vacuna-del-vih\/"},"author":{"name":"iria.canovas@granes.org","@id":"https:\/\/www.batxilleratgranes.com\/es\/#\/schema\/person\/c6cad771e5a8185c7d86589fcb6830f0"},"headline":"Inmunologia i vacuna del VIH","datePublished":"2026-04-29T08:04:42+00:00","dateModified":"2026-04-29T08:04:45+00:00","mainEntityOfPage":{"@id":"https:\/\/www.batxilleratgranes.com\/es\/inmunologia-i-vacuna-del-vih\/"},"wordCount":263,"publisher":{"@id":"https:\/\/www.batxilleratgranes.com\/es\/#organization"},"image":{"@id":"https:\/\/www.batxilleratgranes.com\/es\/inmunologia-i-vacuna-del-vih\/#primaryimage"},"thumbnailUrl":"https:\/\/www.batxilleratgranes.com\/wp-content\/uploads\/2026\/04\/Portada-VIH_Granes.jpg","keywords":["Batxillerat cient\u00edfic","Biologia","Ci\u00e8ncies de la Salut","Cosmocaixa","Immunologia","Vacuna VIH"],"articleSection":["Activitats Gran\u00e9s"],"inLanguage":"es"},{"@type":"WebPage","@id":"https:\/\/www.batxilleratgranes.com\/es\/inmunologia-i-vacuna-del-vih\/","url":"https:\/\/www.batxilleratgranes.com\/es\/inmunologia-i-vacuna-del-vih\/","name":"Inmunologia i vacuna del VIH - Gran\u00e9s Batxillerat - Escuela especializada en Bachillerato en Barcelona","isPartOf":{"@id":"https:\/\/www.batxilleratgranes.com\/es\/#website"},"primaryImageOfPage":{"@id":"https:\/\/www.batxilleratgranes.com\/es\/inmunologia-i-vacuna-del-vih\/#primaryimage"},"image":{"@id":"https:\/\/www.batxilleratgranes.com\/es\/inmunologia-i-vacuna-del-vih\/#primaryimage"},"thumbnailUrl":"https:\/\/www.batxilleratgranes.com\/wp-content\/uploads\/2026\/04\/Portada-VIH_Granes.jpg","datePublished":"2026-04-29T08:04:42+00:00","dateModified":"2026-04-29T08:04:45+00:00","description":"Els alumnes de segon de batxillerat de Ci\u00e8ncies de la Salut han realitzat el taller 'Investiga la vacuna del VIH' de Cosmocaixa.","breadcrumb":{"@id":"https:\/\/www.batxilleratgranes.com\/es\/inmunologia-i-vacuna-del-vih\/#breadcrumb"},"inLanguage":"es","potentialAction":[{"@type":"ReadAction","target":["https:\/\/www.batxilleratgranes.com\/es\/inmunologia-i-vacuna-del-vih\/"]}]},{"@type":"ImageObject","inLanguage":"es","@id":"https:\/\/www.batxilleratgranes.com\/es\/inmunologia-i-vacuna-del-vih\/#primaryimage","url":"https:\/\/www.batxilleratgranes.com\/wp-content\/uploads\/2026\/04\/Portada-VIH_Granes.jpg","contentUrl":"https:\/\/www.batxilleratgranes.com\/wp-content\/uploads\/2026\/04\/Portada-VIH_Granes.jpg","width":800,"height":1066},{"@type":"BreadcrumbList","@id":"https:\/\/www.batxilleratgranes.com\/es\/inmunologia-i-vacuna-del-vih\/#breadcrumb","itemListElement":[{"@type":"ListItem","position":1,"name":"Inici","item":"https:\/\/www.batxilleratgranes.com\/es\/"},{"@type":"ListItem","position":2,"name":"Inmunologia i vacuna del VIH"}]},{"@type":"WebSite","@id":"https:\/\/www.batxilleratgranes.com\/es\/#website","url":"https:\/\/www.batxilleratgranes.com\/es\/","name":"Gran\u00e9s Batxillerat - Escuela especializada en Bachillerato en Barcelona","description":"Escola especialitzada en Batxillerat a Barcelona","publisher":{"@id":"https:\/\/www.batxilleratgranes.com\/es\/#organization"},"potentialAction":[{"@type":"SearchAction","target":{"@type":"EntryPoint","urlTemplate":"https:\/\/www.batxilleratgranes.com\/es\/?s={search_term_string}"},"query-input":{"@type":"PropertyValueSpecification","valueRequired":true,"valueName":"search_term_string"}}],"inLanguage":"es"},{"@type":"Organization","@id":"https:\/\/www.batxilleratgranes.com\/es\/#organization","name":"Gran\u00e9s Batxillerat - Escuela especializada en Bachillerato en Barcelona","url":"https:\/\/www.batxilleratgranes.com\/es\/","logo":{"@type":"ImageObject","inLanguage":"es","@id":"https:\/\/www.batxilleratgranes.com\/es\/#\/schema\/logo\/image\/","url":"https:\/\/www.batxilleratgranes.com\/wp-content\/uploads\/2013\/01\/granes1.png","contentUrl":"https:\/\/www.batxilleratgranes.com\/wp-content\/uploads\/2013\/01\/granes1.png","width":292,"height":85,"caption":"Gran\u00e9s Batxillerat - Escuela especializada en Bachillerato en Barcelona"},"image":{"@id":"https:\/\/www.batxilleratgranes.com\/es\/#\/schema\/logo\/image\/"}},{"@type":"Person","@id":"https:\/\/www.batxilleratgranes.com\/es\/#\/schema\/person\/c6cad771e5a8185c7d86589fcb6830f0","name":"iria.canovas@granes.org","image":{"@type":"ImageObject","inLanguage":"es","@id":"https:\/\/www.batxilleratgranes.com\/es\/#\/schema\/person\/image\/","url":"https:\/\/secure.gravatar.com\/avatar\/daf801bc1747e8ccc693c9041f5585cd?s=96&d=mm&r=g","contentUrl":"https:\/\/secure.gravatar.com\/avatar\/daf801bc1747e8ccc693c9041f5585cd?s=96&d=mm&r=g","caption":"iria.canovas@granes.org"},"url":"https:\/\/www.batxilleratgranes.com\/es\/author\/iria-canovasgranes-org\/"}]}},"_links":{"self":[{"href":"https:\/\/www.batxilleratgranes.com\/es\/wp-json\/wp\/v2\/posts\/60572"}],"collection":[{"href":"https:\/\/www.batxilleratgranes.com\/es\/wp-json\/wp\/v2\/posts"}],"about":[{"href":"https:\/\/www.batxilleratgranes.com\/es\/wp-json\/wp\/v2\/types\/post"}],"author":[{"embeddable":true,"href":"https:\/\/www.batxilleratgranes.com\/es\/wp-json\/wp\/v2\/users\/7"}],"replies":[{"embeddable":true,"href":"https:\/\/www.batxilleratgranes.com\/es\/wp-json\/wp\/v2\/comments?post=60572"}],"version-history":[{"count":2,"href":"https:\/\/www.batxilleratgranes.com\/es\/wp-json\/wp\/v2\/posts\/60572\/revisions"}],"predecessor-version":[{"id":60618,"href":"https:\/\/www.batxilleratgranes.com\/es\/wp-json\/wp\/v2\/posts\/60572\/revisions\/60618"}],"wp:featuredmedia":[{"embeddable":true,"href":"https:\/\/www.batxilleratgranes.com\/es\/wp-json\/wp\/v2\/media\/60610"}],"wp:attachment":[{"href":"https:\/\/www.batxilleratgranes.com\/es\/wp-json\/wp\/v2\/media?parent=60572"}],"wp:term":[{"taxonomy":"category","embeddable":true,"href":"https:\/\/www.batxilleratgranes.com\/es\/wp-json\/wp\/v2\/categories?post=60572"},{"taxonomy":"post_tag","embeddable":true,"href":"https:\/\/www.batxilleratgranes.com\/es\/wp-json\/wp\/v2\/tags?post=60572"}],"curies":[{"name":"wp","href":"https:\/\/api.w.org\/{rel}","templated":true}]}}