{"id":60623,"date":"2026-04-30T07:19:47","date_gmt":"2026-04-30T07:19:47","guid":{"rendered":"https:\/\/www.batxilleratgranes.com\/?p=60623"},"modified":"2026-04-30T07:31:45","modified_gmt":"2026-04-30T07:31:45","slug":"xerrada-el-meu-primer-treball","status":"publish","type":"post","link":"https:\/\/www.batxilleratgranes.com\/es\/xerrada-el-meu-primer-treball\/","title":{"rendered":"Xerrada \u2018El meu primer treball\u2019"},"content":{"rendered":"\n<p>Divendres passat, l\u2019alumnat de <strong>2n de batxillerat <\/strong>va participar en la xerrada <strong><em>El meu primer treball<\/em>,<\/strong> organitzades en el marc del Pla d\u2019Acci\u00f3 Tutorial i relacionat amb les accions d&#8217;orientaci\u00f3 acad\u00e8mica i professional que desenvolupem al llarg del curs. <\/p>\n\n\n\n<p>Les sessions van anar a c\u00e0rrec de dues advocades de <a href=\"https:\/\/www.arag.es\/\"><strong>ARAG<\/strong><\/a>, una companyia especialitzada en assegurances de defensa jur\u00eddica i assist\u00e8ncia en viatge amb una \u00e0mplia traject\u00f2ria en l\u2019assessorament legal a particulars i empreses.<\/p>\n\n\n\n<p>Les ponents, <strong>Cristina Gonz\u00e1lez i S\u00f2nia S\u00e1nchez<\/strong>, van aportar la seva experi\u00e8ncia professional per apropar l\u2019alumnat al m\u00f3n laboral des d\u2019una perspectiva jur\u00eddica i pr\u00e0ctica.<\/p>\n\n\n\n<figure class=\"wp-block-image size-full\"><a href=\"https:\/\/www.batxilleratgranes.com\/wp-content\/uploads\/2026\/04\/El-meu-primer-treball_ARAG_1.jpg\"><img loading=\"lazy\" decoding=\"async\" width=\"800\" height=\"600\" src=\"https:\/\/www.batxilleratgranes.com\/wp-content\/uploads\/2026\/04\/El-meu-primer-treball_ARAG_1.jpg\" alt=\"\" class=\"wp-image-60646\" srcset=\"https:\/\/www.batxilleratgranes.com\/wp-content\/uploads\/2026\/04\/El-meu-primer-treball_ARAG_1.jpg 800w, https:\/\/www.batxilleratgranes.com\/wp-content\/uploads\/2026\/04\/El-meu-primer-treball_ARAG_1-300x225.jpg 300w, https:\/\/www.batxilleratgranes.com\/wp-content\/uploads\/2026\/04\/El-meu-primer-treball_ARAG_1-768x576.jpg 768w\" sizes=\"(max-width: 800px) 100vw, 800px\" \/><\/a><\/figure>\n\n\n\n<p>La xerrada tenia com a objectiu preparar l\u2019alumnat per a la seva<strong> futura incorporaci\u00f3 al m\u00f3n laboral<\/strong>. Durant la sessi\u00f3 es van tractar aspectes clau com els <strong>tipus de contractes de treball<\/strong>, els <strong>drets i deures dels treballadors<\/strong> i altres<strong> conceptes b\u00e0sics<\/strong> que cal con\u00e8ixer <strong>abans d\u2019iniciar la vida professional.<\/strong><\/p>\n\n\n\n<p>Les xerrades van ser molt din\u00e0miques i participatives, i van captar l\u2019atenci\u00f3 de l\u2019alumnat, que va intervenir activament amb preguntes i reflexions. Aquesta iniciativa ha estat una oportunitat molt valuosa per dotar els estudiants d\u2019<strong>eines pr\u00e0ctiques i coneixements essencials <\/strong>per afrontar amb m\u00e9s seguretat els seus primers passos en el m\u00f3n laboral.<\/p>\n\n\n\n<p>Volem donar les<strong> gr\u00e0cies a la Cristina i la S\u00f2nia<\/strong> per venir a compartir la seva experi\u00e8ncia i conexiements i, sobretot, pel seu <strong>comprom\u00eds totalment desinteressat<\/strong> en la formaci\u00f3 dels futurs professionals!<\/p>\n\n\n\n<p><\/p>\n","protected":false},"excerpt":{"rendered":"<p>Divendres passat, l\u2019alumnat de 2n de batxillerat va participar en la xerrada El meu primer treball, organitzades en el marc del Pla d\u2019Acci\u00f3 Tutorial i relacionat amb les accions d&#8217;orientaci\u00f3 acad\u00e8mica i professional que desenvolupem al llarg del curs. Les sessions van anar a c\u00e0rrec de dues advocades de ARAG, una companyia especialitzada en assegurances&hellip;&nbsp;<a href=\"https:\/\/www.batxilleratgranes.com\/es\/xerrada-el-meu-primer-treball\/\" class=\"\" rel=\"bookmark\">Read More &raquo;<span class=\"screen-reader-text\">Xerrada \u2018El meu primer treball\u2019<\/span><\/a><\/p>\n","protected":false},"author":7,"featured_media":60650,"comment_status":"closed","ping_status":"open","sticky":false,"template":"","format":"standard","meta":{"neve_meta_sidebar":"","neve_meta_container":"","neve_meta_enable_content_width":"","neve_meta_content_width":0,"neve_meta_title_alignment":"","neve_meta_author_avatar":"","neve_post_elements_order":"","neve_meta_disable_header":"","neve_meta_disable_footer":"","neve_meta_disable_title":"","footnotes":""},"categories":[1370],"tags":[1663,1665,35,1646,1666,1664],"class_list":["post-60623","post","type-post","status-publish","format-standard","has-post-thumbnail","hentry","category-activitats-granes-2","tag-arag","tag-el-meu-primer-treball","tag-granes-batxillerat","tag-pla-daccio-tutorial","tag-tutories","tag-xerrades-dorientacioi"],"yoast_head":"<!-- This site is optimized with the Yoast SEO plugin v23.4 - https:\/\/yoast.com\/wordpress\/plugins\/seo\/ -->\n<title>Xerrada \u2018El meu primer treball\u2019 - Gran\u00e9s Batxillerat - Escuela especializada en Bachillerato en Barcelona<\/title>\n<meta name=\"description\" content=\"L\u2019alumnat de 2n de batxillerat participa e la xerrada d&#039;ARAG sobre &#039;El meu primer treball, organitzada en el marc del Pla d\u2019Acci\u00f3 Tutorial.\" \/>\n<meta name=\"robots\" content=\"index, follow, max-snippet:-1, max-image-preview:large, max-video-preview:-1\" \/>\n<link rel=\"canonical\" href=\"https:\/\/www.batxilleratgranes.com\/es\/xerrada-el-meu-primer-treball\/\" \/>\n<meta property=\"og:locale\" content=\"es_ES\" \/>\n<meta property=\"og:type\" content=\"article\" \/>\n<meta property=\"og:title\" content=\"Xerrada \u2018El meu primer treball\u2019 - Gran\u00e9s Batxillerat - Escuela especializada en Bachillerato en Barcelona\" \/>\n<meta property=\"og:description\" content=\"L\u2019alumnat de 2n de batxillerat participa e la xerrada d&#039;ARAG sobre &#039;El meu primer treball, organitzada en el marc del Pla d\u2019Acci\u00f3 Tutorial.\" \/>\n<meta property=\"og:url\" content=\"https:\/\/www.batxilleratgranes.com\/es\/xerrada-el-meu-primer-treball\/\" \/>\n<meta property=\"og:site_name\" content=\"Gran\u00e9s Batxillerat - Escuela especializada en Bachillerato en Barcelona\" \/>\n<meta property=\"article:published_time\" content=\"2026-04-30T07:19:47+00:00\" \/>\n<meta property=\"article:modified_time\" content=\"2026-04-30T07:31:45+00:00\" \/>\n<meta property=\"og:image\" content=\"https:\/\/www.batxilleratgranes.com\/wp-content\/uploads\/2026\/04\/IMG_4275-scaled.jpg\" \/>\n\t<meta property=\"og:image:width\" content=\"2560\" \/>\n\t<meta property=\"og:image:height\" content=\"2160\" \/>\n\t<meta property=\"og:image:type\" content=\"image\/jpeg\" \/>\n<meta name=\"author\" content=\"iria.canovas@granes.org\" \/>\n<meta name=\"twitter:card\" content=\"summary_large_image\" \/>\n<meta name=\"twitter:label1\" content=\"Written by\" \/>\n\t<meta name=\"twitter:data1\" content=\"iria.canovas@granes.org\" \/>\n\t<meta name=\"twitter:label2\" content=\"Est. reading time\" \/>\n\t<meta name=\"twitter:data2\" content=\"2 minutes\" \/>\n<script type=\"application\/ld+json\" class=\"yoast-schema-graph\">{\"@context\":\"https:\/\/schema.org\",\"@graph\":[{\"@type\":\"Article\",\"@id\":\"https:\/\/www.batxilleratgranes.com\/es\/xerrada-el-meu-primer-treball\/#article\",\"isPartOf\":{\"@id\":\"https:\/\/www.batxilleratgranes.com\/es\/xerrada-el-meu-primer-treball\/\"},\"author\":{\"name\":\"iria.canovas@granes.org\",\"@id\":\"https:\/\/www.batxilleratgranes.com\/es\/#\/schema\/person\/c6cad771e5a8185c7d86589fcb6830f0\"},\"headline\":\"Xerrada \u2018El meu primer treball\u2019\",\"datePublished\":\"2026-04-30T07:19:47+00:00\",\"dateModified\":\"2026-04-30T07:31:45+00:00\",\"mainEntityOfPage\":{\"@id\":\"https:\/\/www.batxilleratgranes.com\/es\/xerrada-el-meu-primer-treball\/\"},\"wordCount\":271,\"publisher\":{\"@id\":\"https:\/\/www.batxilleratgranes.com\/es\/#organization\"},\"image\":{\"@id\":\"https:\/\/www.batxilleratgranes.com\/es\/xerrada-el-meu-primer-treball\/#primaryimage\"},\"thumbnailUrl\":\"https:\/\/www.batxilleratgranes.com\/wp-content\/uploads\/2026\/04\/IMG_4275-scaled.jpg\",\"keywords\":[\"ARAG\",\"El meu primer treball\",\"Gran\u00e9s Batxillerat\",\"Pla d'acci\u00f3 Tutorial\",\"tutories\",\"Xerrades d'orientaci\u00f3i\"],\"articleSection\":[\"Activitats Gran\u00e9s\"],\"inLanguage\":\"es\"},{\"@type\":\"WebPage\",\"@id\":\"https:\/\/www.batxilleratgranes.com\/es\/xerrada-el-meu-primer-treball\/\",\"url\":\"https:\/\/www.batxilleratgranes.com\/es\/xerrada-el-meu-primer-treball\/\",\"name\":\"Xerrada \u2018El meu primer treball\u2019 - Gran\u00e9s Batxillerat - Escuela especializada en Bachillerato en Barcelona\",\"isPartOf\":{\"@id\":\"https:\/\/www.batxilleratgranes.com\/es\/#website\"},\"primaryImageOfPage\":{\"@id\":\"https:\/\/www.batxilleratgranes.com\/es\/xerrada-el-meu-primer-treball\/#primaryimage\"},\"image\":{\"@id\":\"https:\/\/www.batxilleratgranes.com\/es\/xerrada-el-meu-primer-treball\/#primaryimage\"},\"thumbnailUrl\":\"https:\/\/www.batxilleratgranes.com\/wp-content\/uploads\/2026\/04\/IMG_4275-scaled.jpg\",\"datePublished\":\"2026-04-30T07:19:47+00:00\",\"dateModified\":\"2026-04-30T07:31:45+00:00\",\"description\":\"L\u2019alumnat de 2n de batxillerat participa e la xerrada d'ARAG sobre 'El meu primer treball, organitzada en el marc del Pla d\u2019Acci\u00f3 Tutorial.\",\"breadcrumb\":{\"@id\":\"https:\/\/www.batxilleratgranes.com\/es\/xerrada-el-meu-primer-treball\/#breadcrumb\"},\"inLanguage\":\"es\",\"potentialAction\":[{\"@type\":\"ReadAction\",\"target\":[\"https:\/\/www.batxilleratgranes.com\/es\/xerrada-el-meu-primer-treball\/\"]}]},{\"@type\":\"ImageObject\",\"inLanguage\":\"es\",\"@id\":\"https:\/\/www.batxilleratgranes.com\/es\/xerrada-el-meu-primer-treball\/#primaryimage\",\"url\":\"https:\/\/www.batxilleratgranes.com\/wp-content\/uploads\/2026\/04\/IMG_4275-scaled.jpg\",\"contentUrl\":\"https:\/\/www.batxilleratgranes.com\/wp-content\/uploads\/2026\/04\/IMG_4275-scaled.jpg\",\"width\":2560,\"height\":2160},{\"@type\":\"BreadcrumbList\",\"@id\":\"https:\/\/www.batxilleratgranes.com\/es\/xerrada-el-meu-primer-treball\/#breadcrumb\",\"itemListElement\":[{\"@type\":\"ListItem\",\"position\":1,\"name\":\"Inici\",\"item\":\"https:\/\/www.batxilleratgranes.com\/es\/\"},{\"@type\":\"ListItem\",\"position\":2,\"name\":\"Xerrada \u2018El meu primer treball\u2019\"}]},{\"@type\":\"WebSite\",\"@id\":\"https:\/\/www.batxilleratgranes.com\/es\/#website\",\"url\":\"https:\/\/www.batxilleratgranes.com\/es\/\",\"name\":\"Gran\u00e9s Batxillerat - Escuela especializada en Bachillerato en Barcelona\",\"description\":\"Escola especialitzada en Batxillerat a Barcelona\",\"publisher\":{\"@id\":\"https:\/\/www.batxilleratgranes.com\/es\/#organization\"},\"potentialAction\":[{\"@type\":\"SearchAction\",\"target\":{\"@type\":\"EntryPoint\",\"urlTemplate\":\"https:\/\/www.batxilleratgranes.com\/es\/?s={search_term_string}\"},\"query-input\":{\"@type\":\"PropertyValueSpecification\",\"valueRequired\":true,\"valueName\":\"search_term_string\"}}],\"inLanguage\":\"es\"},{\"@type\":\"Organization\",\"@id\":\"https:\/\/www.batxilleratgranes.com\/es\/#organization\",\"name\":\"Gran\u00e9s Batxillerat - Escuela especializada en Bachillerato en Barcelona\",\"url\":\"https:\/\/www.batxilleratgranes.com\/es\/\",\"logo\":{\"@type\":\"ImageObject\",\"inLanguage\":\"es\",\"@id\":\"https:\/\/www.batxilleratgranes.com\/es\/#\/schema\/logo\/image\/\",\"url\":\"https:\/\/www.batxilleratgranes.com\/wp-content\/uploads\/2013\/01\/granes1.png\",\"contentUrl\":\"https:\/\/www.batxilleratgranes.com\/wp-content\/uploads\/2013\/01\/granes1.png\",\"width\":292,\"height\":85,\"caption\":\"Gran\u00e9s Batxillerat - Escuela especializada en Bachillerato en Barcelona\"},\"image\":{\"@id\":\"https:\/\/www.batxilleratgranes.com\/es\/#\/schema\/logo\/image\/\"}},{\"@type\":\"Person\",\"@id\":\"https:\/\/www.batxilleratgranes.com\/es\/#\/schema\/person\/c6cad771e5a8185c7d86589fcb6830f0\",\"name\":\"iria.canovas@granes.org\",\"image\":{\"@type\":\"ImageObject\",\"inLanguage\":\"es\",\"@id\":\"https:\/\/www.batxilleratgranes.com\/es\/#\/schema\/person\/image\/\",\"url\":\"https:\/\/secure.gravatar.com\/avatar\/daf801bc1747e8ccc693c9041f5585cd?s=96&d=mm&r=g\",\"contentUrl\":\"https:\/\/secure.gravatar.com\/avatar\/daf801bc1747e8ccc693c9041f5585cd?s=96&d=mm&r=g\",\"caption\":\"iria.canovas@granes.org\"},\"url\":\"https:\/\/www.batxilleratgranes.com\/es\/author\/iria-canovasgranes-org\/\"}]}<\/script>\n<!-- \/ Yoast SEO plugin. -->","yoast_head_json":{"title":"Xerrada \u2018El meu primer treball\u2019 - Gran\u00e9s Batxillerat - Escuela especializada en Bachillerato en Barcelona","description":"L\u2019alumnat de 2n de batxillerat participa e la xerrada d'ARAG sobre 'El meu primer treball, organitzada en el marc del Pla d\u2019Acci\u00f3 Tutorial.","robots":{"index":"index","follow":"follow","max-snippet":"max-snippet:-1","max-image-preview":"max-image-preview:large","max-video-preview":"max-video-preview:-1"},"canonical":"https:\/\/www.batxilleratgranes.com\/es\/xerrada-el-meu-primer-treball\/","og_locale":"es_ES","og_type":"article","og_title":"Xerrada \u2018El meu primer treball\u2019 - Gran\u00e9s Batxillerat - Escuela especializada en Bachillerato en Barcelona","og_description":"L\u2019alumnat de 2n de batxillerat participa e la xerrada d'ARAG sobre 'El meu primer treball, organitzada en el marc del Pla d\u2019Acci\u00f3 Tutorial.","og_url":"https:\/\/www.batxilleratgranes.com\/es\/xerrada-el-meu-primer-treball\/","og_site_name":"Gran\u00e9s Batxillerat - Escuela especializada en Bachillerato en Barcelona","article_published_time":"2026-04-30T07:19:47+00:00","article_modified_time":"2026-04-30T07:31:45+00:00","og_image":[{"width":2560,"height":2160,"url":"https:\/\/www.batxilleratgranes.com\/wp-content\/uploads\/2026\/04\/IMG_4275-scaled.jpg","type":"image\/jpeg"}],"author":"iria.canovas@granes.org","twitter_card":"summary_large_image","twitter_misc":{"Written by":"iria.canovas@granes.org","Est. reading time":"2 minutes"},"schema":{"@context":"https:\/\/schema.org","@graph":[{"@type":"Article","@id":"https:\/\/www.batxilleratgranes.com\/es\/xerrada-el-meu-primer-treball\/#article","isPartOf":{"@id":"https:\/\/www.batxilleratgranes.com\/es\/xerrada-el-meu-primer-treball\/"},"author":{"name":"iria.canovas@granes.org","@id":"https:\/\/www.batxilleratgranes.com\/es\/#\/schema\/person\/c6cad771e5a8185c7d86589fcb6830f0"},"headline":"Xerrada \u2018El meu primer treball\u2019","datePublished":"2026-04-30T07:19:47+00:00","dateModified":"2026-04-30T07:31:45+00:00","mainEntityOfPage":{"@id":"https:\/\/www.batxilleratgranes.com\/es\/xerrada-el-meu-primer-treball\/"},"wordCount":271,"publisher":{"@id":"https:\/\/www.batxilleratgranes.com\/es\/#organization"},"image":{"@id":"https:\/\/www.batxilleratgranes.com\/es\/xerrada-el-meu-primer-treball\/#primaryimage"},"thumbnailUrl":"https:\/\/www.batxilleratgranes.com\/wp-content\/uploads\/2026\/04\/IMG_4275-scaled.jpg","keywords":["ARAG","El meu primer treball","Gran\u00e9s Batxillerat","Pla d'acci\u00f3 Tutorial","tutories","Xerrades d'orientaci\u00f3i"],"articleSection":["Activitats Gran\u00e9s"],"inLanguage":"es"},{"@type":"WebPage","@id":"https:\/\/www.batxilleratgranes.com\/es\/xerrada-el-meu-primer-treball\/","url":"https:\/\/www.batxilleratgranes.com\/es\/xerrada-el-meu-primer-treball\/","name":"Xerrada \u2018El meu primer treball\u2019 - Gran\u00e9s Batxillerat - Escuela especializada en Bachillerato en Barcelona","isPartOf":{"@id":"https:\/\/www.batxilleratgranes.com\/es\/#website"},"primaryImageOfPage":{"@id":"https:\/\/www.batxilleratgranes.com\/es\/xerrada-el-meu-primer-treball\/#primaryimage"},"image":{"@id":"https:\/\/www.batxilleratgranes.com\/es\/xerrada-el-meu-primer-treball\/#primaryimage"},"thumbnailUrl":"https:\/\/www.batxilleratgranes.com\/wp-content\/uploads\/2026\/04\/IMG_4275-scaled.jpg","datePublished":"2026-04-30T07:19:47+00:00","dateModified":"2026-04-30T07:31:45+00:00","description":"L\u2019alumnat de 2n de batxillerat participa e la xerrada d'ARAG sobre 'El meu primer treball, organitzada en el marc del Pla d\u2019Acci\u00f3 Tutorial.","breadcrumb":{"@id":"https:\/\/www.batxilleratgranes.com\/es\/xerrada-el-meu-primer-treball\/#breadcrumb"},"inLanguage":"es","potentialAction":[{"@type":"ReadAction","target":["https:\/\/www.batxilleratgranes.com\/es\/xerrada-el-meu-primer-treball\/"]}]},{"@type":"ImageObject","inLanguage":"es","@id":"https:\/\/www.batxilleratgranes.com\/es\/xerrada-el-meu-primer-treball\/#primaryimage","url":"https:\/\/www.batxilleratgranes.com\/wp-content\/uploads\/2026\/04\/IMG_4275-scaled.jpg","contentUrl":"https:\/\/www.batxilleratgranes.com\/wp-content\/uploads\/2026\/04\/IMG_4275-scaled.jpg","width":2560,"height":2160},{"@type":"BreadcrumbList","@id":"https:\/\/www.batxilleratgranes.com\/es\/xerrada-el-meu-primer-treball\/#breadcrumb","itemListElement":[{"@type":"ListItem","position":1,"name":"Inici","item":"https:\/\/www.batxilleratgranes.com\/es\/"},{"@type":"ListItem","position":2,"name":"Xerrada \u2018El meu primer treball\u2019"}]},{"@type":"WebSite","@id":"https:\/\/www.batxilleratgranes.com\/es\/#website","url":"https:\/\/www.batxilleratgranes.com\/es\/","name":"Gran\u00e9s Batxillerat - Escuela especializada en Bachillerato en Barcelona","description":"Escola especialitzada en Batxillerat a Barcelona","publisher":{"@id":"https:\/\/www.batxilleratgranes.com\/es\/#organization"},"potentialAction":[{"@type":"SearchAction","target":{"@type":"EntryPoint","urlTemplate":"https:\/\/www.batxilleratgranes.com\/es\/?s={search_term_string}"},"query-input":{"@type":"PropertyValueSpecification","valueRequired":true,"valueName":"search_term_string"}}],"inLanguage":"es"},{"@type":"Organization","@id":"https:\/\/www.batxilleratgranes.com\/es\/#organization","name":"Gran\u00e9s Batxillerat - Escuela especializada en Bachillerato en Barcelona","url":"https:\/\/www.batxilleratgranes.com\/es\/","logo":{"@type":"ImageObject","inLanguage":"es","@id":"https:\/\/www.batxilleratgranes.com\/es\/#\/schema\/logo\/image\/","url":"https:\/\/www.batxilleratgranes.com\/wp-content\/uploads\/2013\/01\/granes1.png","contentUrl":"https:\/\/www.batxilleratgranes.com\/wp-content\/uploads\/2013\/01\/granes1.png","width":292,"height":85,"caption":"Gran\u00e9s Batxillerat - Escuela especializada en Bachillerato en Barcelona"},"image":{"@id":"https:\/\/www.batxilleratgranes.com\/es\/#\/schema\/logo\/image\/"}},{"@type":"Person","@id":"https:\/\/www.batxilleratgranes.com\/es\/#\/schema\/person\/c6cad771e5a8185c7d86589fcb6830f0","name":"iria.canovas@granes.org","image":{"@type":"ImageObject","inLanguage":"es","@id":"https:\/\/www.batxilleratgranes.com\/es\/#\/schema\/person\/image\/","url":"https:\/\/secure.gravatar.com\/avatar\/daf801bc1747e8ccc693c9041f5585cd?s=96&d=mm&r=g","contentUrl":"https:\/\/secure.gravatar.com\/avatar\/daf801bc1747e8ccc693c9041f5585cd?s=96&d=mm&r=g","caption":"iria.canovas@granes.org"},"url":"https:\/\/www.batxilleratgranes.com\/es\/author\/iria-canovasgranes-org\/"}]}},"_links":{"self":[{"href":"https:\/\/www.batxilleratgranes.com\/es\/wp-json\/wp\/v2\/posts\/60623"}],"collection":[{"href":"https:\/\/www.batxilleratgranes.com\/es\/wp-json\/wp\/v2\/posts"}],"about":[{"href":"https:\/\/www.batxilleratgranes.com\/es\/wp-json\/wp\/v2\/types\/post"}],"author":[{"embeddable":true,"href":"https:\/\/www.batxilleratgranes.com\/es\/wp-json\/wp\/v2\/users\/7"}],"replies":[{"embeddable":true,"href":"https:\/\/www.batxilleratgranes.com\/es\/wp-json\/wp\/v2\/comments?post=60623"}],"version-history":[{"count":3,"href":"https:\/\/www.batxilleratgranes.com\/es\/wp-json\/wp\/v2\/posts\/60623\/revisions"}],"predecessor-version":[{"id":60649,"href":"https:\/\/www.batxilleratgranes.com\/es\/wp-json\/wp\/v2\/posts\/60623\/revisions\/60649"}],"wp:featuredmedia":[{"embeddable":true,"href":"https:\/\/www.batxilleratgranes.com\/es\/wp-json\/wp\/v2\/media\/60650"}],"wp:attachment":[{"href":"https:\/\/www.batxilleratgranes.com\/es\/wp-json\/wp\/v2\/media?parent=60623"}],"wp:term":[{"taxonomy":"category","embeddable":true,"href":"https:\/\/www.batxilleratgranes.com\/es\/wp-json\/wp\/v2\/categories?post=60623"},{"taxonomy":"post_tag","embeddable":true,"href":"https:\/\/www.batxilleratgranes.com\/es\/wp-json\/wp\/v2\/tags?post=60623"}],"curies":[{"name":"wp","href":"https:\/\/api.w.org\/{rel}","templated":true}]}}