{"id":6515,"date":"2017-06-27T07:03:55","date_gmt":"2017-06-27T07:03:55","guid":{"rendered":"http:\/\/www.batxilleratgranes.com\/?p=6515"},"modified":"2017-06-27T13:03:44","modified_gmt":"2017-06-27T13:03:44","slug":"mercat-del-llibre-2016","status":"publish","type":"post","link":"https:\/\/www.batxilleratgranes.com\/es\/mercat-del-llibre-2016\/","title":{"rendered":"Mercat del Llibre 2017"},"content":{"rendered":"<p style=\"text-align: justify;\">Dem\u00e0,<strong> dimecres, 28 de juny,<\/strong>\u00a0de<strong> 12.00 a 14.00 hores<\/strong> tindr\u00e0 lloc el <strong>Mercat del Llibre<\/strong> a <a href=\"http:\/\/www.batxilleratgranes.com\/\">Gran\u00e9s Batxillerat<\/a>, on els alumnes podran vendre i comprar alguns dels seus llibres per al curs vinent.<\/p>\n<p style=\"text-align: justify;\">El reciclatge de llibres de 1r i 2n de batxillerat d\u00f3na l&#8217;oportunitat als nostres alumnes de vendre els llibres de text i de lectures que han fet servir durant el curs i que seran tamb\u00e9 utilitzats en el pr\u00f2xim. Aix\u00ed mateix, tant els alumnes de nou ingr\u00e9s al nostre centre com els de 2n de batxillerat podran adquirir aquests llibres de segona m\u00e0 i en bon estat a un preu m\u00e9s redu\u00eft, contribuint tamb\u00e9 a l&#8217;<strong>estalvi<\/strong> de les fam\u00edlies.<\/p>\n<p style=\"text-align: justify;\">La iniciativa pret\u00e9n tamb\u00e9\u00a0fomentar els valors del <strong>reciclatge<\/strong> i el <strong>respecte al medi ambient<\/strong>.<\/p>\n<p style=\"text-align: justify;\"><a href=\"http:\/\/www.batxilleratgranes.com\/wp-content\/uploads\/2016\/06\/Mercat-llibre-2017.jpg\"><img loading=\"lazy\" decoding=\"async\" width=\"560\" height=\"397\" class=\"alignnone size-full wp-image-7865\" src=\"http:\/\/www.batxilleratgranes.com\/wp-content\/uploads\/2016\/06\/Mercat-llibre-2017.jpg\" alt=\"Mercat llibre 2017\" srcset=\"https:\/\/www.batxilleratgranes.com\/wp-content\/uploads\/2016\/06\/Mercat-llibre-2017.jpg 560w, https:\/\/www.batxilleratgranes.com\/wp-content\/uploads\/2016\/06\/Mercat-llibre-2017-300x213.jpg 300w\" sizes=\"(max-width: 560px) 100vw, 560px\" \/><\/a><a href=\"http:\/\/www.batxilleratgranes.com\/wp-content\/uploads\/2016\/06\/1-e1467032303362.jpg\" rel=\"attachment wp-att-6522\"><br \/>\n<\/a><\/p>\n<h3 style=\"text-align: justify;\">Us hi esperem doncs a tots dem\u00e0 al Mercat del Llibre!<\/h3>\n","protected":false},"excerpt":{"rendered":"<p>Dem\u00e0, dimecres, 28 de juny,\u00a0de 12.00 a 14.00 hores tindr\u00e0 lloc el Mercat del Llibre a Gran\u00e9s Batxillerat, on els alumnes podran vendre i comprar alguns dels seus llibres per al curs vinent. El reciclatge de llibres de 1r i 2n de batxillerat d\u00f3na l&#8217;oportunitat als nostres alumnes de vendre els llibres de text i&hellip;&nbsp;<a href=\"https:\/\/www.batxilleratgranes.com\/es\/mercat-del-llibre-2016\/\" class=\"\" rel=\"bookmark\">Read More &raquo;<span class=\"screen-reader-text\">Mercat del Llibre 2017<\/span><\/a><\/p>\n","protected":false},"author":5,"featured_media":7865,"comment_status":"open","ping_status":"open","sticky":false,"template":"","format":"standard","meta":{"neve_meta_sidebar":"","neve_meta_container":"","neve_meta_enable_content_width":"","neve_meta_content_width":0,"neve_meta_title_alignment":"","neve_meta_author_avatar":"","neve_post_elements_order":"","neve_meta_disable_header":"","neve_meta_disable_footer":"","neve_meta_disable_title":"","footnotes":""},"categories":[7],"tags":[297,298,299,296],"class_list":["post-6515","post","type-post","status-publish","format-standard","has-post-thumbnail","hentry","category-centre-batxillerat-granes","tag-llibres-2016-17","tag-llibres-de-batxillerat-2016-17","tag-mercat-del-llibre","tag-reciclatge-de-llibres"],"yoast_head":"<!-- This site is optimized with the Yoast SEO plugin v23.4 - https:\/\/yoast.com\/wordpress\/plugins\/seo\/ -->\n<title>Mercat del Llibre 2017 - Gran\u00e9s Batxillerat - Escuela especializada en Bachillerato en Barcelona<\/title>\n<meta name=\"robots\" content=\"index, follow, max-snippet:-1, max-image-preview:large, max-video-preview:-1\" \/>\n<link rel=\"canonical\" href=\"https:\/\/www.batxilleratgranes.com\/es\/mercat-del-llibre-2016\/\" \/>\n<meta property=\"og:locale\" content=\"es_ES\" \/>\n<meta property=\"og:type\" content=\"article\" \/>\n<meta property=\"og:title\" content=\"Mercat del Llibre 2017 - Gran\u00e9s Batxillerat - Escuela especializada en Bachillerato en Barcelona\" \/>\n<meta property=\"og:description\" content=\"Dem\u00e0, dimecres, 28 de juny,\u00a0de 12.00 a 14.00 hores tindr\u00e0 lloc el Mercat del Llibre a Gran\u00e9s Batxillerat, on els alumnes podran vendre i comprar alguns dels seus llibres per al curs vinent. El reciclatge de llibres de 1r i 2n de batxillerat d\u00f3na l&#8217;oportunitat als nostres alumnes de vendre els llibres de text i&hellip;&nbsp;Read More &raquo;Mercat del Llibre 2017\" \/>\n<meta property=\"og:url\" content=\"https:\/\/www.batxilleratgranes.com\/es\/mercat-del-llibre-2016\/\" \/>\n<meta property=\"og:site_name\" content=\"Gran\u00e9s Batxillerat - Escuela especializada en Bachillerato en Barcelona\" \/>\n<meta property=\"article:published_time\" content=\"2017-06-27T07:03:55+00:00\" \/>\n<meta property=\"article:modified_time\" content=\"2017-06-27T13:03:44+00:00\" \/>\n<meta property=\"og:image\" content=\"https:\/\/www.batxilleratgranes.com\/wp-content\/uploads\/2016\/06\/Mercat-llibre-2017.jpg\" \/>\n\t<meta property=\"og:image:width\" content=\"560\" \/>\n\t<meta property=\"og:image:height\" content=\"397\" \/>\n\t<meta property=\"og:image:type\" content=\"image\/jpeg\" \/>\n<meta name=\"author\" content=\"mireia.martinez\" \/>\n<meta name=\"twitter:card\" content=\"summary_large_image\" \/>\n<meta name=\"twitter:label1\" content=\"Written by\" \/>\n\t<meta name=\"twitter:data1\" content=\"mireia.martinez\" \/>\n\t<meta name=\"twitter:label2\" content=\"Est. reading time\" \/>\n\t<meta name=\"twitter:data2\" content=\"1 minute\" \/>\n<script type=\"application\/ld+json\" class=\"yoast-schema-graph\">{\"@context\":\"https:\/\/schema.org\",\"@graph\":[{\"@type\":\"Article\",\"@id\":\"https:\/\/www.batxilleratgranes.com\/es\/mercat-del-llibre-2016\/#article\",\"isPartOf\":{\"@id\":\"https:\/\/www.batxilleratgranes.com\/es\/mercat-del-llibre-2016\/\"},\"author\":{\"name\":\"mireia.martinez\",\"@id\":\"https:\/\/www.batxilleratgranes.com\/es\/#\/schema\/person\/4e10f231f79e8e2d24629e02b8283201\"},\"headline\":\"Mercat del Llibre 2017\",\"datePublished\":\"2017-06-27T07:03:55+00:00\",\"dateModified\":\"2017-06-27T13:03:44+00:00\",\"mainEntityOfPage\":{\"@id\":\"https:\/\/www.batxilleratgranes.com\/es\/mercat-del-llibre-2016\/\"},\"wordCount\":149,\"commentCount\":0,\"publisher\":{\"@id\":\"https:\/\/www.batxilleratgranes.com\/es\/#organization\"},\"image\":{\"@id\":\"https:\/\/www.batxilleratgranes.com\/es\/mercat-del-llibre-2016\/#primaryimage\"},\"thumbnailUrl\":\"https:\/\/www.batxilleratgranes.com\/wp-content\/uploads\/2016\/06\/Mercat-llibre-2017.jpg\",\"keywords\":[\"llibres 2016-17\",\"llibres de batxillerat 2016-17\",\"Mercat del Llibre\",\"Reciclatge de llibres\"],\"articleSection\":[\"Activitats Gran\u00e9s\"],\"inLanguage\":\"es\",\"potentialAction\":[{\"@type\":\"CommentAction\",\"name\":\"Comment\",\"target\":[\"https:\/\/www.batxilleratgranes.com\/es\/mercat-del-llibre-2016\/#respond\"]}]},{\"@type\":\"WebPage\",\"@id\":\"https:\/\/www.batxilleratgranes.com\/es\/mercat-del-llibre-2016\/\",\"url\":\"https:\/\/www.batxilleratgranes.com\/es\/mercat-del-llibre-2016\/\",\"name\":\"Mercat del Llibre 2017 - Gran\u00e9s Batxillerat - Escuela especializada en Bachillerato en Barcelona\",\"isPartOf\":{\"@id\":\"https:\/\/www.batxilleratgranes.com\/es\/#website\"},\"primaryImageOfPage\":{\"@id\":\"https:\/\/www.batxilleratgranes.com\/es\/mercat-del-llibre-2016\/#primaryimage\"},\"image\":{\"@id\":\"https:\/\/www.batxilleratgranes.com\/es\/mercat-del-llibre-2016\/#primaryimage\"},\"thumbnailUrl\":\"https:\/\/www.batxilleratgranes.com\/wp-content\/uploads\/2016\/06\/Mercat-llibre-2017.jpg\",\"datePublished\":\"2017-06-27T07:03:55+00:00\",\"dateModified\":\"2017-06-27T13:03:44+00:00\",\"breadcrumb\":{\"@id\":\"https:\/\/www.batxilleratgranes.com\/es\/mercat-del-llibre-2016\/#breadcrumb\"},\"inLanguage\":\"es\",\"potentialAction\":[{\"@type\":\"ReadAction\",\"target\":[\"https:\/\/www.batxilleratgranes.com\/es\/mercat-del-llibre-2016\/\"]}]},{\"@type\":\"ImageObject\",\"inLanguage\":\"es\",\"@id\":\"https:\/\/www.batxilleratgranes.com\/es\/mercat-del-llibre-2016\/#primaryimage\",\"url\":\"https:\/\/www.batxilleratgranes.com\/wp-content\/uploads\/2016\/06\/Mercat-llibre-2017.jpg\",\"contentUrl\":\"https:\/\/www.batxilleratgranes.com\/wp-content\/uploads\/2016\/06\/Mercat-llibre-2017.jpg\",\"width\":560,\"height\":397,\"caption\":\"Mercat llibre 2017\"},{\"@type\":\"BreadcrumbList\",\"@id\":\"https:\/\/www.batxilleratgranes.com\/es\/mercat-del-llibre-2016\/#breadcrumb\",\"itemListElement\":[{\"@type\":\"ListItem\",\"position\":1,\"name\":\"Inici\",\"item\":\"https:\/\/www.batxilleratgranes.com\/es\/\"},{\"@type\":\"ListItem\",\"position\":2,\"name\":\"Mercat del Llibre 2017\"}]},{\"@type\":\"WebSite\",\"@id\":\"https:\/\/www.batxilleratgranes.com\/es\/#website\",\"url\":\"https:\/\/www.batxilleratgranes.com\/es\/\",\"name\":\"Gran\u00e9s Batxillerat - Escuela especializada en Bachillerato en Barcelona\",\"description\":\"Escola especialitzada en Batxillerat a Barcelona\",\"publisher\":{\"@id\":\"https:\/\/www.batxilleratgranes.com\/es\/#organization\"},\"potentialAction\":[{\"@type\":\"SearchAction\",\"target\":{\"@type\":\"EntryPoint\",\"urlTemplate\":\"https:\/\/www.batxilleratgranes.com\/es\/?s={search_term_string}\"},\"query-input\":{\"@type\":\"PropertyValueSpecification\",\"valueRequired\":true,\"valueName\":\"search_term_string\"}}],\"inLanguage\":\"es\"},{\"@type\":\"Organization\",\"@id\":\"https:\/\/www.batxilleratgranes.com\/es\/#organization\",\"name\":\"Gran\u00e9s Batxillerat - Escuela especializada en Bachillerato en Barcelona\",\"url\":\"https:\/\/www.batxilleratgranes.com\/es\/\",\"logo\":{\"@type\":\"ImageObject\",\"inLanguage\":\"es\",\"@id\":\"https:\/\/www.batxilleratgranes.com\/es\/#\/schema\/logo\/image\/\",\"url\":\"https:\/\/www.batxilleratgranes.com\/wp-content\/uploads\/2013\/01\/granes1.png\",\"contentUrl\":\"https:\/\/www.batxilleratgranes.com\/wp-content\/uploads\/2013\/01\/granes1.png\",\"width\":292,\"height\":85,\"caption\":\"Gran\u00e9s Batxillerat - Escuela especializada en Bachillerato en Barcelona\"},\"image\":{\"@id\":\"https:\/\/www.batxilleratgranes.com\/es\/#\/schema\/logo\/image\/\"}},{\"@type\":\"Person\",\"@id\":\"https:\/\/www.batxilleratgranes.com\/es\/#\/schema\/person\/4e10f231f79e8e2d24629e02b8283201\",\"name\":\"mireia.martinez\",\"image\":{\"@type\":\"ImageObject\",\"inLanguage\":\"es\",\"@id\":\"https:\/\/www.batxilleratgranes.com\/es\/#\/schema\/person\/image\/\",\"url\":\"https:\/\/secure.gravatar.com\/avatar\/8c952e346979fb1eaf89bbc4dfda29f0?s=96&d=mm&r=g\",\"contentUrl\":\"https:\/\/secure.gravatar.com\/avatar\/8c952e346979fb1eaf89bbc4dfda29f0?s=96&d=mm&r=g\",\"caption\":\"mireia.martinez\"},\"url\":\"https:\/\/www.batxilleratgranes.com\/es\/author\/mireia-martinez\/\"}]}<\/script>\n<!-- \/ Yoast SEO plugin. -->","yoast_head_json":{"title":"Mercat del Llibre 2017 - Gran\u00e9s Batxillerat - Escuela especializada en Bachillerato en Barcelona","robots":{"index":"index","follow":"follow","max-snippet":"max-snippet:-1","max-image-preview":"max-image-preview:large","max-video-preview":"max-video-preview:-1"},"canonical":"https:\/\/www.batxilleratgranes.com\/es\/mercat-del-llibre-2016\/","og_locale":"es_ES","og_type":"article","og_title":"Mercat del Llibre 2017 - Gran\u00e9s Batxillerat - Escuela especializada en Bachillerato en Barcelona","og_description":"Dem\u00e0, dimecres, 28 de juny,\u00a0de 12.00 a 14.00 hores tindr\u00e0 lloc el Mercat del Llibre a Gran\u00e9s Batxillerat, on els alumnes podran vendre i comprar alguns dels seus llibres per al curs vinent. El reciclatge de llibres de 1r i 2n de batxillerat d\u00f3na l&#8217;oportunitat als nostres alumnes de vendre els llibres de text i&hellip;&nbsp;Read More &raquo;Mercat del Llibre 2017","og_url":"https:\/\/www.batxilleratgranes.com\/es\/mercat-del-llibre-2016\/","og_site_name":"Gran\u00e9s Batxillerat - Escuela especializada en Bachillerato en Barcelona","article_published_time":"2017-06-27T07:03:55+00:00","article_modified_time":"2017-06-27T13:03:44+00:00","og_image":[{"width":560,"height":397,"url":"https:\/\/www.batxilleratgranes.com\/wp-content\/uploads\/2016\/06\/Mercat-llibre-2017.jpg","type":"image\/jpeg"}],"author":"mireia.martinez","twitter_card":"summary_large_image","twitter_misc":{"Written by":"mireia.martinez","Est. reading time":"1 minute"},"schema":{"@context":"https:\/\/schema.org","@graph":[{"@type":"Article","@id":"https:\/\/www.batxilleratgranes.com\/es\/mercat-del-llibre-2016\/#article","isPartOf":{"@id":"https:\/\/www.batxilleratgranes.com\/es\/mercat-del-llibre-2016\/"},"author":{"name":"mireia.martinez","@id":"https:\/\/www.batxilleratgranes.com\/es\/#\/schema\/person\/4e10f231f79e8e2d24629e02b8283201"},"headline":"Mercat del Llibre 2017","datePublished":"2017-06-27T07:03:55+00:00","dateModified":"2017-06-27T13:03:44+00:00","mainEntityOfPage":{"@id":"https:\/\/www.batxilleratgranes.com\/es\/mercat-del-llibre-2016\/"},"wordCount":149,"commentCount":0,"publisher":{"@id":"https:\/\/www.batxilleratgranes.com\/es\/#organization"},"image":{"@id":"https:\/\/www.batxilleratgranes.com\/es\/mercat-del-llibre-2016\/#primaryimage"},"thumbnailUrl":"https:\/\/www.batxilleratgranes.com\/wp-content\/uploads\/2016\/06\/Mercat-llibre-2017.jpg","keywords":["llibres 2016-17","llibres de batxillerat 2016-17","Mercat del Llibre","Reciclatge de llibres"],"articleSection":["Activitats Gran\u00e9s"],"inLanguage":"es","potentialAction":[{"@type":"CommentAction","name":"Comment","target":["https:\/\/www.batxilleratgranes.com\/es\/mercat-del-llibre-2016\/#respond"]}]},{"@type":"WebPage","@id":"https:\/\/www.batxilleratgranes.com\/es\/mercat-del-llibre-2016\/","url":"https:\/\/www.batxilleratgranes.com\/es\/mercat-del-llibre-2016\/","name":"Mercat del Llibre 2017 - Gran\u00e9s Batxillerat - Escuela especializada en Bachillerato en Barcelona","isPartOf":{"@id":"https:\/\/www.batxilleratgranes.com\/es\/#website"},"primaryImageOfPage":{"@id":"https:\/\/www.batxilleratgranes.com\/es\/mercat-del-llibre-2016\/#primaryimage"},"image":{"@id":"https:\/\/www.batxilleratgranes.com\/es\/mercat-del-llibre-2016\/#primaryimage"},"thumbnailUrl":"https:\/\/www.batxilleratgranes.com\/wp-content\/uploads\/2016\/06\/Mercat-llibre-2017.jpg","datePublished":"2017-06-27T07:03:55+00:00","dateModified":"2017-06-27T13:03:44+00:00","breadcrumb":{"@id":"https:\/\/www.batxilleratgranes.com\/es\/mercat-del-llibre-2016\/#breadcrumb"},"inLanguage":"es","potentialAction":[{"@type":"ReadAction","target":["https:\/\/www.batxilleratgranes.com\/es\/mercat-del-llibre-2016\/"]}]},{"@type":"ImageObject","inLanguage":"es","@id":"https:\/\/www.batxilleratgranes.com\/es\/mercat-del-llibre-2016\/#primaryimage","url":"https:\/\/www.batxilleratgranes.com\/wp-content\/uploads\/2016\/06\/Mercat-llibre-2017.jpg","contentUrl":"https:\/\/www.batxilleratgranes.com\/wp-content\/uploads\/2016\/06\/Mercat-llibre-2017.jpg","width":560,"height":397,"caption":"Mercat llibre 2017"},{"@type":"BreadcrumbList","@id":"https:\/\/www.batxilleratgranes.com\/es\/mercat-del-llibre-2016\/#breadcrumb","itemListElement":[{"@type":"ListItem","position":1,"name":"Inici","item":"https:\/\/www.batxilleratgranes.com\/es\/"},{"@type":"ListItem","position":2,"name":"Mercat del Llibre 2017"}]},{"@type":"WebSite","@id":"https:\/\/www.batxilleratgranes.com\/es\/#website","url":"https:\/\/www.batxilleratgranes.com\/es\/","name":"Gran\u00e9s Batxillerat - Escuela especializada en Bachillerato en Barcelona","description":"Escola especialitzada en Batxillerat a Barcelona","publisher":{"@id":"https:\/\/www.batxilleratgranes.com\/es\/#organization"},"potentialAction":[{"@type":"SearchAction","target":{"@type":"EntryPoint","urlTemplate":"https:\/\/www.batxilleratgranes.com\/es\/?s={search_term_string}"},"query-input":{"@type":"PropertyValueSpecification","valueRequired":true,"valueName":"search_term_string"}}],"inLanguage":"es"},{"@type":"Organization","@id":"https:\/\/www.batxilleratgranes.com\/es\/#organization","name":"Gran\u00e9s Batxillerat - Escuela especializada en Bachillerato en Barcelona","url":"https:\/\/www.batxilleratgranes.com\/es\/","logo":{"@type":"ImageObject","inLanguage":"es","@id":"https:\/\/www.batxilleratgranes.com\/es\/#\/schema\/logo\/image\/","url":"https:\/\/www.batxilleratgranes.com\/wp-content\/uploads\/2013\/01\/granes1.png","contentUrl":"https:\/\/www.batxilleratgranes.com\/wp-content\/uploads\/2013\/01\/granes1.png","width":292,"height":85,"caption":"Gran\u00e9s Batxillerat - Escuela especializada en Bachillerato en Barcelona"},"image":{"@id":"https:\/\/www.batxilleratgranes.com\/es\/#\/schema\/logo\/image\/"}},{"@type":"Person","@id":"https:\/\/www.batxilleratgranes.com\/es\/#\/schema\/person\/4e10f231f79e8e2d24629e02b8283201","name":"mireia.martinez","image":{"@type":"ImageObject","inLanguage":"es","@id":"https:\/\/www.batxilleratgranes.com\/es\/#\/schema\/person\/image\/","url":"https:\/\/secure.gravatar.com\/avatar\/8c952e346979fb1eaf89bbc4dfda29f0?s=96&d=mm&r=g","contentUrl":"https:\/\/secure.gravatar.com\/avatar\/8c952e346979fb1eaf89bbc4dfda29f0?s=96&d=mm&r=g","caption":"mireia.martinez"},"url":"https:\/\/www.batxilleratgranes.com\/es\/author\/mireia-martinez\/"}]}},"_links":{"self":[{"href":"https:\/\/www.batxilleratgranes.com\/es\/wp-json\/wp\/v2\/posts\/6515"}],"collection":[{"href":"https:\/\/www.batxilleratgranes.com\/es\/wp-json\/wp\/v2\/posts"}],"about":[{"href":"https:\/\/www.batxilleratgranes.com\/es\/wp-json\/wp\/v2\/types\/post"}],"author":[{"embeddable":true,"href":"https:\/\/www.batxilleratgranes.com\/es\/wp-json\/wp\/v2\/users\/5"}],"replies":[{"embeddable":true,"href":"https:\/\/www.batxilleratgranes.com\/es\/wp-json\/wp\/v2\/comments?post=6515"}],"version-history":[{"count":6,"href":"https:\/\/www.batxilleratgranes.com\/es\/wp-json\/wp\/v2\/posts\/6515\/revisions"}],"predecessor-version":[{"id":7866,"href":"https:\/\/www.batxilleratgranes.com\/es\/wp-json\/wp\/v2\/posts\/6515\/revisions\/7866"}],"wp:featuredmedia":[{"embeddable":true,"href":"https:\/\/www.batxilleratgranes.com\/es\/wp-json\/wp\/v2\/media\/7865"}],"wp:attachment":[{"href":"https:\/\/www.batxilleratgranes.com\/es\/wp-json\/wp\/v2\/media?parent=6515"}],"wp:term":[{"taxonomy":"category","embeddable":true,"href":"https:\/\/www.batxilleratgranes.com\/es\/wp-json\/wp\/v2\/categories?post=6515"},{"taxonomy":"post_tag","embeddable":true,"href":"https:\/\/www.batxilleratgranes.com\/es\/wp-json\/wp\/v2\/tags?post=6515"}],"curies":[{"name":"wp","href":"https:\/\/api.w.org\/{rel}","templated":true}]}}