{"id":6539,"date":"2016-07-01T12:22:24","date_gmt":"2016-07-01T12:22:24","guid":{"rendered":"http:\/\/www.batxilleratgranes.com\/?p=6539"},"modified":"2016-07-01T12:56:06","modified_gmt":"2016-07-01T12:56:06","slug":"fins-aviat-orlando","status":"publish","type":"post","link":"https:\/\/www.batxilleratgranes.com\/es\/fins-aviat-orlando\/","title":{"rendered":"Gr\u00e0cies, Orlando!"},"content":{"rendered":"<p style=\"text-align: justify;\"><a href=\"http:\/\/www.batxilleratgranes.com\/wp-content\/uploads\/2016\/07\/Orlando-2.jpg\" rel=\"attachment wp-att-6540\"><img loading=\"lazy\" decoding=\"async\" width=\"1200\" height=\"600\" class=\"alignnone size-full wp-image-6540\" src=\"http:\/\/www.batxilleratgranes.com\/wp-content\/uploads\/2016\/07\/Orlando-2.jpg\" alt=\"Orlando\" srcset=\"https:\/\/www.batxilleratgranes.com\/wp-content\/uploads\/2016\/07\/Orlando-2.jpg 1200w, https:\/\/www.batxilleratgranes.com\/wp-content\/uploads\/2016\/07\/Orlando-2-300x150.jpg 300w, https:\/\/www.batxilleratgranes.com\/wp-content\/uploads\/2016\/07\/Orlando-2-768x384.jpg 768w, https:\/\/www.batxilleratgranes.com\/wp-content\/uploads\/2016\/07\/Orlando-2-1024x512.jpg 1024w, https:\/\/www.batxilleratgranes.com\/wp-content\/uploads\/2016\/07\/Orlando-2-650x325.jpg 650w, https:\/\/www.batxilleratgranes.com\/wp-content\/uploads\/2016\/07\/Orlando-2-960x480.jpg 960w, https:\/\/www.batxilleratgranes.com\/wp-content\/uploads\/2016\/07\/Orlando-2-1000x500.jpg 1000w\" sizes=\"(max-width: 1200px) 100vw, 1200px\" \/><\/a><\/p>\n<p style=\"text-align: justify;\">Ahir, 30 de juny, va ser el darrer dia de l&#8217;<a href=\"http:\/\/www.batxilleratgranes.com\/olando-lopez-sempre-al-costat-de-lalumne.html\">Orlando<\/a> com a Secretari de la nostra escola. Despr\u00e9s de <strong>m\u00e9s de 47 anys<\/strong> de <strong>dedicaci\u00f3 generosa<\/strong> a la <a href=\"http:\/\/www.batxilleratgranes.com\/\">Gran\u00e9s<\/a>, el seu comiat per jubilaci\u00f3 va mer\u00e8ixer una bona celebraci\u00f3 en companyia de tots els seus companys i professors de l&#8217;escola. L&#8217;equip directiu del centre va agrair tamb\u00e9 amb unes paraules la seva valuosa aportaci\u00f3 al centre al llarg de tots aquests anys.<\/p>\n<p style=\"text-align: justify;\"><a href=\"http:\/\/www.batxilleratgranes.com\/wp-content\/uploads\/2016\/07\/P6300089-3.jpg\" rel=\"attachment wp-att-6552\"><img loading=\"lazy\" decoding=\"async\" width=\"1200\" height=\"900\" class=\"alignnone size-full wp-image-6552\" src=\"http:\/\/www.batxilleratgranes.com\/wp-content\/uploads\/2016\/07\/P6300089-3.jpg\" alt=\"Orlando\" srcset=\"https:\/\/www.batxilleratgranes.com\/wp-content\/uploads\/2016\/07\/P6300089-3.jpg 1200w, https:\/\/www.batxilleratgranes.com\/wp-content\/uploads\/2016\/07\/P6300089-3-300x225.jpg 300w, https:\/\/www.batxilleratgranes.com\/wp-content\/uploads\/2016\/07\/P6300089-3-768x576.jpg 768w, https:\/\/www.batxilleratgranes.com\/wp-content\/uploads\/2016\/07\/P6300089-3-1024x768.jpg 1024w, https:\/\/www.batxilleratgranes.com\/wp-content\/uploads\/2016\/07\/P6300089-3-650x488.jpg 650w, https:\/\/www.batxilleratgranes.com\/wp-content\/uploads\/2016\/07\/P6300089-3-960x720.jpg 960w, https:\/\/www.batxilleratgranes.com\/wp-content\/uploads\/2016\/07\/P6300089-3-1000x750.jpg 1000w\" sizes=\"(max-width: 1200px) 100vw, 1200px\" \/><\/a><\/p>\n<p>&nbsp;<\/p>\n<h3 style=\"text-align: center;\">Gaudeix molt Orlando d&#8217;aquesta nova etapa!<\/h3>\n<p><a href=\"http:\/\/www.batxilleratgranes.com\/wp-content\/uploads\/2016\/07\/P6300091.jpg\" rel=\"attachment wp-att-6542\"><img loading=\"lazy\" decoding=\"async\" width=\"1200\" height=\"900\" class=\"alignnone size-full wp-image-6542\" src=\"http:\/\/www.batxilleratgranes.com\/wp-content\/uploads\/2016\/07\/P6300091.jpg\" alt=\"Orlando 3\" srcset=\"https:\/\/www.batxilleratgranes.com\/wp-content\/uploads\/2016\/07\/P6300091.jpg 1200w, https:\/\/www.batxilleratgranes.com\/wp-content\/uploads\/2016\/07\/P6300091-300x225.jpg 300w, https:\/\/www.batxilleratgranes.com\/wp-content\/uploads\/2016\/07\/P6300091-768x576.jpg 768w, https:\/\/www.batxilleratgranes.com\/wp-content\/uploads\/2016\/07\/P6300091-1024x768.jpg 1024w, https:\/\/www.batxilleratgranes.com\/wp-content\/uploads\/2016\/07\/P6300091-650x488.jpg 650w, https:\/\/www.batxilleratgranes.com\/wp-content\/uploads\/2016\/07\/P6300091-960x720.jpg 960w, https:\/\/www.batxilleratgranes.com\/wp-content\/uploads\/2016\/07\/P6300091-1000x750.jpg 1000w\" sizes=\"(max-width: 1200px) 100vw, 1200px\" \/><\/a><\/p>\n<pre>L'Orlando amb David Flores, a qui ara podreu trobar a la secretaria de l'escola.<\/pre>\n","protected":false},"excerpt":{"rendered":"<p>Ahir, 30 de juny, va ser el darrer dia de l&#8217;Orlando com a Secretari de la nostra escola. Despr\u00e9s de m\u00e9s de 47 anys de dedicaci\u00f3 generosa a la Gran\u00e9s, el seu comiat per jubilaci\u00f3 va mer\u00e8ixer una bona celebraci\u00f3 en companyia de tots els seus companys i professors de l&#8217;escola. L&#8217;equip directiu del centre&hellip;&nbsp;<a href=\"https:\/\/www.batxilleratgranes.com\/es\/fins-aviat-orlando\/\" class=\"\" rel=\"bookmark\">Read More &raquo;<span class=\"screen-reader-text\">Gr\u00e0cies, Orlando!<\/span><\/a><\/p>\n","protected":false},"author":5,"featured_media":6550,"comment_status":"open","ping_status":"open","sticky":false,"template":"","format":"standard","meta":{"neve_meta_sidebar":"","neve_meta_container":"","neve_meta_enable_content_width":"","neve_meta_content_width":0,"neve_meta_title_alignment":"","neve_meta_author_avatar":"","neve_post_elements_order":"","neve_meta_disable_header":"","neve_meta_disable_footer":"","neve_meta_disable_title":"","footnotes":""},"categories":[7],"tags":[35,300],"class_list":["post-6539","post","type-post","status-publish","format-standard","has-post-thumbnail","hentry","category-centre-batxillerat-granes","tag-granes-batxillerat","tag-orlando"],"yoast_head":"<!-- This site is optimized with the Yoast SEO plugin v23.4 - https:\/\/yoast.com\/wordpress\/plugins\/seo\/ -->\n<title>Gr\u00e0cies, Orlando! - Gran\u00e9s Batxillerat - Escuela especializada en Bachillerato en Barcelona<\/title>\n<meta name=\"robots\" content=\"index, follow, max-snippet:-1, max-image-preview:large, max-video-preview:-1\" \/>\n<link rel=\"canonical\" href=\"https:\/\/www.batxilleratgranes.com\/es\/fins-aviat-orlando\/\" \/>\n<meta property=\"og:locale\" content=\"es_ES\" \/>\n<meta property=\"og:type\" content=\"article\" \/>\n<meta property=\"og:title\" content=\"Gr\u00e0cies, Orlando! - Gran\u00e9s Batxillerat - Escuela especializada en Bachillerato en Barcelona\" \/>\n<meta property=\"og:description\" content=\"Ahir, 30 de juny, va ser el darrer dia de l&#8217;Orlando com a Secretari de la nostra escola. Despr\u00e9s de m\u00e9s de 47 anys de dedicaci\u00f3 generosa a la Gran\u00e9s, el seu comiat per jubilaci\u00f3 va mer\u00e8ixer una bona celebraci\u00f3 en companyia de tots els seus companys i professors de l&#8217;escola. L&#8217;equip directiu del centre&hellip;&nbsp;Read More &raquo;Gr\u00e0cies, Orlando!\" \/>\n<meta property=\"og:url\" content=\"https:\/\/www.batxilleratgranes.com\/es\/fins-aviat-orlando\/\" \/>\n<meta property=\"og:site_name\" content=\"Gran\u00e9s Batxillerat - Escuela especializada en Bachillerato en Barcelona\" \/>\n<meta property=\"article:published_time\" content=\"2016-07-01T12:22:24+00:00\" \/>\n<meta property=\"article:modified_time\" content=\"2016-07-01T12:56:06+00:00\" \/>\n<meta property=\"og:image\" content=\"https:\/\/www.batxilleratgranes.com\/wp-content\/uploads\/2016\/07\/P6300088-e1467377756788.jpg\" \/>\n\t<meta property=\"og:image:width\" content=\"520\" \/>\n\t<meta property=\"og:image:height\" content=\"294\" \/>\n\t<meta property=\"og:image:type\" content=\"image\/jpeg\" \/>\n<meta name=\"author\" content=\"mireia.martinez\" \/>\n<meta name=\"twitter:card\" content=\"summary_large_image\" \/>\n<meta name=\"twitter:label1\" content=\"Written by\" \/>\n\t<meta name=\"twitter:data1\" content=\"mireia.martinez\" \/>\n<script type=\"application\/ld+json\" class=\"yoast-schema-graph\">{\"@context\":\"https:\/\/schema.org\",\"@graph\":[{\"@type\":\"Article\",\"@id\":\"https:\/\/www.batxilleratgranes.com\/es\/fins-aviat-orlando\/#article\",\"isPartOf\":{\"@id\":\"https:\/\/www.batxilleratgranes.com\/es\/fins-aviat-orlando\/\"},\"author\":{\"name\":\"mireia.martinez\",\"@id\":\"https:\/\/www.batxilleratgranes.com\/es\/#\/schema\/person\/4e10f231f79e8e2d24629e02b8283201\"},\"headline\":\"Gr\u00e0cies, Orlando!\",\"datePublished\":\"2016-07-01T12:22:24+00:00\",\"dateModified\":\"2016-07-01T12:56:06+00:00\",\"mainEntityOfPage\":{\"@id\":\"https:\/\/www.batxilleratgranes.com\/es\/fins-aviat-orlando\/\"},\"wordCount\":89,\"commentCount\":0,\"publisher\":{\"@id\":\"https:\/\/www.batxilleratgranes.com\/es\/#organization\"},\"image\":{\"@id\":\"https:\/\/www.batxilleratgranes.com\/es\/fins-aviat-orlando\/#primaryimage\"},\"thumbnailUrl\":\"https:\/\/www.batxilleratgranes.com\/wp-content\/uploads\/2016\/07\/P6300088-e1467377756788.jpg\",\"keywords\":[\"Gran\u00e9s Batxillerat\",\"Orlando\"],\"articleSection\":[\"Activitats Gran\u00e9s\"],\"inLanguage\":\"es\",\"potentialAction\":[{\"@type\":\"CommentAction\",\"name\":\"Comment\",\"target\":[\"https:\/\/www.batxilleratgranes.com\/es\/fins-aviat-orlando\/#respond\"]}]},{\"@type\":\"WebPage\",\"@id\":\"https:\/\/www.batxilleratgranes.com\/es\/fins-aviat-orlando\/\",\"url\":\"https:\/\/www.batxilleratgranes.com\/es\/fins-aviat-orlando\/\",\"name\":\"Gr\u00e0cies, Orlando! - Gran\u00e9s Batxillerat - Escuela especializada en Bachillerato en Barcelona\",\"isPartOf\":{\"@id\":\"https:\/\/www.batxilleratgranes.com\/es\/#website\"},\"primaryImageOfPage\":{\"@id\":\"https:\/\/www.batxilleratgranes.com\/es\/fins-aviat-orlando\/#primaryimage\"},\"image\":{\"@id\":\"https:\/\/www.batxilleratgranes.com\/es\/fins-aviat-orlando\/#primaryimage\"},\"thumbnailUrl\":\"https:\/\/www.batxilleratgranes.com\/wp-content\/uploads\/2016\/07\/P6300088-e1467377756788.jpg\",\"datePublished\":\"2016-07-01T12:22:24+00:00\",\"dateModified\":\"2016-07-01T12:56:06+00:00\",\"breadcrumb\":{\"@id\":\"https:\/\/www.batxilleratgranes.com\/es\/fins-aviat-orlando\/#breadcrumb\"},\"inLanguage\":\"es\",\"potentialAction\":[{\"@type\":\"ReadAction\",\"target\":[\"https:\/\/www.batxilleratgranes.com\/es\/fins-aviat-orlando\/\"]}]},{\"@type\":\"ImageObject\",\"inLanguage\":\"es\",\"@id\":\"https:\/\/www.batxilleratgranes.com\/es\/fins-aviat-orlando\/#primaryimage\",\"url\":\"https:\/\/www.batxilleratgranes.com\/wp-content\/uploads\/2016\/07\/P6300088-e1467377756788.jpg\",\"contentUrl\":\"https:\/\/www.batxilleratgranes.com\/wp-content\/uploads\/2016\/07\/P6300088-e1467377756788.jpg\",\"width\":520,\"height\":294,\"caption\":\"Orlando\"},{\"@type\":\"BreadcrumbList\",\"@id\":\"https:\/\/www.batxilleratgranes.com\/es\/fins-aviat-orlando\/#breadcrumb\",\"itemListElement\":[{\"@type\":\"ListItem\",\"position\":1,\"name\":\"Inici\",\"item\":\"https:\/\/www.batxilleratgranes.com\/es\/\"},{\"@type\":\"ListItem\",\"position\":2,\"name\":\"Gr\u00e0cies, Orlando!\"}]},{\"@type\":\"WebSite\",\"@id\":\"https:\/\/www.batxilleratgranes.com\/es\/#website\",\"url\":\"https:\/\/www.batxilleratgranes.com\/es\/\",\"name\":\"Gran\u00e9s Batxillerat - Escuela especializada en Bachillerato en Barcelona\",\"description\":\"Escola especialitzada en Batxillerat a Barcelona\",\"publisher\":{\"@id\":\"https:\/\/www.batxilleratgranes.com\/es\/#organization\"},\"potentialAction\":[{\"@type\":\"SearchAction\",\"target\":{\"@type\":\"EntryPoint\",\"urlTemplate\":\"https:\/\/www.batxilleratgranes.com\/es\/?s={search_term_string}\"},\"query-input\":{\"@type\":\"PropertyValueSpecification\",\"valueRequired\":true,\"valueName\":\"search_term_string\"}}],\"inLanguage\":\"es\"},{\"@type\":\"Organization\",\"@id\":\"https:\/\/www.batxilleratgranes.com\/es\/#organization\",\"name\":\"Gran\u00e9s Batxillerat - Escuela especializada en Bachillerato en Barcelona\",\"url\":\"https:\/\/www.batxilleratgranes.com\/es\/\",\"logo\":{\"@type\":\"ImageObject\",\"inLanguage\":\"es\",\"@id\":\"https:\/\/www.batxilleratgranes.com\/es\/#\/schema\/logo\/image\/\",\"url\":\"https:\/\/www.batxilleratgranes.com\/wp-content\/uploads\/2013\/01\/granes1.png\",\"contentUrl\":\"https:\/\/www.batxilleratgranes.com\/wp-content\/uploads\/2013\/01\/granes1.png\",\"width\":292,\"height\":85,\"caption\":\"Gran\u00e9s Batxillerat - Escuela especializada en Bachillerato en Barcelona\"},\"image\":{\"@id\":\"https:\/\/www.batxilleratgranes.com\/es\/#\/schema\/logo\/image\/\"}},{\"@type\":\"Person\",\"@id\":\"https:\/\/www.batxilleratgranes.com\/es\/#\/schema\/person\/4e10f231f79e8e2d24629e02b8283201\",\"name\":\"mireia.martinez\",\"image\":{\"@type\":\"ImageObject\",\"inLanguage\":\"es\",\"@id\":\"https:\/\/www.batxilleratgranes.com\/es\/#\/schema\/person\/image\/\",\"url\":\"https:\/\/secure.gravatar.com\/avatar\/8c952e346979fb1eaf89bbc4dfda29f0?s=96&d=mm&r=g\",\"contentUrl\":\"https:\/\/secure.gravatar.com\/avatar\/8c952e346979fb1eaf89bbc4dfda29f0?s=96&d=mm&r=g\",\"caption\":\"mireia.martinez\"},\"url\":\"https:\/\/www.batxilleratgranes.com\/es\/author\/mireia-martinez\/\"}]}<\/script>\n<!-- \/ Yoast SEO plugin. -->","yoast_head_json":{"title":"Gr\u00e0cies, Orlando! - Gran\u00e9s Batxillerat - Escuela especializada en Bachillerato en Barcelona","robots":{"index":"index","follow":"follow","max-snippet":"max-snippet:-1","max-image-preview":"max-image-preview:large","max-video-preview":"max-video-preview:-1"},"canonical":"https:\/\/www.batxilleratgranes.com\/es\/fins-aviat-orlando\/","og_locale":"es_ES","og_type":"article","og_title":"Gr\u00e0cies, Orlando! - Gran\u00e9s Batxillerat - Escuela especializada en Bachillerato en Barcelona","og_description":"Ahir, 30 de juny, va ser el darrer dia de l&#8217;Orlando com a Secretari de la nostra escola. Despr\u00e9s de m\u00e9s de 47 anys de dedicaci\u00f3 generosa a la Gran\u00e9s, el seu comiat per jubilaci\u00f3 va mer\u00e8ixer una bona celebraci\u00f3 en companyia de tots els seus companys i professors de l&#8217;escola. L&#8217;equip directiu del centre&hellip;&nbsp;Read More &raquo;Gr\u00e0cies, Orlando!","og_url":"https:\/\/www.batxilleratgranes.com\/es\/fins-aviat-orlando\/","og_site_name":"Gran\u00e9s Batxillerat - Escuela especializada en Bachillerato en Barcelona","article_published_time":"2016-07-01T12:22:24+00:00","article_modified_time":"2016-07-01T12:56:06+00:00","og_image":[{"width":520,"height":294,"url":"https:\/\/www.batxilleratgranes.com\/wp-content\/uploads\/2016\/07\/P6300088-e1467377756788.jpg","type":"image\/jpeg"}],"author":"mireia.martinez","twitter_card":"summary_large_image","twitter_misc":{"Written by":"mireia.martinez"},"schema":{"@context":"https:\/\/schema.org","@graph":[{"@type":"Article","@id":"https:\/\/www.batxilleratgranes.com\/es\/fins-aviat-orlando\/#article","isPartOf":{"@id":"https:\/\/www.batxilleratgranes.com\/es\/fins-aviat-orlando\/"},"author":{"name":"mireia.martinez","@id":"https:\/\/www.batxilleratgranes.com\/es\/#\/schema\/person\/4e10f231f79e8e2d24629e02b8283201"},"headline":"Gr\u00e0cies, Orlando!","datePublished":"2016-07-01T12:22:24+00:00","dateModified":"2016-07-01T12:56:06+00:00","mainEntityOfPage":{"@id":"https:\/\/www.batxilleratgranes.com\/es\/fins-aviat-orlando\/"},"wordCount":89,"commentCount":0,"publisher":{"@id":"https:\/\/www.batxilleratgranes.com\/es\/#organization"},"image":{"@id":"https:\/\/www.batxilleratgranes.com\/es\/fins-aviat-orlando\/#primaryimage"},"thumbnailUrl":"https:\/\/www.batxilleratgranes.com\/wp-content\/uploads\/2016\/07\/P6300088-e1467377756788.jpg","keywords":["Gran\u00e9s Batxillerat","Orlando"],"articleSection":["Activitats Gran\u00e9s"],"inLanguage":"es","potentialAction":[{"@type":"CommentAction","name":"Comment","target":["https:\/\/www.batxilleratgranes.com\/es\/fins-aviat-orlando\/#respond"]}]},{"@type":"WebPage","@id":"https:\/\/www.batxilleratgranes.com\/es\/fins-aviat-orlando\/","url":"https:\/\/www.batxilleratgranes.com\/es\/fins-aviat-orlando\/","name":"Gr\u00e0cies, Orlando! - Gran\u00e9s Batxillerat - Escuela especializada en Bachillerato en Barcelona","isPartOf":{"@id":"https:\/\/www.batxilleratgranes.com\/es\/#website"},"primaryImageOfPage":{"@id":"https:\/\/www.batxilleratgranes.com\/es\/fins-aviat-orlando\/#primaryimage"},"image":{"@id":"https:\/\/www.batxilleratgranes.com\/es\/fins-aviat-orlando\/#primaryimage"},"thumbnailUrl":"https:\/\/www.batxilleratgranes.com\/wp-content\/uploads\/2016\/07\/P6300088-e1467377756788.jpg","datePublished":"2016-07-01T12:22:24+00:00","dateModified":"2016-07-01T12:56:06+00:00","breadcrumb":{"@id":"https:\/\/www.batxilleratgranes.com\/es\/fins-aviat-orlando\/#breadcrumb"},"inLanguage":"es","potentialAction":[{"@type":"ReadAction","target":["https:\/\/www.batxilleratgranes.com\/es\/fins-aviat-orlando\/"]}]},{"@type":"ImageObject","inLanguage":"es","@id":"https:\/\/www.batxilleratgranes.com\/es\/fins-aviat-orlando\/#primaryimage","url":"https:\/\/www.batxilleratgranes.com\/wp-content\/uploads\/2016\/07\/P6300088-e1467377756788.jpg","contentUrl":"https:\/\/www.batxilleratgranes.com\/wp-content\/uploads\/2016\/07\/P6300088-e1467377756788.jpg","width":520,"height":294,"caption":"Orlando"},{"@type":"BreadcrumbList","@id":"https:\/\/www.batxilleratgranes.com\/es\/fins-aviat-orlando\/#breadcrumb","itemListElement":[{"@type":"ListItem","position":1,"name":"Inici","item":"https:\/\/www.batxilleratgranes.com\/es\/"},{"@type":"ListItem","position":2,"name":"Gr\u00e0cies, Orlando!"}]},{"@type":"WebSite","@id":"https:\/\/www.batxilleratgranes.com\/es\/#website","url":"https:\/\/www.batxilleratgranes.com\/es\/","name":"Gran\u00e9s Batxillerat - Escuela especializada en Bachillerato en Barcelona","description":"Escola especialitzada en Batxillerat a Barcelona","publisher":{"@id":"https:\/\/www.batxilleratgranes.com\/es\/#organization"},"potentialAction":[{"@type":"SearchAction","target":{"@type":"EntryPoint","urlTemplate":"https:\/\/www.batxilleratgranes.com\/es\/?s={search_term_string}"},"query-input":{"@type":"PropertyValueSpecification","valueRequired":true,"valueName":"search_term_string"}}],"inLanguage":"es"},{"@type":"Organization","@id":"https:\/\/www.batxilleratgranes.com\/es\/#organization","name":"Gran\u00e9s Batxillerat - Escuela especializada en Bachillerato en Barcelona","url":"https:\/\/www.batxilleratgranes.com\/es\/","logo":{"@type":"ImageObject","inLanguage":"es","@id":"https:\/\/www.batxilleratgranes.com\/es\/#\/schema\/logo\/image\/","url":"https:\/\/www.batxilleratgranes.com\/wp-content\/uploads\/2013\/01\/granes1.png","contentUrl":"https:\/\/www.batxilleratgranes.com\/wp-content\/uploads\/2013\/01\/granes1.png","width":292,"height":85,"caption":"Gran\u00e9s Batxillerat - Escuela especializada en Bachillerato en Barcelona"},"image":{"@id":"https:\/\/www.batxilleratgranes.com\/es\/#\/schema\/logo\/image\/"}},{"@type":"Person","@id":"https:\/\/www.batxilleratgranes.com\/es\/#\/schema\/person\/4e10f231f79e8e2d24629e02b8283201","name":"mireia.martinez","image":{"@type":"ImageObject","inLanguage":"es","@id":"https:\/\/www.batxilleratgranes.com\/es\/#\/schema\/person\/image\/","url":"https:\/\/secure.gravatar.com\/avatar\/8c952e346979fb1eaf89bbc4dfda29f0?s=96&d=mm&r=g","contentUrl":"https:\/\/secure.gravatar.com\/avatar\/8c952e346979fb1eaf89bbc4dfda29f0?s=96&d=mm&r=g","caption":"mireia.martinez"},"url":"https:\/\/www.batxilleratgranes.com\/es\/author\/mireia-martinez\/"}]}},"_links":{"self":[{"href":"https:\/\/www.batxilleratgranes.com\/es\/wp-json\/wp\/v2\/posts\/6539"}],"collection":[{"href":"https:\/\/www.batxilleratgranes.com\/es\/wp-json\/wp\/v2\/posts"}],"about":[{"href":"https:\/\/www.batxilleratgranes.com\/es\/wp-json\/wp\/v2\/types\/post"}],"author":[{"embeddable":true,"href":"https:\/\/www.batxilleratgranes.com\/es\/wp-json\/wp\/v2\/users\/5"}],"replies":[{"embeddable":true,"href":"https:\/\/www.batxilleratgranes.com\/es\/wp-json\/wp\/v2\/comments?post=6539"}],"version-history":[{"count":8,"href":"https:\/\/www.batxilleratgranes.com\/es\/wp-json\/wp\/v2\/posts\/6539\/revisions"}],"predecessor-version":[{"id":6545,"href":"https:\/\/www.batxilleratgranes.com\/es\/wp-json\/wp\/v2\/posts\/6539\/revisions\/6545"}],"wp:featuredmedia":[{"embeddable":true,"href":"https:\/\/www.batxilleratgranes.com\/es\/wp-json\/wp\/v2\/media\/6550"}],"wp:attachment":[{"href":"https:\/\/www.batxilleratgranes.com\/es\/wp-json\/wp\/v2\/media?parent=6539"}],"wp:term":[{"taxonomy":"category","embeddable":true,"href":"https:\/\/www.batxilleratgranes.com\/es\/wp-json\/wp\/v2\/categories?post=6539"},{"taxonomy":"post_tag","embeddable":true,"href":"https:\/\/www.batxilleratgranes.com\/es\/wp-json\/wp\/v2\/tags?post=6539"}],"curies":[{"name":"wp","href":"https:\/\/api.w.org\/{rel}","templated":true}]}}