{"id":6685,"date":"2016-09-30T13:07:33","date_gmt":"2016-09-30T13:07:33","guid":{"rendered":"http:\/\/www.batxilleratgranes.com\/?p=6685"},"modified":"2016-09-30T13:08:14","modified_gmt":"2016-09-30T13:08:14","slug":"sortida-de-convivencia-a-open-camp","status":"publish","type":"post","link":"https:\/\/www.batxilleratgranes.com\/es\/sortida-de-convivencia-a-open-camp\/","title":{"rendered":"Sortida de conviv\u00e8ncia a Open Camp"},"content":{"rendered":"<p style=\"text-align: justify;\">Ahir, tots els alumnes i personal de <a href=\"http:\/\/www.granes.org\">Gran\u00e9s Batxillerat<\/a> vam gaudir d&#8217;un gran dia a les instal\u00b7lacions d&#8217;Open Camp, el primer parc tem\u00e0tic dedicat a l&#8217;esport. Es tractava de la primera sortida de conviv\u00e8ncia i tots plegats vam poder passar una bona estona d&#8217;oci practicant tot tipus d&#8217;activitats esportives. Els alumnes &#8211; per\u00f2 tamb\u00e9 gran part del professorat i personal del centre- no van deixar passar l&#8217;oportunitat de viure un munt d&#8217;experi\u00e8ncies com aut\u00e8ntics esportistes d&#8217;elit.<\/p>\n<p><a href=\"http:\/\/www.batxilleratgranes.com\/wp-content\/uploads\/2016\/09\/IMG_4936.jpg\" rel=\"attachment wp-att-6708\"><img loading=\"lazy\" decoding=\"async\" width=\"1200\" height=\"900\" class=\"alignnone size-full wp-image-6708\" src=\"http:\/\/www.batxilleratgranes.com\/wp-content\/uploads\/2016\/09\/IMG_4936.jpg\" alt=\"Sortida de conviv\u00e8ncia Open Camp\" srcset=\"https:\/\/www.batxilleratgranes.com\/wp-content\/uploads\/2016\/09\/IMG_4936.jpg 1200w, https:\/\/www.batxilleratgranes.com\/wp-content\/uploads\/2016\/09\/IMG_4936-300x225.jpg 300w, https:\/\/www.batxilleratgranes.com\/wp-content\/uploads\/2016\/09\/IMG_4936-768x576.jpg 768w, https:\/\/www.batxilleratgranes.com\/wp-content\/uploads\/2016\/09\/IMG_4936-1024x768.jpg 1024w, https:\/\/www.batxilleratgranes.com\/wp-content\/uploads\/2016\/09\/IMG_4936-650x488.jpg 650w, https:\/\/www.batxilleratgranes.com\/wp-content\/uploads\/2016\/09\/IMG_4936-960x720.jpg 960w, https:\/\/www.batxilleratgranes.com\/wp-content\/uploads\/2016\/09\/IMG_4936-1000x750.jpg 1000w\" sizes=\"(max-width: 1200px) 100vw, 1200px\" \/><\/a><\/p>\n<p style=\"text-align: justify;\"><strong>Tir amb arc, boxa, b\u00e0squet, futbol, atletisme, moto GP<\/strong>&#8230; va quedar demostrat que esteu en plena forma. No us perdreu les imatges de la jornada a la seg\u00fcent galeria!<\/p>\n<p style=\"text-align: justify;\">[metaslider id=6687]<\/p>\n<p>I recordeu que est\u00e0 obert encara el periode per participar al <strong><a href=\"http:\/\/www.batxilleratgranes.com\/concurs-fotografic-sortida-open-camp.html\">concurs d&#8217;Instagram<\/a><\/strong> per triar la millor foto de la sortida d&#8217;ahir. A finals de la setmana que ve, un jurat format per professors de l&#8217;escola donar\u00e0 el seu veredicte.<\/p>\n<p><a href=\"http:\/\/www.batxilleratgranes.com\/wp-content\/uploads\/2016\/09\/IMG_4864.jpg\" rel=\"attachment wp-att-6748\"><img loading=\"lazy\" decoding=\"async\" width=\"640\" height=\"640\" class=\"size-full wp-image-6748 aligncenter\" src=\"http:\/\/www.batxilleratgranes.com\/wp-content\/uploads\/2016\/09\/IMG_4864.jpg\" alt=\"Sortida de conviv\u00e8ncia a Open Camp\" srcset=\"https:\/\/www.batxilleratgranes.com\/wp-content\/uploads\/2016\/09\/IMG_4864.jpg 640w, https:\/\/www.batxilleratgranes.com\/wp-content\/uploads\/2016\/09\/IMG_4864-150x150.jpg 150w, https:\/\/www.batxilleratgranes.com\/wp-content\/uploads\/2016\/09\/IMG_4864-300x300.jpg 300w, https:\/\/www.batxilleratgranes.com\/wp-content\/uploads\/2016\/09\/IMG_4864-60x60.jpg 60w, https:\/\/www.batxilleratgranes.com\/wp-content\/uploads\/2016\/09\/IMG_4864-75x75.jpg 75w\" sizes=\"(max-width: 640px) 100vw, 640px\" \/><\/a><\/p>\n<h3 style=\"text-align: center;\">No deixis passar l&#8217;oportunitat i participa!<\/h3>\n<h3 style=\"text-align: center;\">Un val de 20 euros per gastar a l&#8217;FNAC t&#8217;est\u00e0 esperant!<\/h3>\n","protected":false},"excerpt":{"rendered":"<p>Ahir, tots els alumnes i personal de Gran\u00e9s Batxillerat vam gaudir d&#8217;un gran dia a les instal\u00b7lacions d&#8217;Open Camp, el primer parc tem\u00e0tic dedicat a l&#8217;esport. Es tractava de la primera sortida de conviv\u00e8ncia i tots plegats vam poder passar una bona estona d&#8217;oci practicant tot tipus d&#8217;activitats esportives. Els alumnes &#8211; per\u00f2 tamb\u00e9 gran&hellip;&nbsp;<a href=\"https:\/\/www.batxilleratgranes.com\/es\/sortida-de-convivencia-a-open-camp\/\" class=\"\" rel=\"bookmark\">Read More &raquo;<span class=\"screen-reader-text\">Sortida de conviv\u00e8ncia a Open Camp<\/span><\/a><\/p>\n","protected":false},"author":5,"featured_media":6750,"comment_status":"open","ping_status":"open","sticky":false,"template":"","format":"standard","meta":{"neve_meta_sidebar":"","neve_meta_container":"","neve_meta_enable_content_width":"","neve_meta_content_width":0,"neve_meta_title_alignment":"","neve_meta_author_avatar":"","neve_post_elements_order":"","neve_meta_disable_header":"","neve_meta_disable_footer":"","neve_meta_disable_title":"","footnotes":""},"categories":[7,1],"tags":[],"class_list":["post-6685","post","type-post","status-publish","format-standard","has-post-thumbnail","hentry","category-centre-batxillerat-granes","category-uncategorized"],"yoast_head":"<!-- This site is optimized with the Yoast SEO plugin v23.4 - https:\/\/yoast.com\/wordpress\/plugins\/seo\/ -->\n<title>Sortida de conviv\u00e8ncia a Open Camp - Gran\u00e9s Batxillerat - Escuela especializada en Bachillerato en Barcelona<\/title>\n<meta name=\"robots\" content=\"index, follow, max-snippet:-1, max-image-preview:large, max-video-preview:-1\" \/>\n<link rel=\"canonical\" href=\"https:\/\/www.batxilleratgranes.com\/es\/sortida-de-convivencia-a-open-camp\/\" \/>\n<meta property=\"og:locale\" content=\"es_ES\" \/>\n<meta property=\"og:type\" content=\"article\" \/>\n<meta property=\"og:title\" content=\"Sortida de conviv\u00e8ncia a Open Camp - Gran\u00e9s Batxillerat - Escuela especializada en Bachillerato en Barcelona\" \/>\n<meta property=\"og:description\" content=\"Ahir, tots els alumnes i personal de Gran\u00e9s Batxillerat vam gaudir d&#8217;un gran dia a les instal\u00b7lacions d&#8217;Open Camp, el primer parc tem\u00e0tic dedicat a l&#8217;esport. Es tractava de la primera sortida de conviv\u00e8ncia i tots plegats vam poder passar una bona estona d&#8217;oci practicant tot tipus d&#8217;activitats esportives. Els alumnes &#8211; per\u00f2 tamb\u00e9 gran&hellip;&nbsp;Read More &raquo;Sortida de conviv\u00e8ncia a Open Camp\" \/>\n<meta property=\"og:url\" content=\"https:\/\/www.batxilleratgranes.com\/es\/sortida-de-convivencia-a-open-camp\/\" \/>\n<meta property=\"og:site_name\" content=\"Gran\u00e9s Batxillerat - Escuela especializada en Bachillerato en Barcelona\" \/>\n<meta property=\"article:published_time\" content=\"2016-09-30T13:07:33+00:00\" \/>\n<meta property=\"article:modified_time\" content=\"2016-09-30T13:08:14+00:00\" \/>\n<meta property=\"og:image\" content=\"https:\/\/www.batxilleratgranes.com\/wp-content\/uploads\/2016\/09\/IMG_4899-1-e1475240629143.jpg\" \/>\n\t<meta property=\"og:image:width\" content=\"796\" \/>\n\t<meta property=\"og:image:height\" content=\"302\" \/>\n\t<meta property=\"og:image:type\" content=\"image\/jpeg\" \/>\n<meta name=\"author\" content=\"mireia.martinez\" \/>\n<meta name=\"twitter:card\" content=\"summary_large_image\" \/>\n<meta name=\"twitter:label1\" content=\"Written by\" \/>\n\t<meta name=\"twitter:data1\" content=\"mireia.martinez\" \/>\n\t<meta name=\"twitter:label2\" content=\"Est. reading time\" \/>\n\t<meta name=\"twitter:data2\" content=\"1 minute\" \/>\n<script type=\"application\/ld+json\" class=\"yoast-schema-graph\">{\"@context\":\"https:\/\/schema.org\",\"@graph\":[{\"@type\":\"Article\",\"@id\":\"https:\/\/www.batxilleratgranes.com\/es\/sortida-de-convivencia-a-open-camp\/#article\",\"isPartOf\":{\"@id\":\"https:\/\/www.batxilleratgranes.com\/es\/sortida-de-convivencia-a-open-camp\/\"},\"author\":{\"name\":\"mireia.martinez\",\"@id\":\"https:\/\/www.batxilleratgranes.com\/es\/#\/schema\/person\/4e10f231f79e8e2d24629e02b8283201\"},\"headline\":\"Sortida de conviv\u00e8ncia a Open Camp\",\"datePublished\":\"2016-09-30T13:07:33+00:00\",\"dateModified\":\"2016-09-30T13:08:14+00:00\",\"mainEntityOfPage\":{\"@id\":\"https:\/\/www.batxilleratgranes.com\/es\/sortida-de-convivencia-a-open-camp\/\"},\"wordCount\":192,\"commentCount\":0,\"publisher\":{\"@id\":\"https:\/\/www.batxilleratgranes.com\/es\/#organization\"},\"image\":{\"@id\":\"https:\/\/www.batxilleratgranes.com\/es\/sortida-de-convivencia-a-open-camp\/#primaryimage\"},\"thumbnailUrl\":\"https:\/\/www.batxilleratgranes.com\/wp-content\/uploads\/2016\/09\/IMG_4899-1-e1475240629143.jpg\",\"articleSection\":[\"Activitats Gran\u00e9s\"],\"inLanguage\":\"es\",\"potentialAction\":[{\"@type\":\"CommentAction\",\"name\":\"Comment\",\"target\":[\"https:\/\/www.batxilleratgranes.com\/es\/sortida-de-convivencia-a-open-camp\/#respond\"]}]},{\"@type\":\"WebPage\",\"@id\":\"https:\/\/www.batxilleratgranes.com\/es\/sortida-de-convivencia-a-open-camp\/\",\"url\":\"https:\/\/www.batxilleratgranes.com\/es\/sortida-de-convivencia-a-open-camp\/\",\"name\":\"Sortida de conviv\u00e8ncia a Open Camp - Gran\u00e9s Batxillerat - Escuela especializada en Bachillerato en Barcelona\",\"isPartOf\":{\"@id\":\"https:\/\/www.batxilleratgranes.com\/es\/#website\"},\"primaryImageOfPage\":{\"@id\":\"https:\/\/www.batxilleratgranes.com\/es\/sortida-de-convivencia-a-open-camp\/#primaryimage\"},\"image\":{\"@id\":\"https:\/\/www.batxilleratgranes.com\/es\/sortida-de-convivencia-a-open-camp\/#primaryimage\"},\"thumbnailUrl\":\"https:\/\/www.batxilleratgranes.com\/wp-content\/uploads\/2016\/09\/IMG_4899-1-e1475240629143.jpg\",\"datePublished\":\"2016-09-30T13:07:33+00:00\",\"dateModified\":\"2016-09-30T13:08:14+00:00\",\"breadcrumb\":{\"@id\":\"https:\/\/www.batxilleratgranes.com\/es\/sortida-de-convivencia-a-open-camp\/#breadcrumb\"},\"inLanguage\":\"es\",\"potentialAction\":[{\"@type\":\"ReadAction\",\"target\":[\"https:\/\/www.batxilleratgranes.com\/es\/sortida-de-convivencia-a-open-camp\/\"]}]},{\"@type\":\"ImageObject\",\"inLanguage\":\"es\",\"@id\":\"https:\/\/www.batxilleratgranes.com\/es\/sortida-de-convivencia-a-open-camp\/#primaryimage\",\"url\":\"https:\/\/www.batxilleratgranes.com\/wp-content\/uploads\/2016\/09\/IMG_4899-1-e1475240629143.jpg\",\"contentUrl\":\"https:\/\/www.batxilleratgranes.com\/wp-content\/uploads\/2016\/09\/IMG_4899-1-e1475240629143.jpg\",\"width\":796,\"height\":302,\"caption\":\"Sortida de conviv\u00e8ncia a Open Camp\"},{\"@type\":\"BreadcrumbList\",\"@id\":\"https:\/\/www.batxilleratgranes.com\/es\/sortida-de-convivencia-a-open-camp\/#breadcrumb\",\"itemListElement\":[{\"@type\":\"ListItem\",\"position\":1,\"name\":\"Inici\",\"item\":\"https:\/\/www.batxilleratgranes.com\/es\/\"},{\"@type\":\"ListItem\",\"position\":2,\"name\":\"Sortida de conviv\u00e8ncia a Open Camp\"}]},{\"@type\":\"WebSite\",\"@id\":\"https:\/\/www.batxilleratgranes.com\/es\/#website\",\"url\":\"https:\/\/www.batxilleratgranes.com\/es\/\",\"name\":\"Gran\u00e9s Batxillerat - Escuela especializada en Bachillerato en Barcelona\",\"description\":\"Escola especialitzada en Batxillerat a Barcelona\",\"publisher\":{\"@id\":\"https:\/\/www.batxilleratgranes.com\/es\/#organization\"},\"potentialAction\":[{\"@type\":\"SearchAction\",\"target\":{\"@type\":\"EntryPoint\",\"urlTemplate\":\"https:\/\/www.batxilleratgranes.com\/es\/?s={search_term_string}\"},\"query-input\":{\"@type\":\"PropertyValueSpecification\",\"valueRequired\":true,\"valueName\":\"search_term_string\"}}],\"inLanguage\":\"es\"},{\"@type\":\"Organization\",\"@id\":\"https:\/\/www.batxilleratgranes.com\/es\/#organization\",\"name\":\"Gran\u00e9s Batxillerat - Escuela especializada en Bachillerato en Barcelona\",\"url\":\"https:\/\/www.batxilleratgranes.com\/es\/\",\"logo\":{\"@type\":\"ImageObject\",\"inLanguage\":\"es\",\"@id\":\"https:\/\/www.batxilleratgranes.com\/es\/#\/schema\/logo\/image\/\",\"url\":\"https:\/\/www.batxilleratgranes.com\/wp-content\/uploads\/2013\/01\/granes1.png\",\"contentUrl\":\"https:\/\/www.batxilleratgranes.com\/wp-content\/uploads\/2013\/01\/granes1.png\",\"width\":292,\"height\":85,\"caption\":\"Gran\u00e9s Batxillerat - Escuela especializada en Bachillerato en Barcelona\"},\"image\":{\"@id\":\"https:\/\/www.batxilleratgranes.com\/es\/#\/schema\/logo\/image\/\"}},{\"@type\":\"Person\",\"@id\":\"https:\/\/www.batxilleratgranes.com\/es\/#\/schema\/person\/4e10f231f79e8e2d24629e02b8283201\",\"name\":\"mireia.martinez\",\"image\":{\"@type\":\"ImageObject\",\"inLanguage\":\"es\",\"@id\":\"https:\/\/www.batxilleratgranes.com\/es\/#\/schema\/person\/image\/\",\"url\":\"https:\/\/secure.gravatar.com\/avatar\/8c952e346979fb1eaf89bbc4dfda29f0?s=96&d=mm&r=g\",\"contentUrl\":\"https:\/\/secure.gravatar.com\/avatar\/8c952e346979fb1eaf89bbc4dfda29f0?s=96&d=mm&r=g\",\"caption\":\"mireia.martinez\"},\"url\":\"https:\/\/www.batxilleratgranes.com\/es\/author\/mireia-martinez\/\"}]}<\/script>\n<!-- \/ Yoast SEO plugin. -->","yoast_head_json":{"title":"Sortida de conviv\u00e8ncia a Open Camp - Gran\u00e9s Batxillerat - Escuela especializada en Bachillerato en Barcelona","robots":{"index":"index","follow":"follow","max-snippet":"max-snippet:-1","max-image-preview":"max-image-preview:large","max-video-preview":"max-video-preview:-1"},"canonical":"https:\/\/www.batxilleratgranes.com\/es\/sortida-de-convivencia-a-open-camp\/","og_locale":"es_ES","og_type":"article","og_title":"Sortida de conviv\u00e8ncia a Open Camp - Gran\u00e9s Batxillerat - Escuela especializada en Bachillerato en Barcelona","og_description":"Ahir, tots els alumnes i personal de Gran\u00e9s Batxillerat vam gaudir d&#8217;un gran dia a les instal\u00b7lacions d&#8217;Open Camp, el primer parc tem\u00e0tic dedicat a l&#8217;esport. Es tractava de la primera sortida de conviv\u00e8ncia i tots plegats vam poder passar una bona estona d&#8217;oci practicant tot tipus d&#8217;activitats esportives. Els alumnes &#8211; per\u00f2 tamb\u00e9 gran&hellip;&nbsp;Read More &raquo;Sortida de conviv\u00e8ncia a Open Camp","og_url":"https:\/\/www.batxilleratgranes.com\/es\/sortida-de-convivencia-a-open-camp\/","og_site_name":"Gran\u00e9s Batxillerat - Escuela especializada en Bachillerato en Barcelona","article_published_time":"2016-09-30T13:07:33+00:00","article_modified_time":"2016-09-30T13:08:14+00:00","og_image":[{"width":796,"height":302,"url":"https:\/\/www.batxilleratgranes.com\/wp-content\/uploads\/2016\/09\/IMG_4899-1-e1475240629143.jpg","type":"image\/jpeg"}],"author":"mireia.martinez","twitter_card":"summary_large_image","twitter_misc":{"Written by":"mireia.martinez","Est. reading time":"1 minute"},"schema":{"@context":"https:\/\/schema.org","@graph":[{"@type":"Article","@id":"https:\/\/www.batxilleratgranes.com\/es\/sortida-de-convivencia-a-open-camp\/#article","isPartOf":{"@id":"https:\/\/www.batxilleratgranes.com\/es\/sortida-de-convivencia-a-open-camp\/"},"author":{"name":"mireia.martinez","@id":"https:\/\/www.batxilleratgranes.com\/es\/#\/schema\/person\/4e10f231f79e8e2d24629e02b8283201"},"headline":"Sortida de conviv\u00e8ncia a Open Camp","datePublished":"2016-09-30T13:07:33+00:00","dateModified":"2016-09-30T13:08:14+00:00","mainEntityOfPage":{"@id":"https:\/\/www.batxilleratgranes.com\/es\/sortida-de-convivencia-a-open-camp\/"},"wordCount":192,"commentCount":0,"publisher":{"@id":"https:\/\/www.batxilleratgranes.com\/es\/#organization"},"image":{"@id":"https:\/\/www.batxilleratgranes.com\/es\/sortida-de-convivencia-a-open-camp\/#primaryimage"},"thumbnailUrl":"https:\/\/www.batxilleratgranes.com\/wp-content\/uploads\/2016\/09\/IMG_4899-1-e1475240629143.jpg","articleSection":["Activitats Gran\u00e9s"],"inLanguage":"es","potentialAction":[{"@type":"CommentAction","name":"Comment","target":["https:\/\/www.batxilleratgranes.com\/es\/sortida-de-convivencia-a-open-camp\/#respond"]}]},{"@type":"WebPage","@id":"https:\/\/www.batxilleratgranes.com\/es\/sortida-de-convivencia-a-open-camp\/","url":"https:\/\/www.batxilleratgranes.com\/es\/sortida-de-convivencia-a-open-camp\/","name":"Sortida de conviv\u00e8ncia a Open Camp - Gran\u00e9s Batxillerat - Escuela especializada en Bachillerato en Barcelona","isPartOf":{"@id":"https:\/\/www.batxilleratgranes.com\/es\/#website"},"primaryImageOfPage":{"@id":"https:\/\/www.batxilleratgranes.com\/es\/sortida-de-convivencia-a-open-camp\/#primaryimage"},"image":{"@id":"https:\/\/www.batxilleratgranes.com\/es\/sortida-de-convivencia-a-open-camp\/#primaryimage"},"thumbnailUrl":"https:\/\/www.batxilleratgranes.com\/wp-content\/uploads\/2016\/09\/IMG_4899-1-e1475240629143.jpg","datePublished":"2016-09-30T13:07:33+00:00","dateModified":"2016-09-30T13:08:14+00:00","breadcrumb":{"@id":"https:\/\/www.batxilleratgranes.com\/es\/sortida-de-convivencia-a-open-camp\/#breadcrumb"},"inLanguage":"es","potentialAction":[{"@type":"ReadAction","target":["https:\/\/www.batxilleratgranes.com\/es\/sortida-de-convivencia-a-open-camp\/"]}]},{"@type":"ImageObject","inLanguage":"es","@id":"https:\/\/www.batxilleratgranes.com\/es\/sortida-de-convivencia-a-open-camp\/#primaryimage","url":"https:\/\/www.batxilleratgranes.com\/wp-content\/uploads\/2016\/09\/IMG_4899-1-e1475240629143.jpg","contentUrl":"https:\/\/www.batxilleratgranes.com\/wp-content\/uploads\/2016\/09\/IMG_4899-1-e1475240629143.jpg","width":796,"height":302,"caption":"Sortida de conviv\u00e8ncia a Open Camp"},{"@type":"BreadcrumbList","@id":"https:\/\/www.batxilleratgranes.com\/es\/sortida-de-convivencia-a-open-camp\/#breadcrumb","itemListElement":[{"@type":"ListItem","position":1,"name":"Inici","item":"https:\/\/www.batxilleratgranes.com\/es\/"},{"@type":"ListItem","position":2,"name":"Sortida de conviv\u00e8ncia a Open Camp"}]},{"@type":"WebSite","@id":"https:\/\/www.batxilleratgranes.com\/es\/#website","url":"https:\/\/www.batxilleratgranes.com\/es\/","name":"Gran\u00e9s Batxillerat - Escuela especializada en Bachillerato en Barcelona","description":"Escola especialitzada en Batxillerat a Barcelona","publisher":{"@id":"https:\/\/www.batxilleratgranes.com\/es\/#organization"},"potentialAction":[{"@type":"SearchAction","target":{"@type":"EntryPoint","urlTemplate":"https:\/\/www.batxilleratgranes.com\/es\/?s={search_term_string}"},"query-input":{"@type":"PropertyValueSpecification","valueRequired":true,"valueName":"search_term_string"}}],"inLanguage":"es"},{"@type":"Organization","@id":"https:\/\/www.batxilleratgranes.com\/es\/#organization","name":"Gran\u00e9s Batxillerat - Escuela especializada en Bachillerato en Barcelona","url":"https:\/\/www.batxilleratgranes.com\/es\/","logo":{"@type":"ImageObject","inLanguage":"es","@id":"https:\/\/www.batxilleratgranes.com\/es\/#\/schema\/logo\/image\/","url":"https:\/\/www.batxilleratgranes.com\/wp-content\/uploads\/2013\/01\/granes1.png","contentUrl":"https:\/\/www.batxilleratgranes.com\/wp-content\/uploads\/2013\/01\/granes1.png","width":292,"height":85,"caption":"Gran\u00e9s Batxillerat - Escuela especializada en Bachillerato en Barcelona"},"image":{"@id":"https:\/\/www.batxilleratgranes.com\/es\/#\/schema\/logo\/image\/"}},{"@type":"Person","@id":"https:\/\/www.batxilleratgranes.com\/es\/#\/schema\/person\/4e10f231f79e8e2d24629e02b8283201","name":"mireia.martinez","image":{"@type":"ImageObject","inLanguage":"es","@id":"https:\/\/www.batxilleratgranes.com\/es\/#\/schema\/person\/image\/","url":"https:\/\/secure.gravatar.com\/avatar\/8c952e346979fb1eaf89bbc4dfda29f0?s=96&d=mm&r=g","contentUrl":"https:\/\/secure.gravatar.com\/avatar\/8c952e346979fb1eaf89bbc4dfda29f0?s=96&d=mm&r=g","caption":"mireia.martinez"},"url":"https:\/\/www.batxilleratgranes.com\/es\/author\/mireia-martinez\/"}]}},"_links":{"self":[{"href":"https:\/\/www.batxilleratgranes.com\/es\/wp-json\/wp\/v2\/posts\/6685"}],"collection":[{"href":"https:\/\/www.batxilleratgranes.com\/es\/wp-json\/wp\/v2\/posts"}],"about":[{"href":"https:\/\/www.batxilleratgranes.com\/es\/wp-json\/wp\/v2\/types\/post"}],"author":[{"embeddable":true,"href":"https:\/\/www.batxilleratgranes.com\/es\/wp-json\/wp\/v2\/users\/5"}],"replies":[{"embeddable":true,"href":"https:\/\/www.batxilleratgranes.com\/es\/wp-json\/wp\/v2\/comments?post=6685"}],"version-history":[{"count":6,"href":"https:\/\/www.batxilleratgranes.com\/es\/wp-json\/wp\/v2\/posts\/6685\/revisions"}],"predecessor-version":[{"id":6752,"href":"https:\/\/www.batxilleratgranes.com\/es\/wp-json\/wp\/v2\/posts\/6685\/revisions\/6752"}],"wp:featuredmedia":[{"embeddable":true,"href":"https:\/\/www.batxilleratgranes.com\/es\/wp-json\/wp\/v2\/media\/6750"}],"wp:attachment":[{"href":"https:\/\/www.batxilleratgranes.com\/es\/wp-json\/wp\/v2\/media?parent=6685"}],"wp:term":[{"taxonomy":"category","embeddable":true,"href":"https:\/\/www.batxilleratgranes.com\/es\/wp-json\/wp\/v2\/categories?post=6685"},{"taxonomy":"post_tag","embeddable":true,"href":"https:\/\/www.batxilleratgranes.com\/es\/wp-json\/wp\/v2\/tags?post=6685"}],"curies":[{"name":"wp","href":"https:\/\/api.w.org\/{rel}","templated":true}]}}