{"id":7307,"date":"2017-01-27T13:45:11","date_gmt":"2017-01-27T13:45:11","guid":{"rendered":"http:\/\/www.batxilleratgranes.com\/?p=7307"},"modified":"2017-02-09T11:17:04","modified_gmt":"2017-02-09T11:17:04","slug":"jornada-dorientacio-universitaria","status":"publish","type":"post","link":"https:\/\/www.batxilleratgranes.com\/es\/jornada-dorientacio-universitaria\/","title":{"rendered":"Jornada d&#8217;Orientaci\u00f3 Universit\u00e0ria 2017"},"content":{"rendered":"<p>El passat divendres a <a href=\"http:\/\/www.granes.org\">Gran\u00e9s Batxillerat<\/a> es va organitzar una <strong>Jornada d\u2019Orientaci\u00f3 Universit\u00e0ria<\/strong> amb l&#8217;objectiu d&#8217;ajudar els nostres alumnes a decidir el seu futur.<\/p>\n<p><a href=\"http:\/\/www.batxilleratgranes.com\/wp-content\/uploads\/2017\/01\/P1200213.jpg\"><img loading=\"lazy\" decoding=\"async\" width=\"1200\" height=\"675\" class=\"alignnone size-full wp-image-7308\" src=\"http:\/\/www.batxilleratgranes.com\/wp-content\/uploads\/2017\/01\/P1200213.jpg\" alt=\"Jornada d'Orientaci\u00f3 Universit\u00e0ria\" srcset=\"https:\/\/www.batxilleratgranes.com\/wp-content\/uploads\/2017\/01\/P1200213.jpg 1200w, https:\/\/www.batxilleratgranes.com\/wp-content\/uploads\/2017\/01\/P1200213-300x169.jpg 300w, https:\/\/www.batxilleratgranes.com\/wp-content\/uploads\/2017\/01\/P1200213-768x432.jpg 768w, https:\/\/www.batxilleratgranes.com\/wp-content\/uploads\/2017\/01\/P1200213-1024x576.jpg 1024w, https:\/\/www.batxilleratgranes.com\/wp-content\/uploads\/2017\/01\/P1200213-650x366.jpg 650w, https:\/\/www.batxilleratgranes.com\/wp-content\/uploads\/2017\/01\/P1200213-960x540.jpg 960w, https:\/\/www.batxilleratgranes.com\/wp-content\/uploads\/2017\/01\/P1200213-1000x563.jpg 1000w\" sizes=\"(max-width: 1200px) 100vw, 1200px\" \/><\/a><\/p>\n<p>Durant tot el mat\u00ed, els estudiants de <strong>Segon de Batxillerat<\/strong> van poder assistir a diverses pon\u00e8ncies sobre <strong>diferents graus o sortides professional<\/strong>s. En concret, es van programar unes <strong>32 xerrades<\/strong>\u00a0impartides per <strong>16 universitats<\/strong> o institucions diferents.<\/p>\n<p><a href=\"http:\/\/www.batxilleratgranes.com\/wp-content\/uploads\/2017\/01\/P1200221.jpg\"><img loading=\"lazy\" decoding=\"async\" width=\"1200\" height=\"675\" class=\"alignnone size-full wp-image-7309\" src=\"http:\/\/www.batxilleratgranes.com\/wp-content\/uploads\/2017\/01\/P1200221.jpg\" alt=\"Jornada d'Orientaci\u00f3 Universit\u00e0ria\" srcset=\"https:\/\/www.batxilleratgranes.com\/wp-content\/uploads\/2017\/01\/P1200221.jpg 1200w, https:\/\/www.batxilleratgranes.com\/wp-content\/uploads\/2017\/01\/P1200221-300x169.jpg 300w, https:\/\/www.batxilleratgranes.com\/wp-content\/uploads\/2017\/01\/P1200221-768x432.jpg 768w, https:\/\/www.batxilleratgranes.com\/wp-content\/uploads\/2017\/01\/P1200221-1024x576.jpg 1024w, https:\/\/www.batxilleratgranes.com\/wp-content\/uploads\/2017\/01\/P1200221-650x366.jpg 650w, https:\/\/www.batxilleratgranes.com\/wp-content\/uploads\/2017\/01\/P1200221-960x540.jpg 960w, https:\/\/www.batxilleratgranes.com\/wp-content\/uploads\/2017\/01\/P1200221-1000x563.jpg 1000w\" sizes=\"(max-width: 1200px) 100vw, 1200px\" \/><\/a><\/p>\n<p>Aix\u00ed, en aquesta jornada vam aconseguir <strong>apropar<\/strong> els nostres alumnes al <strong>m\u00f3n universitari<\/strong>, aprofundint en les sortides professionals de \u00a0l\u2019\u00c0rea de coneixement que han triat al Batxillerat. Una interessant jornada per reflexionar davant d\u2019aquesta important decisi\u00f3 que hauran de prendre en els pr\u00f2xims mesos.<\/p>\n<p><a href=\"http:\/\/www.batxilleratgranes.com\/wp-content\/uploads\/2017\/01\/P1200227.jpg\"><img loading=\"lazy\" decoding=\"async\" width=\"1200\" height=\"675\" class=\"alignnone size-full wp-image-7310\" src=\"http:\/\/www.batxilleratgranes.com\/wp-content\/uploads\/2017\/01\/P1200227.jpg\" alt=\"Jornada d'Orientaci\u00f3 Universit\u00e0ria\" srcset=\"https:\/\/www.batxilleratgranes.com\/wp-content\/uploads\/2017\/01\/P1200227.jpg 1200w, https:\/\/www.batxilleratgranes.com\/wp-content\/uploads\/2017\/01\/P1200227-300x169.jpg 300w, https:\/\/www.batxilleratgranes.com\/wp-content\/uploads\/2017\/01\/P1200227-768x432.jpg 768w, https:\/\/www.batxilleratgranes.com\/wp-content\/uploads\/2017\/01\/P1200227-1024x576.jpg 1024w, https:\/\/www.batxilleratgranes.com\/wp-content\/uploads\/2017\/01\/P1200227-650x366.jpg 650w, https:\/\/www.batxilleratgranes.com\/wp-content\/uploads\/2017\/01\/P1200227-960x540.jpg 960w, https:\/\/www.batxilleratgranes.com\/wp-content\/uploads\/2017\/01\/P1200227-1000x563.jpg 1000w\" sizes=\"(max-width: 1200px) 100vw, 1200px\" \/><\/a><\/p>\n<p>&nbsp;<\/p>\n<p>&nbsp;<\/p>\n<p>&nbsp;<\/p>\n","protected":false},"excerpt":{"rendered":"<p>El passat divendres a Gran\u00e9s Batxillerat es va organitzar una Jornada d\u2019Orientaci\u00f3 Universit\u00e0ria amb l&#8217;objectiu d&#8217;ajudar els nostres alumnes a decidir el seu futur. Durant tot el mat\u00ed, els estudiants de Segon de Batxillerat van poder assistir a diverses pon\u00e8ncies sobre diferents graus o sortides professionals. En concret, es van programar unes 32 xerrades\u00a0impartides per&hellip;&nbsp;<a href=\"https:\/\/www.batxilleratgranes.com\/es\/jornada-dorientacio-universitaria\/\" class=\"\" rel=\"bookmark\">Read More &raquo;<span class=\"screen-reader-text\">Jornada d&#8217;Orientaci\u00f3 Universit\u00e0ria 2017<\/span><\/a><\/p>\n","protected":false},"author":5,"featured_media":7311,"comment_status":"open","ping_status":"open","sticky":false,"template":"","format":"standard","meta":{"neve_meta_sidebar":"","neve_meta_container":"","neve_meta_enable_content_width":"","neve_meta_content_width":0,"neve_meta_title_alignment":"","neve_meta_author_avatar":"","neve_post_elements_order":"","neve_meta_disable_header":"","neve_meta_disable_footer":"","neve_meta_disable_title":"","footnotes":""},"categories":[7],"tags":[22,188,187,136,366,365,177,364],"class_list":["post-7307","post","type-post","status-publish","format-standard","has-post-thumbnail","hentry","category-centre-batxillerat-granes","tag-batxillerat","tag-futur-laboral","tag-graus-universitaris","tag-jornada-dorientacio-universitaria","tag-jou","tag-ponencies","tag-professions","tag-universitats"],"yoast_head":"<!-- This site is optimized with the Yoast SEO plugin v23.4 - https:\/\/yoast.com\/wordpress\/plugins\/seo\/ -->\n<title>Jornada d&#039;Orientaci\u00f3 Universit\u00e0ria 2017 - Gran\u00e9s Batxillerat - Escuela especializada en Bachillerato en Barcelona<\/title>\n<meta name=\"robots\" content=\"index, follow, max-snippet:-1, max-image-preview:large, max-video-preview:-1\" \/>\n<link rel=\"canonical\" href=\"https:\/\/www.batxilleratgranes.com\/es\/jornada-dorientacio-universitaria\/\" \/>\n<meta property=\"og:locale\" content=\"es_ES\" \/>\n<meta property=\"og:type\" content=\"article\" \/>\n<meta property=\"og:title\" content=\"Jornada d&#039;Orientaci\u00f3 Universit\u00e0ria 2017 - Gran\u00e9s Batxillerat - Escuela especializada en Bachillerato en Barcelona\" \/>\n<meta property=\"og:description\" content=\"El passat divendres a Gran\u00e9s Batxillerat es va organitzar una Jornada d\u2019Orientaci\u00f3 Universit\u00e0ria amb l&#8217;objectiu d&#8217;ajudar els nostres alumnes a decidir el seu futur. Durant tot el mat\u00ed, els estudiants de Segon de Batxillerat van poder assistir a diverses pon\u00e8ncies sobre diferents graus o sortides professionals. En concret, es van programar unes 32 xerrades\u00a0impartides per&hellip;&nbsp;Read More &raquo;Jornada d&#8217;Orientaci\u00f3 Universit\u00e0ria 2017\" \/>\n<meta property=\"og:url\" content=\"https:\/\/www.batxilleratgranes.com\/es\/jornada-dorientacio-universitaria\/\" \/>\n<meta property=\"og:site_name\" content=\"Gran\u00e9s Batxillerat - Escuela especializada en Bachillerato en Barcelona\" \/>\n<meta property=\"article:published_time\" content=\"2017-01-27T13:45:11+00:00\" \/>\n<meta property=\"article:modified_time\" content=\"2017-02-09T11:17:04+00:00\" \/>\n<meta property=\"og:image\" content=\"https:\/\/www.batxilleratgranes.com\/wp-content\/uploads\/2017\/01\/P1200218.jpg\" \/>\n\t<meta property=\"og:image:width\" content=\"1200\" \/>\n\t<meta property=\"og:image:height\" content=\"675\" \/>\n\t<meta property=\"og:image:type\" content=\"image\/jpeg\" \/>\n<meta name=\"author\" content=\"mireia.martinez\" \/>\n<meta name=\"twitter:card\" content=\"summary_large_image\" \/>\n<meta name=\"twitter:label1\" content=\"Written by\" \/>\n\t<meta name=\"twitter:data1\" content=\"mireia.martinez\" \/>\n\t<meta name=\"twitter:label2\" content=\"Est. reading time\" \/>\n\t<meta name=\"twitter:data2\" content=\"1 minute\" \/>\n<script type=\"application\/ld+json\" class=\"yoast-schema-graph\">{\"@context\":\"https:\/\/schema.org\",\"@graph\":[{\"@type\":\"Article\",\"@id\":\"https:\/\/www.batxilleratgranes.com\/es\/jornada-dorientacio-universitaria\/#article\",\"isPartOf\":{\"@id\":\"https:\/\/www.batxilleratgranes.com\/es\/jornada-dorientacio-universitaria\/\"},\"author\":{\"name\":\"mireia.martinez\",\"@id\":\"https:\/\/www.batxilleratgranes.com\/es\/#\/schema\/person\/4e10f231f79e8e2d24629e02b8283201\"},\"headline\":\"Jornada d&#8217;Orientaci\u00f3 Universit\u00e0ria 2017\",\"datePublished\":\"2017-01-27T13:45:11+00:00\",\"dateModified\":\"2017-02-09T11:17:04+00:00\",\"mainEntityOfPage\":{\"@id\":\"https:\/\/www.batxilleratgranes.com\/es\/jornada-dorientacio-universitaria\/\"},\"wordCount\":121,\"commentCount\":0,\"publisher\":{\"@id\":\"https:\/\/www.batxilleratgranes.com\/es\/#organization\"},\"image\":{\"@id\":\"https:\/\/www.batxilleratgranes.com\/es\/jornada-dorientacio-universitaria\/#primaryimage\"},\"thumbnailUrl\":\"https:\/\/www.batxilleratgranes.com\/wp-content\/uploads\/2017\/01\/P1200218.jpg\",\"keywords\":[\"Batxillerat\",\"futur laboral\",\"Graus universitaris\",\"Jornada d'Orientaci\u00f3 Universit\u00e0ria\",\"JOU\",\"pon\u00e8ncies\",\"professions\",\"universitats\"],\"articleSection\":[\"Activitats Gran\u00e9s\"],\"inLanguage\":\"es\",\"potentialAction\":[{\"@type\":\"CommentAction\",\"name\":\"Comment\",\"target\":[\"https:\/\/www.batxilleratgranes.com\/es\/jornada-dorientacio-universitaria\/#respond\"]}]},{\"@type\":\"WebPage\",\"@id\":\"https:\/\/www.batxilleratgranes.com\/es\/jornada-dorientacio-universitaria\/\",\"url\":\"https:\/\/www.batxilleratgranes.com\/es\/jornada-dorientacio-universitaria\/\",\"name\":\"Jornada d'Orientaci\u00f3 Universit\u00e0ria 2017 - Gran\u00e9s Batxillerat - Escuela especializada en Bachillerato en Barcelona\",\"isPartOf\":{\"@id\":\"https:\/\/www.batxilleratgranes.com\/es\/#website\"},\"primaryImageOfPage\":{\"@id\":\"https:\/\/www.batxilleratgranes.com\/es\/jornada-dorientacio-universitaria\/#primaryimage\"},\"image\":{\"@id\":\"https:\/\/www.batxilleratgranes.com\/es\/jornada-dorientacio-universitaria\/#primaryimage\"},\"thumbnailUrl\":\"https:\/\/www.batxilleratgranes.com\/wp-content\/uploads\/2017\/01\/P1200218.jpg\",\"datePublished\":\"2017-01-27T13:45:11+00:00\",\"dateModified\":\"2017-02-09T11:17:04+00:00\",\"breadcrumb\":{\"@id\":\"https:\/\/www.batxilleratgranes.com\/es\/jornada-dorientacio-universitaria\/#breadcrumb\"},\"inLanguage\":\"es\",\"potentialAction\":[{\"@type\":\"ReadAction\",\"target\":[\"https:\/\/www.batxilleratgranes.com\/es\/jornada-dorientacio-universitaria\/\"]}]},{\"@type\":\"ImageObject\",\"inLanguage\":\"es\",\"@id\":\"https:\/\/www.batxilleratgranes.com\/es\/jornada-dorientacio-universitaria\/#primaryimage\",\"url\":\"https:\/\/www.batxilleratgranes.com\/wp-content\/uploads\/2017\/01\/P1200218.jpg\",\"contentUrl\":\"https:\/\/www.batxilleratgranes.com\/wp-content\/uploads\/2017\/01\/P1200218.jpg\",\"width\":1200,\"height\":675},{\"@type\":\"BreadcrumbList\",\"@id\":\"https:\/\/www.batxilleratgranes.com\/es\/jornada-dorientacio-universitaria\/#breadcrumb\",\"itemListElement\":[{\"@type\":\"ListItem\",\"position\":1,\"name\":\"Inici\",\"item\":\"https:\/\/www.batxilleratgranes.com\/es\/\"},{\"@type\":\"ListItem\",\"position\":2,\"name\":\"Jornada d&#8217;Orientaci\u00f3 Universit\u00e0ria 2017\"}]},{\"@type\":\"WebSite\",\"@id\":\"https:\/\/www.batxilleratgranes.com\/es\/#website\",\"url\":\"https:\/\/www.batxilleratgranes.com\/es\/\",\"name\":\"Gran\u00e9s Batxillerat - Escuela especializada en Bachillerato en Barcelona\",\"description\":\"Escola especialitzada en Batxillerat a Barcelona\",\"publisher\":{\"@id\":\"https:\/\/www.batxilleratgranes.com\/es\/#organization\"},\"potentialAction\":[{\"@type\":\"SearchAction\",\"target\":{\"@type\":\"EntryPoint\",\"urlTemplate\":\"https:\/\/www.batxilleratgranes.com\/es\/?s={search_term_string}\"},\"query-input\":{\"@type\":\"PropertyValueSpecification\",\"valueRequired\":true,\"valueName\":\"search_term_string\"}}],\"inLanguage\":\"es\"},{\"@type\":\"Organization\",\"@id\":\"https:\/\/www.batxilleratgranes.com\/es\/#organization\",\"name\":\"Gran\u00e9s Batxillerat - Escuela especializada en Bachillerato en Barcelona\",\"url\":\"https:\/\/www.batxilleratgranes.com\/es\/\",\"logo\":{\"@type\":\"ImageObject\",\"inLanguage\":\"es\",\"@id\":\"https:\/\/www.batxilleratgranes.com\/es\/#\/schema\/logo\/image\/\",\"url\":\"https:\/\/www.batxilleratgranes.com\/wp-content\/uploads\/2013\/01\/granes1.png\",\"contentUrl\":\"https:\/\/www.batxilleratgranes.com\/wp-content\/uploads\/2013\/01\/granes1.png\",\"width\":292,\"height\":85,\"caption\":\"Gran\u00e9s Batxillerat - Escuela especializada en Bachillerato en Barcelona\"},\"image\":{\"@id\":\"https:\/\/www.batxilleratgranes.com\/es\/#\/schema\/logo\/image\/\"}},{\"@type\":\"Person\",\"@id\":\"https:\/\/www.batxilleratgranes.com\/es\/#\/schema\/person\/4e10f231f79e8e2d24629e02b8283201\",\"name\":\"mireia.martinez\",\"image\":{\"@type\":\"ImageObject\",\"inLanguage\":\"es\",\"@id\":\"https:\/\/www.batxilleratgranes.com\/es\/#\/schema\/person\/image\/\",\"url\":\"https:\/\/secure.gravatar.com\/avatar\/8c952e346979fb1eaf89bbc4dfda29f0?s=96&d=mm&r=g\",\"contentUrl\":\"https:\/\/secure.gravatar.com\/avatar\/8c952e346979fb1eaf89bbc4dfda29f0?s=96&d=mm&r=g\",\"caption\":\"mireia.martinez\"},\"url\":\"https:\/\/www.batxilleratgranes.com\/es\/author\/mireia-martinez\/\"}]}<\/script>\n<!-- \/ Yoast SEO plugin. -->","yoast_head_json":{"title":"Jornada d'Orientaci\u00f3 Universit\u00e0ria 2017 - Gran\u00e9s Batxillerat - Escuela especializada en Bachillerato en Barcelona","robots":{"index":"index","follow":"follow","max-snippet":"max-snippet:-1","max-image-preview":"max-image-preview:large","max-video-preview":"max-video-preview:-1"},"canonical":"https:\/\/www.batxilleratgranes.com\/es\/jornada-dorientacio-universitaria\/","og_locale":"es_ES","og_type":"article","og_title":"Jornada d'Orientaci\u00f3 Universit\u00e0ria 2017 - Gran\u00e9s Batxillerat - Escuela especializada en Bachillerato en Barcelona","og_description":"El passat divendres a Gran\u00e9s Batxillerat es va organitzar una Jornada d\u2019Orientaci\u00f3 Universit\u00e0ria amb l&#8217;objectiu d&#8217;ajudar els nostres alumnes a decidir el seu futur. Durant tot el mat\u00ed, els estudiants de Segon de Batxillerat van poder assistir a diverses pon\u00e8ncies sobre diferents graus o sortides professionals. En concret, es van programar unes 32 xerrades\u00a0impartides per&hellip;&nbsp;Read More &raquo;Jornada d&#8217;Orientaci\u00f3 Universit\u00e0ria 2017","og_url":"https:\/\/www.batxilleratgranes.com\/es\/jornada-dorientacio-universitaria\/","og_site_name":"Gran\u00e9s Batxillerat - Escuela especializada en Bachillerato en Barcelona","article_published_time":"2017-01-27T13:45:11+00:00","article_modified_time":"2017-02-09T11:17:04+00:00","og_image":[{"width":1200,"height":675,"url":"https:\/\/www.batxilleratgranes.com\/wp-content\/uploads\/2017\/01\/P1200218.jpg","type":"image\/jpeg"}],"author":"mireia.martinez","twitter_card":"summary_large_image","twitter_misc":{"Written by":"mireia.martinez","Est. reading time":"1 minute"},"schema":{"@context":"https:\/\/schema.org","@graph":[{"@type":"Article","@id":"https:\/\/www.batxilleratgranes.com\/es\/jornada-dorientacio-universitaria\/#article","isPartOf":{"@id":"https:\/\/www.batxilleratgranes.com\/es\/jornada-dorientacio-universitaria\/"},"author":{"name":"mireia.martinez","@id":"https:\/\/www.batxilleratgranes.com\/es\/#\/schema\/person\/4e10f231f79e8e2d24629e02b8283201"},"headline":"Jornada d&#8217;Orientaci\u00f3 Universit\u00e0ria 2017","datePublished":"2017-01-27T13:45:11+00:00","dateModified":"2017-02-09T11:17:04+00:00","mainEntityOfPage":{"@id":"https:\/\/www.batxilleratgranes.com\/es\/jornada-dorientacio-universitaria\/"},"wordCount":121,"commentCount":0,"publisher":{"@id":"https:\/\/www.batxilleratgranes.com\/es\/#organization"},"image":{"@id":"https:\/\/www.batxilleratgranes.com\/es\/jornada-dorientacio-universitaria\/#primaryimage"},"thumbnailUrl":"https:\/\/www.batxilleratgranes.com\/wp-content\/uploads\/2017\/01\/P1200218.jpg","keywords":["Batxillerat","futur laboral","Graus universitaris","Jornada d'Orientaci\u00f3 Universit\u00e0ria","JOU","pon\u00e8ncies","professions","universitats"],"articleSection":["Activitats Gran\u00e9s"],"inLanguage":"es","potentialAction":[{"@type":"CommentAction","name":"Comment","target":["https:\/\/www.batxilleratgranes.com\/es\/jornada-dorientacio-universitaria\/#respond"]}]},{"@type":"WebPage","@id":"https:\/\/www.batxilleratgranes.com\/es\/jornada-dorientacio-universitaria\/","url":"https:\/\/www.batxilleratgranes.com\/es\/jornada-dorientacio-universitaria\/","name":"Jornada d'Orientaci\u00f3 Universit\u00e0ria 2017 - Gran\u00e9s Batxillerat - Escuela especializada en Bachillerato en Barcelona","isPartOf":{"@id":"https:\/\/www.batxilleratgranes.com\/es\/#website"},"primaryImageOfPage":{"@id":"https:\/\/www.batxilleratgranes.com\/es\/jornada-dorientacio-universitaria\/#primaryimage"},"image":{"@id":"https:\/\/www.batxilleratgranes.com\/es\/jornada-dorientacio-universitaria\/#primaryimage"},"thumbnailUrl":"https:\/\/www.batxilleratgranes.com\/wp-content\/uploads\/2017\/01\/P1200218.jpg","datePublished":"2017-01-27T13:45:11+00:00","dateModified":"2017-02-09T11:17:04+00:00","breadcrumb":{"@id":"https:\/\/www.batxilleratgranes.com\/es\/jornada-dorientacio-universitaria\/#breadcrumb"},"inLanguage":"es","potentialAction":[{"@type":"ReadAction","target":["https:\/\/www.batxilleratgranes.com\/es\/jornada-dorientacio-universitaria\/"]}]},{"@type":"ImageObject","inLanguage":"es","@id":"https:\/\/www.batxilleratgranes.com\/es\/jornada-dorientacio-universitaria\/#primaryimage","url":"https:\/\/www.batxilleratgranes.com\/wp-content\/uploads\/2017\/01\/P1200218.jpg","contentUrl":"https:\/\/www.batxilleratgranes.com\/wp-content\/uploads\/2017\/01\/P1200218.jpg","width":1200,"height":675},{"@type":"BreadcrumbList","@id":"https:\/\/www.batxilleratgranes.com\/es\/jornada-dorientacio-universitaria\/#breadcrumb","itemListElement":[{"@type":"ListItem","position":1,"name":"Inici","item":"https:\/\/www.batxilleratgranes.com\/es\/"},{"@type":"ListItem","position":2,"name":"Jornada d&#8217;Orientaci\u00f3 Universit\u00e0ria 2017"}]},{"@type":"WebSite","@id":"https:\/\/www.batxilleratgranes.com\/es\/#website","url":"https:\/\/www.batxilleratgranes.com\/es\/","name":"Gran\u00e9s Batxillerat - Escuela especializada en Bachillerato en Barcelona","description":"Escola especialitzada en Batxillerat a Barcelona","publisher":{"@id":"https:\/\/www.batxilleratgranes.com\/es\/#organization"},"potentialAction":[{"@type":"SearchAction","target":{"@type":"EntryPoint","urlTemplate":"https:\/\/www.batxilleratgranes.com\/es\/?s={search_term_string}"},"query-input":{"@type":"PropertyValueSpecification","valueRequired":true,"valueName":"search_term_string"}}],"inLanguage":"es"},{"@type":"Organization","@id":"https:\/\/www.batxilleratgranes.com\/es\/#organization","name":"Gran\u00e9s Batxillerat - Escuela especializada en Bachillerato en Barcelona","url":"https:\/\/www.batxilleratgranes.com\/es\/","logo":{"@type":"ImageObject","inLanguage":"es","@id":"https:\/\/www.batxilleratgranes.com\/es\/#\/schema\/logo\/image\/","url":"https:\/\/www.batxilleratgranes.com\/wp-content\/uploads\/2013\/01\/granes1.png","contentUrl":"https:\/\/www.batxilleratgranes.com\/wp-content\/uploads\/2013\/01\/granes1.png","width":292,"height":85,"caption":"Gran\u00e9s Batxillerat - Escuela especializada en Bachillerato en Barcelona"},"image":{"@id":"https:\/\/www.batxilleratgranes.com\/es\/#\/schema\/logo\/image\/"}},{"@type":"Person","@id":"https:\/\/www.batxilleratgranes.com\/es\/#\/schema\/person\/4e10f231f79e8e2d24629e02b8283201","name":"mireia.martinez","image":{"@type":"ImageObject","inLanguage":"es","@id":"https:\/\/www.batxilleratgranes.com\/es\/#\/schema\/person\/image\/","url":"https:\/\/secure.gravatar.com\/avatar\/8c952e346979fb1eaf89bbc4dfda29f0?s=96&d=mm&r=g","contentUrl":"https:\/\/secure.gravatar.com\/avatar\/8c952e346979fb1eaf89bbc4dfda29f0?s=96&d=mm&r=g","caption":"mireia.martinez"},"url":"https:\/\/www.batxilleratgranes.com\/es\/author\/mireia-martinez\/"}]}},"_links":{"self":[{"href":"https:\/\/www.batxilleratgranes.com\/es\/wp-json\/wp\/v2\/posts\/7307"}],"collection":[{"href":"https:\/\/www.batxilleratgranes.com\/es\/wp-json\/wp\/v2\/posts"}],"about":[{"href":"https:\/\/www.batxilleratgranes.com\/es\/wp-json\/wp\/v2\/types\/post"}],"author":[{"embeddable":true,"href":"https:\/\/www.batxilleratgranes.com\/es\/wp-json\/wp\/v2\/users\/5"}],"replies":[{"embeddable":true,"href":"https:\/\/www.batxilleratgranes.com\/es\/wp-json\/wp\/v2\/comments?post=7307"}],"version-history":[{"count":10,"href":"https:\/\/www.batxilleratgranes.com\/es\/wp-json\/wp\/v2\/posts\/7307\/revisions"}],"predecessor-version":[{"id":7342,"href":"https:\/\/www.batxilleratgranes.com\/es\/wp-json\/wp\/v2\/posts\/7307\/revisions\/7342"}],"wp:featuredmedia":[{"embeddable":true,"href":"https:\/\/www.batxilleratgranes.com\/es\/wp-json\/wp\/v2\/media\/7311"}],"wp:attachment":[{"href":"https:\/\/www.batxilleratgranes.com\/es\/wp-json\/wp\/v2\/media?parent=7307"}],"wp:term":[{"taxonomy":"category","embeddable":true,"href":"https:\/\/www.batxilleratgranes.com\/es\/wp-json\/wp\/v2\/categories?post=7307"},{"taxonomy":"post_tag","embeddable":true,"href":"https:\/\/www.batxilleratgranes.com\/es\/wp-json\/wp\/v2\/tags?post=7307"}],"curies":[{"name":"wp","href":"https:\/\/api.w.org\/{rel}","templated":true}]}}